{"id":14999,"date":"2022-04-21T11:03:38","date_gmt":"2022-04-21T11:03:38","guid":{"rendered":"https:\/\/cvinoticias.com\/v3\/?p=14999"},"modified":"2022-04-21T11:03:38","modified_gmt":"2022-04-21T11:03:38","slug":"brasil-el-76-de-los-habitantes-debieron-cambiar-sus-habitos-debido-a-la-inflacion","status":"publish","type":"post","link":"https:\/\/cvinoticias.com\/v3\/brasil-el-76-de-los-habitantes-debieron-cambiar-sus-habitos-debido-a-la-inflacion\/","title":{"rendered":"Brasil: el 76% de los habitantes debieron cambiar sus h\u00e1bitos debido a la inflaci\u00f3n"},"content":{"rendered":"\n<p><strong><em>El principal consumo que se vio afectado es el combustible, lo que devino en el aumento progresivo de los precios.<\/em><\/strong><\/p>\n\n\n\n<p>El impacto de la inflaci\u00f3n, sobre todo en los precios de los alimentos y en las tarifas de energ\u00eda y combustibles, fue sentido por el 95% de los brasile\u00f1os, mientras que el 76% tuvo sus finanzas hogare\u00f1as afectada por la disparada de los valores de sus gastos cotidianos, revel\u00f3 una encuesta del Instituto FSB divulgada hoy por la Confederaci\u00f3n Nacional de la Industria (CNI).<\/p>\n\n\n\n<p>El impacto de la inflaci\u00f3n en el principal socio comercial de la Argentina y mayor econom\u00eda de Am\u00e9rica Latina es sentido por el 95% de la poblaci\u00f3n en abril, 22 puntos m\u00e1s que en noviembre, cuando el 73% dijo haber notado aumento de precios.<\/p>\n\n\n\n<p>La encuesta revela que el 76% de los brasile\u00f1os dijo que su situaci\u00f3n financiera se vio afectada por la inflaci\u00f3n y los m\u00e1s afectados son las personas sin escolaridad, con ingresos de hasta un salario m\u00ednimo (230 d\u00f3lares) y residentes en el Nordeste, la regi\u00f3n m\u00e1s pobre del pa\u00eds.<\/p>\n\n\n\n<p>Uno de los productos que m\u00e1s afect\u00f3 a la inflaci\u00f3n en Brasil es el combustible, a ra\u00edz de que el presidente Jair Bolsonaro defiende la no intervenci\u00f3n en el mercado de naftas y gasoil, en el marco de su pol\u00edtica de seguir los precios internacionales mediante la gesti\u00f3n de la petrolera estatal Petrobras.<\/p>\n\n\n\n<p>Seg\u00fan la encuesta, el 64% de la poblaci\u00f3n afirma haber reducido el gasto en los \u00faltimos seis meses.<\/p>\n\n\n\n<p>En noviembre, el 74% ya hab\u00eda reducido sus gastos.<\/p>\n\n\n\n<p>El sondeo indica que el 31 % redujo el consumo de carnes rojas, el 27 % de ropa y zapatos, el 25 % de comidas fuera del hogar y el 19 % el uso del tel\u00e9fono celular.<\/p>\n\n\n\n<p>Para usar m\u00e1s presupuesto familiar en pagar alimentos y tarifas de energ\u00eda como el gas de garrafa y remedios, el 34% dijo que suspendi\u00f3 la compra de material de construcci\u00f3n, el 29% dej\u00f3 de pagar la TV por cable o satelital y el 15% dej\u00f3 de cargar combustible en sus veh\u00edculos.<\/p>\n\n\n\n<p>En el segmento m\u00e1s pobre, el 15% dej\u00f3 hasta de usar transporte p\u00fablico para no gastar en el pasaje.<\/p>\n\n\n\n<p>\u201cLa guerra en Ucrania ha tra\u00eddo m\u00e1s incertidumbre a la econom\u00eda global, lo que impulsa la inflaci\u00f3n y aumenta los temores de una recesi\u00f3n econ\u00f3mica en todo el mundo. Frente a esta dif\u00edcil e indeseada situaci\u00f3n, Brasil necesita adoptar las medidas adecuadas para incentivar el crecimiento econ\u00f3mico, la creaci\u00f3n de empleo y el aumento de los ingresos de la poblaci\u00f3n\u00bb. afirm\u00f3 el presidente de CNI, Robson de Andrade.<\/p>\n\n\n\n<p>La encuesta arroj\u00f3 que el 66% de los encuestados cree que la inflaci\u00f3n aumentar\u00e1 en los pr\u00f3ximos seis meses, un dato clave sobre la percepci\u00f3n social de cara a las elecciones generales del 2 de octubre, en las cuales el presidente Jair Bolsonaro se juega la reelecci\u00f3n.<\/p>\n\n\n\n<p>Para siete de cada 10 brasile\u00f1os que ganan hasta 500 d\u00f3lares mensuales, la inflaci\u00f3n seguir\u00e1 subiendo en los pr\u00f3ximos seis meses.<\/p>\n\n\n\n<p>La encuesta muestra que el 59% de los encuestados aument\u00f3 sus gastos con facturas de luz, 56% con gas para cocinar, 52% con arroz y frijoles (comida m\u00e1s popular del pa\u00eds en el d\u00eda a d\u00eda), 51% con agua y luz y 50% con combustible, 49% con frutas y verduras y 48% de carne vacuna.<\/p>\n\n\n\n<p>En marzo la inflaci\u00f3n brasile\u00f1a fue del 1,62%, la mayor tasa para el mes desde 1994.<\/p>\n\n\n\n<p>Brasil tuvo un inflaci\u00f3n del 10,06% en 2021, m\u00e1s del doble que la meta fijada por el Banco Central y la tasa m\u00e1s alta desde 2015.<\/p>\n\n\n\n<p>En el acumulado de 12 meses, Brasil se encuentra con un avance de la inflaci\u00f3n del 11,3%.<\/p>\n","protected":false},"excerpt":{"rendered":"<p>El principal consumo que se vio afectado es el combustible, lo que devino en el aumento progresivo de los precios. El impacto de la inflaci\u00f3n, sobre todo en los precios de los alimentos y en las tarifas de energ\u00eda y combustibles, fue sentido por el 95% de los brasile\u00f1os, mientras que el 76% tuvo sus [&hellip;]<\/p>\n","protected":false},"author":2,"featured_media":15000,"comment_status":"open","ping_status":"open","sticky":false,"template":"","format":"standard","meta":{"footnotes":""},"categories":[36],"tags":[],"class_list":["post-14999","post","type-post","status-publish","format-standard","has-post-thumbnail","hentry","category-internacionales"],"yoast_head":"<!-- This site is optimized with the Yoast SEO plugin v27.5 - https:\/\/yoast.com\/product\/yoast-seo-wordpress\/ -->\n<title>Brasil: el 76% de los habitantes debieron cambiar sus h\u00e1bitos debido a la inflaci\u00f3n | CVI NOTICIAS<\/title>\n<meta name=\"robots\" content=\"index, follow, max-snippet:-1, max-image-preview:large, max-video-preview:-1\" \/>\n<link rel=\"canonical\" href=\"https:\/\/cvinoticias.com\/v3\/brasil-el-76-de-los-habitantes-debieron-cambiar-sus-habitos-debido-a-la-inflacion\/\" \/>\n<meta property=\"og:locale\" content=\"es_ES\" \/>\n<meta property=\"og:type\" content=\"article\" \/>\n<meta property=\"og:title\" content=\"Brasil: el 76% de los habitantes debieron cambiar sus h\u00e1bitos debido a la inflaci\u00f3n | CVI NOTICIAS\" \/>\n<meta property=\"og:description\" content=\"El principal consumo que se vio afectado es el combustible, lo que devino en el aumento progresivo de los precios. El impacto de la inflaci\u00f3n, sobre todo en los precios de los alimentos y en las tarifas de energ\u00eda y combustibles, fue sentido por el 95% de los brasile\u00f1os, mientras que el 76% tuvo sus [&hellip;]\" \/>\n<meta property=\"og:url\" content=\"https:\/\/cvinoticias.com\/v3\/brasil-el-76-de-los-habitantes-debieron-cambiar-sus-habitos-debido-a-la-inflacion\/\" \/>\n<meta property=\"og:site_name\" content=\"CVI NOTICIAS\" \/>\n<meta property=\"article:publisher\" content=\"https:\/\/www.facebook.com\/cvinoticias\" \/>\n<meta property=\"article:published_time\" content=\"2022-04-21T11:03:38+00:00\" \/>\n<meta property=\"og:image\" content=\"https:\/\/cvinoticias.com\/wp-content\/uploads\/2022\/04\/0000084820.jpg\" \/>\n\t<meta property=\"og:image:width\" content=\"1500\" \/>\n\t<meta property=\"og:image:height\" content=\"870\" \/>\n\t<meta property=\"og:image:type\" content=\"image\/jpeg\" \/>\n<meta name=\"author\" content=\"f1000024\" \/>\n<meta name=\"twitter:card\" content=\"summary_large_image\" \/>\n<meta name=\"twitter:label1\" content=\"Escrito por\" \/>\n\t<meta name=\"twitter:data1\" content=\"f1000024\" \/>\n\t<meta name=\"twitter:label2\" content=\"Tiempo de lectura\" \/>\n\t<meta name=\"twitter:data2\" content=\"3 minutos\" \/>\n<script type=\"application\/ld+json\" class=\"yoast-schema-graph\">{\"@context\":\"https:\\\/\\\/schema.org\",\"@graph\":[{\"@type\":\"Article\",\"@id\":\"https:\\\/\\\/cvinoticias.com\\\/v3\\\/brasil-el-76-de-los-habitantes-debieron-cambiar-sus-habitos-debido-a-la-inflacion\\\/#article\",\"isPartOf\":{\"@id\":\"https:\\\/\\\/cvinoticias.com\\\/v3\\\/brasil-el-76-de-los-habitantes-debieron-cambiar-sus-habitos-debido-a-la-inflacion\\\/\"},\"author\":{\"name\":\"f1000024\",\"@id\":\"https:\\\/\\\/cvinoticias.com\\\/v3\\\/#\\\/schema\\\/person\\\/2db77e3c6bc03c538495d7b2b8be9b66\"},\"headline\":\"Brasil: el 76% de los habitantes debieron cambiar sus h\u00e1bitos debido a la inflaci\u00f3n\",\"datePublished\":\"2022-04-21T11:03:38+00:00\",\"mainEntityOfPage\":{\"@id\":\"https:\\\/\\\/cvinoticias.com\\\/v3\\\/brasil-el-76-de-los-habitantes-debieron-cambiar-sus-habitos-debido-a-la-inflacion\\\/\"},\"wordCount\":654,\"commentCount\":0,\"publisher\":{\"@id\":\"https:\\\/\\\/cvinoticias.com\\\/v3\\\/#organization\"},\"image\":{\"@id\":\"https:\\\/\\\/cvinoticias.com\\\/v3\\\/brasil-el-76-de-los-habitantes-debieron-cambiar-sus-habitos-debido-a-la-inflacion\\\/#primaryimage\"},\"thumbnailUrl\":\"https:\\\/\\\/cvinoticias.com\\\/wp-content\\\/uploads\\\/2022\\\/04\\\/0000084820.jpg\",\"articleSection\":[\"Internacionales\"],\"inLanguage\":\"es\",\"potentialAction\":[{\"@type\":\"CommentAction\",\"name\":\"Comment\",\"target\":[\"https:\\\/\\\/cvinoticias.com\\\/v3\\\/brasil-el-76-de-los-habitantes-debieron-cambiar-sus-habitos-debido-a-la-inflacion\\\/#respond\"]}]},{\"@type\":\"WebPage\",\"@id\":\"https:\\\/\\\/cvinoticias.com\\\/v3\\\/brasil-el-76-de-los-habitantes-debieron-cambiar-sus-habitos-debido-a-la-inflacion\\\/\",\"url\":\"https:\\\/\\\/cvinoticias.com\\\/v3\\\/brasil-el-76-de-los-habitantes-debieron-cambiar-sus-habitos-debido-a-la-inflacion\\\/\",\"name\":\"Brasil: el 76% de los habitantes debieron cambiar sus h\u00e1bitos debido a la inflaci\u00f3n | CVI NOTICIAS\",\"isPartOf\":{\"@id\":\"https:\\\/\\\/cvinoticias.com\\\/v3\\\/#website\"},\"primaryImageOfPage\":{\"@id\":\"https:\\\/\\\/cvinoticias.com\\\/v3\\\/brasil-el-76-de-los-habitantes-debieron-cambiar-sus-habitos-debido-a-la-inflacion\\\/#primaryimage\"},\"image\":{\"@id\":\"https:\\\/\\\/cvinoticias.com\\\/v3\\\/brasil-el-76-de-los-habitantes-debieron-cambiar-sus-habitos-debido-a-la-inflacion\\\/#primaryimage\"},\"thumbnailUrl\":\"https:\\\/\\\/cvinoticias.com\\\/wp-content\\\/uploads\\\/2022\\\/04\\\/0000084820.jpg\",\"datePublished\":\"2022-04-21T11:03:38+00:00\",\"breadcrumb\":{\"@id\":\"https:\\\/\\\/cvinoticias.com\\\/v3\\\/brasil-el-76-de-los-habitantes-debieron-cambiar-sus-habitos-debido-a-la-inflacion\\\/#breadcrumb\"},\"inLanguage\":\"es\",\"potentialAction\":[{\"@type\":\"ReadAction\",\"target\":[\"https:\\\/\\\/cvinoticias.com\\\/v3\\\/brasil-el-76-de-los-habitantes-debieron-cambiar-sus-habitos-debido-a-la-inflacion\\\/\"]}]},{\"@type\":\"ImageObject\",\"inLanguage\":\"es\",\"@id\":\"https:\\\/\\\/cvinoticias.com\\\/v3\\\/brasil-el-76-de-los-habitantes-debieron-cambiar-sus-habitos-debido-a-la-inflacion\\\/#primaryimage\",\"url\":\"https:\\\/\\\/cvinoticias.com\\\/wp-content\\\/uploads\\\/2022\\\/04\\\/0000084820.jpg\",\"contentUrl\":\"https:\\\/\\\/cvinoticias.com\\\/wp-content\\\/uploads\\\/2022\\\/04\\\/0000084820.jpg\",\"width\":1500,\"height\":870},{\"@type\":\"BreadcrumbList\",\"@id\":\"https:\\\/\\\/cvinoticias.com\\\/v3\\\/brasil-el-76-de-los-habitantes-debieron-cambiar-sus-habitos-debido-a-la-inflacion\\\/#breadcrumb\",\"itemListElement\":[{\"@type\":\"ListItem\",\"position\":1,\"name\":\"Portada\",\"item\":\"https:\\\/\\\/cvinoticias.com\\\/v3\\\/\"},{\"@type\":\"ListItem\",\"position\":2,\"name\":\"Brasil: el 76% de los habitantes debieron cambiar sus h\u00e1bitos debido a la inflaci\u00f3n\"}]},{\"@type\":\"WebSite\",\"@id\":\"https:\\\/\\\/cvinoticias.com\\\/v3\\\/#website\",\"url\":\"https:\\\/\\\/cvinoticias.com\\\/v3\\\/\",\"name\":\"CVI NOTICIAS\",\"description\":\"\",\"publisher\":{\"@id\":\"https:\\\/\\\/cvinoticias.com\\\/v3\\\/#organization\"},\"alternateName\":\"CVI\",\"potentialAction\":[{\"@type\":\"SearchAction\",\"target\":{\"@type\":\"EntryPoint\",\"urlTemplate\":\"https:\\\/\\\/cvinoticias.com\\\/v3\\\/?s={search_term_string}\"},\"query-input\":{\"@type\":\"PropertyValueSpecification\",\"valueRequired\":true,\"valueName\":\"search_term_string\"}}],\"inLanguage\":\"es\"},{\"@type\":\"Organization\",\"@id\":\"https:\\\/\\\/cvinoticias.com\\\/v3\\\/#organization\",\"name\":\"CVI NOTICIAS\",\"url\":\"https:\\\/\\\/cvinoticias.com\\\/v3\\\/\",\"logo\":{\"@type\":\"ImageObject\",\"inLanguage\":\"es\",\"@id\":\"https:\\\/\\\/cvinoticias.com\\\/v3\\\/#\\\/schema\\\/logo\\\/image\\\/\",\"url\":\"https:\\\/\\\/cvinoticias.com\\\/wp-content\\\/uploads\\\/2023\\\/04\\\/cropped-cropped-cropped-cropped-cropped-3-1.png\",\"contentUrl\":\"https:\\\/\\\/cvinoticias.com\\\/wp-content\\\/uploads\\\/2023\\\/04\\\/cropped-cropped-cropped-cropped-cropped-3-1.png\",\"width\":95,\"height\":122,\"caption\":\"CVI NOTICIAS\"},\"image\":{\"@id\":\"https:\\\/\\\/cvinoticias.com\\\/v3\\\/#\\\/schema\\\/logo\\\/image\\\/\"},\"sameAs\":[\"https:\\\/\\\/www.facebook.com\\\/cvinoticias\",\"https:\\\/\\\/www.instagram.com\\\/cvinoticias\\\/\",\"https:\\\/\\\/www.youtube.com\\\/@CVINOTICIAS\"]},{\"@type\":\"Person\",\"@id\":\"https:\\\/\\\/cvinoticias.com\\\/v3\\\/#\\\/schema\\\/person\\\/2db77e3c6bc03c538495d7b2b8be9b66\",\"name\":\"f1000024\",\"image\":{\"@type\":\"ImageObject\",\"inLanguage\":\"es\",\"@id\":\"https:\\\/\\\/secure.gravatar.com\\\/avatar\\\/d4fe7459cfc51ff5129ce1a732bbef5928568b8092d412ef95611616376bbeed?s=96&d=mm&r=g\",\"url\":\"https:\\\/\\\/secure.gravatar.com\\\/avatar\\\/d4fe7459cfc51ff5129ce1a732bbef5928568b8092d412ef95611616376bbeed?s=96&d=mm&r=g\",\"contentUrl\":\"https:\\\/\\\/secure.gravatar.com\\\/avatar\\\/d4fe7459cfc51ff5129ce1a732bbef5928568b8092d412ef95611616376bbeed?s=96&d=mm&r=g\",\"caption\":\"f1000024\"},\"url\":\"https:\\\/\\\/cvinoticias.com\\\/v3\\\/author\\\/f1000024\\\/\"}]}<\/script>\n<!-- \/ Yoast SEO plugin. -->","yoast_head_json":{"title":"Brasil: el 76% de los habitantes debieron cambiar sus h\u00e1bitos debido a la inflaci\u00f3n | CVI NOTICIAS","robots":{"index":"index","follow":"follow","max-snippet":"max-snippet:-1","max-image-preview":"max-image-preview:large","max-video-preview":"max-video-preview:-1"},"canonical":"https:\/\/cvinoticias.com\/v3\/brasil-el-76-de-los-habitantes-debieron-cambiar-sus-habitos-debido-a-la-inflacion\/","og_locale":"es_ES","og_type":"article","og_title":"Brasil: el 76% de los habitantes debieron cambiar sus h\u00e1bitos debido a la inflaci\u00f3n | CVI NOTICIAS","og_description":"El principal consumo que se vio afectado es el combustible, lo que devino en el aumento progresivo de los precios. El impacto de la inflaci\u00f3n, sobre todo en los precios de los alimentos y en las tarifas de energ\u00eda y combustibles, fue sentido por el 95% de los brasile\u00f1os, mientras que el 76% tuvo sus [&hellip;]","og_url":"https:\/\/cvinoticias.com\/v3\/brasil-el-76-de-los-habitantes-debieron-cambiar-sus-habitos-debido-a-la-inflacion\/","og_site_name":"CVI NOTICIAS","article_publisher":"https:\/\/www.facebook.com\/cvinoticias","article_published_time":"2022-04-21T11:03:38+00:00","og_image":[{"width":1500,"height":870,"url":"https:\/\/cvinoticias.com\/wp-content\/uploads\/2022\/04\/0000084820.jpg","type":"image\/jpeg"}],"author":"f1000024","twitter_card":"summary_large_image","twitter_misc":{"Escrito por":"f1000024","Tiempo de lectura":"3 minutos"},"schema":{"@context":"https:\/\/schema.org","@graph":[{"@type":"Article","@id":"https:\/\/cvinoticias.com\/v3\/brasil-el-76-de-los-habitantes-debieron-cambiar-sus-habitos-debido-a-la-inflacion\/#article","isPartOf":{"@id":"https:\/\/cvinoticias.com\/v3\/brasil-el-76-de-los-habitantes-debieron-cambiar-sus-habitos-debido-a-la-inflacion\/"},"author":{"name":"f1000024","@id":"https:\/\/cvinoticias.com\/v3\/#\/schema\/person\/2db77e3c6bc03c538495d7b2b8be9b66"},"headline":"Brasil: el 76% de los habitantes debieron cambiar sus h\u00e1bitos debido a la inflaci\u00f3n","datePublished":"2022-04-21T11:03:38+00:00","mainEntityOfPage":{"@id":"https:\/\/cvinoticias.com\/v3\/brasil-el-76-de-los-habitantes-debieron-cambiar-sus-habitos-debido-a-la-inflacion\/"},"wordCount":654,"commentCount":0,"publisher":{"@id":"https:\/\/cvinoticias.com\/v3\/#organization"},"image":{"@id":"https:\/\/cvinoticias.com\/v3\/brasil-el-76-de-los-habitantes-debieron-cambiar-sus-habitos-debido-a-la-inflacion\/#primaryimage"},"thumbnailUrl":"https:\/\/cvinoticias.com\/wp-content\/uploads\/2022\/04\/0000084820.jpg","articleSection":["Internacionales"],"inLanguage":"es","potentialAction":[{"@type":"CommentAction","name":"Comment","target":["https:\/\/cvinoticias.com\/v3\/brasil-el-76-de-los-habitantes-debieron-cambiar-sus-habitos-debido-a-la-inflacion\/#respond"]}]},{"@type":"WebPage","@id":"https:\/\/cvinoticias.com\/v3\/brasil-el-76-de-los-habitantes-debieron-cambiar-sus-habitos-debido-a-la-inflacion\/","url":"https:\/\/cvinoticias.com\/v3\/brasil-el-76-de-los-habitantes-debieron-cambiar-sus-habitos-debido-a-la-inflacion\/","name":"Brasil: el 76% de los habitantes debieron cambiar sus h\u00e1bitos debido a la inflaci\u00f3n | CVI NOTICIAS","isPartOf":{"@id":"https:\/\/cvinoticias.com\/v3\/#website"},"primaryImageOfPage":{"@id":"https:\/\/cvinoticias.com\/v3\/brasil-el-76-de-los-habitantes-debieron-cambiar-sus-habitos-debido-a-la-inflacion\/#primaryimage"},"image":{"@id":"https:\/\/cvinoticias.com\/v3\/brasil-el-76-de-los-habitantes-debieron-cambiar-sus-habitos-debido-a-la-inflacion\/#primaryimage"},"thumbnailUrl":"https:\/\/cvinoticias.com\/wp-content\/uploads\/2022\/04\/0000084820.jpg","datePublished":"2022-04-21T11:03:38+00:00","breadcrumb":{"@id":"https:\/\/cvinoticias.com\/v3\/brasil-el-76-de-los-habitantes-debieron-cambiar-sus-habitos-debido-a-la-inflacion\/#breadcrumb"},"inLanguage":"es","potentialAction":[{"@type":"ReadAction","target":["https:\/\/cvinoticias.com\/v3\/brasil-el-76-de-los-habitantes-debieron-cambiar-sus-habitos-debido-a-la-inflacion\/"]}]},{"@type":"ImageObject","inLanguage":"es","@id":"https:\/\/cvinoticias.com\/v3\/brasil-el-76-de-los-habitantes-debieron-cambiar-sus-habitos-debido-a-la-inflacion\/#primaryimage","url":"https:\/\/cvinoticias.com\/wp-content\/uploads\/2022\/04\/0000084820.jpg","contentUrl":"https:\/\/cvinoticias.com\/wp-content\/uploads\/2022\/04\/0000084820.jpg","width":1500,"height":870},{"@type":"BreadcrumbList","@id":"https:\/\/cvinoticias.com\/v3\/brasil-el-76-de-los-habitantes-debieron-cambiar-sus-habitos-debido-a-la-inflacion\/#breadcrumb","itemListElement":[{"@type":"ListItem","position":1,"name":"Portada","item":"https:\/\/cvinoticias.com\/v3\/"},{"@type":"ListItem","position":2,"name":"Brasil: el 76% de los habitantes debieron cambiar sus h\u00e1bitos debido a la inflaci\u00f3n"}]},{"@type":"WebSite","@id":"https:\/\/cvinoticias.com\/v3\/#website","url":"https:\/\/cvinoticias.com\/v3\/","name":"CVI NOTICIAS","description":"","publisher":{"@id":"https:\/\/cvinoticias.com\/v3\/#organization"},"alternateName":"CVI","potentialAction":[{"@type":"SearchAction","target":{"@type":"EntryPoint","urlTemplate":"https:\/\/cvinoticias.com\/v3\/?s={search_term_string}"},"query-input":{"@type":"PropertyValueSpecification","valueRequired":true,"valueName":"search_term_string"}}],"inLanguage":"es"},{"@type":"Organization","@id":"https:\/\/cvinoticias.com\/v3\/#organization","name":"CVI NOTICIAS","url":"https:\/\/cvinoticias.com\/v3\/","logo":{"@type":"ImageObject","inLanguage":"es","@id":"https:\/\/cvinoticias.com\/v3\/#\/schema\/logo\/image\/","url":"https:\/\/cvinoticias.com\/wp-content\/uploads\/2023\/04\/cropped-cropped-cropped-cropped-cropped-3-1.png","contentUrl":"https:\/\/cvinoticias.com\/wp-content\/uploads\/2023\/04\/cropped-cropped-cropped-cropped-cropped-3-1.png","width":95,"height":122,"caption":"CVI NOTICIAS"},"image":{"@id":"https:\/\/cvinoticias.com\/v3\/#\/schema\/logo\/image\/"},"sameAs":["https:\/\/www.facebook.com\/cvinoticias","https:\/\/www.instagram.com\/cvinoticias\/","https:\/\/www.youtube.com\/@CVINOTICIAS"]},{"@type":"Person","@id":"https:\/\/cvinoticias.com\/v3\/#\/schema\/person\/2db77e3c6bc03c538495d7b2b8be9b66","name":"f1000024","image":{"@type":"ImageObject","inLanguage":"es","@id":"https:\/\/secure.gravatar.com\/avatar\/d4fe7459cfc51ff5129ce1a732bbef5928568b8092d412ef95611616376bbeed?s=96&d=mm&r=g","url":"https:\/\/secure.gravatar.com\/avatar\/d4fe7459cfc51ff5129ce1a732bbef5928568b8092d412ef95611616376bbeed?s=96&d=mm&r=g","contentUrl":"https:\/\/secure.gravatar.com\/avatar\/d4fe7459cfc51ff5129ce1a732bbef5928568b8092d412ef95611616376bbeed?s=96&d=mm&r=g","caption":"f1000024"},"url":"https:\/\/cvinoticias.com\/v3\/author\/f1000024\/"}]}},"_links":{"self":[{"href":"https:\/\/cvinoticias.com\/v3\/wp-json\/wp\/v2\/posts\/14999","targetHints":{"allow":["GET"]}}],"collection":[{"href":"https:\/\/cvinoticias.com\/v3\/wp-json\/wp\/v2\/posts"}],"about":[{"href":"https:\/\/cvinoticias.com\/v3\/wp-json\/wp\/v2\/types\/post"}],"author":[{"embeddable":true,"href":"https:\/\/cvinoticias.com\/v3\/wp-json\/wp\/v2\/users\/2"}],"replies":[{"embeddable":true,"href":"https:\/\/cvinoticias.com\/v3\/wp-json\/wp\/v2\/comments?post=14999"}],"version-history":[{"count":1,"href":"https:\/\/cvinoticias.com\/v3\/wp-json\/wp\/v2\/posts\/14999\/revisions"}],"predecessor-version":[{"id":15001,"href":"https:\/\/cvinoticias.com\/v3\/wp-json\/wp\/v2\/posts\/14999\/revisions\/15001"}],"wp:featuredmedia":[{"embeddable":true,"href":"https:\/\/cvinoticias.com\/v3\/wp-json\/wp\/v2\/media\/15000"}],"wp:attachment":[{"href":"https:\/\/cvinoticias.com\/v3\/wp-json\/wp\/v2\/media?parent=14999"}],"wp:term":[{"taxonomy":"category","embeddable":true,"href":"https:\/\/cvinoticias.com\/v3\/wp-json\/wp\/v2\/categories?post=14999"},{"taxonomy":"post_tag","embeddable":true,"href":"https:\/\/cvinoticias.com\/v3\/wp-json\/wp\/v2\/tags?post=14999"}],"curies":[{"name":"wp","href":"https:\/\/api.w.org\/{rel}","templated":true}]}}