{"id":14947,"date":"2022-04-20T11:31:16","date_gmt":"2022-04-20T11:31:16","guid":{"rendered":"https:\/\/cvinoticias.com\/v3\/?p=14947"},"modified":"2022-04-20T11:31:16","modified_gmt":"2022-04-20T11:31:16","slug":"lanzaran-la-tercera-edicion-de-previaje-a-mitad-de-ano","status":"publish","type":"post","link":"https:\/\/cvinoticias.com\/v3\/lanzaran-la-tercera-edicion-de-previaje-a-mitad-de-ano\/","title":{"rendered":"Lanzar\u00e1n la tercera edici\u00f3n de Previaje a mitad de a\u00f1o"},"content":{"rendered":"\n<p><strong><em>La fecha de habilitaci\u00f3n no est\u00e1 decidida, pero se podr\u00e1 usar en las temporadas media y baja, hasta diciembre. Se mantendr\u00e1n las mismas condiciones.<\/em><\/strong><\/p>\n\n\n\n<p>Despu\u00e9s del r\u00e9cord de turismo en la temporada de verano y en Semana Santa,\u00a0el Gobierno se prepara para lanzar la tercera edici\u00f3n del programa Previaje.\u00a0La fecha no est\u00e1 estipulada, pero s\u00ed est\u00e1 definido que se aplique despu\u00e9s de las vacaciones de invierno, para prolongar el per\u00edodo de incentivo para los prestadores en temporada media y baja, antes de fin de a\u00f1o.<\/p>\n\n\n\n<p>El mecanismo, que devuelve el 50% de lo gastado en turismo en cr\u00e9dito (y el 70% en caso de ser jubilados de PAMI), ser\u00e1 exactamente igual que hasta ahora, confirmaron fuentes oficiales a\u00a0<em>Infobae.<\/em>\u00a0Se utilizar\u00e1 una tarjeta precargada, y la devoluci\u00f3n ser\u00e1 la misma, en todos los destinos del pa\u00eds, con un tope de retorno de 100.000 pesos, para volver a usar en servicios del sector (alojamiento, transporte -a\u00e9reo, terrestre y mar\u00edtimo\/fluvial-, servicios de agencias de viajes, alquiler de veh\u00edculos, museos, balnearios, espect\u00e1culos art\u00edsticos y\/o cinematogr\u00e1ficos, restaurantes, entre otros).<\/p>\n\n\n\n<p>\u201cLa idea es que la gente viaje en una \u00e9poca del a\u00f1o que no es tan habitual y extender el tiempo de laburo en los destinos\u201d, dijeron en la cartera de Turismo que comanda Mat\u00edas Lammens, quien lanzar\u00e1 oficialmente la nueva edici\u00f3n en las pr\u00f3ximas semanas, probablemente junto al presidente Alberto Fern\u00e1ndez y el jefe de Gabinete, Juan Manzur. La primera se hab\u00eda anunciado en Iguaz\u00fa, pero esta vez buscar\u00e1n un destino ic\u00f3nico, que represente un hito entre las cifras de los \u00faltimos meses.<\/p>\n\n\n\n<h3 class=\"wp-block-heading\">En la segunda edici\u00f3n, 4,5 millones usaron el programa, con comprobantes de compra y reserva por 99.000 millones de pesos. Es decir, 10 veces m\u00e1s que el total facturado en la primera edici\u00f3n del 2020.<\/h3>\n\n\n\n<p>Para las vacaciones de invierno est\u00e1 previsto que unas 300 mil personas se trasladen y consuman con Previaje 2, y se\u00f1alaron que en Semana Santa un alto porcentaje del turismo interno funcion\u00f3 con la \u00faltima tanda del programa, que cerr\u00f3 al final de 2021. De hecho, aseguraron que fue un feriado de \u201cr\u00e9cord absoluto\u201d, que super\u00f3 en un 30% las cifras de 2018. Se hab\u00eda estimado un movimiento de 2,5 millones de personas, pero tras el relevamiento con las provincias, hoy la Naci\u00f3n calcula que se alcanzaron los 3 millones.<\/p>\n\n\n\n<p>Seg\u00fan datos de la C\u00e1mara Argentina de Medianas Empresas (CAME) se movilizaron 45 mil millones de pesos entre turistas y excursionistas. La regi\u00f3n con mejores n\u00fameros fue el norte con cifras de ocupaci\u00f3n por encima del 95% en sus principales destinos, como la Ciudad de Salta, Cafayate (Salta), la Quebrada de Humahuaca (Jujuy), Taf\u00ed del Valle (Tucum\u00e1n) o las Termas de R\u00edo Hondo (Santiago del Estero).<\/p>\n\n\n\n<p>Los destinos m\u00e1s importantes del pa\u00eds, como Mar del Plata, Partido de la Costa, Iguaz\u00fa, Carlos Paz, Merlo, Mendoza, Salta, CABA, Bariloche y El Calafate, estuvieron entre el 80% y el 100%. Y los destinos emergentes, como San Antonio de Areco (Bs As), Potrero de los Funes (San Luis), Iber\u00e1 (Corrientes), Saltos de Mocon\u00e1 (Misiones), Cachi (Salta), Tafi Viejo (Tucum\u00e1n), Villa Uni\u00f3n (La Rioja), Calingasta (San Juan), Cacheuta (Mendoza), Antofagasta de la Sierra (Catamarca) y Tolhuin (Tierra del Fuego) tuvieron cerca del 100% de ocupaci\u00f3n.<\/p>\n\n\n\n<p>En total, alrededor de 300 mil personas viajaron el fin de semana con Previaje. En paralelo, el Gobierno busca seguir promoviendo el sector para lograr el movimiento interno, mientras organiza planes para el desarrollo de los destinos que tienen prestaciones de bajo nivel, especialmente en las provincias el Norte.<\/p>\n\n\n\n<p>Seg\u00fan se inform\u00f3, aument\u00f3 significativamente el ingreso de turistas brasile\u00f1os y uruguayos, sobre todo en el norte, en la Ciudad de Bs As y en las provincias del Litoral. El Gobierno busca incentivar el ingreso de turistas extranjeros, con el objetivo central de obtener un mayor flujo en el caudal de divisas que entran al pa\u00eds. En la Casa Rosada est\u00e1n \u00e1vidos por contribuir al fortalecimiento de las magras reservas en el contexto de crisis -\u201dLos d\u00f3lares van directo al Banco Central\u201d, dijeron en la cartera de Lammens- que se complica por la disparada inflacionaria a medida que se profundizan las dificultades en el cambiante panorama internacional por la guerra en Ucrania.<\/p>\n\n\n\n<p><\/p>\n","protected":false},"excerpt":{"rendered":"<p>La fecha de habilitaci\u00f3n no est\u00e1 decidida, pero se podr\u00e1 usar en las temporadas media y baja, hasta diciembre. Se mantendr\u00e1n las mismas condiciones. Despu\u00e9s del r\u00e9cord de turismo en la temporada de verano y en Semana Santa,\u00a0el Gobierno se prepara para lanzar la tercera edici\u00f3n del programa Previaje.\u00a0La fecha no est\u00e1 estipulada, pero s\u00ed [&hellip;]<\/p>\n","protected":false},"author":2,"featured_media":14948,"comment_status":"open","ping_status":"open","sticky":false,"template":"","format":"standard","meta":{"footnotes":""},"categories":[50],"tags":[],"class_list":["post-14947","post","type-post","status-publish","format-standard","has-post-thumbnail","hentry","category-turismo"],"yoast_head":"<!-- This site is optimized with the Yoast SEO plugin v27.5 - https:\/\/yoast.com\/product\/yoast-seo-wordpress\/ -->\n<title>Lanzar\u00e1n la tercera edici\u00f3n de Previaje a mitad de a\u00f1o | CVI NOTICIAS<\/title>\n<meta name=\"robots\" content=\"index, follow, max-snippet:-1, max-image-preview:large, max-video-preview:-1\" \/>\n<link rel=\"canonical\" href=\"https:\/\/cvinoticias.com\/v3\/lanzaran-la-tercera-edicion-de-previaje-a-mitad-de-ano\/\" \/>\n<meta property=\"og:locale\" content=\"es_ES\" \/>\n<meta property=\"og:type\" content=\"article\" \/>\n<meta property=\"og:title\" content=\"Lanzar\u00e1n la tercera edici\u00f3n de Previaje a mitad de a\u00f1o | CVI NOTICIAS\" \/>\n<meta property=\"og:description\" content=\"La fecha de habilitaci\u00f3n no est\u00e1 decidida, pero se podr\u00e1 usar en las temporadas media y baja, hasta diciembre. Se mantendr\u00e1n las mismas condiciones. Despu\u00e9s del r\u00e9cord de turismo en la temporada de verano y en Semana Santa,\u00a0el Gobierno se prepara para lanzar la tercera edici\u00f3n del programa Previaje.\u00a0La fecha no est\u00e1 estipulada, pero s\u00ed [&hellip;]\" \/>\n<meta property=\"og:url\" content=\"https:\/\/cvinoticias.com\/v3\/lanzaran-la-tercera-edicion-de-previaje-a-mitad-de-ano\/\" \/>\n<meta property=\"og:site_name\" content=\"CVI NOTICIAS\" \/>\n<meta property=\"article:publisher\" content=\"https:\/\/www.facebook.com\/cvinoticias\" \/>\n<meta property=\"article:published_time\" content=\"2022-04-20T11:31:16+00:00\" \/>\n<meta property=\"og:image\" content=\"https:\/\/cvinoticias.com\/wp-content\/uploads\/2022\/04\/614e01d13f9db.jpg\" \/>\n\t<meta property=\"og:image:width\" content=\"680\" \/>\n\t<meta property=\"og:image:height\" content=\"452\" \/>\n\t<meta property=\"og:image:type\" content=\"image\/jpeg\" \/>\n<meta name=\"author\" content=\"f1000024\" \/>\n<meta name=\"twitter:card\" content=\"summary_large_image\" \/>\n<meta name=\"twitter:label1\" content=\"Escrito por\" \/>\n\t<meta name=\"twitter:data1\" content=\"f1000024\" \/>\n\t<meta name=\"twitter:label2\" content=\"Tiempo de lectura\" \/>\n\t<meta name=\"twitter:data2\" content=\"4 minutos\" \/>\n<script type=\"application\/ld+json\" class=\"yoast-schema-graph\">{\"@context\":\"https:\\\/\\\/schema.org\",\"@graph\":[{\"@type\":\"Article\",\"@id\":\"https:\\\/\\\/cvinoticias.com\\\/v3\\\/lanzaran-la-tercera-edicion-de-previaje-a-mitad-de-ano\\\/#article\",\"isPartOf\":{\"@id\":\"https:\\\/\\\/cvinoticias.com\\\/v3\\\/lanzaran-la-tercera-edicion-de-previaje-a-mitad-de-ano\\\/\"},\"author\":{\"name\":\"f1000024\",\"@id\":\"https:\\\/\\\/cvinoticias.com\\\/v3\\\/#\\\/schema\\\/person\\\/2db77e3c6bc03c538495d7b2b8be9b66\"},\"headline\":\"Lanzar\u00e1n la tercera edici\u00f3n de Previaje a mitad de a\u00f1o\",\"datePublished\":\"2022-04-20T11:31:16+00:00\",\"mainEntityOfPage\":{\"@id\":\"https:\\\/\\\/cvinoticias.com\\\/v3\\\/lanzaran-la-tercera-edicion-de-previaje-a-mitad-de-ano\\\/\"},\"wordCount\":743,\"commentCount\":0,\"publisher\":{\"@id\":\"https:\\\/\\\/cvinoticias.com\\\/v3\\\/#organization\"},\"image\":{\"@id\":\"https:\\\/\\\/cvinoticias.com\\\/v3\\\/lanzaran-la-tercera-edicion-de-previaje-a-mitad-de-ano\\\/#primaryimage\"},\"thumbnailUrl\":\"https:\\\/\\\/cvinoticias.com\\\/wp-content\\\/uploads\\\/2022\\\/04\\\/614e01d13f9db.jpg\",\"articleSection\":[\"Turismo\"],\"inLanguage\":\"es\",\"potentialAction\":[{\"@type\":\"CommentAction\",\"name\":\"Comment\",\"target\":[\"https:\\\/\\\/cvinoticias.com\\\/v3\\\/lanzaran-la-tercera-edicion-de-previaje-a-mitad-de-ano\\\/#respond\"]}]},{\"@type\":\"WebPage\",\"@id\":\"https:\\\/\\\/cvinoticias.com\\\/v3\\\/lanzaran-la-tercera-edicion-de-previaje-a-mitad-de-ano\\\/\",\"url\":\"https:\\\/\\\/cvinoticias.com\\\/v3\\\/lanzaran-la-tercera-edicion-de-previaje-a-mitad-de-ano\\\/\",\"name\":\"Lanzar\u00e1n la tercera edici\u00f3n de Previaje a mitad de a\u00f1o | CVI NOTICIAS\",\"isPartOf\":{\"@id\":\"https:\\\/\\\/cvinoticias.com\\\/v3\\\/#website\"},\"primaryImageOfPage\":{\"@id\":\"https:\\\/\\\/cvinoticias.com\\\/v3\\\/lanzaran-la-tercera-edicion-de-previaje-a-mitad-de-ano\\\/#primaryimage\"},\"image\":{\"@id\":\"https:\\\/\\\/cvinoticias.com\\\/v3\\\/lanzaran-la-tercera-edicion-de-previaje-a-mitad-de-ano\\\/#primaryimage\"},\"thumbnailUrl\":\"https:\\\/\\\/cvinoticias.com\\\/wp-content\\\/uploads\\\/2022\\\/04\\\/614e01d13f9db.jpg\",\"datePublished\":\"2022-04-20T11:31:16+00:00\",\"breadcrumb\":{\"@id\":\"https:\\\/\\\/cvinoticias.com\\\/v3\\\/lanzaran-la-tercera-edicion-de-previaje-a-mitad-de-ano\\\/#breadcrumb\"},\"inLanguage\":\"es\",\"potentialAction\":[{\"@type\":\"ReadAction\",\"target\":[\"https:\\\/\\\/cvinoticias.com\\\/v3\\\/lanzaran-la-tercera-edicion-de-previaje-a-mitad-de-ano\\\/\"]}]},{\"@type\":\"ImageObject\",\"inLanguage\":\"es\",\"@id\":\"https:\\\/\\\/cvinoticias.com\\\/v3\\\/lanzaran-la-tercera-edicion-de-previaje-a-mitad-de-ano\\\/#primaryimage\",\"url\":\"https:\\\/\\\/cvinoticias.com\\\/wp-content\\\/uploads\\\/2022\\\/04\\\/614e01d13f9db.jpg\",\"contentUrl\":\"https:\\\/\\\/cvinoticias.com\\\/wp-content\\\/uploads\\\/2022\\\/04\\\/614e01d13f9db.jpg\",\"width\":680,\"height\":452},{\"@type\":\"BreadcrumbList\",\"@id\":\"https:\\\/\\\/cvinoticias.com\\\/v3\\\/lanzaran-la-tercera-edicion-de-previaje-a-mitad-de-ano\\\/#breadcrumb\",\"itemListElement\":[{\"@type\":\"ListItem\",\"position\":1,\"name\":\"Portada\",\"item\":\"https:\\\/\\\/cvinoticias.com\\\/v3\\\/\"},{\"@type\":\"ListItem\",\"position\":2,\"name\":\"Lanzar\u00e1n la tercera edici\u00f3n de Previaje a mitad de a\u00f1o\"}]},{\"@type\":\"WebSite\",\"@id\":\"https:\\\/\\\/cvinoticias.com\\\/v3\\\/#website\",\"url\":\"https:\\\/\\\/cvinoticias.com\\\/v3\\\/\",\"name\":\"CVI NOTICIAS\",\"description\":\"\",\"publisher\":{\"@id\":\"https:\\\/\\\/cvinoticias.com\\\/v3\\\/#organization\"},\"alternateName\":\"CVI\",\"potentialAction\":[{\"@type\":\"SearchAction\",\"target\":{\"@type\":\"EntryPoint\",\"urlTemplate\":\"https:\\\/\\\/cvinoticias.com\\\/v3\\\/?s={search_term_string}\"},\"query-input\":{\"@type\":\"PropertyValueSpecification\",\"valueRequired\":true,\"valueName\":\"search_term_string\"}}],\"inLanguage\":\"es\"},{\"@type\":\"Organization\",\"@id\":\"https:\\\/\\\/cvinoticias.com\\\/v3\\\/#organization\",\"name\":\"CVI NOTICIAS\",\"url\":\"https:\\\/\\\/cvinoticias.com\\\/v3\\\/\",\"logo\":{\"@type\":\"ImageObject\",\"inLanguage\":\"es\",\"@id\":\"https:\\\/\\\/cvinoticias.com\\\/v3\\\/#\\\/schema\\\/logo\\\/image\\\/\",\"url\":\"https:\\\/\\\/cvinoticias.com\\\/wp-content\\\/uploads\\\/2023\\\/04\\\/cropped-cropped-cropped-cropped-cropped-3-1.png\",\"contentUrl\":\"https:\\\/\\\/cvinoticias.com\\\/wp-content\\\/uploads\\\/2023\\\/04\\\/cropped-cropped-cropped-cropped-cropped-3-1.png\",\"width\":95,\"height\":122,\"caption\":\"CVI NOTICIAS\"},\"image\":{\"@id\":\"https:\\\/\\\/cvinoticias.com\\\/v3\\\/#\\\/schema\\\/logo\\\/image\\\/\"},\"sameAs\":[\"https:\\\/\\\/www.facebook.com\\\/cvinoticias\",\"https:\\\/\\\/www.instagram.com\\\/cvinoticias\\\/\",\"https:\\\/\\\/www.youtube.com\\\/@CVINOTICIAS\"]},{\"@type\":\"Person\",\"@id\":\"https:\\\/\\\/cvinoticias.com\\\/v3\\\/#\\\/schema\\\/person\\\/2db77e3c6bc03c538495d7b2b8be9b66\",\"name\":\"f1000024\",\"image\":{\"@type\":\"ImageObject\",\"inLanguage\":\"es\",\"@id\":\"https:\\\/\\\/secure.gravatar.com\\\/avatar\\\/d4fe7459cfc51ff5129ce1a732bbef5928568b8092d412ef95611616376bbeed?s=96&d=mm&r=g\",\"url\":\"https:\\\/\\\/secure.gravatar.com\\\/avatar\\\/d4fe7459cfc51ff5129ce1a732bbef5928568b8092d412ef95611616376bbeed?s=96&d=mm&r=g\",\"contentUrl\":\"https:\\\/\\\/secure.gravatar.com\\\/avatar\\\/d4fe7459cfc51ff5129ce1a732bbef5928568b8092d412ef95611616376bbeed?s=96&d=mm&r=g\",\"caption\":\"f1000024\"},\"url\":\"https:\\\/\\\/cvinoticias.com\\\/v3\\\/author\\\/f1000024\\\/\"}]}<\/script>\n<!-- \/ Yoast SEO plugin. -->","yoast_head_json":{"title":"Lanzar\u00e1n la tercera edici\u00f3n de Previaje a mitad de a\u00f1o | CVI NOTICIAS","robots":{"index":"index","follow":"follow","max-snippet":"max-snippet:-1","max-image-preview":"max-image-preview:large","max-video-preview":"max-video-preview:-1"},"canonical":"https:\/\/cvinoticias.com\/v3\/lanzaran-la-tercera-edicion-de-previaje-a-mitad-de-ano\/","og_locale":"es_ES","og_type":"article","og_title":"Lanzar\u00e1n la tercera edici\u00f3n de Previaje a mitad de a\u00f1o | CVI NOTICIAS","og_description":"La fecha de habilitaci\u00f3n no est\u00e1 decidida, pero se podr\u00e1 usar en las temporadas media y baja, hasta diciembre. Se mantendr\u00e1n las mismas condiciones. Despu\u00e9s del r\u00e9cord de turismo en la temporada de verano y en Semana Santa,\u00a0el Gobierno se prepara para lanzar la tercera edici\u00f3n del programa Previaje.\u00a0La fecha no est\u00e1 estipulada, pero s\u00ed [&hellip;]","og_url":"https:\/\/cvinoticias.com\/v3\/lanzaran-la-tercera-edicion-de-previaje-a-mitad-de-ano\/","og_site_name":"CVI NOTICIAS","article_publisher":"https:\/\/www.facebook.com\/cvinoticias","article_published_time":"2022-04-20T11:31:16+00:00","og_image":[{"width":680,"height":452,"url":"https:\/\/cvinoticias.com\/wp-content\/uploads\/2022\/04\/614e01d13f9db.jpg","type":"image\/jpeg"}],"author":"f1000024","twitter_card":"summary_large_image","twitter_misc":{"Escrito por":"f1000024","Tiempo de lectura":"4 minutos"},"schema":{"@context":"https:\/\/schema.org","@graph":[{"@type":"Article","@id":"https:\/\/cvinoticias.com\/v3\/lanzaran-la-tercera-edicion-de-previaje-a-mitad-de-ano\/#article","isPartOf":{"@id":"https:\/\/cvinoticias.com\/v3\/lanzaran-la-tercera-edicion-de-previaje-a-mitad-de-ano\/"},"author":{"name":"f1000024","@id":"https:\/\/cvinoticias.com\/v3\/#\/schema\/person\/2db77e3c6bc03c538495d7b2b8be9b66"},"headline":"Lanzar\u00e1n la tercera edici\u00f3n de Previaje a mitad de a\u00f1o","datePublished":"2022-04-20T11:31:16+00:00","mainEntityOfPage":{"@id":"https:\/\/cvinoticias.com\/v3\/lanzaran-la-tercera-edicion-de-previaje-a-mitad-de-ano\/"},"wordCount":743,"commentCount":0,"publisher":{"@id":"https:\/\/cvinoticias.com\/v3\/#organization"},"image":{"@id":"https:\/\/cvinoticias.com\/v3\/lanzaran-la-tercera-edicion-de-previaje-a-mitad-de-ano\/#primaryimage"},"thumbnailUrl":"https:\/\/cvinoticias.com\/wp-content\/uploads\/2022\/04\/614e01d13f9db.jpg","articleSection":["Turismo"],"inLanguage":"es","potentialAction":[{"@type":"CommentAction","name":"Comment","target":["https:\/\/cvinoticias.com\/v3\/lanzaran-la-tercera-edicion-de-previaje-a-mitad-de-ano\/#respond"]}]},{"@type":"WebPage","@id":"https:\/\/cvinoticias.com\/v3\/lanzaran-la-tercera-edicion-de-previaje-a-mitad-de-ano\/","url":"https:\/\/cvinoticias.com\/v3\/lanzaran-la-tercera-edicion-de-previaje-a-mitad-de-ano\/","name":"Lanzar\u00e1n la tercera edici\u00f3n de Previaje a mitad de a\u00f1o | CVI NOTICIAS","isPartOf":{"@id":"https:\/\/cvinoticias.com\/v3\/#website"},"primaryImageOfPage":{"@id":"https:\/\/cvinoticias.com\/v3\/lanzaran-la-tercera-edicion-de-previaje-a-mitad-de-ano\/#primaryimage"},"image":{"@id":"https:\/\/cvinoticias.com\/v3\/lanzaran-la-tercera-edicion-de-previaje-a-mitad-de-ano\/#primaryimage"},"thumbnailUrl":"https:\/\/cvinoticias.com\/wp-content\/uploads\/2022\/04\/614e01d13f9db.jpg","datePublished":"2022-04-20T11:31:16+00:00","breadcrumb":{"@id":"https:\/\/cvinoticias.com\/v3\/lanzaran-la-tercera-edicion-de-previaje-a-mitad-de-ano\/#breadcrumb"},"inLanguage":"es","potentialAction":[{"@type":"ReadAction","target":["https:\/\/cvinoticias.com\/v3\/lanzaran-la-tercera-edicion-de-previaje-a-mitad-de-ano\/"]}]},{"@type":"ImageObject","inLanguage":"es","@id":"https:\/\/cvinoticias.com\/v3\/lanzaran-la-tercera-edicion-de-previaje-a-mitad-de-ano\/#primaryimage","url":"https:\/\/cvinoticias.com\/wp-content\/uploads\/2022\/04\/614e01d13f9db.jpg","contentUrl":"https:\/\/cvinoticias.com\/wp-content\/uploads\/2022\/04\/614e01d13f9db.jpg","width":680,"height":452},{"@type":"BreadcrumbList","@id":"https:\/\/cvinoticias.com\/v3\/lanzaran-la-tercera-edicion-de-previaje-a-mitad-de-ano\/#breadcrumb","itemListElement":[{"@type":"ListItem","position":1,"name":"Portada","item":"https:\/\/cvinoticias.com\/v3\/"},{"@type":"ListItem","position":2,"name":"Lanzar\u00e1n la tercera edici\u00f3n de Previaje a mitad de a\u00f1o"}]},{"@type":"WebSite","@id":"https:\/\/cvinoticias.com\/v3\/#website","url":"https:\/\/cvinoticias.com\/v3\/","name":"CVI NOTICIAS","description":"","publisher":{"@id":"https:\/\/cvinoticias.com\/v3\/#organization"},"alternateName":"CVI","potentialAction":[{"@type":"SearchAction","target":{"@type":"EntryPoint","urlTemplate":"https:\/\/cvinoticias.com\/v3\/?s={search_term_string}"},"query-input":{"@type":"PropertyValueSpecification","valueRequired":true,"valueName":"search_term_string"}}],"inLanguage":"es"},{"@type":"Organization","@id":"https:\/\/cvinoticias.com\/v3\/#organization","name":"CVI NOTICIAS","url":"https:\/\/cvinoticias.com\/v3\/","logo":{"@type":"ImageObject","inLanguage":"es","@id":"https:\/\/cvinoticias.com\/v3\/#\/schema\/logo\/image\/","url":"https:\/\/cvinoticias.com\/wp-content\/uploads\/2023\/04\/cropped-cropped-cropped-cropped-cropped-3-1.png","contentUrl":"https:\/\/cvinoticias.com\/wp-content\/uploads\/2023\/04\/cropped-cropped-cropped-cropped-cropped-3-1.png","width":95,"height":122,"caption":"CVI NOTICIAS"},"image":{"@id":"https:\/\/cvinoticias.com\/v3\/#\/schema\/logo\/image\/"},"sameAs":["https:\/\/www.facebook.com\/cvinoticias","https:\/\/www.instagram.com\/cvinoticias\/","https:\/\/www.youtube.com\/@CVINOTICIAS"]},{"@type":"Person","@id":"https:\/\/cvinoticias.com\/v3\/#\/schema\/person\/2db77e3c6bc03c538495d7b2b8be9b66","name":"f1000024","image":{"@type":"ImageObject","inLanguage":"es","@id":"https:\/\/secure.gravatar.com\/avatar\/d4fe7459cfc51ff5129ce1a732bbef5928568b8092d412ef95611616376bbeed?s=96&d=mm&r=g","url":"https:\/\/secure.gravatar.com\/avatar\/d4fe7459cfc51ff5129ce1a732bbef5928568b8092d412ef95611616376bbeed?s=96&d=mm&r=g","contentUrl":"https:\/\/secure.gravatar.com\/avatar\/d4fe7459cfc51ff5129ce1a732bbef5928568b8092d412ef95611616376bbeed?s=96&d=mm&r=g","caption":"f1000024"},"url":"https:\/\/cvinoticias.com\/v3\/author\/f1000024\/"}]}},"_links":{"self":[{"href":"https:\/\/cvinoticias.com\/v3\/wp-json\/wp\/v2\/posts\/14947","targetHints":{"allow":["GET"]}}],"collection":[{"href":"https:\/\/cvinoticias.com\/v3\/wp-json\/wp\/v2\/posts"}],"about":[{"href":"https:\/\/cvinoticias.com\/v3\/wp-json\/wp\/v2\/types\/post"}],"author":[{"embeddable":true,"href":"https:\/\/cvinoticias.com\/v3\/wp-json\/wp\/v2\/users\/2"}],"replies":[{"embeddable":true,"href":"https:\/\/cvinoticias.com\/v3\/wp-json\/wp\/v2\/comments?post=14947"}],"version-history":[{"count":2,"href":"https:\/\/cvinoticias.com\/v3\/wp-json\/wp\/v2\/posts\/14947\/revisions"}],"predecessor-version":[{"id":14950,"href":"https:\/\/cvinoticias.com\/v3\/wp-json\/wp\/v2\/posts\/14947\/revisions\/14950"}],"wp:featuredmedia":[{"embeddable":true,"href":"https:\/\/cvinoticias.com\/v3\/wp-json\/wp\/v2\/media\/14948"}],"wp:attachment":[{"href":"https:\/\/cvinoticias.com\/v3\/wp-json\/wp\/v2\/media?parent=14947"}],"wp:term":[{"taxonomy":"category","embeddable":true,"href":"https:\/\/cvinoticias.com\/v3\/wp-json\/wp\/v2\/categories?post=14947"},{"taxonomy":"post_tag","embeddable":true,"href":"https:\/\/cvinoticias.com\/v3\/wp-json\/wp\/v2\/tags?post=14947"}],"curies":[{"name":"wp","href":"https:\/\/api.w.org\/{rel}","templated":true}]}}