{"id":14895,"date":"2022-04-18T14:50:03","date_gmt":"2022-04-18T14:50:03","guid":{"rendered":"https:\/\/cvinoticias.com\/v3\/?p=14895"},"modified":"2022-04-18T14:50:03","modified_gmt":"2022-04-18T14:50:03","slug":"semana-santa-record-en-misiones-la-ocupacion-hotelera-alcanzo-el-100","status":"publish","type":"post","link":"https:\/\/cvinoticias.com\/v3\/semana-santa-record-en-misiones-la-ocupacion-hotelera-alcanzo-el-100\/","title":{"rendered":"Semana Santa record en Misiones: La ocupaci\u00f3n hotelera alcanz\u00f3 el 100%"},"content":{"rendered":"\n<p><strong><em>Misiones cerr\u00f3 Semana Santa con cifras alentadoras. El Ministro de Turismo, Jos\u00e9 Mar\u00eda Arr\u00faa, se\u00f1al\u00f3 en su cuenta en Twitter que la ocupaci\u00f3n hotelera lleg\u00f3 a picos de 100 %. A su vez, destac\u00f3 que el sector gastron\u00f3mico, los parques provinciales, los diversos atractivos tur\u00edsticos y los comercios estuvieron trabajando a pleno.<\/em><\/strong><\/p>\n\n\n\n<p>Hubom\u00e1s de 31 mil arribos durante el feriado. Entre ellos se especific\u00f3 que 300 mil personas eligieron el servicio de Aerol\u00edneas Argentinas. El promedio de estad\u00edas fue de 3.3 noches y se gener\u00f3 un movimiento econ\u00f3mico de $372 millones de pesos.<\/p>\n\n\n\n<p><strong>Visitas de embajadores extranjeros<\/strong><\/p>\n\n\n\n<p>Kristy Hayes, embajadora del Reino Unido de Gran Breta\u00f1a e Irlanda del Norte, comparti\u00f3 en su cuenta de Twitter las fotos de su recorrido por las cataratas bajo la luz de la luna llena y recibi\u00f3 muchos elogios.<\/p>\n\n\n\n<p>Mientras que Heinrich Schellenberg, el embajador de Suiza, recorri\u00f3 Misiones durante cinco d\u00edas y destac\u00f3 el encuentro con compatriotas en un marco natural bell\u00edsimo. Entre los elementos que llamaron su atenci\u00f3n se destac\u00f3, en sus palabras, \u201cel \u00e1rbol m\u00e1s grande que vi en mi vida.\u201d Se trata de un ejemplar de caraguatay de 42 metros.<\/p>\n\n\n\n<p>El gobernador, Dr. Oscar Herrera Ahuad, agradeci\u00f3 la visita de Heinrich Schellenbergy lo invit\u00f3 a regresar pronto para disfrutar de nuestra provincia.<\/p>\n\n\n\n<p><strong>Llegaron las motorhomes y las casas rodantes<\/strong><\/p>\n\n\n\n<p>La ciudad de Posadas recibi\u00f3 en Costa Sur a los turistas que optan por esta modalidad de conocer la provincia. Se trata de una manera de viajar que present\u00f3 un crecimiento durante la pandemia.<\/p>\n\n\n\n<p>Elegir un motorhome o una casa rodante significa recorrer el pa\u00eds con la flexibilidad de elegir donde quedarse. Generalmente, los usuarios de esta modalidad suelen preferir un entorno natural. Es decir, visitar y quedarse en un lugar que les permita disfrutar del paisaje.<\/p>\n\n\n\n<figure class=\"wp-block-image size-large\"><a href=\"https:\/\/cvinoticias.com\/wp-content\/uploads\/2022\/04\/IMG-20220418-WA0009.jpg\"><img decoding=\"async\" width=\"1024\" height=\"682\" data-src=\"https:\/\/cvinoticias.com\/wp-content\/uploads\/2022\/04\/IMG-20220418-WA0009-1024x682.jpg\" alt=\"\" class=\"wp-image-14896 lazyload\" data-srcset=\"https:\/\/cvinoticias.com\/wp-content\/uploads\/2022\/04\/IMG-20220418-WA0009-1024x682.jpg 1024w, https:\/\/cvinoticias.com\/wp-content\/uploads\/2022\/04\/IMG-20220418-WA0009-300x200.jpg 300w, https:\/\/cvinoticias.com\/wp-content\/uploads\/2022\/04\/IMG-20220418-WA0009-768x512.jpg 768w, https:\/\/cvinoticias.com\/wp-content\/uploads\/2022\/04\/IMG-20220418-WA0009.jpg 1280w\" data-sizes=\"(max-width: 1024px) 100vw, 1024px\" src=\"data:image\/svg+xml;base64,PHN2ZyB3aWR0aD0iMSIgaGVpZ2h0PSIxIiB4bWxucz0iaHR0cDovL3d3dy53My5vcmcvMjAwMC9zdmciPjwvc3ZnPg==\" style=\"--smush-placeholder-width: 1024px; --smush-placeholder-aspect-ratio: 1024\/682;\" \/><\/a><\/figure>\n\n\n\n<p>Recorrer Misiones en alguna de estas alternativas implica ahorrar en alojamiento, comida y traslado. Sin embargo, favorece a los comercios locales, ya que abastecen de combustible y v\u00edveres a los viajeros. Asimismo, les brinda la posibilidad de viajar en compa\u00f1\u00eda de mascotas e interactuar durante el tiempo que desean con los lugare\u00f1os.<\/p>\n\n\n\n<p><strong>Posadas vivi\u00f3 una Semana Santa con un 93% de ocupaci\u00f3n hotelera<\/strong><\/p>\n\n\n\n<p>La capital provincial se llen\u00f3 de visitantes durante la Semana Santa. Posadasbrind\u00f3 a los turistas y a los locales una variedad de actividades culturales que la posicion\u00f3 como un nuevo centro tur\u00edstico del pa\u00eds. Llegaron a la ciudad m\u00e1s de cinco mil personas que generaron un gasto diario de $3700 por persona. Lo cual implica un promedio de 45 millones de pesos.<\/p>\n\n\n\n<p>Los datos oficiales aseguran que la ocupaci\u00f3n tur\u00edstica cerr\u00f3 con un 93% y alcanz\u00f3 picos de 100% durante los d\u00edas viernes y s\u00e1bado. El licenciado Jonathan Rodr\u00edguez, Director General de Turismo, asegur\u00f3 \u201cEstamos muy contentos de que Posadas sea elegida una vez m\u00e1s. Es el resultado de un trabajo en conjunto que llevamos adelante con todo el equipo municipal y el sector privado para hacer una ciudad cada vez m\u00e1s linda y una puerta de acceso a la tierra colorada\u201d.<\/p>\n\n\n\n<figure class=\"wp-block-image size-large\"><a href=\"https:\/\/cvinoticias.com\/wp-content\/uploads\/2022\/04\/IMG-20220418-WA0007.jpg\"><img decoding=\"async\" width=\"1024\" height=\"682\" data-src=\"https:\/\/cvinoticias.com\/wp-content\/uploads\/2022\/04\/IMG-20220418-WA0007-1024x682.jpg\" alt=\"\" class=\"wp-image-14897 lazyload\" data-srcset=\"https:\/\/cvinoticias.com\/wp-content\/uploads\/2022\/04\/IMG-20220418-WA0007-1024x682.jpg 1024w, https:\/\/cvinoticias.com\/wp-content\/uploads\/2022\/04\/IMG-20220418-WA0007-300x200.jpg 300w, https:\/\/cvinoticias.com\/wp-content\/uploads\/2022\/04\/IMG-20220418-WA0007-768x512.jpg 768w, https:\/\/cvinoticias.com\/wp-content\/uploads\/2022\/04\/IMG-20220418-WA0007.jpg 1280w\" data-sizes=\"(max-width: 1024px) 100vw, 1024px\" src=\"data:image\/svg+xml;base64,PHN2ZyB3aWR0aD0iMSIgaGVpZ2h0PSIxIiB4bWxucz0iaHR0cDovL3d3dy53My5vcmcvMjAwMC9zdmciPjwvc3ZnPg==\" style=\"--smush-placeholder-width: 1024px; --smush-placeholder-aspect-ratio: 1024\/682;\" \/><\/a><\/figure>\n\n\n\n<p>Los turistas acompa\u00f1aron los paseos guiados por la Bajada Vieja y el Casco hist\u00f3rico de Posadas. Por otro lado, se estima que m\u00e1s de 200 personas participaron del Arcano de Viernes Santo.<\/p>\n\n\n\n<p>El Festival de las Colectividades se vivi\u00f3 a pleno en la Plaza San Mart\u00edn y le permiti\u00f3 a los visitantes acercarse a la cultura gastron\u00f3mica de diferentes pa\u00edses: Colombia, Laos y Jap\u00f3n entre otros.<br>El d\u00eda s\u00e1bado la propuesta fue conocer las artesan\u00edas populares de las colectividades que residen en Posadas y representan distintos pa\u00edses del mundo.<\/p>\n\n\n\n<p>A estas ofertas se le suman la gran ocupaci\u00f3n de bares y restaurantes quetrabajaron para cumplir la alta demanda. Posadas se posiciona como un atractivo tur\u00edstico siempre vigente y que se ubica al tope de los lugares para disfrutar en el NEA.<\/p>\n\n\n\n<figure class=\"wp-block-image size-large\"><a href=\"https:\/\/cvinoticias.com\/wp-content\/uploads\/2022\/04\/IMG-20220418-WA0008.jpg\"><img decoding=\"async\" width=\"1024\" height=\"682\" data-src=\"https:\/\/cvinoticias.com\/wp-content\/uploads\/2022\/04\/IMG-20220418-WA0008-1024x682.jpg\" alt=\"\" class=\"wp-image-14898 lazyload\" data-srcset=\"https:\/\/cvinoticias.com\/wp-content\/uploads\/2022\/04\/IMG-20220418-WA0008-1024x682.jpg 1024w, https:\/\/cvinoticias.com\/wp-content\/uploads\/2022\/04\/IMG-20220418-WA0008-300x200.jpg 300w, https:\/\/cvinoticias.com\/wp-content\/uploads\/2022\/04\/IMG-20220418-WA0008-768x512.jpg 768w, https:\/\/cvinoticias.com\/wp-content\/uploads\/2022\/04\/IMG-20220418-WA0008.jpg 1280w\" data-sizes=\"(max-width: 1024px) 100vw, 1024px\" src=\"data:image\/svg+xml;base64,PHN2ZyB3aWR0aD0iMSIgaGVpZ2h0PSIxIiB4bWxucz0iaHR0cDovL3d3dy53My5vcmcvMjAwMC9zdmciPjwvc3ZnPg==\" style=\"--smush-placeholder-width: 1024px; --smush-placeholder-aspect-ratio: 1024\/682;\" \/><\/a><\/figure>\n","protected":false},"excerpt":{"rendered":"<p>Misiones cerr\u00f3 Semana Santa con cifras alentadoras. El Ministro de Turismo, Jos\u00e9 Mar\u00eda Arr\u00faa, se\u00f1al\u00f3 en su cuenta en Twitter que la ocupaci\u00f3n hotelera lleg\u00f3 a picos de 100 %. A su vez, destac\u00f3 que el sector gastron\u00f3mico, los parques provinciales, los diversos atractivos tur\u00edsticos y los comercios estuvieron trabajando a pleno. Hubom\u00e1s de 31 [&hellip;]<\/p>\n","protected":false},"author":2,"featured_media":14899,"comment_status":"open","ping_status":"open","sticky":false,"template":"","format":"standard","meta":{"footnotes":""},"categories":[50],"tags":[],"class_list":["post-14895","post","type-post","status-publish","format-standard","has-post-thumbnail","hentry","category-turismo"],"yoast_head":"<!-- This site is optimized with the Yoast SEO plugin v27.5 - https:\/\/yoast.com\/product\/yoast-seo-wordpress\/ -->\n<title>Semana Santa record en Misiones: La ocupaci\u00f3n hotelera alcanz\u00f3 el 100% | CVI NOTICIAS<\/title>\n<meta name=\"robots\" content=\"index, follow, max-snippet:-1, max-image-preview:large, max-video-preview:-1\" \/>\n<link rel=\"canonical\" href=\"https:\/\/cvinoticias.com\/v3\/semana-santa-record-en-misiones-la-ocupacion-hotelera-alcanzo-el-100\/\" \/>\n<meta property=\"og:locale\" content=\"es_ES\" \/>\n<meta property=\"og:type\" content=\"article\" \/>\n<meta property=\"og:title\" content=\"Semana Santa record en Misiones: La ocupaci\u00f3n hotelera alcanz\u00f3 el 100% | CVI NOTICIAS\" \/>\n<meta property=\"og:description\" content=\"Misiones cerr\u00f3 Semana Santa con cifras alentadoras. El Ministro de Turismo, Jos\u00e9 Mar\u00eda Arr\u00faa, se\u00f1al\u00f3 en su cuenta en Twitter que la ocupaci\u00f3n hotelera lleg\u00f3 a picos de 100 %. A su vez, destac\u00f3 que el sector gastron\u00f3mico, los parques provinciales, los diversos atractivos tur\u00edsticos y los comercios estuvieron trabajando a pleno. Hubom\u00e1s de 31 [&hellip;]\" \/>\n<meta property=\"og:url\" content=\"https:\/\/cvinoticias.com\/v3\/semana-santa-record-en-misiones-la-ocupacion-hotelera-alcanzo-el-100\/\" \/>\n<meta property=\"og:site_name\" content=\"CVI NOTICIAS\" \/>\n<meta property=\"article:publisher\" content=\"https:\/\/www.facebook.com\/cvinoticias\" \/>\n<meta property=\"article:published_time\" content=\"2022-04-18T14:50:03+00:00\" \/>\n<meta property=\"og:image\" content=\"https:\/\/cvinoticias.com\/wp-content\/uploads\/2022\/04\/IMG-20220418-WA0010.jpg\" \/>\n\t<meta property=\"og:image:width\" content=\"1280\" \/>\n\t<meta property=\"og:image:height\" content=\"853\" \/>\n\t<meta property=\"og:image:type\" content=\"image\/jpeg\" \/>\n<meta name=\"author\" content=\"f1000024\" \/>\n<meta name=\"twitter:card\" content=\"summary_large_image\" \/>\n<meta name=\"twitter:label1\" content=\"Escrito por\" \/>\n\t<meta name=\"twitter:data1\" content=\"f1000024\" \/>\n\t<meta name=\"twitter:label2\" content=\"Tiempo de lectura\" \/>\n\t<meta name=\"twitter:data2\" content=\"3 minutos\" \/>\n<script type=\"application\/ld+json\" class=\"yoast-schema-graph\">{\"@context\":\"https:\\\/\\\/schema.org\",\"@graph\":[{\"@type\":\"Article\",\"@id\":\"https:\\\/\\\/cvinoticias.com\\\/v3\\\/semana-santa-record-en-misiones-la-ocupacion-hotelera-alcanzo-el-100\\\/#article\",\"isPartOf\":{\"@id\":\"https:\\\/\\\/cvinoticias.com\\\/v3\\\/semana-santa-record-en-misiones-la-ocupacion-hotelera-alcanzo-el-100\\\/\"},\"author\":{\"name\":\"f1000024\",\"@id\":\"https:\\\/\\\/cvinoticias.com\\\/v3\\\/#\\\/schema\\\/person\\\/2db77e3c6bc03c538495d7b2b8be9b66\"},\"headline\":\"Semana Santa record en Misiones: La ocupaci\u00f3n hotelera alcanz\u00f3 el 100%\",\"datePublished\":\"2022-04-18T14:50:03+00:00\",\"mainEntityOfPage\":{\"@id\":\"https:\\\/\\\/cvinoticias.com\\\/v3\\\/semana-santa-record-en-misiones-la-ocupacion-hotelera-alcanzo-el-100\\\/\"},\"wordCount\":673,\"commentCount\":0,\"publisher\":{\"@id\":\"https:\\\/\\\/cvinoticias.com\\\/v3\\\/#organization\"},\"image\":{\"@id\":\"https:\\\/\\\/cvinoticias.com\\\/v3\\\/semana-santa-record-en-misiones-la-ocupacion-hotelera-alcanzo-el-100\\\/#primaryimage\"},\"thumbnailUrl\":\"https:\\\/\\\/cvinoticias.com\\\/wp-content\\\/uploads\\\/2022\\\/04\\\/IMG-20220418-WA0010.jpg\",\"articleSection\":[\"Turismo\"],\"inLanguage\":\"es\",\"potentialAction\":[{\"@type\":\"CommentAction\",\"name\":\"Comment\",\"target\":[\"https:\\\/\\\/cvinoticias.com\\\/v3\\\/semana-santa-record-en-misiones-la-ocupacion-hotelera-alcanzo-el-100\\\/#respond\"]}]},{\"@type\":\"WebPage\",\"@id\":\"https:\\\/\\\/cvinoticias.com\\\/v3\\\/semana-santa-record-en-misiones-la-ocupacion-hotelera-alcanzo-el-100\\\/\",\"url\":\"https:\\\/\\\/cvinoticias.com\\\/v3\\\/semana-santa-record-en-misiones-la-ocupacion-hotelera-alcanzo-el-100\\\/\",\"name\":\"Semana Santa record en Misiones: La ocupaci\u00f3n hotelera alcanz\u00f3 el 100% | CVI NOTICIAS\",\"isPartOf\":{\"@id\":\"https:\\\/\\\/cvinoticias.com\\\/v3\\\/#website\"},\"primaryImageOfPage\":{\"@id\":\"https:\\\/\\\/cvinoticias.com\\\/v3\\\/semana-santa-record-en-misiones-la-ocupacion-hotelera-alcanzo-el-100\\\/#primaryimage\"},\"image\":{\"@id\":\"https:\\\/\\\/cvinoticias.com\\\/v3\\\/semana-santa-record-en-misiones-la-ocupacion-hotelera-alcanzo-el-100\\\/#primaryimage\"},\"thumbnailUrl\":\"https:\\\/\\\/cvinoticias.com\\\/wp-content\\\/uploads\\\/2022\\\/04\\\/IMG-20220418-WA0010.jpg\",\"datePublished\":\"2022-04-18T14:50:03+00:00\",\"breadcrumb\":{\"@id\":\"https:\\\/\\\/cvinoticias.com\\\/v3\\\/semana-santa-record-en-misiones-la-ocupacion-hotelera-alcanzo-el-100\\\/#breadcrumb\"},\"inLanguage\":\"es\",\"potentialAction\":[{\"@type\":\"ReadAction\",\"target\":[\"https:\\\/\\\/cvinoticias.com\\\/v3\\\/semana-santa-record-en-misiones-la-ocupacion-hotelera-alcanzo-el-100\\\/\"]}]},{\"@type\":\"ImageObject\",\"inLanguage\":\"es\",\"@id\":\"https:\\\/\\\/cvinoticias.com\\\/v3\\\/semana-santa-record-en-misiones-la-ocupacion-hotelera-alcanzo-el-100\\\/#primaryimage\",\"url\":\"https:\\\/\\\/cvinoticias.com\\\/wp-content\\\/uploads\\\/2022\\\/04\\\/IMG-20220418-WA0010.jpg\",\"contentUrl\":\"https:\\\/\\\/cvinoticias.com\\\/wp-content\\\/uploads\\\/2022\\\/04\\\/IMG-20220418-WA0010.jpg\",\"width\":1280,\"height\":853},{\"@type\":\"BreadcrumbList\",\"@id\":\"https:\\\/\\\/cvinoticias.com\\\/v3\\\/semana-santa-record-en-misiones-la-ocupacion-hotelera-alcanzo-el-100\\\/#breadcrumb\",\"itemListElement\":[{\"@type\":\"ListItem\",\"position\":1,\"name\":\"Portada\",\"item\":\"https:\\\/\\\/cvinoticias.com\\\/v3\\\/\"},{\"@type\":\"ListItem\",\"position\":2,\"name\":\"Semana Santa record en Misiones: La ocupaci\u00f3n hotelera alcanz\u00f3 el 100%\"}]},{\"@type\":\"WebSite\",\"@id\":\"https:\\\/\\\/cvinoticias.com\\\/v3\\\/#website\",\"url\":\"https:\\\/\\\/cvinoticias.com\\\/v3\\\/\",\"name\":\"CVI NOTICIAS\",\"description\":\"\",\"publisher\":{\"@id\":\"https:\\\/\\\/cvinoticias.com\\\/v3\\\/#organization\"},\"alternateName\":\"CVI\",\"potentialAction\":[{\"@type\":\"SearchAction\",\"target\":{\"@type\":\"EntryPoint\",\"urlTemplate\":\"https:\\\/\\\/cvinoticias.com\\\/v3\\\/?s={search_term_string}\"},\"query-input\":{\"@type\":\"PropertyValueSpecification\",\"valueRequired\":true,\"valueName\":\"search_term_string\"}}],\"inLanguage\":\"es\"},{\"@type\":\"Organization\",\"@id\":\"https:\\\/\\\/cvinoticias.com\\\/v3\\\/#organization\",\"name\":\"CVI NOTICIAS\",\"url\":\"https:\\\/\\\/cvinoticias.com\\\/v3\\\/\",\"logo\":{\"@type\":\"ImageObject\",\"inLanguage\":\"es\",\"@id\":\"https:\\\/\\\/cvinoticias.com\\\/v3\\\/#\\\/schema\\\/logo\\\/image\\\/\",\"url\":\"https:\\\/\\\/cvinoticias.com\\\/wp-content\\\/uploads\\\/2023\\\/04\\\/cropped-cropped-cropped-cropped-cropped-3-1.png\",\"contentUrl\":\"https:\\\/\\\/cvinoticias.com\\\/wp-content\\\/uploads\\\/2023\\\/04\\\/cropped-cropped-cropped-cropped-cropped-3-1.png\",\"width\":95,\"height\":122,\"caption\":\"CVI NOTICIAS\"},\"image\":{\"@id\":\"https:\\\/\\\/cvinoticias.com\\\/v3\\\/#\\\/schema\\\/logo\\\/image\\\/\"},\"sameAs\":[\"https:\\\/\\\/www.facebook.com\\\/cvinoticias\",\"https:\\\/\\\/www.instagram.com\\\/cvinoticias\\\/\",\"https:\\\/\\\/www.youtube.com\\\/@CVINOTICIAS\"]},{\"@type\":\"Person\",\"@id\":\"https:\\\/\\\/cvinoticias.com\\\/v3\\\/#\\\/schema\\\/person\\\/2db77e3c6bc03c538495d7b2b8be9b66\",\"name\":\"f1000024\",\"image\":{\"@type\":\"ImageObject\",\"inLanguage\":\"es\",\"@id\":\"https:\\\/\\\/secure.gravatar.com\\\/avatar\\\/d4fe7459cfc51ff5129ce1a732bbef5928568b8092d412ef95611616376bbeed?s=96&d=mm&r=g\",\"url\":\"https:\\\/\\\/secure.gravatar.com\\\/avatar\\\/d4fe7459cfc51ff5129ce1a732bbef5928568b8092d412ef95611616376bbeed?s=96&d=mm&r=g\",\"contentUrl\":\"https:\\\/\\\/secure.gravatar.com\\\/avatar\\\/d4fe7459cfc51ff5129ce1a732bbef5928568b8092d412ef95611616376bbeed?s=96&d=mm&r=g\",\"caption\":\"f1000024\"},\"url\":\"https:\\\/\\\/cvinoticias.com\\\/v3\\\/author\\\/f1000024\\\/\"}]}<\/script>\n<!-- \/ Yoast SEO plugin. -->","yoast_head_json":{"title":"Semana Santa record en Misiones: La ocupaci\u00f3n hotelera alcanz\u00f3 el 100% | CVI NOTICIAS","robots":{"index":"index","follow":"follow","max-snippet":"max-snippet:-1","max-image-preview":"max-image-preview:large","max-video-preview":"max-video-preview:-1"},"canonical":"https:\/\/cvinoticias.com\/v3\/semana-santa-record-en-misiones-la-ocupacion-hotelera-alcanzo-el-100\/","og_locale":"es_ES","og_type":"article","og_title":"Semana Santa record en Misiones: La ocupaci\u00f3n hotelera alcanz\u00f3 el 100% | CVI NOTICIAS","og_description":"Misiones cerr\u00f3 Semana Santa con cifras alentadoras. El Ministro de Turismo, Jos\u00e9 Mar\u00eda Arr\u00faa, se\u00f1al\u00f3 en su cuenta en Twitter que la ocupaci\u00f3n hotelera lleg\u00f3 a picos de 100 %. A su vez, destac\u00f3 que el sector gastron\u00f3mico, los parques provinciales, los diversos atractivos tur\u00edsticos y los comercios estuvieron trabajando a pleno. Hubom\u00e1s de 31 [&hellip;]","og_url":"https:\/\/cvinoticias.com\/v3\/semana-santa-record-en-misiones-la-ocupacion-hotelera-alcanzo-el-100\/","og_site_name":"CVI NOTICIAS","article_publisher":"https:\/\/www.facebook.com\/cvinoticias","article_published_time":"2022-04-18T14:50:03+00:00","og_image":[{"width":1280,"height":853,"url":"https:\/\/cvinoticias.com\/wp-content\/uploads\/2022\/04\/IMG-20220418-WA0010.jpg","type":"image\/jpeg"}],"author":"f1000024","twitter_card":"summary_large_image","twitter_misc":{"Escrito por":"f1000024","Tiempo de lectura":"3 minutos"},"schema":{"@context":"https:\/\/schema.org","@graph":[{"@type":"Article","@id":"https:\/\/cvinoticias.com\/v3\/semana-santa-record-en-misiones-la-ocupacion-hotelera-alcanzo-el-100\/#article","isPartOf":{"@id":"https:\/\/cvinoticias.com\/v3\/semana-santa-record-en-misiones-la-ocupacion-hotelera-alcanzo-el-100\/"},"author":{"name":"f1000024","@id":"https:\/\/cvinoticias.com\/v3\/#\/schema\/person\/2db77e3c6bc03c538495d7b2b8be9b66"},"headline":"Semana Santa record en Misiones: La ocupaci\u00f3n hotelera alcanz\u00f3 el 100%","datePublished":"2022-04-18T14:50:03+00:00","mainEntityOfPage":{"@id":"https:\/\/cvinoticias.com\/v3\/semana-santa-record-en-misiones-la-ocupacion-hotelera-alcanzo-el-100\/"},"wordCount":673,"commentCount":0,"publisher":{"@id":"https:\/\/cvinoticias.com\/v3\/#organization"},"image":{"@id":"https:\/\/cvinoticias.com\/v3\/semana-santa-record-en-misiones-la-ocupacion-hotelera-alcanzo-el-100\/#primaryimage"},"thumbnailUrl":"https:\/\/cvinoticias.com\/wp-content\/uploads\/2022\/04\/IMG-20220418-WA0010.jpg","articleSection":["Turismo"],"inLanguage":"es","potentialAction":[{"@type":"CommentAction","name":"Comment","target":["https:\/\/cvinoticias.com\/v3\/semana-santa-record-en-misiones-la-ocupacion-hotelera-alcanzo-el-100\/#respond"]}]},{"@type":"WebPage","@id":"https:\/\/cvinoticias.com\/v3\/semana-santa-record-en-misiones-la-ocupacion-hotelera-alcanzo-el-100\/","url":"https:\/\/cvinoticias.com\/v3\/semana-santa-record-en-misiones-la-ocupacion-hotelera-alcanzo-el-100\/","name":"Semana Santa record en Misiones: La ocupaci\u00f3n hotelera alcanz\u00f3 el 100% | CVI NOTICIAS","isPartOf":{"@id":"https:\/\/cvinoticias.com\/v3\/#website"},"primaryImageOfPage":{"@id":"https:\/\/cvinoticias.com\/v3\/semana-santa-record-en-misiones-la-ocupacion-hotelera-alcanzo-el-100\/#primaryimage"},"image":{"@id":"https:\/\/cvinoticias.com\/v3\/semana-santa-record-en-misiones-la-ocupacion-hotelera-alcanzo-el-100\/#primaryimage"},"thumbnailUrl":"https:\/\/cvinoticias.com\/wp-content\/uploads\/2022\/04\/IMG-20220418-WA0010.jpg","datePublished":"2022-04-18T14:50:03+00:00","breadcrumb":{"@id":"https:\/\/cvinoticias.com\/v3\/semana-santa-record-en-misiones-la-ocupacion-hotelera-alcanzo-el-100\/#breadcrumb"},"inLanguage":"es","potentialAction":[{"@type":"ReadAction","target":["https:\/\/cvinoticias.com\/v3\/semana-santa-record-en-misiones-la-ocupacion-hotelera-alcanzo-el-100\/"]}]},{"@type":"ImageObject","inLanguage":"es","@id":"https:\/\/cvinoticias.com\/v3\/semana-santa-record-en-misiones-la-ocupacion-hotelera-alcanzo-el-100\/#primaryimage","url":"https:\/\/cvinoticias.com\/wp-content\/uploads\/2022\/04\/IMG-20220418-WA0010.jpg","contentUrl":"https:\/\/cvinoticias.com\/wp-content\/uploads\/2022\/04\/IMG-20220418-WA0010.jpg","width":1280,"height":853},{"@type":"BreadcrumbList","@id":"https:\/\/cvinoticias.com\/v3\/semana-santa-record-en-misiones-la-ocupacion-hotelera-alcanzo-el-100\/#breadcrumb","itemListElement":[{"@type":"ListItem","position":1,"name":"Portada","item":"https:\/\/cvinoticias.com\/v3\/"},{"@type":"ListItem","position":2,"name":"Semana Santa record en Misiones: La ocupaci\u00f3n hotelera alcanz\u00f3 el 100%"}]},{"@type":"WebSite","@id":"https:\/\/cvinoticias.com\/v3\/#website","url":"https:\/\/cvinoticias.com\/v3\/","name":"CVI NOTICIAS","description":"","publisher":{"@id":"https:\/\/cvinoticias.com\/v3\/#organization"},"alternateName":"CVI","potentialAction":[{"@type":"SearchAction","target":{"@type":"EntryPoint","urlTemplate":"https:\/\/cvinoticias.com\/v3\/?s={search_term_string}"},"query-input":{"@type":"PropertyValueSpecification","valueRequired":true,"valueName":"search_term_string"}}],"inLanguage":"es"},{"@type":"Organization","@id":"https:\/\/cvinoticias.com\/v3\/#organization","name":"CVI NOTICIAS","url":"https:\/\/cvinoticias.com\/v3\/","logo":{"@type":"ImageObject","inLanguage":"es","@id":"https:\/\/cvinoticias.com\/v3\/#\/schema\/logo\/image\/","url":"https:\/\/cvinoticias.com\/wp-content\/uploads\/2023\/04\/cropped-cropped-cropped-cropped-cropped-3-1.png","contentUrl":"https:\/\/cvinoticias.com\/wp-content\/uploads\/2023\/04\/cropped-cropped-cropped-cropped-cropped-3-1.png","width":95,"height":122,"caption":"CVI NOTICIAS"},"image":{"@id":"https:\/\/cvinoticias.com\/v3\/#\/schema\/logo\/image\/"},"sameAs":["https:\/\/www.facebook.com\/cvinoticias","https:\/\/www.instagram.com\/cvinoticias\/","https:\/\/www.youtube.com\/@CVINOTICIAS"]},{"@type":"Person","@id":"https:\/\/cvinoticias.com\/v3\/#\/schema\/person\/2db77e3c6bc03c538495d7b2b8be9b66","name":"f1000024","image":{"@type":"ImageObject","inLanguage":"es","@id":"https:\/\/secure.gravatar.com\/avatar\/d4fe7459cfc51ff5129ce1a732bbef5928568b8092d412ef95611616376bbeed?s=96&d=mm&r=g","url":"https:\/\/secure.gravatar.com\/avatar\/d4fe7459cfc51ff5129ce1a732bbef5928568b8092d412ef95611616376bbeed?s=96&d=mm&r=g","contentUrl":"https:\/\/secure.gravatar.com\/avatar\/d4fe7459cfc51ff5129ce1a732bbef5928568b8092d412ef95611616376bbeed?s=96&d=mm&r=g","caption":"f1000024"},"url":"https:\/\/cvinoticias.com\/v3\/author\/f1000024\/"}]}},"_links":{"self":[{"href":"https:\/\/cvinoticias.com\/v3\/wp-json\/wp\/v2\/posts\/14895","targetHints":{"allow":["GET"]}}],"collection":[{"href":"https:\/\/cvinoticias.com\/v3\/wp-json\/wp\/v2\/posts"}],"about":[{"href":"https:\/\/cvinoticias.com\/v3\/wp-json\/wp\/v2\/types\/post"}],"author":[{"embeddable":true,"href":"https:\/\/cvinoticias.com\/v3\/wp-json\/wp\/v2\/users\/2"}],"replies":[{"embeddable":true,"href":"https:\/\/cvinoticias.com\/v3\/wp-json\/wp\/v2\/comments?post=14895"}],"version-history":[{"count":1,"href":"https:\/\/cvinoticias.com\/v3\/wp-json\/wp\/v2\/posts\/14895\/revisions"}],"predecessor-version":[{"id":14900,"href":"https:\/\/cvinoticias.com\/v3\/wp-json\/wp\/v2\/posts\/14895\/revisions\/14900"}],"wp:featuredmedia":[{"embeddable":true,"href":"https:\/\/cvinoticias.com\/v3\/wp-json\/wp\/v2\/media\/14899"}],"wp:attachment":[{"href":"https:\/\/cvinoticias.com\/v3\/wp-json\/wp\/v2\/media?parent=14895"}],"wp:term":[{"taxonomy":"category","embeddable":true,"href":"https:\/\/cvinoticias.com\/v3\/wp-json\/wp\/v2\/categories?post=14895"},{"taxonomy":"post_tag","embeddable":true,"href":"https:\/\/cvinoticias.com\/v3\/wp-json\/wp\/v2\/tags?post=14895"}],"curies":[{"name":"wp","href":"https:\/\/api.w.org\/{rel}","templated":true}]}}