{"id":14889,"date":"2022-04-18T12:38:30","date_gmt":"2022-04-18T12:38:30","guid":{"rendered":"https:\/\/cvinoticias.com\/v3\/?p=14889"},"modified":"2022-04-18T12:38:30","modified_gmt":"2022-04-18T12:38:30","slug":"fin-de-semana-largo-puerto-iguazu-se-convirtio-en-el-segundo-destino-mas-vendido-de-aerolineas-argentinas","status":"publish","type":"post","link":"https:\/\/cvinoticias.com\/v3\/fin-de-semana-largo-puerto-iguazu-se-convirtio-en-el-segundo-destino-mas-vendido-de-aerolineas-argentinas\/","title":{"rendered":"Fin de semana largo: Puerto Iguaz\u00fa se convirti\u00f3 en el segundo destino m\u00e1s vendido de Aerol\u00edneas Argentinas"},"content":{"rendered":"\n<p><strong><em>C\u00f3rdoba y Mendoza otros de los destinos m\u00e1s solicitados.<\/em><\/strong><\/p>\n\n\n\n<p>Finalizado el fin de semana largo, la compa\u00f1ia a\u00e9rea inform\u00f3 que se transportaron m\u00e1s de 300.000 mil pasajeros.<\/p>\n\n\n\n<p>En ese sentido, Pablo Ceriani, titular de la l\u00ednea de bandera se\u00f1alo \u00abes una buena noticia porque impacta en todos los sectores de la industria del turismo que se benefician con cada avi\u00f3n de Aerol\u00edneas que sale y llega desde alg\u00fan punto de nuestro pa\u00eds\u00bb.<\/p>\n\n\n\n<p>Recordemos que durante este fin de semana, Aerol\u00edneas dispuso un operativo con importantes aumentos en las frecuencias de los vuelos, operando un promedio de 250 salidas diarias, lo que significa entre 20 y 25 vuelos m\u00e1s que en un d\u00eda est\u00e1ndar.<\/p>\n\n\n\n<p>La empresa estableci\u00f3 un cronograma con una serie de vuelos de refuerzo a los principales destinos tur\u00edsticos de la Argentina.<\/p>\n\n\n\n<p>Los destinos m\u00e1s solicitados fueron:<\/p>\n\n\n\n<p>-C\u00f3rdoba con m\u00e1s de 16.000 pasajes vendidos.<\/p>\n\n\n\n<p>-Mendoza e Iguaz\u00fa con m\u00e1s de 14.000.<\/p>\n\n\n\n<p>-Bariloche con m\u00e1s de 12.500.<\/p>\n\n\n\n<p>-El Calafate, Salta y Ushuaia con m\u00e1s de 11.000.<\/p>\n\n\n\n<p>Por \u00faltimo informaron que cerca del 30% de los pasajeros transportados lo hicieron mediante el sistema de rutas y corredores federales sin pasar por Buenos Aires.<\/p>\n","protected":false},"excerpt":{"rendered":"<p>C\u00f3rdoba y Mendoza otros de los destinos m\u00e1s solicitados. Finalizado el fin de semana largo, la compa\u00f1ia a\u00e9rea inform\u00f3 que se transportaron m\u00e1s de 300.000 mil pasajeros. En ese sentido, Pablo Ceriani, titular de la l\u00ednea de bandera se\u00f1alo \u00abes una buena noticia porque impacta en todos los sectores de la industria del turismo que [&hellip;]<\/p>\n","protected":false},"author":2,"featured_media":14890,"comment_status":"open","ping_status":"open","sticky":false,"template":"","format":"standard","meta":{"footnotes":""},"categories":[50],"tags":[],"class_list":["post-14889","post","type-post","status-publish","format-standard","has-post-thumbnail","hentry","category-turismo"],"yoast_head":"<!-- This site is optimized with the Yoast SEO plugin v27.5 - https:\/\/yoast.com\/product\/yoast-seo-wordpress\/ -->\n<title>Fin de semana largo: Puerto Iguaz\u00fa se convirti\u00f3 en el segundo destino m\u00e1s vendido de Aerol\u00edneas Argentinas | CVI NOTICIAS<\/title>\n<meta name=\"robots\" content=\"index, follow, max-snippet:-1, max-image-preview:large, max-video-preview:-1\" \/>\n<link rel=\"canonical\" href=\"https:\/\/cvinoticias.com\/v3\/fin-de-semana-largo-puerto-iguazu-se-convirtio-en-el-segundo-destino-mas-vendido-de-aerolineas-argentinas\/\" \/>\n<meta property=\"og:locale\" content=\"es_ES\" \/>\n<meta property=\"og:type\" content=\"article\" \/>\n<meta property=\"og:title\" content=\"Fin de semana largo: Puerto Iguaz\u00fa se convirti\u00f3 en el segundo destino m\u00e1s vendido de Aerol\u00edneas Argentinas | CVI NOTICIAS\" \/>\n<meta property=\"og:description\" content=\"C\u00f3rdoba y Mendoza otros de los destinos m\u00e1s solicitados. Finalizado el fin de semana largo, la compa\u00f1ia a\u00e9rea inform\u00f3 que se transportaron m\u00e1s de 300.000 mil pasajeros. En ese sentido, Pablo Ceriani, titular de la l\u00ednea de bandera se\u00f1alo \u00abes una buena noticia porque impacta en todos los sectores de la industria del turismo que [&hellip;]\" \/>\n<meta property=\"og:url\" content=\"https:\/\/cvinoticias.com\/v3\/fin-de-semana-largo-puerto-iguazu-se-convirtio-en-el-segundo-destino-mas-vendido-de-aerolineas-argentinas\/\" \/>\n<meta property=\"og:site_name\" content=\"CVI NOTICIAS\" \/>\n<meta property=\"article:publisher\" content=\"https:\/\/www.facebook.com\/cvinoticias\" \/>\n<meta property=\"article:published_time\" content=\"2022-04-18T12:38:30+00:00\" \/>\n<meta property=\"og:image\" content=\"https:\/\/cvinoticias.com\/wp-content\/uploads\/2022\/04\/Screenshot_20220418-093601_YouTube.jpg\" \/>\n\t<meta property=\"og:image:width\" content=\"1080\" \/>\n\t<meta property=\"og:image:height\" content=\"559\" \/>\n\t<meta property=\"og:image:type\" content=\"image\/jpeg\" \/>\n<meta name=\"author\" content=\"f1000024\" \/>\n<meta name=\"twitter:card\" content=\"summary_large_image\" \/>\n<meta name=\"twitter:label1\" content=\"Escrito por\" \/>\n\t<meta name=\"twitter:data1\" content=\"f1000024\" \/>\n\t<meta name=\"twitter:label2\" content=\"Tiempo de lectura\" \/>\n\t<meta name=\"twitter:data2\" content=\"1 minuto\" \/>\n<script type=\"application\/ld+json\" class=\"yoast-schema-graph\">{\"@context\":\"https:\\\/\\\/schema.org\",\"@graph\":[{\"@type\":\"Article\",\"@id\":\"https:\\\/\\\/cvinoticias.com\\\/v3\\\/fin-de-semana-largo-puerto-iguazu-se-convirtio-en-el-segundo-destino-mas-vendido-de-aerolineas-argentinas\\\/#article\",\"isPartOf\":{\"@id\":\"https:\\\/\\\/cvinoticias.com\\\/v3\\\/fin-de-semana-largo-puerto-iguazu-se-convirtio-en-el-segundo-destino-mas-vendido-de-aerolineas-argentinas\\\/\"},\"author\":{\"name\":\"f1000024\",\"@id\":\"https:\\\/\\\/cvinoticias.com\\\/v3\\\/#\\\/schema\\\/person\\\/2db77e3c6bc03c538495d7b2b8be9b66\"},\"headline\":\"Fin de semana largo: Puerto Iguaz\u00fa se convirti\u00f3 en el segundo destino m\u00e1s vendido de Aerol\u00edneas Argentinas\",\"datePublished\":\"2022-04-18T12:38:30+00:00\",\"mainEntityOfPage\":{\"@id\":\"https:\\\/\\\/cvinoticias.com\\\/v3\\\/fin-de-semana-largo-puerto-iguazu-se-convirtio-en-el-segundo-destino-mas-vendido-de-aerolineas-argentinas\\\/\"},\"wordCount\":224,\"commentCount\":0,\"publisher\":{\"@id\":\"https:\\\/\\\/cvinoticias.com\\\/v3\\\/#organization\"},\"image\":{\"@id\":\"https:\\\/\\\/cvinoticias.com\\\/v3\\\/fin-de-semana-largo-puerto-iguazu-se-convirtio-en-el-segundo-destino-mas-vendido-de-aerolineas-argentinas\\\/#primaryimage\"},\"thumbnailUrl\":\"https:\\\/\\\/cvinoticias.com\\\/wp-content\\\/uploads\\\/2022\\\/04\\\/Screenshot_20220418-093601_YouTube.jpg\",\"articleSection\":[\"Turismo\"],\"inLanguage\":\"es\",\"potentialAction\":[{\"@type\":\"CommentAction\",\"name\":\"Comment\",\"target\":[\"https:\\\/\\\/cvinoticias.com\\\/v3\\\/fin-de-semana-largo-puerto-iguazu-se-convirtio-en-el-segundo-destino-mas-vendido-de-aerolineas-argentinas\\\/#respond\"]}]},{\"@type\":\"WebPage\",\"@id\":\"https:\\\/\\\/cvinoticias.com\\\/v3\\\/fin-de-semana-largo-puerto-iguazu-se-convirtio-en-el-segundo-destino-mas-vendido-de-aerolineas-argentinas\\\/\",\"url\":\"https:\\\/\\\/cvinoticias.com\\\/v3\\\/fin-de-semana-largo-puerto-iguazu-se-convirtio-en-el-segundo-destino-mas-vendido-de-aerolineas-argentinas\\\/\",\"name\":\"Fin de semana largo: Puerto Iguaz\u00fa se convirti\u00f3 en el segundo destino m\u00e1s vendido de Aerol\u00edneas Argentinas | CVI NOTICIAS\",\"isPartOf\":{\"@id\":\"https:\\\/\\\/cvinoticias.com\\\/v3\\\/#website\"},\"primaryImageOfPage\":{\"@id\":\"https:\\\/\\\/cvinoticias.com\\\/v3\\\/fin-de-semana-largo-puerto-iguazu-se-convirtio-en-el-segundo-destino-mas-vendido-de-aerolineas-argentinas\\\/#primaryimage\"},\"image\":{\"@id\":\"https:\\\/\\\/cvinoticias.com\\\/v3\\\/fin-de-semana-largo-puerto-iguazu-se-convirtio-en-el-segundo-destino-mas-vendido-de-aerolineas-argentinas\\\/#primaryimage\"},\"thumbnailUrl\":\"https:\\\/\\\/cvinoticias.com\\\/wp-content\\\/uploads\\\/2022\\\/04\\\/Screenshot_20220418-093601_YouTube.jpg\",\"datePublished\":\"2022-04-18T12:38:30+00:00\",\"breadcrumb\":{\"@id\":\"https:\\\/\\\/cvinoticias.com\\\/v3\\\/fin-de-semana-largo-puerto-iguazu-se-convirtio-en-el-segundo-destino-mas-vendido-de-aerolineas-argentinas\\\/#breadcrumb\"},\"inLanguage\":\"es\",\"potentialAction\":[{\"@type\":\"ReadAction\",\"target\":[\"https:\\\/\\\/cvinoticias.com\\\/v3\\\/fin-de-semana-largo-puerto-iguazu-se-convirtio-en-el-segundo-destino-mas-vendido-de-aerolineas-argentinas\\\/\"]}]},{\"@type\":\"ImageObject\",\"inLanguage\":\"es\",\"@id\":\"https:\\\/\\\/cvinoticias.com\\\/v3\\\/fin-de-semana-largo-puerto-iguazu-se-convirtio-en-el-segundo-destino-mas-vendido-de-aerolineas-argentinas\\\/#primaryimage\",\"url\":\"https:\\\/\\\/cvinoticias.com\\\/wp-content\\\/uploads\\\/2022\\\/04\\\/Screenshot_20220418-093601_YouTube.jpg\",\"contentUrl\":\"https:\\\/\\\/cvinoticias.com\\\/wp-content\\\/uploads\\\/2022\\\/04\\\/Screenshot_20220418-093601_YouTube.jpg\",\"width\":1080,\"height\":559},{\"@type\":\"BreadcrumbList\",\"@id\":\"https:\\\/\\\/cvinoticias.com\\\/v3\\\/fin-de-semana-largo-puerto-iguazu-se-convirtio-en-el-segundo-destino-mas-vendido-de-aerolineas-argentinas\\\/#breadcrumb\",\"itemListElement\":[{\"@type\":\"ListItem\",\"position\":1,\"name\":\"Portada\",\"item\":\"https:\\\/\\\/cvinoticias.com\\\/v3\\\/\"},{\"@type\":\"ListItem\",\"position\":2,\"name\":\"Fin de semana largo: Puerto Iguaz\u00fa se convirti\u00f3 en el segundo destino m\u00e1s vendido de Aerol\u00edneas Argentinas\"}]},{\"@type\":\"WebSite\",\"@id\":\"https:\\\/\\\/cvinoticias.com\\\/v3\\\/#website\",\"url\":\"https:\\\/\\\/cvinoticias.com\\\/v3\\\/\",\"name\":\"CVI NOTICIAS\",\"description\":\"\",\"publisher\":{\"@id\":\"https:\\\/\\\/cvinoticias.com\\\/v3\\\/#organization\"},\"alternateName\":\"CVI\",\"potentialAction\":[{\"@type\":\"SearchAction\",\"target\":{\"@type\":\"EntryPoint\",\"urlTemplate\":\"https:\\\/\\\/cvinoticias.com\\\/v3\\\/?s={search_term_string}\"},\"query-input\":{\"@type\":\"PropertyValueSpecification\",\"valueRequired\":true,\"valueName\":\"search_term_string\"}}],\"inLanguage\":\"es\"},{\"@type\":\"Organization\",\"@id\":\"https:\\\/\\\/cvinoticias.com\\\/v3\\\/#organization\",\"name\":\"CVI NOTICIAS\",\"url\":\"https:\\\/\\\/cvinoticias.com\\\/v3\\\/\",\"logo\":{\"@type\":\"ImageObject\",\"inLanguage\":\"es\",\"@id\":\"https:\\\/\\\/cvinoticias.com\\\/v3\\\/#\\\/schema\\\/logo\\\/image\\\/\",\"url\":\"https:\\\/\\\/cvinoticias.com\\\/wp-content\\\/uploads\\\/2023\\\/04\\\/cropped-cropped-cropped-cropped-cropped-3-1.png\",\"contentUrl\":\"https:\\\/\\\/cvinoticias.com\\\/wp-content\\\/uploads\\\/2023\\\/04\\\/cropped-cropped-cropped-cropped-cropped-3-1.png\",\"width\":95,\"height\":122,\"caption\":\"CVI NOTICIAS\"},\"image\":{\"@id\":\"https:\\\/\\\/cvinoticias.com\\\/v3\\\/#\\\/schema\\\/logo\\\/image\\\/\"},\"sameAs\":[\"https:\\\/\\\/www.facebook.com\\\/cvinoticias\",\"https:\\\/\\\/www.instagram.com\\\/cvinoticias\\\/\",\"https:\\\/\\\/www.youtube.com\\\/@CVINOTICIAS\"]},{\"@type\":\"Person\",\"@id\":\"https:\\\/\\\/cvinoticias.com\\\/v3\\\/#\\\/schema\\\/person\\\/2db77e3c6bc03c538495d7b2b8be9b66\",\"name\":\"f1000024\",\"image\":{\"@type\":\"ImageObject\",\"inLanguage\":\"es\",\"@id\":\"https:\\\/\\\/secure.gravatar.com\\\/avatar\\\/d4fe7459cfc51ff5129ce1a732bbef5928568b8092d412ef95611616376bbeed?s=96&d=mm&r=g\",\"url\":\"https:\\\/\\\/secure.gravatar.com\\\/avatar\\\/d4fe7459cfc51ff5129ce1a732bbef5928568b8092d412ef95611616376bbeed?s=96&d=mm&r=g\",\"contentUrl\":\"https:\\\/\\\/secure.gravatar.com\\\/avatar\\\/d4fe7459cfc51ff5129ce1a732bbef5928568b8092d412ef95611616376bbeed?s=96&d=mm&r=g\",\"caption\":\"f1000024\"},\"url\":\"https:\\\/\\\/cvinoticias.com\\\/v3\\\/author\\\/f1000024\\\/\"}]}<\/script>\n<!-- \/ Yoast SEO plugin. -->","yoast_head_json":{"title":"Fin de semana largo: Puerto Iguaz\u00fa se convirti\u00f3 en el segundo destino m\u00e1s vendido de Aerol\u00edneas Argentinas | CVI NOTICIAS","robots":{"index":"index","follow":"follow","max-snippet":"max-snippet:-1","max-image-preview":"max-image-preview:large","max-video-preview":"max-video-preview:-1"},"canonical":"https:\/\/cvinoticias.com\/v3\/fin-de-semana-largo-puerto-iguazu-se-convirtio-en-el-segundo-destino-mas-vendido-de-aerolineas-argentinas\/","og_locale":"es_ES","og_type":"article","og_title":"Fin de semana largo: Puerto Iguaz\u00fa se convirti\u00f3 en el segundo destino m\u00e1s vendido de Aerol\u00edneas Argentinas | CVI NOTICIAS","og_description":"C\u00f3rdoba y Mendoza otros de los destinos m\u00e1s solicitados. Finalizado el fin de semana largo, la compa\u00f1ia a\u00e9rea inform\u00f3 que se transportaron m\u00e1s de 300.000 mil pasajeros. En ese sentido, Pablo Ceriani, titular de la l\u00ednea de bandera se\u00f1alo \u00abes una buena noticia porque impacta en todos los sectores de la industria del turismo que [&hellip;]","og_url":"https:\/\/cvinoticias.com\/v3\/fin-de-semana-largo-puerto-iguazu-se-convirtio-en-el-segundo-destino-mas-vendido-de-aerolineas-argentinas\/","og_site_name":"CVI NOTICIAS","article_publisher":"https:\/\/www.facebook.com\/cvinoticias","article_published_time":"2022-04-18T12:38:30+00:00","og_image":[{"width":1080,"height":559,"url":"https:\/\/cvinoticias.com\/wp-content\/uploads\/2022\/04\/Screenshot_20220418-093601_YouTube.jpg","type":"image\/jpeg"}],"author":"f1000024","twitter_card":"summary_large_image","twitter_misc":{"Escrito por":"f1000024","Tiempo de lectura":"1 minuto"},"schema":{"@context":"https:\/\/schema.org","@graph":[{"@type":"Article","@id":"https:\/\/cvinoticias.com\/v3\/fin-de-semana-largo-puerto-iguazu-se-convirtio-en-el-segundo-destino-mas-vendido-de-aerolineas-argentinas\/#article","isPartOf":{"@id":"https:\/\/cvinoticias.com\/v3\/fin-de-semana-largo-puerto-iguazu-se-convirtio-en-el-segundo-destino-mas-vendido-de-aerolineas-argentinas\/"},"author":{"name":"f1000024","@id":"https:\/\/cvinoticias.com\/v3\/#\/schema\/person\/2db77e3c6bc03c538495d7b2b8be9b66"},"headline":"Fin de semana largo: Puerto Iguaz\u00fa se convirti\u00f3 en el segundo destino m\u00e1s vendido de Aerol\u00edneas Argentinas","datePublished":"2022-04-18T12:38:30+00:00","mainEntityOfPage":{"@id":"https:\/\/cvinoticias.com\/v3\/fin-de-semana-largo-puerto-iguazu-se-convirtio-en-el-segundo-destino-mas-vendido-de-aerolineas-argentinas\/"},"wordCount":224,"commentCount":0,"publisher":{"@id":"https:\/\/cvinoticias.com\/v3\/#organization"},"image":{"@id":"https:\/\/cvinoticias.com\/v3\/fin-de-semana-largo-puerto-iguazu-se-convirtio-en-el-segundo-destino-mas-vendido-de-aerolineas-argentinas\/#primaryimage"},"thumbnailUrl":"https:\/\/cvinoticias.com\/wp-content\/uploads\/2022\/04\/Screenshot_20220418-093601_YouTube.jpg","articleSection":["Turismo"],"inLanguage":"es","potentialAction":[{"@type":"CommentAction","name":"Comment","target":["https:\/\/cvinoticias.com\/v3\/fin-de-semana-largo-puerto-iguazu-se-convirtio-en-el-segundo-destino-mas-vendido-de-aerolineas-argentinas\/#respond"]}]},{"@type":"WebPage","@id":"https:\/\/cvinoticias.com\/v3\/fin-de-semana-largo-puerto-iguazu-se-convirtio-en-el-segundo-destino-mas-vendido-de-aerolineas-argentinas\/","url":"https:\/\/cvinoticias.com\/v3\/fin-de-semana-largo-puerto-iguazu-se-convirtio-en-el-segundo-destino-mas-vendido-de-aerolineas-argentinas\/","name":"Fin de semana largo: Puerto Iguaz\u00fa se convirti\u00f3 en el segundo destino m\u00e1s vendido de Aerol\u00edneas Argentinas | CVI NOTICIAS","isPartOf":{"@id":"https:\/\/cvinoticias.com\/v3\/#website"},"primaryImageOfPage":{"@id":"https:\/\/cvinoticias.com\/v3\/fin-de-semana-largo-puerto-iguazu-se-convirtio-en-el-segundo-destino-mas-vendido-de-aerolineas-argentinas\/#primaryimage"},"image":{"@id":"https:\/\/cvinoticias.com\/v3\/fin-de-semana-largo-puerto-iguazu-se-convirtio-en-el-segundo-destino-mas-vendido-de-aerolineas-argentinas\/#primaryimage"},"thumbnailUrl":"https:\/\/cvinoticias.com\/wp-content\/uploads\/2022\/04\/Screenshot_20220418-093601_YouTube.jpg","datePublished":"2022-04-18T12:38:30+00:00","breadcrumb":{"@id":"https:\/\/cvinoticias.com\/v3\/fin-de-semana-largo-puerto-iguazu-se-convirtio-en-el-segundo-destino-mas-vendido-de-aerolineas-argentinas\/#breadcrumb"},"inLanguage":"es","potentialAction":[{"@type":"ReadAction","target":["https:\/\/cvinoticias.com\/v3\/fin-de-semana-largo-puerto-iguazu-se-convirtio-en-el-segundo-destino-mas-vendido-de-aerolineas-argentinas\/"]}]},{"@type":"ImageObject","inLanguage":"es","@id":"https:\/\/cvinoticias.com\/v3\/fin-de-semana-largo-puerto-iguazu-se-convirtio-en-el-segundo-destino-mas-vendido-de-aerolineas-argentinas\/#primaryimage","url":"https:\/\/cvinoticias.com\/wp-content\/uploads\/2022\/04\/Screenshot_20220418-093601_YouTube.jpg","contentUrl":"https:\/\/cvinoticias.com\/wp-content\/uploads\/2022\/04\/Screenshot_20220418-093601_YouTube.jpg","width":1080,"height":559},{"@type":"BreadcrumbList","@id":"https:\/\/cvinoticias.com\/v3\/fin-de-semana-largo-puerto-iguazu-se-convirtio-en-el-segundo-destino-mas-vendido-de-aerolineas-argentinas\/#breadcrumb","itemListElement":[{"@type":"ListItem","position":1,"name":"Portada","item":"https:\/\/cvinoticias.com\/v3\/"},{"@type":"ListItem","position":2,"name":"Fin de semana largo: Puerto Iguaz\u00fa se convirti\u00f3 en el segundo destino m\u00e1s vendido de Aerol\u00edneas Argentinas"}]},{"@type":"WebSite","@id":"https:\/\/cvinoticias.com\/v3\/#website","url":"https:\/\/cvinoticias.com\/v3\/","name":"CVI NOTICIAS","description":"","publisher":{"@id":"https:\/\/cvinoticias.com\/v3\/#organization"},"alternateName":"CVI","potentialAction":[{"@type":"SearchAction","target":{"@type":"EntryPoint","urlTemplate":"https:\/\/cvinoticias.com\/v3\/?s={search_term_string}"},"query-input":{"@type":"PropertyValueSpecification","valueRequired":true,"valueName":"search_term_string"}}],"inLanguage":"es"},{"@type":"Organization","@id":"https:\/\/cvinoticias.com\/v3\/#organization","name":"CVI NOTICIAS","url":"https:\/\/cvinoticias.com\/v3\/","logo":{"@type":"ImageObject","inLanguage":"es","@id":"https:\/\/cvinoticias.com\/v3\/#\/schema\/logo\/image\/","url":"https:\/\/cvinoticias.com\/wp-content\/uploads\/2023\/04\/cropped-cropped-cropped-cropped-cropped-3-1.png","contentUrl":"https:\/\/cvinoticias.com\/wp-content\/uploads\/2023\/04\/cropped-cropped-cropped-cropped-cropped-3-1.png","width":95,"height":122,"caption":"CVI NOTICIAS"},"image":{"@id":"https:\/\/cvinoticias.com\/v3\/#\/schema\/logo\/image\/"},"sameAs":["https:\/\/www.facebook.com\/cvinoticias","https:\/\/www.instagram.com\/cvinoticias\/","https:\/\/www.youtube.com\/@CVINOTICIAS"]},{"@type":"Person","@id":"https:\/\/cvinoticias.com\/v3\/#\/schema\/person\/2db77e3c6bc03c538495d7b2b8be9b66","name":"f1000024","image":{"@type":"ImageObject","inLanguage":"es","@id":"https:\/\/secure.gravatar.com\/avatar\/d4fe7459cfc51ff5129ce1a732bbef5928568b8092d412ef95611616376bbeed?s=96&d=mm&r=g","url":"https:\/\/secure.gravatar.com\/avatar\/d4fe7459cfc51ff5129ce1a732bbef5928568b8092d412ef95611616376bbeed?s=96&d=mm&r=g","contentUrl":"https:\/\/secure.gravatar.com\/avatar\/d4fe7459cfc51ff5129ce1a732bbef5928568b8092d412ef95611616376bbeed?s=96&d=mm&r=g","caption":"f1000024"},"url":"https:\/\/cvinoticias.com\/v3\/author\/f1000024\/"}]}},"_links":{"self":[{"href":"https:\/\/cvinoticias.com\/v3\/wp-json\/wp\/v2\/posts\/14889","targetHints":{"allow":["GET"]}}],"collection":[{"href":"https:\/\/cvinoticias.com\/v3\/wp-json\/wp\/v2\/posts"}],"about":[{"href":"https:\/\/cvinoticias.com\/v3\/wp-json\/wp\/v2\/types\/post"}],"author":[{"embeddable":true,"href":"https:\/\/cvinoticias.com\/v3\/wp-json\/wp\/v2\/users\/2"}],"replies":[{"embeddable":true,"href":"https:\/\/cvinoticias.com\/v3\/wp-json\/wp\/v2\/comments?post=14889"}],"version-history":[{"count":1,"href":"https:\/\/cvinoticias.com\/v3\/wp-json\/wp\/v2\/posts\/14889\/revisions"}],"predecessor-version":[{"id":14891,"href":"https:\/\/cvinoticias.com\/v3\/wp-json\/wp\/v2\/posts\/14889\/revisions\/14891"}],"wp:featuredmedia":[{"embeddable":true,"href":"https:\/\/cvinoticias.com\/v3\/wp-json\/wp\/v2\/media\/14890"}],"wp:attachment":[{"href":"https:\/\/cvinoticias.com\/v3\/wp-json\/wp\/v2\/media?parent=14889"}],"wp:term":[{"taxonomy":"category","embeddable":true,"href":"https:\/\/cvinoticias.com\/v3\/wp-json\/wp\/v2\/categories?post=14889"},{"taxonomy":"post_tag","embeddable":true,"href":"https:\/\/cvinoticias.com\/v3\/wp-json\/wp\/v2\/tags?post=14889"}],"curies":[{"name":"wp","href":"https:\/\/api.w.org\/{rel}","templated":true}]}}