{"id":14865,"date":"2022-04-17T20:34:33","date_gmt":"2022-04-17T20:34:33","guid":{"rendered":"https:\/\/cvinoticias.com\/v3\/?p=14865"},"modified":"2022-04-17T20:34:33","modified_gmt":"2022-04-17T20:34:33","slug":"semana-santa-2022-en-cataratastodoelano","status":"publish","type":"post","link":"https:\/\/cvinoticias.com\/v3\/semana-santa-2022-en-cataratastodoelano\/","title":{"rendered":"Semana Santa 2022 en #CataratasTodoElA\u00f1o"},"content":{"rendered":"\n<p><strong><em>Luego de transitar un excelente #Verano2022; la mirada, como actores de la preciada actividad tur\u00edstica, estuvo puesta en el desarrollo del feriado de la Semana Santa.<\/em><\/strong><\/p>\n\n\n\n<p>Hist\u00f3ricamente estos d\u00edas forman parte de un ciclo que tiende a crecer el flujo de visitantes; no obstante ello, los cierres generalizados provocaron que los viajes, que, si bien se vienen acercando a la normalidad, tiendan a modificar sus cualidades intr\u00ednsecas. En torno a eso es que se plante\u00f3 el desarrollo de la actividad en el destino, priorizando el cuidado de los visitantes, la bioseguridad, la sustentabilidad, en f\u00edn, todas las caracter\u00edsticas que hacen de #Iguaz\u00fa un destino \u00fanico.<\/p>\n\n\n\n<p>Esta Semana Santa finaliz\u00f3 con una ocupaci\u00f3n promedio del 95% con, inclusive, muchos establecimientos trabajando al 100%. Por su parte, los ingresos al Parque Nacional Iguaz\u00fa se situaron en 27.270 durante los 4 d\u00edas del feriado, arrojando as\u00ed, un promedio de 6.817 ingresos diarios. Los d\u00edas de mayor afluencia fueron el viernes y s\u00e1bado, con 11.263 Y 8.621 respectivamente.<\/p>\n\n\n\n<p>Seg\u00fan lo informado por el Ministerio de Turismo de Misiones, se generaron m\u00e1s de 22 mil arribos a la ciudad y m\u00e1s de 63 mil pernoctaciones, destacando as\u00ed una estad\u00eda promedio de 3 noches. En cuanto al movimiento econ\u00f3mico, en concepto de gasto que dejaron los visitantes en la ciudad, super\u00f3 los 234 millones de pesos.<\/p>\n\n\n\n<p>\u201cTuvimos un excelente fin de semana largo con gran movimiento tur\u00edstico, los turistas utilizaron todos los medios de transporte, en a\u00e9reo hubo refuerzos&nbsp; y mayoritariamente llegaron con autom\u00f3vil propio\u201d<\/p>\n\n\n\n<p>Celebramos otra #SemanaSanta en #IguazuTodoElA\u00f1o, entendiendo que m\u00e1s turismo es m\u00e1s trabajo; y por eso nuestra m\u00e1xima labor es continuar desarrollando la sinergia entre los sectores p\u00fablico-privado y las cualidades que tenemos como destino.<\/p>\n","protected":false},"excerpt":{"rendered":"<p>Luego de transitar un excelente #Verano2022; la mirada, como actores de la preciada actividad tur\u00edstica, estuvo puesta en el desarrollo del feriado de la Semana Santa. Hist\u00f3ricamente estos d\u00edas forman parte de un ciclo que tiende a crecer el flujo de visitantes; no obstante ello, los cierres generalizados provocaron que los viajes, que, si bien [&hellip;]<\/p>\n","protected":false},"author":2,"featured_media":14863,"comment_status":"open","ping_status":"open","sticky":false,"template":"","format":"standard","meta":{"footnotes":""},"categories":[50],"tags":[],"class_list":["post-14865","post","type-post","status-publish","format-standard","has-post-thumbnail","hentry","category-turismo"],"yoast_head":"<!-- This site is optimized with the Yoast SEO plugin v27.5 - https:\/\/yoast.com\/product\/yoast-seo-wordpress\/ -->\n<title>Semana Santa 2022 en #CataratasTodoElA\u00f1o | CVI NOTICIAS<\/title>\n<meta name=\"robots\" content=\"index, follow, max-snippet:-1, max-image-preview:large, max-video-preview:-1\" \/>\n<link rel=\"canonical\" href=\"https:\/\/cvinoticias.com\/v3\/semana-santa-2022-en-cataratastodoelano\/\" \/>\n<meta property=\"og:locale\" content=\"es_ES\" \/>\n<meta property=\"og:type\" content=\"article\" \/>\n<meta property=\"og:title\" content=\"Semana Santa 2022 en #CataratasTodoElA\u00f1o | CVI NOTICIAS\" \/>\n<meta property=\"og:description\" content=\"Luego de transitar un excelente #Verano2022; la mirada, como actores de la preciada actividad tur\u00edstica, estuvo puesta en el desarrollo del feriado de la Semana Santa. Hist\u00f3ricamente estos d\u00edas forman parte de un ciclo que tiende a crecer el flujo de visitantes; no obstante ello, los cierres generalizados provocaron que los viajes, que, si bien [&hellip;]\" \/>\n<meta property=\"og:url\" content=\"https:\/\/cvinoticias.com\/v3\/semana-santa-2022-en-cataratastodoelano\/\" \/>\n<meta property=\"og:site_name\" content=\"CVI NOTICIAS\" \/>\n<meta property=\"article:publisher\" content=\"https:\/\/www.facebook.com\/cvinoticias\" \/>\n<meta property=\"article:published_time\" content=\"2022-04-17T20:34:33+00:00\" \/>\n<meta property=\"og:image\" content=\"https:\/\/cvinoticias.com\/wp-content\/uploads\/2022\/04\/IMG-20220417-WA0082.jpg\" \/>\n\t<meta property=\"og:image:width\" content=\"869\" \/>\n\t<meta property=\"og:image:height\" content=\"562\" \/>\n\t<meta property=\"og:image:type\" content=\"image\/jpeg\" \/>\n<meta name=\"author\" content=\"f1000024\" \/>\n<meta name=\"twitter:card\" content=\"summary_large_image\" \/>\n<meta name=\"twitter:label1\" content=\"Escrito por\" \/>\n\t<meta name=\"twitter:data1\" content=\"f1000024\" \/>\n\t<meta name=\"twitter:label2\" content=\"Tiempo de lectura\" \/>\n\t<meta name=\"twitter:data2\" content=\"1 minuto\" \/>\n<script type=\"application\/ld+json\" class=\"yoast-schema-graph\">{\"@context\":\"https:\\\/\\\/schema.org\",\"@graph\":[{\"@type\":\"Article\",\"@id\":\"https:\\\/\\\/cvinoticias.com\\\/v3\\\/semana-santa-2022-en-cataratastodoelano\\\/#article\",\"isPartOf\":{\"@id\":\"https:\\\/\\\/cvinoticias.com\\\/v3\\\/semana-santa-2022-en-cataratastodoelano\\\/\"},\"author\":{\"name\":\"f1000024\",\"@id\":\"https:\\\/\\\/cvinoticias.com\\\/v3\\\/#\\\/schema\\\/person\\\/2db77e3c6bc03c538495d7b2b8be9b66\"},\"headline\":\"Semana Santa 2022 en #CataratasTodoElA\u00f1o\",\"datePublished\":\"2022-04-17T20:34:33+00:00\",\"mainEntityOfPage\":{\"@id\":\"https:\\\/\\\/cvinoticias.com\\\/v3\\\/semana-santa-2022-en-cataratastodoelano\\\/\"},\"wordCount\":301,\"commentCount\":0,\"publisher\":{\"@id\":\"https:\\\/\\\/cvinoticias.com\\\/v3\\\/#organization\"},\"image\":{\"@id\":\"https:\\\/\\\/cvinoticias.com\\\/v3\\\/semana-santa-2022-en-cataratastodoelano\\\/#primaryimage\"},\"thumbnailUrl\":\"https:\\\/\\\/cvinoticias.com\\\/wp-content\\\/uploads\\\/2022\\\/04\\\/IMG-20220417-WA0082.jpg\",\"articleSection\":[\"Turismo\"],\"inLanguage\":\"es\",\"potentialAction\":[{\"@type\":\"CommentAction\",\"name\":\"Comment\",\"target\":[\"https:\\\/\\\/cvinoticias.com\\\/v3\\\/semana-santa-2022-en-cataratastodoelano\\\/#respond\"]}]},{\"@type\":\"WebPage\",\"@id\":\"https:\\\/\\\/cvinoticias.com\\\/v3\\\/semana-santa-2022-en-cataratastodoelano\\\/\",\"url\":\"https:\\\/\\\/cvinoticias.com\\\/v3\\\/semana-santa-2022-en-cataratastodoelano\\\/\",\"name\":\"Semana Santa 2022 en #CataratasTodoElA\u00f1o | CVI NOTICIAS\",\"isPartOf\":{\"@id\":\"https:\\\/\\\/cvinoticias.com\\\/v3\\\/#website\"},\"primaryImageOfPage\":{\"@id\":\"https:\\\/\\\/cvinoticias.com\\\/v3\\\/semana-santa-2022-en-cataratastodoelano\\\/#primaryimage\"},\"image\":{\"@id\":\"https:\\\/\\\/cvinoticias.com\\\/v3\\\/semana-santa-2022-en-cataratastodoelano\\\/#primaryimage\"},\"thumbnailUrl\":\"https:\\\/\\\/cvinoticias.com\\\/wp-content\\\/uploads\\\/2022\\\/04\\\/IMG-20220417-WA0082.jpg\",\"datePublished\":\"2022-04-17T20:34:33+00:00\",\"breadcrumb\":{\"@id\":\"https:\\\/\\\/cvinoticias.com\\\/v3\\\/semana-santa-2022-en-cataratastodoelano\\\/#breadcrumb\"},\"inLanguage\":\"es\",\"potentialAction\":[{\"@type\":\"ReadAction\",\"target\":[\"https:\\\/\\\/cvinoticias.com\\\/v3\\\/semana-santa-2022-en-cataratastodoelano\\\/\"]}]},{\"@type\":\"ImageObject\",\"inLanguage\":\"es\",\"@id\":\"https:\\\/\\\/cvinoticias.com\\\/v3\\\/semana-santa-2022-en-cataratastodoelano\\\/#primaryimage\",\"url\":\"https:\\\/\\\/cvinoticias.com\\\/wp-content\\\/uploads\\\/2022\\\/04\\\/IMG-20220417-WA0082.jpg\",\"contentUrl\":\"https:\\\/\\\/cvinoticias.com\\\/wp-content\\\/uploads\\\/2022\\\/04\\\/IMG-20220417-WA0082.jpg\",\"width\":869,\"height\":562},{\"@type\":\"BreadcrumbList\",\"@id\":\"https:\\\/\\\/cvinoticias.com\\\/v3\\\/semana-santa-2022-en-cataratastodoelano\\\/#breadcrumb\",\"itemListElement\":[{\"@type\":\"ListItem\",\"position\":1,\"name\":\"Portada\",\"item\":\"https:\\\/\\\/cvinoticias.com\\\/v3\\\/\"},{\"@type\":\"ListItem\",\"position\":2,\"name\":\"Semana Santa 2022 en #CataratasTodoElA\u00f1o\"}]},{\"@type\":\"WebSite\",\"@id\":\"https:\\\/\\\/cvinoticias.com\\\/v3\\\/#website\",\"url\":\"https:\\\/\\\/cvinoticias.com\\\/v3\\\/\",\"name\":\"CVI NOTICIAS\",\"description\":\"\",\"publisher\":{\"@id\":\"https:\\\/\\\/cvinoticias.com\\\/v3\\\/#organization\"},\"alternateName\":\"CVI\",\"potentialAction\":[{\"@type\":\"SearchAction\",\"target\":{\"@type\":\"EntryPoint\",\"urlTemplate\":\"https:\\\/\\\/cvinoticias.com\\\/v3\\\/?s={search_term_string}\"},\"query-input\":{\"@type\":\"PropertyValueSpecification\",\"valueRequired\":true,\"valueName\":\"search_term_string\"}}],\"inLanguage\":\"es\"},{\"@type\":\"Organization\",\"@id\":\"https:\\\/\\\/cvinoticias.com\\\/v3\\\/#organization\",\"name\":\"CVI NOTICIAS\",\"url\":\"https:\\\/\\\/cvinoticias.com\\\/v3\\\/\",\"logo\":{\"@type\":\"ImageObject\",\"inLanguage\":\"es\",\"@id\":\"https:\\\/\\\/cvinoticias.com\\\/v3\\\/#\\\/schema\\\/logo\\\/image\\\/\",\"url\":\"https:\\\/\\\/cvinoticias.com\\\/wp-content\\\/uploads\\\/2023\\\/04\\\/cropped-cropped-cropped-cropped-cropped-3-1.png\",\"contentUrl\":\"https:\\\/\\\/cvinoticias.com\\\/wp-content\\\/uploads\\\/2023\\\/04\\\/cropped-cropped-cropped-cropped-cropped-3-1.png\",\"width\":95,\"height\":122,\"caption\":\"CVI NOTICIAS\"},\"image\":{\"@id\":\"https:\\\/\\\/cvinoticias.com\\\/v3\\\/#\\\/schema\\\/logo\\\/image\\\/\"},\"sameAs\":[\"https:\\\/\\\/www.facebook.com\\\/cvinoticias\",\"https:\\\/\\\/www.instagram.com\\\/cvinoticias\\\/\",\"https:\\\/\\\/www.youtube.com\\\/@CVINOTICIAS\"]},{\"@type\":\"Person\",\"@id\":\"https:\\\/\\\/cvinoticias.com\\\/v3\\\/#\\\/schema\\\/person\\\/2db77e3c6bc03c538495d7b2b8be9b66\",\"name\":\"f1000024\",\"image\":{\"@type\":\"ImageObject\",\"inLanguage\":\"es\",\"@id\":\"https:\\\/\\\/secure.gravatar.com\\\/avatar\\\/d4fe7459cfc51ff5129ce1a732bbef5928568b8092d412ef95611616376bbeed?s=96&d=mm&r=g\",\"url\":\"https:\\\/\\\/secure.gravatar.com\\\/avatar\\\/d4fe7459cfc51ff5129ce1a732bbef5928568b8092d412ef95611616376bbeed?s=96&d=mm&r=g\",\"contentUrl\":\"https:\\\/\\\/secure.gravatar.com\\\/avatar\\\/d4fe7459cfc51ff5129ce1a732bbef5928568b8092d412ef95611616376bbeed?s=96&d=mm&r=g\",\"caption\":\"f1000024\"},\"url\":\"https:\\\/\\\/cvinoticias.com\\\/v3\\\/author\\\/f1000024\\\/\"}]}<\/script>\n<!-- \/ Yoast SEO plugin. -->","yoast_head_json":{"title":"Semana Santa 2022 en #CataratasTodoElA\u00f1o | CVI NOTICIAS","robots":{"index":"index","follow":"follow","max-snippet":"max-snippet:-1","max-image-preview":"max-image-preview:large","max-video-preview":"max-video-preview:-1"},"canonical":"https:\/\/cvinoticias.com\/v3\/semana-santa-2022-en-cataratastodoelano\/","og_locale":"es_ES","og_type":"article","og_title":"Semana Santa 2022 en #CataratasTodoElA\u00f1o | CVI NOTICIAS","og_description":"Luego de transitar un excelente #Verano2022; la mirada, como actores de la preciada actividad tur\u00edstica, estuvo puesta en el desarrollo del feriado de la Semana Santa. Hist\u00f3ricamente estos d\u00edas forman parte de un ciclo que tiende a crecer el flujo de visitantes; no obstante ello, los cierres generalizados provocaron que los viajes, que, si bien [&hellip;]","og_url":"https:\/\/cvinoticias.com\/v3\/semana-santa-2022-en-cataratastodoelano\/","og_site_name":"CVI NOTICIAS","article_publisher":"https:\/\/www.facebook.com\/cvinoticias","article_published_time":"2022-04-17T20:34:33+00:00","og_image":[{"width":869,"height":562,"url":"https:\/\/cvinoticias.com\/wp-content\/uploads\/2022\/04\/IMG-20220417-WA0082.jpg","type":"image\/jpeg"}],"author":"f1000024","twitter_card":"summary_large_image","twitter_misc":{"Escrito por":"f1000024","Tiempo de lectura":"1 minuto"},"schema":{"@context":"https:\/\/schema.org","@graph":[{"@type":"Article","@id":"https:\/\/cvinoticias.com\/v3\/semana-santa-2022-en-cataratastodoelano\/#article","isPartOf":{"@id":"https:\/\/cvinoticias.com\/v3\/semana-santa-2022-en-cataratastodoelano\/"},"author":{"name":"f1000024","@id":"https:\/\/cvinoticias.com\/v3\/#\/schema\/person\/2db77e3c6bc03c538495d7b2b8be9b66"},"headline":"Semana Santa 2022 en #CataratasTodoElA\u00f1o","datePublished":"2022-04-17T20:34:33+00:00","mainEntityOfPage":{"@id":"https:\/\/cvinoticias.com\/v3\/semana-santa-2022-en-cataratastodoelano\/"},"wordCount":301,"commentCount":0,"publisher":{"@id":"https:\/\/cvinoticias.com\/v3\/#organization"},"image":{"@id":"https:\/\/cvinoticias.com\/v3\/semana-santa-2022-en-cataratastodoelano\/#primaryimage"},"thumbnailUrl":"https:\/\/cvinoticias.com\/wp-content\/uploads\/2022\/04\/IMG-20220417-WA0082.jpg","articleSection":["Turismo"],"inLanguage":"es","potentialAction":[{"@type":"CommentAction","name":"Comment","target":["https:\/\/cvinoticias.com\/v3\/semana-santa-2022-en-cataratastodoelano\/#respond"]}]},{"@type":"WebPage","@id":"https:\/\/cvinoticias.com\/v3\/semana-santa-2022-en-cataratastodoelano\/","url":"https:\/\/cvinoticias.com\/v3\/semana-santa-2022-en-cataratastodoelano\/","name":"Semana Santa 2022 en #CataratasTodoElA\u00f1o | CVI NOTICIAS","isPartOf":{"@id":"https:\/\/cvinoticias.com\/v3\/#website"},"primaryImageOfPage":{"@id":"https:\/\/cvinoticias.com\/v3\/semana-santa-2022-en-cataratastodoelano\/#primaryimage"},"image":{"@id":"https:\/\/cvinoticias.com\/v3\/semana-santa-2022-en-cataratastodoelano\/#primaryimage"},"thumbnailUrl":"https:\/\/cvinoticias.com\/wp-content\/uploads\/2022\/04\/IMG-20220417-WA0082.jpg","datePublished":"2022-04-17T20:34:33+00:00","breadcrumb":{"@id":"https:\/\/cvinoticias.com\/v3\/semana-santa-2022-en-cataratastodoelano\/#breadcrumb"},"inLanguage":"es","potentialAction":[{"@type":"ReadAction","target":["https:\/\/cvinoticias.com\/v3\/semana-santa-2022-en-cataratastodoelano\/"]}]},{"@type":"ImageObject","inLanguage":"es","@id":"https:\/\/cvinoticias.com\/v3\/semana-santa-2022-en-cataratastodoelano\/#primaryimage","url":"https:\/\/cvinoticias.com\/wp-content\/uploads\/2022\/04\/IMG-20220417-WA0082.jpg","contentUrl":"https:\/\/cvinoticias.com\/wp-content\/uploads\/2022\/04\/IMG-20220417-WA0082.jpg","width":869,"height":562},{"@type":"BreadcrumbList","@id":"https:\/\/cvinoticias.com\/v3\/semana-santa-2022-en-cataratastodoelano\/#breadcrumb","itemListElement":[{"@type":"ListItem","position":1,"name":"Portada","item":"https:\/\/cvinoticias.com\/v3\/"},{"@type":"ListItem","position":2,"name":"Semana Santa 2022 en #CataratasTodoElA\u00f1o"}]},{"@type":"WebSite","@id":"https:\/\/cvinoticias.com\/v3\/#website","url":"https:\/\/cvinoticias.com\/v3\/","name":"CVI NOTICIAS","description":"","publisher":{"@id":"https:\/\/cvinoticias.com\/v3\/#organization"},"alternateName":"CVI","potentialAction":[{"@type":"SearchAction","target":{"@type":"EntryPoint","urlTemplate":"https:\/\/cvinoticias.com\/v3\/?s={search_term_string}"},"query-input":{"@type":"PropertyValueSpecification","valueRequired":true,"valueName":"search_term_string"}}],"inLanguage":"es"},{"@type":"Organization","@id":"https:\/\/cvinoticias.com\/v3\/#organization","name":"CVI NOTICIAS","url":"https:\/\/cvinoticias.com\/v3\/","logo":{"@type":"ImageObject","inLanguage":"es","@id":"https:\/\/cvinoticias.com\/v3\/#\/schema\/logo\/image\/","url":"https:\/\/cvinoticias.com\/wp-content\/uploads\/2023\/04\/cropped-cropped-cropped-cropped-cropped-3-1.png","contentUrl":"https:\/\/cvinoticias.com\/wp-content\/uploads\/2023\/04\/cropped-cropped-cropped-cropped-cropped-3-1.png","width":95,"height":122,"caption":"CVI NOTICIAS"},"image":{"@id":"https:\/\/cvinoticias.com\/v3\/#\/schema\/logo\/image\/"},"sameAs":["https:\/\/www.facebook.com\/cvinoticias","https:\/\/www.instagram.com\/cvinoticias\/","https:\/\/www.youtube.com\/@CVINOTICIAS"]},{"@type":"Person","@id":"https:\/\/cvinoticias.com\/v3\/#\/schema\/person\/2db77e3c6bc03c538495d7b2b8be9b66","name":"f1000024","image":{"@type":"ImageObject","inLanguage":"es","@id":"https:\/\/secure.gravatar.com\/avatar\/d4fe7459cfc51ff5129ce1a732bbef5928568b8092d412ef95611616376bbeed?s=96&d=mm&r=g","url":"https:\/\/secure.gravatar.com\/avatar\/d4fe7459cfc51ff5129ce1a732bbef5928568b8092d412ef95611616376bbeed?s=96&d=mm&r=g","contentUrl":"https:\/\/secure.gravatar.com\/avatar\/d4fe7459cfc51ff5129ce1a732bbef5928568b8092d412ef95611616376bbeed?s=96&d=mm&r=g","caption":"f1000024"},"url":"https:\/\/cvinoticias.com\/v3\/author\/f1000024\/"}]}},"_links":{"self":[{"href":"https:\/\/cvinoticias.com\/v3\/wp-json\/wp\/v2\/posts\/14865","targetHints":{"allow":["GET"]}}],"collection":[{"href":"https:\/\/cvinoticias.com\/v3\/wp-json\/wp\/v2\/posts"}],"about":[{"href":"https:\/\/cvinoticias.com\/v3\/wp-json\/wp\/v2\/types\/post"}],"author":[{"embeddable":true,"href":"https:\/\/cvinoticias.com\/v3\/wp-json\/wp\/v2\/users\/2"}],"replies":[{"embeddable":true,"href":"https:\/\/cvinoticias.com\/v3\/wp-json\/wp\/v2\/comments?post=14865"}],"version-history":[{"count":1,"href":"https:\/\/cvinoticias.com\/v3\/wp-json\/wp\/v2\/posts\/14865\/revisions"}],"predecessor-version":[{"id":14866,"href":"https:\/\/cvinoticias.com\/v3\/wp-json\/wp\/v2\/posts\/14865\/revisions\/14866"}],"wp:featuredmedia":[{"embeddable":true,"href":"https:\/\/cvinoticias.com\/v3\/wp-json\/wp\/v2\/media\/14863"}],"wp:attachment":[{"href":"https:\/\/cvinoticias.com\/v3\/wp-json\/wp\/v2\/media?parent=14865"}],"wp:term":[{"taxonomy":"category","embeddable":true,"href":"https:\/\/cvinoticias.com\/v3\/wp-json\/wp\/v2\/categories?post=14865"},{"taxonomy":"post_tag","embeddable":true,"href":"https:\/\/cvinoticias.com\/v3\/wp-json\/wp\/v2\/tags?post=14865"}],"curies":[{"name":"wp","href":"https:\/\/api.w.org\/{rel}","templated":true}]}}