{"id":14858,"date":"2022-04-17T12:35:25","date_gmt":"2022-04-17T12:35:25","guid":{"rendered":"https:\/\/cvinoticias.com\/v3\/?p=14858"},"modified":"2022-04-17T12:35:25","modified_gmt":"2022-04-17T12:35:25","slug":"con-estilo-propio","status":"publish","type":"post","link":"https:\/\/cvinoticias.com\/v3\/con-estilo-propio\/","title":{"rendered":"Con estilo propio"},"content":{"rendered":"\n<p><strong><em>El gobierno de Misiones funciona de manera opuesta a lo que se observa a nivel nacional: se privilegia la gesti\u00f3n y la cercan\u00eda con la ciudadan\u00eda, en lugar de las disputas internas de poder o por futuras candidaturas. La b\u00fasqueda de soluciones prima por sobre la pelea de egos.<\/em><\/strong><\/p>\n\n\n\n<p>La prioridad pol\u00edtica de los dirigentes misioneros que tienen responsabilidad de gesti\u00f3n es estar cerca de la gente. Ello se verifica en la valoraci\u00f3n tanto del gobernador Herrera Ahuad como del intendente de Posadas, ubicados entre los de mejor imagen del pa\u00eds.<\/p>\n\n\n\n<p>Misiones pareciera ir a contramano de lo que sucede a nivel nacional, camino ya decidido con la elecci\u00f3n de la boleta corta en 2019. All\u00ed, la Renovaci\u00f3n se plant\u00f3 como partido independiente, fuera del Frente de Todos y de Juntos por el Cambio.<\/p>\n\n\n\n<p>El contraste con la gesti\u00f3n nacional es muy fuerte, en ese plano se encuentra un gobierno dividido, con fuertes disputas internas que producen una inacci\u00f3n en la gesti\u00f3n. Problemas de gravedad como la inflaci\u00f3n no encuentran su adecuado encauzamiento.<\/p>\n\n\n\n<p>Sobre esto \u00faltimo, el drama de la aceleraci\u00f3n de precios y la consecuente p\u00e9rdida de poder adquisitivo es sufrido por todos los misioneros, pero el oficialismo provincial busca y encuentra mecanismos de defensa al golpeado bolsillo ciudadano, como son los distintos programas \u201cAhora\u201d, positivamente valorados por el grueso de consumidores y comerciantes.<\/p>\n\n\n\n<p>A la interna oficialista del FdT y los bruscos encontronazos entre el PRO y la UCR en JxC le sali\u00f3 una cu\u00f1a pol\u00edtica. El descontento y la bronca con la clase pol\u00edtica es canalizada por el espacio que lidera Javier Milei. Situaci\u00f3n que en Misiones no se observa.<\/p>\n\n\n\n<p>El Frente Renovador, mencion\u00e1bamos, gobierna sin internas que debiliten la gesti\u00f3n, lo cual redunda en un beneficio para la poblaci\u00f3n.<br>Donde s\u00ed se puede apreciar una situaci\u00f3n similar a la nacional es en el conflictivo escenario que vive la oposici\u00f3n misionera: se intentan sumar dirigentes con el \u00fanico objetivo de ganar elecciones, pero no de tener un plan de gobierno concreto y con el que todos est\u00e9n de acuerdo. Amontonar nombres no significa crecimiento ni suma beneficiosa para las mayor\u00edas.<\/p>\n\n\n\n<p>Tal vez en 2019 hayamos sido testigos de la \u00faltima elecci\u00f3n nacional tan marcadamente polarizada entre dos coaliciones. Los resultados en gesti\u00f3n de gobierno y materia econ\u00f3mica, de empleo y pobreza no han sido satisfactorios.<br>Los incipientes sondeos de opini\u00f3n de cara a 2023 dan cuenta del crecimiento en Misiones del economista ortodoxo Javier Milei, as\u00ed como de una ca\u00edda de Horacio Rodr\u00edguez Larreta. En cuanto a niveles de aceptaci\u00f3n, esas mismas encuestas marcan que Alberto, Cristina y Macri ostentan los peores niveles de aceptaci\u00f3n de la \u00faltima d\u00e9cada.<\/p>\n\n\n\n<p>Ya en el plano provincial, tres dirigentes renovadores encabezan la intenci\u00f3n de voto a gobernador -con un 60% en la sumatoria total-, muy lejos del opositor m\u00e1s cercano, Mart\u00edn Arjol. Llama la atenci\u00f3n que el ganador de la \u00faltima elecci\u00f3n no alcance los 2 d\u00edgitos en las preferencias misioneras.<\/p>\n\n\n\n<p>Estos n\u00fameros deben leerse en paralelo a la realidad que se vive en la provincia: el modelo pol\u00edtico misionero obtiene resultados palpables. La exitosa gesti\u00f3n de la pandemia, privilegiando tanto la salud como la econom\u00eda es reconocida por propios y extra\u00f1os. Al igual que la transformaci\u00f3n sufrida por Posadas, el Ingeniero Stelatto trasciende fronteras por su trabajo en la capital misionera.<\/p>\n\n\n\n<p>En el mismo sentido se ubica lo ocurrido en la \u00faltima reuni\u00f3n de las provincias del Norte Grande en Salta. En dicho convite, el modelo misionero fue motivo de consulta de varias provincias debido a su autonom\u00eda pol\u00edtica y econ\u00f3mica, por no depender ni pertenecer a ninguno de los dos grandes espacios nacionales.<\/p>\n","protected":false},"excerpt":{"rendered":"<p>El gobierno de Misiones funciona de manera opuesta a lo que se observa a nivel nacional: se privilegia la gesti\u00f3n y la cercan\u00eda con la ciudadan\u00eda, en lugar de las disputas internas de poder o por futuras candidaturas. La b\u00fasqueda de soluciones prima por sobre la pelea de egos. La prioridad pol\u00edtica de los dirigentes [&hellip;]<\/p>\n","protected":false},"author":2,"featured_media":14859,"comment_status":"open","ping_status":"open","sticky":false,"template":"","format":"standard","meta":{"footnotes":""},"categories":[42],"tags":[],"class_list":["post-14858","post","type-post","status-publish","format-standard","has-post-thumbnail","hentry","category-politica"],"yoast_head":"<!-- This site is optimized with the Yoast SEO plugin v27.5 - https:\/\/yoast.com\/product\/yoast-seo-wordpress\/ -->\n<title>Con estilo propio | CVI NOTICIAS<\/title>\n<meta name=\"robots\" content=\"index, follow, max-snippet:-1, max-image-preview:large, max-video-preview:-1\" \/>\n<link rel=\"canonical\" href=\"https:\/\/cvinoticias.com\/v3\/con-estilo-propio\/\" \/>\n<meta property=\"og:locale\" content=\"es_ES\" \/>\n<meta property=\"og:type\" content=\"article\" \/>\n<meta property=\"og:title\" content=\"Con estilo propio | CVI NOTICIAS\" \/>\n<meta property=\"og:description\" content=\"El gobierno de Misiones funciona de manera opuesta a lo que se observa a nivel nacional: se privilegia la gesti\u00f3n y la cercan\u00eda con la ciudadan\u00eda, en lugar de las disputas internas de poder o por futuras candidaturas. La b\u00fasqueda de soluciones prima por sobre la pelea de egos. La prioridad pol\u00edtica de los dirigentes [&hellip;]\" \/>\n<meta property=\"og:url\" content=\"https:\/\/cvinoticias.com\/v3\/con-estilo-propio\/\" \/>\n<meta property=\"og:site_name\" content=\"CVI NOTICIAS\" \/>\n<meta property=\"article:publisher\" content=\"https:\/\/www.facebook.com\/cvinoticias\" \/>\n<meta property=\"article:published_time\" content=\"2022-04-17T12:35:25+00:00\" \/>\n<meta property=\"og:image\" content=\"https:\/\/cvinoticias.com\/wp-content\/uploads\/2022\/04\/IMG-20220417-WA0009.jpg\" \/>\n\t<meta property=\"og:image:width\" content=\"1280\" \/>\n\t<meta property=\"og:image:height\" content=\"853\" \/>\n\t<meta property=\"og:image:type\" content=\"image\/jpeg\" \/>\n<meta name=\"author\" content=\"f1000024\" \/>\n<meta name=\"twitter:card\" content=\"summary_large_image\" \/>\n<meta name=\"twitter:label1\" content=\"Escrito por\" \/>\n\t<meta name=\"twitter:data1\" content=\"f1000024\" \/>\n\t<meta name=\"twitter:label2\" content=\"Tiempo de lectura\" \/>\n\t<meta name=\"twitter:data2\" content=\"3 minutos\" \/>\n<script type=\"application\/ld+json\" class=\"yoast-schema-graph\">{\"@context\":\"https:\\\/\\\/schema.org\",\"@graph\":[{\"@type\":\"Article\",\"@id\":\"https:\\\/\\\/cvinoticias.com\\\/v3\\\/con-estilo-propio\\\/#article\",\"isPartOf\":{\"@id\":\"https:\\\/\\\/cvinoticias.com\\\/v3\\\/con-estilo-propio\\\/\"},\"author\":{\"name\":\"f1000024\",\"@id\":\"https:\\\/\\\/cvinoticias.com\\\/v3\\\/#\\\/schema\\\/person\\\/2db77e3c6bc03c538495d7b2b8be9b66\"},\"headline\":\"Con estilo propio\",\"datePublished\":\"2022-04-17T12:35:25+00:00\",\"mainEntityOfPage\":{\"@id\":\"https:\\\/\\\/cvinoticias.com\\\/v3\\\/con-estilo-propio\\\/\"},\"wordCount\":655,\"commentCount\":0,\"publisher\":{\"@id\":\"https:\\\/\\\/cvinoticias.com\\\/v3\\\/#organization\"},\"image\":{\"@id\":\"https:\\\/\\\/cvinoticias.com\\\/v3\\\/con-estilo-propio\\\/#primaryimage\"},\"thumbnailUrl\":\"https:\\\/\\\/cvinoticias.com\\\/wp-content\\\/uploads\\\/2022\\\/04\\\/IMG-20220417-WA0009.jpg\",\"articleSection\":[\"Politica\"],\"inLanguage\":\"es\",\"potentialAction\":[{\"@type\":\"CommentAction\",\"name\":\"Comment\",\"target\":[\"https:\\\/\\\/cvinoticias.com\\\/v3\\\/con-estilo-propio\\\/#respond\"]}]},{\"@type\":\"WebPage\",\"@id\":\"https:\\\/\\\/cvinoticias.com\\\/v3\\\/con-estilo-propio\\\/\",\"url\":\"https:\\\/\\\/cvinoticias.com\\\/v3\\\/con-estilo-propio\\\/\",\"name\":\"Con estilo propio | CVI NOTICIAS\",\"isPartOf\":{\"@id\":\"https:\\\/\\\/cvinoticias.com\\\/v3\\\/#website\"},\"primaryImageOfPage\":{\"@id\":\"https:\\\/\\\/cvinoticias.com\\\/v3\\\/con-estilo-propio\\\/#primaryimage\"},\"image\":{\"@id\":\"https:\\\/\\\/cvinoticias.com\\\/v3\\\/con-estilo-propio\\\/#primaryimage\"},\"thumbnailUrl\":\"https:\\\/\\\/cvinoticias.com\\\/wp-content\\\/uploads\\\/2022\\\/04\\\/IMG-20220417-WA0009.jpg\",\"datePublished\":\"2022-04-17T12:35:25+00:00\",\"breadcrumb\":{\"@id\":\"https:\\\/\\\/cvinoticias.com\\\/v3\\\/con-estilo-propio\\\/#breadcrumb\"},\"inLanguage\":\"es\",\"potentialAction\":[{\"@type\":\"ReadAction\",\"target\":[\"https:\\\/\\\/cvinoticias.com\\\/v3\\\/con-estilo-propio\\\/\"]}]},{\"@type\":\"ImageObject\",\"inLanguage\":\"es\",\"@id\":\"https:\\\/\\\/cvinoticias.com\\\/v3\\\/con-estilo-propio\\\/#primaryimage\",\"url\":\"https:\\\/\\\/cvinoticias.com\\\/wp-content\\\/uploads\\\/2022\\\/04\\\/IMG-20220417-WA0009.jpg\",\"contentUrl\":\"https:\\\/\\\/cvinoticias.com\\\/wp-content\\\/uploads\\\/2022\\\/04\\\/IMG-20220417-WA0009.jpg\",\"width\":1280,\"height\":853},{\"@type\":\"BreadcrumbList\",\"@id\":\"https:\\\/\\\/cvinoticias.com\\\/v3\\\/con-estilo-propio\\\/#breadcrumb\",\"itemListElement\":[{\"@type\":\"ListItem\",\"position\":1,\"name\":\"Portada\",\"item\":\"https:\\\/\\\/cvinoticias.com\\\/v3\\\/\"},{\"@type\":\"ListItem\",\"position\":2,\"name\":\"Con estilo propio\"}]},{\"@type\":\"WebSite\",\"@id\":\"https:\\\/\\\/cvinoticias.com\\\/v3\\\/#website\",\"url\":\"https:\\\/\\\/cvinoticias.com\\\/v3\\\/\",\"name\":\"CVI NOTICIAS\",\"description\":\"\",\"publisher\":{\"@id\":\"https:\\\/\\\/cvinoticias.com\\\/v3\\\/#organization\"},\"alternateName\":\"CVI\",\"potentialAction\":[{\"@type\":\"SearchAction\",\"target\":{\"@type\":\"EntryPoint\",\"urlTemplate\":\"https:\\\/\\\/cvinoticias.com\\\/v3\\\/?s={search_term_string}\"},\"query-input\":{\"@type\":\"PropertyValueSpecification\",\"valueRequired\":true,\"valueName\":\"search_term_string\"}}],\"inLanguage\":\"es\"},{\"@type\":\"Organization\",\"@id\":\"https:\\\/\\\/cvinoticias.com\\\/v3\\\/#organization\",\"name\":\"CVI NOTICIAS\",\"url\":\"https:\\\/\\\/cvinoticias.com\\\/v3\\\/\",\"logo\":{\"@type\":\"ImageObject\",\"inLanguage\":\"es\",\"@id\":\"https:\\\/\\\/cvinoticias.com\\\/v3\\\/#\\\/schema\\\/logo\\\/image\\\/\",\"url\":\"https:\\\/\\\/cvinoticias.com\\\/wp-content\\\/uploads\\\/2023\\\/04\\\/cropped-cropped-cropped-cropped-cropped-3-1.png\",\"contentUrl\":\"https:\\\/\\\/cvinoticias.com\\\/wp-content\\\/uploads\\\/2023\\\/04\\\/cropped-cropped-cropped-cropped-cropped-3-1.png\",\"width\":95,\"height\":122,\"caption\":\"CVI NOTICIAS\"},\"image\":{\"@id\":\"https:\\\/\\\/cvinoticias.com\\\/v3\\\/#\\\/schema\\\/logo\\\/image\\\/\"},\"sameAs\":[\"https:\\\/\\\/www.facebook.com\\\/cvinoticias\",\"https:\\\/\\\/www.instagram.com\\\/cvinoticias\\\/\",\"https:\\\/\\\/www.youtube.com\\\/@CVINOTICIAS\"]},{\"@type\":\"Person\",\"@id\":\"https:\\\/\\\/cvinoticias.com\\\/v3\\\/#\\\/schema\\\/person\\\/2db77e3c6bc03c538495d7b2b8be9b66\",\"name\":\"f1000024\",\"image\":{\"@type\":\"ImageObject\",\"inLanguage\":\"es\",\"@id\":\"https:\\\/\\\/secure.gravatar.com\\\/avatar\\\/d4fe7459cfc51ff5129ce1a732bbef5928568b8092d412ef95611616376bbeed?s=96&d=mm&r=g\",\"url\":\"https:\\\/\\\/secure.gravatar.com\\\/avatar\\\/d4fe7459cfc51ff5129ce1a732bbef5928568b8092d412ef95611616376bbeed?s=96&d=mm&r=g\",\"contentUrl\":\"https:\\\/\\\/secure.gravatar.com\\\/avatar\\\/d4fe7459cfc51ff5129ce1a732bbef5928568b8092d412ef95611616376bbeed?s=96&d=mm&r=g\",\"caption\":\"f1000024\"},\"url\":\"https:\\\/\\\/cvinoticias.com\\\/v3\\\/author\\\/f1000024\\\/\"}]}<\/script>\n<!-- \/ Yoast SEO plugin. -->","yoast_head_json":{"title":"Con estilo propio | CVI NOTICIAS","robots":{"index":"index","follow":"follow","max-snippet":"max-snippet:-1","max-image-preview":"max-image-preview:large","max-video-preview":"max-video-preview:-1"},"canonical":"https:\/\/cvinoticias.com\/v3\/con-estilo-propio\/","og_locale":"es_ES","og_type":"article","og_title":"Con estilo propio | CVI NOTICIAS","og_description":"El gobierno de Misiones funciona de manera opuesta a lo que se observa a nivel nacional: se privilegia la gesti\u00f3n y la cercan\u00eda con la ciudadan\u00eda, en lugar de las disputas internas de poder o por futuras candidaturas. La b\u00fasqueda de soluciones prima por sobre la pelea de egos. La prioridad pol\u00edtica de los dirigentes [&hellip;]","og_url":"https:\/\/cvinoticias.com\/v3\/con-estilo-propio\/","og_site_name":"CVI NOTICIAS","article_publisher":"https:\/\/www.facebook.com\/cvinoticias","article_published_time":"2022-04-17T12:35:25+00:00","og_image":[{"width":1280,"height":853,"url":"https:\/\/cvinoticias.com\/wp-content\/uploads\/2022\/04\/IMG-20220417-WA0009.jpg","type":"image\/jpeg"}],"author":"f1000024","twitter_card":"summary_large_image","twitter_misc":{"Escrito por":"f1000024","Tiempo de lectura":"3 minutos"},"schema":{"@context":"https:\/\/schema.org","@graph":[{"@type":"Article","@id":"https:\/\/cvinoticias.com\/v3\/con-estilo-propio\/#article","isPartOf":{"@id":"https:\/\/cvinoticias.com\/v3\/con-estilo-propio\/"},"author":{"name":"f1000024","@id":"https:\/\/cvinoticias.com\/v3\/#\/schema\/person\/2db77e3c6bc03c538495d7b2b8be9b66"},"headline":"Con estilo propio","datePublished":"2022-04-17T12:35:25+00:00","mainEntityOfPage":{"@id":"https:\/\/cvinoticias.com\/v3\/con-estilo-propio\/"},"wordCount":655,"commentCount":0,"publisher":{"@id":"https:\/\/cvinoticias.com\/v3\/#organization"},"image":{"@id":"https:\/\/cvinoticias.com\/v3\/con-estilo-propio\/#primaryimage"},"thumbnailUrl":"https:\/\/cvinoticias.com\/wp-content\/uploads\/2022\/04\/IMG-20220417-WA0009.jpg","articleSection":["Politica"],"inLanguage":"es","potentialAction":[{"@type":"CommentAction","name":"Comment","target":["https:\/\/cvinoticias.com\/v3\/con-estilo-propio\/#respond"]}]},{"@type":"WebPage","@id":"https:\/\/cvinoticias.com\/v3\/con-estilo-propio\/","url":"https:\/\/cvinoticias.com\/v3\/con-estilo-propio\/","name":"Con estilo propio | CVI NOTICIAS","isPartOf":{"@id":"https:\/\/cvinoticias.com\/v3\/#website"},"primaryImageOfPage":{"@id":"https:\/\/cvinoticias.com\/v3\/con-estilo-propio\/#primaryimage"},"image":{"@id":"https:\/\/cvinoticias.com\/v3\/con-estilo-propio\/#primaryimage"},"thumbnailUrl":"https:\/\/cvinoticias.com\/wp-content\/uploads\/2022\/04\/IMG-20220417-WA0009.jpg","datePublished":"2022-04-17T12:35:25+00:00","breadcrumb":{"@id":"https:\/\/cvinoticias.com\/v3\/con-estilo-propio\/#breadcrumb"},"inLanguage":"es","potentialAction":[{"@type":"ReadAction","target":["https:\/\/cvinoticias.com\/v3\/con-estilo-propio\/"]}]},{"@type":"ImageObject","inLanguage":"es","@id":"https:\/\/cvinoticias.com\/v3\/con-estilo-propio\/#primaryimage","url":"https:\/\/cvinoticias.com\/wp-content\/uploads\/2022\/04\/IMG-20220417-WA0009.jpg","contentUrl":"https:\/\/cvinoticias.com\/wp-content\/uploads\/2022\/04\/IMG-20220417-WA0009.jpg","width":1280,"height":853},{"@type":"BreadcrumbList","@id":"https:\/\/cvinoticias.com\/v3\/con-estilo-propio\/#breadcrumb","itemListElement":[{"@type":"ListItem","position":1,"name":"Portada","item":"https:\/\/cvinoticias.com\/v3\/"},{"@type":"ListItem","position":2,"name":"Con estilo propio"}]},{"@type":"WebSite","@id":"https:\/\/cvinoticias.com\/v3\/#website","url":"https:\/\/cvinoticias.com\/v3\/","name":"CVI NOTICIAS","description":"","publisher":{"@id":"https:\/\/cvinoticias.com\/v3\/#organization"},"alternateName":"CVI","potentialAction":[{"@type":"SearchAction","target":{"@type":"EntryPoint","urlTemplate":"https:\/\/cvinoticias.com\/v3\/?s={search_term_string}"},"query-input":{"@type":"PropertyValueSpecification","valueRequired":true,"valueName":"search_term_string"}}],"inLanguage":"es"},{"@type":"Organization","@id":"https:\/\/cvinoticias.com\/v3\/#organization","name":"CVI NOTICIAS","url":"https:\/\/cvinoticias.com\/v3\/","logo":{"@type":"ImageObject","inLanguage":"es","@id":"https:\/\/cvinoticias.com\/v3\/#\/schema\/logo\/image\/","url":"https:\/\/cvinoticias.com\/wp-content\/uploads\/2023\/04\/cropped-cropped-cropped-cropped-cropped-3-1.png","contentUrl":"https:\/\/cvinoticias.com\/wp-content\/uploads\/2023\/04\/cropped-cropped-cropped-cropped-cropped-3-1.png","width":95,"height":122,"caption":"CVI NOTICIAS"},"image":{"@id":"https:\/\/cvinoticias.com\/v3\/#\/schema\/logo\/image\/"},"sameAs":["https:\/\/www.facebook.com\/cvinoticias","https:\/\/www.instagram.com\/cvinoticias\/","https:\/\/www.youtube.com\/@CVINOTICIAS"]},{"@type":"Person","@id":"https:\/\/cvinoticias.com\/v3\/#\/schema\/person\/2db77e3c6bc03c538495d7b2b8be9b66","name":"f1000024","image":{"@type":"ImageObject","inLanguage":"es","@id":"https:\/\/secure.gravatar.com\/avatar\/d4fe7459cfc51ff5129ce1a732bbef5928568b8092d412ef95611616376bbeed?s=96&d=mm&r=g","url":"https:\/\/secure.gravatar.com\/avatar\/d4fe7459cfc51ff5129ce1a732bbef5928568b8092d412ef95611616376bbeed?s=96&d=mm&r=g","contentUrl":"https:\/\/secure.gravatar.com\/avatar\/d4fe7459cfc51ff5129ce1a732bbef5928568b8092d412ef95611616376bbeed?s=96&d=mm&r=g","caption":"f1000024"},"url":"https:\/\/cvinoticias.com\/v3\/author\/f1000024\/"}]}},"_links":{"self":[{"href":"https:\/\/cvinoticias.com\/v3\/wp-json\/wp\/v2\/posts\/14858","targetHints":{"allow":["GET"]}}],"collection":[{"href":"https:\/\/cvinoticias.com\/v3\/wp-json\/wp\/v2\/posts"}],"about":[{"href":"https:\/\/cvinoticias.com\/v3\/wp-json\/wp\/v2\/types\/post"}],"author":[{"embeddable":true,"href":"https:\/\/cvinoticias.com\/v3\/wp-json\/wp\/v2\/users\/2"}],"replies":[{"embeddable":true,"href":"https:\/\/cvinoticias.com\/v3\/wp-json\/wp\/v2\/comments?post=14858"}],"version-history":[{"count":1,"href":"https:\/\/cvinoticias.com\/v3\/wp-json\/wp\/v2\/posts\/14858\/revisions"}],"predecessor-version":[{"id":14860,"href":"https:\/\/cvinoticias.com\/v3\/wp-json\/wp\/v2\/posts\/14858\/revisions\/14860"}],"wp:featuredmedia":[{"embeddable":true,"href":"https:\/\/cvinoticias.com\/v3\/wp-json\/wp\/v2\/media\/14859"}],"wp:attachment":[{"href":"https:\/\/cvinoticias.com\/v3\/wp-json\/wp\/v2\/media?parent=14858"}],"wp:term":[{"taxonomy":"category","embeddable":true,"href":"https:\/\/cvinoticias.com\/v3\/wp-json\/wp\/v2\/categories?post=14858"},{"taxonomy":"post_tag","embeddable":true,"href":"https:\/\/cvinoticias.com\/v3\/wp-json\/wp\/v2\/tags?post=14858"}],"curies":[{"name":"wp","href":"https:\/\/api.w.org\/{rel}","templated":true}]}}