{"id":14844,"date":"2022-04-15T19:44:07","date_gmt":"2022-04-15T19:44:07","guid":{"rendered":"https:\/\/cvinoticias.com\/v3\/?p=14844"},"modified":"2022-04-15T19:44:07","modified_gmt":"2022-04-15T19:44:07","slug":"mas-de-25-millones-de-personas-viajaran-por-el-pais-durante-el-fin-de-semana-largo","status":"publish","type":"post","link":"https:\/\/cvinoticias.com\/v3\/mas-de-25-millones-de-personas-viajaran-por-el-pais-durante-el-fin-de-semana-largo\/","title":{"rendered":"M\u00e1s de 2,5 millones de personas viajar\u00e1n por el pa\u00eds durante el fin de semana largo"},"content":{"rendered":"\n<p><strong><em>Seg\u00fan las estad\u00edsticas de Turismo, el destino m\u00e1s elegido de PreViaje para este fin de semana largo fue Iguaz\u00fa, seguido por Bariloche, Ushuaia, Salta y Calafate.<\/em><\/strong><\/p>\n\n\n\n<p>\u201cEl turismo es uno de los sectores que lideran la recuperaci\u00f3n del empleo y la reactivaci\u00f3n de la econom\u00eda de nuestro pa\u00eds\u201d, asegur\u00f3 el ministro Lammens.<\/p>\n\n\n\n<p>M\u00e1s de 2,5 millones de personas se movilizar\u00e1n hacia distintos puntos tur\u00edsticos del pa\u00eds durante el fin de semana largo con motivo de los feriados de Semana Santa, en donde las reservas de hospedaje, en algunos lugares superan el 90%.<\/p>\n\n\n\n<p>En el norte del pa\u00eds como Jujuy, la Quebrada de Humahuaca, Tafi del Valle, Salta y La Rioja. Al igual que en el Litoral, la provincia de Entre R\u00edos Rosario, Iber\u00e1 y Puerto Iguaz\u00fa, la \u201cocupaci\u00f3n es casi plena\u201d, asegur\u00f3 el Ministerio de Turismo y Deportes de la Naci\u00f3n a trav\u00e9s de un comunicado.<\/p>\n\n\n\n<p>Asimismo, la cartera de turismo asegur\u00f3 que el nivel de reservas en la ciudad de Buenos Aires, alcanza el 91 por ciento y agreg\u00f3 que \u00e9ste \u201cfue el destino que m\u00e1s tard\u00f3 en recuperarse, pero ahora de la mano del fuerte impulso que est\u00e1 teniendo el turismo receptivo y del PreViaje va a tener una Semana Santa r\u00e9cord\u201d.<\/p>\n\n\n\n<p>En tanto, esta ocupaci\u00f3n ronda el 90% en el Partido de la Costa, Pinamar, Tandil, Rosario, Bariloche, Ushuaia, Iguaz\u00fa en Misiones, la localidad puntana de Merlo, Federaci\u00f3n en Entre R\u00edos y las ciudades de Buenos Aires, Salta y Mendoza.<\/p>\n\n\n\n<p>\u201cGracias al impulso de PreViaje y la fuerte recuperaci\u00f3n del turismo receptivo vamos a vivir una Semana Santa r\u00e9cord, en l\u00ednea con lo que fue una temporada de verano hist\u00f3rica\u201d, afirm\u00f3 Mat\u00edas Lammens. Y agreg\u00f3: \u201cEl turismo est\u00e1 definitivamente en marcha y es uno de los sectores que lideran la recuperaci\u00f3n del empleo y la reactivaci\u00f3n de la econom\u00eda de nuestro pa\u00eds\u201d.<\/p>\n\n\n\n<p>De acuerdo a informaci\u00f3n oficial, m\u00e1s de 750 mil personas accedieron al programa PreViaje para visitar destinos durante marzo y abril de 2022. De esta manera, el programa logr\u00f3 extender una temporada de verano r\u00e9cord, en la que se moviliz\u00f3 un 44% m\u00e1s de turistas que en 2021 y un 2,4% m\u00e1s que en la temporada 2020, que fue hist\u00f3rica y gener\u00f3 ingresos superiores a los $635.000 millones.<\/p>\n","protected":false},"excerpt":{"rendered":"<p>Seg\u00fan las estad\u00edsticas de Turismo, el destino m\u00e1s elegido de PreViaje para este fin de semana largo fue Iguaz\u00fa, seguido por Bariloche, Ushuaia, Salta y Calafate. \u201cEl turismo es uno de los sectores que lideran la recuperaci\u00f3n del empleo y la reactivaci\u00f3n de la econom\u00eda de nuestro pa\u00eds\u201d, asegur\u00f3 el ministro Lammens. M\u00e1s de 2,5 [&hellip;]<\/p>\n","protected":false},"author":2,"featured_media":14845,"comment_status":"open","ping_status":"open","sticky":false,"template":"","format":"standard","meta":{"footnotes":""},"categories":[50],"tags":[],"class_list":["post-14844","post","type-post","status-publish","format-standard","has-post-thumbnail","hentry","category-turismo"],"yoast_head":"<!-- This site is optimized with the Yoast SEO plugin v27.5 - https:\/\/yoast.com\/product\/yoast-seo-wordpress\/ -->\n<title>M\u00e1s de 2,5 millones de personas viajar\u00e1n por el pa\u00eds durante el fin de semana largo | CVI NOTICIAS<\/title>\n<meta name=\"robots\" content=\"index, follow, max-snippet:-1, max-image-preview:large, max-video-preview:-1\" \/>\n<link rel=\"canonical\" href=\"https:\/\/cvinoticias.com\/v3\/mas-de-25-millones-de-personas-viajaran-por-el-pais-durante-el-fin-de-semana-largo\/\" \/>\n<meta property=\"og:locale\" content=\"es_ES\" \/>\n<meta property=\"og:type\" content=\"article\" \/>\n<meta property=\"og:title\" content=\"M\u00e1s de 2,5 millones de personas viajar\u00e1n por el pa\u00eds durante el fin de semana largo | CVI NOTICIAS\" \/>\n<meta property=\"og:description\" content=\"Seg\u00fan las estad\u00edsticas de Turismo, el destino m\u00e1s elegido de PreViaje para este fin de semana largo fue Iguaz\u00fa, seguido por Bariloche, Ushuaia, Salta y Calafate. \u201cEl turismo es uno de los sectores que lideran la recuperaci\u00f3n del empleo y la reactivaci\u00f3n de la econom\u00eda de nuestro pa\u00eds\u201d, asegur\u00f3 el ministro Lammens. M\u00e1s de 2,5 [&hellip;]\" \/>\n<meta property=\"og:url\" content=\"https:\/\/cvinoticias.com\/v3\/mas-de-25-millones-de-personas-viajaran-por-el-pais-durante-el-fin-de-semana-largo\/\" \/>\n<meta property=\"og:site_name\" content=\"CVI NOTICIAS\" \/>\n<meta property=\"article:publisher\" content=\"https:\/\/www.facebook.com\/cvinoticias\" \/>\n<meta property=\"article:published_time\" content=\"2022-04-15T19:44:07+00:00\" \/>\n<meta property=\"og:image\" content=\"https:\/\/cvinoticias.com\/wp-content\/uploads\/2022\/04\/cataratas-iguazu-4-39h72hnuo7lg-3f0grtih7j60.jpg\" \/>\n\t<meta property=\"og:image:width\" content=\"816\" \/>\n\t<meta property=\"og:image:height\" content=\"500\" \/>\n\t<meta property=\"og:image:type\" content=\"image\/jpeg\" \/>\n<meta name=\"author\" content=\"f1000024\" \/>\n<meta name=\"twitter:card\" content=\"summary_large_image\" \/>\n<meta name=\"twitter:label1\" content=\"Escrito por\" \/>\n\t<meta name=\"twitter:data1\" content=\"f1000024\" \/>\n\t<meta name=\"twitter:label2\" content=\"Tiempo de lectura\" \/>\n\t<meta name=\"twitter:data2\" content=\"2 minutos\" \/>\n<script type=\"application\/ld+json\" class=\"yoast-schema-graph\">{\"@context\":\"https:\\\/\\\/schema.org\",\"@graph\":[{\"@type\":\"Article\",\"@id\":\"https:\\\/\\\/cvinoticias.com\\\/v3\\\/mas-de-25-millones-de-personas-viajaran-por-el-pais-durante-el-fin-de-semana-largo\\\/#article\",\"isPartOf\":{\"@id\":\"https:\\\/\\\/cvinoticias.com\\\/v3\\\/mas-de-25-millones-de-personas-viajaran-por-el-pais-durante-el-fin-de-semana-largo\\\/\"},\"author\":{\"name\":\"f1000024\",\"@id\":\"https:\\\/\\\/cvinoticias.com\\\/v3\\\/#\\\/schema\\\/person\\\/2db77e3c6bc03c538495d7b2b8be9b66\"},\"headline\":\"M\u00e1s de 2,5 millones de personas viajar\u00e1n por el pa\u00eds durante el fin de semana largo\",\"datePublished\":\"2022-04-15T19:44:07+00:00\",\"mainEntityOfPage\":{\"@id\":\"https:\\\/\\\/cvinoticias.com\\\/v3\\\/mas-de-25-millones-de-personas-viajaran-por-el-pais-durante-el-fin-de-semana-largo\\\/\"},\"wordCount\":416,\"commentCount\":0,\"publisher\":{\"@id\":\"https:\\\/\\\/cvinoticias.com\\\/v3\\\/#organization\"},\"image\":{\"@id\":\"https:\\\/\\\/cvinoticias.com\\\/v3\\\/mas-de-25-millones-de-personas-viajaran-por-el-pais-durante-el-fin-de-semana-largo\\\/#primaryimage\"},\"thumbnailUrl\":\"https:\\\/\\\/cvinoticias.com\\\/wp-content\\\/uploads\\\/2022\\\/04\\\/cataratas-iguazu-4-39h72hnuo7lg-3f0grtih7j60.jpg\",\"articleSection\":[\"Turismo\"],\"inLanguage\":\"es\",\"potentialAction\":[{\"@type\":\"CommentAction\",\"name\":\"Comment\",\"target\":[\"https:\\\/\\\/cvinoticias.com\\\/v3\\\/mas-de-25-millones-de-personas-viajaran-por-el-pais-durante-el-fin-de-semana-largo\\\/#respond\"]}]},{\"@type\":\"WebPage\",\"@id\":\"https:\\\/\\\/cvinoticias.com\\\/v3\\\/mas-de-25-millones-de-personas-viajaran-por-el-pais-durante-el-fin-de-semana-largo\\\/\",\"url\":\"https:\\\/\\\/cvinoticias.com\\\/v3\\\/mas-de-25-millones-de-personas-viajaran-por-el-pais-durante-el-fin-de-semana-largo\\\/\",\"name\":\"M\u00e1s de 2,5 millones de personas viajar\u00e1n por el pa\u00eds durante el fin de semana largo | CVI NOTICIAS\",\"isPartOf\":{\"@id\":\"https:\\\/\\\/cvinoticias.com\\\/v3\\\/#website\"},\"primaryImageOfPage\":{\"@id\":\"https:\\\/\\\/cvinoticias.com\\\/v3\\\/mas-de-25-millones-de-personas-viajaran-por-el-pais-durante-el-fin-de-semana-largo\\\/#primaryimage\"},\"image\":{\"@id\":\"https:\\\/\\\/cvinoticias.com\\\/v3\\\/mas-de-25-millones-de-personas-viajaran-por-el-pais-durante-el-fin-de-semana-largo\\\/#primaryimage\"},\"thumbnailUrl\":\"https:\\\/\\\/cvinoticias.com\\\/wp-content\\\/uploads\\\/2022\\\/04\\\/cataratas-iguazu-4-39h72hnuo7lg-3f0grtih7j60.jpg\",\"datePublished\":\"2022-04-15T19:44:07+00:00\",\"breadcrumb\":{\"@id\":\"https:\\\/\\\/cvinoticias.com\\\/v3\\\/mas-de-25-millones-de-personas-viajaran-por-el-pais-durante-el-fin-de-semana-largo\\\/#breadcrumb\"},\"inLanguage\":\"es\",\"potentialAction\":[{\"@type\":\"ReadAction\",\"target\":[\"https:\\\/\\\/cvinoticias.com\\\/v3\\\/mas-de-25-millones-de-personas-viajaran-por-el-pais-durante-el-fin-de-semana-largo\\\/\"]}]},{\"@type\":\"ImageObject\",\"inLanguage\":\"es\",\"@id\":\"https:\\\/\\\/cvinoticias.com\\\/v3\\\/mas-de-25-millones-de-personas-viajaran-por-el-pais-durante-el-fin-de-semana-largo\\\/#primaryimage\",\"url\":\"https:\\\/\\\/cvinoticias.com\\\/wp-content\\\/uploads\\\/2022\\\/04\\\/cataratas-iguazu-4-39h72hnuo7lg-3f0grtih7j60.jpg\",\"contentUrl\":\"https:\\\/\\\/cvinoticias.com\\\/wp-content\\\/uploads\\\/2022\\\/04\\\/cataratas-iguazu-4-39h72hnuo7lg-3f0grtih7j60.jpg\",\"width\":816,\"height\":500},{\"@type\":\"BreadcrumbList\",\"@id\":\"https:\\\/\\\/cvinoticias.com\\\/v3\\\/mas-de-25-millones-de-personas-viajaran-por-el-pais-durante-el-fin-de-semana-largo\\\/#breadcrumb\",\"itemListElement\":[{\"@type\":\"ListItem\",\"position\":1,\"name\":\"Portada\",\"item\":\"https:\\\/\\\/cvinoticias.com\\\/v3\\\/\"},{\"@type\":\"ListItem\",\"position\":2,\"name\":\"M\u00e1s de 2,5 millones de personas viajar\u00e1n por el pa\u00eds durante el fin de semana largo\"}]},{\"@type\":\"WebSite\",\"@id\":\"https:\\\/\\\/cvinoticias.com\\\/v3\\\/#website\",\"url\":\"https:\\\/\\\/cvinoticias.com\\\/v3\\\/\",\"name\":\"CVI NOTICIAS\",\"description\":\"\",\"publisher\":{\"@id\":\"https:\\\/\\\/cvinoticias.com\\\/v3\\\/#organization\"},\"alternateName\":\"CVI\",\"potentialAction\":[{\"@type\":\"SearchAction\",\"target\":{\"@type\":\"EntryPoint\",\"urlTemplate\":\"https:\\\/\\\/cvinoticias.com\\\/v3\\\/?s={search_term_string}\"},\"query-input\":{\"@type\":\"PropertyValueSpecification\",\"valueRequired\":true,\"valueName\":\"search_term_string\"}}],\"inLanguage\":\"es\"},{\"@type\":\"Organization\",\"@id\":\"https:\\\/\\\/cvinoticias.com\\\/v3\\\/#organization\",\"name\":\"CVI NOTICIAS\",\"url\":\"https:\\\/\\\/cvinoticias.com\\\/v3\\\/\",\"logo\":{\"@type\":\"ImageObject\",\"inLanguage\":\"es\",\"@id\":\"https:\\\/\\\/cvinoticias.com\\\/v3\\\/#\\\/schema\\\/logo\\\/image\\\/\",\"url\":\"https:\\\/\\\/cvinoticias.com\\\/wp-content\\\/uploads\\\/2023\\\/04\\\/cropped-cropped-cropped-cropped-cropped-3-1.png\",\"contentUrl\":\"https:\\\/\\\/cvinoticias.com\\\/wp-content\\\/uploads\\\/2023\\\/04\\\/cropped-cropped-cropped-cropped-cropped-3-1.png\",\"width\":95,\"height\":122,\"caption\":\"CVI NOTICIAS\"},\"image\":{\"@id\":\"https:\\\/\\\/cvinoticias.com\\\/v3\\\/#\\\/schema\\\/logo\\\/image\\\/\"},\"sameAs\":[\"https:\\\/\\\/www.facebook.com\\\/cvinoticias\",\"https:\\\/\\\/www.instagram.com\\\/cvinoticias\\\/\",\"https:\\\/\\\/www.youtube.com\\\/@CVINOTICIAS\"]},{\"@type\":\"Person\",\"@id\":\"https:\\\/\\\/cvinoticias.com\\\/v3\\\/#\\\/schema\\\/person\\\/2db77e3c6bc03c538495d7b2b8be9b66\",\"name\":\"f1000024\",\"image\":{\"@type\":\"ImageObject\",\"inLanguage\":\"es\",\"@id\":\"https:\\\/\\\/secure.gravatar.com\\\/avatar\\\/d4fe7459cfc51ff5129ce1a732bbef5928568b8092d412ef95611616376bbeed?s=96&d=mm&r=g\",\"url\":\"https:\\\/\\\/secure.gravatar.com\\\/avatar\\\/d4fe7459cfc51ff5129ce1a732bbef5928568b8092d412ef95611616376bbeed?s=96&d=mm&r=g\",\"contentUrl\":\"https:\\\/\\\/secure.gravatar.com\\\/avatar\\\/d4fe7459cfc51ff5129ce1a732bbef5928568b8092d412ef95611616376bbeed?s=96&d=mm&r=g\",\"caption\":\"f1000024\"},\"url\":\"https:\\\/\\\/cvinoticias.com\\\/v3\\\/author\\\/f1000024\\\/\"}]}<\/script>\n<!-- \/ Yoast SEO plugin. -->","yoast_head_json":{"title":"M\u00e1s de 2,5 millones de personas viajar\u00e1n por el pa\u00eds durante el fin de semana largo | CVI NOTICIAS","robots":{"index":"index","follow":"follow","max-snippet":"max-snippet:-1","max-image-preview":"max-image-preview:large","max-video-preview":"max-video-preview:-1"},"canonical":"https:\/\/cvinoticias.com\/v3\/mas-de-25-millones-de-personas-viajaran-por-el-pais-durante-el-fin-de-semana-largo\/","og_locale":"es_ES","og_type":"article","og_title":"M\u00e1s de 2,5 millones de personas viajar\u00e1n por el pa\u00eds durante el fin de semana largo | CVI NOTICIAS","og_description":"Seg\u00fan las estad\u00edsticas de Turismo, el destino m\u00e1s elegido de PreViaje para este fin de semana largo fue Iguaz\u00fa, seguido por Bariloche, Ushuaia, Salta y Calafate. \u201cEl turismo es uno de los sectores que lideran la recuperaci\u00f3n del empleo y la reactivaci\u00f3n de la econom\u00eda de nuestro pa\u00eds\u201d, asegur\u00f3 el ministro Lammens. M\u00e1s de 2,5 [&hellip;]","og_url":"https:\/\/cvinoticias.com\/v3\/mas-de-25-millones-de-personas-viajaran-por-el-pais-durante-el-fin-de-semana-largo\/","og_site_name":"CVI NOTICIAS","article_publisher":"https:\/\/www.facebook.com\/cvinoticias","article_published_time":"2022-04-15T19:44:07+00:00","og_image":[{"width":816,"height":500,"url":"https:\/\/cvinoticias.com\/wp-content\/uploads\/2022\/04\/cataratas-iguazu-4-39h72hnuo7lg-3f0grtih7j60.jpg","type":"image\/jpeg"}],"author":"f1000024","twitter_card":"summary_large_image","twitter_misc":{"Escrito por":"f1000024","Tiempo de lectura":"2 minutos"},"schema":{"@context":"https:\/\/schema.org","@graph":[{"@type":"Article","@id":"https:\/\/cvinoticias.com\/v3\/mas-de-25-millones-de-personas-viajaran-por-el-pais-durante-el-fin-de-semana-largo\/#article","isPartOf":{"@id":"https:\/\/cvinoticias.com\/v3\/mas-de-25-millones-de-personas-viajaran-por-el-pais-durante-el-fin-de-semana-largo\/"},"author":{"name":"f1000024","@id":"https:\/\/cvinoticias.com\/v3\/#\/schema\/person\/2db77e3c6bc03c538495d7b2b8be9b66"},"headline":"M\u00e1s de 2,5 millones de personas viajar\u00e1n por el pa\u00eds durante el fin de semana largo","datePublished":"2022-04-15T19:44:07+00:00","mainEntityOfPage":{"@id":"https:\/\/cvinoticias.com\/v3\/mas-de-25-millones-de-personas-viajaran-por-el-pais-durante-el-fin-de-semana-largo\/"},"wordCount":416,"commentCount":0,"publisher":{"@id":"https:\/\/cvinoticias.com\/v3\/#organization"},"image":{"@id":"https:\/\/cvinoticias.com\/v3\/mas-de-25-millones-de-personas-viajaran-por-el-pais-durante-el-fin-de-semana-largo\/#primaryimage"},"thumbnailUrl":"https:\/\/cvinoticias.com\/wp-content\/uploads\/2022\/04\/cataratas-iguazu-4-39h72hnuo7lg-3f0grtih7j60.jpg","articleSection":["Turismo"],"inLanguage":"es","potentialAction":[{"@type":"CommentAction","name":"Comment","target":["https:\/\/cvinoticias.com\/v3\/mas-de-25-millones-de-personas-viajaran-por-el-pais-durante-el-fin-de-semana-largo\/#respond"]}]},{"@type":"WebPage","@id":"https:\/\/cvinoticias.com\/v3\/mas-de-25-millones-de-personas-viajaran-por-el-pais-durante-el-fin-de-semana-largo\/","url":"https:\/\/cvinoticias.com\/v3\/mas-de-25-millones-de-personas-viajaran-por-el-pais-durante-el-fin-de-semana-largo\/","name":"M\u00e1s de 2,5 millones de personas viajar\u00e1n por el pa\u00eds durante el fin de semana largo | CVI NOTICIAS","isPartOf":{"@id":"https:\/\/cvinoticias.com\/v3\/#website"},"primaryImageOfPage":{"@id":"https:\/\/cvinoticias.com\/v3\/mas-de-25-millones-de-personas-viajaran-por-el-pais-durante-el-fin-de-semana-largo\/#primaryimage"},"image":{"@id":"https:\/\/cvinoticias.com\/v3\/mas-de-25-millones-de-personas-viajaran-por-el-pais-durante-el-fin-de-semana-largo\/#primaryimage"},"thumbnailUrl":"https:\/\/cvinoticias.com\/wp-content\/uploads\/2022\/04\/cataratas-iguazu-4-39h72hnuo7lg-3f0grtih7j60.jpg","datePublished":"2022-04-15T19:44:07+00:00","breadcrumb":{"@id":"https:\/\/cvinoticias.com\/v3\/mas-de-25-millones-de-personas-viajaran-por-el-pais-durante-el-fin-de-semana-largo\/#breadcrumb"},"inLanguage":"es","potentialAction":[{"@type":"ReadAction","target":["https:\/\/cvinoticias.com\/v3\/mas-de-25-millones-de-personas-viajaran-por-el-pais-durante-el-fin-de-semana-largo\/"]}]},{"@type":"ImageObject","inLanguage":"es","@id":"https:\/\/cvinoticias.com\/v3\/mas-de-25-millones-de-personas-viajaran-por-el-pais-durante-el-fin-de-semana-largo\/#primaryimage","url":"https:\/\/cvinoticias.com\/wp-content\/uploads\/2022\/04\/cataratas-iguazu-4-39h72hnuo7lg-3f0grtih7j60.jpg","contentUrl":"https:\/\/cvinoticias.com\/wp-content\/uploads\/2022\/04\/cataratas-iguazu-4-39h72hnuo7lg-3f0grtih7j60.jpg","width":816,"height":500},{"@type":"BreadcrumbList","@id":"https:\/\/cvinoticias.com\/v3\/mas-de-25-millones-de-personas-viajaran-por-el-pais-durante-el-fin-de-semana-largo\/#breadcrumb","itemListElement":[{"@type":"ListItem","position":1,"name":"Portada","item":"https:\/\/cvinoticias.com\/v3\/"},{"@type":"ListItem","position":2,"name":"M\u00e1s de 2,5 millones de personas viajar\u00e1n por el pa\u00eds durante el fin de semana largo"}]},{"@type":"WebSite","@id":"https:\/\/cvinoticias.com\/v3\/#website","url":"https:\/\/cvinoticias.com\/v3\/","name":"CVI NOTICIAS","description":"","publisher":{"@id":"https:\/\/cvinoticias.com\/v3\/#organization"},"alternateName":"CVI","potentialAction":[{"@type":"SearchAction","target":{"@type":"EntryPoint","urlTemplate":"https:\/\/cvinoticias.com\/v3\/?s={search_term_string}"},"query-input":{"@type":"PropertyValueSpecification","valueRequired":true,"valueName":"search_term_string"}}],"inLanguage":"es"},{"@type":"Organization","@id":"https:\/\/cvinoticias.com\/v3\/#organization","name":"CVI NOTICIAS","url":"https:\/\/cvinoticias.com\/v3\/","logo":{"@type":"ImageObject","inLanguage":"es","@id":"https:\/\/cvinoticias.com\/v3\/#\/schema\/logo\/image\/","url":"https:\/\/cvinoticias.com\/wp-content\/uploads\/2023\/04\/cropped-cropped-cropped-cropped-cropped-3-1.png","contentUrl":"https:\/\/cvinoticias.com\/wp-content\/uploads\/2023\/04\/cropped-cropped-cropped-cropped-cropped-3-1.png","width":95,"height":122,"caption":"CVI NOTICIAS"},"image":{"@id":"https:\/\/cvinoticias.com\/v3\/#\/schema\/logo\/image\/"},"sameAs":["https:\/\/www.facebook.com\/cvinoticias","https:\/\/www.instagram.com\/cvinoticias\/","https:\/\/www.youtube.com\/@CVINOTICIAS"]},{"@type":"Person","@id":"https:\/\/cvinoticias.com\/v3\/#\/schema\/person\/2db77e3c6bc03c538495d7b2b8be9b66","name":"f1000024","image":{"@type":"ImageObject","inLanguage":"es","@id":"https:\/\/secure.gravatar.com\/avatar\/d4fe7459cfc51ff5129ce1a732bbef5928568b8092d412ef95611616376bbeed?s=96&d=mm&r=g","url":"https:\/\/secure.gravatar.com\/avatar\/d4fe7459cfc51ff5129ce1a732bbef5928568b8092d412ef95611616376bbeed?s=96&d=mm&r=g","contentUrl":"https:\/\/secure.gravatar.com\/avatar\/d4fe7459cfc51ff5129ce1a732bbef5928568b8092d412ef95611616376bbeed?s=96&d=mm&r=g","caption":"f1000024"},"url":"https:\/\/cvinoticias.com\/v3\/author\/f1000024\/"}]}},"_links":{"self":[{"href":"https:\/\/cvinoticias.com\/v3\/wp-json\/wp\/v2\/posts\/14844","targetHints":{"allow":["GET"]}}],"collection":[{"href":"https:\/\/cvinoticias.com\/v3\/wp-json\/wp\/v2\/posts"}],"about":[{"href":"https:\/\/cvinoticias.com\/v3\/wp-json\/wp\/v2\/types\/post"}],"author":[{"embeddable":true,"href":"https:\/\/cvinoticias.com\/v3\/wp-json\/wp\/v2\/users\/2"}],"replies":[{"embeddable":true,"href":"https:\/\/cvinoticias.com\/v3\/wp-json\/wp\/v2\/comments?post=14844"}],"version-history":[{"count":1,"href":"https:\/\/cvinoticias.com\/v3\/wp-json\/wp\/v2\/posts\/14844\/revisions"}],"predecessor-version":[{"id":14846,"href":"https:\/\/cvinoticias.com\/v3\/wp-json\/wp\/v2\/posts\/14844\/revisions\/14846"}],"wp:featuredmedia":[{"embeddable":true,"href":"https:\/\/cvinoticias.com\/v3\/wp-json\/wp\/v2\/media\/14845"}],"wp:attachment":[{"href":"https:\/\/cvinoticias.com\/v3\/wp-json\/wp\/v2\/media?parent=14844"}],"wp:term":[{"taxonomy":"category","embeddable":true,"href":"https:\/\/cvinoticias.com\/v3\/wp-json\/wp\/v2\/categories?post=14844"},{"taxonomy":"post_tag","embeddable":true,"href":"https:\/\/cvinoticias.com\/v3\/wp-json\/wp\/v2\/tags?post=14844"}],"curies":[{"name":"wp","href":"https:\/\/api.w.org\/{rel}","templated":true}]}}