{"id":14827,"date":"2022-04-14T13:13:13","date_gmt":"2022-04-14T13:13:13","guid":{"rendered":"https:\/\/cvinoticias.com\/v3\/?p=14827"},"modified":"2022-04-14T13:13:13","modified_gmt":"2022-04-14T13:13:13","slug":"iguazu-gendarmeria-nacional-pide-a-genesini-y-lezcano-que-liberen-el-paso","status":"publish","type":"post","link":"https:\/\/cvinoticias.com\/v3\/iguazu-gendarmeria-nacional-pide-a-genesini-y-lezcano-que-liberen-el-paso\/","title":{"rendered":"<strong>Iguaz\u00fa: Gendarmer\u00eda Nacional pide a Genesini y Lezcano que liberen el paso<\/strong>"},"content":{"rendered":"\n<p><strong><em>La Gendarmer\u00eda Nacional, quien es la autoridad sobre las rutas nacionales, trata de hacerles entender a los sindicalistas Carlos Lezcano y Estela Genesini qu\u00e9 hay una orden dictada por un juez federal que obliga a los referentes a liberar el paso hacia Cataratas.<\/em><\/strong><\/p>\n\n\n\n<p>Luego de la firma de acuerdo en el d\u00eda de ayer con MPL, un sector disidente decidi\u00f3 cortar el acceso a Puerto Iguaz\u00fa, no permitiendo el ingreso al Parque Nacional Cataratas ni al Aeropuerto.<\/p>\n\n\n\n<p>\u00abLes dijimos que ellos durante la pandemia cobraron y hasta tuvieron aumentos, y nosotros deudas, pero no nos escucharon\u00bb, cuenta Omar Masulo a Radio Rep\u00fablica, un emprendedor caba\u00f1ero de Iguaz\u00fa, que intenta convencer al Frente Gremial que libere el paso.<\/p>\n\n\n\n<figure class=\"wp-block-image size-large\"><a href=\"https:\/\/cvinoticias.com\/wp-content\/uploads\/2022\/04\/IMG-20220414-WA0042.jpg\"><img decoding=\"async\" width=\"1024\" height=\"769\" data-src=\"https:\/\/cvinoticias.com\/wp-content\/uploads\/2022\/04\/IMG-20220414-WA0042-1024x769.jpg\" alt=\"\" class=\"wp-image-14828 lazyload\" data-srcset=\"https:\/\/cvinoticias.com\/wp-content\/uploads\/2022\/04\/IMG-20220414-WA0042-1024x769.jpg 1024w, https:\/\/cvinoticias.com\/wp-content\/uploads\/2022\/04\/IMG-20220414-WA0042-300x225.jpg 300w, https:\/\/cvinoticias.com\/wp-content\/uploads\/2022\/04\/IMG-20220414-WA0042-768x576.jpg 768w, https:\/\/cvinoticias.com\/wp-content\/uploads\/2022\/04\/IMG-20220414-WA0042-1536x1153.jpg 1536w, https:\/\/cvinoticias.com\/wp-content\/uploads\/2022\/04\/IMG-20220414-WA0042.jpg 1600w\" data-sizes=\"(max-width: 1024px) 100vw, 1024px\" src=\"data:image\/svg+xml;base64,PHN2ZyB3aWR0aD0iMSIgaGVpZ2h0PSIxIiB4bWxucz0iaHR0cDovL3d3dy53My5vcmcvMjAwMC9zdmciPjwvc3ZnPg==\" style=\"--smush-placeholder-width: 1024px; --smush-placeholder-aspect-ratio: 1024\/769;\" \/><\/a><\/figure>\n\n\n\n<p>Puerto Iguaz\u00fa tiene m\u00e1s de 8 mil tickets vendidos y los vuelos se est\u00e1n demorando por el piquete.<\/p>\n\n\n\n<p>\u00abNos est\u00e1n cortando las piernas al sector tur\u00edstico de Iguaz\u00fa. Hable yo mismo con ellos y esas personas no entran en raz\u00f3n. No es bueno para Cataratas\u00bb.&nbsp; Contaba preocupado, Freddy R\u00edos, Taxista de Iguaz\u00fa.<\/p>\n\n\n\n<p>El tr\u00e1nsito por Ruta Nacional 12 y Nacional 101 ingreso a zona urbana de Puerto Iguaz\u00fa es normal.<\/p>\n","protected":false},"excerpt":{"rendered":"<p>La Gendarmer\u00eda Nacional, quien es la autoridad sobre las rutas nacionales, trata de hacerles entender a los sindicalistas Carlos Lezcano y Estela Genesini qu\u00e9 hay una orden dictada por un juez federal que obliga a los referentes a liberar el paso hacia Cataratas. Luego de la firma de acuerdo en el d\u00eda de ayer con [&hellip;]<\/p>\n","protected":false},"author":2,"featured_media":14829,"comment_status":"open","ping_status":"open","sticky":false,"template":"","format":"standard","meta":{"footnotes":""},"categories":[29],"tags":[],"class_list":["post-14827","post","type-post","status-publish","format-standard","has-post-thumbnail","hentry","category-locales"],"yoast_head":"<!-- This site is optimized with the Yoast SEO plugin v27.5 - https:\/\/yoast.com\/product\/yoast-seo-wordpress\/ -->\n<title>Iguaz\u00fa: Gendarmer\u00eda Nacional pide a Genesini y Lezcano que liberen el paso | CVI NOTICIAS<\/title>\n<meta name=\"robots\" content=\"index, follow, max-snippet:-1, max-image-preview:large, max-video-preview:-1\" \/>\n<link rel=\"canonical\" href=\"https:\/\/cvinoticias.com\/v3\/iguazu-gendarmeria-nacional-pide-a-genesini-y-lezcano-que-liberen-el-paso\/\" \/>\n<meta property=\"og:locale\" content=\"es_ES\" \/>\n<meta property=\"og:type\" content=\"article\" \/>\n<meta property=\"og:title\" content=\"Iguaz\u00fa: Gendarmer\u00eda Nacional pide a Genesini y Lezcano que liberen el paso | CVI NOTICIAS\" \/>\n<meta property=\"og:description\" content=\"La Gendarmer\u00eda Nacional, quien es la autoridad sobre las rutas nacionales, trata de hacerles entender a los sindicalistas Carlos Lezcano y Estela Genesini qu\u00e9 hay una orden dictada por un juez federal que obliga a los referentes a liberar el paso hacia Cataratas. Luego de la firma de acuerdo en el d\u00eda de ayer con [&hellip;]\" \/>\n<meta property=\"og:url\" content=\"https:\/\/cvinoticias.com\/v3\/iguazu-gendarmeria-nacional-pide-a-genesini-y-lezcano-que-liberen-el-paso\/\" \/>\n<meta property=\"og:site_name\" content=\"CVI NOTICIAS\" \/>\n<meta property=\"article:publisher\" content=\"https:\/\/www.facebook.com\/cvinoticias\" \/>\n<meta property=\"article:published_time\" content=\"2022-04-14T13:13:13+00:00\" \/>\n<meta property=\"og:image\" content=\"https:\/\/cvinoticias.com\/wp-content\/uploads\/2022\/04\/IMG-20220414-WA0041.jpg\" \/>\n\t<meta property=\"og:image:width\" content=\"1600\" \/>\n\t<meta property=\"og:image:height\" content=\"1201\" \/>\n\t<meta property=\"og:image:type\" content=\"image\/jpeg\" \/>\n<meta name=\"author\" content=\"f1000024\" \/>\n<meta name=\"twitter:card\" content=\"summary_large_image\" \/>\n<meta name=\"twitter:label1\" content=\"Escrito por\" \/>\n\t<meta name=\"twitter:data1\" content=\"f1000024\" \/>\n\t<meta name=\"twitter:label2\" content=\"Tiempo de lectura\" \/>\n\t<meta name=\"twitter:data2\" content=\"1 minuto\" \/>\n<script type=\"application\/ld+json\" class=\"yoast-schema-graph\">{\"@context\":\"https:\\\/\\\/schema.org\",\"@graph\":[{\"@type\":\"Article\",\"@id\":\"https:\\\/\\\/cvinoticias.com\\\/v3\\\/iguazu-gendarmeria-nacional-pide-a-genesini-y-lezcano-que-liberen-el-paso\\\/#article\",\"isPartOf\":{\"@id\":\"https:\\\/\\\/cvinoticias.com\\\/v3\\\/iguazu-gendarmeria-nacional-pide-a-genesini-y-lezcano-que-liberen-el-paso\\\/\"},\"author\":{\"name\":\"f1000024\",\"@id\":\"https:\\\/\\\/cvinoticias.com\\\/v3\\\/#\\\/schema\\\/person\\\/2db77e3c6bc03c538495d7b2b8be9b66\"},\"headline\":\"Iguaz\u00fa: Gendarmer\u00eda Nacional pide a Genesini y Lezcano que liberen el paso\",\"datePublished\":\"2022-04-14T13:13:13+00:00\",\"mainEntityOfPage\":{\"@id\":\"https:\\\/\\\/cvinoticias.com\\\/v3\\\/iguazu-gendarmeria-nacional-pide-a-genesini-y-lezcano-que-liberen-el-paso\\\/\"},\"wordCount\":209,\"commentCount\":0,\"publisher\":{\"@id\":\"https:\\\/\\\/cvinoticias.com\\\/v3\\\/#organization\"},\"image\":{\"@id\":\"https:\\\/\\\/cvinoticias.com\\\/v3\\\/iguazu-gendarmeria-nacional-pide-a-genesini-y-lezcano-que-liberen-el-paso\\\/#primaryimage\"},\"thumbnailUrl\":\"https:\\\/\\\/cvinoticias.com\\\/wp-content\\\/uploads\\\/2022\\\/04\\\/IMG-20220414-WA0041.jpg\",\"articleSection\":[\"Locales\"],\"inLanguage\":\"es\",\"potentialAction\":[{\"@type\":\"CommentAction\",\"name\":\"Comment\",\"target\":[\"https:\\\/\\\/cvinoticias.com\\\/v3\\\/iguazu-gendarmeria-nacional-pide-a-genesini-y-lezcano-que-liberen-el-paso\\\/#respond\"]}]},{\"@type\":\"WebPage\",\"@id\":\"https:\\\/\\\/cvinoticias.com\\\/v3\\\/iguazu-gendarmeria-nacional-pide-a-genesini-y-lezcano-que-liberen-el-paso\\\/\",\"url\":\"https:\\\/\\\/cvinoticias.com\\\/v3\\\/iguazu-gendarmeria-nacional-pide-a-genesini-y-lezcano-que-liberen-el-paso\\\/\",\"name\":\"Iguaz\u00fa: Gendarmer\u00eda Nacional pide a Genesini y Lezcano que liberen el paso | CVI NOTICIAS\",\"isPartOf\":{\"@id\":\"https:\\\/\\\/cvinoticias.com\\\/v3\\\/#website\"},\"primaryImageOfPage\":{\"@id\":\"https:\\\/\\\/cvinoticias.com\\\/v3\\\/iguazu-gendarmeria-nacional-pide-a-genesini-y-lezcano-que-liberen-el-paso\\\/#primaryimage\"},\"image\":{\"@id\":\"https:\\\/\\\/cvinoticias.com\\\/v3\\\/iguazu-gendarmeria-nacional-pide-a-genesini-y-lezcano-que-liberen-el-paso\\\/#primaryimage\"},\"thumbnailUrl\":\"https:\\\/\\\/cvinoticias.com\\\/wp-content\\\/uploads\\\/2022\\\/04\\\/IMG-20220414-WA0041.jpg\",\"datePublished\":\"2022-04-14T13:13:13+00:00\",\"breadcrumb\":{\"@id\":\"https:\\\/\\\/cvinoticias.com\\\/v3\\\/iguazu-gendarmeria-nacional-pide-a-genesini-y-lezcano-que-liberen-el-paso\\\/#breadcrumb\"},\"inLanguage\":\"es\",\"potentialAction\":[{\"@type\":\"ReadAction\",\"target\":[\"https:\\\/\\\/cvinoticias.com\\\/v3\\\/iguazu-gendarmeria-nacional-pide-a-genesini-y-lezcano-que-liberen-el-paso\\\/\"]}]},{\"@type\":\"ImageObject\",\"inLanguage\":\"es\",\"@id\":\"https:\\\/\\\/cvinoticias.com\\\/v3\\\/iguazu-gendarmeria-nacional-pide-a-genesini-y-lezcano-que-liberen-el-paso\\\/#primaryimage\",\"url\":\"https:\\\/\\\/cvinoticias.com\\\/wp-content\\\/uploads\\\/2022\\\/04\\\/IMG-20220414-WA0041.jpg\",\"contentUrl\":\"https:\\\/\\\/cvinoticias.com\\\/wp-content\\\/uploads\\\/2022\\\/04\\\/IMG-20220414-WA0041.jpg\",\"width\":1600,\"height\":1201},{\"@type\":\"BreadcrumbList\",\"@id\":\"https:\\\/\\\/cvinoticias.com\\\/v3\\\/iguazu-gendarmeria-nacional-pide-a-genesini-y-lezcano-que-liberen-el-paso\\\/#breadcrumb\",\"itemListElement\":[{\"@type\":\"ListItem\",\"position\":1,\"name\":\"Portada\",\"item\":\"https:\\\/\\\/cvinoticias.com\\\/v3\\\/\"},{\"@type\":\"ListItem\",\"position\":2,\"name\":\"Iguaz\u00fa: Gendarmer\u00eda Nacional pide a Genesini y Lezcano que liberen el paso\"}]},{\"@type\":\"WebSite\",\"@id\":\"https:\\\/\\\/cvinoticias.com\\\/v3\\\/#website\",\"url\":\"https:\\\/\\\/cvinoticias.com\\\/v3\\\/\",\"name\":\"CVI NOTICIAS\",\"description\":\"\",\"publisher\":{\"@id\":\"https:\\\/\\\/cvinoticias.com\\\/v3\\\/#organization\"},\"alternateName\":\"CVI\",\"potentialAction\":[{\"@type\":\"SearchAction\",\"target\":{\"@type\":\"EntryPoint\",\"urlTemplate\":\"https:\\\/\\\/cvinoticias.com\\\/v3\\\/?s={search_term_string}\"},\"query-input\":{\"@type\":\"PropertyValueSpecification\",\"valueRequired\":true,\"valueName\":\"search_term_string\"}}],\"inLanguage\":\"es\"},{\"@type\":\"Organization\",\"@id\":\"https:\\\/\\\/cvinoticias.com\\\/v3\\\/#organization\",\"name\":\"CVI NOTICIAS\",\"url\":\"https:\\\/\\\/cvinoticias.com\\\/v3\\\/\",\"logo\":{\"@type\":\"ImageObject\",\"inLanguage\":\"es\",\"@id\":\"https:\\\/\\\/cvinoticias.com\\\/v3\\\/#\\\/schema\\\/logo\\\/image\\\/\",\"url\":\"https:\\\/\\\/cvinoticias.com\\\/wp-content\\\/uploads\\\/2023\\\/04\\\/cropped-cropped-cropped-cropped-cropped-3-1.png\",\"contentUrl\":\"https:\\\/\\\/cvinoticias.com\\\/wp-content\\\/uploads\\\/2023\\\/04\\\/cropped-cropped-cropped-cropped-cropped-3-1.png\",\"width\":95,\"height\":122,\"caption\":\"CVI NOTICIAS\"},\"image\":{\"@id\":\"https:\\\/\\\/cvinoticias.com\\\/v3\\\/#\\\/schema\\\/logo\\\/image\\\/\"},\"sameAs\":[\"https:\\\/\\\/www.facebook.com\\\/cvinoticias\",\"https:\\\/\\\/www.instagram.com\\\/cvinoticias\\\/\",\"https:\\\/\\\/www.youtube.com\\\/@CVINOTICIAS\"]},{\"@type\":\"Person\",\"@id\":\"https:\\\/\\\/cvinoticias.com\\\/v3\\\/#\\\/schema\\\/person\\\/2db77e3c6bc03c538495d7b2b8be9b66\",\"name\":\"f1000024\",\"image\":{\"@type\":\"ImageObject\",\"inLanguage\":\"es\",\"@id\":\"https:\\\/\\\/secure.gravatar.com\\\/avatar\\\/d4fe7459cfc51ff5129ce1a732bbef5928568b8092d412ef95611616376bbeed?s=96&d=mm&r=g\",\"url\":\"https:\\\/\\\/secure.gravatar.com\\\/avatar\\\/d4fe7459cfc51ff5129ce1a732bbef5928568b8092d412ef95611616376bbeed?s=96&d=mm&r=g\",\"contentUrl\":\"https:\\\/\\\/secure.gravatar.com\\\/avatar\\\/d4fe7459cfc51ff5129ce1a732bbef5928568b8092d412ef95611616376bbeed?s=96&d=mm&r=g\",\"caption\":\"f1000024\"},\"url\":\"https:\\\/\\\/cvinoticias.com\\\/v3\\\/author\\\/f1000024\\\/\"}]}<\/script>\n<!-- \/ Yoast SEO plugin. -->","yoast_head_json":{"title":"Iguaz\u00fa: Gendarmer\u00eda Nacional pide a Genesini y Lezcano que liberen el paso | CVI NOTICIAS","robots":{"index":"index","follow":"follow","max-snippet":"max-snippet:-1","max-image-preview":"max-image-preview:large","max-video-preview":"max-video-preview:-1"},"canonical":"https:\/\/cvinoticias.com\/v3\/iguazu-gendarmeria-nacional-pide-a-genesini-y-lezcano-que-liberen-el-paso\/","og_locale":"es_ES","og_type":"article","og_title":"Iguaz\u00fa: Gendarmer\u00eda Nacional pide a Genesini y Lezcano que liberen el paso | CVI NOTICIAS","og_description":"La Gendarmer\u00eda Nacional, quien es la autoridad sobre las rutas nacionales, trata de hacerles entender a los sindicalistas Carlos Lezcano y Estela Genesini qu\u00e9 hay una orden dictada por un juez federal que obliga a los referentes a liberar el paso hacia Cataratas. Luego de la firma de acuerdo en el d\u00eda de ayer con [&hellip;]","og_url":"https:\/\/cvinoticias.com\/v3\/iguazu-gendarmeria-nacional-pide-a-genesini-y-lezcano-que-liberen-el-paso\/","og_site_name":"CVI NOTICIAS","article_publisher":"https:\/\/www.facebook.com\/cvinoticias","article_published_time":"2022-04-14T13:13:13+00:00","og_image":[{"width":1600,"height":1201,"url":"https:\/\/cvinoticias.com\/wp-content\/uploads\/2022\/04\/IMG-20220414-WA0041.jpg","type":"image\/jpeg"}],"author":"f1000024","twitter_card":"summary_large_image","twitter_misc":{"Escrito por":"f1000024","Tiempo de lectura":"1 minuto"},"schema":{"@context":"https:\/\/schema.org","@graph":[{"@type":"Article","@id":"https:\/\/cvinoticias.com\/v3\/iguazu-gendarmeria-nacional-pide-a-genesini-y-lezcano-que-liberen-el-paso\/#article","isPartOf":{"@id":"https:\/\/cvinoticias.com\/v3\/iguazu-gendarmeria-nacional-pide-a-genesini-y-lezcano-que-liberen-el-paso\/"},"author":{"name":"f1000024","@id":"https:\/\/cvinoticias.com\/v3\/#\/schema\/person\/2db77e3c6bc03c538495d7b2b8be9b66"},"headline":"Iguaz\u00fa: Gendarmer\u00eda Nacional pide a Genesini y Lezcano que liberen el paso","datePublished":"2022-04-14T13:13:13+00:00","mainEntityOfPage":{"@id":"https:\/\/cvinoticias.com\/v3\/iguazu-gendarmeria-nacional-pide-a-genesini-y-lezcano-que-liberen-el-paso\/"},"wordCount":209,"commentCount":0,"publisher":{"@id":"https:\/\/cvinoticias.com\/v3\/#organization"},"image":{"@id":"https:\/\/cvinoticias.com\/v3\/iguazu-gendarmeria-nacional-pide-a-genesini-y-lezcano-que-liberen-el-paso\/#primaryimage"},"thumbnailUrl":"https:\/\/cvinoticias.com\/wp-content\/uploads\/2022\/04\/IMG-20220414-WA0041.jpg","articleSection":["Locales"],"inLanguage":"es","potentialAction":[{"@type":"CommentAction","name":"Comment","target":["https:\/\/cvinoticias.com\/v3\/iguazu-gendarmeria-nacional-pide-a-genesini-y-lezcano-que-liberen-el-paso\/#respond"]}]},{"@type":"WebPage","@id":"https:\/\/cvinoticias.com\/v3\/iguazu-gendarmeria-nacional-pide-a-genesini-y-lezcano-que-liberen-el-paso\/","url":"https:\/\/cvinoticias.com\/v3\/iguazu-gendarmeria-nacional-pide-a-genesini-y-lezcano-que-liberen-el-paso\/","name":"Iguaz\u00fa: Gendarmer\u00eda Nacional pide a Genesini y Lezcano que liberen el paso | CVI NOTICIAS","isPartOf":{"@id":"https:\/\/cvinoticias.com\/v3\/#website"},"primaryImageOfPage":{"@id":"https:\/\/cvinoticias.com\/v3\/iguazu-gendarmeria-nacional-pide-a-genesini-y-lezcano-que-liberen-el-paso\/#primaryimage"},"image":{"@id":"https:\/\/cvinoticias.com\/v3\/iguazu-gendarmeria-nacional-pide-a-genesini-y-lezcano-que-liberen-el-paso\/#primaryimage"},"thumbnailUrl":"https:\/\/cvinoticias.com\/wp-content\/uploads\/2022\/04\/IMG-20220414-WA0041.jpg","datePublished":"2022-04-14T13:13:13+00:00","breadcrumb":{"@id":"https:\/\/cvinoticias.com\/v3\/iguazu-gendarmeria-nacional-pide-a-genesini-y-lezcano-que-liberen-el-paso\/#breadcrumb"},"inLanguage":"es","potentialAction":[{"@type":"ReadAction","target":["https:\/\/cvinoticias.com\/v3\/iguazu-gendarmeria-nacional-pide-a-genesini-y-lezcano-que-liberen-el-paso\/"]}]},{"@type":"ImageObject","inLanguage":"es","@id":"https:\/\/cvinoticias.com\/v3\/iguazu-gendarmeria-nacional-pide-a-genesini-y-lezcano-que-liberen-el-paso\/#primaryimage","url":"https:\/\/cvinoticias.com\/wp-content\/uploads\/2022\/04\/IMG-20220414-WA0041.jpg","contentUrl":"https:\/\/cvinoticias.com\/wp-content\/uploads\/2022\/04\/IMG-20220414-WA0041.jpg","width":1600,"height":1201},{"@type":"BreadcrumbList","@id":"https:\/\/cvinoticias.com\/v3\/iguazu-gendarmeria-nacional-pide-a-genesini-y-lezcano-que-liberen-el-paso\/#breadcrumb","itemListElement":[{"@type":"ListItem","position":1,"name":"Portada","item":"https:\/\/cvinoticias.com\/v3\/"},{"@type":"ListItem","position":2,"name":"Iguaz\u00fa: Gendarmer\u00eda Nacional pide a Genesini y Lezcano que liberen el paso"}]},{"@type":"WebSite","@id":"https:\/\/cvinoticias.com\/v3\/#website","url":"https:\/\/cvinoticias.com\/v3\/","name":"CVI NOTICIAS","description":"","publisher":{"@id":"https:\/\/cvinoticias.com\/v3\/#organization"},"alternateName":"CVI","potentialAction":[{"@type":"SearchAction","target":{"@type":"EntryPoint","urlTemplate":"https:\/\/cvinoticias.com\/v3\/?s={search_term_string}"},"query-input":{"@type":"PropertyValueSpecification","valueRequired":true,"valueName":"search_term_string"}}],"inLanguage":"es"},{"@type":"Organization","@id":"https:\/\/cvinoticias.com\/v3\/#organization","name":"CVI NOTICIAS","url":"https:\/\/cvinoticias.com\/v3\/","logo":{"@type":"ImageObject","inLanguage":"es","@id":"https:\/\/cvinoticias.com\/v3\/#\/schema\/logo\/image\/","url":"https:\/\/cvinoticias.com\/wp-content\/uploads\/2023\/04\/cropped-cropped-cropped-cropped-cropped-3-1.png","contentUrl":"https:\/\/cvinoticias.com\/wp-content\/uploads\/2023\/04\/cropped-cropped-cropped-cropped-cropped-3-1.png","width":95,"height":122,"caption":"CVI NOTICIAS"},"image":{"@id":"https:\/\/cvinoticias.com\/v3\/#\/schema\/logo\/image\/"},"sameAs":["https:\/\/www.facebook.com\/cvinoticias","https:\/\/www.instagram.com\/cvinoticias\/","https:\/\/www.youtube.com\/@CVINOTICIAS"]},{"@type":"Person","@id":"https:\/\/cvinoticias.com\/v3\/#\/schema\/person\/2db77e3c6bc03c538495d7b2b8be9b66","name":"f1000024","image":{"@type":"ImageObject","inLanguage":"es","@id":"https:\/\/secure.gravatar.com\/avatar\/d4fe7459cfc51ff5129ce1a732bbef5928568b8092d412ef95611616376bbeed?s=96&d=mm&r=g","url":"https:\/\/secure.gravatar.com\/avatar\/d4fe7459cfc51ff5129ce1a732bbef5928568b8092d412ef95611616376bbeed?s=96&d=mm&r=g","contentUrl":"https:\/\/secure.gravatar.com\/avatar\/d4fe7459cfc51ff5129ce1a732bbef5928568b8092d412ef95611616376bbeed?s=96&d=mm&r=g","caption":"f1000024"},"url":"https:\/\/cvinoticias.com\/v3\/author\/f1000024\/"}]}},"_links":{"self":[{"href":"https:\/\/cvinoticias.com\/v3\/wp-json\/wp\/v2\/posts\/14827","targetHints":{"allow":["GET"]}}],"collection":[{"href":"https:\/\/cvinoticias.com\/v3\/wp-json\/wp\/v2\/posts"}],"about":[{"href":"https:\/\/cvinoticias.com\/v3\/wp-json\/wp\/v2\/types\/post"}],"author":[{"embeddable":true,"href":"https:\/\/cvinoticias.com\/v3\/wp-json\/wp\/v2\/users\/2"}],"replies":[{"embeddable":true,"href":"https:\/\/cvinoticias.com\/v3\/wp-json\/wp\/v2\/comments?post=14827"}],"version-history":[{"count":1,"href":"https:\/\/cvinoticias.com\/v3\/wp-json\/wp\/v2\/posts\/14827\/revisions"}],"predecessor-version":[{"id":14830,"href":"https:\/\/cvinoticias.com\/v3\/wp-json\/wp\/v2\/posts\/14827\/revisions\/14830"}],"wp:featuredmedia":[{"embeddable":true,"href":"https:\/\/cvinoticias.com\/v3\/wp-json\/wp\/v2\/media\/14829"}],"wp:attachment":[{"href":"https:\/\/cvinoticias.com\/v3\/wp-json\/wp\/v2\/media?parent=14827"}],"wp:term":[{"taxonomy":"category","embeddable":true,"href":"https:\/\/cvinoticias.com\/v3\/wp-json\/wp\/v2\/categories?post=14827"},{"taxonomy":"post_tag","embeddable":true,"href":"https:\/\/cvinoticias.com\/v3\/wp-json\/wp\/v2\/tags?post=14827"}],"curies":[{"name":"wp","href":"https:\/\/api.w.org\/{rel}","templated":true}]}}