{"id":14810,"date":"2022-04-13T19:20:24","date_gmt":"2022-04-13T19:20:24","guid":{"rendered":"https:\/\/cvinoticias.com\/v3\/?p=14810"},"modified":"2022-04-13T19:20:24","modified_gmt":"2022-04-13T19:20:24","slug":"el-gremio-docente-mpl-firmo-un-acuerdo-con-el-gobierno-provincial","status":"publish","type":"post","link":"https:\/\/cvinoticias.com\/v3\/el-gremio-docente-mpl-firmo-un-acuerdo-con-el-gobierno-provincial\/","title":{"rendered":"El Gremio Docente MPL firm\u00f3 un acuerdo con el Gobierno Provincial"},"content":{"rendered":"\n<p><strong><em>El Movimiento Pedag\u00f3gico de Liberaci\u00f3n negoci\u00f3 por m\u00e1s de dos horas con el presidente del Consejo General de Educaci\u00f3n (CGE), Alberto Galarza.<\/em><\/strong><\/p>\n\n\n\n<p>PRESENTAMOS LOS PUNTOS DEL ACUERDO<\/p>\n\n\n\n<p>Se estableci\u00f3 para mayo un incremento del b\u00e1sico del cargo testigo de maestra de grado que pasar\u00e1 a ser de $21.920,77 y un piso de garant\u00eda salarial de $59.520 para los que no tienen antig\u00fcedad.<\/p>\n\n\n\n<p>Y de $60.760 para los que tienen de 1 a 5 a\u00f1os de antig\u00fcedad, de $62.000 para 6 a 10 a\u00f1os de antig\u00fcedad y de $63.240 para los que tengan 10 o m\u00e1s a\u00f1os de antig\u00fcedad.<\/p>\n\n\n\n<p>Adem\u00e1s, se acord\u00f3 la no inclusi\u00f3n en el piso de garant\u00eda el adicional por pasaje.<\/p>\n\n\n\n<p>Ambas partes se comprometieron a reunirse el 20 de abril en la mesa de di\u00e1logo salarial y el 22 para la mesa t\u00e9cnica de grilla salarial.<\/p>\n\n\n\n<p>En el marco del acuerdo, el MPL se comprometi\u00f3 a no ejecutar medidas de acci\u00f3n directa y el CGE a dejar abierta la discusi\u00f3n salarial de este semestre.<\/p>\n","protected":false},"excerpt":{"rendered":"<p>El Movimiento Pedag\u00f3gico de Liberaci\u00f3n negoci\u00f3 por m\u00e1s de dos horas con el presidente del Consejo General de Educaci\u00f3n (CGE), Alberto Galarza. PRESENTAMOS LOS PUNTOS DEL ACUERDO Se estableci\u00f3 para mayo un incremento del b\u00e1sico del cargo testigo de maestra de grado que pasar\u00e1 a ser de $21.920,77 y un piso de garant\u00eda salarial de [&hellip;]<\/p>\n","protected":false},"author":2,"featured_media":14811,"comment_status":"open","ping_status":"open","sticky":false,"template":"","format":"standard","meta":{"footnotes":""},"categories":[26],"tags":[],"class_list":["post-14810","post","type-post","status-publish","format-standard","has-post-thumbnail","hentry","category-educacion"],"yoast_head":"<!-- This site is optimized with the Yoast SEO plugin v27.5 - https:\/\/yoast.com\/product\/yoast-seo-wordpress\/ -->\n<title>El Gremio Docente MPL firm\u00f3 un acuerdo con el Gobierno Provincial | CVI NOTICIAS<\/title>\n<meta name=\"robots\" content=\"index, follow, max-snippet:-1, max-image-preview:large, max-video-preview:-1\" \/>\n<link rel=\"canonical\" href=\"https:\/\/cvinoticias.com\/v3\/el-gremio-docente-mpl-firmo-un-acuerdo-con-el-gobierno-provincial\/\" \/>\n<meta property=\"og:locale\" content=\"es_ES\" \/>\n<meta property=\"og:type\" content=\"article\" \/>\n<meta property=\"og:title\" content=\"El Gremio Docente MPL firm\u00f3 un acuerdo con el Gobierno Provincial | CVI NOTICIAS\" \/>\n<meta property=\"og:description\" content=\"El Movimiento Pedag\u00f3gico de Liberaci\u00f3n negoci\u00f3 por m\u00e1s de dos horas con el presidente del Consejo General de Educaci\u00f3n (CGE), Alberto Galarza. PRESENTAMOS LOS PUNTOS DEL ACUERDO Se estableci\u00f3 para mayo un incremento del b\u00e1sico del cargo testigo de maestra de grado que pasar\u00e1 a ser de $21.920,77 y un piso de garant\u00eda salarial de [&hellip;]\" \/>\n<meta property=\"og:url\" content=\"https:\/\/cvinoticias.com\/v3\/el-gremio-docente-mpl-firmo-un-acuerdo-con-el-gobierno-provincial\/\" \/>\n<meta property=\"og:site_name\" content=\"CVI NOTICIAS\" \/>\n<meta property=\"article:publisher\" content=\"https:\/\/www.facebook.com\/cvinoticias\" \/>\n<meta property=\"article:published_time\" content=\"2022-04-13T19:20:24+00:00\" \/>\n<meta property=\"og:image\" content=\"https:\/\/cvinoticias.com\/wp-content\/uploads\/2022\/04\/IMG-20220413-WA0121.jpg\" \/>\n\t<meta property=\"og:image:width\" content=\"527\" \/>\n\t<meta property=\"og:image:height\" content=\"377\" \/>\n\t<meta property=\"og:image:type\" content=\"image\/jpeg\" \/>\n<meta name=\"author\" content=\"f1000024\" \/>\n<meta name=\"twitter:card\" content=\"summary_large_image\" \/>\n<meta name=\"twitter:label1\" content=\"Escrito por\" \/>\n\t<meta name=\"twitter:data1\" content=\"f1000024\" \/>\n\t<meta name=\"twitter:label2\" content=\"Tiempo de lectura\" \/>\n\t<meta name=\"twitter:data2\" content=\"1 minuto\" \/>\n<script type=\"application\/ld+json\" class=\"yoast-schema-graph\">{\"@context\":\"https:\\\/\\\/schema.org\",\"@graph\":[{\"@type\":\"Article\",\"@id\":\"https:\\\/\\\/cvinoticias.com\\\/v3\\\/el-gremio-docente-mpl-firmo-un-acuerdo-con-el-gobierno-provincial\\\/#article\",\"isPartOf\":{\"@id\":\"https:\\\/\\\/cvinoticias.com\\\/v3\\\/el-gremio-docente-mpl-firmo-un-acuerdo-con-el-gobierno-provincial\\\/\"},\"author\":{\"name\":\"f1000024\",\"@id\":\"https:\\\/\\\/cvinoticias.com\\\/v3\\\/#\\\/schema\\\/person\\\/2db77e3c6bc03c538495d7b2b8be9b66\"},\"headline\":\"El Gremio Docente MPL firm\u00f3 un acuerdo con el Gobierno Provincial\",\"datePublished\":\"2022-04-13T19:20:24+00:00\",\"mainEntityOfPage\":{\"@id\":\"https:\\\/\\\/cvinoticias.com\\\/v3\\\/el-gremio-docente-mpl-firmo-un-acuerdo-con-el-gobierno-provincial\\\/\"},\"wordCount\":187,\"commentCount\":0,\"publisher\":{\"@id\":\"https:\\\/\\\/cvinoticias.com\\\/v3\\\/#organization\"},\"image\":{\"@id\":\"https:\\\/\\\/cvinoticias.com\\\/v3\\\/el-gremio-docente-mpl-firmo-un-acuerdo-con-el-gobierno-provincial\\\/#primaryimage\"},\"thumbnailUrl\":\"https:\\\/\\\/cvinoticias.com\\\/wp-content\\\/uploads\\\/2022\\\/04\\\/IMG-20220413-WA0121.jpg\",\"articleSection\":[\"Educacion\"],\"inLanguage\":\"es\",\"potentialAction\":[{\"@type\":\"CommentAction\",\"name\":\"Comment\",\"target\":[\"https:\\\/\\\/cvinoticias.com\\\/v3\\\/el-gremio-docente-mpl-firmo-un-acuerdo-con-el-gobierno-provincial\\\/#respond\"]}]},{\"@type\":\"WebPage\",\"@id\":\"https:\\\/\\\/cvinoticias.com\\\/v3\\\/el-gremio-docente-mpl-firmo-un-acuerdo-con-el-gobierno-provincial\\\/\",\"url\":\"https:\\\/\\\/cvinoticias.com\\\/v3\\\/el-gremio-docente-mpl-firmo-un-acuerdo-con-el-gobierno-provincial\\\/\",\"name\":\"El Gremio Docente MPL firm\u00f3 un acuerdo con el Gobierno Provincial | CVI NOTICIAS\",\"isPartOf\":{\"@id\":\"https:\\\/\\\/cvinoticias.com\\\/v3\\\/#website\"},\"primaryImageOfPage\":{\"@id\":\"https:\\\/\\\/cvinoticias.com\\\/v3\\\/el-gremio-docente-mpl-firmo-un-acuerdo-con-el-gobierno-provincial\\\/#primaryimage\"},\"image\":{\"@id\":\"https:\\\/\\\/cvinoticias.com\\\/v3\\\/el-gremio-docente-mpl-firmo-un-acuerdo-con-el-gobierno-provincial\\\/#primaryimage\"},\"thumbnailUrl\":\"https:\\\/\\\/cvinoticias.com\\\/wp-content\\\/uploads\\\/2022\\\/04\\\/IMG-20220413-WA0121.jpg\",\"datePublished\":\"2022-04-13T19:20:24+00:00\",\"breadcrumb\":{\"@id\":\"https:\\\/\\\/cvinoticias.com\\\/v3\\\/el-gremio-docente-mpl-firmo-un-acuerdo-con-el-gobierno-provincial\\\/#breadcrumb\"},\"inLanguage\":\"es\",\"potentialAction\":[{\"@type\":\"ReadAction\",\"target\":[\"https:\\\/\\\/cvinoticias.com\\\/v3\\\/el-gremio-docente-mpl-firmo-un-acuerdo-con-el-gobierno-provincial\\\/\"]}]},{\"@type\":\"ImageObject\",\"inLanguage\":\"es\",\"@id\":\"https:\\\/\\\/cvinoticias.com\\\/v3\\\/el-gremio-docente-mpl-firmo-un-acuerdo-con-el-gobierno-provincial\\\/#primaryimage\",\"url\":\"https:\\\/\\\/cvinoticias.com\\\/wp-content\\\/uploads\\\/2022\\\/04\\\/IMG-20220413-WA0121.jpg\",\"contentUrl\":\"https:\\\/\\\/cvinoticias.com\\\/wp-content\\\/uploads\\\/2022\\\/04\\\/IMG-20220413-WA0121.jpg\",\"width\":527,\"height\":377},{\"@type\":\"BreadcrumbList\",\"@id\":\"https:\\\/\\\/cvinoticias.com\\\/v3\\\/el-gremio-docente-mpl-firmo-un-acuerdo-con-el-gobierno-provincial\\\/#breadcrumb\",\"itemListElement\":[{\"@type\":\"ListItem\",\"position\":1,\"name\":\"Portada\",\"item\":\"https:\\\/\\\/cvinoticias.com\\\/v3\\\/\"},{\"@type\":\"ListItem\",\"position\":2,\"name\":\"El Gremio Docente MPL firm\u00f3 un acuerdo con el Gobierno Provincial\"}]},{\"@type\":\"WebSite\",\"@id\":\"https:\\\/\\\/cvinoticias.com\\\/v3\\\/#website\",\"url\":\"https:\\\/\\\/cvinoticias.com\\\/v3\\\/\",\"name\":\"CVI NOTICIAS\",\"description\":\"\",\"publisher\":{\"@id\":\"https:\\\/\\\/cvinoticias.com\\\/v3\\\/#organization\"},\"alternateName\":\"CVI\",\"potentialAction\":[{\"@type\":\"SearchAction\",\"target\":{\"@type\":\"EntryPoint\",\"urlTemplate\":\"https:\\\/\\\/cvinoticias.com\\\/v3\\\/?s={search_term_string}\"},\"query-input\":{\"@type\":\"PropertyValueSpecification\",\"valueRequired\":true,\"valueName\":\"search_term_string\"}}],\"inLanguage\":\"es\"},{\"@type\":\"Organization\",\"@id\":\"https:\\\/\\\/cvinoticias.com\\\/v3\\\/#organization\",\"name\":\"CVI NOTICIAS\",\"url\":\"https:\\\/\\\/cvinoticias.com\\\/v3\\\/\",\"logo\":{\"@type\":\"ImageObject\",\"inLanguage\":\"es\",\"@id\":\"https:\\\/\\\/cvinoticias.com\\\/v3\\\/#\\\/schema\\\/logo\\\/image\\\/\",\"url\":\"https:\\\/\\\/cvinoticias.com\\\/wp-content\\\/uploads\\\/2023\\\/04\\\/cropped-cropped-cropped-cropped-cropped-3-1.png\",\"contentUrl\":\"https:\\\/\\\/cvinoticias.com\\\/wp-content\\\/uploads\\\/2023\\\/04\\\/cropped-cropped-cropped-cropped-cropped-3-1.png\",\"width\":95,\"height\":122,\"caption\":\"CVI NOTICIAS\"},\"image\":{\"@id\":\"https:\\\/\\\/cvinoticias.com\\\/v3\\\/#\\\/schema\\\/logo\\\/image\\\/\"},\"sameAs\":[\"https:\\\/\\\/www.facebook.com\\\/cvinoticias\",\"https:\\\/\\\/www.instagram.com\\\/cvinoticias\\\/\",\"https:\\\/\\\/www.youtube.com\\\/@CVINOTICIAS\"]},{\"@type\":\"Person\",\"@id\":\"https:\\\/\\\/cvinoticias.com\\\/v3\\\/#\\\/schema\\\/person\\\/2db77e3c6bc03c538495d7b2b8be9b66\",\"name\":\"f1000024\",\"image\":{\"@type\":\"ImageObject\",\"inLanguage\":\"es\",\"@id\":\"https:\\\/\\\/secure.gravatar.com\\\/avatar\\\/d4fe7459cfc51ff5129ce1a732bbef5928568b8092d412ef95611616376bbeed?s=96&d=mm&r=g\",\"url\":\"https:\\\/\\\/secure.gravatar.com\\\/avatar\\\/d4fe7459cfc51ff5129ce1a732bbef5928568b8092d412ef95611616376bbeed?s=96&d=mm&r=g\",\"contentUrl\":\"https:\\\/\\\/secure.gravatar.com\\\/avatar\\\/d4fe7459cfc51ff5129ce1a732bbef5928568b8092d412ef95611616376bbeed?s=96&d=mm&r=g\",\"caption\":\"f1000024\"},\"url\":\"https:\\\/\\\/cvinoticias.com\\\/v3\\\/author\\\/f1000024\\\/\"}]}<\/script>\n<!-- \/ Yoast SEO plugin. -->","yoast_head_json":{"title":"El Gremio Docente MPL firm\u00f3 un acuerdo con el Gobierno Provincial | CVI NOTICIAS","robots":{"index":"index","follow":"follow","max-snippet":"max-snippet:-1","max-image-preview":"max-image-preview:large","max-video-preview":"max-video-preview:-1"},"canonical":"https:\/\/cvinoticias.com\/v3\/el-gremio-docente-mpl-firmo-un-acuerdo-con-el-gobierno-provincial\/","og_locale":"es_ES","og_type":"article","og_title":"El Gremio Docente MPL firm\u00f3 un acuerdo con el Gobierno Provincial | CVI NOTICIAS","og_description":"El Movimiento Pedag\u00f3gico de Liberaci\u00f3n negoci\u00f3 por m\u00e1s de dos horas con el presidente del Consejo General de Educaci\u00f3n (CGE), Alberto Galarza. PRESENTAMOS LOS PUNTOS DEL ACUERDO Se estableci\u00f3 para mayo un incremento del b\u00e1sico del cargo testigo de maestra de grado que pasar\u00e1 a ser de $21.920,77 y un piso de garant\u00eda salarial de [&hellip;]","og_url":"https:\/\/cvinoticias.com\/v3\/el-gremio-docente-mpl-firmo-un-acuerdo-con-el-gobierno-provincial\/","og_site_name":"CVI NOTICIAS","article_publisher":"https:\/\/www.facebook.com\/cvinoticias","article_published_time":"2022-04-13T19:20:24+00:00","og_image":[{"width":527,"height":377,"url":"https:\/\/cvinoticias.com\/wp-content\/uploads\/2022\/04\/IMG-20220413-WA0121.jpg","type":"image\/jpeg"}],"author":"f1000024","twitter_card":"summary_large_image","twitter_misc":{"Escrito por":"f1000024","Tiempo de lectura":"1 minuto"},"schema":{"@context":"https:\/\/schema.org","@graph":[{"@type":"Article","@id":"https:\/\/cvinoticias.com\/v3\/el-gremio-docente-mpl-firmo-un-acuerdo-con-el-gobierno-provincial\/#article","isPartOf":{"@id":"https:\/\/cvinoticias.com\/v3\/el-gremio-docente-mpl-firmo-un-acuerdo-con-el-gobierno-provincial\/"},"author":{"name":"f1000024","@id":"https:\/\/cvinoticias.com\/v3\/#\/schema\/person\/2db77e3c6bc03c538495d7b2b8be9b66"},"headline":"El Gremio Docente MPL firm\u00f3 un acuerdo con el Gobierno Provincial","datePublished":"2022-04-13T19:20:24+00:00","mainEntityOfPage":{"@id":"https:\/\/cvinoticias.com\/v3\/el-gremio-docente-mpl-firmo-un-acuerdo-con-el-gobierno-provincial\/"},"wordCount":187,"commentCount":0,"publisher":{"@id":"https:\/\/cvinoticias.com\/v3\/#organization"},"image":{"@id":"https:\/\/cvinoticias.com\/v3\/el-gremio-docente-mpl-firmo-un-acuerdo-con-el-gobierno-provincial\/#primaryimage"},"thumbnailUrl":"https:\/\/cvinoticias.com\/wp-content\/uploads\/2022\/04\/IMG-20220413-WA0121.jpg","articleSection":["Educacion"],"inLanguage":"es","potentialAction":[{"@type":"CommentAction","name":"Comment","target":["https:\/\/cvinoticias.com\/v3\/el-gremio-docente-mpl-firmo-un-acuerdo-con-el-gobierno-provincial\/#respond"]}]},{"@type":"WebPage","@id":"https:\/\/cvinoticias.com\/v3\/el-gremio-docente-mpl-firmo-un-acuerdo-con-el-gobierno-provincial\/","url":"https:\/\/cvinoticias.com\/v3\/el-gremio-docente-mpl-firmo-un-acuerdo-con-el-gobierno-provincial\/","name":"El Gremio Docente MPL firm\u00f3 un acuerdo con el Gobierno Provincial | CVI NOTICIAS","isPartOf":{"@id":"https:\/\/cvinoticias.com\/v3\/#website"},"primaryImageOfPage":{"@id":"https:\/\/cvinoticias.com\/v3\/el-gremio-docente-mpl-firmo-un-acuerdo-con-el-gobierno-provincial\/#primaryimage"},"image":{"@id":"https:\/\/cvinoticias.com\/v3\/el-gremio-docente-mpl-firmo-un-acuerdo-con-el-gobierno-provincial\/#primaryimage"},"thumbnailUrl":"https:\/\/cvinoticias.com\/wp-content\/uploads\/2022\/04\/IMG-20220413-WA0121.jpg","datePublished":"2022-04-13T19:20:24+00:00","breadcrumb":{"@id":"https:\/\/cvinoticias.com\/v3\/el-gremio-docente-mpl-firmo-un-acuerdo-con-el-gobierno-provincial\/#breadcrumb"},"inLanguage":"es","potentialAction":[{"@type":"ReadAction","target":["https:\/\/cvinoticias.com\/v3\/el-gremio-docente-mpl-firmo-un-acuerdo-con-el-gobierno-provincial\/"]}]},{"@type":"ImageObject","inLanguage":"es","@id":"https:\/\/cvinoticias.com\/v3\/el-gremio-docente-mpl-firmo-un-acuerdo-con-el-gobierno-provincial\/#primaryimage","url":"https:\/\/cvinoticias.com\/wp-content\/uploads\/2022\/04\/IMG-20220413-WA0121.jpg","contentUrl":"https:\/\/cvinoticias.com\/wp-content\/uploads\/2022\/04\/IMG-20220413-WA0121.jpg","width":527,"height":377},{"@type":"BreadcrumbList","@id":"https:\/\/cvinoticias.com\/v3\/el-gremio-docente-mpl-firmo-un-acuerdo-con-el-gobierno-provincial\/#breadcrumb","itemListElement":[{"@type":"ListItem","position":1,"name":"Portada","item":"https:\/\/cvinoticias.com\/v3\/"},{"@type":"ListItem","position":2,"name":"El Gremio Docente MPL firm\u00f3 un acuerdo con el Gobierno Provincial"}]},{"@type":"WebSite","@id":"https:\/\/cvinoticias.com\/v3\/#website","url":"https:\/\/cvinoticias.com\/v3\/","name":"CVI NOTICIAS","description":"","publisher":{"@id":"https:\/\/cvinoticias.com\/v3\/#organization"},"alternateName":"CVI","potentialAction":[{"@type":"SearchAction","target":{"@type":"EntryPoint","urlTemplate":"https:\/\/cvinoticias.com\/v3\/?s={search_term_string}"},"query-input":{"@type":"PropertyValueSpecification","valueRequired":true,"valueName":"search_term_string"}}],"inLanguage":"es"},{"@type":"Organization","@id":"https:\/\/cvinoticias.com\/v3\/#organization","name":"CVI NOTICIAS","url":"https:\/\/cvinoticias.com\/v3\/","logo":{"@type":"ImageObject","inLanguage":"es","@id":"https:\/\/cvinoticias.com\/v3\/#\/schema\/logo\/image\/","url":"https:\/\/cvinoticias.com\/wp-content\/uploads\/2023\/04\/cropped-cropped-cropped-cropped-cropped-3-1.png","contentUrl":"https:\/\/cvinoticias.com\/wp-content\/uploads\/2023\/04\/cropped-cropped-cropped-cropped-cropped-3-1.png","width":95,"height":122,"caption":"CVI NOTICIAS"},"image":{"@id":"https:\/\/cvinoticias.com\/v3\/#\/schema\/logo\/image\/"},"sameAs":["https:\/\/www.facebook.com\/cvinoticias","https:\/\/www.instagram.com\/cvinoticias\/","https:\/\/www.youtube.com\/@CVINOTICIAS"]},{"@type":"Person","@id":"https:\/\/cvinoticias.com\/v3\/#\/schema\/person\/2db77e3c6bc03c538495d7b2b8be9b66","name":"f1000024","image":{"@type":"ImageObject","inLanguage":"es","@id":"https:\/\/secure.gravatar.com\/avatar\/d4fe7459cfc51ff5129ce1a732bbef5928568b8092d412ef95611616376bbeed?s=96&d=mm&r=g","url":"https:\/\/secure.gravatar.com\/avatar\/d4fe7459cfc51ff5129ce1a732bbef5928568b8092d412ef95611616376bbeed?s=96&d=mm&r=g","contentUrl":"https:\/\/secure.gravatar.com\/avatar\/d4fe7459cfc51ff5129ce1a732bbef5928568b8092d412ef95611616376bbeed?s=96&d=mm&r=g","caption":"f1000024"},"url":"https:\/\/cvinoticias.com\/v3\/author\/f1000024\/"}]}},"_links":{"self":[{"href":"https:\/\/cvinoticias.com\/v3\/wp-json\/wp\/v2\/posts\/14810","targetHints":{"allow":["GET"]}}],"collection":[{"href":"https:\/\/cvinoticias.com\/v3\/wp-json\/wp\/v2\/posts"}],"about":[{"href":"https:\/\/cvinoticias.com\/v3\/wp-json\/wp\/v2\/types\/post"}],"author":[{"embeddable":true,"href":"https:\/\/cvinoticias.com\/v3\/wp-json\/wp\/v2\/users\/2"}],"replies":[{"embeddable":true,"href":"https:\/\/cvinoticias.com\/v3\/wp-json\/wp\/v2\/comments?post=14810"}],"version-history":[{"count":1,"href":"https:\/\/cvinoticias.com\/v3\/wp-json\/wp\/v2\/posts\/14810\/revisions"}],"predecessor-version":[{"id":14812,"href":"https:\/\/cvinoticias.com\/v3\/wp-json\/wp\/v2\/posts\/14810\/revisions\/14812"}],"wp:featuredmedia":[{"embeddable":true,"href":"https:\/\/cvinoticias.com\/v3\/wp-json\/wp\/v2\/media\/14811"}],"wp:attachment":[{"href":"https:\/\/cvinoticias.com\/v3\/wp-json\/wp\/v2\/media?parent=14810"}],"wp:term":[{"taxonomy":"category","embeddable":true,"href":"https:\/\/cvinoticias.com\/v3\/wp-json\/wp\/v2\/categories?post=14810"},{"taxonomy":"post_tag","embeddable":true,"href":"https:\/\/cvinoticias.com\/v3\/wp-json\/wp\/v2\/tags?post=14810"}],"curies":[{"name":"wp","href":"https:\/\/api.w.org\/{rel}","templated":true}]}}