{"id":14793,"date":"2022-04-13T08:57:20","date_gmt":"2022-04-13T08:57:20","guid":{"rendered":"https:\/\/cvinoticias.com\/v3\/?p=14793"},"modified":"2022-04-13T08:57:20","modified_gmt":"2022-04-13T08:57:20","slug":"el-indec-informara-el-indice-de-precios-al-consumidor-de-marzo","status":"publish","type":"post","link":"https:\/\/cvinoticias.com\/v3\/el-indec-informara-el-indice-de-precios-al-consumidor-de-marzo\/","title":{"rendered":"El Indec informar\u00e1 el \u00edndice de precios al consumidor de marzo"},"content":{"rendered":"\n<p><strong><em>El ministro de Econom\u00eda, Mart\u00edn Guzm\u00e1n, ya hab\u00eda anticipado que el costo de vida oscilar\u00e1, en el tercer mes del a\u00f1o, en una suba cercana a al 6%.<\/em><\/strong><\/p>\n\n\n\n<p>El Instituto Nacional de Estad\u00edstica y Censos (Indec) difundir\u00e1 este mi\u00e9rcoles el \u00edndice de costo de vida correspondiente a marzo, que seg\u00fan anticip\u00f3 el ministro de Econom\u00eda, Mart\u00edn Guzm\u00e1n, cerr\u00f3 el tercer mes del a\u00f1o con una suba superior al 6%.<\/p>\n\n\n\n<p>\u00abLa inflaci\u00f3n del mes de marzo va a ser la m\u00e1s alta del a\u00f1o, va a superar el 6%\u00bb, dijo Guzm\u00e1n el lunes durante un reportaje con el canal de noticias C5N, en referencia al dato que dar\u00e1 conocer el Indec.<\/p>\n\n\n\n<p>De confirmarse esa cifra, ser\u00e1 una de las mayores desde 2016.<\/p>\n\n\n\n<p>En abril de 2016, tras la normalizaci\u00f3n del instituto implementada durante el gobierno de Mauricio Macri, el mayor registro fue en septiembre de 2018, con una suba del 6,5 por ciento.<\/p>\n\n\n\n<p>En ese mes una corrida cambiaria y financiera deriv\u00f3 en una suba del d\u00f3lar, a lo que se sum\u00f3 una remarcaci\u00f3n de precios.<\/p>\n\n\n\n<p>Tras esta situaci\u00f3n lleg\u00f3 el anuncio de un segundo acuerdo con el Fondo Monetario Internacional (FMI), ya que el primero fue rubricado en junio, que elev\u00f3 el monto total del pr\u00e9stamo al pa\u00eds a US$57.000 millones.<\/p>\n\n\n\n<p>La segunda marca en nivel de importancia del IPC fue de 5,9 por ciento y se registr\u00f3 en septiembre de 2019, luego de que el d\u00f3lar pasara en agosto de ese a\u00f1o de $45 a $60 en un solo d\u00eda, tras la contundente victoria de la f\u00f3rmula del Frente de Todos sobre la lista oficialista que encabezaba Macri.<\/p>\n\n\n\n<p>Anoche, Guzm\u00e1n dijo que \u00abla principal ocupaci\u00f3n de la pol\u00edtica econ\u00f3mica es el problema de la inflaci\u00f3n y asegurar que haya una recuperaci\u00f3n de los ingresos reales, por eso es muy importante dar certezas en lugar de dar incertidumbres\u00bb.<\/p>\n\n\n\n<p>El jefe del Palacio de Hacienda remarc\u00f3 que \u00abhoy el mundo est\u00e1 viviendo el peor proceso inflacionario en d\u00e9cadas. Alemania no ten\u00eda inflaci\u00f3n. En un solo mes, en marzo, los precios subieron 2,2%\u00bb.<\/p>\n\n\n\n<p>Guzm\u00e1n se pregunt\u00f3: \u00ab\u00bfC\u00f3mo se ataca el componente interno de la inflaci\u00f3n? Hace unos d\u00edas, dio una definici\u00f3n muy importante y muy cierta el secretario de Comercio, y dijo que la inflaci\u00f3n no se va a reducir con pol\u00edticas de precios. No es que dec\u00eds acuerdo de precios y se acab\u00f3 la inflaci\u00f3n. No funciona as\u00ed\u00bb.<\/p>\n\n\n\n<p>El ministro reiter\u00f3 que \u00abla inflaci\u00f3n se ataca con pol\u00edtica macroecon\u00f3mica, y aqu\u00ed se necesitan dos cuestiones: una es un programa econ\u00f3mico. Eso hoy ya existe. Pero por otro lado, se necesita el apoyo pol\u00edtico, porque la econom\u00eda no funciona en un vac\u00edo\u00bb.<\/p>\n\n\n\n<p>La inflaci\u00f3n por encima del 6% supera incluso los c\u00e1lculos de los principales analistas y consultoras privados que estimaron que el \u00edndice de precios minoristas registr\u00f3 en marzo un incremento de 5,5%, por encima del 4,7% registrado en febrero, seg\u00fan los resultados del Relevamiento de Expectativas del Mercado (REM) realizado por el Banco Central.<\/p>\n\n\n\n<p>A fines de marzo pasado, los analistas de mercado proyectaron que la inflaci\u00f3n minorista para el corriente a\u00f1o se ubicar\u00e1 en 59,2% interanual, con un incremento de 4,2 puntos porcentual respecto de la encuesta previa realizada en los \u00faltimos d\u00edas de febrero.<\/p>\n\n\n\n<p>Asimismo, los participantes del REM revisaron las previsiones de inflaci\u00f3n para 2023 ubic\u00e1ndola en 47,5% interanual, 2,5 puntos porcentual m\u00e1s que el relevamiento previo.<\/p>\n\n\n\n<p>Guzm\u00e1n enfatiz\u00f3 que \u00abhoy la principal ocupaci\u00f3n de la pol\u00edtica econ\u00f3mica es el problema de la inflaci\u00f3n y asegurar que haya una recuperaci\u00f3n de los ingresos reales. Nosotros aspiramos a que en este primer trimestre, los salarios le ganen a la inflaci\u00f3n. Hace falta un apoyo pol\u00edtico claro en lugar de llevar adelante acciones que generan incertidumbre\u00bb.<\/p>\n","protected":false},"excerpt":{"rendered":"<p>El ministro de Econom\u00eda, Mart\u00edn Guzm\u00e1n, ya hab\u00eda anticipado que el costo de vida oscilar\u00e1, en el tercer mes del a\u00f1o, en una suba cercana a al 6%. El Instituto Nacional de Estad\u00edstica y Censos (Indec) difundir\u00e1 este mi\u00e9rcoles el \u00edndice de costo de vida correspondiente a marzo, que seg\u00fan anticip\u00f3 el ministro de Econom\u00eda, [&hellip;]<\/p>\n","protected":false},"author":2,"featured_media":14794,"comment_status":"open","ping_status":"open","sticky":false,"template":"","format":"standard","meta":{"footnotes":""},"categories":[32],"tags":[],"class_list":["post-14793","post","type-post","status-publish","format-standard","has-post-thumbnail","hentry","category-economia"],"yoast_head":"<!-- This site is optimized with the Yoast SEO plugin v27.5 - https:\/\/yoast.com\/product\/yoast-seo-wordpress\/ -->\n<title>El Indec informar\u00e1 el \u00edndice de precios al consumidor de marzo | CVI NOTICIAS<\/title>\n<meta name=\"robots\" content=\"index, follow, max-snippet:-1, max-image-preview:large, max-video-preview:-1\" \/>\n<link rel=\"canonical\" href=\"https:\/\/cvinoticias.com\/v3\/el-indec-informara-el-indice-de-precios-al-consumidor-de-marzo\/\" \/>\n<meta property=\"og:locale\" content=\"es_ES\" \/>\n<meta property=\"og:type\" content=\"article\" \/>\n<meta property=\"og:title\" content=\"El Indec informar\u00e1 el \u00edndice de precios al consumidor de marzo | CVI NOTICIAS\" \/>\n<meta property=\"og:description\" content=\"El ministro de Econom\u00eda, Mart\u00edn Guzm\u00e1n, ya hab\u00eda anticipado que el costo de vida oscilar\u00e1, en el tercer mes del a\u00f1o, en una suba cercana a al 6%. El Instituto Nacional de Estad\u00edstica y Censos (Indec) difundir\u00e1 este mi\u00e9rcoles el \u00edndice de costo de vida correspondiente a marzo, que seg\u00fan anticip\u00f3 el ministro de Econom\u00eda, [&hellip;]\" \/>\n<meta property=\"og:url\" content=\"https:\/\/cvinoticias.com\/v3\/el-indec-informara-el-indice-de-precios-al-consumidor-de-marzo\/\" \/>\n<meta property=\"og:site_name\" content=\"CVI NOTICIAS\" \/>\n<meta property=\"article:publisher\" content=\"https:\/\/www.facebook.com\/cvinoticias\" \/>\n<meta property=\"article:published_time\" content=\"2022-04-13T08:57:20+00:00\" \/>\n<meta property=\"og:image\" content=\"https:\/\/cvinoticias.com\/wp-content\/uploads\/2022\/04\/0000094434.jpg\" \/>\n\t<meta property=\"og:image:width\" content=\"800\" \/>\n\t<meta property=\"og:image:height\" content=\"483\" \/>\n\t<meta property=\"og:image:type\" content=\"image\/jpeg\" \/>\n<meta name=\"author\" content=\"f1000024\" \/>\n<meta name=\"twitter:card\" content=\"summary_large_image\" \/>\n<meta name=\"twitter:label1\" content=\"Escrito por\" \/>\n\t<meta name=\"twitter:data1\" content=\"f1000024\" \/>\n\t<meta name=\"twitter:label2\" content=\"Tiempo de lectura\" \/>\n\t<meta name=\"twitter:data2\" content=\"3 minutos\" \/>\n<script type=\"application\/ld+json\" class=\"yoast-schema-graph\">{\"@context\":\"https:\\\/\\\/schema.org\",\"@graph\":[{\"@type\":\"Article\",\"@id\":\"https:\\\/\\\/cvinoticias.com\\\/v3\\\/el-indec-informara-el-indice-de-precios-al-consumidor-de-marzo\\\/#article\",\"isPartOf\":{\"@id\":\"https:\\\/\\\/cvinoticias.com\\\/v3\\\/el-indec-informara-el-indice-de-precios-al-consumidor-de-marzo\\\/\"},\"author\":{\"name\":\"f1000024\",\"@id\":\"https:\\\/\\\/cvinoticias.com\\\/v3\\\/#\\\/schema\\\/person\\\/2db77e3c6bc03c538495d7b2b8be9b66\"},\"headline\":\"El Indec informar\u00e1 el \u00edndice de precios al consumidor de marzo\",\"datePublished\":\"2022-04-13T08:57:20+00:00\",\"mainEntityOfPage\":{\"@id\":\"https:\\\/\\\/cvinoticias.com\\\/v3\\\/el-indec-informara-el-indice-de-precios-al-consumidor-de-marzo\\\/\"},\"wordCount\":677,\"commentCount\":0,\"publisher\":{\"@id\":\"https:\\\/\\\/cvinoticias.com\\\/v3\\\/#organization\"},\"image\":{\"@id\":\"https:\\\/\\\/cvinoticias.com\\\/v3\\\/el-indec-informara-el-indice-de-precios-al-consumidor-de-marzo\\\/#primaryimage\"},\"thumbnailUrl\":\"https:\\\/\\\/cvinoticias.com\\\/wp-content\\\/uploads\\\/2022\\\/04\\\/0000094434.jpg\",\"articleSection\":[\"Econom\u00eda\"],\"inLanguage\":\"es\",\"potentialAction\":[{\"@type\":\"CommentAction\",\"name\":\"Comment\",\"target\":[\"https:\\\/\\\/cvinoticias.com\\\/v3\\\/el-indec-informara-el-indice-de-precios-al-consumidor-de-marzo\\\/#respond\"]}]},{\"@type\":\"WebPage\",\"@id\":\"https:\\\/\\\/cvinoticias.com\\\/v3\\\/el-indec-informara-el-indice-de-precios-al-consumidor-de-marzo\\\/\",\"url\":\"https:\\\/\\\/cvinoticias.com\\\/v3\\\/el-indec-informara-el-indice-de-precios-al-consumidor-de-marzo\\\/\",\"name\":\"El Indec informar\u00e1 el \u00edndice de precios al consumidor de marzo | CVI NOTICIAS\",\"isPartOf\":{\"@id\":\"https:\\\/\\\/cvinoticias.com\\\/v3\\\/#website\"},\"primaryImageOfPage\":{\"@id\":\"https:\\\/\\\/cvinoticias.com\\\/v3\\\/el-indec-informara-el-indice-de-precios-al-consumidor-de-marzo\\\/#primaryimage\"},\"image\":{\"@id\":\"https:\\\/\\\/cvinoticias.com\\\/v3\\\/el-indec-informara-el-indice-de-precios-al-consumidor-de-marzo\\\/#primaryimage\"},\"thumbnailUrl\":\"https:\\\/\\\/cvinoticias.com\\\/wp-content\\\/uploads\\\/2022\\\/04\\\/0000094434.jpg\",\"datePublished\":\"2022-04-13T08:57:20+00:00\",\"breadcrumb\":{\"@id\":\"https:\\\/\\\/cvinoticias.com\\\/v3\\\/el-indec-informara-el-indice-de-precios-al-consumidor-de-marzo\\\/#breadcrumb\"},\"inLanguage\":\"es\",\"potentialAction\":[{\"@type\":\"ReadAction\",\"target\":[\"https:\\\/\\\/cvinoticias.com\\\/v3\\\/el-indec-informara-el-indice-de-precios-al-consumidor-de-marzo\\\/\"]}]},{\"@type\":\"ImageObject\",\"inLanguage\":\"es\",\"@id\":\"https:\\\/\\\/cvinoticias.com\\\/v3\\\/el-indec-informara-el-indice-de-precios-al-consumidor-de-marzo\\\/#primaryimage\",\"url\":\"https:\\\/\\\/cvinoticias.com\\\/wp-content\\\/uploads\\\/2022\\\/04\\\/0000094434.jpg\",\"contentUrl\":\"https:\\\/\\\/cvinoticias.com\\\/wp-content\\\/uploads\\\/2022\\\/04\\\/0000094434.jpg\",\"width\":800,\"height\":483},{\"@type\":\"BreadcrumbList\",\"@id\":\"https:\\\/\\\/cvinoticias.com\\\/v3\\\/el-indec-informara-el-indice-de-precios-al-consumidor-de-marzo\\\/#breadcrumb\",\"itemListElement\":[{\"@type\":\"ListItem\",\"position\":1,\"name\":\"Portada\",\"item\":\"https:\\\/\\\/cvinoticias.com\\\/v3\\\/\"},{\"@type\":\"ListItem\",\"position\":2,\"name\":\"El Indec informar\u00e1 el \u00edndice de precios al consumidor de marzo\"}]},{\"@type\":\"WebSite\",\"@id\":\"https:\\\/\\\/cvinoticias.com\\\/v3\\\/#website\",\"url\":\"https:\\\/\\\/cvinoticias.com\\\/v3\\\/\",\"name\":\"CVI NOTICIAS\",\"description\":\"\",\"publisher\":{\"@id\":\"https:\\\/\\\/cvinoticias.com\\\/v3\\\/#organization\"},\"alternateName\":\"CVI\",\"potentialAction\":[{\"@type\":\"SearchAction\",\"target\":{\"@type\":\"EntryPoint\",\"urlTemplate\":\"https:\\\/\\\/cvinoticias.com\\\/v3\\\/?s={search_term_string}\"},\"query-input\":{\"@type\":\"PropertyValueSpecification\",\"valueRequired\":true,\"valueName\":\"search_term_string\"}}],\"inLanguage\":\"es\"},{\"@type\":\"Organization\",\"@id\":\"https:\\\/\\\/cvinoticias.com\\\/v3\\\/#organization\",\"name\":\"CVI NOTICIAS\",\"url\":\"https:\\\/\\\/cvinoticias.com\\\/v3\\\/\",\"logo\":{\"@type\":\"ImageObject\",\"inLanguage\":\"es\",\"@id\":\"https:\\\/\\\/cvinoticias.com\\\/v3\\\/#\\\/schema\\\/logo\\\/image\\\/\",\"url\":\"https:\\\/\\\/cvinoticias.com\\\/wp-content\\\/uploads\\\/2023\\\/04\\\/cropped-cropped-cropped-cropped-cropped-3-1.png\",\"contentUrl\":\"https:\\\/\\\/cvinoticias.com\\\/wp-content\\\/uploads\\\/2023\\\/04\\\/cropped-cropped-cropped-cropped-cropped-3-1.png\",\"width\":95,\"height\":122,\"caption\":\"CVI NOTICIAS\"},\"image\":{\"@id\":\"https:\\\/\\\/cvinoticias.com\\\/v3\\\/#\\\/schema\\\/logo\\\/image\\\/\"},\"sameAs\":[\"https:\\\/\\\/www.facebook.com\\\/cvinoticias\",\"https:\\\/\\\/www.instagram.com\\\/cvinoticias\\\/\",\"https:\\\/\\\/www.youtube.com\\\/@CVINOTICIAS\"]},{\"@type\":\"Person\",\"@id\":\"https:\\\/\\\/cvinoticias.com\\\/v3\\\/#\\\/schema\\\/person\\\/2db77e3c6bc03c538495d7b2b8be9b66\",\"name\":\"f1000024\",\"image\":{\"@type\":\"ImageObject\",\"inLanguage\":\"es\",\"@id\":\"https:\\\/\\\/secure.gravatar.com\\\/avatar\\\/d4fe7459cfc51ff5129ce1a732bbef5928568b8092d412ef95611616376bbeed?s=96&d=mm&r=g\",\"url\":\"https:\\\/\\\/secure.gravatar.com\\\/avatar\\\/d4fe7459cfc51ff5129ce1a732bbef5928568b8092d412ef95611616376bbeed?s=96&d=mm&r=g\",\"contentUrl\":\"https:\\\/\\\/secure.gravatar.com\\\/avatar\\\/d4fe7459cfc51ff5129ce1a732bbef5928568b8092d412ef95611616376bbeed?s=96&d=mm&r=g\",\"caption\":\"f1000024\"},\"url\":\"https:\\\/\\\/cvinoticias.com\\\/v3\\\/author\\\/f1000024\\\/\"}]}<\/script>\n<!-- \/ Yoast SEO plugin. -->","yoast_head_json":{"title":"El Indec informar\u00e1 el \u00edndice de precios al consumidor de marzo | CVI NOTICIAS","robots":{"index":"index","follow":"follow","max-snippet":"max-snippet:-1","max-image-preview":"max-image-preview:large","max-video-preview":"max-video-preview:-1"},"canonical":"https:\/\/cvinoticias.com\/v3\/el-indec-informara-el-indice-de-precios-al-consumidor-de-marzo\/","og_locale":"es_ES","og_type":"article","og_title":"El Indec informar\u00e1 el \u00edndice de precios al consumidor de marzo | CVI NOTICIAS","og_description":"El ministro de Econom\u00eda, Mart\u00edn Guzm\u00e1n, ya hab\u00eda anticipado que el costo de vida oscilar\u00e1, en el tercer mes del a\u00f1o, en una suba cercana a al 6%. El Instituto Nacional de Estad\u00edstica y Censos (Indec) difundir\u00e1 este mi\u00e9rcoles el \u00edndice de costo de vida correspondiente a marzo, que seg\u00fan anticip\u00f3 el ministro de Econom\u00eda, [&hellip;]","og_url":"https:\/\/cvinoticias.com\/v3\/el-indec-informara-el-indice-de-precios-al-consumidor-de-marzo\/","og_site_name":"CVI NOTICIAS","article_publisher":"https:\/\/www.facebook.com\/cvinoticias","article_published_time":"2022-04-13T08:57:20+00:00","og_image":[{"width":800,"height":483,"url":"https:\/\/cvinoticias.com\/wp-content\/uploads\/2022\/04\/0000094434.jpg","type":"image\/jpeg"}],"author":"f1000024","twitter_card":"summary_large_image","twitter_misc":{"Escrito por":"f1000024","Tiempo de lectura":"3 minutos"},"schema":{"@context":"https:\/\/schema.org","@graph":[{"@type":"Article","@id":"https:\/\/cvinoticias.com\/v3\/el-indec-informara-el-indice-de-precios-al-consumidor-de-marzo\/#article","isPartOf":{"@id":"https:\/\/cvinoticias.com\/v3\/el-indec-informara-el-indice-de-precios-al-consumidor-de-marzo\/"},"author":{"name":"f1000024","@id":"https:\/\/cvinoticias.com\/v3\/#\/schema\/person\/2db77e3c6bc03c538495d7b2b8be9b66"},"headline":"El Indec informar\u00e1 el \u00edndice de precios al consumidor de marzo","datePublished":"2022-04-13T08:57:20+00:00","mainEntityOfPage":{"@id":"https:\/\/cvinoticias.com\/v3\/el-indec-informara-el-indice-de-precios-al-consumidor-de-marzo\/"},"wordCount":677,"commentCount":0,"publisher":{"@id":"https:\/\/cvinoticias.com\/v3\/#organization"},"image":{"@id":"https:\/\/cvinoticias.com\/v3\/el-indec-informara-el-indice-de-precios-al-consumidor-de-marzo\/#primaryimage"},"thumbnailUrl":"https:\/\/cvinoticias.com\/wp-content\/uploads\/2022\/04\/0000094434.jpg","articleSection":["Econom\u00eda"],"inLanguage":"es","potentialAction":[{"@type":"CommentAction","name":"Comment","target":["https:\/\/cvinoticias.com\/v3\/el-indec-informara-el-indice-de-precios-al-consumidor-de-marzo\/#respond"]}]},{"@type":"WebPage","@id":"https:\/\/cvinoticias.com\/v3\/el-indec-informara-el-indice-de-precios-al-consumidor-de-marzo\/","url":"https:\/\/cvinoticias.com\/v3\/el-indec-informara-el-indice-de-precios-al-consumidor-de-marzo\/","name":"El Indec informar\u00e1 el \u00edndice de precios al consumidor de marzo | CVI NOTICIAS","isPartOf":{"@id":"https:\/\/cvinoticias.com\/v3\/#website"},"primaryImageOfPage":{"@id":"https:\/\/cvinoticias.com\/v3\/el-indec-informara-el-indice-de-precios-al-consumidor-de-marzo\/#primaryimage"},"image":{"@id":"https:\/\/cvinoticias.com\/v3\/el-indec-informara-el-indice-de-precios-al-consumidor-de-marzo\/#primaryimage"},"thumbnailUrl":"https:\/\/cvinoticias.com\/wp-content\/uploads\/2022\/04\/0000094434.jpg","datePublished":"2022-04-13T08:57:20+00:00","breadcrumb":{"@id":"https:\/\/cvinoticias.com\/v3\/el-indec-informara-el-indice-de-precios-al-consumidor-de-marzo\/#breadcrumb"},"inLanguage":"es","potentialAction":[{"@type":"ReadAction","target":["https:\/\/cvinoticias.com\/v3\/el-indec-informara-el-indice-de-precios-al-consumidor-de-marzo\/"]}]},{"@type":"ImageObject","inLanguage":"es","@id":"https:\/\/cvinoticias.com\/v3\/el-indec-informara-el-indice-de-precios-al-consumidor-de-marzo\/#primaryimage","url":"https:\/\/cvinoticias.com\/wp-content\/uploads\/2022\/04\/0000094434.jpg","contentUrl":"https:\/\/cvinoticias.com\/wp-content\/uploads\/2022\/04\/0000094434.jpg","width":800,"height":483},{"@type":"BreadcrumbList","@id":"https:\/\/cvinoticias.com\/v3\/el-indec-informara-el-indice-de-precios-al-consumidor-de-marzo\/#breadcrumb","itemListElement":[{"@type":"ListItem","position":1,"name":"Portada","item":"https:\/\/cvinoticias.com\/v3\/"},{"@type":"ListItem","position":2,"name":"El Indec informar\u00e1 el \u00edndice de precios al consumidor de marzo"}]},{"@type":"WebSite","@id":"https:\/\/cvinoticias.com\/v3\/#website","url":"https:\/\/cvinoticias.com\/v3\/","name":"CVI NOTICIAS","description":"","publisher":{"@id":"https:\/\/cvinoticias.com\/v3\/#organization"},"alternateName":"CVI","potentialAction":[{"@type":"SearchAction","target":{"@type":"EntryPoint","urlTemplate":"https:\/\/cvinoticias.com\/v3\/?s={search_term_string}"},"query-input":{"@type":"PropertyValueSpecification","valueRequired":true,"valueName":"search_term_string"}}],"inLanguage":"es"},{"@type":"Organization","@id":"https:\/\/cvinoticias.com\/v3\/#organization","name":"CVI NOTICIAS","url":"https:\/\/cvinoticias.com\/v3\/","logo":{"@type":"ImageObject","inLanguage":"es","@id":"https:\/\/cvinoticias.com\/v3\/#\/schema\/logo\/image\/","url":"https:\/\/cvinoticias.com\/wp-content\/uploads\/2023\/04\/cropped-cropped-cropped-cropped-cropped-3-1.png","contentUrl":"https:\/\/cvinoticias.com\/wp-content\/uploads\/2023\/04\/cropped-cropped-cropped-cropped-cropped-3-1.png","width":95,"height":122,"caption":"CVI NOTICIAS"},"image":{"@id":"https:\/\/cvinoticias.com\/v3\/#\/schema\/logo\/image\/"},"sameAs":["https:\/\/www.facebook.com\/cvinoticias","https:\/\/www.instagram.com\/cvinoticias\/","https:\/\/www.youtube.com\/@CVINOTICIAS"]},{"@type":"Person","@id":"https:\/\/cvinoticias.com\/v3\/#\/schema\/person\/2db77e3c6bc03c538495d7b2b8be9b66","name":"f1000024","image":{"@type":"ImageObject","inLanguage":"es","@id":"https:\/\/secure.gravatar.com\/avatar\/d4fe7459cfc51ff5129ce1a732bbef5928568b8092d412ef95611616376bbeed?s=96&d=mm&r=g","url":"https:\/\/secure.gravatar.com\/avatar\/d4fe7459cfc51ff5129ce1a732bbef5928568b8092d412ef95611616376bbeed?s=96&d=mm&r=g","contentUrl":"https:\/\/secure.gravatar.com\/avatar\/d4fe7459cfc51ff5129ce1a732bbef5928568b8092d412ef95611616376bbeed?s=96&d=mm&r=g","caption":"f1000024"},"url":"https:\/\/cvinoticias.com\/v3\/author\/f1000024\/"}]}},"_links":{"self":[{"href":"https:\/\/cvinoticias.com\/v3\/wp-json\/wp\/v2\/posts\/14793","targetHints":{"allow":["GET"]}}],"collection":[{"href":"https:\/\/cvinoticias.com\/v3\/wp-json\/wp\/v2\/posts"}],"about":[{"href":"https:\/\/cvinoticias.com\/v3\/wp-json\/wp\/v2\/types\/post"}],"author":[{"embeddable":true,"href":"https:\/\/cvinoticias.com\/v3\/wp-json\/wp\/v2\/users\/2"}],"replies":[{"embeddable":true,"href":"https:\/\/cvinoticias.com\/v3\/wp-json\/wp\/v2\/comments?post=14793"}],"version-history":[{"count":1,"href":"https:\/\/cvinoticias.com\/v3\/wp-json\/wp\/v2\/posts\/14793\/revisions"}],"predecessor-version":[{"id":14795,"href":"https:\/\/cvinoticias.com\/v3\/wp-json\/wp\/v2\/posts\/14793\/revisions\/14795"}],"wp:featuredmedia":[{"embeddable":true,"href":"https:\/\/cvinoticias.com\/v3\/wp-json\/wp\/v2\/media\/14794"}],"wp:attachment":[{"href":"https:\/\/cvinoticias.com\/v3\/wp-json\/wp\/v2\/media?parent=14793"}],"wp:term":[{"taxonomy":"category","embeddable":true,"href":"https:\/\/cvinoticias.com\/v3\/wp-json\/wp\/v2\/categories?post=14793"},{"taxonomy":"post_tag","embeddable":true,"href":"https:\/\/cvinoticias.com\/v3\/wp-json\/wp\/v2\/tags?post=14793"}],"curies":[{"name":"wp","href":"https:\/\/api.w.org\/{rel}","templated":true}]}}