{"id":14749,"date":"2022-04-11T18:14:27","date_gmt":"2022-04-11T18:14:27","guid":{"rendered":"https:\/\/cvinoticias.com\/v3\/?p=14749"},"modified":"2022-04-11T18:14:27","modified_gmt":"2022-04-11T18:14:27","slug":"argentina-subcampeon-en-el-mundial-de-futsal-para-personas-con-sindrome-de-down","status":"publish","type":"post","link":"https:\/\/cvinoticias.com\/v3\/argentina-subcampeon-en-el-mundial-de-futsal-para-personas-con-sindrome-de-down\/","title":{"rendered":"Argentina, subcampe\u00f3n en el Mundial de Futsal para personas con s\u00edndrome de Down"},"content":{"rendered":"\n<p><strong><em>Los Halcones realizaron un gran torneo en Per\u00fa y llegaron hasta el partido decisivo, donde perdieron contra Brasil.<\/em><\/strong><\/p>\n\n\n\n<p>La Selecci\u00f3n argentina de futsal para personas con s\u00edndrome de Down, conocida como Los Halcones, termin\u00f3 segunda en el Mundial de Per\u00fa tras perder este domingo la final contra Brasil por 5-1. El elenco albiceleste, que tuvo varias complicaciones para viajar, realiz\u00f3 un extraordinario torneo y finaliz\u00f3 en el podio.<\/p>\n\n\n\n<p>El elenco albiceleste ven\u00eda de eliminar a M\u00e9xico en cuartos de final y a Turqu\u00eda en semifinales, pero en el encuentro decisivo no pudo contra los brasile\u00f1os. Igualmente, y al igual que en los partidos anteriores, dej\u00f3 todo en la cancha y demostr\u00f3 que es uno de los mejores equipos del mundo.<\/p>\n\n\n\n<p>\u00abNos cost\u00f3 mucho venir a participar, tuvimos muchas complicaciones. Pero pudimos venir para que los chicos puedan jugar. La verdad que los pibes demostraron que siguen estando ah\u00ed arriba. No se nos dio el campeonato pero seguiremos intentando, as\u00ed como lo hace la Selecci\u00f3n de f\u00fatbol 11\u00bb, asegur\u00f3 Roberto Salazar, entrenador argentino.<\/p>\n\n\n\n<p>La Copa Mundial de Futsal Down se desarroll\u00f3 del 1 al 10 de abril en el Vel\u00f3dromo de Lima, el cu\u00e1l hab\u00eda sido sede de los Juegos Panamericanos del 2019 y que constituyen parte del llamado \u00ablegado\u00bb de aquella cita deportiva. Esta vez, el futsal para personas con s\u00edndrome de Down se adue\u00f1\u00f3 de las instalaciones y regal\u00f3 un gran espect\u00e1culo.<\/p>\n","protected":false},"excerpt":{"rendered":"<p>Los Halcones realizaron un gran torneo en Per\u00fa y llegaron hasta el partido decisivo, donde perdieron contra Brasil. La Selecci\u00f3n argentina de futsal para personas con s\u00edndrome de Down, conocida como Los Halcones, termin\u00f3 segunda en el Mundial de Per\u00fa tras perder este domingo la final contra Brasil por 5-1. El elenco albiceleste, que tuvo [&hellip;]<\/p>\n","protected":false},"author":2,"featured_media":14750,"comment_status":"open","ping_status":"open","sticky":false,"template":"","format":"standard","meta":{"footnotes":""},"categories":[24],"tags":[],"class_list":["post-14749","post","type-post","status-publish","format-standard","has-post-thumbnail","hentry","category-deportes"],"yoast_head":"<!-- This site is optimized with the Yoast SEO plugin v27.4 - https:\/\/yoast.com\/product\/yoast-seo-wordpress\/ -->\n<title>Argentina, subcampe\u00f3n en el Mundial de Futsal para personas con s\u00edndrome de Down | CVI NOTICIAS<\/title>\n<meta name=\"robots\" content=\"index, follow, max-snippet:-1, max-image-preview:large, max-video-preview:-1\" \/>\n<link rel=\"canonical\" href=\"https:\/\/cvinoticias.com\/v3\/argentina-subcampeon-en-el-mundial-de-futsal-para-personas-con-sindrome-de-down\/\" \/>\n<meta property=\"og:locale\" content=\"es_ES\" \/>\n<meta property=\"og:type\" content=\"article\" \/>\n<meta property=\"og:title\" content=\"Argentina, subcampe\u00f3n en el Mundial de Futsal para personas con s\u00edndrome de Down | CVI NOTICIAS\" \/>\n<meta property=\"og:description\" content=\"Los Halcones realizaron un gran torneo en Per\u00fa y llegaron hasta el partido decisivo, donde perdieron contra Brasil. La Selecci\u00f3n argentina de futsal para personas con s\u00edndrome de Down, conocida como Los Halcones, termin\u00f3 segunda en el Mundial de Per\u00fa tras perder este domingo la final contra Brasil por 5-1. El elenco albiceleste, que tuvo [&hellip;]\" \/>\n<meta property=\"og:url\" content=\"https:\/\/cvinoticias.com\/v3\/argentina-subcampeon-en-el-mundial-de-futsal-para-personas-con-sindrome-de-down\/\" \/>\n<meta property=\"og:site_name\" content=\"CVI NOTICIAS\" \/>\n<meta property=\"article:publisher\" content=\"https:\/\/www.facebook.com\/cvinoticias\" \/>\n<meta property=\"article:published_time\" content=\"2022-04-11T18:14:27+00:00\" \/>\n<meta property=\"og:image\" content=\"https:\/\/cvinoticias.com\/wp-content\/uploads\/2022\/04\/fqahv4vwuaqbegs.jpg_820697298.jpg\" \/>\n\t<meta property=\"og:image:width\" content=\"965\" \/>\n\t<meta property=\"og:image:height\" content=\"600\" \/>\n\t<meta property=\"og:image:type\" content=\"image\/jpeg\" \/>\n<meta name=\"author\" content=\"f1000024\" \/>\n<meta name=\"twitter:card\" content=\"summary_large_image\" \/>\n<meta name=\"twitter:label1\" content=\"Escrito por\" \/>\n\t<meta name=\"twitter:data1\" content=\"f1000024\" \/>\n\t<meta name=\"twitter:label2\" content=\"Tiempo de lectura\" \/>\n\t<meta name=\"twitter:data2\" content=\"1 minuto\" \/>\n<script type=\"application\/ld+json\" class=\"yoast-schema-graph\">{\"@context\":\"https:\\\/\\\/schema.org\",\"@graph\":[{\"@type\":\"Article\",\"@id\":\"https:\\\/\\\/cvinoticias.com\\\/v3\\\/argentina-subcampeon-en-el-mundial-de-futsal-para-personas-con-sindrome-de-down\\\/#article\",\"isPartOf\":{\"@id\":\"https:\\\/\\\/cvinoticias.com\\\/v3\\\/argentina-subcampeon-en-el-mundial-de-futsal-para-personas-con-sindrome-de-down\\\/\"},\"author\":{\"name\":\"f1000024\",\"@id\":\"https:\\\/\\\/cvinoticias.com\\\/v3\\\/#\\\/schema\\\/person\\\/2db77e3c6bc03c538495d7b2b8be9b66\"},\"headline\":\"Argentina, subcampe\u00f3n en el Mundial de Futsal para personas con s\u00edndrome de Down\",\"datePublished\":\"2022-04-11T18:14:27+00:00\",\"mainEntityOfPage\":{\"@id\":\"https:\\\/\\\/cvinoticias.com\\\/v3\\\/argentina-subcampeon-en-el-mundial-de-futsal-para-personas-con-sindrome-de-down\\\/\"},\"wordCount\":257,\"commentCount\":0,\"publisher\":{\"@id\":\"https:\\\/\\\/cvinoticias.com\\\/v3\\\/#organization\"},\"image\":{\"@id\":\"https:\\\/\\\/cvinoticias.com\\\/v3\\\/argentina-subcampeon-en-el-mundial-de-futsal-para-personas-con-sindrome-de-down\\\/#primaryimage\"},\"thumbnailUrl\":\"https:\\\/\\\/cvinoticias.com\\\/wp-content\\\/uploads\\\/2022\\\/04\\\/fqahv4vwuaqbegs.jpg_820697298.jpg\",\"articleSection\":[\"Deportes\"],\"inLanguage\":\"es\",\"potentialAction\":[{\"@type\":\"CommentAction\",\"name\":\"Comment\",\"target\":[\"https:\\\/\\\/cvinoticias.com\\\/v3\\\/argentina-subcampeon-en-el-mundial-de-futsal-para-personas-con-sindrome-de-down\\\/#respond\"]}]},{\"@type\":\"WebPage\",\"@id\":\"https:\\\/\\\/cvinoticias.com\\\/v3\\\/argentina-subcampeon-en-el-mundial-de-futsal-para-personas-con-sindrome-de-down\\\/\",\"url\":\"https:\\\/\\\/cvinoticias.com\\\/v3\\\/argentina-subcampeon-en-el-mundial-de-futsal-para-personas-con-sindrome-de-down\\\/\",\"name\":\"Argentina, subcampe\u00f3n en el Mundial de Futsal para personas con s\u00edndrome de Down | CVI NOTICIAS\",\"isPartOf\":{\"@id\":\"https:\\\/\\\/cvinoticias.com\\\/v3\\\/#website\"},\"primaryImageOfPage\":{\"@id\":\"https:\\\/\\\/cvinoticias.com\\\/v3\\\/argentina-subcampeon-en-el-mundial-de-futsal-para-personas-con-sindrome-de-down\\\/#primaryimage\"},\"image\":{\"@id\":\"https:\\\/\\\/cvinoticias.com\\\/v3\\\/argentina-subcampeon-en-el-mundial-de-futsal-para-personas-con-sindrome-de-down\\\/#primaryimage\"},\"thumbnailUrl\":\"https:\\\/\\\/cvinoticias.com\\\/wp-content\\\/uploads\\\/2022\\\/04\\\/fqahv4vwuaqbegs.jpg_820697298.jpg\",\"datePublished\":\"2022-04-11T18:14:27+00:00\",\"breadcrumb\":{\"@id\":\"https:\\\/\\\/cvinoticias.com\\\/v3\\\/argentina-subcampeon-en-el-mundial-de-futsal-para-personas-con-sindrome-de-down\\\/#breadcrumb\"},\"inLanguage\":\"es\",\"potentialAction\":[{\"@type\":\"ReadAction\",\"target\":[\"https:\\\/\\\/cvinoticias.com\\\/v3\\\/argentina-subcampeon-en-el-mundial-de-futsal-para-personas-con-sindrome-de-down\\\/\"]}]},{\"@type\":\"ImageObject\",\"inLanguage\":\"es\",\"@id\":\"https:\\\/\\\/cvinoticias.com\\\/v3\\\/argentina-subcampeon-en-el-mundial-de-futsal-para-personas-con-sindrome-de-down\\\/#primaryimage\",\"url\":\"https:\\\/\\\/cvinoticias.com\\\/wp-content\\\/uploads\\\/2022\\\/04\\\/fqahv4vwuaqbegs.jpg_820697298.jpg\",\"contentUrl\":\"https:\\\/\\\/cvinoticias.com\\\/wp-content\\\/uploads\\\/2022\\\/04\\\/fqahv4vwuaqbegs.jpg_820697298.jpg\",\"width\":965,\"height\":600},{\"@type\":\"BreadcrumbList\",\"@id\":\"https:\\\/\\\/cvinoticias.com\\\/v3\\\/argentina-subcampeon-en-el-mundial-de-futsal-para-personas-con-sindrome-de-down\\\/#breadcrumb\",\"itemListElement\":[{\"@type\":\"ListItem\",\"position\":1,\"name\":\"Portada\",\"item\":\"https:\\\/\\\/cvinoticias.com\\\/v3\\\/\"},{\"@type\":\"ListItem\",\"position\":2,\"name\":\"Argentina, subcampe\u00f3n en el Mundial de Futsal para personas con s\u00edndrome de Down\"}]},{\"@type\":\"WebSite\",\"@id\":\"https:\\\/\\\/cvinoticias.com\\\/v3\\\/#website\",\"url\":\"https:\\\/\\\/cvinoticias.com\\\/v3\\\/\",\"name\":\"CVI NOTICIAS\",\"description\":\"\",\"publisher\":{\"@id\":\"https:\\\/\\\/cvinoticias.com\\\/v3\\\/#organization\"},\"alternateName\":\"CVI\",\"potentialAction\":[{\"@type\":\"SearchAction\",\"target\":{\"@type\":\"EntryPoint\",\"urlTemplate\":\"https:\\\/\\\/cvinoticias.com\\\/v3\\\/?s={search_term_string}\"},\"query-input\":{\"@type\":\"PropertyValueSpecification\",\"valueRequired\":true,\"valueName\":\"search_term_string\"}}],\"inLanguage\":\"es\"},{\"@type\":\"Organization\",\"@id\":\"https:\\\/\\\/cvinoticias.com\\\/v3\\\/#organization\",\"name\":\"CVI NOTICIAS\",\"url\":\"https:\\\/\\\/cvinoticias.com\\\/v3\\\/\",\"logo\":{\"@type\":\"ImageObject\",\"inLanguage\":\"es\",\"@id\":\"https:\\\/\\\/cvinoticias.com\\\/v3\\\/#\\\/schema\\\/logo\\\/image\\\/\",\"url\":\"https:\\\/\\\/cvinoticias.com\\\/wp-content\\\/uploads\\\/2023\\\/04\\\/cropped-cropped-cropped-cropped-cropped-3-1.png\",\"contentUrl\":\"https:\\\/\\\/cvinoticias.com\\\/wp-content\\\/uploads\\\/2023\\\/04\\\/cropped-cropped-cropped-cropped-cropped-3-1.png\",\"width\":95,\"height\":122,\"caption\":\"CVI NOTICIAS\"},\"image\":{\"@id\":\"https:\\\/\\\/cvinoticias.com\\\/v3\\\/#\\\/schema\\\/logo\\\/image\\\/\"},\"sameAs\":[\"https:\\\/\\\/www.facebook.com\\\/cvinoticias\",\"https:\\\/\\\/www.instagram.com\\\/cvinoticias\\\/\",\"https:\\\/\\\/www.youtube.com\\\/@CVINOTICIAS\"]},{\"@type\":\"Person\",\"@id\":\"https:\\\/\\\/cvinoticias.com\\\/v3\\\/#\\\/schema\\\/person\\\/2db77e3c6bc03c538495d7b2b8be9b66\",\"name\":\"f1000024\",\"image\":{\"@type\":\"ImageObject\",\"inLanguage\":\"es\",\"@id\":\"https:\\\/\\\/secure.gravatar.com\\\/avatar\\\/d4fe7459cfc51ff5129ce1a732bbef5928568b8092d412ef95611616376bbeed?s=96&d=mm&r=g\",\"url\":\"https:\\\/\\\/secure.gravatar.com\\\/avatar\\\/d4fe7459cfc51ff5129ce1a732bbef5928568b8092d412ef95611616376bbeed?s=96&d=mm&r=g\",\"contentUrl\":\"https:\\\/\\\/secure.gravatar.com\\\/avatar\\\/d4fe7459cfc51ff5129ce1a732bbef5928568b8092d412ef95611616376bbeed?s=96&d=mm&r=g\",\"caption\":\"f1000024\"},\"url\":\"https:\\\/\\\/cvinoticias.com\\\/v3\\\/author\\\/f1000024\\\/\"}]}<\/script>\n<!-- \/ Yoast SEO plugin. -->","yoast_head_json":{"title":"Argentina, subcampe\u00f3n en el Mundial de Futsal para personas con s\u00edndrome de Down | CVI NOTICIAS","robots":{"index":"index","follow":"follow","max-snippet":"max-snippet:-1","max-image-preview":"max-image-preview:large","max-video-preview":"max-video-preview:-1"},"canonical":"https:\/\/cvinoticias.com\/v3\/argentina-subcampeon-en-el-mundial-de-futsal-para-personas-con-sindrome-de-down\/","og_locale":"es_ES","og_type":"article","og_title":"Argentina, subcampe\u00f3n en el Mundial de Futsal para personas con s\u00edndrome de Down | CVI NOTICIAS","og_description":"Los Halcones realizaron un gran torneo en Per\u00fa y llegaron hasta el partido decisivo, donde perdieron contra Brasil. La Selecci\u00f3n argentina de futsal para personas con s\u00edndrome de Down, conocida como Los Halcones, termin\u00f3 segunda en el Mundial de Per\u00fa tras perder este domingo la final contra Brasil por 5-1. El elenco albiceleste, que tuvo [&hellip;]","og_url":"https:\/\/cvinoticias.com\/v3\/argentina-subcampeon-en-el-mundial-de-futsal-para-personas-con-sindrome-de-down\/","og_site_name":"CVI NOTICIAS","article_publisher":"https:\/\/www.facebook.com\/cvinoticias","article_published_time":"2022-04-11T18:14:27+00:00","og_image":[{"width":965,"height":600,"url":"https:\/\/cvinoticias.com\/wp-content\/uploads\/2022\/04\/fqahv4vwuaqbegs.jpg_820697298.jpg","type":"image\/jpeg"}],"author":"f1000024","twitter_card":"summary_large_image","twitter_misc":{"Escrito por":"f1000024","Tiempo de lectura":"1 minuto"},"schema":{"@context":"https:\/\/schema.org","@graph":[{"@type":"Article","@id":"https:\/\/cvinoticias.com\/v3\/argentina-subcampeon-en-el-mundial-de-futsal-para-personas-con-sindrome-de-down\/#article","isPartOf":{"@id":"https:\/\/cvinoticias.com\/v3\/argentina-subcampeon-en-el-mundial-de-futsal-para-personas-con-sindrome-de-down\/"},"author":{"name":"f1000024","@id":"https:\/\/cvinoticias.com\/v3\/#\/schema\/person\/2db77e3c6bc03c538495d7b2b8be9b66"},"headline":"Argentina, subcampe\u00f3n en el Mundial de Futsal para personas con s\u00edndrome de Down","datePublished":"2022-04-11T18:14:27+00:00","mainEntityOfPage":{"@id":"https:\/\/cvinoticias.com\/v3\/argentina-subcampeon-en-el-mundial-de-futsal-para-personas-con-sindrome-de-down\/"},"wordCount":257,"commentCount":0,"publisher":{"@id":"https:\/\/cvinoticias.com\/v3\/#organization"},"image":{"@id":"https:\/\/cvinoticias.com\/v3\/argentina-subcampeon-en-el-mundial-de-futsal-para-personas-con-sindrome-de-down\/#primaryimage"},"thumbnailUrl":"https:\/\/cvinoticias.com\/wp-content\/uploads\/2022\/04\/fqahv4vwuaqbegs.jpg_820697298.jpg","articleSection":["Deportes"],"inLanguage":"es","potentialAction":[{"@type":"CommentAction","name":"Comment","target":["https:\/\/cvinoticias.com\/v3\/argentina-subcampeon-en-el-mundial-de-futsal-para-personas-con-sindrome-de-down\/#respond"]}]},{"@type":"WebPage","@id":"https:\/\/cvinoticias.com\/v3\/argentina-subcampeon-en-el-mundial-de-futsal-para-personas-con-sindrome-de-down\/","url":"https:\/\/cvinoticias.com\/v3\/argentina-subcampeon-en-el-mundial-de-futsal-para-personas-con-sindrome-de-down\/","name":"Argentina, subcampe\u00f3n en el Mundial de Futsal para personas con s\u00edndrome de Down | CVI NOTICIAS","isPartOf":{"@id":"https:\/\/cvinoticias.com\/v3\/#website"},"primaryImageOfPage":{"@id":"https:\/\/cvinoticias.com\/v3\/argentina-subcampeon-en-el-mundial-de-futsal-para-personas-con-sindrome-de-down\/#primaryimage"},"image":{"@id":"https:\/\/cvinoticias.com\/v3\/argentina-subcampeon-en-el-mundial-de-futsal-para-personas-con-sindrome-de-down\/#primaryimage"},"thumbnailUrl":"https:\/\/cvinoticias.com\/wp-content\/uploads\/2022\/04\/fqahv4vwuaqbegs.jpg_820697298.jpg","datePublished":"2022-04-11T18:14:27+00:00","breadcrumb":{"@id":"https:\/\/cvinoticias.com\/v3\/argentina-subcampeon-en-el-mundial-de-futsal-para-personas-con-sindrome-de-down\/#breadcrumb"},"inLanguage":"es","potentialAction":[{"@type":"ReadAction","target":["https:\/\/cvinoticias.com\/v3\/argentina-subcampeon-en-el-mundial-de-futsal-para-personas-con-sindrome-de-down\/"]}]},{"@type":"ImageObject","inLanguage":"es","@id":"https:\/\/cvinoticias.com\/v3\/argentina-subcampeon-en-el-mundial-de-futsal-para-personas-con-sindrome-de-down\/#primaryimage","url":"https:\/\/cvinoticias.com\/wp-content\/uploads\/2022\/04\/fqahv4vwuaqbegs.jpg_820697298.jpg","contentUrl":"https:\/\/cvinoticias.com\/wp-content\/uploads\/2022\/04\/fqahv4vwuaqbegs.jpg_820697298.jpg","width":965,"height":600},{"@type":"BreadcrumbList","@id":"https:\/\/cvinoticias.com\/v3\/argentina-subcampeon-en-el-mundial-de-futsal-para-personas-con-sindrome-de-down\/#breadcrumb","itemListElement":[{"@type":"ListItem","position":1,"name":"Portada","item":"https:\/\/cvinoticias.com\/v3\/"},{"@type":"ListItem","position":2,"name":"Argentina, subcampe\u00f3n en el Mundial de Futsal para personas con s\u00edndrome de Down"}]},{"@type":"WebSite","@id":"https:\/\/cvinoticias.com\/v3\/#website","url":"https:\/\/cvinoticias.com\/v3\/","name":"CVI NOTICIAS","description":"","publisher":{"@id":"https:\/\/cvinoticias.com\/v3\/#organization"},"alternateName":"CVI","potentialAction":[{"@type":"SearchAction","target":{"@type":"EntryPoint","urlTemplate":"https:\/\/cvinoticias.com\/v3\/?s={search_term_string}"},"query-input":{"@type":"PropertyValueSpecification","valueRequired":true,"valueName":"search_term_string"}}],"inLanguage":"es"},{"@type":"Organization","@id":"https:\/\/cvinoticias.com\/v3\/#organization","name":"CVI NOTICIAS","url":"https:\/\/cvinoticias.com\/v3\/","logo":{"@type":"ImageObject","inLanguage":"es","@id":"https:\/\/cvinoticias.com\/v3\/#\/schema\/logo\/image\/","url":"https:\/\/cvinoticias.com\/wp-content\/uploads\/2023\/04\/cropped-cropped-cropped-cropped-cropped-3-1.png","contentUrl":"https:\/\/cvinoticias.com\/wp-content\/uploads\/2023\/04\/cropped-cropped-cropped-cropped-cropped-3-1.png","width":95,"height":122,"caption":"CVI NOTICIAS"},"image":{"@id":"https:\/\/cvinoticias.com\/v3\/#\/schema\/logo\/image\/"},"sameAs":["https:\/\/www.facebook.com\/cvinoticias","https:\/\/www.instagram.com\/cvinoticias\/","https:\/\/www.youtube.com\/@CVINOTICIAS"]},{"@type":"Person","@id":"https:\/\/cvinoticias.com\/v3\/#\/schema\/person\/2db77e3c6bc03c538495d7b2b8be9b66","name":"f1000024","image":{"@type":"ImageObject","inLanguage":"es","@id":"https:\/\/secure.gravatar.com\/avatar\/d4fe7459cfc51ff5129ce1a732bbef5928568b8092d412ef95611616376bbeed?s=96&d=mm&r=g","url":"https:\/\/secure.gravatar.com\/avatar\/d4fe7459cfc51ff5129ce1a732bbef5928568b8092d412ef95611616376bbeed?s=96&d=mm&r=g","contentUrl":"https:\/\/secure.gravatar.com\/avatar\/d4fe7459cfc51ff5129ce1a732bbef5928568b8092d412ef95611616376bbeed?s=96&d=mm&r=g","caption":"f1000024"},"url":"https:\/\/cvinoticias.com\/v3\/author\/f1000024\/"}]}},"_links":{"self":[{"href":"https:\/\/cvinoticias.com\/v3\/wp-json\/wp\/v2\/posts\/14749","targetHints":{"allow":["GET"]}}],"collection":[{"href":"https:\/\/cvinoticias.com\/v3\/wp-json\/wp\/v2\/posts"}],"about":[{"href":"https:\/\/cvinoticias.com\/v3\/wp-json\/wp\/v2\/types\/post"}],"author":[{"embeddable":true,"href":"https:\/\/cvinoticias.com\/v3\/wp-json\/wp\/v2\/users\/2"}],"replies":[{"embeddable":true,"href":"https:\/\/cvinoticias.com\/v3\/wp-json\/wp\/v2\/comments?post=14749"}],"version-history":[{"count":1,"href":"https:\/\/cvinoticias.com\/v3\/wp-json\/wp\/v2\/posts\/14749\/revisions"}],"predecessor-version":[{"id":14751,"href":"https:\/\/cvinoticias.com\/v3\/wp-json\/wp\/v2\/posts\/14749\/revisions\/14751"}],"wp:featuredmedia":[{"embeddable":true,"href":"https:\/\/cvinoticias.com\/v3\/wp-json\/wp\/v2\/media\/14750"}],"wp:attachment":[{"href":"https:\/\/cvinoticias.com\/v3\/wp-json\/wp\/v2\/media?parent=14749"}],"wp:term":[{"taxonomy":"category","embeddable":true,"href":"https:\/\/cvinoticias.com\/v3\/wp-json\/wp\/v2\/categories?post=14749"},{"taxonomy":"post_tag","embeddable":true,"href":"https:\/\/cvinoticias.com\/v3\/wp-json\/wp\/v2\/tags?post=14749"}],"curies":[{"name":"wp","href":"https:\/\/api.w.org\/{rel}","templated":true}]}}