{"id":14741,"date":"2022-04-11T17:51:05","date_gmt":"2022-04-11T17:51:05","guid":{"rendered":"https:\/\/cvinoticias.com\/v3\/?p=14741"},"modified":"2022-04-11T17:51:05","modified_gmt":"2022-04-11T17:51:05","slug":"puerto-iguazu-extensa-fila-de-autos-y-camiones-en-migraciones-en-el-paso-de-fronteras","status":"publish","type":"post","link":"https:\/\/cvinoticias.com\/v3\/puerto-iguazu-extensa-fila-de-autos-y-camiones-en-migraciones-en-el-paso-de-fronteras\/","title":{"rendered":"Puerto Iguaz\u00fa: Extensa fila de autos y camiones en migraciones, en el Paso de Fronteras"},"content":{"rendered":"\n<p><strong><em>Largas filas de autom\u00f3viles en el paso de Fronteras donde tambi\u00e9n se suman los camiones transportistas de granos qui\u00e9nes iniciaron un paro nacional en reclamo de la actualizaci\u00f3n en las tarifas del sector y por la falta de gasoil.<\/em><\/strong><\/p>\n\n\n\n<figure class=\"wp-block-image size-large is-resized\"><a href=\"https:\/\/cvinoticias.com\/wp-content\/uploads\/2022\/04\/Picsart_22-04-11_14-44-34-443-1.jpg\"><img decoding=\"async\" data-src=\"https:\/\/cvinoticias.com\/wp-content\/uploads\/2022\/04\/Picsart_22-04-11_14-44-34-443-1-1024x855.jpg\" alt=\"\" class=\"wp-image-14746 lazyload\" width=\"692\" height=\"578\" data-srcset=\"https:\/\/cvinoticias.com\/wp-content\/uploads\/2022\/04\/Picsart_22-04-11_14-44-34-443-1-1024x855.jpg 1024w, https:\/\/cvinoticias.com\/wp-content\/uploads\/2022\/04\/Picsart_22-04-11_14-44-34-443-1-300x250.jpg 300w, https:\/\/cvinoticias.com\/wp-content\/uploads\/2022\/04\/Picsart_22-04-11_14-44-34-443-1-768x641.jpg 768w, https:\/\/cvinoticias.com\/wp-content\/uploads\/2022\/04\/Picsart_22-04-11_14-44-34-443-1.jpg 1294w\" data-sizes=\"(max-width: 692px) 100vw, 692px\" src=\"data:image\/svg+xml;base64,PHN2ZyB3aWR0aD0iMSIgaGVpZ2h0PSIxIiB4bWxucz0iaHR0cDovL3d3dy53My5vcmcvMjAwMC9zdmciPjwvc3ZnPg==\" style=\"--smush-placeholder-width: 692px; --smush-placeholder-aspect-ratio: 692\/578;\" \/><\/a><\/figure>\n\n\n\n<p>La Federaci\u00f3n de Transportistas Argentinos (Fetra) anunci\u00f3 que la protesta podr\u00eda extenderse \u00abhasta lograr una respuesta a sus demandas\u00bb.<\/p>\n\n\n\n<p>Entre los reclamos de los empresarios del transporte figuran: la falta de actualizaci\u00f3n de la tarifa nacional para los fletes de granos contemplando el precio real del gasoil; falta de reglamentaci\u00f3n de la cl\u00e1usula gatillo; conflictos generados por la negativa por parte de algunos dadores de cargas, que ejercen abuso de su posici\u00f3n neg\u00e1ndose a pagar una tarifa justa y razonable; inseguridad en las inmediaciones portuarias.<\/p>\n\n\n\n<p>Mucha precauci\u00f3n a la hora de circular por la Ruta Nacional 12 zona de aduana, porque se juntan las extensas filas de autom\u00f3viles para cargar nafta, otra que es para realizar los tramites correspondientes para cruzar la aduana migratoria y tambi\u00e9n est\u00e1n los camiones transportistas cumpliendo con la convocatoria de paro nacional.<\/p>\n\n\n\n<figure class=\"wp-block-image size-large is-resized\"><a href=\"https:\/\/cvinoticias.com\/wp-content\/uploads\/2022\/04\/Picsart_22-04-11_14-43-33-728.jpg\"><img decoding=\"async\" data-src=\"https:\/\/cvinoticias.com\/wp-content\/uploads\/2022\/04\/Picsart_22-04-11_14-43-33-728-1024x925.jpg\" alt=\"\" class=\"wp-image-14744 lazyload\" width=\"712\" height=\"642\" data-srcset=\"https:\/\/cvinoticias.com\/wp-content\/uploads\/2022\/04\/Picsart_22-04-11_14-43-33-728-1024x925.jpg 1024w, https:\/\/cvinoticias.com\/wp-content\/uploads\/2022\/04\/Picsart_22-04-11_14-43-33-728-300x271.jpg 300w, https:\/\/cvinoticias.com\/wp-content\/uploads\/2022\/04\/Picsart_22-04-11_14-43-33-728-768x694.jpg 768w, https:\/\/cvinoticias.com\/wp-content\/uploads\/2022\/04\/Picsart_22-04-11_14-43-33-728.jpg 1196w\" data-sizes=\"(max-width: 712px) 100vw, 712px\" src=\"data:image\/svg+xml;base64,PHN2ZyB3aWR0aD0iMSIgaGVpZ2h0PSIxIiB4bWxucz0iaHR0cDovL3d3dy53My5vcmcvMjAwMC9zdmciPjwvc3ZnPg==\" style=\"--smush-placeholder-width: 712px; --smush-placeholder-aspect-ratio: 712\/642;\" \/><\/a><\/figure>\n\n\n\n<figure class=\"wp-block-image size-large\"><a href=\"https:\/\/cvinoticias.com\/wp-content\/uploads\/2022\/04\/IMG-20220411-WA0063-1.jpeg\"><img decoding=\"async\" width=\"1024\" height=\"887\" data-src=\"https:\/\/cvinoticias.com\/wp-content\/uploads\/2022\/04\/IMG-20220411-WA0063-1-1024x887.jpeg\" alt=\"\" class=\"wp-image-14747 lazyload\" data-srcset=\"https:\/\/cvinoticias.com\/wp-content\/uploads\/2022\/04\/IMG-20220411-WA0063-1-1024x887.jpeg 1024w, https:\/\/cvinoticias.com\/wp-content\/uploads\/2022\/04\/IMG-20220411-WA0063-1-300x260.jpeg 300w, https:\/\/cvinoticias.com\/wp-content\/uploads\/2022\/04\/IMG-20220411-WA0063-1-768x665.jpeg 768w, https:\/\/cvinoticias.com\/wp-content\/uploads\/2022\/04\/IMG-20220411-WA0063-1-1536x1330.jpeg 1536w, https:\/\/cvinoticias.com\/wp-content\/uploads\/2022\/04\/IMG-20220411-WA0063-1-2048x1773.jpeg 2048w\" data-sizes=\"(max-width: 1024px) 100vw, 1024px\" src=\"data:image\/svg+xml;base64,PHN2ZyB3aWR0aD0iMSIgaGVpZ2h0PSIxIiB4bWxucz0iaHR0cDovL3d3dy53My5vcmcvMjAwMC9zdmciPjwvc3ZnPg==\" style=\"--smush-placeholder-width: 1024px; --smush-placeholder-aspect-ratio: 1024\/887;\" \/><\/a><\/figure>\n","protected":false},"excerpt":{"rendered":"<p>Largas filas de autom\u00f3viles en el paso de Fronteras donde tambi\u00e9n se suman los camiones transportistas de granos qui\u00e9nes iniciaron un paro nacional en reclamo de la actualizaci\u00f3n en las tarifas del sector y por la falta de gasoil. La Federaci\u00f3n de Transportistas Argentinos (Fetra) anunci\u00f3 que la protesta podr\u00eda extenderse \u00abhasta lograr una respuesta [&hellip;]<\/p>\n","protected":false},"author":2,"featured_media":14745,"comment_status":"open","ping_status":"open","sticky":false,"template":"","format":"standard","meta":{"footnotes":""},"categories":[29],"tags":[],"class_list":["post-14741","post","type-post","status-publish","format-standard","has-post-thumbnail","hentry","category-locales"],"yoast_head":"<!-- This site is optimized with the Yoast SEO plugin v27.5 - https:\/\/yoast.com\/product\/yoast-seo-wordpress\/ -->\n<title>Puerto Iguaz\u00fa: Extensa fila de autos y camiones en migraciones, en el Paso de Fronteras | CVI NOTICIAS<\/title>\n<meta name=\"robots\" content=\"index, follow, max-snippet:-1, max-image-preview:large, max-video-preview:-1\" \/>\n<link rel=\"canonical\" href=\"https:\/\/cvinoticias.com\/v3\/puerto-iguazu-extensa-fila-de-autos-y-camiones-en-migraciones-en-el-paso-de-fronteras\/\" \/>\n<meta property=\"og:locale\" content=\"es_ES\" \/>\n<meta property=\"og:type\" content=\"article\" \/>\n<meta property=\"og:title\" content=\"Puerto Iguaz\u00fa: Extensa fila de autos y camiones en migraciones, en el Paso de Fronteras | CVI NOTICIAS\" \/>\n<meta property=\"og:description\" content=\"Largas filas de autom\u00f3viles en el paso de Fronteras donde tambi\u00e9n se suman los camiones transportistas de granos qui\u00e9nes iniciaron un paro nacional en reclamo de la actualizaci\u00f3n en las tarifas del sector y por la falta de gasoil. La Federaci\u00f3n de Transportistas Argentinos (Fetra) anunci\u00f3 que la protesta podr\u00eda extenderse \u00abhasta lograr una respuesta [&hellip;]\" \/>\n<meta property=\"og:url\" content=\"https:\/\/cvinoticias.com\/v3\/puerto-iguazu-extensa-fila-de-autos-y-camiones-en-migraciones-en-el-paso-de-fronteras\/\" \/>\n<meta property=\"og:site_name\" content=\"CVI NOTICIAS\" \/>\n<meta property=\"article:publisher\" content=\"https:\/\/www.facebook.com\/cvinoticias\" \/>\n<meta property=\"article:published_time\" content=\"2022-04-11T17:51:05+00:00\" \/>\n<meta property=\"og:image\" content=\"https:\/\/cvinoticias.com\/wp-content\/uploads\/2022\/04\/Picsart_22-04-11_14-45-37-721.jpg\" \/>\n\t<meta property=\"og:image:width\" content=\"1093\" \/>\n\t<meta property=\"og:image:height\" content=\"1080\" \/>\n\t<meta property=\"og:image:type\" content=\"image\/jpeg\" \/>\n<meta name=\"author\" content=\"f1000024\" \/>\n<meta name=\"twitter:card\" content=\"summary_large_image\" \/>\n<meta name=\"twitter:label1\" content=\"Escrito por\" \/>\n\t<meta name=\"twitter:data1\" content=\"f1000024\" \/>\n\t<meta name=\"twitter:label2\" content=\"Tiempo de lectura\" \/>\n\t<meta name=\"twitter:data2\" content=\"1 minuto\" \/>\n<script type=\"application\/ld+json\" class=\"yoast-schema-graph\">{\"@context\":\"https:\\\/\\\/schema.org\",\"@graph\":[{\"@type\":\"Article\",\"@id\":\"https:\\\/\\\/cvinoticias.com\\\/v3\\\/puerto-iguazu-extensa-fila-de-autos-y-camiones-en-migraciones-en-el-paso-de-fronteras\\\/#article\",\"isPartOf\":{\"@id\":\"https:\\\/\\\/cvinoticias.com\\\/v3\\\/puerto-iguazu-extensa-fila-de-autos-y-camiones-en-migraciones-en-el-paso-de-fronteras\\\/\"},\"author\":{\"name\":\"f1000024\",\"@id\":\"https:\\\/\\\/cvinoticias.com\\\/v3\\\/#\\\/schema\\\/person\\\/2db77e3c6bc03c538495d7b2b8be9b66\"},\"headline\":\"Puerto Iguaz\u00fa: Extensa fila de autos y camiones en migraciones, en el Paso de Fronteras\",\"datePublished\":\"2022-04-11T17:51:05+00:00\",\"mainEntityOfPage\":{\"@id\":\"https:\\\/\\\/cvinoticias.com\\\/v3\\\/puerto-iguazu-extensa-fila-de-autos-y-camiones-en-migraciones-en-el-paso-de-fronteras\\\/\"},\"wordCount\":205,\"commentCount\":0,\"publisher\":{\"@id\":\"https:\\\/\\\/cvinoticias.com\\\/v3\\\/#organization\"},\"image\":{\"@id\":\"https:\\\/\\\/cvinoticias.com\\\/v3\\\/puerto-iguazu-extensa-fila-de-autos-y-camiones-en-migraciones-en-el-paso-de-fronteras\\\/#primaryimage\"},\"thumbnailUrl\":\"https:\\\/\\\/cvinoticias.com\\\/wp-content\\\/uploads\\\/2022\\\/04\\\/Picsart_22-04-11_14-45-37-721.jpg\",\"articleSection\":[\"Locales\"],\"inLanguage\":\"es\",\"potentialAction\":[{\"@type\":\"CommentAction\",\"name\":\"Comment\",\"target\":[\"https:\\\/\\\/cvinoticias.com\\\/v3\\\/puerto-iguazu-extensa-fila-de-autos-y-camiones-en-migraciones-en-el-paso-de-fronteras\\\/#respond\"]}]},{\"@type\":\"WebPage\",\"@id\":\"https:\\\/\\\/cvinoticias.com\\\/v3\\\/puerto-iguazu-extensa-fila-de-autos-y-camiones-en-migraciones-en-el-paso-de-fronteras\\\/\",\"url\":\"https:\\\/\\\/cvinoticias.com\\\/v3\\\/puerto-iguazu-extensa-fila-de-autos-y-camiones-en-migraciones-en-el-paso-de-fronteras\\\/\",\"name\":\"Puerto Iguaz\u00fa: Extensa fila de autos y camiones en migraciones, en el Paso de Fronteras | CVI NOTICIAS\",\"isPartOf\":{\"@id\":\"https:\\\/\\\/cvinoticias.com\\\/v3\\\/#website\"},\"primaryImageOfPage\":{\"@id\":\"https:\\\/\\\/cvinoticias.com\\\/v3\\\/puerto-iguazu-extensa-fila-de-autos-y-camiones-en-migraciones-en-el-paso-de-fronteras\\\/#primaryimage\"},\"image\":{\"@id\":\"https:\\\/\\\/cvinoticias.com\\\/v3\\\/puerto-iguazu-extensa-fila-de-autos-y-camiones-en-migraciones-en-el-paso-de-fronteras\\\/#primaryimage\"},\"thumbnailUrl\":\"https:\\\/\\\/cvinoticias.com\\\/wp-content\\\/uploads\\\/2022\\\/04\\\/Picsart_22-04-11_14-45-37-721.jpg\",\"datePublished\":\"2022-04-11T17:51:05+00:00\",\"breadcrumb\":{\"@id\":\"https:\\\/\\\/cvinoticias.com\\\/v3\\\/puerto-iguazu-extensa-fila-de-autos-y-camiones-en-migraciones-en-el-paso-de-fronteras\\\/#breadcrumb\"},\"inLanguage\":\"es\",\"potentialAction\":[{\"@type\":\"ReadAction\",\"target\":[\"https:\\\/\\\/cvinoticias.com\\\/v3\\\/puerto-iguazu-extensa-fila-de-autos-y-camiones-en-migraciones-en-el-paso-de-fronteras\\\/\"]}]},{\"@type\":\"ImageObject\",\"inLanguage\":\"es\",\"@id\":\"https:\\\/\\\/cvinoticias.com\\\/v3\\\/puerto-iguazu-extensa-fila-de-autos-y-camiones-en-migraciones-en-el-paso-de-fronteras\\\/#primaryimage\",\"url\":\"https:\\\/\\\/cvinoticias.com\\\/wp-content\\\/uploads\\\/2022\\\/04\\\/Picsart_22-04-11_14-45-37-721.jpg\",\"contentUrl\":\"https:\\\/\\\/cvinoticias.com\\\/wp-content\\\/uploads\\\/2022\\\/04\\\/Picsart_22-04-11_14-45-37-721.jpg\",\"width\":1093,\"height\":1080},{\"@type\":\"BreadcrumbList\",\"@id\":\"https:\\\/\\\/cvinoticias.com\\\/v3\\\/puerto-iguazu-extensa-fila-de-autos-y-camiones-en-migraciones-en-el-paso-de-fronteras\\\/#breadcrumb\",\"itemListElement\":[{\"@type\":\"ListItem\",\"position\":1,\"name\":\"Portada\",\"item\":\"https:\\\/\\\/cvinoticias.com\\\/v3\\\/\"},{\"@type\":\"ListItem\",\"position\":2,\"name\":\"Puerto Iguaz\u00fa: Extensa fila de autos y camiones en migraciones, en el Paso de Fronteras\"}]},{\"@type\":\"WebSite\",\"@id\":\"https:\\\/\\\/cvinoticias.com\\\/v3\\\/#website\",\"url\":\"https:\\\/\\\/cvinoticias.com\\\/v3\\\/\",\"name\":\"CVI NOTICIAS\",\"description\":\"\",\"publisher\":{\"@id\":\"https:\\\/\\\/cvinoticias.com\\\/v3\\\/#organization\"},\"alternateName\":\"CVI\",\"potentialAction\":[{\"@type\":\"SearchAction\",\"target\":{\"@type\":\"EntryPoint\",\"urlTemplate\":\"https:\\\/\\\/cvinoticias.com\\\/v3\\\/?s={search_term_string}\"},\"query-input\":{\"@type\":\"PropertyValueSpecification\",\"valueRequired\":true,\"valueName\":\"search_term_string\"}}],\"inLanguage\":\"es\"},{\"@type\":\"Organization\",\"@id\":\"https:\\\/\\\/cvinoticias.com\\\/v3\\\/#organization\",\"name\":\"CVI NOTICIAS\",\"url\":\"https:\\\/\\\/cvinoticias.com\\\/v3\\\/\",\"logo\":{\"@type\":\"ImageObject\",\"inLanguage\":\"es\",\"@id\":\"https:\\\/\\\/cvinoticias.com\\\/v3\\\/#\\\/schema\\\/logo\\\/image\\\/\",\"url\":\"https:\\\/\\\/cvinoticias.com\\\/wp-content\\\/uploads\\\/2023\\\/04\\\/cropped-cropped-cropped-cropped-cropped-3-1.png\",\"contentUrl\":\"https:\\\/\\\/cvinoticias.com\\\/wp-content\\\/uploads\\\/2023\\\/04\\\/cropped-cropped-cropped-cropped-cropped-3-1.png\",\"width\":95,\"height\":122,\"caption\":\"CVI NOTICIAS\"},\"image\":{\"@id\":\"https:\\\/\\\/cvinoticias.com\\\/v3\\\/#\\\/schema\\\/logo\\\/image\\\/\"},\"sameAs\":[\"https:\\\/\\\/www.facebook.com\\\/cvinoticias\",\"https:\\\/\\\/www.instagram.com\\\/cvinoticias\\\/\",\"https:\\\/\\\/www.youtube.com\\\/@CVINOTICIAS\"]},{\"@type\":\"Person\",\"@id\":\"https:\\\/\\\/cvinoticias.com\\\/v3\\\/#\\\/schema\\\/person\\\/2db77e3c6bc03c538495d7b2b8be9b66\",\"name\":\"f1000024\",\"image\":{\"@type\":\"ImageObject\",\"inLanguage\":\"es\",\"@id\":\"https:\\\/\\\/secure.gravatar.com\\\/avatar\\\/d4fe7459cfc51ff5129ce1a732bbef5928568b8092d412ef95611616376bbeed?s=96&d=mm&r=g\",\"url\":\"https:\\\/\\\/secure.gravatar.com\\\/avatar\\\/d4fe7459cfc51ff5129ce1a732bbef5928568b8092d412ef95611616376bbeed?s=96&d=mm&r=g\",\"contentUrl\":\"https:\\\/\\\/secure.gravatar.com\\\/avatar\\\/d4fe7459cfc51ff5129ce1a732bbef5928568b8092d412ef95611616376bbeed?s=96&d=mm&r=g\",\"caption\":\"f1000024\"},\"url\":\"https:\\\/\\\/cvinoticias.com\\\/v3\\\/author\\\/f1000024\\\/\"}]}<\/script>\n<!-- \/ Yoast SEO plugin. -->","yoast_head_json":{"title":"Puerto Iguaz\u00fa: Extensa fila de autos y camiones en migraciones, en el Paso de Fronteras | CVI NOTICIAS","robots":{"index":"index","follow":"follow","max-snippet":"max-snippet:-1","max-image-preview":"max-image-preview:large","max-video-preview":"max-video-preview:-1"},"canonical":"https:\/\/cvinoticias.com\/v3\/puerto-iguazu-extensa-fila-de-autos-y-camiones-en-migraciones-en-el-paso-de-fronteras\/","og_locale":"es_ES","og_type":"article","og_title":"Puerto Iguaz\u00fa: Extensa fila de autos y camiones en migraciones, en el Paso de Fronteras | CVI NOTICIAS","og_description":"Largas filas de autom\u00f3viles en el paso de Fronteras donde tambi\u00e9n se suman los camiones transportistas de granos qui\u00e9nes iniciaron un paro nacional en reclamo de la actualizaci\u00f3n en las tarifas del sector y por la falta de gasoil. La Federaci\u00f3n de Transportistas Argentinos (Fetra) anunci\u00f3 que la protesta podr\u00eda extenderse \u00abhasta lograr una respuesta [&hellip;]","og_url":"https:\/\/cvinoticias.com\/v3\/puerto-iguazu-extensa-fila-de-autos-y-camiones-en-migraciones-en-el-paso-de-fronteras\/","og_site_name":"CVI NOTICIAS","article_publisher":"https:\/\/www.facebook.com\/cvinoticias","article_published_time":"2022-04-11T17:51:05+00:00","og_image":[{"width":1093,"height":1080,"url":"https:\/\/cvinoticias.com\/wp-content\/uploads\/2022\/04\/Picsart_22-04-11_14-45-37-721.jpg","type":"image\/jpeg"}],"author":"f1000024","twitter_card":"summary_large_image","twitter_misc":{"Escrito por":"f1000024","Tiempo de lectura":"1 minuto"},"schema":{"@context":"https:\/\/schema.org","@graph":[{"@type":"Article","@id":"https:\/\/cvinoticias.com\/v3\/puerto-iguazu-extensa-fila-de-autos-y-camiones-en-migraciones-en-el-paso-de-fronteras\/#article","isPartOf":{"@id":"https:\/\/cvinoticias.com\/v3\/puerto-iguazu-extensa-fila-de-autos-y-camiones-en-migraciones-en-el-paso-de-fronteras\/"},"author":{"name":"f1000024","@id":"https:\/\/cvinoticias.com\/v3\/#\/schema\/person\/2db77e3c6bc03c538495d7b2b8be9b66"},"headline":"Puerto Iguaz\u00fa: Extensa fila de autos y camiones en migraciones, en el Paso de Fronteras","datePublished":"2022-04-11T17:51:05+00:00","mainEntityOfPage":{"@id":"https:\/\/cvinoticias.com\/v3\/puerto-iguazu-extensa-fila-de-autos-y-camiones-en-migraciones-en-el-paso-de-fronteras\/"},"wordCount":205,"commentCount":0,"publisher":{"@id":"https:\/\/cvinoticias.com\/v3\/#organization"},"image":{"@id":"https:\/\/cvinoticias.com\/v3\/puerto-iguazu-extensa-fila-de-autos-y-camiones-en-migraciones-en-el-paso-de-fronteras\/#primaryimage"},"thumbnailUrl":"https:\/\/cvinoticias.com\/wp-content\/uploads\/2022\/04\/Picsart_22-04-11_14-45-37-721.jpg","articleSection":["Locales"],"inLanguage":"es","potentialAction":[{"@type":"CommentAction","name":"Comment","target":["https:\/\/cvinoticias.com\/v3\/puerto-iguazu-extensa-fila-de-autos-y-camiones-en-migraciones-en-el-paso-de-fronteras\/#respond"]}]},{"@type":"WebPage","@id":"https:\/\/cvinoticias.com\/v3\/puerto-iguazu-extensa-fila-de-autos-y-camiones-en-migraciones-en-el-paso-de-fronteras\/","url":"https:\/\/cvinoticias.com\/v3\/puerto-iguazu-extensa-fila-de-autos-y-camiones-en-migraciones-en-el-paso-de-fronteras\/","name":"Puerto Iguaz\u00fa: Extensa fila de autos y camiones en migraciones, en el Paso de Fronteras | CVI NOTICIAS","isPartOf":{"@id":"https:\/\/cvinoticias.com\/v3\/#website"},"primaryImageOfPage":{"@id":"https:\/\/cvinoticias.com\/v3\/puerto-iguazu-extensa-fila-de-autos-y-camiones-en-migraciones-en-el-paso-de-fronteras\/#primaryimage"},"image":{"@id":"https:\/\/cvinoticias.com\/v3\/puerto-iguazu-extensa-fila-de-autos-y-camiones-en-migraciones-en-el-paso-de-fronteras\/#primaryimage"},"thumbnailUrl":"https:\/\/cvinoticias.com\/wp-content\/uploads\/2022\/04\/Picsart_22-04-11_14-45-37-721.jpg","datePublished":"2022-04-11T17:51:05+00:00","breadcrumb":{"@id":"https:\/\/cvinoticias.com\/v3\/puerto-iguazu-extensa-fila-de-autos-y-camiones-en-migraciones-en-el-paso-de-fronteras\/#breadcrumb"},"inLanguage":"es","potentialAction":[{"@type":"ReadAction","target":["https:\/\/cvinoticias.com\/v3\/puerto-iguazu-extensa-fila-de-autos-y-camiones-en-migraciones-en-el-paso-de-fronteras\/"]}]},{"@type":"ImageObject","inLanguage":"es","@id":"https:\/\/cvinoticias.com\/v3\/puerto-iguazu-extensa-fila-de-autos-y-camiones-en-migraciones-en-el-paso-de-fronteras\/#primaryimage","url":"https:\/\/cvinoticias.com\/wp-content\/uploads\/2022\/04\/Picsart_22-04-11_14-45-37-721.jpg","contentUrl":"https:\/\/cvinoticias.com\/wp-content\/uploads\/2022\/04\/Picsart_22-04-11_14-45-37-721.jpg","width":1093,"height":1080},{"@type":"BreadcrumbList","@id":"https:\/\/cvinoticias.com\/v3\/puerto-iguazu-extensa-fila-de-autos-y-camiones-en-migraciones-en-el-paso-de-fronteras\/#breadcrumb","itemListElement":[{"@type":"ListItem","position":1,"name":"Portada","item":"https:\/\/cvinoticias.com\/v3\/"},{"@type":"ListItem","position":2,"name":"Puerto Iguaz\u00fa: Extensa fila de autos y camiones en migraciones, en el Paso de Fronteras"}]},{"@type":"WebSite","@id":"https:\/\/cvinoticias.com\/v3\/#website","url":"https:\/\/cvinoticias.com\/v3\/","name":"CVI NOTICIAS","description":"","publisher":{"@id":"https:\/\/cvinoticias.com\/v3\/#organization"},"alternateName":"CVI","potentialAction":[{"@type":"SearchAction","target":{"@type":"EntryPoint","urlTemplate":"https:\/\/cvinoticias.com\/v3\/?s={search_term_string}"},"query-input":{"@type":"PropertyValueSpecification","valueRequired":true,"valueName":"search_term_string"}}],"inLanguage":"es"},{"@type":"Organization","@id":"https:\/\/cvinoticias.com\/v3\/#organization","name":"CVI NOTICIAS","url":"https:\/\/cvinoticias.com\/v3\/","logo":{"@type":"ImageObject","inLanguage":"es","@id":"https:\/\/cvinoticias.com\/v3\/#\/schema\/logo\/image\/","url":"https:\/\/cvinoticias.com\/wp-content\/uploads\/2023\/04\/cropped-cropped-cropped-cropped-cropped-3-1.png","contentUrl":"https:\/\/cvinoticias.com\/wp-content\/uploads\/2023\/04\/cropped-cropped-cropped-cropped-cropped-3-1.png","width":95,"height":122,"caption":"CVI NOTICIAS"},"image":{"@id":"https:\/\/cvinoticias.com\/v3\/#\/schema\/logo\/image\/"},"sameAs":["https:\/\/www.facebook.com\/cvinoticias","https:\/\/www.instagram.com\/cvinoticias\/","https:\/\/www.youtube.com\/@CVINOTICIAS"]},{"@type":"Person","@id":"https:\/\/cvinoticias.com\/v3\/#\/schema\/person\/2db77e3c6bc03c538495d7b2b8be9b66","name":"f1000024","image":{"@type":"ImageObject","inLanguage":"es","@id":"https:\/\/secure.gravatar.com\/avatar\/d4fe7459cfc51ff5129ce1a732bbef5928568b8092d412ef95611616376bbeed?s=96&d=mm&r=g","url":"https:\/\/secure.gravatar.com\/avatar\/d4fe7459cfc51ff5129ce1a732bbef5928568b8092d412ef95611616376bbeed?s=96&d=mm&r=g","contentUrl":"https:\/\/secure.gravatar.com\/avatar\/d4fe7459cfc51ff5129ce1a732bbef5928568b8092d412ef95611616376bbeed?s=96&d=mm&r=g","caption":"f1000024"},"url":"https:\/\/cvinoticias.com\/v3\/author\/f1000024\/"}]}},"_links":{"self":[{"href":"https:\/\/cvinoticias.com\/v3\/wp-json\/wp\/v2\/posts\/14741","targetHints":{"allow":["GET"]}}],"collection":[{"href":"https:\/\/cvinoticias.com\/v3\/wp-json\/wp\/v2\/posts"}],"about":[{"href":"https:\/\/cvinoticias.com\/v3\/wp-json\/wp\/v2\/types\/post"}],"author":[{"embeddable":true,"href":"https:\/\/cvinoticias.com\/v3\/wp-json\/wp\/v2\/users\/2"}],"replies":[{"embeddable":true,"href":"https:\/\/cvinoticias.com\/v3\/wp-json\/wp\/v2\/comments?post=14741"}],"version-history":[{"count":1,"href":"https:\/\/cvinoticias.com\/v3\/wp-json\/wp\/v2\/posts\/14741\/revisions"}],"predecessor-version":[{"id":14748,"href":"https:\/\/cvinoticias.com\/v3\/wp-json\/wp\/v2\/posts\/14741\/revisions\/14748"}],"wp:featuredmedia":[{"embeddable":true,"href":"https:\/\/cvinoticias.com\/v3\/wp-json\/wp\/v2\/media\/14745"}],"wp:attachment":[{"href":"https:\/\/cvinoticias.com\/v3\/wp-json\/wp\/v2\/media?parent=14741"}],"wp:term":[{"taxonomy":"category","embeddable":true,"href":"https:\/\/cvinoticias.com\/v3\/wp-json\/wp\/v2\/categories?post=14741"},{"taxonomy":"post_tag","embeddable":true,"href":"https:\/\/cvinoticias.com\/v3\/wp-json\/wp\/v2\/tags?post=14741"}],"curies":[{"name":"wp","href":"https:\/\/api.w.org\/{rel}","templated":true}]}}