{"id":14727,"date":"2022-04-11T02:34:46","date_gmt":"2022-04-11T02:34:46","guid":{"rendered":"https:\/\/cvinoticias.com\/v3\/?p=14727"},"modified":"2022-04-11T02:34:46","modified_gmt":"2022-04-11T02:34:46","slug":"presentan-una-nueva-canasta-de-productos-frescos-y-de-esenciales-en-comercios-de-cercania","status":"publish","type":"post","link":"https:\/\/cvinoticias.com\/v3\/presentan-una-nueva-canasta-de-productos-frescos-y-de-esenciales-en-comercios-de-cercania\/","title":{"rendered":"Presentan una nueva canasta de productos frescos y de esenciales en comercios de cercan\u00eda"},"content":{"rendered":"\n<p><strong><em>El Gobierno nacional sumar\u00e1 una canasta complementaria de productos esenciales para comercios de proximidad, con 60 art\u00edculos de consumo masivo que se comercializar\u00e1n en negocios de cercan\u00eda de todo el pa\u00eds a partir del lunes.<\/em><\/strong><\/p>\n\n\n\n<p>A trav\u00e9s de la Secretar\u00eda de Comercio se logr\u00f3 consensuar y agregar dentro de +Precios Cuidados una canasta complementaria de productos esenciales para comercios de proximidad, con 60 art\u00edculos de consumo masivo que se comercializar\u00e1n en negocios de cercan\u00eda de todo el pa\u00eds a partir del lunes, se inform\u00f3 oficialmente.<\/p>\n\n\n\n<p>El programa, que incluye art\u00edculos de higiene personal, limpieza del hogar, alimentos y bebidas, se consolid\u00f3 a trav\u00e9s del di\u00e1logo y consenso entre empresas productoras, proveedores mayoristas y c\u00e1maras, asociaciones y entidades que nuclean autoservicios de origen chino, almaceneros, supermercadistas y polirrubros de todo el pa\u00eds.<\/p>\n\n\n\n<p>El objetivo es que esta iniciativa establezca precios de referencia en comercios de proximidad, con el prop\u00f3sito de reducir la dispersi\u00f3n de valores que existe entre estos locales y las grandes cadenas de supermercados. Asimismo, esta propuesta se coordinar\u00e1 con las \u00e1reas responsables de comercio de todas las provincias, en el marco del Consejo Federal de Comercio Interior (COFECI), para lograr un correcto monitoreo de precios y abastecimiento por parte de todos los eslabones de la cadena de comercializaci\u00f3n hasta llegar a la mesa de cada hogar argentino.<\/p>\n\n\n\n<p>En el mismo sentido, desde Comercio Interior se trabajar\u00e1 en conjunto con las intendencias para garantizar el efectivo cumplimiento de los programas en los distintos territorios. Para m\u00e1s informaci\u00f3n, los consumidores podr\u00e1n ingresar a argentina.gob.ar\/precioscuidados\/proximidad.<\/p>\n\n\n\n<p>Por otro lado, el Gobierno Nacional sum\u00f3 al programa integral de +Precios Cuidados una oferta de precios acordados de vegetales frescos, garantizando la disponibilidad y apuntando a instalar referencia en las g\u00f3ndolas, actuando como ancla para los precios de los bienes m\u00e1s consumidos del rubro verduler\u00eda.<\/p>\n\n\n\n<p>En este sentido, se incorpora una canasta de frescos de frutas, verduras y hortalizas para la comercializaci\u00f3n en grandes cadenas de supermercados minoristas y mayoristas disponible tambi\u00e9n a partir de ma\u00f1ana.<\/p>\n\n\n\n<p>Esta categor\u00eda tendr\u00e1 renovaciones mensuales con actualizaciones tanto de precios como de productos, para respetar la estacionalidad de los vegetales y que la oferta sea siempre fresca y de calidad nutricional. Para abril, los productos y precios seleccionados (por kilo) son: papa (negra) a $49, cebolla a $69, tomate (redondo) a $199, lechuga (criolla o capuchina) a $160 y manzana (royal gala) a $180.<\/p>\n\n\n\n<p>La intenci\u00f3n de la canasta, adem\u00e1s de garantizar el acceso al consumo de alimentos frescos, sanos y de calidad, es orientar el establecimiento de precios de referencia para las y los consumidores en productos de alta volatilidad, que sufren variaciones en todos los canales de comercializaci\u00f3n. A su vez, busca promover el consumo de estaci\u00f3n y de las frutas y verduras que son m\u00e1s demandadas por las familias argentinas.<\/p>\n\n\n\n<p>Para m\u00e1s informaci\u00f3n sobre el acuerdo y las renovaciones mensuales el consumidor podr\u00e1 ingresar a argentina.gob.ar\/precioscuidados\/frutasyverduras.<\/p>\n\n\n\n<p>Los consumidores si no encuentran alg\u00fan producto o lo encuentran a un precio distinto del acordado, pueden iniciar un reclamo ingresando a la web, a trav\u00e9s de la aplicaci\u00f3n (disponible en App Store y Play Store o en argentina.gob.ar\/aplicaciones\/precios-cuidados), llamando al servicio gratuito de orientaci\u00f3n y asesoramiento al 0800-666-1518, o enviando un mail a consultas@consumidor.gob.ar.<\/p>\n","protected":false},"excerpt":{"rendered":"<p>El Gobierno nacional sumar\u00e1 una canasta complementaria de productos esenciales para comercios de proximidad, con 60 art\u00edculos de consumo masivo que se comercializar\u00e1n en negocios de cercan\u00eda de todo el pa\u00eds a partir del lunes. A trav\u00e9s de la Secretar\u00eda de Comercio se logr\u00f3 consensuar y agregar dentro de +Precios Cuidados una canasta complementaria de [&hellip;]<\/p>\n","protected":false},"author":2,"featured_media":14728,"comment_status":"open","ping_status":"open","sticky":false,"template":"","format":"standard","meta":{"footnotes":""},"categories":[32],"tags":[],"class_list":["post-14727","post","type-post","status-publish","format-standard","has-post-thumbnail","hentry","category-economia"],"yoast_head":"<!-- This site is optimized with the Yoast SEO plugin v27.5 - https:\/\/yoast.com\/product\/yoast-seo-wordpress\/ -->\n<title>Presentan una nueva canasta de productos frescos y de esenciales en comercios de cercan\u00eda | CVI NOTICIAS<\/title>\n<meta name=\"robots\" content=\"index, follow, max-snippet:-1, max-image-preview:large, max-video-preview:-1\" \/>\n<link rel=\"canonical\" href=\"https:\/\/cvinoticias.com\/v3\/presentan-una-nueva-canasta-de-productos-frescos-y-de-esenciales-en-comercios-de-cercania\/\" \/>\n<meta property=\"og:locale\" content=\"es_ES\" \/>\n<meta property=\"og:type\" content=\"article\" \/>\n<meta property=\"og:title\" content=\"Presentan una nueva canasta de productos frescos y de esenciales en comercios de cercan\u00eda | CVI NOTICIAS\" \/>\n<meta property=\"og:description\" content=\"El Gobierno nacional sumar\u00e1 una canasta complementaria de productos esenciales para comercios de proximidad, con 60 art\u00edculos de consumo masivo que se comercializar\u00e1n en negocios de cercan\u00eda de todo el pa\u00eds a partir del lunes. A trav\u00e9s de la Secretar\u00eda de Comercio se logr\u00f3 consensuar y agregar dentro de +Precios Cuidados una canasta complementaria de [&hellip;]\" \/>\n<meta property=\"og:url\" content=\"https:\/\/cvinoticias.com\/v3\/presentan-una-nueva-canasta-de-productos-frescos-y-de-esenciales-en-comercios-de-cercania\/\" \/>\n<meta property=\"og:site_name\" content=\"CVI NOTICIAS\" \/>\n<meta property=\"article:publisher\" content=\"https:\/\/www.facebook.com\/cvinoticias\" \/>\n<meta property=\"article:published_time\" content=\"2022-04-11T02:34:46+00:00\" \/>\n<meta property=\"og:image\" content=\"https:\/\/cvinoticias.com\/wp-content\/uploads\/2022\/04\/Screenshot_20220410-233042_Chrome.jpg\" \/>\n\t<meta property=\"og:image:width\" content=\"1080\" \/>\n\t<meta property=\"og:image:height\" content=\"632\" \/>\n\t<meta property=\"og:image:type\" content=\"image\/jpeg\" \/>\n<meta name=\"author\" content=\"f1000024\" \/>\n<meta name=\"twitter:card\" content=\"summary_large_image\" \/>\n<meta name=\"twitter:label1\" content=\"Escrito por\" \/>\n\t<meta name=\"twitter:data1\" content=\"f1000024\" \/>\n\t<meta name=\"twitter:label2\" content=\"Tiempo de lectura\" \/>\n\t<meta name=\"twitter:data2\" content=\"3 minutos\" \/>\n<script type=\"application\/ld+json\" class=\"yoast-schema-graph\">{\"@context\":\"https:\\\/\\\/schema.org\",\"@graph\":[{\"@type\":\"Article\",\"@id\":\"https:\\\/\\\/cvinoticias.com\\\/v3\\\/presentan-una-nueva-canasta-de-productos-frescos-y-de-esenciales-en-comercios-de-cercania\\\/#article\",\"isPartOf\":{\"@id\":\"https:\\\/\\\/cvinoticias.com\\\/v3\\\/presentan-una-nueva-canasta-de-productos-frescos-y-de-esenciales-en-comercios-de-cercania\\\/\"},\"author\":{\"name\":\"f1000024\",\"@id\":\"https:\\\/\\\/cvinoticias.com\\\/v3\\\/#\\\/schema\\\/person\\\/2db77e3c6bc03c538495d7b2b8be9b66\"},\"headline\":\"Presentan una nueva canasta de productos frescos y de esenciales en comercios de cercan\u00eda\",\"datePublished\":\"2022-04-11T02:34:46+00:00\",\"mainEntityOfPage\":{\"@id\":\"https:\\\/\\\/cvinoticias.com\\\/v3\\\/presentan-una-nueva-canasta-de-productos-frescos-y-de-esenciales-en-comercios-de-cercania\\\/\"},\"wordCount\":598,\"commentCount\":0,\"publisher\":{\"@id\":\"https:\\\/\\\/cvinoticias.com\\\/v3\\\/#organization\"},\"image\":{\"@id\":\"https:\\\/\\\/cvinoticias.com\\\/v3\\\/presentan-una-nueva-canasta-de-productos-frescos-y-de-esenciales-en-comercios-de-cercania\\\/#primaryimage\"},\"thumbnailUrl\":\"https:\\\/\\\/cvinoticias.com\\\/wp-content\\\/uploads\\\/2022\\\/04\\\/Screenshot_20220410-233042_Chrome.jpg\",\"articleSection\":[\"Econom\u00eda\"],\"inLanguage\":\"es\",\"potentialAction\":[{\"@type\":\"CommentAction\",\"name\":\"Comment\",\"target\":[\"https:\\\/\\\/cvinoticias.com\\\/v3\\\/presentan-una-nueva-canasta-de-productos-frescos-y-de-esenciales-en-comercios-de-cercania\\\/#respond\"]}]},{\"@type\":\"WebPage\",\"@id\":\"https:\\\/\\\/cvinoticias.com\\\/v3\\\/presentan-una-nueva-canasta-de-productos-frescos-y-de-esenciales-en-comercios-de-cercania\\\/\",\"url\":\"https:\\\/\\\/cvinoticias.com\\\/v3\\\/presentan-una-nueva-canasta-de-productos-frescos-y-de-esenciales-en-comercios-de-cercania\\\/\",\"name\":\"Presentan una nueva canasta de productos frescos y de esenciales en comercios de cercan\u00eda | CVI NOTICIAS\",\"isPartOf\":{\"@id\":\"https:\\\/\\\/cvinoticias.com\\\/v3\\\/#website\"},\"primaryImageOfPage\":{\"@id\":\"https:\\\/\\\/cvinoticias.com\\\/v3\\\/presentan-una-nueva-canasta-de-productos-frescos-y-de-esenciales-en-comercios-de-cercania\\\/#primaryimage\"},\"image\":{\"@id\":\"https:\\\/\\\/cvinoticias.com\\\/v3\\\/presentan-una-nueva-canasta-de-productos-frescos-y-de-esenciales-en-comercios-de-cercania\\\/#primaryimage\"},\"thumbnailUrl\":\"https:\\\/\\\/cvinoticias.com\\\/wp-content\\\/uploads\\\/2022\\\/04\\\/Screenshot_20220410-233042_Chrome.jpg\",\"datePublished\":\"2022-04-11T02:34:46+00:00\",\"breadcrumb\":{\"@id\":\"https:\\\/\\\/cvinoticias.com\\\/v3\\\/presentan-una-nueva-canasta-de-productos-frescos-y-de-esenciales-en-comercios-de-cercania\\\/#breadcrumb\"},\"inLanguage\":\"es\",\"potentialAction\":[{\"@type\":\"ReadAction\",\"target\":[\"https:\\\/\\\/cvinoticias.com\\\/v3\\\/presentan-una-nueva-canasta-de-productos-frescos-y-de-esenciales-en-comercios-de-cercania\\\/\"]}]},{\"@type\":\"ImageObject\",\"inLanguage\":\"es\",\"@id\":\"https:\\\/\\\/cvinoticias.com\\\/v3\\\/presentan-una-nueva-canasta-de-productos-frescos-y-de-esenciales-en-comercios-de-cercania\\\/#primaryimage\",\"url\":\"https:\\\/\\\/cvinoticias.com\\\/wp-content\\\/uploads\\\/2022\\\/04\\\/Screenshot_20220410-233042_Chrome.jpg\",\"contentUrl\":\"https:\\\/\\\/cvinoticias.com\\\/wp-content\\\/uploads\\\/2022\\\/04\\\/Screenshot_20220410-233042_Chrome.jpg\",\"width\":1080,\"height\":632},{\"@type\":\"BreadcrumbList\",\"@id\":\"https:\\\/\\\/cvinoticias.com\\\/v3\\\/presentan-una-nueva-canasta-de-productos-frescos-y-de-esenciales-en-comercios-de-cercania\\\/#breadcrumb\",\"itemListElement\":[{\"@type\":\"ListItem\",\"position\":1,\"name\":\"Portada\",\"item\":\"https:\\\/\\\/cvinoticias.com\\\/v3\\\/\"},{\"@type\":\"ListItem\",\"position\":2,\"name\":\"Presentan una nueva canasta de productos frescos y de esenciales en comercios de cercan\u00eda\"}]},{\"@type\":\"WebSite\",\"@id\":\"https:\\\/\\\/cvinoticias.com\\\/v3\\\/#website\",\"url\":\"https:\\\/\\\/cvinoticias.com\\\/v3\\\/\",\"name\":\"CVI NOTICIAS\",\"description\":\"\",\"publisher\":{\"@id\":\"https:\\\/\\\/cvinoticias.com\\\/v3\\\/#organization\"},\"alternateName\":\"CVI\",\"potentialAction\":[{\"@type\":\"SearchAction\",\"target\":{\"@type\":\"EntryPoint\",\"urlTemplate\":\"https:\\\/\\\/cvinoticias.com\\\/v3\\\/?s={search_term_string}\"},\"query-input\":{\"@type\":\"PropertyValueSpecification\",\"valueRequired\":true,\"valueName\":\"search_term_string\"}}],\"inLanguage\":\"es\"},{\"@type\":\"Organization\",\"@id\":\"https:\\\/\\\/cvinoticias.com\\\/v3\\\/#organization\",\"name\":\"CVI NOTICIAS\",\"url\":\"https:\\\/\\\/cvinoticias.com\\\/v3\\\/\",\"logo\":{\"@type\":\"ImageObject\",\"inLanguage\":\"es\",\"@id\":\"https:\\\/\\\/cvinoticias.com\\\/v3\\\/#\\\/schema\\\/logo\\\/image\\\/\",\"url\":\"https:\\\/\\\/cvinoticias.com\\\/wp-content\\\/uploads\\\/2023\\\/04\\\/cropped-cropped-cropped-cropped-cropped-3-1.png\",\"contentUrl\":\"https:\\\/\\\/cvinoticias.com\\\/wp-content\\\/uploads\\\/2023\\\/04\\\/cropped-cropped-cropped-cropped-cropped-3-1.png\",\"width\":95,\"height\":122,\"caption\":\"CVI NOTICIAS\"},\"image\":{\"@id\":\"https:\\\/\\\/cvinoticias.com\\\/v3\\\/#\\\/schema\\\/logo\\\/image\\\/\"},\"sameAs\":[\"https:\\\/\\\/www.facebook.com\\\/cvinoticias\",\"https:\\\/\\\/www.instagram.com\\\/cvinoticias\\\/\",\"https:\\\/\\\/www.youtube.com\\\/@CVINOTICIAS\"]},{\"@type\":\"Person\",\"@id\":\"https:\\\/\\\/cvinoticias.com\\\/v3\\\/#\\\/schema\\\/person\\\/2db77e3c6bc03c538495d7b2b8be9b66\",\"name\":\"f1000024\",\"image\":{\"@type\":\"ImageObject\",\"inLanguage\":\"es\",\"@id\":\"https:\\\/\\\/secure.gravatar.com\\\/avatar\\\/d4fe7459cfc51ff5129ce1a732bbef5928568b8092d412ef95611616376bbeed?s=96&d=mm&r=g\",\"url\":\"https:\\\/\\\/secure.gravatar.com\\\/avatar\\\/d4fe7459cfc51ff5129ce1a732bbef5928568b8092d412ef95611616376bbeed?s=96&d=mm&r=g\",\"contentUrl\":\"https:\\\/\\\/secure.gravatar.com\\\/avatar\\\/d4fe7459cfc51ff5129ce1a732bbef5928568b8092d412ef95611616376bbeed?s=96&d=mm&r=g\",\"caption\":\"f1000024\"},\"url\":\"https:\\\/\\\/cvinoticias.com\\\/v3\\\/author\\\/f1000024\\\/\"}]}<\/script>\n<!-- \/ Yoast SEO plugin. -->","yoast_head_json":{"title":"Presentan una nueva canasta de productos frescos y de esenciales en comercios de cercan\u00eda | CVI NOTICIAS","robots":{"index":"index","follow":"follow","max-snippet":"max-snippet:-1","max-image-preview":"max-image-preview:large","max-video-preview":"max-video-preview:-1"},"canonical":"https:\/\/cvinoticias.com\/v3\/presentan-una-nueva-canasta-de-productos-frescos-y-de-esenciales-en-comercios-de-cercania\/","og_locale":"es_ES","og_type":"article","og_title":"Presentan una nueva canasta de productos frescos y de esenciales en comercios de cercan\u00eda | CVI NOTICIAS","og_description":"El Gobierno nacional sumar\u00e1 una canasta complementaria de productos esenciales para comercios de proximidad, con 60 art\u00edculos de consumo masivo que se comercializar\u00e1n en negocios de cercan\u00eda de todo el pa\u00eds a partir del lunes. A trav\u00e9s de la Secretar\u00eda de Comercio se logr\u00f3 consensuar y agregar dentro de +Precios Cuidados una canasta complementaria de [&hellip;]","og_url":"https:\/\/cvinoticias.com\/v3\/presentan-una-nueva-canasta-de-productos-frescos-y-de-esenciales-en-comercios-de-cercania\/","og_site_name":"CVI NOTICIAS","article_publisher":"https:\/\/www.facebook.com\/cvinoticias","article_published_time":"2022-04-11T02:34:46+00:00","og_image":[{"width":1080,"height":632,"url":"https:\/\/cvinoticias.com\/wp-content\/uploads\/2022\/04\/Screenshot_20220410-233042_Chrome.jpg","type":"image\/jpeg"}],"author":"f1000024","twitter_card":"summary_large_image","twitter_misc":{"Escrito por":"f1000024","Tiempo de lectura":"3 minutos"},"schema":{"@context":"https:\/\/schema.org","@graph":[{"@type":"Article","@id":"https:\/\/cvinoticias.com\/v3\/presentan-una-nueva-canasta-de-productos-frescos-y-de-esenciales-en-comercios-de-cercania\/#article","isPartOf":{"@id":"https:\/\/cvinoticias.com\/v3\/presentan-una-nueva-canasta-de-productos-frescos-y-de-esenciales-en-comercios-de-cercania\/"},"author":{"name":"f1000024","@id":"https:\/\/cvinoticias.com\/v3\/#\/schema\/person\/2db77e3c6bc03c538495d7b2b8be9b66"},"headline":"Presentan una nueva canasta de productos frescos y de esenciales en comercios de cercan\u00eda","datePublished":"2022-04-11T02:34:46+00:00","mainEntityOfPage":{"@id":"https:\/\/cvinoticias.com\/v3\/presentan-una-nueva-canasta-de-productos-frescos-y-de-esenciales-en-comercios-de-cercania\/"},"wordCount":598,"commentCount":0,"publisher":{"@id":"https:\/\/cvinoticias.com\/v3\/#organization"},"image":{"@id":"https:\/\/cvinoticias.com\/v3\/presentan-una-nueva-canasta-de-productos-frescos-y-de-esenciales-en-comercios-de-cercania\/#primaryimage"},"thumbnailUrl":"https:\/\/cvinoticias.com\/wp-content\/uploads\/2022\/04\/Screenshot_20220410-233042_Chrome.jpg","articleSection":["Econom\u00eda"],"inLanguage":"es","potentialAction":[{"@type":"CommentAction","name":"Comment","target":["https:\/\/cvinoticias.com\/v3\/presentan-una-nueva-canasta-de-productos-frescos-y-de-esenciales-en-comercios-de-cercania\/#respond"]}]},{"@type":"WebPage","@id":"https:\/\/cvinoticias.com\/v3\/presentan-una-nueva-canasta-de-productos-frescos-y-de-esenciales-en-comercios-de-cercania\/","url":"https:\/\/cvinoticias.com\/v3\/presentan-una-nueva-canasta-de-productos-frescos-y-de-esenciales-en-comercios-de-cercania\/","name":"Presentan una nueva canasta de productos frescos y de esenciales en comercios de cercan\u00eda | CVI NOTICIAS","isPartOf":{"@id":"https:\/\/cvinoticias.com\/v3\/#website"},"primaryImageOfPage":{"@id":"https:\/\/cvinoticias.com\/v3\/presentan-una-nueva-canasta-de-productos-frescos-y-de-esenciales-en-comercios-de-cercania\/#primaryimage"},"image":{"@id":"https:\/\/cvinoticias.com\/v3\/presentan-una-nueva-canasta-de-productos-frescos-y-de-esenciales-en-comercios-de-cercania\/#primaryimage"},"thumbnailUrl":"https:\/\/cvinoticias.com\/wp-content\/uploads\/2022\/04\/Screenshot_20220410-233042_Chrome.jpg","datePublished":"2022-04-11T02:34:46+00:00","breadcrumb":{"@id":"https:\/\/cvinoticias.com\/v3\/presentan-una-nueva-canasta-de-productos-frescos-y-de-esenciales-en-comercios-de-cercania\/#breadcrumb"},"inLanguage":"es","potentialAction":[{"@type":"ReadAction","target":["https:\/\/cvinoticias.com\/v3\/presentan-una-nueva-canasta-de-productos-frescos-y-de-esenciales-en-comercios-de-cercania\/"]}]},{"@type":"ImageObject","inLanguage":"es","@id":"https:\/\/cvinoticias.com\/v3\/presentan-una-nueva-canasta-de-productos-frescos-y-de-esenciales-en-comercios-de-cercania\/#primaryimage","url":"https:\/\/cvinoticias.com\/wp-content\/uploads\/2022\/04\/Screenshot_20220410-233042_Chrome.jpg","contentUrl":"https:\/\/cvinoticias.com\/wp-content\/uploads\/2022\/04\/Screenshot_20220410-233042_Chrome.jpg","width":1080,"height":632},{"@type":"BreadcrumbList","@id":"https:\/\/cvinoticias.com\/v3\/presentan-una-nueva-canasta-de-productos-frescos-y-de-esenciales-en-comercios-de-cercania\/#breadcrumb","itemListElement":[{"@type":"ListItem","position":1,"name":"Portada","item":"https:\/\/cvinoticias.com\/v3\/"},{"@type":"ListItem","position":2,"name":"Presentan una nueva canasta de productos frescos y de esenciales en comercios de cercan\u00eda"}]},{"@type":"WebSite","@id":"https:\/\/cvinoticias.com\/v3\/#website","url":"https:\/\/cvinoticias.com\/v3\/","name":"CVI NOTICIAS","description":"","publisher":{"@id":"https:\/\/cvinoticias.com\/v3\/#organization"},"alternateName":"CVI","potentialAction":[{"@type":"SearchAction","target":{"@type":"EntryPoint","urlTemplate":"https:\/\/cvinoticias.com\/v3\/?s={search_term_string}"},"query-input":{"@type":"PropertyValueSpecification","valueRequired":true,"valueName":"search_term_string"}}],"inLanguage":"es"},{"@type":"Organization","@id":"https:\/\/cvinoticias.com\/v3\/#organization","name":"CVI NOTICIAS","url":"https:\/\/cvinoticias.com\/v3\/","logo":{"@type":"ImageObject","inLanguage":"es","@id":"https:\/\/cvinoticias.com\/v3\/#\/schema\/logo\/image\/","url":"https:\/\/cvinoticias.com\/wp-content\/uploads\/2023\/04\/cropped-cropped-cropped-cropped-cropped-3-1.png","contentUrl":"https:\/\/cvinoticias.com\/wp-content\/uploads\/2023\/04\/cropped-cropped-cropped-cropped-cropped-3-1.png","width":95,"height":122,"caption":"CVI NOTICIAS"},"image":{"@id":"https:\/\/cvinoticias.com\/v3\/#\/schema\/logo\/image\/"},"sameAs":["https:\/\/www.facebook.com\/cvinoticias","https:\/\/www.instagram.com\/cvinoticias\/","https:\/\/www.youtube.com\/@CVINOTICIAS"]},{"@type":"Person","@id":"https:\/\/cvinoticias.com\/v3\/#\/schema\/person\/2db77e3c6bc03c538495d7b2b8be9b66","name":"f1000024","image":{"@type":"ImageObject","inLanguage":"es","@id":"https:\/\/secure.gravatar.com\/avatar\/d4fe7459cfc51ff5129ce1a732bbef5928568b8092d412ef95611616376bbeed?s=96&d=mm&r=g","url":"https:\/\/secure.gravatar.com\/avatar\/d4fe7459cfc51ff5129ce1a732bbef5928568b8092d412ef95611616376bbeed?s=96&d=mm&r=g","contentUrl":"https:\/\/secure.gravatar.com\/avatar\/d4fe7459cfc51ff5129ce1a732bbef5928568b8092d412ef95611616376bbeed?s=96&d=mm&r=g","caption":"f1000024"},"url":"https:\/\/cvinoticias.com\/v3\/author\/f1000024\/"}]}},"_links":{"self":[{"href":"https:\/\/cvinoticias.com\/v3\/wp-json\/wp\/v2\/posts\/14727","targetHints":{"allow":["GET"]}}],"collection":[{"href":"https:\/\/cvinoticias.com\/v3\/wp-json\/wp\/v2\/posts"}],"about":[{"href":"https:\/\/cvinoticias.com\/v3\/wp-json\/wp\/v2\/types\/post"}],"author":[{"embeddable":true,"href":"https:\/\/cvinoticias.com\/v3\/wp-json\/wp\/v2\/users\/2"}],"replies":[{"embeddable":true,"href":"https:\/\/cvinoticias.com\/v3\/wp-json\/wp\/v2\/comments?post=14727"}],"version-history":[{"count":1,"href":"https:\/\/cvinoticias.com\/v3\/wp-json\/wp\/v2\/posts\/14727\/revisions"}],"predecessor-version":[{"id":14729,"href":"https:\/\/cvinoticias.com\/v3\/wp-json\/wp\/v2\/posts\/14727\/revisions\/14729"}],"wp:featuredmedia":[{"embeddable":true,"href":"https:\/\/cvinoticias.com\/v3\/wp-json\/wp\/v2\/media\/14728"}],"wp:attachment":[{"href":"https:\/\/cvinoticias.com\/v3\/wp-json\/wp\/v2\/media?parent=14727"}],"wp:term":[{"taxonomy":"category","embeddable":true,"href":"https:\/\/cvinoticias.com\/v3\/wp-json\/wp\/v2\/categories?post=14727"},{"taxonomy":"post_tag","embeddable":true,"href":"https:\/\/cvinoticias.com\/v3\/wp-json\/wp\/v2\/tags?post=14727"}],"curies":[{"name":"wp","href":"https:\/\/api.w.org\/{rel}","templated":true}]}}