{"id":14720,"date":"2022-04-10T12:24:55","date_gmt":"2022-04-10T12:24:55","guid":{"rendered":"https:\/\/cvinoticias.com\/v3\/?p=14720"},"modified":"2022-04-10T12:24:55","modified_gmt":"2022-04-10T12:24:55","slug":"la-renovacion-permanente","status":"publish","type":"post","link":"https:\/\/cvinoticias.com\/v3\/la-renovacion-permanente\/","title":{"rendered":"La Renovaci\u00f3n permanente"},"content":{"rendered":"\n<p><strong><em>Los nuevos funcionarios que asumieron en los \u00faltimos d\u00edas exhiben una caracter\u00edstica que es marca registrada del gobierno provincial: apertura y pluralidad de ideas. Ni Malagrida ni Santacruz formaban parte del Frente Renovador. Estos movimientos se distinguen profundamente de las coaliciones nacionales, m\u00e1s preocupadas por internas y futuras candidaturas.<\/em><\/strong><\/p>\n\n\n\n<p>Esta semana se confirmaron dos asunciones de nuevos funcionarios. La particularidad reside en que ambos han sido ajenos a los distintos periodos del gobierno renovador. Ya forma parte del ADN del Frente Renovador la apertura y diversidad en cuanto a personas e ideas, siempre con la mejora de la calidad de vida de los y las misioneras como norte.<\/p>\n\n\n\n<p>La b\u00fasqueda de nuevos actores que canalicen las inquietudes actuales de la sociedad prima sobre la obediencia partidaria, as\u00ed qued\u00f3 demostrado esta semana cuando fueron nombrados Gervasio Malagrida como Secretario de Cambio Clim\u00e1tico, Fernando Santacruz al frente de la Subsecretar\u00eda de Econom\u00eda Circular, y Bel\u00e9n Hern\u00e1ndez en la Secretar\u00eda de Cultura de la Municipalidad de Posadas. Es m\u00e1s, en el caso de los dos primeros, se han encontrado en veredas opuestas al oficialismo provincial durante distintos momentos en los \u00faltimos tiempos.<\/p>\n\n\n\n<p>El inter\u00e9s y cercan\u00eda de Malagrida con el ambiente viene desde hace varios a\u00f1os. Su participaci\u00f3n en marchas y propuestas relacionadas a mitigar de alg\u00fan modo el cambio clim\u00e1tico, es activa. Un poco se debe a su relaci\u00f3n con su pareja, la dise\u00f1adora y activista Erica Vega, qui\u00e9n con la Fundaci\u00f3n Futuro Verde -de la que tambi\u00e9n participa el flamante Secretario- y el apoyo del Gobierno de la Provincia de Misiones, puso en marcha la primera planta-taller de reciclaje y recuperaci\u00f3n textil de Argentina que funciona en el Parque Industrial de la Innovaci\u00f3n Posadas.<\/p>\n\n\n\n<p>Santacruz, por su parte, es Licenciado en Relaciones Internacionales -UNR-, Maestrando en Pol\u00edticas P\u00fablicas -UNaM-, y dicta clases en el Instituto Montoya. Adem\u00e1s, es Presidente de la fundaci\u00f3n Usina de Ideas y creador del Programa \u201cVecino Sustentable\u201d. La Subsecretar\u00eda de Econom\u00eda Circular tendr\u00e1 como misi\u00f3n insertar los conceptos y las pr\u00e1cticas de la econom\u00eda circular en la provincia, una inquietud que viene ganando terreno dentro de la poblaci\u00f3n joven de Misiones.<\/p>\n\n\n\n<p><strong>Oposiciones<\/strong><\/p>\n\n\n\n<p>Esta vocaci\u00f3n frentista del FR contrasta fuertemente con las coaliciones nacionales, tanto el Frente de Todos como Juntos por el Cambio se encuentran en dificultades en cuanto a la suma de voluntades. Por el contrario, pierden adherentes y militantes por las fuertes internas que tienen m\u00e1s inter\u00e9s en dirimir cargos, cajas y poder que los problemas cotidianos del misionero de a pie.<\/p>\n\n\n\n<p>La situaci\u00f3n descripta tiene su correlato en las primeras mediciones que se est\u00e1n conociendo sobre las posibles candidaturas a gobernador para el a\u00f1o pr\u00f3ximo. Asimismo, los n\u00fameros en cuanto a imagen positiva de los distintos intendentes y de Herrera Ahuad dan cuenta de la valoraci\u00f3n de la gesti\u00f3n diaria que hace la ciudadan\u00eda.<\/p>\n\n\n\n<p>En este contexto tambi\u00e9n se produce el acercamiento de dirigentes extrapartidarios con vistas a la contienda electoral de las intendencias en 2023, avizorando un destino promisorio si forman parte del entramado renovador.<\/p>\n\n\n\n<p>A los dos frentes nacionales en crisis; tanto el gobierno nacional con sus internas a cielo abierto cada vez virulentas, como el opositor, que carga con una pesada mochila de una p\u00e9sima gesti\u00f3n cuando le toc\u00f3 ser gobierno y de la toma de una deuda en d\u00f3lares r\u00e9cord, se le suma un nuevo elemento: el avance de los autopercibidos \u201clibertarios\u201d, la fracci\u00f3n de extrema derecha que lidera Javier Milei. El impulso libertario cala mucho dentro de la franja etaria m\u00e1s joven y desencantada con el presente, la pol\u00edtica y los pol\u00edticos. Sin un horizonte promisorio, se decantan por vendedores de soluciones m\u00e1gicas e instant\u00e1neas.<\/p>\n\n\n\n<p>La fuga de votos a favor de los libertarios la sufren ambas formaciones nacionales, pero m\u00e1s aun JxC porque comparten buena parte de la ideolog\u00eda que pregona el economista. A lo rese\u00f1ado debe sum\u00e1rsele que la UCR est\u00e1 practicando su deporte favorito: las internas.<\/p>\n\n\n\n<p>Gerardo Morales, gobernador de Jujuy y presidente del centenario partido, acaba de declarar \u201cMacri no es mi jefe\u201d y se mostr\u00f3 con parte del peronismo que ha quedado fuera del FdT: exponentes a\u00f1osos como Schiaretti, Randazzo y Urtubey.<\/p>\n\n\n\n<p>En medio de una fuerte incertidumbre y reordenamiento global, los principales referentes de las fuerzas nacionales y consecuentemente sus embajadores locales se muestran m\u00e1s preocupados por futuros armados o candidaturas, algo que se puede comprobar con tan solo hacer una recorrida general por las redes sociales. Y eso la ciudadan\u00eda no lo perdona cuando tiene la oportunidad de ejercer su derecho a elegir.<\/p>\n","protected":false},"excerpt":{"rendered":"<p>Los nuevos funcionarios que asumieron en los \u00faltimos d\u00edas exhiben una caracter\u00edstica que es marca registrada del gobierno provincial: apertura y pluralidad de ideas. Ni Malagrida ni Santacruz formaban parte del Frente Renovador. Estos movimientos se distinguen profundamente de las coaliciones nacionales, m\u00e1s preocupadas por internas y futuras candidaturas. Esta semana se confirmaron dos asunciones [&hellip;]<\/p>\n","protected":false},"author":2,"featured_media":14721,"comment_status":"open","ping_status":"open","sticky":false,"template":"","format":"standard","meta":{"footnotes":""},"categories":[42],"tags":[],"class_list":["post-14720","post","type-post","status-publish","format-standard","has-post-thumbnail","hentry","category-politica"],"yoast_head":"<!-- This site is optimized with the Yoast SEO plugin v27.5 - https:\/\/yoast.com\/product\/yoast-seo-wordpress\/ -->\n<title>La Renovaci\u00f3n permanente | CVI NOTICIAS<\/title>\n<meta name=\"robots\" content=\"index, follow, max-snippet:-1, max-image-preview:large, max-video-preview:-1\" \/>\n<link rel=\"canonical\" href=\"https:\/\/cvinoticias.com\/v3\/la-renovacion-permanente\/\" \/>\n<meta property=\"og:locale\" content=\"es_ES\" \/>\n<meta property=\"og:type\" content=\"article\" \/>\n<meta property=\"og:title\" content=\"La Renovaci\u00f3n permanente | CVI NOTICIAS\" \/>\n<meta property=\"og:description\" content=\"Los nuevos funcionarios que asumieron en los \u00faltimos d\u00edas exhiben una caracter\u00edstica que es marca registrada del gobierno provincial: apertura y pluralidad de ideas. Ni Malagrida ni Santacruz formaban parte del Frente Renovador. Estos movimientos se distinguen profundamente de las coaliciones nacionales, m\u00e1s preocupadas por internas y futuras candidaturas. Esta semana se confirmaron dos asunciones [&hellip;]\" \/>\n<meta property=\"og:url\" content=\"https:\/\/cvinoticias.com\/v3\/la-renovacion-permanente\/\" \/>\n<meta property=\"og:site_name\" content=\"CVI NOTICIAS\" \/>\n<meta property=\"article:publisher\" content=\"https:\/\/www.facebook.com\/cvinoticias\" \/>\n<meta property=\"article:published_time\" content=\"2022-04-10T12:24:55+00:00\" \/>\n<meta property=\"og:image\" content=\"https:\/\/cvinoticias.com\/wp-content\/uploads\/2022\/04\/IMG-20220410-WA0000.jpg\" \/>\n\t<meta property=\"og:image:width\" content=\"1440\" \/>\n\t<meta property=\"og:image:height\" content=\"1440\" \/>\n\t<meta property=\"og:image:type\" content=\"image\/jpeg\" \/>\n<meta name=\"author\" content=\"f1000024\" \/>\n<meta name=\"twitter:card\" content=\"summary_large_image\" \/>\n<meta name=\"twitter:label1\" content=\"Escrito por\" \/>\n\t<meta name=\"twitter:data1\" content=\"f1000024\" \/>\n\t<meta name=\"twitter:label2\" content=\"Tiempo de lectura\" \/>\n\t<meta name=\"twitter:data2\" content=\"4 minutos\" \/>\n<script type=\"application\/ld+json\" class=\"yoast-schema-graph\">{\"@context\":\"https:\\\/\\\/schema.org\",\"@graph\":[{\"@type\":\"Article\",\"@id\":\"https:\\\/\\\/cvinoticias.com\\\/v3\\\/la-renovacion-permanente\\\/#article\",\"isPartOf\":{\"@id\":\"https:\\\/\\\/cvinoticias.com\\\/v3\\\/la-renovacion-permanente\\\/\"},\"author\":{\"name\":\"f1000024\",\"@id\":\"https:\\\/\\\/cvinoticias.com\\\/v3\\\/#\\\/schema\\\/person\\\/2db77e3c6bc03c538495d7b2b8be9b66\"},\"headline\":\"La Renovaci\u00f3n permanente\",\"datePublished\":\"2022-04-10T12:24:55+00:00\",\"mainEntityOfPage\":{\"@id\":\"https:\\\/\\\/cvinoticias.com\\\/v3\\\/la-renovacion-permanente\\\/\"},\"wordCount\":817,\"commentCount\":0,\"publisher\":{\"@id\":\"https:\\\/\\\/cvinoticias.com\\\/v3\\\/#organization\"},\"image\":{\"@id\":\"https:\\\/\\\/cvinoticias.com\\\/v3\\\/la-renovacion-permanente\\\/#primaryimage\"},\"thumbnailUrl\":\"https:\\\/\\\/cvinoticias.com\\\/wp-content\\\/uploads\\\/2022\\\/04\\\/IMG-20220410-WA0000.jpg\",\"articleSection\":[\"Politica\"],\"inLanguage\":\"es\",\"potentialAction\":[{\"@type\":\"CommentAction\",\"name\":\"Comment\",\"target\":[\"https:\\\/\\\/cvinoticias.com\\\/v3\\\/la-renovacion-permanente\\\/#respond\"]}]},{\"@type\":\"WebPage\",\"@id\":\"https:\\\/\\\/cvinoticias.com\\\/v3\\\/la-renovacion-permanente\\\/\",\"url\":\"https:\\\/\\\/cvinoticias.com\\\/v3\\\/la-renovacion-permanente\\\/\",\"name\":\"La Renovaci\u00f3n permanente | CVI NOTICIAS\",\"isPartOf\":{\"@id\":\"https:\\\/\\\/cvinoticias.com\\\/v3\\\/#website\"},\"primaryImageOfPage\":{\"@id\":\"https:\\\/\\\/cvinoticias.com\\\/v3\\\/la-renovacion-permanente\\\/#primaryimage\"},\"image\":{\"@id\":\"https:\\\/\\\/cvinoticias.com\\\/v3\\\/la-renovacion-permanente\\\/#primaryimage\"},\"thumbnailUrl\":\"https:\\\/\\\/cvinoticias.com\\\/wp-content\\\/uploads\\\/2022\\\/04\\\/IMG-20220410-WA0000.jpg\",\"datePublished\":\"2022-04-10T12:24:55+00:00\",\"breadcrumb\":{\"@id\":\"https:\\\/\\\/cvinoticias.com\\\/v3\\\/la-renovacion-permanente\\\/#breadcrumb\"},\"inLanguage\":\"es\",\"potentialAction\":[{\"@type\":\"ReadAction\",\"target\":[\"https:\\\/\\\/cvinoticias.com\\\/v3\\\/la-renovacion-permanente\\\/\"]}]},{\"@type\":\"ImageObject\",\"inLanguage\":\"es\",\"@id\":\"https:\\\/\\\/cvinoticias.com\\\/v3\\\/la-renovacion-permanente\\\/#primaryimage\",\"url\":\"https:\\\/\\\/cvinoticias.com\\\/wp-content\\\/uploads\\\/2022\\\/04\\\/IMG-20220410-WA0000.jpg\",\"contentUrl\":\"https:\\\/\\\/cvinoticias.com\\\/wp-content\\\/uploads\\\/2022\\\/04\\\/IMG-20220410-WA0000.jpg\",\"width\":1440,\"height\":1440},{\"@type\":\"BreadcrumbList\",\"@id\":\"https:\\\/\\\/cvinoticias.com\\\/v3\\\/la-renovacion-permanente\\\/#breadcrumb\",\"itemListElement\":[{\"@type\":\"ListItem\",\"position\":1,\"name\":\"Portada\",\"item\":\"https:\\\/\\\/cvinoticias.com\\\/v3\\\/\"},{\"@type\":\"ListItem\",\"position\":2,\"name\":\"La Renovaci\u00f3n permanente\"}]},{\"@type\":\"WebSite\",\"@id\":\"https:\\\/\\\/cvinoticias.com\\\/v3\\\/#website\",\"url\":\"https:\\\/\\\/cvinoticias.com\\\/v3\\\/\",\"name\":\"CVI NOTICIAS\",\"description\":\"\",\"publisher\":{\"@id\":\"https:\\\/\\\/cvinoticias.com\\\/v3\\\/#organization\"},\"alternateName\":\"CVI\",\"potentialAction\":[{\"@type\":\"SearchAction\",\"target\":{\"@type\":\"EntryPoint\",\"urlTemplate\":\"https:\\\/\\\/cvinoticias.com\\\/v3\\\/?s={search_term_string}\"},\"query-input\":{\"@type\":\"PropertyValueSpecification\",\"valueRequired\":true,\"valueName\":\"search_term_string\"}}],\"inLanguage\":\"es\"},{\"@type\":\"Organization\",\"@id\":\"https:\\\/\\\/cvinoticias.com\\\/v3\\\/#organization\",\"name\":\"CVI NOTICIAS\",\"url\":\"https:\\\/\\\/cvinoticias.com\\\/v3\\\/\",\"logo\":{\"@type\":\"ImageObject\",\"inLanguage\":\"es\",\"@id\":\"https:\\\/\\\/cvinoticias.com\\\/v3\\\/#\\\/schema\\\/logo\\\/image\\\/\",\"url\":\"https:\\\/\\\/cvinoticias.com\\\/wp-content\\\/uploads\\\/2023\\\/04\\\/cropped-cropped-cropped-cropped-cropped-3-1.png\",\"contentUrl\":\"https:\\\/\\\/cvinoticias.com\\\/wp-content\\\/uploads\\\/2023\\\/04\\\/cropped-cropped-cropped-cropped-cropped-3-1.png\",\"width\":95,\"height\":122,\"caption\":\"CVI NOTICIAS\"},\"image\":{\"@id\":\"https:\\\/\\\/cvinoticias.com\\\/v3\\\/#\\\/schema\\\/logo\\\/image\\\/\"},\"sameAs\":[\"https:\\\/\\\/www.facebook.com\\\/cvinoticias\",\"https:\\\/\\\/www.instagram.com\\\/cvinoticias\\\/\",\"https:\\\/\\\/www.youtube.com\\\/@CVINOTICIAS\"]},{\"@type\":\"Person\",\"@id\":\"https:\\\/\\\/cvinoticias.com\\\/v3\\\/#\\\/schema\\\/person\\\/2db77e3c6bc03c538495d7b2b8be9b66\",\"name\":\"f1000024\",\"image\":{\"@type\":\"ImageObject\",\"inLanguage\":\"es\",\"@id\":\"https:\\\/\\\/secure.gravatar.com\\\/avatar\\\/d4fe7459cfc51ff5129ce1a732bbef5928568b8092d412ef95611616376bbeed?s=96&d=mm&r=g\",\"url\":\"https:\\\/\\\/secure.gravatar.com\\\/avatar\\\/d4fe7459cfc51ff5129ce1a732bbef5928568b8092d412ef95611616376bbeed?s=96&d=mm&r=g\",\"contentUrl\":\"https:\\\/\\\/secure.gravatar.com\\\/avatar\\\/d4fe7459cfc51ff5129ce1a732bbef5928568b8092d412ef95611616376bbeed?s=96&d=mm&r=g\",\"caption\":\"f1000024\"},\"url\":\"https:\\\/\\\/cvinoticias.com\\\/v3\\\/author\\\/f1000024\\\/\"}]}<\/script>\n<!-- \/ Yoast SEO plugin. -->","yoast_head_json":{"title":"La Renovaci\u00f3n permanente | CVI NOTICIAS","robots":{"index":"index","follow":"follow","max-snippet":"max-snippet:-1","max-image-preview":"max-image-preview:large","max-video-preview":"max-video-preview:-1"},"canonical":"https:\/\/cvinoticias.com\/v3\/la-renovacion-permanente\/","og_locale":"es_ES","og_type":"article","og_title":"La Renovaci\u00f3n permanente | CVI NOTICIAS","og_description":"Los nuevos funcionarios que asumieron en los \u00faltimos d\u00edas exhiben una caracter\u00edstica que es marca registrada del gobierno provincial: apertura y pluralidad de ideas. Ni Malagrida ni Santacruz formaban parte del Frente Renovador. Estos movimientos se distinguen profundamente de las coaliciones nacionales, m\u00e1s preocupadas por internas y futuras candidaturas. Esta semana se confirmaron dos asunciones [&hellip;]","og_url":"https:\/\/cvinoticias.com\/v3\/la-renovacion-permanente\/","og_site_name":"CVI NOTICIAS","article_publisher":"https:\/\/www.facebook.com\/cvinoticias","article_published_time":"2022-04-10T12:24:55+00:00","og_image":[{"width":1440,"height":1440,"url":"https:\/\/cvinoticias.com\/wp-content\/uploads\/2022\/04\/IMG-20220410-WA0000.jpg","type":"image\/jpeg"}],"author":"f1000024","twitter_card":"summary_large_image","twitter_misc":{"Escrito por":"f1000024","Tiempo de lectura":"4 minutos"},"schema":{"@context":"https:\/\/schema.org","@graph":[{"@type":"Article","@id":"https:\/\/cvinoticias.com\/v3\/la-renovacion-permanente\/#article","isPartOf":{"@id":"https:\/\/cvinoticias.com\/v3\/la-renovacion-permanente\/"},"author":{"name":"f1000024","@id":"https:\/\/cvinoticias.com\/v3\/#\/schema\/person\/2db77e3c6bc03c538495d7b2b8be9b66"},"headline":"La Renovaci\u00f3n permanente","datePublished":"2022-04-10T12:24:55+00:00","mainEntityOfPage":{"@id":"https:\/\/cvinoticias.com\/v3\/la-renovacion-permanente\/"},"wordCount":817,"commentCount":0,"publisher":{"@id":"https:\/\/cvinoticias.com\/v3\/#organization"},"image":{"@id":"https:\/\/cvinoticias.com\/v3\/la-renovacion-permanente\/#primaryimage"},"thumbnailUrl":"https:\/\/cvinoticias.com\/wp-content\/uploads\/2022\/04\/IMG-20220410-WA0000.jpg","articleSection":["Politica"],"inLanguage":"es","potentialAction":[{"@type":"CommentAction","name":"Comment","target":["https:\/\/cvinoticias.com\/v3\/la-renovacion-permanente\/#respond"]}]},{"@type":"WebPage","@id":"https:\/\/cvinoticias.com\/v3\/la-renovacion-permanente\/","url":"https:\/\/cvinoticias.com\/v3\/la-renovacion-permanente\/","name":"La Renovaci\u00f3n permanente | CVI NOTICIAS","isPartOf":{"@id":"https:\/\/cvinoticias.com\/v3\/#website"},"primaryImageOfPage":{"@id":"https:\/\/cvinoticias.com\/v3\/la-renovacion-permanente\/#primaryimage"},"image":{"@id":"https:\/\/cvinoticias.com\/v3\/la-renovacion-permanente\/#primaryimage"},"thumbnailUrl":"https:\/\/cvinoticias.com\/wp-content\/uploads\/2022\/04\/IMG-20220410-WA0000.jpg","datePublished":"2022-04-10T12:24:55+00:00","breadcrumb":{"@id":"https:\/\/cvinoticias.com\/v3\/la-renovacion-permanente\/#breadcrumb"},"inLanguage":"es","potentialAction":[{"@type":"ReadAction","target":["https:\/\/cvinoticias.com\/v3\/la-renovacion-permanente\/"]}]},{"@type":"ImageObject","inLanguage":"es","@id":"https:\/\/cvinoticias.com\/v3\/la-renovacion-permanente\/#primaryimage","url":"https:\/\/cvinoticias.com\/wp-content\/uploads\/2022\/04\/IMG-20220410-WA0000.jpg","contentUrl":"https:\/\/cvinoticias.com\/wp-content\/uploads\/2022\/04\/IMG-20220410-WA0000.jpg","width":1440,"height":1440},{"@type":"BreadcrumbList","@id":"https:\/\/cvinoticias.com\/v3\/la-renovacion-permanente\/#breadcrumb","itemListElement":[{"@type":"ListItem","position":1,"name":"Portada","item":"https:\/\/cvinoticias.com\/v3\/"},{"@type":"ListItem","position":2,"name":"La Renovaci\u00f3n permanente"}]},{"@type":"WebSite","@id":"https:\/\/cvinoticias.com\/v3\/#website","url":"https:\/\/cvinoticias.com\/v3\/","name":"CVI NOTICIAS","description":"","publisher":{"@id":"https:\/\/cvinoticias.com\/v3\/#organization"},"alternateName":"CVI","potentialAction":[{"@type":"SearchAction","target":{"@type":"EntryPoint","urlTemplate":"https:\/\/cvinoticias.com\/v3\/?s={search_term_string}"},"query-input":{"@type":"PropertyValueSpecification","valueRequired":true,"valueName":"search_term_string"}}],"inLanguage":"es"},{"@type":"Organization","@id":"https:\/\/cvinoticias.com\/v3\/#organization","name":"CVI NOTICIAS","url":"https:\/\/cvinoticias.com\/v3\/","logo":{"@type":"ImageObject","inLanguage":"es","@id":"https:\/\/cvinoticias.com\/v3\/#\/schema\/logo\/image\/","url":"https:\/\/cvinoticias.com\/wp-content\/uploads\/2023\/04\/cropped-cropped-cropped-cropped-cropped-3-1.png","contentUrl":"https:\/\/cvinoticias.com\/wp-content\/uploads\/2023\/04\/cropped-cropped-cropped-cropped-cropped-3-1.png","width":95,"height":122,"caption":"CVI NOTICIAS"},"image":{"@id":"https:\/\/cvinoticias.com\/v3\/#\/schema\/logo\/image\/"},"sameAs":["https:\/\/www.facebook.com\/cvinoticias","https:\/\/www.instagram.com\/cvinoticias\/","https:\/\/www.youtube.com\/@CVINOTICIAS"]},{"@type":"Person","@id":"https:\/\/cvinoticias.com\/v3\/#\/schema\/person\/2db77e3c6bc03c538495d7b2b8be9b66","name":"f1000024","image":{"@type":"ImageObject","inLanguage":"es","@id":"https:\/\/secure.gravatar.com\/avatar\/d4fe7459cfc51ff5129ce1a732bbef5928568b8092d412ef95611616376bbeed?s=96&d=mm&r=g","url":"https:\/\/secure.gravatar.com\/avatar\/d4fe7459cfc51ff5129ce1a732bbef5928568b8092d412ef95611616376bbeed?s=96&d=mm&r=g","contentUrl":"https:\/\/secure.gravatar.com\/avatar\/d4fe7459cfc51ff5129ce1a732bbef5928568b8092d412ef95611616376bbeed?s=96&d=mm&r=g","caption":"f1000024"},"url":"https:\/\/cvinoticias.com\/v3\/author\/f1000024\/"}]}},"_links":{"self":[{"href":"https:\/\/cvinoticias.com\/v3\/wp-json\/wp\/v2\/posts\/14720","targetHints":{"allow":["GET"]}}],"collection":[{"href":"https:\/\/cvinoticias.com\/v3\/wp-json\/wp\/v2\/posts"}],"about":[{"href":"https:\/\/cvinoticias.com\/v3\/wp-json\/wp\/v2\/types\/post"}],"author":[{"embeddable":true,"href":"https:\/\/cvinoticias.com\/v3\/wp-json\/wp\/v2\/users\/2"}],"replies":[{"embeddable":true,"href":"https:\/\/cvinoticias.com\/v3\/wp-json\/wp\/v2\/comments?post=14720"}],"version-history":[{"count":1,"href":"https:\/\/cvinoticias.com\/v3\/wp-json\/wp\/v2\/posts\/14720\/revisions"}],"predecessor-version":[{"id":14722,"href":"https:\/\/cvinoticias.com\/v3\/wp-json\/wp\/v2\/posts\/14720\/revisions\/14722"}],"wp:featuredmedia":[{"embeddable":true,"href":"https:\/\/cvinoticias.com\/v3\/wp-json\/wp\/v2\/media\/14721"}],"wp:attachment":[{"href":"https:\/\/cvinoticias.com\/v3\/wp-json\/wp\/v2\/media?parent=14720"}],"wp:term":[{"taxonomy":"category","embeddable":true,"href":"https:\/\/cvinoticias.com\/v3\/wp-json\/wp\/v2\/categories?post=14720"},{"taxonomy":"post_tag","embeddable":true,"href":"https:\/\/cvinoticias.com\/v3\/wp-json\/wp\/v2\/tags?post=14720"}],"curies":[{"name":"wp","href":"https:\/\/api.w.org\/{rel}","templated":true}]}}