{"id":14679,"date":"2022-04-07T22:04:38","date_gmt":"2022-04-07T22:04:38","guid":{"rendered":"https:\/\/cvinoticias.com\/v3\/?p=14679"},"modified":"2022-04-07T22:04:38","modified_gmt":"2022-04-07T22:04:38","slug":"herrera-ahuad-se-reunio-con-manzur-para-gestionar-la-incorporacion-en-el-presupuesto-de-distintas-obras-destinadas-a-la-provincia","status":"publish","type":"post","link":"https:\/\/cvinoticias.com\/v3\/herrera-ahuad-se-reunio-con-manzur-para-gestionar-la-incorporacion-en-el-presupuesto-de-distintas-obras-destinadas-a-la-provincia\/","title":{"rendered":"Herrera Ahuad se reuni\u00f3 con Manzur para gestionar la incorporaci\u00f3n en el Presupuesto de distintas obras destinadas a la provincia"},"content":{"rendered":"\n<p><strong><em>El encuentro entre el gobernador de Misiones y el jefe de Gabinete de Ministros de la Naci\u00f3n se llev\u00f3 a cabo esta ma\u00f1ana en la ciudad de Buenos Aires. El mandatario misionero hizo especial hincapi\u00e9 en la ejecuci\u00f3n de obras energ\u00e9ticas.<\/em><\/strong><\/p>\n\n\n\n<p>Este jueves por la ma\u00f1ana tuvo lugar una reuni\u00f3n entre el gobernador de Misiones, Oscar Herrera Ahuad y el jefe de Gabinete de Ministros Juan Manzur. Adem\u00e1s, participaron de la misma el ministro de Hacienda Adolfo Safr\u00e1n y el ministro de Coordinaci\u00f3n de Gabinete Ricardo Wellbach.<\/p>\n\n\n\n<p>En el encuentro se conversaron temas relacionados a distintas gestiones que se realizan en conjunto, \u201centre ellas la incorporaci\u00f3n en el presupuesto de distintas obras para la provincia de Misiones, sobre todo obras que tienen que ver con el \u00e1rea energ\u00e9tica\u00bb, se\u00f1al\u00f3 el gobernador misionero.<\/p>\n\n\n\n<p>El mandatario enfatiz\u00f3 la buena predisposici\u00f3n del jefe de Gabinete y calific\u00f3 a la reuni\u00f3n como \u201cmuy productiva\u201d.<\/p>\n\n\n\n<p>Adem\u00e1s, brind\u00f3 precisiones sobre lo que se tratar\u00e1 ma\u00f1ana en la 9\u00b0 asamblea de los 10 gobernadores del NOA y NEA: \u201c\u00bbTenemos una agenda muy importante para abordar ma\u00f1ana en la ciudad de Salta: se va a tratar el balance de la comisi\u00f3n de Norte Grande, compuesta por gobernadores y ministros que fueron a Dubai, que tiene que ver con el \u00e1rea de relaciones internacionales de la regi\u00f3n\u00bb.<\/p>\n\n\n\n<p>\u00abEn Salta se va a trabajar tambi\u00e9n sobre el \u00e1rea energ\u00e9tica para el Norte Grande, temas relacionados a la potencia, la distribuci\u00f3n, las tarifas. A su vez, se van a abordar los avances de las diferentes obras que est\u00e1n solicitadas en los distintos organismos nacionales, entre ellas obras de agua\u00bb, especific\u00f3 Herrera.<\/p>\n\n\n\n<p>Finalmente, el gobernador de Misiones valor\u00f3 la relaci\u00f3n con el ex mandatario de Tucum\u00e1n: \u00abEs fundamental la articulaci\u00f3n que tenemos con el jefe de Gabinete, Manzur viene de gobernar una provincia y conoce muy bien cu\u00e1les son las demandas y sobre todo las prioridades en tiempos dif\u00edciles, donde hay que fijar las prioridades en cuestiones de gesti\u00f3n\u00bb.<\/p>\n","protected":false},"excerpt":{"rendered":"<p>El encuentro entre el gobernador de Misiones y el jefe de Gabinete de Ministros de la Naci\u00f3n se llev\u00f3 a cabo esta ma\u00f1ana en la ciudad de Buenos Aires. El mandatario misionero hizo especial hincapi\u00e9 en la ejecuci\u00f3n de obras energ\u00e9ticas. Este jueves por la ma\u00f1ana tuvo lugar una reuni\u00f3n entre el gobernador de Misiones, [&hellip;]<\/p>\n","protected":false},"author":2,"featured_media":14680,"comment_status":"open","ping_status":"open","sticky":false,"template":"","format":"standard","meta":{"footnotes":""},"categories":[42],"tags":[],"class_list":["post-14679","post","type-post","status-publish","format-standard","has-post-thumbnail","hentry","category-politica"],"yoast_head":"<!-- This site is optimized with the Yoast SEO plugin v27.5 - https:\/\/yoast.com\/product\/yoast-seo-wordpress\/ -->\n<title>Herrera Ahuad se reuni\u00f3 con Manzur para gestionar la incorporaci\u00f3n en el Presupuesto de distintas obras destinadas a la provincia | CVI NOTICIAS<\/title>\n<meta name=\"robots\" content=\"index, follow, max-snippet:-1, max-image-preview:large, max-video-preview:-1\" \/>\n<link rel=\"canonical\" href=\"https:\/\/cvinoticias.com\/v3\/herrera-ahuad-se-reunio-con-manzur-para-gestionar-la-incorporacion-en-el-presupuesto-de-distintas-obras-destinadas-a-la-provincia\/\" \/>\n<meta property=\"og:locale\" content=\"es_ES\" \/>\n<meta property=\"og:type\" content=\"article\" \/>\n<meta property=\"og:title\" content=\"Herrera Ahuad se reuni\u00f3 con Manzur para gestionar la incorporaci\u00f3n en el Presupuesto de distintas obras destinadas a la provincia | CVI NOTICIAS\" \/>\n<meta property=\"og:description\" content=\"El encuentro entre el gobernador de Misiones y el jefe de Gabinete de Ministros de la Naci\u00f3n se llev\u00f3 a cabo esta ma\u00f1ana en la ciudad de Buenos Aires. El mandatario misionero hizo especial hincapi\u00e9 en la ejecuci\u00f3n de obras energ\u00e9ticas. Este jueves por la ma\u00f1ana tuvo lugar una reuni\u00f3n entre el gobernador de Misiones, [&hellip;]\" \/>\n<meta property=\"og:url\" content=\"https:\/\/cvinoticias.com\/v3\/herrera-ahuad-se-reunio-con-manzur-para-gestionar-la-incorporacion-en-el-presupuesto-de-distintas-obras-destinadas-a-la-provincia\/\" \/>\n<meta property=\"og:site_name\" content=\"CVI NOTICIAS\" \/>\n<meta property=\"article:publisher\" content=\"https:\/\/www.facebook.com\/cvinoticias\" \/>\n<meta property=\"article:published_time\" content=\"2022-04-07T22:04:38+00:00\" \/>\n<meta property=\"og:image\" content=\"https:\/\/cvinoticias.com\/wp-content\/uploads\/2022\/04\/IMG-20220407-WA0137.jpg\" \/>\n\t<meta property=\"og:image:width\" content=\"1600\" \/>\n\t<meta property=\"og:image:height\" content=\"1066\" \/>\n\t<meta property=\"og:image:type\" content=\"image\/jpeg\" \/>\n<meta name=\"author\" content=\"f1000024\" \/>\n<meta name=\"twitter:card\" content=\"summary_large_image\" \/>\n<meta name=\"twitter:label1\" content=\"Escrito por\" \/>\n\t<meta name=\"twitter:data1\" content=\"f1000024\" \/>\n\t<meta name=\"twitter:label2\" content=\"Tiempo de lectura\" \/>\n\t<meta name=\"twitter:data2\" content=\"2 minutos\" \/>\n<script type=\"application\/ld+json\" class=\"yoast-schema-graph\">{\"@context\":\"https:\\\/\\\/schema.org\",\"@graph\":[{\"@type\":\"Article\",\"@id\":\"https:\\\/\\\/cvinoticias.com\\\/v3\\\/herrera-ahuad-se-reunio-con-manzur-para-gestionar-la-incorporacion-en-el-presupuesto-de-distintas-obras-destinadas-a-la-provincia\\\/#article\",\"isPartOf\":{\"@id\":\"https:\\\/\\\/cvinoticias.com\\\/v3\\\/herrera-ahuad-se-reunio-con-manzur-para-gestionar-la-incorporacion-en-el-presupuesto-de-distintas-obras-destinadas-a-la-provincia\\\/\"},\"author\":{\"name\":\"f1000024\",\"@id\":\"https:\\\/\\\/cvinoticias.com\\\/v3\\\/#\\\/schema\\\/person\\\/2db77e3c6bc03c538495d7b2b8be9b66\"},\"headline\":\"Herrera Ahuad se reuni\u00f3 con Manzur para gestionar la incorporaci\u00f3n en el Presupuesto de distintas obras destinadas a la provincia\",\"datePublished\":\"2022-04-07T22:04:38+00:00\",\"mainEntityOfPage\":{\"@id\":\"https:\\\/\\\/cvinoticias.com\\\/v3\\\/herrera-ahuad-se-reunio-con-manzur-para-gestionar-la-incorporacion-en-el-presupuesto-de-distintas-obras-destinadas-a-la-provincia\\\/\"},\"wordCount\":375,\"commentCount\":0,\"publisher\":{\"@id\":\"https:\\\/\\\/cvinoticias.com\\\/v3\\\/#organization\"},\"image\":{\"@id\":\"https:\\\/\\\/cvinoticias.com\\\/v3\\\/herrera-ahuad-se-reunio-con-manzur-para-gestionar-la-incorporacion-en-el-presupuesto-de-distintas-obras-destinadas-a-la-provincia\\\/#primaryimage\"},\"thumbnailUrl\":\"https:\\\/\\\/cvinoticias.com\\\/wp-content\\\/uploads\\\/2022\\\/04\\\/IMG-20220407-WA0137.jpg\",\"articleSection\":[\"Politica\"],\"inLanguage\":\"es\",\"potentialAction\":[{\"@type\":\"CommentAction\",\"name\":\"Comment\",\"target\":[\"https:\\\/\\\/cvinoticias.com\\\/v3\\\/herrera-ahuad-se-reunio-con-manzur-para-gestionar-la-incorporacion-en-el-presupuesto-de-distintas-obras-destinadas-a-la-provincia\\\/#respond\"]}]},{\"@type\":\"WebPage\",\"@id\":\"https:\\\/\\\/cvinoticias.com\\\/v3\\\/herrera-ahuad-se-reunio-con-manzur-para-gestionar-la-incorporacion-en-el-presupuesto-de-distintas-obras-destinadas-a-la-provincia\\\/\",\"url\":\"https:\\\/\\\/cvinoticias.com\\\/v3\\\/herrera-ahuad-se-reunio-con-manzur-para-gestionar-la-incorporacion-en-el-presupuesto-de-distintas-obras-destinadas-a-la-provincia\\\/\",\"name\":\"Herrera Ahuad se reuni\u00f3 con Manzur para gestionar la incorporaci\u00f3n en el Presupuesto de distintas obras destinadas a la provincia | CVI NOTICIAS\",\"isPartOf\":{\"@id\":\"https:\\\/\\\/cvinoticias.com\\\/v3\\\/#website\"},\"primaryImageOfPage\":{\"@id\":\"https:\\\/\\\/cvinoticias.com\\\/v3\\\/herrera-ahuad-se-reunio-con-manzur-para-gestionar-la-incorporacion-en-el-presupuesto-de-distintas-obras-destinadas-a-la-provincia\\\/#primaryimage\"},\"image\":{\"@id\":\"https:\\\/\\\/cvinoticias.com\\\/v3\\\/herrera-ahuad-se-reunio-con-manzur-para-gestionar-la-incorporacion-en-el-presupuesto-de-distintas-obras-destinadas-a-la-provincia\\\/#primaryimage\"},\"thumbnailUrl\":\"https:\\\/\\\/cvinoticias.com\\\/wp-content\\\/uploads\\\/2022\\\/04\\\/IMG-20220407-WA0137.jpg\",\"datePublished\":\"2022-04-07T22:04:38+00:00\",\"breadcrumb\":{\"@id\":\"https:\\\/\\\/cvinoticias.com\\\/v3\\\/herrera-ahuad-se-reunio-con-manzur-para-gestionar-la-incorporacion-en-el-presupuesto-de-distintas-obras-destinadas-a-la-provincia\\\/#breadcrumb\"},\"inLanguage\":\"es\",\"potentialAction\":[{\"@type\":\"ReadAction\",\"target\":[\"https:\\\/\\\/cvinoticias.com\\\/v3\\\/herrera-ahuad-se-reunio-con-manzur-para-gestionar-la-incorporacion-en-el-presupuesto-de-distintas-obras-destinadas-a-la-provincia\\\/\"]}]},{\"@type\":\"ImageObject\",\"inLanguage\":\"es\",\"@id\":\"https:\\\/\\\/cvinoticias.com\\\/v3\\\/herrera-ahuad-se-reunio-con-manzur-para-gestionar-la-incorporacion-en-el-presupuesto-de-distintas-obras-destinadas-a-la-provincia\\\/#primaryimage\",\"url\":\"https:\\\/\\\/cvinoticias.com\\\/wp-content\\\/uploads\\\/2022\\\/04\\\/IMG-20220407-WA0137.jpg\",\"contentUrl\":\"https:\\\/\\\/cvinoticias.com\\\/wp-content\\\/uploads\\\/2022\\\/04\\\/IMG-20220407-WA0137.jpg\",\"width\":1600,\"height\":1066},{\"@type\":\"BreadcrumbList\",\"@id\":\"https:\\\/\\\/cvinoticias.com\\\/v3\\\/herrera-ahuad-se-reunio-con-manzur-para-gestionar-la-incorporacion-en-el-presupuesto-de-distintas-obras-destinadas-a-la-provincia\\\/#breadcrumb\",\"itemListElement\":[{\"@type\":\"ListItem\",\"position\":1,\"name\":\"Portada\",\"item\":\"https:\\\/\\\/cvinoticias.com\\\/v3\\\/\"},{\"@type\":\"ListItem\",\"position\":2,\"name\":\"Herrera Ahuad se reuni\u00f3 con Manzur para gestionar la incorporaci\u00f3n en el Presupuesto de distintas obras destinadas a la provincia\"}]},{\"@type\":\"WebSite\",\"@id\":\"https:\\\/\\\/cvinoticias.com\\\/v3\\\/#website\",\"url\":\"https:\\\/\\\/cvinoticias.com\\\/v3\\\/\",\"name\":\"CVI NOTICIAS\",\"description\":\"\",\"publisher\":{\"@id\":\"https:\\\/\\\/cvinoticias.com\\\/v3\\\/#organization\"},\"alternateName\":\"CVI\",\"potentialAction\":[{\"@type\":\"SearchAction\",\"target\":{\"@type\":\"EntryPoint\",\"urlTemplate\":\"https:\\\/\\\/cvinoticias.com\\\/v3\\\/?s={search_term_string}\"},\"query-input\":{\"@type\":\"PropertyValueSpecification\",\"valueRequired\":true,\"valueName\":\"search_term_string\"}}],\"inLanguage\":\"es\"},{\"@type\":\"Organization\",\"@id\":\"https:\\\/\\\/cvinoticias.com\\\/v3\\\/#organization\",\"name\":\"CVI NOTICIAS\",\"url\":\"https:\\\/\\\/cvinoticias.com\\\/v3\\\/\",\"logo\":{\"@type\":\"ImageObject\",\"inLanguage\":\"es\",\"@id\":\"https:\\\/\\\/cvinoticias.com\\\/v3\\\/#\\\/schema\\\/logo\\\/image\\\/\",\"url\":\"https:\\\/\\\/cvinoticias.com\\\/wp-content\\\/uploads\\\/2023\\\/04\\\/cropped-cropped-cropped-cropped-cropped-3-1.png\",\"contentUrl\":\"https:\\\/\\\/cvinoticias.com\\\/wp-content\\\/uploads\\\/2023\\\/04\\\/cropped-cropped-cropped-cropped-cropped-3-1.png\",\"width\":95,\"height\":122,\"caption\":\"CVI NOTICIAS\"},\"image\":{\"@id\":\"https:\\\/\\\/cvinoticias.com\\\/v3\\\/#\\\/schema\\\/logo\\\/image\\\/\"},\"sameAs\":[\"https:\\\/\\\/www.facebook.com\\\/cvinoticias\",\"https:\\\/\\\/www.instagram.com\\\/cvinoticias\\\/\",\"https:\\\/\\\/www.youtube.com\\\/@CVINOTICIAS\"]},{\"@type\":\"Person\",\"@id\":\"https:\\\/\\\/cvinoticias.com\\\/v3\\\/#\\\/schema\\\/person\\\/2db77e3c6bc03c538495d7b2b8be9b66\",\"name\":\"f1000024\",\"image\":{\"@type\":\"ImageObject\",\"inLanguage\":\"es\",\"@id\":\"https:\\\/\\\/secure.gravatar.com\\\/avatar\\\/d4fe7459cfc51ff5129ce1a732bbef5928568b8092d412ef95611616376bbeed?s=96&d=mm&r=g\",\"url\":\"https:\\\/\\\/secure.gravatar.com\\\/avatar\\\/d4fe7459cfc51ff5129ce1a732bbef5928568b8092d412ef95611616376bbeed?s=96&d=mm&r=g\",\"contentUrl\":\"https:\\\/\\\/secure.gravatar.com\\\/avatar\\\/d4fe7459cfc51ff5129ce1a732bbef5928568b8092d412ef95611616376bbeed?s=96&d=mm&r=g\",\"caption\":\"f1000024\"},\"url\":\"https:\\\/\\\/cvinoticias.com\\\/v3\\\/author\\\/f1000024\\\/\"}]}<\/script>\n<!-- \/ Yoast SEO plugin. -->","yoast_head_json":{"title":"Herrera Ahuad se reuni\u00f3 con Manzur para gestionar la incorporaci\u00f3n en el Presupuesto de distintas obras destinadas a la provincia | CVI NOTICIAS","robots":{"index":"index","follow":"follow","max-snippet":"max-snippet:-1","max-image-preview":"max-image-preview:large","max-video-preview":"max-video-preview:-1"},"canonical":"https:\/\/cvinoticias.com\/v3\/herrera-ahuad-se-reunio-con-manzur-para-gestionar-la-incorporacion-en-el-presupuesto-de-distintas-obras-destinadas-a-la-provincia\/","og_locale":"es_ES","og_type":"article","og_title":"Herrera Ahuad se reuni\u00f3 con Manzur para gestionar la incorporaci\u00f3n en el Presupuesto de distintas obras destinadas a la provincia | CVI NOTICIAS","og_description":"El encuentro entre el gobernador de Misiones y el jefe de Gabinete de Ministros de la Naci\u00f3n se llev\u00f3 a cabo esta ma\u00f1ana en la ciudad de Buenos Aires. El mandatario misionero hizo especial hincapi\u00e9 en la ejecuci\u00f3n de obras energ\u00e9ticas. Este jueves por la ma\u00f1ana tuvo lugar una reuni\u00f3n entre el gobernador de Misiones, [&hellip;]","og_url":"https:\/\/cvinoticias.com\/v3\/herrera-ahuad-se-reunio-con-manzur-para-gestionar-la-incorporacion-en-el-presupuesto-de-distintas-obras-destinadas-a-la-provincia\/","og_site_name":"CVI NOTICIAS","article_publisher":"https:\/\/www.facebook.com\/cvinoticias","article_published_time":"2022-04-07T22:04:38+00:00","og_image":[{"width":1600,"height":1066,"url":"https:\/\/cvinoticias.com\/wp-content\/uploads\/2022\/04\/IMG-20220407-WA0137.jpg","type":"image\/jpeg"}],"author":"f1000024","twitter_card":"summary_large_image","twitter_misc":{"Escrito por":"f1000024","Tiempo de lectura":"2 minutos"},"schema":{"@context":"https:\/\/schema.org","@graph":[{"@type":"Article","@id":"https:\/\/cvinoticias.com\/v3\/herrera-ahuad-se-reunio-con-manzur-para-gestionar-la-incorporacion-en-el-presupuesto-de-distintas-obras-destinadas-a-la-provincia\/#article","isPartOf":{"@id":"https:\/\/cvinoticias.com\/v3\/herrera-ahuad-se-reunio-con-manzur-para-gestionar-la-incorporacion-en-el-presupuesto-de-distintas-obras-destinadas-a-la-provincia\/"},"author":{"name":"f1000024","@id":"https:\/\/cvinoticias.com\/v3\/#\/schema\/person\/2db77e3c6bc03c538495d7b2b8be9b66"},"headline":"Herrera Ahuad se reuni\u00f3 con Manzur para gestionar la incorporaci\u00f3n en el Presupuesto de distintas obras destinadas a la provincia","datePublished":"2022-04-07T22:04:38+00:00","mainEntityOfPage":{"@id":"https:\/\/cvinoticias.com\/v3\/herrera-ahuad-se-reunio-con-manzur-para-gestionar-la-incorporacion-en-el-presupuesto-de-distintas-obras-destinadas-a-la-provincia\/"},"wordCount":375,"commentCount":0,"publisher":{"@id":"https:\/\/cvinoticias.com\/v3\/#organization"},"image":{"@id":"https:\/\/cvinoticias.com\/v3\/herrera-ahuad-se-reunio-con-manzur-para-gestionar-la-incorporacion-en-el-presupuesto-de-distintas-obras-destinadas-a-la-provincia\/#primaryimage"},"thumbnailUrl":"https:\/\/cvinoticias.com\/wp-content\/uploads\/2022\/04\/IMG-20220407-WA0137.jpg","articleSection":["Politica"],"inLanguage":"es","potentialAction":[{"@type":"CommentAction","name":"Comment","target":["https:\/\/cvinoticias.com\/v3\/herrera-ahuad-se-reunio-con-manzur-para-gestionar-la-incorporacion-en-el-presupuesto-de-distintas-obras-destinadas-a-la-provincia\/#respond"]}]},{"@type":"WebPage","@id":"https:\/\/cvinoticias.com\/v3\/herrera-ahuad-se-reunio-con-manzur-para-gestionar-la-incorporacion-en-el-presupuesto-de-distintas-obras-destinadas-a-la-provincia\/","url":"https:\/\/cvinoticias.com\/v3\/herrera-ahuad-se-reunio-con-manzur-para-gestionar-la-incorporacion-en-el-presupuesto-de-distintas-obras-destinadas-a-la-provincia\/","name":"Herrera Ahuad se reuni\u00f3 con Manzur para gestionar la incorporaci\u00f3n en el Presupuesto de distintas obras destinadas a la provincia | CVI NOTICIAS","isPartOf":{"@id":"https:\/\/cvinoticias.com\/v3\/#website"},"primaryImageOfPage":{"@id":"https:\/\/cvinoticias.com\/v3\/herrera-ahuad-se-reunio-con-manzur-para-gestionar-la-incorporacion-en-el-presupuesto-de-distintas-obras-destinadas-a-la-provincia\/#primaryimage"},"image":{"@id":"https:\/\/cvinoticias.com\/v3\/herrera-ahuad-se-reunio-con-manzur-para-gestionar-la-incorporacion-en-el-presupuesto-de-distintas-obras-destinadas-a-la-provincia\/#primaryimage"},"thumbnailUrl":"https:\/\/cvinoticias.com\/wp-content\/uploads\/2022\/04\/IMG-20220407-WA0137.jpg","datePublished":"2022-04-07T22:04:38+00:00","breadcrumb":{"@id":"https:\/\/cvinoticias.com\/v3\/herrera-ahuad-se-reunio-con-manzur-para-gestionar-la-incorporacion-en-el-presupuesto-de-distintas-obras-destinadas-a-la-provincia\/#breadcrumb"},"inLanguage":"es","potentialAction":[{"@type":"ReadAction","target":["https:\/\/cvinoticias.com\/v3\/herrera-ahuad-se-reunio-con-manzur-para-gestionar-la-incorporacion-en-el-presupuesto-de-distintas-obras-destinadas-a-la-provincia\/"]}]},{"@type":"ImageObject","inLanguage":"es","@id":"https:\/\/cvinoticias.com\/v3\/herrera-ahuad-se-reunio-con-manzur-para-gestionar-la-incorporacion-en-el-presupuesto-de-distintas-obras-destinadas-a-la-provincia\/#primaryimage","url":"https:\/\/cvinoticias.com\/wp-content\/uploads\/2022\/04\/IMG-20220407-WA0137.jpg","contentUrl":"https:\/\/cvinoticias.com\/wp-content\/uploads\/2022\/04\/IMG-20220407-WA0137.jpg","width":1600,"height":1066},{"@type":"BreadcrumbList","@id":"https:\/\/cvinoticias.com\/v3\/herrera-ahuad-se-reunio-con-manzur-para-gestionar-la-incorporacion-en-el-presupuesto-de-distintas-obras-destinadas-a-la-provincia\/#breadcrumb","itemListElement":[{"@type":"ListItem","position":1,"name":"Portada","item":"https:\/\/cvinoticias.com\/v3\/"},{"@type":"ListItem","position":2,"name":"Herrera Ahuad se reuni\u00f3 con Manzur para gestionar la incorporaci\u00f3n en el Presupuesto de distintas obras destinadas a la provincia"}]},{"@type":"WebSite","@id":"https:\/\/cvinoticias.com\/v3\/#website","url":"https:\/\/cvinoticias.com\/v3\/","name":"CVI NOTICIAS","description":"","publisher":{"@id":"https:\/\/cvinoticias.com\/v3\/#organization"},"alternateName":"CVI","potentialAction":[{"@type":"SearchAction","target":{"@type":"EntryPoint","urlTemplate":"https:\/\/cvinoticias.com\/v3\/?s={search_term_string}"},"query-input":{"@type":"PropertyValueSpecification","valueRequired":true,"valueName":"search_term_string"}}],"inLanguage":"es"},{"@type":"Organization","@id":"https:\/\/cvinoticias.com\/v3\/#organization","name":"CVI NOTICIAS","url":"https:\/\/cvinoticias.com\/v3\/","logo":{"@type":"ImageObject","inLanguage":"es","@id":"https:\/\/cvinoticias.com\/v3\/#\/schema\/logo\/image\/","url":"https:\/\/cvinoticias.com\/wp-content\/uploads\/2023\/04\/cropped-cropped-cropped-cropped-cropped-3-1.png","contentUrl":"https:\/\/cvinoticias.com\/wp-content\/uploads\/2023\/04\/cropped-cropped-cropped-cropped-cropped-3-1.png","width":95,"height":122,"caption":"CVI NOTICIAS"},"image":{"@id":"https:\/\/cvinoticias.com\/v3\/#\/schema\/logo\/image\/"},"sameAs":["https:\/\/www.facebook.com\/cvinoticias","https:\/\/www.instagram.com\/cvinoticias\/","https:\/\/www.youtube.com\/@CVINOTICIAS"]},{"@type":"Person","@id":"https:\/\/cvinoticias.com\/v3\/#\/schema\/person\/2db77e3c6bc03c538495d7b2b8be9b66","name":"f1000024","image":{"@type":"ImageObject","inLanguage":"es","@id":"https:\/\/secure.gravatar.com\/avatar\/d4fe7459cfc51ff5129ce1a732bbef5928568b8092d412ef95611616376bbeed?s=96&d=mm&r=g","url":"https:\/\/secure.gravatar.com\/avatar\/d4fe7459cfc51ff5129ce1a732bbef5928568b8092d412ef95611616376bbeed?s=96&d=mm&r=g","contentUrl":"https:\/\/secure.gravatar.com\/avatar\/d4fe7459cfc51ff5129ce1a732bbef5928568b8092d412ef95611616376bbeed?s=96&d=mm&r=g","caption":"f1000024"},"url":"https:\/\/cvinoticias.com\/v3\/author\/f1000024\/"}]}},"_links":{"self":[{"href":"https:\/\/cvinoticias.com\/v3\/wp-json\/wp\/v2\/posts\/14679","targetHints":{"allow":["GET"]}}],"collection":[{"href":"https:\/\/cvinoticias.com\/v3\/wp-json\/wp\/v2\/posts"}],"about":[{"href":"https:\/\/cvinoticias.com\/v3\/wp-json\/wp\/v2\/types\/post"}],"author":[{"embeddable":true,"href":"https:\/\/cvinoticias.com\/v3\/wp-json\/wp\/v2\/users\/2"}],"replies":[{"embeddable":true,"href":"https:\/\/cvinoticias.com\/v3\/wp-json\/wp\/v2\/comments?post=14679"}],"version-history":[{"count":1,"href":"https:\/\/cvinoticias.com\/v3\/wp-json\/wp\/v2\/posts\/14679\/revisions"}],"predecessor-version":[{"id":14681,"href":"https:\/\/cvinoticias.com\/v3\/wp-json\/wp\/v2\/posts\/14679\/revisions\/14681"}],"wp:featuredmedia":[{"embeddable":true,"href":"https:\/\/cvinoticias.com\/v3\/wp-json\/wp\/v2\/media\/14680"}],"wp:attachment":[{"href":"https:\/\/cvinoticias.com\/v3\/wp-json\/wp\/v2\/media?parent=14679"}],"wp:term":[{"taxonomy":"category","embeddable":true,"href":"https:\/\/cvinoticias.com\/v3\/wp-json\/wp\/v2\/categories?post=14679"},{"taxonomy":"post_tag","embeddable":true,"href":"https:\/\/cvinoticias.com\/v3\/wp-json\/wp\/v2\/tags?post=14679"}],"curies":[{"name":"wp","href":"https:\/\/api.w.org\/{rel}","templated":true}]}}