{"id":1467,"date":"2021-01-08T13:25:02","date_gmt":"2021-01-08T13:25:02","guid":{"rendered":"https:\/\/cvinoticias.com\/v3\/?p=1467"},"modified":"2021-01-08T13:25:02","modified_gmt":"2021-01-08T13:25:02","slug":"puerto-iguazu-se-fugaron-dos-presos-del-escuadron-13-iguazu","status":"publish","type":"post","link":"https:\/\/cvinoticias.com\/v3\/puerto-iguazu-se-fugaron-dos-presos-del-escuadron-13-iguazu\/","title":{"rendered":"Puerto Iguaz\u00fa: Se fugaron dos presos del Escuadr\u00f3n 13 Iguaz\u00fa"},"content":{"rendered":"\n<p><strong><em>Ayer 7 de enero del corriente, aproximadamente 5:50 hs se dieron a la fuga por la calle Yerbales, dos detenidos alojados en el Escuadr\u00f3n 13 Iguaz\u00fa de Gendarmer\u00eda Nacional, \u00c1ngel M. y Edgar R.C<\/em><\/strong><\/p>\n\n\n\n<p>Se solicit\u00f3 ayuda a la Comisar\u00eda Primera de Puerto Iguaz\u00fa como as\u00ed tambi\u00e9n al Jefe de la Unidad Regional V, Comando Radioel\u00e9ctrico y Fuerzas Federales con asiento en esta ciudad.<\/p>\n\n\n\n<p>Se mont\u00f3 un amplio operativo de rastrillaje a pie, motorizado. Por v\u00eda a\u00e9rea y fluvial realiz\u00e1ndose exhaustivos controles en el Barrio Altos del Paran\u00e1 y Basural Viejo de Puerto Iguaz\u00fa.<\/p>\n\n\n\n<p>A las 7:30 hs aproximadamente se logr\u00f3 la recaptura del detenido fugado \u00c9dgar R.C, en la calle Almafuerte S\/N, conoci\u00e9ndose en las proximidades tambi\u00e9n de la presencia cercana del segundo pr\u00f3fugo.<\/p>\n\n\n\n<p>Con apoyo del personal del Escuadr\u00f3n de Gendarmer\u00eda de Eldorado se intensific\u00f3 la actividad operativa, como as\u00ed tambi\u00e9n con el apoyo de un helic\u00f3ptero de la aviaci\u00f3n propia con asiento en Posadas se realiz\u00f3 un rastrillaje a\u00e9reo por el \u00e1rea donde se desplegaban las patrullas terrestres.<\/p>\n\n\n\n<p>Gracias al planeamiento realizado en conjunto entre los jefes del Escuadr\u00f3n 13, la Unidad de Inteligencia y de las Tropas de Unidades Especiales en Monte que arribaron en forma inmediata desde su asiento en Bernardo de Irigoyen, se logr\u00f3 que a las 11:45 hs aproximadamente la Patrulla del Escuadr\u00f3n 13 Iguaz\u00fa en conjunto con personal de la Polic\u00eda de la Provincia de Misiones desplegadas en zona del Barrio Cataratas, lograron recapturar al segundo detenido fugado \u00c1ngel M, quien de inmediato fue trasladado al Escuadr\u00f3n 13 Iguaz\u00fa y posteriormente al Hospital local para que se le efect\u00faen los controles m\u00e9dicos correspondientes.<\/p>\n\n\n\n<p>Es imperioso reconocer que no hubiera sido posible el \u00e9xito obtenido sin el inmediato apoyo del Comando de Regi\u00f3n VI Posadas, de la Agrupaci\u00f3n Misiones de Gendarmer\u00eda Nacional y de las Fuerzas Federales, destacando la invalorable contribuci\u00f3n de la Polic\u00eda de la Provincia de Misiones, sumados al profesionalismo, inmediata respuesta, voluntad de colaboraci\u00f3n y trabajo en equipo de todos ellos en tiempo r\u00e9cord, como as\u00ed de los vecinos que inmediatamente se pusieron a disposici\u00f3n<\/p>\n\n\n\n<p>Prensa Escuadr\u00f3n 13 de Gendarmer\u00eda <\/p>\n","protected":false},"excerpt":{"rendered":"<p>Ayer 7 de enero del corriente, aproximadamente 5:50 hs se dieron a la fuga por la calle Yerbales, dos detenidos alojados en el Escuadr\u00f3n 13 Iguaz\u00fa de Gendarmer\u00eda Nacional, \u00c1ngel M. y Edgar R.C Se solicit\u00f3 ayuda a la Comisar\u00eda Primera de Puerto Iguaz\u00fa como as\u00ed tambi\u00e9n al Jefe de la Unidad Regional V, Comando [&hellip;]<\/p>\n","protected":false},"author":2,"featured_media":1468,"comment_status":"open","ping_status":"open","sticky":false,"template":"","format":"standard","meta":{"footnotes":""},"categories":[41],"tags":[333,414,313,413],"class_list":["post-1467","post","type-post","status-publish","format-standard","has-post-thumbnail","hentry","category-policiales","tag-fuga","tag-gn","tag-iguazu","tag-recaptura-de-presos"],"yoast_head":"<!-- This site is optimized with the Yoast SEO plugin v27.4 - https:\/\/yoast.com\/product\/yoast-seo-wordpress\/ -->\n<title>Puerto Iguaz\u00fa: Se fugaron dos presos del Escuadr\u00f3n 13 Iguaz\u00fa | CVI NOTICIAS<\/title>\n<meta name=\"robots\" content=\"index, follow, max-snippet:-1, max-image-preview:large, max-video-preview:-1\" \/>\n<link rel=\"canonical\" href=\"https:\/\/cvinoticias.com\/v3\/puerto-iguazu-se-fugaron-dos-presos-del-escuadron-13-iguazu\/\" \/>\n<meta property=\"og:locale\" content=\"es_ES\" \/>\n<meta property=\"og:type\" content=\"article\" \/>\n<meta property=\"og:title\" content=\"Puerto Iguaz\u00fa: Se fugaron dos presos del Escuadr\u00f3n 13 Iguaz\u00fa | CVI NOTICIAS\" \/>\n<meta property=\"og:description\" content=\"Ayer 7 de enero del corriente, aproximadamente 5:50 hs se dieron a la fuga por la calle Yerbales, dos detenidos alojados en el Escuadr\u00f3n 13 Iguaz\u00fa de Gendarmer\u00eda Nacional, \u00c1ngel M. y Edgar R.C Se solicit\u00f3 ayuda a la Comisar\u00eda Primera de Puerto Iguaz\u00fa como as\u00ed tambi\u00e9n al Jefe de la Unidad Regional V, Comando [&hellip;]\" \/>\n<meta property=\"og:url\" content=\"https:\/\/cvinoticias.com\/v3\/puerto-iguazu-se-fugaron-dos-presos-del-escuadron-13-iguazu\/\" \/>\n<meta property=\"og:site_name\" content=\"CVI NOTICIAS\" \/>\n<meta property=\"article:publisher\" content=\"https:\/\/www.facebook.com\/cvinoticias\" \/>\n<meta property=\"article:published_time\" content=\"2021-01-08T13:25:02+00:00\" \/>\n<meta property=\"og:image\" content=\"https:\/\/cvinoticias.com\/wp-content\/uploads\/2021\/01\/ry.jpg\" \/>\n\t<meta property=\"og:image:width\" content=\"843\" \/>\n\t<meta property=\"og:image:height\" content=\"506\" \/>\n\t<meta property=\"og:image:type\" content=\"image\/jpeg\" \/>\n<meta name=\"author\" content=\"f1000024\" \/>\n<meta name=\"twitter:card\" content=\"summary_large_image\" \/>\n<meta name=\"twitter:label1\" content=\"Escrito por\" \/>\n\t<meta name=\"twitter:data1\" content=\"f1000024\" \/>\n\t<meta name=\"twitter:label2\" content=\"Tiempo de lectura\" \/>\n\t<meta name=\"twitter:data2\" content=\"2 minutos\" \/>\n<script type=\"application\/ld+json\" class=\"yoast-schema-graph\">{\"@context\":\"https:\\\/\\\/schema.org\",\"@graph\":[{\"@type\":\"Article\",\"@id\":\"https:\\\/\\\/cvinoticias.com\\\/v3\\\/puerto-iguazu-se-fugaron-dos-presos-del-escuadron-13-iguazu\\\/#article\",\"isPartOf\":{\"@id\":\"https:\\\/\\\/cvinoticias.com\\\/v3\\\/puerto-iguazu-se-fugaron-dos-presos-del-escuadron-13-iguazu\\\/\"},\"author\":{\"name\":\"f1000024\",\"@id\":\"https:\\\/\\\/cvinoticias.com\\\/v3\\\/#\\\/schema\\\/person\\\/2db77e3c6bc03c538495d7b2b8be9b66\"},\"headline\":\"Puerto Iguaz\u00fa: Se fugaron dos presos del Escuadr\u00f3n 13 Iguaz\u00fa\",\"datePublished\":\"2021-01-08T13:25:02+00:00\",\"mainEntityOfPage\":{\"@id\":\"https:\\\/\\\/cvinoticias.com\\\/v3\\\/puerto-iguazu-se-fugaron-dos-presos-del-escuadron-13-iguazu\\\/\"},\"wordCount\":387,\"commentCount\":0,\"publisher\":{\"@id\":\"https:\\\/\\\/cvinoticias.com\\\/v3\\\/#organization\"},\"image\":{\"@id\":\"https:\\\/\\\/cvinoticias.com\\\/v3\\\/puerto-iguazu-se-fugaron-dos-presos-del-escuadron-13-iguazu\\\/#primaryimage\"},\"thumbnailUrl\":\"https:\\\/\\\/cvinoticias.com\\\/wp-content\\\/uploads\\\/2021\\\/01\\\/ry.jpg\",\"keywords\":[\"Fuga\",\"GN\",\"Iguaz\u00fa\",\"recaptura de presos\"],\"articleSection\":[\"Policiales\"],\"inLanguage\":\"es\",\"potentialAction\":[{\"@type\":\"CommentAction\",\"name\":\"Comment\",\"target\":[\"https:\\\/\\\/cvinoticias.com\\\/v3\\\/puerto-iguazu-se-fugaron-dos-presos-del-escuadron-13-iguazu\\\/#respond\"]}]},{\"@type\":\"WebPage\",\"@id\":\"https:\\\/\\\/cvinoticias.com\\\/v3\\\/puerto-iguazu-se-fugaron-dos-presos-del-escuadron-13-iguazu\\\/\",\"url\":\"https:\\\/\\\/cvinoticias.com\\\/v3\\\/puerto-iguazu-se-fugaron-dos-presos-del-escuadron-13-iguazu\\\/\",\"name\":\"Puerto Iguaz\u00fa: Se fugaron dos presos del Escuadr\u00f3n 13 Iguaz\u00fa | CVI NOTICIAS\",\"isPartOf\":{\"@id\":\"https:\\\/\\\/cvinoticias.com\\\/v3\\\/#website\"},\"primaryImageOfPage\":{\"@id\":\"https:\\\/\\\/cvinoticias.com\\\/v3\\\/puerto-iguazu-se-fugaron-dos-presos-del-escuadron-13-iguazu\\\/#primaryimage\"},\"image\":{\"@id\":\"https:\\\/\\\/cvinoticias.com\\\/v3\\\/puerto-iguazu-se-fugaron-dos-presos-del-escuadron-13-iguazu\\\/#primaryimage\"},\"thumbnailUrl\":\"https:\\\/\\\/cvinoticias.com\\\/wp-content\\\/uploads\\\/2021\\\/01\\\/ry.jpg\",\"datePublished\":\"2021-01-08T13:25:02+00:00\",\"breadcrumb\":{\"@id\":\"https:\\\/\\\/cvinoticias.com\\\/v3\\\/puerto-iguazu-se-fugaron-dos-presos-del-escuadron-13-iguazu\\\/#breadcrumb\"},\"inLanguage\":\"es\",\"potentialAction\":[{\"@type\":\"ReadAction\",\"target\":[\"https:\\\/\\\/cvinoticias.com\\\/v3\\\/puerto-iguazu-se-fugaron-dos-presos-del-escuadron-13-iguazu\\\/\"]}]},{\"@type\":\"ImageObject\",\"inLanguage\":\"es\",\"@id\":\"https:\\\/\\\/cvinoticias.com\\\/v3\\\/puerto-iguazu-se-fugaron-dos-presos-del-escuadron-13-iguazu\\\/#primaryimage\",\"url\":\"https:\\\/\\\/cvinoticias.com\\\/wp-content\\\/uploads\\\/2021\\\/01\\\/ry.jpg\",\"contentUrl\":\"https:\\\/\\\/cvinoticias.com\\\/wp-content\\\/uploads\\\/2021\\\/01\\\/ry.jpg\",\"width\":843,\"height\":506},{\"@type\":\"BreadcrumbList\",\"@id\":\"https:\\\/\\\/cvinoticias.com\\\/v3\\\/puerto-iguazu-se-fugaron-dos-presos-del-escuadron-13-iguazu\\\/#breadcrumb\",\"itemListElement\":[{\"@type\":\"ListItem\",\"position\":1,\"name\":\"Portada\",\"item\":\"https:\\\/\\\/cvinoticias.com\\\/v3\\\/\"},{\"@type\":\"ListItem\",\"position\":2,\"name\":\"Puerto Iguaz\u00fa: Se fugaron dos presos del Escuadr\u00f3n 13 Iguaz\u00fa\"}]},{\"@type\":\"WebSite\",\"@id\":\"https:\\\/\\\/cvinoticias.com\\\/v3\\\/#website\",\"url\":\"https:\\\/\\\/cvinoticias.com\\\/v3\\\/\",\"name\":\"CVI NOTICIAS\",\"description\":\"\",\"publisher\":{\"@id\":\"https:\\\/\\\/cvinoticias.com\\\/v3\\\/#organization\"},\"alternateName\":\"CVI\",\"potentialAction\":[{\"@type\":\"SearchAction\",\"target\":{\"@type\":\"EntryPoint\",\"urlTemplate\":\"https:\\\/\\\/cvinoticias.com\\\/v3\\\/?s={search_term_string}\"},\"query-input\":{\"@type\":\"PropertyValueSpecification\",\"valueRequired\":true,\"valueName\":\"search_term_string\"}}],\"inLanguage\":\"es\"},{\"@type\":\"Organization\",\"@id\":\"https:\\\/\\\/cvinoticias.com\\\/v3\\\/#organization\",\"name\":\"CVI NOTICIAS\",\"url\":\"https:\\\/\\\/cvinoticias.com\\\/v3\\\/\",\"logo\":{\"@type\":\"ImageObject\",\"inLanguage\":\"es\",\"@id\":\"https:\\\/\\\/cvinoticias.com\\\/v3\\\/#\\\/schema\\\/logo\\\/image\\\/\",\"url\":\"https:\\\/\\\/cvinoticias.com\\\/wp-content\\\/uploads\\\/2023\\\/04\\\/cropped-cropped-cropped-cropped-cropped-3-1.png\",\"contentUrl\":\"https:\\\/\\\/cvinoticias.com\\\/wp-content\\\/uploads\\\/2023\\\/04\\\/cropped-cropped-cropped-cropped-cropped-3-1.png\",\"width\":95,\"height\":122,\"caption\":\"CVI NOTICIAS\"},\"image\":{\"@id\":\"https:\\\/\\\/cvinoticias.com\\\/v3\\\/#\\\/schema\\\/logo\\\/image\\\/\"},\"sameAs\":[\"https:\\\/\\\/www.facebook.com\\\/cvinoticias\",\"https:\\\/\\\/www.instagram.com\\\/cvinoticias\\\/\",\"https:\\\/\\\/www.youtube.com\\\/@CVINOTICIAS\"]},{\"@type\":\"Person\",\"@id\":\"https:\\\/\\\/cvinoticias.com\\\/v3\\\/#\\\/schema\\\/person\\\/2db77e3c6bc03c538495d7b2b8be9b66\",\"name\":\"f1000024\",\"image\":{\"@type\":\"ImageObject\",\"inLanguage\":\"es\",\"@id\":\"https:\\\/\\\/secure.gravatar.com\\\/avatar\\\/d4fe7459cfc51ff5129ce1a732bbef5928568b8092d412ef95611616376bbeed?s=96&d=mm&r=g\",\"url\":\"https:\\\/\\\/secure.gravatar.com\\\/avatar\\\/d4fe7459cfc51ff5129ce1a732bbef5928568b8092d412ef95611616376bbeed?s=96&d=mm&r=g\",\"contentUrl\":\"https:\\\/\\\/secure.gravatar.com\\\/avatar\\\/d4fe7459cfc51ff5129ce1a732bbef5928568b8092d412ef95611616376bbeed?s=96&d=mm&r=g\",\"caption\":\"f1000024\"},\"url\":\"https:\\\/\\\/cvinoticias.com\\\/v3\\\/author\\\/f1000024\\\/\"}]}<\/script>\n<!-- \/ Yoast SEO plugin. -->","yoast_head_json":{"title":"Puerto Iguaz\u00fa: Se fugaron dos presos del Escuadr\u00f3n 13 Iguaz\u00fa | CVI NOTICIAS","robots":{"index":"index","follow":"follow","max-snippet":"max-snippet:-1","max-image-preview":"max-image-preview:large","max-video-preview":"max-video-preview:-1"},"canonical":"https:\/\/cvinoticias.com\/v3\/puerto-iguazu-se-fugaron-dos-presos-del-escuadron-13-iguazu\/","og_locale":"es_ES","og_type":"article","og_title":"Puerto Iguaz\u00fa: Se fugaron dos presos del Escuadr\u00f3n 13 Iguaz\u00fa | CVI NOTICIAS","og_description":"Ayer 7 de enero del corriente, aproximadamente 5:50 hs se dieron a la fuga por la calle Yerbales, dos detenidos alojados en el Escuadr\u00f3n 13 Iguaz\u00fa de Gendarmer\u00eda Nacional, \u00c1ngel M. y Edgar R.C Se solicit\u00f3 ayuda a la Comisar\u00eda Primera de Puerto Iguaz\u00fa como as\u00ed tambi\u00e9n al Jefe de la Unidad Regional V, Comando [&hellip;]","og_url":"https:\/\/cvinoticias.com\/v3\/puerto-iguazu-se-fugaron-dos-presos-del-escuadron-13-iguazu\/","og_site_name":"CVI NOTICIAS","article_publisher":"https:\/\/www.facebook.com\/cvinoticias","article_published_time":"2021-01-08T13:25:02+00:00","og_image":[{"width":843,"height":506,"url":"https:\/\/cvinoticias.com\/wp-content\/uploads\/2021\/01\/ry.jpg","type":"image\/jpeg"}],"author":"f1000024","twitter_card":"summary_large_image","twitter_misc":{"Escrito por":"f1000024","Tiempo de lectura":"2 minutos"},"schema":{"@context":"https:\/\/schema.org","@graph":[{"@type":"Article","@id":"https:\/\/cvinoticias.com\/v3\/puerto-iguazu-se-fugaron-dos-presos-del-escuadron-13-iguazu\/#article","isPartOf":{"@id":"https:\/\/cvinoticias.com\/v3\/puerto-iguazu-se-fugaron-dos-presos-del-escuadron-13-iguazu\/"},"author":{"name":"f1000024","@id":"https:\/\/cvinoticias.com\/v3\/#\/schema\/person\/2db77e3c6bc03c538495d7b2b8be9b66"},"headline":"Puerto Iguaz\u00fa: Se fugaron dos presos del Escuadr\u00f3n 13 Iguaz\u00fa","datePublished":"2021-01-08T13:25:02+00:00","mainEntityOfPage":{"@id":"https:\/\/cvinoticias.com\/v3\/puerto-iguazu-se-fugaron-dos-presos-del-escuadron-13-iguazu\/"},"wordCount":387,"commentCount":0,"publisher":{"@id":"https:\/\/cvinoticias.com\/v3\/#organization"},"image":{"@id":"https:\/\/cvinoticias.com\/v3\/puerto-iguazu-se-fugaron-dos-presos-del-escuadron-13-iguazu\/#primaryimage"},"thumbnailUrl":"https:\/\/cvinoticias.com\/wp-content\/uploads\/2021\/01\/ry.jpg","keywords":["Fuga","GN","Iguaz\u00fa","recaptura de presos"],"articleSection":["Policiales"],"inLanguage":"es","potentialAction":[{"@type":"CommentAction","name":"Comment","target":["https:\/\/cvinoticias.com\/v3\/puerto-iguazu-se-fugaron-dos-presos-del-escuadron-13-iguazu\/#respond"]}]},{"@type":"WebPage","@id":"https:\/\/cvinoticias.com\/v3\/puerto-iguazu-se-fugaron-dos-presos-del-escuadron-13-iguazu\/","url":"https:\/\/cvinoticias.com\/v3\/puerto-iguazu-se-fugaron-dos-presos-del-escuadron-13-iguazu\/","name":"Puerto Iguaz\u00fa: Se fugaron dos presos del Escuadr\u00f3n 13 Iguaz\u00fa | CVI NOTICIAS","isPartOf":{"@id":"https:\/\/cvinoticias.com\/v3\/#website"},"primaryImageOfPage":{"@id":"https:\/\/cvinoticias.com\/v3\/puerto-iguazu-se-fugaron-dos-presos-del-escuadron-13-iguazu\/#primaryimage"},"image":{"@id":"https:\/\/cvinoticias.com\/v3\/puerto-iguazu-se-fugaron-dos-presos-del-escuadron-13-iguazu\/#primaryimage"},"thumbnailUrl":"https:\/\/cvinoticias.com\/wp-content\/uploads\/2021\/01\/ry.jpg","datePublished":"2021-01-08T13:25:02+00:00","breadcrumb":{"@id":"https:\/\/cvinoticias.com\/v3\/puerto-iguazu-se-fugaron-dos-presos-del-escuadron-13-iguazu\/#breadcrumb"},"inLanguage":"es","potentialAction":[{"@type":"ReadAction","target":["https:\/\/cvinoticias.com\/v3\/puerto-iguazu-se-fugaron-dos-presos-del-escuadron-13-iguazu\/"]}]},{"@type":"ImageObject","inLanguage":"es","@id":"https:\/\/cvinoticias.com\/v3\/puerto-iguazu-se-fugaron-dos-presos-del-escuadron-13-iguazu\/#primaryimage","url":"https:\/\/cvinoticias.com\/wp-content\/uploads\/2021\/01\/ry.jpg","contentUrl":"https:\/\/cvinoticias.com\/wp-content\/uploads\/2021\/01\/ry.jpg","width":843,"height":506},{"@type":"BreadcrumbList","@id":"https:\/\/cvinoticias.com\/v3\/puerto-iguazu-se-fugaron-dos-presos-del-escuadron-13-iguazu\/#breadcrumb","itemListElement":[{"@type":"ListItem","position":1,"name":"Portada","item":"https:\/\/cvinoticias.com\/v3\/"},{"@type":"ListItem","position":2,"name":"Puerto Iguaz\u00fa: Se fugaron dos presos del Escuadr\u00f3n 13 Iguaz\u00fa"}]},{"@type":"WebSite","@id":"https:\/\/cvinoticias.com\/v3\/#website","url":"https:\/\/cvinoticias.com\/v3\/","name":"CVI NOTICIAS","description":"","publisher":{"@id":"https:\/\/cvinoticias.com\/v3\/#organization"},"alternateName":"CVI","potentialAction":[{"@type":"SearchAction","target":{"@type":"EntryPoint","urlTemplate":"https:\/\/cvinoticias.com\/v3\/?s={search_term_string}"},"query-input":{"@type":"PropertyValueSpecification","valueRequired":true,"valueName":"search_term_string"}}],"inLanguage":"es"},{"@type":"Organization","@id":"https:\/\/cvinoticias.com\/v3\/#organization","name":"CVI NOTICIAS","url":"https:\/\/cvinoticias.com\/v3\/","logo":{"@type":"ImageObject","inLanguage":"es","@id":"https:\/\/cvinoticias.com\/v3\/#\/schema\/logo\/image\/","url":"https:\/\/cvinoticias.com\/wp-content\/uploads\/2023\/04\/cropped-cropped-cropped-cropped-cropped-3-1.png","contentUrl":"https:\/\/cvinoticias.com\/wp-content\/uploads\/2023\/04\/cropped-cropped-cropped-cropped-cropped-3-1.png","width":95,"height":122,"caption":"CVI NOTICIAS"},"image":{"@id":"https:\/\/cvinoticias.com\/v3\/#\/schema\/logo\/image\/"},"sameAs":["https:\/\/www.facebook.com\/cvinoticias","https:\/\/www.instagram.com\/cvinoticias\/","https:\/\/www.youtube.com\/@CVINOTICIAS"]},{"@type":"Person","@id":"https:\/\/cvinoticias.com\/v3\/#\/schema\/person\/2db77e3c6bc03c538495d7b2b8be9b66","name":"f1000024","image":{"@type":"ImageObject","inLanguage":"es","@id":"https:\/\/secure.gravatar.com\/avatar\/d4fe7459cfc51ff5129ce1a732bbef5928568b8092d412ef95611616376bbeed?s=96&d=mm&r=g","url":"https:\/\/secure.gravatar.com\/avatar\/d4fe7459cfc51ff5129ce1a732bbef5928568b8092d412ef95611616376bbeed?s=96&d=mm&r=g","contentUrl":"https:\/\/secure.gravatar.com\/avatar\/d4fe7459cfc51ff5129ce1a732bbef5928568b8092d412ef95611616376bbeed?s=96&d=mm&r=g","caption":"f1000024"},"url":"https:\/\/cvinoticias.com\/v3\/author\/f1000024\/"}]}},"_links":{"self":[{"href":"https:\/\/cvinoticias.com\/v3\/wp-json\/wp\/v2\/posts\/1467","targetHints":{"allow":["GET"]}}],"collection":[{"href":"https:\/\/cvinoticias.com\/v3\/wp-json\/wp\/v2\/posts"}],"about":[{"href":"https:\/\/cvinoticias.com\/v3\/wp-json\/wp\/v2\/types\/post"}],"author":[{"embeddable":true,"href":"https:\/\/cvinoticias.com\/v3\/wp-json\/wp\/v2\/users\/2"}],"replies":[{"embeddable":true,"href":"https:\/\/cvinoticias.com\/v3\/wp-json\/wp\/v2\/comments?post=1467"}],"version-history":[{"count":1,"href":"https:\/\/cvinoticias.com\/v3\/wp-json\/wp\/v2\/posts\/1467\/revisions"}],"predecessor-version":[{"id":1469,"href":"https:\/\/cvinoticias.com\/v3\/wp-json\/wp\/v2\/posts\/1467\/revisions\/1469"}],"wp:featuredmedia":[{"embeddable":true,"href":"https:\/\/cvinoticias.com\/v3\/wp-json\/wp\/v2\/media\/1468"}],"wp:attachment":[{"href":"https:\/\/cvinoticias.com\/v3\/wp-json\/wp\/v2\/media?parent=1467"}],"wp:term":[{"taxonomy":"category","embeddable":true,"href":"https:\/\/cvinoticias.com\/v3\/wp-json\/wp\/v2\/categories?post=1467"},{"taxonomy":"post_tag","embeddable":true,"href":"https:\/\/cvinoticias.com\/v3\/wp-json\/wp\/v2\/tags?post=1467"}],"curies":[{"name":"wp","href":"https:\/\/api.w.org\/{rel}","templated":true}]}}