{"id":14634,"date":"2022-04-06T11:42:12","date_gmt":"2022-04-06T11:42:12","guid":{"rendered":"https:\/\/cvinoticias.com\/v3\/?p=14634"},"modified":"2022-04-06T11:42:12","modified_gmt":"2022-04-06T11:42:12","slug":"el-gobierno-propone-sumar-una-hora-mas-de-clase-por-dia-en-las-escuelas-primarias","status":"publish","type":"post","link":"https:\/\/cvinoticias.com\/v3\/el-gobierno-propone-sumar-una-hora-mas-de-clase-por-dia-en-las-escuelas-primarias\/","title":{"rendered":"El Gobierno propone sumar una hora m\u00e1s de clase por d\u00eda en las escuelas primarias"},"content":{"rendered":"\n<p><strong><em>El ministro de Educaci\u00f3n, Jaime Perczyk, anunci\u00f3 este martes que propondr\u00e1 en el Consejo Federal de Educaci\u00f3n (CFE) que las escuelas primarias de todo el pa\u00eds tengan una hora m\u00e1s de clase por d\u00eda, por lo que la carga horaria por turno pasar\u00e1 de cuatro a cinco horas, inform\u00f3 el Ministerio de Educaci\u00f3n .<\/em><\/strong><\/p>\n\n\n\n<p>\u00abEs una mejora muy importante para la escuela primaria. Sumar horas de clase es m\u00e1s conocimiento y mejor educaci\u00f3n\u00bb, resalt\u00f3 el titular de la cartera educativa, quien explic\u00f3 que la propuesta ser\u00e1 presentada el viernes en la Asamblea del Consejo que se realizar\u00e1 en Tierra del Fuego.<\/p>\n\n\n\n<p>Aclar\u00f3 que \u00abesto requiere la construcci\u00f3n de acuerdos y consensos con las jurisdicciones y los gremios\u00bb y puntualiz\u00f3 que esa hora m\u00e1s por d\u00eda \u00absignifica tener 38 d\u00edas m\u00e1s de clase por a\u00f1o\u00bb.<\/p>\n\n\n\n<p>Mencion\u00f3 que las y los docentes percibir\u00e1n \u00abun aumento proporcional por la nueva jornada laboral\u00bb.<\/p>\n\n\n\n<p>\u00abEl gobierno nacional tiene como prioridad a la Educaci\u00f3n y por eso esta nueva inversi\u00f3n de 18 mil millones de pesos para aportar el 80% del aumento del sueldo de las y los maestros\u00bb, destac\u00f3.<\/p>\n\n\n\n<p><strong>Fuente: T\u00e9lam<\/strong><\/p>\n","protected":false},"excerpt":{"rendered":"<p>El ministro de Educaci\u00f3n, Jaime Perczyk, anunci\u00f3 este martes que propondr\u00e1 en el Consejo Federal de Educaci\u00f3n (CFE) que las escuelas primarias de todo el pa\u00eds tengan una hora m\u00e1s de clase por d\u00eda, por lo que la carga horaria por turno pasar\u00e1 de cuatro a cinco horas, inform\u00f3 el Ministerio de Educaci\u00f3n . \u00abEs [&hellip;]<\/p>\n","protected":false},"author":2,"featured_media":14635,"comment_status":"open","ping_status":"open","sticky":false,"template":"","format":"standard","meta":{"footnotes":""},"categories":[26],"tags":[],"class_list":["post-14634","post","type-post","status-publish","format-standard","has-post-thumbnail","hentry","category-educacion"],"yoast_head":"<!-- This site is optimized with the Yoast SEO plugin v27.5 - https:\/\/yoast.com\/product\/yoast-seo-wordpress\/ -->\n<title>El Gobierno propone sumar una hora m\u00e1s de clase por d\u00eda en las escuelas primarias | CVI NOTICIAS<\/title>\n<meta name=\"robots\" content=\"index, follow, max-snippet:-1, max-image-preview:large, max-video-preview:-1\" \/>\n<link rel=\"canonical\" href=\"https:\/\/cvinoticias.com\/v3\/el-gobierno-propone-sumar-una-hora-mas-de-clase-por-dia-en-las-escuelas-primarias\/\" \/>\n<meta property=\"og:locale\" content=\"es_ES\" \/>\n<meta property=\"og:type\" content=\"article\" \/>\n<meta property=\"og:title\" content=\"El Gobierno propone sumar una hora m\u00e1s de clase por d\u00eda en las escuelas primarias | CVI NOTICIAS\" \/>\n<meta property=\"og:description\" content=\"El ministro de Educaci\u00f3n, Jaime Perczyk, anunci\u00f3 este martes que propondr\u00e1 en el Consejo Federal de Educaci\u00f3n (CFE) que las escuelas primarias de todo el pa\u00eds tengan una hora m\u00e1s de clase por d\u00eda, por lo que la carga horaria por turno pasar\u00e1 de cuatro a cinco horas, inform\u00f3 el Ministerio de Educaci\u00f3n . \u00abEs [&hellip;]\" \/>\n<meta property=\"og:url\" content=\"https:\/\/cvinoticias.com\/v3\/el-gobierno-propone-sumar-una-hora-mas-de-clase-por-dia-en-las-escuelas-primarias\/\" \/>\n<meta property=\"og:site_name\" content=\"CVI NOTICIAS\" \/>\n<meta property=\"article:publisher\" content=\"https:\/\/www.facebook.com\/cvinoticias\" \/>\n<meta property=\"article:published_time\" content=\"2022-04-06T11:42:12+00:00\" \/>\n<meta property=\"og:image\" content=\"https:\/\/cvinoticias.com\/wp-content\/uploads\/2022\/04\/Escuelas-primarias-e1649196982175-1140x570-1.jpg\" \/>\n\t<meta property=\"og:image:width\" content=\"1140\" \/>\n\t<meta property=\"og:image:height\" content=\"570\" \/>\n\t<meta property=\"og:image:type\" content=\"image\/jpeg\" \/>\n<meta name=\"author\" content=\"f1000024\" \/>\n<meta name=\"twitter:card\" content=\"summary_large_image\" \/>\n<meta name=\"twitter:label1\" content=\"Escrito por\" \/>\n\t<meta name=\"twitter:data1\" content=\"f1000024\" \/>\n\t<meta name=\"twitter:label2\" content=\"Tiempo de lectura\" \/>\n\t<meta name=\"twitter:data2\" content=\"1 minuto\" \/>\n<script type=\"application\/ld+json\" class=\"yoast-schema-graph\">{\"@context\":\"https:\\\/\\\/schema.org\",\"@graph\":[{\"@type\":\"Article\",\"@id\":\"https:\\\/\\\/cvinoticias.com\\\/v3\\\/el-gobierno-propone-sumar-una-hora-mas-de-clase-por-dia-en-las-escuelas-primarias\\\/#article\",\"isPartOf\":{\"@id\":\"https:\\\/\\\/cvinoticias.com\\\/v3\\\/el-gobierno-propone-sumar-una-hora-mas-de-clase-por-dia-en-las-escuelas-primarias\\\/\"},\"author\":{\"name\":\"f1000024\",\"@id\":\"https:\\\/\\\/cvinoticias.com\\\/v3\\\/#\\\/schema\\\/person\\\/2db77e3c6bc03c538495d7b2b8be9b66\"},\"headline\":\"El Gobierno propone sumar una hora m\u00e1s de clase por d\u00eda en las escuelas primarias\",\"datePublished\":\"2022-04-06T11:42:12+00:00\",\"mainEntityOfPage\":{\"@id\":\"https:\\\/\\\/cvinoticias.com\\\/v3\\\/el-gobierno-propone-sumar-una-hora-mas-de-clase-por-dia-en-las-escuelas-primarias\\\/\"},\"wordCount\":217,\"commentCount\":0,\"publisher\":{\"@id\":\"https:\\\/\\\/cvinoticias.com\\\/v3\\\/#organization\"},\"image\":{\"@id\":\"https:\\\/\\\/cvinoticias.com\\\/v3\\\/el-gobierno-propone-sumar-una-hora-mas-de-clase-por-dia-en-las-escuelas-primarias\\\/#primaryimage\"},\"thumbnailUrl\":\"https:\\\/\\\/cvinoticias.com\\\/wp-content\\\/uploads\\\/2022\\\/04\\\/Escuelas-primarias-e1649196982175-1140x570-1.jpg\",\"articleSection\":[\"Educacion\"],\"inLanguage\":\"es\",\"potentialAction\":[{\"@type\":\"CommentAction\",\"name\":\"Comment\",\"target\":[\"https:\\\/\\\/cvinoticias.com\\\/v3\\\/el-gobierno-propone-sumar-una-hora-mas-de-clase-por-dia-en-las-escuelas-primarias\\\/#respond\"]}]},{\"@type\":\"WebPage\",\"@id\":\"https:\\\/\\\/cvinoticias.com\\\/v3\\\/el-gobierno-propone-sumar-una-hora-mas-de-clase-por-dia-en-las-escuelas-primarias\\\/\",\"url\":\"https:\\\/\\\/cvinoticias.com\\\/v3\\\/el-gobierno-propone-sumar-una-hora-mas-de-clase-por-dia-en-las-escuelas-primarias\\\/\",\"name\":\"El Gobierno propone sumar una hora m\u00e1s de clase por d\u00eda en las escuelas primarias | CVI NOTICIAS\",\"isPartOf\":{\"@id\":\"https:\\\/\\\/cvinoticias.com\\\/v3\\\/#website\"},\"primaryImageOfPage\":{\"@id\":\"https:\\\/\\\/cvinoticias.com\\\/v3\\\/el-gobierno-propone-sumar-una-hora-mas-de-clase-por-dia-en-las-escuelas-primarias\\\/#primaryimage\"},\"image\":{\"@id\":\"https:\\\/\\\/cvinoticias.com\\\/v3\\\/el-gobierno-propone-sumar-una-hora-mas-de-clase-por-dia-en-las-escuelas-primarias\\\/#primaryimage\"},\"thumbnailUrl\":\"https:\\\/\\\/cvinoticias.com\\\/wp-content\\\/uploads\\\/2022\\\/04\\\/Escuelas-primarias-e1649196982175-1140x570-1.jpg\",\"datePublished\":\"2022-04-06T11:42:12+00:00\",\"breadcrumb\":{\"@id\":\"https:\\\/\\\/cvinoticias.com\\\/v3\\\/el-gobierno-propone-sumar-una-hora-mas-de-clase-por-dia-en-las-escuelas-primarias\\\/#breadcrumb\"},\"inLanguage\":\"es\",\"potentialAction\":[{\"@type\":\"ReadAction\",\"target\":[\"https:\\\/\\\/cvinoticias.com\\\/v3\\\/el-gobierno-propone-sumar-una-hora-mas-de-clase-por-dia-en-las-escuelas-primarias\\\/\"]}]},{\"@type\":\"ImageObject\",\"inLanguage\":\"es\",\"@id\":\"https:\\\/\\\/cvinoticias.com\\\/v3\\\/el-gobierno-propone-sumar-una-hora-mas-de-clase-por-dia-en-las-escuelas-primarias\\\/#primaryimage\",\"url\":\"https:\\\/\\\/cvinoticias.com\\\/wp-content\\\/uploads\\\/2022\\\/04\\\/Escuelas-primarias-e1649196982175-1140x570-1.jpg\",\"contentUrl\":\"https:\\\/\\\/cvinoticias.com\\\/wp-content\\\/uploads\\\/2022\\\/04\\\/Escuelas-primarias-e1649196982175-1140x570-1.jpg\",\"width\":1140,\"height\":570},{\"@type\":\"BreadcrumbList\",\"@id\":\"https:\\\/\\\/cvinoticias.com\\\/v3\\\/el-gobierno-propone-sumar-una-hora-mas-de-clase-por-dia-en-las-escuelas-primarias\\\/#breadcrumb\",\"itemListElement\":[{\"@type\":\"ListItem\",\"position\":1,\"name\":\"Portada\",\"item\":\"https:\\\/\\\/cvinoticias.com\\\/v3\\\/\"},{\"@type\":\"ListItem\",\"position\":2,\"name\":\"El Gobierno propone sumar una hora m\u00e1s de clase por d\u00eda en las escuelas primarias\"}]},{\"@type\":\"WebSite\",\"@id\":\"https:\\\/\\\/cvinoticias.com\\\/v3\\\/#website\",\"url\":\"https:\\\/\\\/cvinoticias.com\\\/v3\\\/\",\"name\":\"CVI NOTICIAS\",\"description\":\"\",\"publisher\":{\"@id\":\"https:\\\/\\\/cvinoticias.com\\\/v3\\\/#organization\"},\"alternateName\":\"CVI\",\"potentialAction\":[{\"@type\":\"SearchAction\",\"target\":{\"@type\":\"EntryPoint\",\"urlTemplate\":\"https:\\\/\\\/cvinoticias.com\\\/v3\\\/?s={search_term_string}\"},\"query-input\":{\"@type\":\"PropertyValueSpecification\",\"valueRequired\":true,\"valueName\":\"search_term_string\"}}],\"inLanguage\":\"es\"},{\"@type\":\"Organization\",\"@id\":\"https:\\\/\\\/cvinoticias.com\\\/v3\\\/#organization\",\"name\":\"CVI NOTICIAS\",\"url\":\"https:\\\/\\\/cvinoticias.com\\\/v3\\\/\",\"logo\":{\"@type\":\"ImageObject\",\"inLanguage\":\"es\",\"@id\":\"https:\\\/\\\/cvinoticias.com\\\/v3\\\/#\\\/schema\\\/logo\\\/image\\\/\",\"url\":\"https:\\\/\\\/cvinoticias.com\\\/wp-content\\\/uploads\\\/2023\\\/04\\\/cropped-cropped-cropped-cropped-cropped-3-1.png\",\"contentUrl\":\"https:\\\/\\\/cvinoticias.com\\\/wp-content\\\/uploads\\\/2023\\\/04\\\/cropped-cropped-cropped-cropped-cropped-3-1.png\",\"width\":95,\"height\":122,\"caption\":\"CVI NOTICIAS\"},\"image\":{\"@id\":\"https:\\\/\\\/cvinoticias.com\\\/v3\\\/#\\\/schema\\\/logo\\\/image\\\/\"},\"sameAs\":[\"https:\\\/\\\/www.facebook.com\\\/cvinoticias\",\"https:\\\/\\\/www.instagram.com\\\/cvinoticias\\\/\",\"https:\\\/\\\/www.youtube.com\\\/@CVINOTICIAS\"]},{\"@type\":\"Person\",\"@id\":\"https:\\\/\\\/cvinoticias.com\\\/v3\\\/#\\\/schema\\\/person\\\/2db77e3c6bc03c538495d7b2b8be9b66\",\"name\":\"f1000024\",\"image\":{\"@type\":\"ImageObject\",\"inLanguage\":\"es\",\"@id\":\"https:\\\/\\\/secure.gravatar.com\\\/avatar\\\/d4fe7459cfc51ff5129ce1a732bbef5928568b8092d412ef95611616376bbeed?s=96&d=mm&r=g\",\"url\":\"https:\\\/\\\/secure.gravatar.com\\\/avatar\\\/d4fe7459cfc51ff5129ce1a732bbef5928568b8092d412ef95611616376bbeed?s=96&d=mm&r=g\",\"contentUrl\":\"https:\\\/\\\/secure.gravatar.com\\\/avatar\\\/d4fe7459cfc51ff5129ce1a732bbef5928568b8092d412ef95611616376bbeed?s=96&d=mm&r=g\",\"caption\":\"f1000024\"},\"url\":\"https:\\\/\\\/cvinoticias.com\\\/v3\\\/author\\\/f1000024\\\/\"}]}<\/script>\n<!-- \/ Yoast SEO plugin. -->","yoast_head_json":{"title":"El Gobierno propone sumar una hora m\u00e1s de clase por d\u00eda en las escuelas primarias | CVI NOTICIAS","robots":{"index":"index","follow":"follow","max-snippet":"max-snippet:-1","max-image-preview":"max-image-preview:large","max-video-preview":"max-video-preview:-1"},"canonical":"https:\/\/cvinoticias.com\/v3\/el-gobierno-propone-sumar-una-hora-mas-de-clase-por-dia-en-las-escuelas-primarias\/","og_locale":"es_ES","og_type":"article","og_title":"El Gobierno propone sumar una hora m\u00e1s de clase por d\u00eda en las escuelas primarias | CVI NOTICIAS","og_description":"El ministro de Educaci\u00f3n, Jaime Perczyk, anunci\u00f3 este martes que propondr\u00e1 en el Consejo Federal de Educaci\u00f3n (CFE) que las escuelas primarias de todo el pa\u00eds tengan una hora m\u00e1s de clase por d\u00eda, por lo que la carga horaria por turno pasar\u00e1 de cuatro a cinco horas, inform\u00f3 el Ministerio de Educaci\u00f3n . \u00abEs [&hellip;]","og_url":"https:\/\/cvinoticias.com\/v3\/el-gobierno-propone-sumar-una-hora-mas-de-clase-por-dia-en-las-escuelas-primarias\/","og_site_name":"CVI NOTICIAS","article_publisher":"https:\/\/www.facebook.com\/cvinoticias","article_published_time":"2022-04-06T11:42:12+00:00","og_image":[{"width":1140,"height":570,"url":"https:\/\/cvinoticias.com\/wp-content\/uploads\/2022\/04\/Escuelas-primarias-e1649196982175-1140x570-1.jpg","type":"image\/jpeg"}],"author":"f1000024","twitter_card":"summary_large_image","twitter_misc":{"Escrito por":"f1000024","Tiempo de lectura":"1 minuto"},"schema":{"@context":"https:\/\/schema.org","@graph":[{"@type":"Article","@id":"https:\/\/cvinoticias.com\/v3\/el-gobierno-propone-sumar-una-hora-mas-de-clase-por-dia-en-las-escuelas-primarias\/#article","isPartOf":{"@id":"https:\/\/cvinoticias.com\/v3\/el-gobierno-propone-sumar-una-hora-mas-de-clase-por-dia-en-las-escuelas-primarias\/"},"author":{"name":"f1000024","@id":"https:\/\/cvinoticias.com\/v3\/#\/schema\/person\/2db77e3c6bc03c538495d7b2b8be9b66"},"headline":"El Gobierno propone sumar una hora m\u00e1s de clase por d\u00eda en las escuelas primarias","datePublished":"2022-04-06T11:42:12+00:00","mainEntityOfPage":{"@id":"https:\/\/cvinoticias.com\/v3\/el-gobierno-propone-sumar-una-hora-mas-de-clase-por-dia-en-las-escuelas-primarias\/"},"wordCount":217,"commentCount":0,"publisher":{"@id":"https:\/\/cvinoticias.com\/v3\/#organization"},"image":{"@id":"https:\/\/cvinoticias.com\/v3\/el-gobierno-propone-sumar-una-hora-mas-de-clase-por-dia-en-las-escuelas-primarias\/#primaryimage"},"thumbnailUrl":"https:\/\/cvinoticias.com\/wp-content\/uploads\/2022\/04\/Escuelas-primarias-e1649196982175-1140x570-1.jpg","articleSection":["Educacion"],"inLanguage":"es","potentialAction":[{"@type":"CommentAction","name":"Comment","target":["https:\/\/cvinoticias.com\/v3\/el-gobierno-propone-sumar-una-hora-mas-de-clase-por-dia-en-las-escuelas-primarias\/#respond"]}]},{"@type":"WebPage","@id":"https:\/\/cvinoticias.com\/v3\/el-gobierno-propone-sumar-una-hora-mas-de-clase-por-dia-en-las-escuelas-primarias\/","url":"https:\/\/cvinoticias.com\/v3\/el-gobierno-propone-sumar-una-hora-mas-de-clase-por-dia-en-las-escuelas-primarias\/","name":"El Gobierno propone sumar una hora m\u00e1s de clase por d\u00eda en las escuelas primarias | CVI NOTICIAS","isPartOf":{"@id":"https:\/\/cvinoticias.com\/v3\/#website"},"primaryImageOfPage":{"@id":"https:\/\/cvinoticias.com\/v3\/el-gobierno-propone-sumar-una-hora-mas-de-clase-por-dia-en-las-escuelas-primarias\/#primaryimage"},"image":{"@id":"https:\/\/cvinoticias.com\/v3\/el-gobierno-propone-sumar-una-hora-mas-de-clase-por-dia-en-las-escuelas-primarias\/#primaryimage"},"thumbnailUrl":"https:\/\/cvinoticias.com\/wp-content\/uploads\/2022\/04\/Escuelas-primarias-e1649196982175-1140x570-1.jpg","datePublished":"2022-04-06T11:42:12+00:00","breadcrumb":{"@id":"https:\/\/cvinoticias.com\/v3\/el-gobierno-propone-sumar-una-hora-mas-de-clase-por-dia-en-las-escuelas-primarias\/#breadcrumb"},"inLanguage":"es","potentialAction":[{"@type":"ReadAction","target":["https:\/\/cvinoticias.com\/v3\/el-gobierno-propone-sumar-una-hora-mas-de-clase-por-dia-en-las-escuelas-primarias\/"]}]},{"@type":"ImageObject","inLanguage":"es","@id":"https:\/\/cvinoticias.com\/v3\/el-gobierno-propone-sumar-una-hora-mas-de-clase-por-dia-en-las-escuelas-primarias\/#primaryimage","url":"https:\/\/cvinoticias.com\/wp-content\/uploads\/2022\/04\/Escuelas-primarias-e1649196982175-1140x570-1.jpg","contentUrl":"https:\/\/cvinoticias.com\/wp-content\/uploads\/2022\/04\/Escuelas-primarias-e1649196982175-1140x570-1.jpg","width":1140,"height":570},{"@type":"BreadcrumbList","@id":"https:\/\/cvinoticias.com\/v3\/el-gobierno-propone-sumar-una-hora-mas-de-clase-por-dia-en-las-escuelas-primarias\/#breadcrumb","itemListElement":[{"@type":"ListItem","position":1,"name":"Portada","item":"https:\/\/cvinoticias.com\/v3\/"},{"@type":"ListItem","position":2,"name":"El Gobierno propone sumar una hora m\u00e1s de clase por d\u00eda en las escuelas primarias"}]},{"@type":"WebSite","@id":"https:\/\/cvinoticias.com\/v3\/#website","url":"https:\/\/cvinoticias.com\/v3\/","name":"CVI NOTICIAS","description":"","publisher":{"@id":"https:\/\/cvinoticias.com\/v3\/#organization"},"alternateName":"CVI","potentialAction":[{"@type":"SearchAction","target":{"@type":"EntryPoint","urlTemplate":"https:\/\/cvinoticias.com\/v3\/?s={search_term_string}"},"query-input":{"@type":"PropertyValueSpecification","valueRequired":true,"valueName":"search_term_string"}}],"inLanguage":"es"},{"@type":"Organization","@id":"https:\/\/cvinoticias.com\/v3\/#organization","name":"CVI NOTICIAS","url":"https:\/\/cvinoticias.com\/v3\/","logo":{"@type":"ImageObject","inLanguage":"es","@id":"https:\/\/cvinoticias.com\/v3\/#\/schema\/logo\/image\/","url":"https:\/\/cvinoticias.com\/wp-content\/uploads\/2023\/04\/cropped-cropped-cropped-cropped-cropped-3-1.png","contentUrl":"https:\/\/cvinoticias.com\/wp-content\/uploads\/2023\/04\/cropped-cropped-cropped-cropped-cropped-3-1.png","width":95,"height":122,"caption":"CVI NOTICIAS"},"image":{"@id":"https:\/\/cvinoticias.com\/v3\/#\/schema\/logo\/image\/"},"sameAs":["https:\/\/www.facebook.com\/cvinoticias","https:\/\/www.instagram.com\/cvinoticias\/","https:\/\/www.youtube.com\/@CVINOTICIAS"]},{"@type":"Person","@id":"https:\/\/cvinoticias.com\/v3\/#\/schema\/person\/2db77e3c6bc03c538495d7b2b8be9b66","name":"f1000024","image":{"@type":"ImageObject","inLanguage":"es","@id":"https:\/\/secure.gravatar.com\/avatar\/d4fe7459cfc51ff5129ce1a732bbef5928568b8092d412ef95611616376bbeed?s=96&d=mm&r=g","url":"https:\/\/secure.gravatar.com\/avatar\/d4fe7459cfc51ff5129ce1a732bbef5928568b8092d412ef95611616376bbeed?s=96&d=mm&r=g","contentUrl":"https:\/\/secure.gravatar.com\/avatar\/d4fe7459cfc51ff5129ce1a732bbef5928568b8092d412ef95611616376bbeed?s=96&d=mm&r=g","caption":"f1000024"},"url":"https:\/\/cvinoticias.com\/v3\/author\/f1000024\/"}]}},"_links":{"self":[{"href":"https:\/\/cvinoticias.com\/v3\/wp-json\/wp\/v2\/posts\/14634","targetHints":{"allow":["GET"]}}],"collection":[{"href":"https:\/\/cvinoticias.com\/v3\/wp-json\/wp\/v2\/posts"}],"about":[{"href":"https:\/\/cvinoticias.com\/v3\/wp-json\/wp\/v2\/types\/post"}],"author":[{"embeddable":true,"href":"https:\/\/cvinoticias.com\/v3\/wp-json\/wp\/v2\/users\/2"}],"replies":[{"embeddable":true,"href":"https:\/\/cvinoticias.com\/v3\/wp-json\/wp\/v2\/comments?post=14634"}],"version-history":[{"count":1,"href":"https:\/\/cvinoticias.com\/v3\/wp-json\/wp\/v2\/posts\/14634\/revisions"}],"predecessor-version":[{"id":14636,"href":"https:\/\/cvinoticias.com\/v3\/wp-json\/wp\/v2\/posts\/14634\/revisions\/14636"}],"wp:featuredmedia":[{"embeddable":true,"href":"https:\/\/cvinoticias.com\/v3\/wp-json\/wp\/v2\/media\/14635"}],"wp:attachment":[{"href":"https:\/\/cvinoticias.com\/v3\/wp-json\/wp\/v2\/media?parent=14634"}],"wp:term":[{"taxonomy":"category","embeddable":true,"href":"https:\/\/cvinoticias.com\/v3\/wp-json\/wp\/v2\/categories?post=14634"},{"taxonomy":"post_tag","embeddable":true,"href":"https:\/\/cvinoticias.com\/v3\/wp-json\/wp\/v2\/tags?post=14634"}],"curies":[{"name":"wp","href":"https:\/\/api.w.org\/{rel}","templated":true}]}}