{"id":14629,"date":"2022-04-06T11:34:17","date_gmt":"2022-04-06T11:34:17","guid":{"rendered":"https:\/\/cvinoticias.com\/v3\/?p=14629"},"modified":"2022-04-06T11:34:17","modified_gmt":"2022-04-06T11:34:17","slug":"el-bayern-munich-llego-a-puerto-piray-para-continuar-formando-jugadores-de-futbol","status":"publish","type":"post","link":"https:\/\/cvinoticias.com\/v3\/el-bayern-munich-llego-a-puerto-piray-para-continuar-formando-jugadores-de-futbol\/","title":{"rendered":"El Bayern M\u00fanich lleg\u00f3 a Puerto Piray para continuar formando jugadores de f\u00fatbol"},"content":{"rendered":"\n<p><strong><em>\u00abEl hecho de que los ni\u00f1os est\u00e9n ac\u00e1, ya los hace ganadores\u00bb<\/em><\/strong><\/p>\n\n\n\n<p>En el marco del Programa de Formaci\u00f3n de entrenadores del Bayern M\u00fanich en convenio con la Provincia de Misiones, los profes del equipo alem\u00e1n arribaron hoy a la zona norte, donde hasta el pr\u00f3ximo s\u00e1bado, estar\u00e1n realizando diferentes actividades con el objetivo de fomentar el desarrollo de jugadores de f\u00fatbol de la tierra colorada.<\/p>\n\n\n\n<p>La intendenta Mirtha Lezcano, en comunicaci\u00f3n con Genesis 91.3, destac\u00f3 la presencia del club como de los chicos \u00abEl Bayern M\u00fanich, uno de los clubes m\u00e1s importantes del mundo est\u00e1 en Puerto Piray, es un orgullo recibir a estos \u00abmostros\u00bb\u00bb expres\u00f3 con alegr\u00eda y agreg\u00f3 que \u00abvienen los ni\u00f1os con toda la ilusi\u00f3n de poder mostrar su destreza, su habilidad\u00bb.<\/p>\n\n\n\n<p>\u00abSi vieras la cara de ilusi\u00f3n que tienen los ni\u00f1os que llegan, est\u00e1n mirando la cancha, la preparaci\u00f3n, la log\u00edstica. Los profesores arman todo para recibir esa ilusi\u00f3n\u00bb.<\/p>\n\n\n\n<p><strong>Formaci\u00f3n futbol\u00edstica y esp\u00edritu compa\u00f1ero<\/strong><\/p>\n\n\n\n<p>Desde hoy hasta el s\u00e1bado 9, en la Villa Ol\u00edmpica de Puerto Piray los profesores y t\u00e9cnicos que se capacitaron con la metodolog\u00eda y filosof\u00eda del conjunto b\u00e1varo pondr\u00e1n en marcha los conocimientos adquiridos con los chicos y chicas que se desempe\u00f1an en este deporte.<\/p>\n\n\n\n<p>Participan de esta experiencia ni\u00f1os y ni\u00f1as de tres ligas de f\u00fatbol de la provincia. De Eldorado, de la que forman parte Puerto Esperanza, Puerto Libertad, Colonia Mado y Puerto Piray; la Liga de Iguaz\u00fa y la liga de Puerto Rico que incluye Jard\u00edn Am\u00e9rica, Capiov\u00ed, Puerto Leoni y Puerto Rico.<\/p>\n\n\n\n<figure class=\"wp-block-image size-full\"><a href=\"https:\/\/cvinoticias.com\/wp-content\/uploads\/2022\/04\/IMG-20220405-WA0055.jpg\"><img decoding=\"async\" width=\"1024\" height=\"768\" data-src=\"https:\/\/cvinoticias.com\/wp-content\/uploads\/2022\/04\/IMG-20220405-WA0055.jpg\" alt=\"\" class=\"wp-image-14632 lazyload\" data-srcset=\"https:\/\/cvinoticias.com\/wp-content\/uploads\/2022\/04\/IMG-20220405-WA0055.jpg 1024w, https:\/\/cvinoticias.com\/wp-content\/uploads\/2022\/04\/IMG-20220405-WA0055-300x225.jpg 300w, https:\/\/cvinoticias.com\/wp-content\/uploads\/2022\/04\/IMG-20220405-WA0055-768x576.jpg 768w\" data-sizes=\"(max-width: 1024px) 100vw, 1024px\" src=\"data:image\/svg+xml;base64,PHN2ZyB3aWR0aD0iMSIgaGVpZ2h0PSIxIiB4bWxucz0iaHR0cDovL3d3dy53My5vcmcvMjAwMC9zdmciPjwvc3ZnPg==\" style=\"--smush-placeholder-width: 1024px; --smush-placeholder-aspect-ratio: 1024\/768;\" \/><\/a><\/figure>\n\n\n\n<p>En la cuenta de facebook de Campo Neutral Jard\u00edn Am\u00e9rica, publicaron entusiasmados \u00abPartieron hacia Puerto Piray, jovenes integrantes de las formativas del Club Timb\u00f3, acompa\u00f1ados del instructor Yostin Mendoza, para participar del Campus de Entrenamiento de Bayern Munich, que se realizar\u00e1 esta semana en la Villa Olimpica de aquella localidad; cabe acotar, que en la elecci\u00f3n de los chicos, no se tuvo en cuenta \u00fanicamente sus rendimientos futbolisticos, sino tambi\u00e9n el comportamiento en el campo de juego y el compa\u00f1erismo demostrado hacia sus pares en la convivencia diaria\u00bb.<\/p>\n\n\n\n<p>En ese sentido, la interesante apuesta del gobierno provincial en conjunto con el Club Alem\u00e1n, tiene la idea de formar jugadores profesionales con valores como el trabajo en equipo, la motivaci\u00f3n personal y grupal, la confianza y el respeto; y promover en la sociedad un compromiso deportivo y un esp\u00edritu de familia.<\/p>\n\n\n\n<p>\u00abEl f\u00fatbol, el deporte, es un eje principal para impulsar a todo lo que viene, el futuro de los chicos\u00bb resalt\u00f3 la intendenta Lezcano.<\/p>\n\n\n\n<p><strong>La Villa Ol\u00edmpica es una pol\u00edtica deportiva<\/strong><\/p>\n\n\n\n<p>La Villa Ol\u00edmpica, es un complejo multideportivo, un espacio de entrenamiento gratuito en diferentes disciplinas para todas las generaciones. Un lugar de recreaci\u00f3n y entrenamiento, donde se fomenta el trabajo en equipo y el compa\u00f1erismo.<\/p>\n\n\n\n<p>Y en este sentido, la intendenta de Puerto Piray no pudo contener su emoci\u00f3n \u00abLa villa Ol\u00edmpica de Puerto Piray fue pensada y dise\u00f1ada para estos eventos importantes, es un orgullo tener ac\u00e1 a los entrenadores del Bayern M\u00fanich y a ni\u00f1os de toda la provincia que son los grandes protagonistas de esta iniciativa\u00bb. A la vez que destac\u00f3 la importancia de la pol\u00edtica deportiva que se hace realidad en toda la provincia.<\/p>\n\n\n\n<figure class=\"wp-block-image size-full is-resized\"><a href=\"https:\/\/cvinoticias.com\/wp-content\/uploads\/2022\/04\/IMG-20220405-WA0053.jpg\"><img decoding=\"async\" data-src=\"https:\/\/cvinoticias.com\/wp-content\/uploads\/2022\/04\/IMG-20220405-WA0053.jpg\" alt=\"\" class=\"wp-image-14631 lazyload\" width=\"618\" height=\"464\" data-srcset=\"https:\/\/cvinoticias.com\/wp-content\/uploads\/2022\/04\/IMG-20220405-WA0053.jpg 1024w, https:\/\/cvinoticias.com\/wp-content\/uploads\/2022\/04\/IMG-20220405-WA0053-300x225.jpg 300w, https:\/\/cvinoticias.com\/wp-content\/uploads\/2022\/04\/IMG-20220405-WA0053-768x576.jpg 768w\" data-sizes=\"(max-width: 618px) 100vw, 618px\" src=\"data:image\/svg+xml;base64,PHN2ZyB3aWR0aD0iMSIgaGVpZ2h0PSIxIiB4bWxucz0iaHR0cDovL3d3dy53My5vcmcvMjAwMC9zdmciPjwvc3ZnPg==\" style=\"--smush-placeholder-width: 618px; --smush-placeholder-aspect-ratio: 618\/464;\" \/><\/a><\/figure>\n","protected":false},"excerpt":{"rendered":"<p>\u00abEl hecho de que los ni\u00f1os est\u00e9n ac\u00e1, ya los hace ganadores\u00bb En el marco del Programa de Formaci\u00f3n de entrenadores del Bayern M\u00fanich en convenio con la Provincia de Misiones, los profes del equipo alem\u00e1n arribaron hoy a la zona norte, donde hasta el pr\u00f3ximo s\u00e1bado, estar\u00e1n realizando diferentes actividades con el objetivo de [&hellip;]<\/p>\n","protected":false},"author":2,"featured_media":14630,"comment_status":"open","ping_status":"open","sticky":false,"template":"","format":"standard","meta":{"footnotes":""},"categories":[24],"tags":[],"class_list":["post-14629","post","type-post","status-publish","format-standard","has-post-thumbnail","hentry","category-deportes"],"yoast_head":"<!-- This site is optimized with the Yoast SEO plugin v27.4 - https:\/\/yoast.com\/product\/yoast-seo-wordpress\/ -->\n<title>El Bayern M\u00fanich lleg\u00f3 a Puerto Piray para continuar formando jugadores de f\u00fatbol | CVI NOTICIAS<\/title>\n<meta name=\"robots\" content=\"index, follow, max-snippet:-1, max-image-preview:large, max-video-preview:-1\" \/>\n<link rel=\"canonical\" href=\"https:\/\/cvinoticias.com\/v3\/el-bayern-munich-llego-a-puerto-piray-para-continuar-formando-jugadores-de-futbol\/\" \/>\n<meta property=\"og:locale\" content=\"es_ES\" \/>\n<meta property=\"og:type\" content=\"article\" \/>\n<meta property=\"og:title\" content=\"El Bayern M\u00fanich lleg\u00f3 a Puerto Piray para continuar formando jugadores de f\u00fatbol | CVI NOTICIAS\" \/>\n<meta property=\"og:description\" content=\"\u00abEl hecho de que los ni\u00f1os est\u00e9n ac\u00e1, ya los hace ganadores\u00bb En el marco del Programa de Formaci\u00f3n de entrenadores del Bayern M\u00fanich en convenio con la Provincia de Misiones, los profes del equipo alem\u00e1n arribaron hoy a la zona norte, donde hasta el pr\u00f3ximo s\u00e1bado, estar\u00e1n realizando diferentes actividades con el objetivo de [&hellip;]\" \/>\n<meta property=\"og:url\" content=\"https:\/\/cvinoticias.com\/v3\/el-bayern-munich-llego-a-puerto-piray-para-continuar-formando-jugadores-de-futbol\/\" \/>\n<meta property=\"og:site_name\" content=\"CVI NOTICIAS\" \/>\n<meta property=\"article:publisher\" content=\"https:\/\/www.facebook.com\/cvinoticias\" \/>\n<meta property=\"article:published_time\" content=\"2022-04-06T11:34:17+00:00\" \/>\n<meta property=\"og:image\" content=\"https:\/\/cvinoticias.com\/wp-content\/uploads\/2022\/04\/IMG-20220405-WA0054.jpg\" \/>\n\t<meta property=\"og:image:width\" content=\"1024\" \/>\n\t<meta property=\"og:image:height\" content=\"768\" \/>\n\t<meta property=\"og:image:type\" content=\"image\/jpeg\" \/>\n<meta name=\"author\" content=\"f1000024\" \/>\n<meta name=\"twitter:card\" content=\"summary_large_image\" \/>\n<meta name=\"twitter:label1\" content=\"Escrito por\" \/>\n\t<meta name=\"twitter:data1\" content=\"f1000024\" \/>\n\t<meta name=\"twitter:label2\" content=\"Tiempo de lectura\" \/>\n\t<meta name=\"twitter:data2\" content=\"3 minutos\" \/>\n<script type=\"application\/ld+json\" class=\"yoast-schema-graph\">{\"@context\":\"https:\\\/\\\/schema.org\",\"@graph\":[{\"@type\":\"Article\",\"@id\":\"https:\\\/\\\/cvinoticias.com\\\/v3\\\/el-bayern-munich-llego-a-puerto-piray-para-continuar-formando-jugadores-de-futbol\\\/#article\",\"isPartOf\":{\"@id\":\"https:\\\/\\\/cvinoticias.com\\\/v3\\\/el-bayern-munich-llego-a-puerto-piray-para-continuar-formando-jugadores-de-futbol\\\/\"},\"author\":{\"name\":\"f1000024\",\"@id\":\"https:\\\/\\\/cvinoticias.com\\\/v3\\\/#\\\/schema\\\/person\\\/2db77e3c6bc03c538495d7b2b8be9b66\"},\"headline\":\"El Bayern M\u00fanich lleg\u00f3 a Puerto Piray para continuar formando jugadores de f\u00fatbol\",\"datePublished\":\"2022-04-06T11:34:17+00:00\",\"mainEntityOfPage\":{\"@id\":\"https:\\\/\\\/cvinoticias.com\\\/v3\\\/el-bayern-munich-llego-a-puerto-piray-para-continuar-formando-jugadores-de-futbol\\\/\"},\"wordCount\":606,\"commentCount\":0,\"publisher\":{\"@id\":\"https:\\\/\\\/cvinoticias.com\\\/v3\\\/#organization\"},\"image\":{\"@id\":\"https:\\\/\\\/cvinoticias.com\\\/v3\\\/el-bayern-munich-llego-a-puerto-piray-para-continuar-formando-jugadores-de-futbol\\\/#primaryimage\"},\"thumbnailUrl\":\"https:\\\/\\\/cvinoticias.com\\\/wp-content\\\/uploads\\\/2022\\\/04\\\/IMG-20220405-WA0054.jpg\",\"articleSection\":[\"Deportes\"],\"inLanguage\":\"es\",\"potentialAction\":[{\"@type\":\"CommentAction\",\"name\":\"Comment\",\"target\":[\"https:\\\/\\\/cvinoticias.com\\\/v3\\\/el-bayern-munich-llego-a-puerto-piray-para-continuar-formando-jugadores-de-futbol\\\/#respond\"]}]},{\"@type\":\"WebPage\",\"@id\":\"https:\\\/\\\/cvinoticias.com\\\/v3\\\/el-bayern-munich-llego-a-puerto-piray-para-continuar-formando-jugadores-de-futbol\\\/\",\"url\":\"https:\\\/\\\/cvinoticias.com\\\/v3\\\/el-bayern-munich-llego-a-puerto-piray-para-continuar-formando-jugadores-de-futbol\\\/\",\"name\":\"El Bayern M\u00fanich lleg\u00f3 a Puerto Piray para continuar formando jugadores de f\u00fatbol | CVI NOTICIAS\",\"isPartOf\":{\"@id\":\"https:\\\/\\\/cvinoticias.com\\\/v3\\\/#website\"},\"primaryImageOfPage\":{\"@id\":\"https:\\\/\\\/cvinoticias.com\\\/v3\\\/el-bayern-munich-llego-a-puerto-piray-para-continuar-formando-jugadores-de-futbol\\\/#primaryimage\"},\"image\":{\"@id\":\"https:\\\/\\\/cvinoticias.com\\\/v3\\\/el-bayern-munich-llego-a-puerto-piray-para-continuar-formando-jugadores-de-futbol\\\/#primaryimage\"},\"thumbnailUrl\":\"https:\\\/\\\/cvinoticias.com\\\/wp-content\\\/uploads\\\/2022\\\/04\\\/IMG-20220405-WA0054.jpg\",\"datePublished\":\"2022-04-06T11:34:17+00:00\",\"breadcrumb\":{\"@id\":\"https:\\\/\\\/cvinoticias.com\\\/v3\\\/el-bayern-munich-llego-a-puerto-piray-para-continuar-formando-jugadores-de-futbol\\\/#breadcrumb\"},\"inLanguage\":\"es\",\"potentialAction\":[{\"@type\":\"ReadAction\",\"target\":[\"https:\\\/\\\/cvinoticias.com\\\/v3\\\/el-bayern-munich-llego-a-puerto-piray-para-continuar-formando-jugadores-de-futbol\\\/\"]}]},{\"@type\":\"ImageObject\",\"inLanguage\":\"es\",\"@id\":\"https:\\\/\\\/cvinoticias.com\\\/v3\\\/el-bayern-munich-llego-a-puerto-piray-para-continuar-formando-jugadores-de-futbol\\\/#primaryimage\",\"url\":\"https:\\\/\\\/cvinoticias.com\\\/wp-content\\\/uploads\\\/2022\\\/04\\\/IMG-20220405-WA0054.jpg\",\"contentUrl\":\"https:\\\/\\\/cvinoticias.com\\\/wp-content\\\/uploads\\\/2022\\\/04\\\/IMG-20220405-WA0054.jpg\",\"width\":1024,\"height\":768},{\"@type\":\"BreadcrumbList\",\"@id\":\"https:\\\/\\\/cvinoticias.com\\\/v3\\\/el-bayern-munich-llego-a-puerto-piray-para-continuar-formando-jugadores-de-futbol\\\/#breadcrumb\",\"itemListElement\":[{\"@type\":\"ListItem\",\"position\":1,\"name\":\"Portada\",\"item\":\"https:\\\/\\\/cvinoticias.com\\\/v3\\\/\"},{\"@type\":\"ListItem\",\"position\":2,\"name\":\"El Bayern M\u00fanich lleg\u00f3 a Puerto Piray para continuar formando jugadores de f\u00fatbol\"}]},{\"@type\":\"WebSite\",\"@id\":\"https:\\\/\\\/cvinoticias.com\\\/v3\\\/#website\",\"url\":\"https:\\\/\\\/cvinoticias.com\\\/v3\\\/\",\"name\":\"CVI NOTICIAS\",\"description\":\"\",\"publisher\":{\"@id\":\"https:\\\/\\\/cvinoticias.com\\\/v3\\\/#organization\"},\"alternateName\":\"CVI\",\"potentialAction\":[{\"@type\":\"SearchAction\",\"target\":{\"@type\":\"EntryPoint\",\"urlTemplate\":\"https:\\\/\\\/cvinoticias.com\\\/v3\\\/?s={search_term_string}\"},\"query-input\":{\"@type\":\"PropertyValueSpecification\",\"valueRequired\":true,\"valueName\":\"search_term_string\"}}],\"inLanguage\":\"es\"},{\"@type\":\"Organization\",\"@id\":\"https:\\\/\\\/cvinoticias.com\\\/v3\\\/#organization\",\"name\":\"CVI NOTICIAS\",\"url\":\"https:\\\/\\\/cvinoticias.com\\\/v3\\\/\",\"logo\":{\"@type\":\"ImageObject\",\"inLanguage\":\"es\",\"@id\":\"https:\\\/\\\/cvinoticias.com\\\/v3\\\/#\\\/schema\\\/logo\\\/image\\\/\",\"url\":\"https:\\\/\\\/cvinoticias.com\\\/wp-content\\\/uploads\\\/2023\\\/04\\\/cropped-cropped-cropped-cropped-cropped-3-1.png\",\"contentUrl\":\"https:\\\/\\\/cvinoticias.com\\\/wp-content\\\/uploads\\\/2023\\\/04\\\/cropped-cropped-cropped-cropped-cropped-3-1.png\",\"width\":95,\"height\":122,\"caption\":\"CVI NOTICIAS\"},\"image\":{\"@id\":\"https:\\\/\\\/cvinoticias.com\\\/v3\\\/#\\\/schema\\\/logo\\\/image\\\/\"},\"sameAs\":[\"https:\\\/\\\/www.facebook.com\\\/cvinoticias\",\"https:\\\/\\\/www.instagram.com\\\/cvinoticias\\\/\",\"https:\\\/\\\/www.youtube.com\\\/@CVINOTICIAS\"]},{\"@type\":\"Person\",\"@id\":\"https:\\\/\\\/cvinoticias.com\\\/v3\\\/#\\\/schema\\\/person\\\/2db77e3c6bc03c538495d7b2b8be9b66\",\"name\":\"f1000024\",\"image\":{\"@type\":\"ImageObject\",\"inLanguage\":\"es\",\"@id\":\"https:\\\/\\\/secure.gravatar.com\\\/avatar\\\/d4fe7459cfc51ff5129ce1a732bbef5928568b8092d412ef95611616376bbeed?s=96&d=mm&r=g\",\"url\":\"https:\\\/\\\/secure.gravatar.com\\\/avatar\\\/d4fe7459cfc51ff5129ce1a732bbef5928568b8092d412ef95611616376bbeed?s=96&d=mm&r=g\",\"contentUrl\":\"https:\\\/\\\/secure.gravatar.com\\\/avatar\\\/d4fe7459cfc51ff5129ce1a732bbef5928568b8092d412ef95611616376bbeed?s=96&d=mm&r=g\",\"caption\":\"f1000024\"},\"url\":\"https:\\\/\\\/cvinoticias.com\\\/v3\\\/author\\\/f1000024\\\/\"}]}<\/script>\n<!-- \/ Yoast SEO plugin. -->","yoast_head_json":{"title":"El Bayern M\u00fanich lleg\u00f3 a Puerto Piray para continuar formando jugadores de f\u00fatbol | CVI NOTICIAS","robots":{"index":"index","follow":"follow","max-snippet":"max-snippet:-1","max-image-preview":"max-image-preview:large","max-video-preview":"max-video-preview:-1"},"canonical":"https:\/\/cvinoticias.com\/v3\/el-bayern-munich-llego-a-puerto-piray-para-continuar-formando-jugadores-de-futbol\/","og_locale":"es_ES","og_type":"article","og_title":"El Bayern M\u00fanich lleg\u00f3 a Puerto Piray para continuar formando jugadores de f\u00fatbol | CVI NOTICIAS","og_description":"\u00abEl hecho de que los ni\u00f1os est\u00e9n ac\u00e1, ya los hace ganadores\u00bb En el marco del Programa de Formaci\u00f3n de entrenadores del Bayern M\u00fanich en convenio con la Provincia de Misiones, los profes del equipo alem\u00e1n arribaron hoy a la zona norte, donde hasta el pr\u00f3ximo s\u00e1bado, estar\u00e1n realizando diferentes actividades con el objetivo de [&hellip;]","og_url":"https:\/\/cvinoticias.com\/v3\/el-bayern-munich-llego-a-puerto-piray-para-continuar-formando-jugadores-de-futbol\/","og_site_name":"CVI NOTICIAS","article_publisher":"https:\/\/www.facebook.com\/cvinoticias","article_published_time":"2022-04-06T11:34:17+00:00","og_image":[{"width":1024,"height":768,"url":"https:\/\/cvinoticias.com\/wp-content\/uploads\/2022\/04\/IMG-20220405-WA0054.jpg","type":"image\/jpeg"}],"author":"f1000024","twitter_card":"summary_large_image","twitter_misc":{"Escrito por":"f1000024","Tiempo de lectura":"3 minutos"},"schema":{"@context":"https:\/\/schema.org","@graph":[{"@type":"Article","@id":"https:\/\/cvinoticias.com\/v3\/el-bayern-munich-llego-a-puerto-piray-para-continuar-formando-jugadores-de-futbol\/#article","isPartOf":{"@id":"https:\/\/cvinoticias.com\/v3\/el-bayern-munich-llego-a-puerto-piray-para-continuar-formando-jugadores-de-futbol\/"},"author":{"name":"f1000024","@id":"https:\/\/cvinoticias.com\/v3\/#\/schema\/person\/2db77e3c6bc03c538495d7b2b8be9b66"},"headline":"El Bayern M\u00fanich lleg\u00f3 a Puerto Piray para continuar formando jugadores de f\u00fatbol","datePublished":"2022-04-06T11:34:17+00:00","mainEntityOfPage":{"@id":"https:\/\/cvinoticias.com\/v3\/el-bayern-munich-llego-a-puerto-piray-para-continuar-formando-jugadores-de-futbol\/"},"wordCount":606,"commentCount":0,"publisher":{"@id":"https:\/\/cvinoticias.com\/v3\/#organization"},"image":{"@id":"https:\/\/cvinoticias.com\/v3\/el-bayern-munich-llego-a-puerto-piray-para-continuar-formando-jugadores-de-futbol\/#primaryimage"},"thumbnailUrl":"https:\/\/cvinoticias.com\/wp-content\/uploads\/2022\/04\/IMG-20220405-WA0054.jpg","articleSection":["Deportes"],"inLanguage":"es","potentialAction":[{"@type":"CommentAction","name":"Comment","target":["https:\/\/cvinoticias.com\/v3\/el-bayern-munich-llego-a-puerto-piray-para-continuar-formando-jugadores-de-futbol\/#respond"]}]},{"@type":"WebPage","@id":"https:\/\/cvinoticias.com\/v3\/el-bayern-munich-llego-a-puerto-piray-para-continuar-formando-jugadores-de-futbol\/","url":"https:\/\/cvinoticias.com\/v3\/el-bayern-munich-llego-a-puerto-piray-para-continuar-formando-jugadores-de-futbol\/","name":"El Bayern M\u00fanich lleg\u00f3 a Puerto Piray para continuar formando jugadores de f\u00fatbol | CVI NOTICIAS","isPartOf":{"@id":"https:\/\/cvinoticias.com\/v3\/#website"},"primaryImageOfPage":{"@id":"https:\/\/cvinoticias.com\/v3\/el-bayern-munich-llego-a-puerto-piray-para-continuar-formando-jugadores-de-futbol\/#primaryimage"},"image":{"@id":"https:\/\/cvinoticias.com\/v3\/el-bayern-munich-llego-a-puerto-piray-para-continuar-formando-jugadores-de-futbol\/#primaryimage"},"thumbnailUrl":"https:\/\/cvinoticias.com\/wp-content\/uploads\/2022\/04\/IMG-20220405-WA0054.jpg","datePublished":"2022-04-06T11:34:17+00:00","breadcrumb":{"@id":"https:\/\/cvinoticias.com\/v3\/el-bayern-munich-llego-a-puerto-piray-para-continuar-formando-jugadores-de-futbol\/#breadcrumb"},"inLanguage":"es","potentialAction":[{"@type":"ReadAction","target":["https:\/\/cvinoticias.com\/v3\/el-bayern-munich-llego-a-puerto-piray-para-continuar-formando-jugadores-de-futbol\/"]}]},{"@type":"ImageObject","inLanguage":"es","@id":"https:\/\/cvinoticias.com\/v3\/el-bayern-munich-llego-a-puerto-piray-para-continuar-formando-jugadores-de-futbol\/#primaryimage","url":"https:\/\/cvinoticias.com\/wp-content\/uploads\/2022\/04\/IMG-20220405-WA0054.jpg","contentUrl":"https:\/\/cvinoticias.com\/wp-content\/uploads\/2022\/04\/IMG-20220405-WA0054.jpg","width":1024,"height":768},{"@type":"BreadcrumbList","@id":"https:\/\/cvinoticias.com\/v3\/el-bayern-munich-llego-a-puerto-piray-para-continuar-formando-jugadores-de-futbol\/#breadcrumb","itemListElement":[{"@type":"ListItem","position":1,"name":"Portada","item":"https:\/\/cvinoticias.com\/v3\/"},{"@type":"ListItem","position":2,"name":"El Bayern M\u00fanich lleg\u00f3 a Puerto Piray para continuar formando jugadores de f\u00fatbol"}]},{"@type":"WebSite","@id":"https:\/\/cvinoticias.com\/v3\/#website","url":"https:\/\/cvinoticias.com\/v3\/","name":"CVI NOTICIAS","description":"","publisher":{"@id":"https:\/\/cvinoticias.com\/v3\/#organization"},"alternateName":"CVI","potentialAction":[{"@type":"SearchAction","target":{"@type":"EntryPoint","urlTemplate":"https:\/\/cvinoticias.com\/v3\/?s={search_term_string}"},"query-input":{"@type":"PropertyValueSpecification","valueRequired":true,"valueName":"search_term_string"}}],"inLanguage":"es"},{"@type":"Organization","@id":"https:\/\/cvinoticias.com\/v3\/#organization","name":"CVI NOTICIAS","url":"https:\/\/cvinoticias.com\/v3\/","logo":{"@type":"ImageObject","inLanguage":"es","@id":"https:\/\/cvinoticias.com\/v3\/#\/schema\/logo\/image\/","url":"https:\/\/cvinoticias.com\/wp-content\/uploads\/2023\/04\/cropped-cropped-cropped-cropped-cropped-3-1.png","contentUrl":"https:\/\/cvinoticias.com\/wp-content\/uploads\/2023\/04\/cropped-cropped-cropped-cropped-cropped-3-1.png","width":95,"height":122,"caption":"CVI NOTICIAS"},"image":{"@id":"https:\/\/cvinoticias.com\/v3\/#\/schema\/logo\/image\/"},"sameAs":["https:\/\/www.facebook.com\/cvinoticias","https:\/\/www.instagram.com\/cvinoticias\/","https:\/\/www.youtube.com\/@CVINOTICIAS"]},{"@type":"Person","@id":"https:\/\/cvinoticias.com\/v3\/#\/schema\/person\/2db77e3c6bc03c538495d7b2b8be9b66","name":"f1000024","image":{"@type":"ImageObject","inLanguage":"es","@id":"https:\/\/secure.gravatar.com\/avatar\/d4fe7459cfc51ff5129ce1a732bbef5928568b8092d412ef95611616376bbeed?s=96&d=mm&r=g","url":"https:\/\/secure.gravatar.com\/avatar\/d4fe7459cfc51ff5129ce1a732bbef5928568b8092d412ef95611616376bbeed?s=96&d=mm&r=g","contentUrl":"https:\/\/secure.gravatar.com\/avatar\/d4fe7459cfc51ff5129ce1a732bbef5928568b8092d412ef95611616376bbeed?s=96&d=mm&r=g","caption":"f1000024"},"url":"https:\/\/cvinoticias.com\/v3\/author\/f1000024\/"}]}},"_links":{"self":[{"href":"https:\/\/cvinoticias.com\/v3\/wp-json\/wp\/v2\/posts\/14629","targetHints":{"allow":["GET"]}}],"collection":[{"href":"https:\/\/cvinoticias.com\/v3\/wp-json\/wp\/v2\/posts"}],"about":[{"href":"https:\/\/cvinoticias.com\/v3\/wp-json\/wp\/v2\/types\/post"}],"author":[{"embeddable":true,"href":"https:\/\/cvinoticias.com\/v3\/wp-json\/wp\/v2\/users\/2"}],"replies":[{"embeddable":true,"href":"https:\/\/cvinoticias.com\/v3\/wp-json\/wp\/v2\/comments?post=14629"}],"version-history":[{"count":1,"href":"https:\/\/cvinoticias.com\/v3\/wp-json\/wp\/v2\/posts\/14629\/revisions"}],"predecessor-version":[{"id":14633,"href":"https:\/\/cvinoticias.com\/v3\/wp-json\/wp\/v2\/posts\/14629\/revisions\/14633"}],"wp:featuredmedia":[{"embeddable":true,"href":"https:\/\/cvinoticias.com\/v3\/wp-json\/wp\/v2\/media\/14630"}],"wp:attachment":[{"href":"https:\/\/cvinoticias.com\/v3\/wp-json\/wp\/v2\/media?parent=14629"}],"wp:term":[{"taxonomy":"category","embeddable":true,"href":"https:\/\/cvinoticias.com\/v3\/wp-json\/wp\/v2\/categories?post=14629"},{"taxonomy":"post_tag","embeddable":true,"href":"https:\/\/cvinoticias.com\/v3\/wp-json\/wp\/v2\/tags?post=14629"}],"curies":[{"name":"wp","href":"https:\/\/api.w.org\/{rel}","templated":true}]}}