{"id":14620,"date":"2022-04-05T12:04:09","date_gmt":"2022-04-05T12:04:09","guid":{"rendered":"https:\/\/cvinoticias.com\/v3\/?p=14620"},"modified":"2022-04-05T12:04:09","modified_gmt":"2022-04-05T12:04:09","slug":"ley-de-alquileres-debaten-contratos-mas-cortos-y-ajuste-por-inflacion","status":"publish","type":"post","link":"https:\/\/cvinoticias.com\/v3\/ley-de-alquileres-debaten-contratos-mas-cortos-y-ajuste-por-inflacion\/","title":{"rendered":"Ley de Alquileres: debaten contratos m\u00e1s cortos y ajuste por inflaci\u00f3n"},"content":{"rendered":"\n<p><strong><em>Durante 30 d\u00edas h\u00e1biles se discutir\u00e1 en la C\u00e1mara de Diputados el plazo de vigencia de los contratos y el sistema de actualizaci\u00f3n de la norma vigente.<\/em><\/strong><\/p>\n\n\n\n<p>La discusi\u00f3n se dar\u00e1 en la comisi\u00f3n de Legislaci\u00f3n General ya que la semana pasada el presidente de la C\u00e1mara baja, Sergio Massa, estableci\u00f3 un acuerdo con los titulares de los bloques de la UCR, Mario Negri, y del PRO, Cristian Ritondo, que conforman el interbloque Juntos por el Cambio.<\/p>\n\n\n\n<p>Seg\u00fan lo que estipula el acuerdo entre el oficialismo y la oposici\u00f3n, durante 30 d\u00edas h\u00e1biles se discutir\u00e1n las reformas a la ley de Alquileres que se encuentra desde el a\u00f1o pasado, con el objetivo de lograr un dictamen mayoritario entre las principales fuerzas pol\u00edticas.<\/p>\n\n\n\n<p>Dentro de los puntos que acordaron, se determin\u00f3 que la discusi\u00f3n se lleve adelante solo en la comisi\u00f3n de Legislaci\u00f3n General, como pidi\u00f3 Juntos por el Cambio. De esta manera, no habr\u00e1 posibilidad de incluir la creaci\u00f3n de un impuesto a la \u201cvivienda ociosa\u201d, como propone el legislador Jos\u00e9 Luis Gioja.<\/p>\n\n\n\n<p>Alcanzar un acuerdo es necesario para poder aprobar las leyes debido a la extrema paridad num\u00e9rica que existe entre el Frente de Todos y Juntos por el Cambio ya que el oficialismo tiene 118 miembros y la principal fuerza de oposici\u00f3n suma 116 integrantes.<\/p>\n\n\n\n<h2 class=\"wp-block-heading\">Qu\u00e9 diputados debatir\u00e1n los cambios a la ley de Alquileres<\/h2>\n\n\n\n<p>El primer paso que tendr\u00e1 la jornada ser\u00e1 designar las autoridades de la comisi\u00f3n de Legislaci\u00f3n General que volver\u00e1 a estar presidida por la legisladora bonaerense Cecilia Moreau, y como vicepresidenta se reelegir\u00e1 a la diputada de Evoluci\u00f3n Radical Carla Carrizo.<\/p>\n\n\n\n<p>Desde el oficialismo, adem\u00e1s de Moreau, formar\u00e1n parte Constanza Alonso, Daniel Arroyo, Vanesa Siley, Lia Mar\u00edn, Carolina Yutrovic, Carolina Moises, Graciela Parola, Paula Penacca, Jos\u00e9 Herrera, M\u00f3nica Litza, Lucas Godoy, Carolina Gaillard, Liliana Yabrun, Federico Fagioli y Eduardo Toniolli.<\/p>\n\n\n\n<p>Por Juntos por el Cambio estar\u00e1n, adem\u00e1s de Carla Carrizo, Karina Banfi, Soledad Carrizo, Margarita Stolbizer, Pablo Tonelli, Francisco Monti, Jimena Latorre, Omar de Marchi, Mar\u00eda Eugenia Vidal, Mar\u00eda Sotolano, Marina Stilman, Ingrid Jetter, Maximiliano Ferraro y Victoria Morales Gorleri.<\/p>\n\n\n\n<h2 class=\"wp-block-heading\">Debatir\u00e1n en el Senado por un proyecto de pago al FMI<\/h2>\n\n\n\n<p>Un plenario de las comisiones de Presupuesto y Hacienda y Finanzas comenzar\u00e1\u00a0este martes a debatir el proyecto oficial\u00a0para gravar con una tasa de 20% los inmuebles no declarados por argentinos en el exterior y el 35 % en el caso que no lo hagan voluntariamente.<\/p>\n\n\n\n<p>Esa idea tiene como destino crear un fondo destinado al pago de deuda al FMI con una recaudaci\u00f3n que a\u00fan no resulta f\u00e1cil de precisar.<\/p>\n\n\n\n<p>El debate no ser\u00e1 pac\u00edfico. Para la oposici\u00f3n, el proyecto \u201ctiene la clara intenci\u00f3n de desviar la atenci\u00f3n p\u00fablica de la grave crisis pol\u00edtica que corroe al Frente de Todos y su incapacidad para afrontar los temas urgentes que afectan a millones de argentinos\u201d.<\/p>\n\n\n\n<p>Ayer, Juntos por el Cambio difundi\u00f3 un comunicado en el que expresa que para recuperar bienes no declarados en el exterior \u201cno hace falta una nueva ley\u201d.<\/p>\n","protected":false},"excerpt":{"rendered":"<p>Durante 30 d\u00edas h\u00e1biles se discutir\u00e1 en la C\u00e1mara de Diputados el plazo de vigencia de los contratos y el sistema de actualizaci\u00f3n de la norma vigente. La discusi\u00f3n se dar\u00e1 en la comisi\u00f3n de Legislaci\u00f3n General ya que la semana pasada el presidente de la C\u00e1mara baja, Sergio Massa, estableci\u00f3 un acuerdo con los [&hellip;]<\/p>\n","protected":false},"author":2,"featured_media":14621,"comment_status":"open","ping_status":"open","sticky":false,"template":"","format":"standard","meta":{"footnotes":""},"categories":[42],"tags":[],"class_list":["post-14620","post","type-post","status-publish","format-standard","has-post-thumbnail","hentry","category-politica"],"yoast_head":"<!-- This site is optimized with the Yoast SEO plugin v27.5 - https:\/\/yoast.com\/product\/yoast-seo-wordpress\/ -->\n<title>Ley de Alquileres: debaten contratos m\u00e1s cortos y ajuste por inflaci\u00f3n | CVI NOTICIAS<\/title>\n<meta name=\"robots\" content=\"index, follow, max-snippet:-1, max-image-preview:large, max-video-preview:-1\" \/>\n<link rel=\"canonical\" href=\"https:\/\/cvinoticias.com\/v3\/ley-de-alquileres-debaten-contratos-mas-cortos-y-ajuste-por-inflacion\/\" \/>\n<meta property=\"og:locale\" content=\"es_ES\" \/>\n<meta property=\"og:type\" content=\"article\" \/>\n<meta property=\"og:title\" content=\"Ley de Alquileres: debaten contratos m\u00e1s cortos y ajuste por inflaci\u00f3n | CVI NOTICIAS\" \/>\n<meta property=\"og:description\" content=\"Durante 30 d\u00edas h\u00e1biles se discutir\u00e1 en la C\u00e1mara de Diputados el plazo de vigencia de los contratos y el sistema de actualizaci\u00f3n de la norma vigente. La discusi\u00f3n se dar\u00e1 en la comisi\u00f3n de Legislaci\u00f3n General ya que la semana pasada el presidente de la C\u00e1mara baja, Sergio Massa, estableci\u00f3 un acuerdo con los [&hellip;]\" \/>\n<meta property=\"og:url\" content=\"https:\/\/cvinoticias.com\/v3\/ley-de-alquileres-debaten-contratos-mas-cortos-y-ajuste-por-inflacion\/\" \/>\n<meta property=\"og:site_name\" content=\"CVI NOTICIAS\" \/>\n<meta property=\"article:publisher\" content=\"https:\/\/www.facebook.com\/cvinoticias\" \/>\n<meta property=\"article:published_time\" content=\"2022-04-05T12:04:09+00:00\" \/>\n<meta property=\"og:image\" content=\"https:\/\/cvinoticias.com\/wp-content\/uploads\/2022\/04\/indice-contratos-locacion-alquileresjpg.jpg\" \/>\n\t<meta property=\"og:image:width\" content=\"1200\" \/>\n\t<meta property=\"og:image:height\" content=\"700\" \/>\n\t<meta property=\"og:image:type\" content=\"image\/jpeg\" \/>\n<meta name=\"author\" content=\"f1000024\" \/>\n<meta name=\"twitter:card\" content=\"summary_large_image\" \/>\n<meta name=\"twitter:label1\" content=\"Escrito por\" \/>\n\t<meta name=\"twitter:data1\" content=\"f1000024\" \/>\n\t<meta name=\"twitter:label2\" content=\"Tiempo de lectura\" \/>\n\t<meta name=\"twitter:data2\" content=\"3 minutos\" \/>\n<script type=\"application\/ld+json\" class=\"yoast-schema-graph\">{\"@context\":\"https:\\\/\\\/schema.org\",\"@graph\":[{\"@type\":\"Article\",\"@id\":\"https:\\\/\\\/cvinoticias.com\\\/v3\\\/ley-de-alquileres-debaten-contratos-mas-cortos-y-ajuste-por-inflacion\\\/#article\",\"isPartOf\":{\"@id\":\"https:\\\/\\\/cvinoticias.com\\\/v3\\\/ley-de-alquileres-debaten-contratos-mas-cortos-y-ajuste-por-inflacion\\\/\"},\"author\":{\"name\":\"f1000024\",\"@id\":\"https:\\\/\\\/cvinoticias.com\\\/v3\\\/#\\\/schema\\\/person\\\/2db77e3c6bc03c538495d7b2b8be9b66\"},\"headline\":\"Ley de Alquileres: debaten contratos m\u00e1s cortos y ajuste por inflaci\u00f3n\",\"datePublished\":\"2022-04-05T12:04:09+00:00\",\"mainEntityOfPage\":{\"@id\":\"https:\\\/\\\/cvinoticias.com\\\/v3\\\/ley-de-alquileres-debaten-contratos-mas-cortos-y-ajuste-por-inflacion\\\/\"},\"wordCount\":550,\"commentCount\":0,\"publisher\":{\"@id\":\"https:\\\/\\\/cvinoticias.com\\\/v3\\\/#organization\"},\"image\":{\"@id\":\"https:\\\/\\\/cvinoticias.com\\\/v3\\\/ley-de-alquileres-debaten-contratos-mas-cortos-y-ajuste-por-inflacion\\\/#primaryimage\"},\"thumbnailUrl\":\"https:\\\/\\\/cvinoticias.com\\\/wp-content\\\/uploads\\\/2022\\\/04\\\/indice-contratos-locacion-alquileresjpg.jpg\",\"articleSection\":[\"Politica\"],\"inLanguage\":\"es\",\"potentialAction\":[{\"@type\":\"CommentAction\",\"name\":\"Comment\",\"target\":[\"https:\\\/\\\/cvinoticias.com\\\/v3\\\/ley-de-alquileres-debaten-contratos-mas-cortos-y-ajuste-por-inflacion\\\/#respond\"]}]},{\"@type\":\"WebPage\",\"@id\":\"https:\\\/\\\/cvinoticias.com\\\/v3\\\/ley-de-alquileres-debaten-contratos-mas-cortos-y-ajuste-por-inflacion\\\/\",\"url\":\"https:\\\/\\\/cvinoticias.com\\\/v3\\\/ley-de-alquileres-debaten-contratos-mas-cortos-y-ajuste-por-inflacion\\\/\",\"name\":\"Ley de Alquileres: debaten contratos m\u00e1s cortos y ajuste por inflaci\u00f3n | CVI NOTICIAS\",\"isPartOf\":{\"@id\":\"https:\\\/\\\/cvinoticias.com\\\/v3\\\/#website\"},\"primaryImageOfPage\":{\"@id\":\"https:\\\/\\\/cvinoticias.com\\\/v3\\\/ley-de-alquileres-debaten-contratos-mas-cortos-y-ajuste-por-inflacion\\\/#primaryimage\"},\"image\":{\"@id\":\"https:\\\/\\\/cvinoticias.com\\\/v3\\\/ley-de-alquileres-debaten-contratos-mas-cortos-y-ajuste-por-inflacion\\\/#primaryimage\"},\"thumbnailUrl\":\"https:\\\/\\\/cvinoticias.com\\\/wp-content\\\/uploads\\\/2022\\\/04\\\/indice-contratos-locacion-alquileresjpg.jpg\",\"datePublished\":\"2022-04-05T12:04:09+00:00\",\"breadcrumb\":{\"@id\":\"https:\\\/\\\/cvinoticias.com\\\/v3\\\/ley-de-alquileres-debaten-contratos-mas-cortos-y-ajuste-por-inflacion\\\/#breadcrumb\"},\"inLanguage\":\"es\",\"potentialAction\":[{\"@type\":\"ReadAction\",\"target\":[\"https:\\\/\\\/cvinoticias.com\\\/v3\\\/ley-de-alquileres-debaten-contratos-mas-cortos-y-ajuste-por-inflacion\\\/\"]}]},{\"@type\":\"ImageObject\",\"inLanguage\":\"es\",\"@id\":\"https:\\\/\\\/cvinoticias.com\\\/v3\\\/ley-de-alquileres-debaten-contratos-mas-cortos-y-ajuste-por-inflacion\\\/#primaryimage\",\"url\":\"https:\\\/\\\/cvinoticias.com\\\/wp-content\\\/uploads\\\/2022\\\/04\\\/indice-contratos-locacion-alquileresjpg.jpg\",\"contentUrl\":\"https:\\\/\\\/cvinoticias.com\\\/wp-content\\\/uploads\\\/2022\\\/04\\\/indice-contratos-locacion-alquileresjpg.jpg\",\"width\":1200,\"height\":700},{\"@type\":\"BreadcrumbList\",\"@id\":\"https:\\\/\\\/cvinoticias.com\\\/v3\\\/ley-de-alquileres-debaten-contratos-mas-cortos-y-ajuste-por-inflacion\\\/#breadcrumb\",\"itemListElement\":[{\"@type\":\"ListItem\",\"position\":1,\"name\":\"Portada\",\"item\":\"https:\\\/\\\/cvinoticias.com\\\/v3\\\/\"},{\"@type\":\"ListItem\",\"position\":2,\"name\":\"Ley de Alquileres: debaten contratos m\u00e1s cortos y ajuste por inflaci\u00f3n\"}]},{\"@type\":\"WebSite\",\"@id\":\"https:\\\/\\\/cvinoticias.com\\\/v3\\\/#website\",\"url\":\"https:\\\/\\\/cvinoticias.com\\\/v3\\\/\",\"name\":\"CVI NOTICIAS\",\"description\":\"\",\"publisher\":{\"@id\":\"https:\\\/\\\/cvinoticias.com\\\/v3\\\/#organization\"},\"alternateName\":\"CVI\",\"potentialAction\":[{\"@type\":\"SearchAction\",\"target\":{\"@type\":\"EntryPoint\",\"urlTemplate\":\"https:\\\/\\\/cvinoticias.com\\\/v3\\\/?s={search_term_string}\"},\"query-input\":{\"@type\":\"PropertyValueSpecification\",\"valueRequired\":true,\"valueName\":\"search_term_string\"}}],\"inLanguage\":\"es\"},{\"@type\":\"Organization\",\"@id\":\"https:\\\/\\\/cvinoticias.com\\\/v3\\\/#organization\",\"name\":\"CVI NOTICIAS\",\"url\":\"https:\\\/\\\/cvinoticias.com\\\/v3\\\/\",\"logo\":{\"@type\":\"ImageObject\",\"inLanguage\":\"es\",\"@id\":\"https:\\\/\\\/cvinoticias.com\\\/v3\\\/#\\\/schema\\\/logo\\\/image\\\/\",\"url\":\"https:\\\/\\\/cvinoticias.com\\\/wp-content\\\/uploads\\\/2023\\\/04\\\/cropped-cropped-cropped-cropped-cropped-3-1.png\",\"contentUrl\":\"https:\\\/\\\/cvinoticias.com\\\/wp-content\\\/uploads\\\/2023\\\/04\\\/cropped-cropped-cropped-cropped-cropped-3-1.png\",\"width\":95,\"height\":122,\"caption\":\"CVI NOTICIAS\"},\"image\":{\"@id\":\"https:\\\/\\\/cvinoticias.com\\\/v3\\\/#\\\/schema\\\/logo\\\/image\\\/\"},\"sameAs\":[\"https:\\\/\\\/www.facebook.com\\\/cvinoticias\",\"https:\\\/\\\/www.instagram.com\\\/cvinoticias\\\/\",\"https:\\\/\\\/www.youtube.com\\\/@CVINOTICIAS\"]},{\"@type\":\"Person\",\"@id\":\"https:\\\/\\\/cvinoticias.com\\\/v3\\\/#\\\/schema\\\/person\\\/2db77e3c6bc03c538495d7b2b8be9b66\",\"name\":\"f1000024\",\"image\":{\"@type\":\"ImageObject\",\"inLanguage\":\"es\",\"@id\":\"https:\\\/\\\/secure.gravatar.com\\\/avatar\\\/d4fe7459cfc51ff5129ce1a732bbef5928568b8092d412ef95611616376bbeed?s=96&d=mm&r=g\",\"url\":\"https:\\\/\\\/secure.gravatar.com\\\/avatar\\\/d4fe7459cfc51ff5129ce1a732bbef5928568b8092d412ef95611616376bbeed?s=96&d=mm&r=g\",\"contentUrl\":\"https:\\\/\\\/secure.gravatar.com\\\/avatar\\\/d4fe7459cfc51ff5129ce1a732bbef5928568b8092d412ef95611616376bbeed?s=96&d=mm&r=g\",\"caption\":\"f1000024\"},\"url\":\"https:\\\/\\\/cvinoticias.com\\\/v3\\\/author\\\/f1000024\\\/\"}]}<\/script>\n<!-- \/ Yoast SEO plugin. -->","yoast_head_json":{"title":"Ley de Alquileres: debaten contratos m\u00e1s cortos y ajuste por inflaci\u00f3n | CVI NOTICIAS","robots":{"index":"index","follow":"follow","max-snippet":"max-snippet:-1","max-image-preview":"max-image-preview:large","max-video-preview":"max-video-preview:-1"},"canonical":"https:\/\/cvinoticias.com\/v3\/ley-de-alquileres-debaten-contratos-mas-cortos-y-ajuste-por-inflacion\/","og_locale":"es_ES","og_type":"article","og_title":"Ley de Alquileres: debaten contratos m\u00e1s cortos y ajuste por inflaci\u00f3n | CVI NOTICIAS","og_description":"Durante 30 d\u00edas h\u00e1biles se discutir\u00e1 en la C\u00e1mara de Diputados el plazo de vigencia de los contratos y el sistema de actualizaci\u00f3n de la norma vigente. La discusi\u00f3n se dar\u00e1 en la comisi\u00f3n de Legislaci\u00f3n General ya que la semana pasada el presidente de la C\u00e1mara baja, Sergio Massa, estableci\u00f3 un acuerdo con los [&hellip;]","og_url":"https:\/\/cvinoticias.com\/v3\/ley-de-alquileres-debaten-contratos-mas-cortos-y-ajuste-por-inflacion\/","og_site_name":"CVI NOTICIAS","article_publisher":"https:\/\/www.facebook.com\/cvinoticias","article_published_time":"2022-04-05T12:04:09+00:00","og_image":[{"width":1200,"height":700,"url":"https:\/\/cvinoticias.com\/wp-content\/uploads\/2022\/04\/indice-contratos-locacion-alquileresjpg.jpg","type":"image\/jpeg"}],"author":"f1000024","twitter_card":"summary_large_image","twitter_misc":{"Escrito por":"f1000024","Tiempo de lectura":"3 minutos"},"schema":{"@context":"https:\/\/schema.org","@graph":[{"@type":"Article","@id":"https:\/\/cvinoticias.com\/v3\/ley-de-alquileres-debaten-contratos-mas-cortos-y-ajuste-por-inflacion\/#article","isPartOf":{"@id":"https:\/\/cvinoticias.com\/v3\/ley-de-alquileres-debaten-contratos-mas-cortos-y-ajuste-por-inflacion\/"},"author":{"name":"f1000024","@id":"https:\/\/cvinoticias.com\/v3\/#\/schema\/person\/2db77e3c6bc03c538495d7b2b8be9b66"},"headline":"Ley de Alquileres: debaten contratos m\u00e1s cortos y ajuste por inflaci\u00f3n","datePublished":"2022-04-05T12:04:09+00:00","mainEntityOfPage":{"@id":"https:\/\/cvinoticias.com\/v3\/ley-de-alquileres-debaten-contratos-mas-cortos-y-ajuste-por-inflacion\/"},"wordCount":550,"commentCount":0,"publisher":{"@id":"https:\/\/cvinoticias.com\/v3\/#organization"},"image":{"@id":"https:\/\/cvinoticias.com\/v3\/ley-de-alquileres-debaten-contratos-mas-cortos-y-ajuste-por-inflacion\/#primaryimage"},"thumbnailUrl":"https:\/\/cvinoticias.com\/wp-content\/uploads\/2022\/04\/indice-contratos-locacion-alquileresjpg.jpg","articleSection":["Politica"],"inLanguage":"es","potentialAction":[{"@type":"CommentAction","name":"Comment","target":["https:\/\/cvinoticias.com\/v3\/ley-de-alquileres-debaten-contratos-mas-cortos-y-ajuste-por-inflacion\/#respond"]}]},{"@type":"WebPage","@id":"https:\/\/cvinoticias.com\/v3\/ley-de-alquileres-debaten-contratos-mas-cortos-y-ajuste-por-inflacion\/","url":"https:\/\/cvinoticias.com\/v3\/ley-de-alquileres-debaten-contratos-mas-cortos-y-ajuste-por-inflacion\/","name":"Ley de Alquileres: debaten contratos m\u00e1s cortos y ajuste por inflaci\u00f3n | CVI NOTICIAS","isPartOf":{"@id":"https:\/\/cvinoticias.com\/v3\/#website"},"primaryImageOfPage":{"@id":"https:\/\/cvinoticias.com\/v3\/ley-de-alquileres-debaten-contratos-mas-cortos-y-ajuste-por-inflacion\/#primaryimage"},"image":{"@id":"https:\/\/cvinoticias.com\/v3\/ley-de-alquileres-debaten-contratos-mas-cortos-y-ajuste-por-inflacion\/#primaryimage"},"thumbnailUrl":"https:\/\/cvinoticias.com\/wp-content\/uploads\/2022\/04\/indice-contratos-locacion-alquileresjpg.jpg","datePublished":"2022-04-05T12:04:09+00:00","breadcrumb":{"@id":"https:\/\/cvinoticias.com\/v3\/ley-de-alquileres-debaten-contratos-mas-cortos-y-ajuste-por-inflacion\/#breadcrumb"},"inLanguage":"es","potentialAction":[{"@type":"ReadAction","target":["https:\/\/cvinoticias.com\/v3\/ley-de-alquileres-debaten-contratos-mas-cortos-y-ajuste-por-inflacion\/"]}]},{"@type":"ImageObject","inLanguage":"es","@id":"https:\/\/cvinoticias.com\/v3\/ley-de-alquileres-debaten-contratos-mas-cortos-y-ajuste-por-inflacion\/#primaryimage","url":"https:\/\/cvinoticias.com\/wp-content\/uploads\/2022\/04\/indice-contratos-locacion-alquileresjpg.jpg","contentUrl":"https:\/\/cvinoticias.com\/wp-content\/uploads\/2022\/04\/indice-contratos-locacion-alquileresjpg.jpg","width":1200,"height":700},{"@type":"BreadcrumbList","@id":"https:\/\/cvinoticias.com\/v3\/ley-de-alquileres-debaten-contratos-mas-cortos-y-ajuste-por-inflacion\/#breadcrumb","itemListElement":[{"@type":"ListItem","position":1,"name":"Portada","item":"https:\/\/cvinoticias.com\/v3\/"},{"@type":"ListItem","position":2,"name":"Ley de Alquileres: debaten contratos m\u00e1s cortos y ajuste por inflaci\u00f3n"}]},{"@type":"WebSite","@id":"https:\/\/cvinoticias.com\/v3\/#website","url":"https:\/\/cvinoticias.com\/v3\/","name":"CVI NOTICIAS","description":"","publisher":{"@id":"https:\/\/cvinoticias.com\/v3\/#organization"},"alternateName":"CVI","potentialAction":[{"@type":"SearchAction","target":{"@type":"EntryPoint","urlTemplate":"https:\/\/cvinoticias.com\/v3\/?s={search_term_string}"},"query-input":{"@type":"PropertyValueSpecification","valueRequired":true,"valueName":"search_term_string"}}],"inLanguage":"es"},{"@type":"Organization","@id":"https:\/\/cvinoticias.com\/v3\/#organization","name":"CVI NOTICIAS","url":"https:\/\/cvinoticias.com\/v3\/","logo":{"@type":"ImageObject","inLanguage":"es","@id":"https:\/\/cvinoticias.com\/v3\/#\/schema\/logo\/image\/","url":"https:\/\/cvinoticias.com\/wp-content\/uploads\/2023\/04\/cropped-cropped-cropped-cropped-cropped-3-1.png","contentUrl":"https:\/\/cvinoticias.com\/wp-content\/uploads\/2023\/04\/cropped-cropped-cropped-cropped-cropped-3-1.png","width":95,"height":122,"caption":"CVI NOTICIAS"},"image":{"@id":"https:\/\/cvinoticias.com\/v3\/#\/schema\/logo\/image\/"},"sameAs":["https:\/\/www.facebook.com\/cvinoticias","https:\/\/www.instagram.com\/cvinoticias\/","https:\/\/www.youtube.com\/@CVINOTICIAS"]},{"@type":"Person","@id":"https:\/\/cvinoticias.com\/v3\/#\/schema\/person\/2db77e3c6bc03c538495d7b2b8be9b66","name":"f1000024","image":{"@type":"ImageObject","inLanguage":"es","@id":"https:\/\/secure.gravatar.com\/avatar\/d4fe7459cfc51ff5129ce1a732bbef5928568b8092d412ef95611616376bbeed?s=96&d=mm&r=g","url":"https:\/\/secure.gravatar.com\/avatar\/d4fe7459cfc51ff5129ce1a732bbef5928568b8092d412ef95611616376bbeed?s=96&d=mm&r=g","contentUrl":"https:\/\/secure.gravatar.com\/avatar\/d4fe7459cfc51ff5129ce1a732bbef5928568b8092d412ef95611616376bbeed?s=96&d=mm&r=g","caption":"f1000024"},"url":"https:\/\/cvinoticias.com\/v3\/author\/f1000024\/"}]}},"_links":{"self":[{"href":"https:\/\/cvinoticias.com\/v3\/wp-json\/wp\/v2\/posts\/14620","targetHints":{"allow":["GET"]}}],"collection":[{"href":"https:\/\/cvinoticias.com\/v3\/wp-json\/wp\/v2\/posts"}],"about":[{"href":"https:\/\/cvinoticias.com\/v3\/wp-json\/wp\/v2\/types\/post"}],"author":[{"embeddable":true,"href":"https:\/\/cvinoticias.com\/v3\/wp-json\/wp\/v2\/users\/2"}],"replies":[{"embeddable":true,"href":"https:\/\/cvinoticias.com\/v3\/wp-json\/wp\/v2\/comments?post=14620"}],"version-history":[{"count":1,"href":"https:\/\/cvinoticias.com\/v3\/wp-json\/wp\/v2\/posts\/14620\/revisions"}],"predecessor-version":[{"id":14622,"href":"https:\/\/cvinoticias.com\/v3\/wp-json\/wp\/v2\/posts\/14620\/revisions\/14622"}],"wp:featuredmedia":[{"embeddable":true,"href":"https:\/\/cvinoticias.com\/v3\/wp-json\/wp\/v2\/media\/14621"}],"wp:attachment":[{"href":"https:\/\/cvinoticias.com\/v3\/wp-json\/wp\/v2\/media?parent=14620"}],"wp:term":[{"taxonomy":"category","embeddable":true,"href":"https:\/\/cvinoticias.com\/v3\/wp-json\/wp\/v2\/categories?post=14620"},{"taxonomy":"post_tag","embeddable":true,"href":"https:\/\/cvinoticias.com\/v3\/wp-json\/wp\/v2\/tags?post=14620"}],"curies":[{"name":"wp","href":"https:\/\/api.w.org\/{rel}","templated":true}]}}