{"id":14595,"date":"2022-04-03T15:03:10","date_gmt":"2022-04-03T15:03:10","guid":{"rendered":"https:\/\/cvinoticias.com\/v3\/?p=14595"},"modified":"2022-04-03T15:03:10","modified_gmt":"2022-04-03T15:03:10","slug":"analisis-periodistico-certeza-por-sobre-todas-las-cosas-por-nicolas-marchiori","status":"publish","type":"post","link":"https:\/\/cvinoticias.com\/v3\/analisis-periodistico-certeza-por-sobre-todas-las-cosas-por-nicolas-marchiori\/","title":{"rendered":"An\u00e1lisis period\u00edstico \u00abCerteza por sobre todas las cosas\u00bb, por Nicol\u00e1s Marchiori"},"content":{"rendered":"\n<p><strong><em>Recientes estudios de opini\u00f3n p\u00fablica demuestran con contundencia que a la hora de definir las preferencias electorales los misioneros tienen en cuenta la gesti\u00f3n por encima de otros aspectos. La grieta impulsada desde el pa\u00eds central se diluye en la sociedad misionera por el alto impacto de la hiperactividad de la agenda del gobierno provincial.<\/em><\/strong><\/p>\n\n\n\n<p>El ideal de certeza, tanto te\u00f3rica como pr\u00e1ctica, no se puede plantear separado de la acci\u00f3n. Las certezas son una respuesta humana, entre otras posibles, a las incertidumbres de la vida.<br>En nuestro tiempo, la incertidumbre se ha convertido en un motivo recurrente. Zygmunt Bauman sostiene en su obra \u201cTiempos l\u00edquidos. Vivir en una \u00e9poca de incertidumbre\u201d que \u201cnos encontramos en una incertidumbre end\u00e9mica\u201d.<\/p>\n\n\n\n<p>El pa\u00eds atraviesa por tiempos en donde la desafecci\u00f3n pol\u00edtica se ha transformado en un problema grave para la vida democr\u00e1tica. El fen\u00f3meno socio-pol\u00edtico de la \u201cgrieta\u201d ha generado un duro golpe para una sociedad cada vez m\u00e1s polarizada por visiones radicalizadas. La desafecci\u00f3n no tiene que ver con el descontento, es algo m\u00e1s profundo. El descontento no suele afectar la legitimidad democr\u00e1tica y es, sobre todo, coyuntural. La desafecci\u00f3n pol\u00edtica en cambio implica una profunda insatisfacci\u00f3n con los resultados de las instituciones democr\u00e1ticas, independientemente del partido o individuos que las est\u00e9n operando. En realidad, no implica un cuestionamiento al sistema democr\u00e1tico. Esto se traduce en ausencia de pertenencia, disgusto, falta de representaci\u00f3n, desconfianza y rechazo a los partidos pol\u00edticos.<\/p>\n\n\n\n<p>La desafecci\u00f3n pol\u00edtica invade, sobre todo, a los nuevos electores: j\u00f3venes, informados, cr\u00edticos y conectados (millennials). Este segmento del electorado es el que compone el voto vol\u00e1til y define una elecci\u00f3n. Son los que adoptan una actitud antipol\u00edtica y presentan dos posturas: no acuden a votar porque no creen en el sistema de partidos, o votan para ver perder al partido en el gobierno.<\/p>\n\n\n\n<p>El escenario pol\u00edtico de la Argentina, producto de la grieta, ha derivado en la aparici\u00f3n de un sistema \u201cbicoalicionista\u201d de partidos que representan ideolog\u00edas cada vez m\u00e1s radicalizadas. Esta visi\u00f3n maniquea de la pol\u00edtica ha dado lugar a la aparici\u00f3n de los movimientos provincialistas que toman distancia de esa l\u00f3gica amigo\/enemigo, anti\/a favor, y se viene observando el crecimiento de terceras fuerzas con una fuerte impronta de defensa de lo local con fuerte apoyo de un sector cada vez m\u00e1s grande de la sociedad que escapa a la visi\u00f3n sesgada y extremista que plantea la grieta.<\/p>\n\n\n\n<p>Por un lado, estos dos grandes espacios nacionales solo centran su atenci\u00f3n en la puja del poder, tanto interno como externo. En la l\u00f3gica de los dirigentes de estas fuerzas, no existe nada m\u00e1s importante que la construcci\u00f3n y, consecuentemente, consolidaci\u00f3n del poder. Por el otro, fuera de la burbuja de la pol\u00edtica, los ciudadanos de a pie transitan los avatares de la vida con un sentimiento cada vez m\u00e1s grande de orfandad. A la gente de carne y hueso no le importa las disputas pol\u00edticas por el poder, quieren soluciones para sus problemas. Problemas que en gran medida son derivados de esta visi\u00f3n totalmente disociada de la ciudadan\u00eda en la que est\u00e1 inmersa gran parte de la clase pol\u00edtica.<\/p>\n\n\n\n<p>En l\u00edneas generales, la pol\u00edtica est\u00e1 funcionando mal y no est\u00e1 cumpliendo con su rol. Muchos dirigentes pol\u00edticos no han tomado conciencia todav\u00eda que el mundo actual atraviesa una grav\u00edsima crisis no solo econ\u00f3mica, sino incluso una a\u00fan m\u00e1s grave crisis pol\u00edtica, social, moral e ideol\u00f3gica. Por supuesto, muchos se comportan de manera honesta e infatigable, hacen much\u00edsimos esfuerzos y tratan de manejar la situaci\u00f3n de adversidad y unir a toda la sociedad en la lucha. Sin embargo, la mayor parte de la clase dirigente toma decisiones equivocadas.<\/p>\n\n\n\n<p>Reaccionan demasiado tarde. Sin la preparaci\u00f3n necesaria para poder elegir una estrategia efectiva y acertada. Sin ninguna visi\u00f3n de conjunto.<br>Los pueblos, a su vez, comienzan a entender que aquellos encargados de llevar las riendas del futuro, aquellos que los dirigen, no hacen lo que deben, en el momento que deben. Observan que en escenarios complejos estos \u201chombres de Estado\u201d se quedan un buen tiempo paralizados ante las decisiones por tomar; son incapaces de prever y de proveerse las herramientas necesarias para elegir la pol\u00edtica m\u00e1s adecuada. Pueden notar que son demasiado d\u00e9biles e inseguros y est\u00e1n sometidos a influencias perniciosas y todo se reduce a objetivos e intereses pol\u00edticos.<\/p>\n\n\n\n<p>Superado un nuevo a\u00f1o electoral, en donde el prop\u00f3sito de salir a escuchar para estar m\u00e1s cerca de la sociedad qued\u00f3 reducido a un slogan de campa\u00f1a para las dos fuerzas nacionales que avivan y agigantan d\u00eda a d\u00eda la grieta, la clase dirigente puede advertir que el equilibrio es cada vez m\u00e1s precario y que la sociedad ya no tolera nuevos espect\u00e1culos de ri\u00f1as en la cima del poder. Dicho esto, cada vez son m\u00e1s los analistas de opini\u00f3n p\u00fablica que advierten m\u00e1s enojo de la sociedad con los pol\u00edticos que con la pol\u00edtica.<br>El r\u00e9gimen bicoalicionista en el que se orden\u00f3 hace m\u00e1s de tres a\u00f1os el sistema pol\u00edtico argentino retroalimenta, estabiliza y refuerza aquella configuraci\u00f3n disfuncional del v\u00ednculo entre las elites pol\u00edticas y la sociedad.<\/p>\n\n\n\n<hr class=\"wp-block-separator\"\/>\n\n\n\n<p><strong>La gesti\u00f3n: factor determinante en las preferencias<\/strong><\/p>\n\n\n\n<p>Si bien el 2023 todav\u00eda est\u00e1 lejos, y adem\u00e1s las inquietudes y preocupaciones de la gente pasan por otro lado, ya se empiezan a conocer diferentes mediciones de la opini\u00f3n p\u00fablica misionera.<br>De los n\u00fameros arrojados por las preferencias de la ciudadan\u00eda, surge que la hiperactividad que marca el pulso de la agenda del gobierno provincial es un factor determinante a la hora de las inclinaciones de la ciudadan\u00eda.<\/p>\n\n\n\n<p>Mirando hacia atr\u00e1s, la gesti\u00f3n de la pandemia por parte del Gobierno Provincial, que a esta altura ya se la puede calificar como exitosa gracias a la contundencia de los \u00edndices de salud y econ\u00f3micos. Respecto al primero, Misiones cuenta con una de las tasas de mortalidad m\u00e1s bajas del pa\u00eds cada 100 mil habitantes. Con relaci\u00f3n a lo segundo, los informes econ\u00f3micos de IARAF, Politik\u00f3n e Indec coinciden y remarcan que fue la provincia con mejor desempe\u00f1o en crecimiento de consumo, construcci\u00f3n, cemento, crecimiento del empleo privado, de la actividad laboral y disminuci\u00f3n de la pobreza. Esto es el resultado de la famosa \u201cEstrategia Binaria\u201d, que anunciaba Carlos Rovira en aquella conferencia de prensa brindada en la C\u00e1mara de Representantes en mayo de 2020 tras 43 d\u00edas de aislamiento obligatorio en toda la provincia.<\/p>\n\n\n\n<p>En el presente, la impronta de cercan\u00eda con la gente desplegada por el Gobierno de la Renovaci\u00f3n a lo largo del territorio provincial en todos los niveles permite gozar al Gobernador Herrera Ahuad y al Vice Gobernador Carlos Arce de una imagen positiva que oscila el 80%. Este fen\u00f3meno se extiende a los intendentes renovadores que experimentan una buena imagen gracias a la gesti\u00f3n y a la escucha activa de las necesidades y problem\u00e1ticas de la gente en cada uno de sus pueblos.<\/p>\n\n\n\n<p>Las palabras que m\u00e1s se repiten cuando los misioneros explican sus preferencias son: certeza y confianza. De esta forma, la percepci\u00f3n de la ciudadan\u00eda es que un gobierno con la impronta con la que viene desplegando la Renovaci\u00f3n cada una de sus pol\u00edticas p\u00fablicas es el que en mayor medida puede garantizarle un mejor futuro.<\/p>\n\n\n\n<p>De all\u00ed radica la contundencia de los n\u00fameros de las mediciones realizada por la prestigiosa consultora dirigida por Anal\u00eda Del Franco. Si bien no existen definiciones de candidaturas, porque las prioridades del Frente Renovador, hoy por hoy pasan por resolver los problemas cotidianos de los misioneros, los eventuales competidores para los cargos ejecutivos (aquellos que la opini\u00f3n p\u00fablica los ve como posibles candidatos en 2023) sacan una ventaja abismal sobre sus adversarios de otros espacios pol\u00edticos. Tal es as\u00ed que el mejor candidato de la oposici\u00f3n cuenta con una intenci\u00f3n de voto inferior al tercer candidato del Frente Renovador de la Concordia.<\/p>\n\n\n\n<p>Las tres figuras de la Renovaci\u00f3n que se encuentran entre las de mayor preferencia de los misioneros son el ex-gobernador y actual diputado provincial Hugo Passalacqua, el Intendente de Posadas Leonardo Stelatto y el vice-gobernador Carlos Arce. Por otro lado, el opositor con mayor apoyo es al actual diputado nacional Mart\u00edn Arjol.<br>Otro dato importante, arrojado por las mediciones de Del Franco, es que el 62% de los consultados se manifest\u00f3 como adherente al gobierno provincial, s\u00f3lo un 16% como opositor y el resto no sabe o no contesta.<\/p>\n\n\n\n<p>El trabajo presentado por la Consultora de Buenos Aires arroja como elemento saliente que cualquiera de los tres posibles candidatos del Frente Renovador que se presente a elecciones para el cargo de gobernador, estar\u00eda sacando 3 veces m\u00e1s votos que el mejor candidato opositor.<\/p>\n\n\n\n<p><strong>(*) NICOLAS MARCHIORI &#8211; Abogado. Diplomado en Manejo de Crisis y en An\u00e1lisis de Procesos Electorales. Posgrado de Especializaci\u00f3n en Comunicaci\u00f3n de Gobierno y Electoral. Becario de la Fundaci\u00f3n Konrad Adenauer y del Centro de An\u00e1lisis y Entrenamiento Pol\u00edtico &#8211; CAEP (Colombia).<\/strong><\/p>\n","protected":false},"excerpt":{"rendered":"<p>Recientes estudios de opini\u00f3n p\u00fablica demuestran con contundencia que a la hora de definir las preferencias electorales los misioneros tienen en cuenta la gesti\u00f3n por encima de otros aspectos. La grieta impulsada desde el pa\u00eds central se diluye en la sociedad misionera por el alto impacto de la hiperactividad de la agenda del gobierno provincial. [&hellip;]<\/p>\n","protected":false},"author":2,"featured_media":14596,"comment_status":"open","ping_status":"open","sticky":false,"template":"","format":"standard","meta":{"footnotes":""},"categories":[42],"tags":[],"class_list":["post-14595","post","type-post","status-publish","format-standard","has-post-thumbnail","hentry","category-politica"],"yoast_head":"<!-- This site is optimized with the Yoast SEO plugin v27.5 - https:\/\/yoast.com\/product\/yoast-seo-wordpress\/ -->\n<title>An\u00e1lisis period\u00edstico &quot;Certeza por sobre todas las cosas&quot;, por Nicol\u00e1s Marchiori | CVI NOTICIAS<\/title>\n<meta name=\"robots\" content=\"index, follow, max-snippet:-1, max-image-preview:large, max-video-preview:-1\" \/>\n<link rel=\"canonical\" href=\"https:\/\/cvinoticias.com\/v3\/analisis-periodistico-certeza-por-sobre-todas-las-cosas-por-nicolas-marchiori\/\" \/>\n<meta property=\"og:locale\" content=\"es_ES\" \/>\n<meta property=\"og:type\" content=\"article\" \/>\n<meta property=\"og:title\" content=\"An\u00e1lisis period\u00edstico &quot;Certeza por sobre todas las cosas&quot;, por Nicol\u00e1s Marchiori | CVI NOTICIAS\" \/>\n<meta property=\"og:description\" content=\"Recientes estudios de opini\u00f3n p\u00fablica demuestran con contundencia que a la hora de definir las preferencias electorales los misioneros tienen en cuenta la gesti\u00f3n por encima de otros aspectos. La grieta impulsada desde el pa\u00eds central se diluye en la sociedad misionera por el alto impacto de la hiperactividad de la agenda del gobierno provincial. [&hellip;]\" \/>\n<meta property=\"og:url\" content=\"https:\/\/cvinoticias.com\/v3\/analisis-periodistico-certeza-por-sobre-todas-las-cosas-por-nicolas-marchiori\/\" \/>\n<meta property=\"og:site_name\" content=\"CVI NOTICIAS\" \/>\n<meta property=\"article:publisher\" content=\"https:\/\/www.facebook.com\/cvinoticias\" \/>\n<meta property=\"article:published_time\" content=\"2022-04-03T15:03:10+00:00\" \/>\n<meta property=\"og:image\" content=\"https:\/\/cvinoticias.com\/wp-content\/uploads\/2022\/04\/Screenshot_20220403-115845_Word.jpg\" \/>\n\t<meta property=\"og:image:width\" content=\"899\" \/>\n\t<meta property=\"og:image:height\" content=\"557\" \/>\n\t<meta property=\"og:image:type\" content=\"image\/jpeg\" \/>\n<meta name=\"author\" content=\"f1000024\" \/>\n<meta name=\"twitter:card\" content=\"summary_large_image\" \/>\n<meta name=\"twitter:label1\" content=\"Escrito por\" \/>\n\t<meta name=\"twitter:data1\" content=\"f1000024\" \/>\n\t<meta name=\"twitter:label2\" content=\"Tiempo de lectura\" \/>\n\t<meta name=\"twitter:data2\" content=\"8 minutos\" \/>\n<script type=\"application\/ld+json\" class=\"yoast-schema-graph\">{\"@context\":\"https:\\\/\\\/schema.org\",\"@graph\":[{\"@type\":\"Article\",\"@id\":\"https:\\\/\\\/cvinoticias.com\\\/v3\\\/analisis-periodistico-certeza-por-sobre-todas-las-cosas-por-nicolas-marchiori\\\/#article\",\"isPartOf\":{\"@id\":\"https:\\\/\\\/cvinoticias.com\\\/v3\\\/analisis-periodistico-certeza-por-sobre-todas-las-cosas-por-nicolas-marchiori\\\/\"},\"author\":{\"name\":\"f1000024\",\"@id\":\"https:\\\/\\\/cvinoticias.com\\\/v3\\\/#\\\/schema\\\/person\\\/2db77e3c6bc03c538495d7b2b8be9b66\"},\"headline\":\"An\u00e1lisis period\u00edstico \u00abCerteza por sobre todas las cosas\u00bb, por Nicol\u00e1s Marchiori\",\"datePublished\":\"2022-04-03T15:03:10+00:00\",\"mainEntityOfPage\":{\"@id\":\"https:\\\/\\\/cvinoticias.com\\\/v3\\\/analisis-periodistico-certeza-por-sobre-todas-las-cosas-por-nicolas-marchiori\\\/\"},\"wordCount\":1623,\"commentCount\":0,\"publisher\":{\"@id\":\"https:\\\/\\\/cvinoticias.com\\\/v3\\\/#organization\"},\"image\":{\"@id\":\"https:\\\/\\\/cvinoticias.com\\\/v3\\\/analisis-periodistico-certeza-por-sobre-todas-las-cosas-por-nicolas-marchiori\\\/#primaryimage\"},\"thumbnailUrl\":\"https:\\\/\\\/cvinoticias.com\\\/wp-content\\\/uploads\\\/2022\\\/04\\\/Screenshot_20220403-115845_Word.jpg\",\"articleSection\":[\"Politica\"],\"inLanguage\":\"es\",\"potentialAction\":[{\"@type\":\"CommentAction\",\"name\":\"Comment\",\"target\":[\"https:\\\/\\\/cvinoticias.com\\\/v3\\\/analisis-periodistico-certeza-por-sobre-todas-las-cosas-por-nicolas-marchiori\\\/#respond\"]}]},{\"@type\":\"WebPage\",\"@id\":\"https:\\\/\\\/cvinoticias.com\\\/v3\\\/analisis-periodistico-certeza-por-sobre-todas-las-cosas-por-nicolas-marchiori\\\/\",\"url\":\"https:\\\/\\\/cvinoticias.com\\\/v3\\\/analisis-periodistico-certeza-por-sobre-todas-las-cosas-por-nicolas-marchiori\\\/\",\"name\":\"An\u00e1lisis period\u00edstico \\\"Certeza por sobre todas las cosas\\\", por Nicol\u00e1s Marchiori | CVI NOTICIAS\",\"isPartOf\":{\"@id\":\"https:\\\/\\\/cvinoticias.com\\\/v3\\\/#website\"},\"primaryImageOfPage\":{\"@id\":\"https:\\\/\\\/cvinoticias.com\\\/v3\\\/analisis-periodistico-certeza-por-sobre-todas-las-cosas-por-nicolas-marchiori\\\/#primaryimage\"},\"image\":{\"@id\":\"https:\\\/\\\/cvinoticias.com\\\/v3\\\/analisis-periodistico-certeza-por-sobre-todas-las-cosas-por-nicolas-marchiori\\\/#primaryimage\"},\"thumbnailUrl\":\"https:\\\/\\\/cvinoticias.com\\\/wp-content\\\/uploads\\\/2022\\\/04\\\/Screenshot_20220403-115845_Word.jpg\",\"datePublished\":\"2022-04-03T15:03:10+00:00\",\"breadcrumb\":{\"@id\":\"https:\\\/\\\/cvinoticias.com\\\/v3\\\/analisis-periodistico-certeza-por-sobre-todas-las-cosas-por-nicolas-marchiori\\\/#breadcrumb\"},\"inLanguage\":\"es\",\"potentialAction\":[{\"@type\":\"ReadAction\",\"target\":[\"https:\\\/\\\/cvinoticias.com\\\/v3\\\/analisis-periodistico-certeza-por-sobre-todas-las-cosas-por-nicolas-marchiori\\\/\"]}]},{\"@type\":\"ImageObject\",\"inLanguage\":\"es\",\"@id\":\"https:\\\/\\\/cvinoticias.com\\\/v3\\\/analisis-periodistico-certeza-por-sobre-todas-las-cosas-por-nicolas-marchiori\\\/#primaryimage\",\"url\":\"https:\\\/\\\/cvinoticias.com\\\/wp-content\\\/uploads\\\/2022\\\/04\\\/Screenshot_20220403-115845_Word.jpg\",\"contentUrl\":\"https:\\\/\\\/cvinoticias.com\\\/wp-content\\\/uploads\\\/2022\\\/04\\\/Screenshot_20220403-115845_Word.jpg\",\"width\":899,\"height\":557},{\"@type\":\"BreadcrumbList\",\"@id\":\"https:\\\/\\\/cvinoticias.com\\\/v3\\\/analisis-periodistico-certeza-por-sobre-todas-las-cosas-por-nicolas-marchiori\\\/#breadcrumb\",\"itemListElement\":[{\"@type\":\"ListItem\",\"position\":1,\"name\":\"Portada\",\"item\":\"https:\\\/\\\/cvinoticias.com\\\/v3\\\/\"},{\"@type\":\"ListItem\",\"position\":2,\"name\":\"An\u00e1lisis period\u00edstico \u00abCerteza por sobre todas las cosas\u00bb, por Nicol\u00e1s Marchiori\"}]},{\"@type\":\"WebSite\",\"@id\":\"https:\\\/\\\/cvinoticias.com\\\/v3\\\/#website\",\"url\":\"https:\\\/\\\/cvinoticias.com\\\/v3\\\/\",\"name\":\"CVI NOTICIAS\",\"description\":\"\",\"publisher\":{\"@id\":\"https:\\\/\\\/cvinoticias.com\\\/v3\\\/#organization\"},\"alternateName\":\"CVI\",\"potentialAction\":[{\"@type\":\"SearchAction\",\"target\":{\"@type\":\"EntryPoint\",\"urlTemplate\":\"https:\\\/\\\/cvinoticias.com\\\/v3\\\/?s={search_term_string}\"},\"query-input\":{\"@type\":\"PropertyValueSpecification\",\"valueRequired\":true,\"valueName\":\"search_term_string\"}}],\"inLanguage\":\"es\"},{\"@type\":\"Organization\",\"@id\":\"https:\\\/\\\/cvinoticias.com\\\/v3\\\/#organization\",\"name\":\"CVI NOTICIAS\",\"url\":\"https:\\\/\\\/cvinoticias.com\\\/v3\\\/\",\"logo\":{\"@type\":\"ImageObject\",\"inLanguage\":\"es\",\"@id\":\"https:\\\/\\\/cvinoticias.com\\\/v3\\\/#\\\/schema\\\/logo\\\/image\\\/\",\"url\":\"https:\\\/\\\/cvinoticias.com\\\/wp-content\\\/uploads\\\/2023\\\/04\\\/cropped-cropped-cropped-cropped-cropped-3-1.png\",\"contentUrl\":\"https:\\\/\\\/cvinoticias.com\\\/wp-content\\\/uploads\\\/2023\\\/04\\\/cropped-cropped-cropped-cropped-cropped-3-1.png\",\"width\":95,\"height\":122,\"caption\":\"CVI NOTICIAS\"},\"image\":{\"@id\":\"https:\\\/\\\/cvinoticias.com\\\/v3\\\/#\\\/schema\\\/logo\\\/image\\\/\"},\"sameAs\":[\"https:\\\/\\\/www.facebook.com\\\/cvinoticias\",\"https:\\\/\\\/www.instagram.com\\\/cvinoticias\\\/\",\"https:\\\/\\\/www.youtube.com\\\/@CVINOTICIAS\"]},{\"@type\":\"Person\",\"@id\":\"https:\\\/\\\/cvinoticias.com\\\/v3\\\/#\\\/schema\\\/person\\\/2db77e3c6bc03c538495d7b2b8be9b66\",\"name\":\"f1000024\",\"image\":{\"@type\":\"ImageObject\",\"inLanguage\":\"es\",\"@id\":\"https:\\\/\\\/secure.gravatar.com\\\/avatar\\\/d4fe7459cfc51ff5129ce1a732bbef5928568b8092d412ef95611616376bbeed?s=96&d=mm&r=g\",\"url\":\"https:\\\/\\\/secure.gravatar.com\\\/avatar\\\/d4fe7459cfc51ff5129ce1a732bbef5928568b8092d412ef95611616376bbeed?s=96&d=mm&r=g\",\"contentUrl\":\"https:\\\/\\\/secure.gravatar.com\\\/avatar\\\/d4fe7459cfc51ff5129ce1a732bbef5928568b8092d412ef95611616376bbeed?s=96&d=mm&r=g\",\"caption\":\"f1000024\"},\"url\":\"https:\\\/\\\/cvinoticias.com\\\/v3\\\/author\\\/f1000024\\\/\"}]}<\/script>\n<!-- \/ Yoast SEO plugin. -->","yoast_head_json":{"title":"An\u00e1lisis period\u00edstico \"Certeza por sobre todas las cosas\", por Nicol\u00e1s Marchiori | CVI NOTICIAS","robots":{"index":"index","follow":"follow","max-snippet":"max-snippet:-1","max-image-preview":"max-image-preview:large","max-video-preview":"max-video-preview:-1"},"canonical":"https:\/\/cvinoticias.com\/v3\/analisis-periodistico-certeza-por-sobre-todas-las-cosas-por-nicolas-marchiori\/","og_locale":"es_ES","og_type":"article","og_title":"An\u00e1lisis period\u00edstico \"Certeza por sobre todas las cosas\", por Nicol\u00e1s Marchiori | CVI NOTICIAS","og_description":"Recientes estudios de opini\u00f3n p\u00fablica demuestran con contundencia que a la hora de definir las preferencias electorales los misioneros tienen en cuenta la gesti\u00f3n por encima de otros aspectos. La grieta impulsada desde el pa\u00eds central se diluye en la sociedad misionera por el alto impacto de la hiperactividad de la agenda del gobierno provincial. [&hellip;]","og_url":"https:\/\/cvinoticias.com\/v3\/analisis-periodistico-certeza-por-sobre-todas-las-cosas-por-nicolas-marchiori\/","og_site_name":"CVI NOTICIAS","article_publisher":"https:\/\/www.facebook.com\/cvinoticias","article_published_time":"2022-04-03T15:03:10+00:00","og_image":[{"width":899,"height":557,"url":"https:\/\/cvinoticias.com\/wp-content\/uploads\/2022\/04\/Screenshot_20220403-115845_Word.jpg","type":"image\/jpeg"}],"author":"f1000024","twitter_card":"summary_large_image","twitter_misc":{"Escrito por":"f1000024","Tiempo de lectura":"8 minutos"},"schema":{"@context":"https:\/\/schema.org","@graph":[{"@type":"Article","@id":"https:\/\/cvinoticias.com\/v3\/analisis-periodistico-certeza-por-sobre-todas-las-cosas-por-nicolas-marchiori\/#article","isPartOf":{"@id":"https:\/\/cvinoticias.com\/v3\/analisis-periodistico-certeza-por-sobre-todas-las-cosas-por-nicolas-marchiori\/"},"author":{"name":"f1000024","@id":"https:\/\/cvinoticias.com\/v3\/#\/schema\/person\/2db77e3c6bc03c538495d7b2b8be9b66"},"headline":"An\u00e1lisis period\u00edstico \u00abCerteza por sobre todas las cosas\u00bb, por Nicol\u00e1s Marchiori","datePublished":"2022-04-03T15:03:10+00:00","mainEntityOfPage":{"@id":"https:\/\/cvinoticias.com\/v3\/analisis-periodistico-certeza-por-sobre-todas-las-cosas-por-nicolas-marchiori\/"},"wordCount":1623,"commentCount":0,"publisher":{"@id":"https:\/\/cvinoticias.com\/v3\/#organization"},"image":{"@id":"https:\/\/cvinoticias.com\/v3\/analisis-periodistico-certeza-por-sobre-todas-las-cosas-por-nicolas-marchiori\/#primaryimage"},"thumbnailUrl":"https:\/\/cvinoticias.com\/wp-content\/uploads\/2022\/04\/Screenshot_20220403-115845_Word.jpg","articleSection":["Politica"],"inLanguage":"es","potentialAction":[{"@type":"CommentAction","name":"Comment","target":["https:\/\/cvinoticias.com\/v3\/analisis-periodistico-certeza-por-sobre-todas-las-cosas-por-nicolas-marchiori\/#respond"]}]},{"@type":"WebPage","@id":"https:\/\/cvinoticias.com\/v3\/analisis-periodistico-certeza-por-sobre-todas-las-cosas-por-nicolas-marchiori\/","url":"https:\/\/cvinoticias.com\/v3\/analisis-periodistico-certeza-por-sobre-todas-las-cosas-por-nicolas-marchiori\/","name":"An\u00e1lisis period\u00edstico \"Certeza por sobre todas las cosas\", por Nicol\u00e1s Marchiori | CVI NOTICIAS","isPartOf":{"@id":"https:\/\/cvinoticias.com\/v3\/#website"},"primaryImageOfPage":{"@id":"https:\/\/cvinoticias.com\/v3\/analisis-periodistico-certeza-por-sobre-todas-las-cosas-por-nicolas-marchiori\/#primaryimage"},"image":{"@id":"https:\/\/cvinoticias.com\/v3\/analisis-periodistico-certeza-por-sobre-todas-las-cosas-por-nicolas-marchiori\/#primaryimage"},"thumbnailUrl":"https:\/\/cvinoticias.com\/wp-content\/uploads\/2022\/04\/Screenshot_20220403-115845_Word.jpg","datePublished":"2022-04-03T15:03:10+00:00","breadcrumb":{"@id":"https:\/\/cvinoticias.com\/v3\/analisis-periodistico-certeza-por-sobre-todas-las-cosas-por-nicolas-marchiori\/#breadcrumb"},"inLanguage":"es","potentialAction":[{"@type":"ReadAction","target":["https:\/\/cvinoticias.com\/v3\/analisis-periodistico-certeza-por-sobre-todas-las-cosas-por-nicolas-marchiori\/"]}]},{"@type":"ImageObject","inLanguage":"es","@id":"https:\/\/cvinoticias.com\/v3\/analisis-periodistico-certeza-por-sobre-todas-las-cosas-por-nicolas-marchiori\/#primaryimage","url":"https:\/\/cvinoticias.com\/wp-content\/uploads\/2022\/04\/Screenshot_20220403-115845_Word.jpg","contentUrl":"https:\/\/cvinoticias.com\/wp-content\/uploads\/2022\/04\/Screenshot_20220403-115845_Word.jpg","width":899,"height":557},{"@type":"BreadcrumbList","@id":"https:\/\/cvinoticias.com\/v3\/analisis-periodistico-certeza-por-sobre-todas-las-cosas-por-nicolas-marchiori\/#breadcrumb","itemListElement":[{"@type":"ListItem","position":1,"name":"Portada","item":"https:\/\/cvinoticias.com\/v3\/"},{"@type":"ListItem","position":2,"name":"An\u00e1lisis period\u00edstico \u00abCerteza por sobre todas las cosas\u00bb, por Nicol\u00e1s Marchiori"}]},{"@type":"WebSite","@id":"https:\/\/cvinoticias.com\/v3\/#website","url":"https:\/\/cvinoticias.com\/v3\/","name":"CVI NOTICIAS","description":"","publisher":{"@id":"https:\/\/cvinoticias.com\/v3\/#organization"},"alternateName":"CVI","potentialAction":[{"@type":"SearchAction","target":{"@type":"EntryPoint","urlTemplate":"https:\/\/cvinoticias.com\/v3\/?s={search_term_string}"},"query-input":{"@type":"PropertyValueSpecification","valueRequired":true,"valueName":"search_term_string"}}],"inLanguage":"es"},{"@type":"Organization","@id":"https:\/\/cvinoticias.com\/v3\/#organization","name":"CVI NOTICIAS","url":"https:\/\/cvinoticias.com\/v3\/","logo":{"@type":"ImageObject","inLanguage":"es","@id":"https:\/\/cvinoticias.com\/v3\/#\/schema\/logo\/image\/","url":"https:\/\/cvinoticias.com\/wp-content\/uploads\/2023\/04\/cropped-cropped-cropped-cropped-cropped-3-1.png","contentUrl":"https:\/\/cvinoticias.com\/wp-content\/uploads\/2023\/04\/cropped-cropped-cropped-cropped-cropped-3-1.png","width":95,"height":122,"caption":"CVI NOTICIAS"},"image":{"@id":"https:\/\/cvinoticias.com\/v3\/#\/schema\/logo\/image\/"},"sameAs":["https:\/\/www.facebook.com\/cvinoticias","https:\/\/www.instagram.com\/cvinoticias\/","https:\/\/www.youtube.com\/@CVINOTICIAS"]},{"@type":"Person","@id":"https:\/\/cvinoticias.com\/v3\/#\/schema\/person\/2db77e3c6bc03c538495d7b2b8be9b66","name":"f1000024","image":{"@type":"ImageObject","inLanguage":"es","@id":"https:\/\/secure.gravatar.com\/avatar\/d4fe7459cfc51ff5129ce1a732bbef5928568b8092d412ef95611616376bbeed?s=96&d=mm&r=g","url":"https:\/\/secure.gravatar.com\/avatar\/d4fe7459cfc51ff5129ce1a732bbef5928568b8092d412ef95611616376bbeed?s=96&d=mm&r=g","contentUrl":"https:\/\/secure.gravatar.com\/avatar\/d4fe7459cfc51ff5129ce1a732bbef5928568b8092d412ef95611616376bbeed?s=96&d=mm&r=g","caption":"f1000024"},"url":"https:\/\/cvinoticias.com\/v3\/author\/f1000024\/"}]}},"_links":{"self":[{"href":"https:\/\/cvinoticias.com\/v3\/wp-json\/wp\/v2\/posts\/14595","targetHints":{"allow":["GET"]}}],"collection":[{"href":"https:\/\/cvinoticias.com\/v3\/wp-json\/wp\/v2\/posts"}],"about":[{"href":"https:\/\/cvinoticias.com\/v3\/wp-json\/wp\/v2\/types\/post"}],"author":[{"embeddable":true,"href":"https:\/\/cvinoticias.com\/v3\/wp-json\/wp\/v2\/users\/2"}],"replies":[{"embeddable":true,"href":"https:\/\/cvinoticias.com\/v3\/wp-json\/wp\/v2\/comments?post=14595"}],"version-history":[{"count":1,"href":"https:\/\/cvinoticias.com\/v3\/wp-json\/wp\/v2\/posts\/14595\/revisions"}],"predecessor-version":[{"id":14597,"href":"https:\/\/cvinoticias.com\/v3\/wp-json\/wp\/v2\/posts\/14595\/revisions\/14597"}],"wp:featuredmedia":[{"embeddable":true,"href":"https:\/\/cvinoticias.com\/v3\/wp-json\/wp\/v2\/media\/14596"}],"wp:attachment":[{"href":"https:\/\/cvinoticias.com\/v3\/wp-json\/wp\/v2\/media?parent=14595"}],"wp:term":[{"taxonomy":"category","embeddable":true,"href":"https:\/\/cvinoticias.com\/v3\/wp-json\/wp\/v2\/categories?post=14595"},{"taxonomy":"post_tag","embeddable":true,"href":"https:\/\/cvinoticias.com\/v3\/wp-json\/wp\/v2\/tags?post=14595"}],"curies":[{"name":"wp","href":"https:\/\/api.w.org\/{rel}","templated":true}]}}