{"id":14533,"date":"2022-04-01T10:06:49","date_gmt":"2022-04-01T10:06:49","guid":{"rendered":"https:\/\/cvinoticias.com\/v3\/?p=14533"},"modified":"2022-04-01T10:06:49","modified_gmt":"2022-04-01T10:06:49","slug":"hay-que-corregir-los-salarios-y-que-la-inflacion-no-se-coma-los-aumentos","status":"publish","type":"post","link":"https:\/\/cvinoticias.com\/v3\/hay-que-corregir-los-salarios-y-que-la-inflacion-no-se-coma-los-aumentos\/","title":{"rendered":"\u201cHay que corregir los salarios y que la inflaci\u00f3n no se coma los aumentos\u201d"},"content":{"rendered":"\n<p><strong><em>Alberto Fern\u00e1ndez present\u00f3 el Programa de Desarrollo de Proveedores y el Programa de Desarrollo de Parques Industriales, ambos de proyecci\u00f3n nacional.<\/em><\/strong><\/p>\n\n\n\n<p>El presidente Alberto Fern\u00e1ndez present\u00f3 ayer en Santa Fe el Programa de Desarrollo de Proveedores y el Programa de Desarrollo de Parques Industriales, ambos de proyecci\u00f3n nacional. All\u00ed, habl\u00f3 sobre la inflaci\u00f3n y la situaci\u00f3n de los salarios que, seg\u00fan expres\u00f3, \u201ccay\u00f3 20 puntos\u201d durante el gobierno de Cambiemos (2015-2019).<\/p>\n\n\n\n<p>El primer mandatario explic\u00f3 que durante los gobiernos de N\u00e9stor Kirchner y Cristina Fern\u00e1ndez \u201cel salario real creci\u00f3 19 puntos\u201d, y asegur\u00f3 que \u201ctodo lo que se logr\u00f3 en doce a\u00f1os se perdi\u00f3 en cuatro\u201d, en referencia al per\u00edodo de gesti\u00f3n de Mauricio Macri.<\/p>\n\n\n\n<p>\u201cNosotros llevamos recuperados cuatro puntos de los muchos que tenemos que \u00adrecuperar\u201d, agreg\u00f3, y apost\u00f3 al desarrollo productivo del pa\u00eds luego de la crisis mundial provocada por la pandemia de \u00adcoronavirus.<\/p>\n\n\n\n<p>\u201cEstamos produciendo mucho m\u00e1s, se est\u00e1 generando mucho empleo\u201d, dijo, y advirti\u00f3 que \u201chay que corregir los salarios y que la inflaci\u00f3n no se coma los aumentos\u201d.<\/p>\n\n\n\n<p>En referencia al mandato previo, Fern\u00e1ndez coment\u00f3 que, en di\u00e1logo con representantes del sector industrial, \u201cme cuentan lo que era el supuesto Ministerio de la Producci\u00f3n, donde les recomendaban dejar de producir ac\u00e1, mandar a producir a China y etiquetar en Buenos Aires\u201d.<\/p>\n\n\n\n<p>\u201cLos que gobernamos en la Argentina creemos en la producci\u00f3n, en el desarrollo y en la distribuci\u00f3n equitativa del empleo\u201d, enfatiz\u00f3.<\/p>\n\n\n\n<p>El presidente estuvo acompa\u00f1ado por el gobernador de Santa Fe, Omar Perotti, y el ministro de Desarrollo Productivo, Mat\u00edas Kulfas, entre otros funcionarios.<\/p>\n\n\n\n<p>El \u201ccapitalismo \u00e9tico\u201d<\/p>\n\n\n\n<p>Durante su conferencia en la f\u00e1brica de maquinaria agr\u00edcola Omb\u00fa, Alberto Fern\u00e1ndez se refiri\u00f3 a la pol\u00edtica econ\u00f3mica del gobierno de Mauricio Macri y del \u201ccapitalismo especulador y financiero\u201d que \u201cjuega a la timba\u201d. A su vez, lo diferenci\u00f3 del \u201ccapitalismo \u00e9tico\u201d que \u201carriesga capital, produce, genera empleo y distribuye\u201d.<\/p>\n\n\n\n<p>Por otro lado, Fern\u00e1ndez apunt\u00f3: \u201cLa discusi\u00f3n no es si la industria es m\u00e1s importante que el campo. Hay que pensar que todos de\u00adben crecer en armon\u00eda. Crecer dialogando en uni\u00f3n y armon\u00eda\u201d, expres\u00f3, y manifest\u00f3 que \u201csi podemos mantenernos unidos, va a ser mucho m\u00e1s f\u00e1cil el esfuerzo, va a ser m\u00e1s llevadero cualquier esfuerzo que tengamos que hacer\u201d.<\/p>\n\n\n\n<p>A su turno, el ministro de Desarrollo Productivo, Mat\u00edas Kulfas, asegur\u00f3 tener \u201cla convicci\u00f3n de que Argentina se est\u00e1 poniendo de pie\u201d, y sostuvo que el acto de ayer \u201ces una foto que expresa c\u00f3mo se recupera el sector productivo despu\u00e9s de dos duras crisis\u201d.<\/p>\n\n\n\n<p>\u201cCuando empezamos el Gobierno, de cada 100 m\u00e1quinas, 40 se fabricaban en Argentina, ahora son m\u00e1s de 60\u201d, expres\u00f3 el ministro, y sostuvo que se trata de \u201cun aumento en un 50% en esta demanda\u201d. \u201cNo es magia, es el resultado de la pol\u00edtica industrial que implement\u00f3 nuestro Presidente\u201d, enfatiz\u00f3.<\/p>\n","protected":false},"excerpt":{"rendered":"<p>Alberto Fern\u00e1ndez present\u00f3 el Programa de Desarrollo de Proveedores y el Programa de Desarrollo de Parques Industriales, ambos de proyecci\u00f3n nacional. El presidente Alberto Fern\u00e1ndez present\u00f3 ayer en Santa Fe el Programa de Desarrollo de Proveedores y el Programa de Desarrollo de Parques Industriales, ambos de proyecci\u00f3n nacional. All\u00ed, habl\u00f3 sobre la inflaci\u00f3n y la [&hellip;]<\/p>\n","protected":false},"author":2,"featured_media":14534,"comment_status":"open","ping_status":"open","sticky":false,"template":"","format":"standard","meta":{"footnotes":""},"categories":[32],"tags":[],"class_list":["post-14533","post","type-post","status-publish","format-standard","has-post-thumbnail","hentry","category-economia"],"yoast_head":"<!-- This site is optimized with the Yoast SEO plugin v27.5 - https:\/\/yoast.com\/product\/yoast-seo-wordpress\/ -->\n<title>\u201cHay que corregir los salarios y que la inflaci\u00f3n no se coma los aumentos\u201d | CVI NOTICIAS<\/title>\n<meta name=\"robots\" content=\"index, follow, max-snippet:-1, max-image-preview:large, max-video-preview:-1\" \/>\n<link rel=\"canonical\" href=\"https:\/\/cvinoticias.com\/v3\/hay-que-corregir-los-salarios-y-que-la-inflacion-no-se-coma-los-aumentos\/\" \/>\n<meta property=\"og:locale\" content=\"es_ES\" \/>\n<meta property=\"og:type\" content=\"article\" \/>\n<meta property=\"og:title\" content=\"\u201cHay que corregir los salarios y que la inflaci\u00f3n no se coma los aumentos\u201d | CVI NOTICIAS\" \/>\n<meta property=\"og:description\" content=\"Alberto Fern\u00e1ndez present\u00f3 el Programa de Desarrollo de Proveedores y el Programa de Desarrollo de Parques Industriales, ambos de proyecci\u00f3n nacional. El presidente Alberto Fern\u00e1ndez present\u00f3 ayer en Santa Fe el Programa de Desarrollo de Proveedores y el Programa de Desarrollo de Parques Industriales, ambos de proyecci\u00f3n nacional. All\u00ed, habl\u00f3 sobre la inflaci\u00f3n y la [&hellip;]\" \/>\n<meta property=\"og:url\" content=\"https:\/\/cvinoticias.com\/v3\/hay-que-corregir-los-salarios-y-que-la-inflacion-no-se-coma-los-aumentos\/\" \/>\n<meta property=\"og:site_name\" content=\"CVI NOTICIAS\" \/>\n<meta property=\"article:publisher\" content=\"https:\/\/www.facebook.com\/cvinoticias\" \/>\n<meta property=\"article:published_time\" content=\"2022-04-01T10:06:49+00:00\" \/>\n<meta property=\"og:image\" content=\"https:\/\/cvinoticias.com\/wp-content\/uploads\/2022\/04\/0000093137.jpg\" \/>\n\t<meta property=\"og:image:width\" content=\"680\" \/>\n\t<meta property=\"og:image:height\" content=\"454\" \/>\n\t<meta property=\"og:image:type\" content=\"image\/jpeg\" \/>\n<meta name=\"author\" content=\"f1000024\" \/>\n<meta name=\"twitter:card\" content=\"summary_large_image\" \/>\n<meta name=\"twitter:label1\" content=\"Escrito por\" \/>\n\t<meta name=\"twitter:data1\" content=\"f1000024\" \/>\n\t<meta name=\"twitter:label2\" content=\"Tiempo de lectura\" \/>\n\t<meta name=\"twitter:data2\" content=\"3 minutos\" \/>\n<script type=\"application\/ld+json\" class=\"yoast-schema-graph\">{\"@context\":\"https:\\\/\\\/schema.org\",\"@graph\":[{\"@type\":\"Article\",\"@id\":\"https:\\\/\\\/cvinoticias.com\\\/v3\\\/hay-que-corregir-los-salarios-y-que-la-inflacion-no-se-coma-los-aumentos\\\/#article\",\"isPartOf\":{\"@id\":\"https:\\\/\\\/cvinoticias.com\\\/v3\\\/hay-que-corregir-los-salarios-y-que-la-inflacion-no-se-coma-los-aumentos\\\/\"},\"author\":{\"name\":\"f1000024\",\"@id\":\"https:\\\/\\\/cvinoticias.com\\\/v3\\\/#\\\/schema\\\/person\\\/2db77e3c6bc03c538495d7b2b8be9b66\"},\"headline\":\"\u201cHay que corregir los salarios y que la inflaci\u00f3n no se coma los aumentos\u201d\",\"datePublished\":\"2022-04-01T10:06:49+00:00\",\"mainEntityOfPage\":{\"@id\":\"https:\\\/\\\/cvinoticias.com\\\/v3\\\/hay-que-corregir-los-salarios-y-que-la-inflacion-no-se-coma-los-aumentos\\\/\"},\"wordCount\":521,\"commentCount\":0,\"publisher\":{\"@id\":\"https:\\\/\\\/cvinoticias.com\\\/v3\\\/#organization\"},\"image\":{\"@id\":\"https:\\\/\\\/cvinoticias.com\\\/v3\\\/hay-que-corregir-los-salarios-y-que-la-inflacion-no-se-coma-los-aumentos\\\/#primaryimage\"},\"thumbnailUrl\":\"https:\\\/\\\/cvinoticias.com\\\/wp-content\\\/uploads\\\/2022\\\/04\\\/0000093137.jpg\",\"articleSection\":[\"Econom\u00eda\"],\"inLanguage\":\"es\",\"potentialAction\":[{\"@type\":\"CommentAction\",\"name\":\"Comment\",\"target\":[\"https:\\\/\\\/cvinoticias.com\\\/v3\\\/hay-que-corregir-los-salarios-y-que-la-inflacion-no-se-coma-los-aumentos\\\/#respond\"]}]},{\"@type\":\"WebPage\",\"@id\":\"https:\\\/\\\/cvinoticias.com\\\/v3\\\/hay-que-corregir-los-salarios-y-que-la-inflacion-no-se-coma-los-aumentos\\\/\",\"url\":\"https:\\\/\\\/cvinoticias.com\\\/v3\\\/hay-que-corregir-los-salarios-y-que-la-inflacion-no-se-coma-los-aumentos\\\/\",\"name\":\"\u201cHay que corregir los salarios y que la inflaci\u00f3n no se coma los aumentos\u201d | CVI NOTICIAS\",\"isPartOf\":{\"@id\":\"https:\\\/\\\/cvinoticias.com\\\/v3\\\/#website\"},\"primaryImageOfPage\":{\"@id\":\"https:\\\/\\\/cvinoticias.com\\\/v3\\\/hay-que-corregir-los-salarios-y-que-la-inflacion-no-se-coma-los-aumentos\\\/#primaryimage\"},\"image\":{\"@id\":\"https:\\\/\\\/cvinoticias.com\\\/v3\\\/hay-que-corregir-los-salarios-y-que-la-inflacion-no-se-coma-los-aumentos\\\/#primaryimage\"},\"thumbnailUrl\":\"https:\\\/\\\/cvinoticias.com\\\/wp-content\\\/uploads\\\/2022\\\/04\\\/0000093137.jpg\",\"datePublished\":\"2022-04-01T10:06:49+00:00\",\"breadcrumb\":{\"@id\":\"https:\\\/\\\/cvinoticias.com\\\/v3\\\/hay-que-corregir-los-salarios-y-que-la-inflacion-no-se-coma-los-aumentos\\\/#breadcrumb\"},\"inLanguage\":\"es\",\"potentialAction\":[{\"@type\":\"ReadAction\",\"target\":[\"https:\\\/\\\/cvinoticias.com\\\/v3\\\/hay-que-corregir-los-salarios-y-que-la-inflacion-no-se-coma-los-aumentos\\\/\"]}]},{\"@type\":\"ImageObject\",\"inLanguage\":\"es\",\"@id\":\"https:\\\/\\\/cvinoticias.com\\\/v3\\\/hay-que-corregir-los-salarios-y-que-la-inflacion-no-se-coma-los-aumentos\\\/#primaryimage\",\"url\":\"https:\\\/\\\/cvinoticias.com\\\/wp-content\\\/uploads\\\/2022\\\/04\\\/0000093137.jpg\",\"contentUrl\":\"https:\\\/\\\/cvinoticias.com\\\/wp-content\\\/uploads\\\/2022\\\/04\\\/0000093137.jpg\",\"width\":680,\"height\":454},{\"@type\":\"BreadcrumbList\",\"@id\":\"https:\\\/\\\/cvinoticias.com\\\/v3\\\/hay-que-corregir-los-salarios-y-que-la-inflacion-no-se-coma-los-aumentos\\\/#breadcrumb\",\"itemListElement\":[{\"@type\":\"ListItem\",\"position\":1,\"name\":\"Portada\",\"item\":\"https:\\\/\\\/cvinoticias.com\\\/v3\\\/\"},{\"@type\":\"ListItem\",\"position\":2,\"name\":\"\u201cHay que corregir los salarios y que la inflaci\u00f3n no se coma los aumentos\u201d\"}]},{\"@type\":\"WebSite\",\"@id\":\"https:\\\/\\\/cvinoticias.com\\\/v3\\\/#website\",\"url\":\"https:\\\/\\\/cvinoticias.com\\\/v3\\\/\",\"name\":\"CVI NOTICIAS\",\"description\":\"\",\"publisher\":{\"@id\":\"https:\\\/\\\/cvinoticias.com\\\/v3\\\/#organization\"},\"alternateName\":\"CVI\",\"potentialAction\":[{\"@type\":\"SearchAction\",\"target\":{\"@type\":\"EntryPoint\",\"urlTemplate\":\"https:\\\/\\\/cvinoticias.com\\\/v3\\\/?s={search_term_string}\"},\"query-input\":{\"@type\":\"PropertyValueSpecification\",\"valueRequired\":true,\"valueName\":\"search_term_string\"}}],\"inLanguage\":\"es\"},{\"@type\":\"Organization\",\"@id\":\"https:\\\/\\\/cvinoticias.com\\\/v3\\\/#organization\",\"name\":\"CVI NOTICIAS\",\"url\":\"https:\\\/\\\/cvinoticias.com\\\/v3\\\/\",\"logo\":{\"@type\":\"ImageObject\",\"inLanguage\":\"es\",\"@id\":\"https:\\\/\\\/cvinoticias.com\\\/v3\\\/#\\\/schema\\\/logo\\\/image\\\/\",\"url\":\"https:\\\/\\\/cvinoticias.com\\\/wp-content\\\/uploads\\\/2023\\\/04\\\/cropped-cropped-cropped-cropped-cropped-3-1.png\",\"contentUrl\":\"https:\\\/\\\/cvinoticias.com\\\/wp-content\\\/uploads\\\/2023\\\/04\\\/cropped-cropped-cropped-cropped-cropped-3-1.png\",\"width\":95,\"height\":122,\"caption\":\"CVI NOTICIAS\"},\"image\":{\"@id\":\"https:\\\/\\\/cvinoticias.com\\\/v3\\\/#\\\/schema\\\/logo\\\/image\\\/\"},\"sameAs\":[\"https:\\\/\\\/www.facebook.com\\\/cvinoticias\",\"https:\\\/\\\/www.instagram.com\\\/cvinoticias\\\/\",\"https:\\\/\\\/www.youtube.com\\\/@CVINOTICIAS\"]},{\"@type\":\"Person\",\"@id\":\"https:\\\/\\\/cvinoticias.com\\\/v3\\\/#\\\/schema\\\/person\\\/2db77e3c6bc03c538495d7b2b8be9b66\",\"name\":\"f1000024\",\"image\":{\"@type\":\"ImageObject\",\"inLanguage\":\"es\",\"@id\":\"https:\\\/\\\/secure.gravatar.com\\\/avatar\\\/d4fe7459cfc51ff5129ce1a732bbef5928568b8092d412ef95611616376bbeed?s=96&d=mm&r=g\",\"url\":\"https:\\\/\\\/secure.gravatar.com\\\/avatar\\\/d4fe7459cfc51ff5129ce1a732bbef5928568b8092d412ef95611616376bbeed?s=96&d=mm&r=g\",\"contentUrl\":\"https:\\\/\\\/secure.gravatar.com\\\/avatar\\\/d4fe7459cfc51ff5129ce1a732bbef5928568b8092d412ef95611616376bbeed?s=96&d=mm&r=g\",\"caption\":\"f1000024\"},\"url\":\"https:\\\/\\\/cvinoticias.com\\\/v3\\\/author\\\/f1000024\\\/\"}]}<\/script>\n<!-- \/ Yoast SEO plugin. -->","yoast_head_json":{"title":"\u201cHay que corregir los salarios y que la inflaci\u00f3n no se coma los aumentos\u201d | CVI NOTICIAS","robots":{"index":"index","follow":"follow","max-snippet":"max-snippet:-1","max-image-preview":"max-image-preview:large","max-video-preview":"max-video-preview:-1"},"canonical":"https:\/\/cvinoticias.com\/v3\/hay-que-corregir-los-salarios-y-que-la-inflacion-no-se-coma-los-aumentos\/","og_locale":"es_ES","og_type":"article","og_title":"\u201cHay que corregir los salarios y que la inflaci\u00f3n no se coma los aumentos\u201d | CVI NOTICIAS","og_description":"Alberto Fern\u00e1ndez present\u00f3 el Programa de Desarrollo de Proveedores y el Programa de Desarrollo de Parques Industriales, ambos de proyecci\u00f3n nacional. El presidente Alberto Fern\u00e1ndez present\u00f3 ayer en Santa Fe el Programa de Desarrollo de Proveedores y el Programa de Desarrollo de Parques Industriales, ambos de proyecci\u00f3n nacional. All\u00ed, habl\u00f3 sobre la inflaci\u00f3n y la [&hellip;]","og_url":"https:\/\/cvinoticias.com\/v3\/hay-que-corregir-los-salarios-y-que-la-inflacion-no-se-coma-los-aumentos\/","og_site_name":"CVI NOTICIAS","article_publisher":"https:\/\/www.facebook.com\/cvinoticias","article_published_time":"2022-04-01T10:06:49+00:00","og_image":[{"width":680,"height":454,"url":"https:\/\/cvinoticias.com\/wp-content\/uploads\/2022\/04\/0000093137.jpg","type":"image\/jpeg"}],"author":"f1000024","twitter_card":"summary_large_image","twitter_misc":{"Escrito por":"f1000024","Tiempo de lectura":"3 minutos"},"schema":{"@context":"https:\/\/schema.org","@graph":[{"@type":"Article","@id":"https:\/\/cvinoticias.com\/v3\/hay-que-corregir-los-salarios-y-que-la-inflacion-no-se-coma-los-aumentos\/#article","isPartOf":{"@id":"https:\/\/cvinoticias.com\/v3\/hay-que-corregir-los-salarios-y-que-la-inflacion-no-se-coma-los-aumentos\/"},"author":{"name":"f1000024","@id":"https:\/\/cvinoticias.com\/v3\/#\/schema\/person\/2db77e3c6bc03c538495d7b2b8be9b66"},"headline":"\u201cHay que corregir los salarios y que la inflaci\u00f3n no se coma los aumentos\u201d","datePublished":"2022-04-01T10:06:49+00:00","mainEntityOfPage":{"@id":"https:\/\/cvinoticias.com\/v3\/hay-que-corregir-los-salarios-y-que-la-inflacion-no-se-coma-los-aumentos\/"},"wordCount":521,"commentCount":0,"publisher":{"@id":"https:\/\/cvinoticias.com\/v3\/#organization"},"image":{"@id":"https:\/\/cvinoticias.com\/v3\/hay-que-corregir-los-salarios-y-que-la-inflacion-no-se-coma-los-aumentos\/#primaryimage"},"thumbnailUrl":"https:\/\/cvinoticias.com\/wp-content\/uploads\/2022\/04\/0000093137.jpg","articleSection":["Econom\u00eda"],"inLanguage":"es","potentialAction":[{"@type":"CommentAction","name":"Comment","target":["https:\/\/cvinoticias.com\/v3\/hay-que-corregir-los-salarios-y-que-la-inflacion-no-se-coma-los-aumentos\/#respond"]}]},{"@type":"WebPage","@id":"https:\/\/cvinoticias.com\/v3\/hay-que-corregir-los-salarios-y-que-la-inflacion-no-se-coma-los-aumentos\/","url":"https:\/\/cvinoticias.com\/v3\/hay-que-corregir-los-salarios-y-que-la-inflacion-no-se-coma-los-aumentos\/","name":"\u201cHay que corregir los salarios y que la inflaci\u00f3n no se coma los aumentos\u201d | CVI NOTICIAS","isPartOf":{"@id":"https:\/\/cvinoticias.com\/v3\/#website"},"primaryImageOfPage":{"@id":"https:\/\/cvinoticias.com\/v3\/hay-que-corregir-los-salarios-y-que-la-inflacion-no-se-coma-los-aumentos\/#primaryimage"},"image":{"@id":"https:\/\/cvinoticias.com\/v3\/hay-que-corregir-los-salarios-y-que-la-inflacion-no-se-coma-los-aumentos\/#primaryimage"},"thumbnailUrl":"https:\/\/cvinoticias.com\/wp-content\/uploads\/2022\/04\/0000093137.jpg","datePublished":"2022-04-01T10:06:49+00:00","breadcrumb":{"@id":"https:\/\/cvinoticias.com\/v3\/hay-que-corregir-los-salarios-y-que-la-inflacion-no-se-coma-los-aumentos\/#breadcrumb"},"inLanguage":"es","potentialAction":[{"@type":"ReadAction","target":["https:\/\/cvinoticias.com\/v3\/hay-que-corregir-los-salarios-y-que-la-inflacion-no-se-coma-los-aumentos\/"]}]},{"@type":"ImageObject","inLanguage":"es","@id":"https:\/\/cvinoticias.com\/v3\/hay-que-corregir-los-salarios-y-que-la-inflacion-no-se-coma-los-aumentos\/#primaryimage","url":"https:\/\/cvinoticias.com\/wp-content\/uploads\/2022\/04\/0000093137.jpg","contentUrl":"https:\/\/cvinoticias.com\/wp-content\/uploads\/2022\/04\/0000093137.jpg","width":680,"height":454},{"@type":"BreadcrumbList","@id":"https:\/\/cvinoticias.com\/v3\/hay-que-corregir-los-salarios-y-que-la-inflacion-no-se-coma-los-aumentos\/#breadcrumb","itemListElement":[{"@type":"ListItem","position":1,"name":"Portada","item":"https:\/\/cvinoticias.com\/v3\/"},{"@type":"ListItem","position":2,"name":"\u201cHay que corregir los salarios y que la inflaci\u00f3n no se coma los aumentos\u201d"}]},{"@type":"WebSite","@id":"https:\/\/cvinoticias.com\/v3\/#website","url":"https:\/\/cvinoticias.com\/v3\/","name":"CVI NOTICIAS","description":"","publisher":{"@id":"https:\/\/cvinoticias.com\/v3\/#organization"},"alternateName":"CVI","potentialAction":[{"@type":"SearchAction","target":{"@type":"EntryPoint","urlTemplate":"https:\/\/cvinoticias.com\/v3\/?s={search_term_string}"},"query-input":{"@type":"PropertyValueSpecification","valueRequired":true,"valueName":"search_term_string"}}],"inLanguage":"es"},{"@type":"Organization","@id":"https:\/\/cvinoticias.com\/v3\/#organization","name":"CVI NOTICIAS","url":"https:\/\/cvinoticias.com\/v3\/","logo":{"@type":"ImageObject","inLanguage":"es","@id":"https:\/\/cvinoticias.com\/v3\/#\/schema\/logo\/image\/","url":"https:\/\/cvinoticias.com\/wp-content\/uploads\/2023\/04\/cropped-cropped-cropped-cropped-cropped-3-1.png","contentUrl":"https:\/\/cvinoticias.com\/wp-content\/uploads\/2023\/04\/cropped-cropped-cropped-cropped-cropped-3-1.png","width":95,"height":122,"caption":"CVI NOTICIAS"},"image":{"@id":"https:\/\/cvinoticias.com\/v3\/#\/schema\/logo\/image\/"},"sameAs":["https:\/\/www.facebook.com\/cvinoticias","https:\/\/www.instagram.com\/cvinoticias\/","https:\/\/www.youtube.com\/@CVINOTICIAS"]},{"@type":"Person","@id":"https:\/\/cvinoticias.com\/v3\/#\/schema\/person\/2db77e3c6bc03c538495d7b2b8be9b66","name":"f1000024","image":{"@type":"ImageObject","inLanguage":"es","@id":"https:\/\/secure.gravatar.com\/avatar\/d4fe7459cfc51ff5129ce1a732bbef5928568b8092d412ef95611616376bbeed?s=96&d=mm&r=g","url":"https:\/\/secure.gravatar.com\/avatar\/d4fe7459cfc51ff5129ce1a732bbef5928568b8092d412ef95611616376bbeed?s=96&d=mm&r=g","contentUrl":"https:\/\/secure.gravatar.com\/avatar\/d4fe7459cfc51ff5129ce1a732bbef5928568b8092d412ef95611616376bbeed?s=96&d=mm&r=g","caption":"f1000024"},"url":"https:\/\/cvinoticias.com\/v3\/author\/f1000024\/"}]}},"_links":{"self":[{"href":"https:\/\/cvinoticias.com\/v3\/wp-json\/wp\/v2\/posts\/14533","targetHints":{"allow":["GET"]}}],"collection":[{"href":"https:\/\/cvinoticias.com\/v3\/wp-json\/wp\/v2\/posts"}],"about":[{"href":"https:\/\/cvinoticias.com\/v3\/wp-json\/wp\/v2\/types\/post"}],"author":[{"embeddable":true,"href":"https:\/\/cvinoticias.com\/v3\/wp-json\/wp\/v2\/users\/2"}],"replies":[{"embeddable":true,"href":"https:\/\/cvinoticias.com\/v3\/wp-json\/wp\/v2\/comments?post=14533"}],"version-history":[{"count":1,"href":"https:\/\/cvinoticias.com\/v3\/wp-json\/wp\/v2\/posts\/14533\/revisions"}],"predecessor-version":[{"id":14535,"href":"https:\/\/cvinoticias.com\/v3\/wp-json\/wp\/v2\/posts\/14533\/revisions\/14535"}],"wp:featuredmedia":[{"embeddable":true,"href":"https:\/\/cvinoticias.com\/v3\/wp-json\/wp\/v2\/media\/14534"}],"wp:attachment":[{"href":"https:\/\/cvinoticias.com\/v3\/wp-json\/wp\/v2\/media?parent=14533"}],"wp:term":[{"taxonomy":"category","embeddable":true,"href":"https:\/\/cvinoticias.com\/v3\/wp-json\/wp\/v2\/categories?post=14533"},{"taxonomy":"post_tag","embeddable":true,"href":"https:\/\/cvinoticias.com\/v3\/wp-json\/wp\/v2\/tags?post=14533"}],"curies":[{"name":"wp","href":"https:\/\/api.w.org\/{rel}","templated":true}]}}