{"id":14464,"date":"2022-03-29T23:38:12","date_gmt":"2022-03-29T23:38:12","guid":{"rendered":"https:\/\/cvinoticias.com\/v3\/?p=14464"},"modified":"2022-03-29T23:38:12","modified_gmt":"2022-03-29T23:38:12","slug":"descontar-salario-es-de-violentos","status":"publish","type":"post","link":"https:\/\/cvinoticias.com\/v3\/descontar-salario-es-de-violentos\/","title":{"rendered":"DESCONTAR SALARIO ES DE VIOLENTOS"},"content":{"rendered":"\n<p><strong><em>Tras la enorme jornada de lucha en el d\u00eda de la fecha, que signific\u00f3 entre otras cosas, cortar por 5 hs la ruta nacional 12 y provincial 16. Se realiz\u00f3 la asamblea que sesion\u00f3 en homenaje a la compa\u00f1era recientemente fallecida Mirta Ozuna.<\/em><\/strong><\/p>\n\n\n\n<p>En la jornada de hoy se hizo realidad la unidad de los trabajadores. Los trabajadores de la educaci\u00f3n de la zona norte, venciendo el cansancio de los d\u00edas de luchas y las graves dificultades econ\u00f3micas por las que atraviesan, fueron llegando al lugar del acampe. Al mismo tiempo, m\u00e1s de mil padres y madres, muchos de ellos desocupados del Polo Obrero, MovimientoTeresa Rodriguez, Campesinos del MCL y Tareferos se hac\u00edan presente en apoyo a la lucha docente.<\/p>\n\n\n\n<figure class=\"wp-block-image size-large\"><a href=\"https:\/\/cvinoticias.com\/wp-content\/uploads\/2022\/03\/IMG-20220329-WA0325.jpg\"><img decoding=\"async\" width=\"1024\" height=\"576\" data-src=\"https:\/\/cvinoticias.com\/wp-content\/uploads\/2022\/03\/IMG-20220329-WA0325-1024x576.jpg\" alt=\"\" class=\"wp-image-14466 lazyload\" data-srcset=\"https:\/\/cvinoticias.com\/wp-content\/uploads\/2022\/03\/IMG-20220329-WA0325-1024x576.jpg 1024w, https:\/\/cvinoticias.com\/wp-content\/uploads\/2022\/03\/IMG-20220329-WA0325-300x169.jpg 300w, https:\/\/cvinoticias.com\/wp-content\/uploads\/2022\/03\/IMG-20220329-WA0325-768x432.jpg 768w, https:\/\/cvinoticias.com\/wp-content\/uploads\/2022\/03\/IMG-20220329-WA0325-1536x864.jpg 1536w, https:\/\/cvinoticias.com\/wp-content\/uploads\/2022\/03\/IMG-20220329-WA0325.jpg 1600w\" data-sizes=\"(max-width: 1024px) 100vw, 1024px\" src=\"data:image\/svg+xml;base64,PHN2ZyB3aWR0aD0iMSIgaGVpZ2h0PSIxIiB4bWxucz0iaHR0cDovL3d3dy53My5vcmcvMjAwMC9zdmciPjwvc3ZnPg==\" style=\"--smush-placeholder-width: 1024px; --smush-placeholder-aspect-ratio: 1024\/576;\" \/><\/a><\/figure>\n\n\n\n<p>La unidad pregonada por los trabajadores de la educaci\u00f3n, como principal herramienta para derrotar los malos ingresos que nos condenan a vivir al borde de la indigencia, comenzaba as\u00ed a afianzar a\u00fan m\u00e1s la idea de que un salario digno es posible.<\/p>\n\n\n\n<p>En horas de la tarde seis compa\u00f1eros se reunieron con el Diputado Provincial Jorge Lezcano, quien se interioriz\u00f3 detalladamente del conflicto y comprometi\u00f3 esfuerzos para alcanzar un di\u00e1logo fruct\u00edfero entre las partes.<\/p>\n\n\n\n<p>La asamblea condena en\u00e9rgicamente la violencia ejercida sobre los humildes trabajadores de la educaci\u00f3n, a quienes se le ejecut\u00f3 descuentos por los d\u00edas de huelga, que no hace otra cosa que empeorar la situaci\u00f3n econ\u00f3mica de esas familias.<\/p>\n\n\n\n<p>En este contexto el MPL llama a redoblar esfuerzos para sostener la lucha y profundizarla.<br>Colegas, no se puede responder semejante violencia con mate en las sombra de las plazas, es hora de ganar las calles y mostrar con dignidad, que a la violencia vamos a responder con organizaci\u00f3n, solidaridad y m\u00e1s luchas. Solicitamos al conjunto de trabajadores de la regi\u00f3n la mayor solidaridad. Necesitamos el apoyo de todos para destrabar y superar este conflicto.<\/p>\n\n\n\n<p>El MPL naci\u00f3 de una larga caminata que busc\u00f3 justicia desde Iguaz\u00fa a Posadas y regres\u00f3 al interior de la provincia, para sembrar dignidad y unidad de la clase trabajadora.<br>NI UN PASO ATR\u00c1S!<\/p>\n\n\n\n<figure class=\"wp-block-image size-large\"><a href=\"https:\/\/cvinoticias.com\/wp-content\/uploads\/2022\/03\/IMG-20220329-WA0328.jpg\"><img decoding=\"async\" width=\"1024\" height=\"460\" data-src=\"https:\/\/cvinoticias.com\/wp-content\/uploads\/2022\/03\/IMG-20220329-WA0328-1024x460.jpg\" alt=\"\" class=\"wp-image-14468 lazyload\" data-srcset=\"https:\/\/cvinoticias.com\/wp-content\/uploads\/2022\/03\/IMG-20220329-WA0328-1024x460.jpg 1024w, https:\/\/cvinoticias.com\/wp-content\/uploads\/2022\/03\/IMG-20220329-WA0328-300x135.jpg 300w, https:\/\/cvinoticias.com\/wp-content\/uploads\/2022\/03\/IMG-20220329-WA0328-768x345.jpg 768w, https:\/\/cvinoticias.com\/wp-content\/uploads\/2022\/03\/IMG-20220329-WA0328.jpg 1280w\" data-sizes=\"(max-width: 1024px) 100vw, 1024px\" src=\"data:image\/svg+xml;base64,PHN2ZyB3aWR0aD0iMSIgaGVpZ2h0PSIxIiB4bWxucz0iaHR0cDovL3d3dy53My5vcmcvMjAwMC9zdmciPjwvc3ZnPg==\" style=\"--smush-placeholder-width: 1024px; --smush-placeholder-aspect-ratio: 1024\/460;\" \/><\/a><\/figure>\n","protected":false},"excerpt":{"rendered":"<p>Tras la enorme jornada de lucha en el d\u00eda de la fecha, que signific\u00f3 entre otras cosas, cortar por 5 hs la ruta nacional 12 y provincial 16. Se realiz\u00f3 la asamblea que sesion\u00f3 en homenaje a la compa\u00f1era recientemente fallecida Mirta Ozuna. En la jornada de hoy se hizo realidad la unidad de los [&hellip;]<\/p>\n","protected":false},"author":2,"featured_media":14469,"comment_status":"open","ping_status":"open","sticky":false,"template":"","format":"standard","meta":{"footnotes":""},"categories":[26],"tags":[],"class_list":["post-14464","post","type-post","status-publish","format-standard","has-post-thumbnail","hentry","category-educacion"],"yoast_head":"<!-- This site is optimized with the Yoast SEO plugin v27.5 - https:\/\/yoast.com\/product\/yoast-seo-wordpress\/ -->\n<title>DESCONTAR SALARIO ES DE VIOLENTOS | CVI NOTICIAS<\/title>\n<meta name=\"robots\" content=\"index, follow, max-snippet:-1, max-image-preview:large, max-video-preview:-1\" \/>\n<link rel=\"canonical\" href=\"https:\/\/cvinoticias.com\/v3\/descontar-salario-es-de-violentos\/\" \/>\n<meta property=\"og:locale\" content=\"es_ES\" \/>\n<meta property=\"og:type\" content=\"article\" \/>\n<meta property=\"og:title\" content=\"DESCONTAR SALARIO ES DE VIOLENTOS | CVI NOTICIAS\" \/>\n<meta property=\"og:description\" content=\"Tras la enorme jornada de lucha en el d\u00eda de la fecha, que signific\u00f3 entre otras cosas, cortar por 5 hs la ruta nacional 12 y provincial 16. Se realiz\u00f3 la asamblea que sesion\u00f3 en homenaje a la compa\u00f1era recientemente fallecida Mirta Ozuna. En la jornada de hoy se hizo realidad la unidad de los [&hellip;]\" \/>\n<meta property=\"og:url\" content=\"https:\/\/cvinoticias.com\/v3\/descontar-salario-es-de-violentos\/\" \/>\n<meta property=\"og:site_name\" content=\"CVI NOTICIAS\" \/>\n<meta property=\"article:publisher\" content=\"https:\/\/www.facebook.com\/cvinoticias\" \/>\n<meta property=\"article:published_time\" content=\"2022-03-29T23:38:12+00:00\" \/>\n<meta property=\"og:image\" content=\"https:\/\/cvinoticias.com\/wp-content\/uploads\/2022\/03\/IMG-20220329-WA0332.jpg\" \/>\n\t<meta property=\"og:image:width\" content=\"1600\" \/>\n\t<meta property=\"og:image:height\" content=\"900\" \/>\n\t<meta property=\"og:image:type\" content=\"image\/jpeg\" \/>\n<meta name=\"author\" content=\"f1000024\" \/>\n<meta name=\"twitter:card\" content=\"summary_large_image\" \/>\n<meta name=\"twitter:label1\" content=\"Escrito por\" \/>\n\t<meta name=\"twitter:data1\" content=\"f1000024\" \/>\n\t<meta name=\"twitter:label2\" content=\"Tiempo de lectura\" \/>\n\t<meta name=\"twitter:data2\" content=\"2 minutos\" \/>\n<script type=\"application\/ld+json\" class=\"yoast-schema-graph\">{\"@context\":\"https:\\\/\\\/schema.org\",\"@graph\":[{\"@type\":\"Article\",\"@id\":\"https:\\\/\\\/cvinoticias.com\\\/v3\\\/descontar-salario-es-de-violentos\\\/#article\",\"isPartOf\":{\"@id\":\"https:\\\/\\\/cvinoticias.com\\\/v3\\\/descontar-salario-es-de-violentos\\\/\"},\"author\":{\"name\":\"f1000024\",\"@id\":\"https:\\\/\\\/cvinoticias.com\\\/v3\\\/#\\\/schema\\\/person\\\/2db77e3c6bc03c538495d7b2b8be9b66\"},\"headline\":\"DESCONTAR SALARIO ES DE VIOLENTOS\",\"datePublished\":\"2022-03-29T23:38:12+00:00\",\"mainEntityOfPage\":{\"@id\":\"https:\\\/\\\/cvinoticias.com\\\/v3\\\/descontar-salario-es-de-violentos\\\/\"},\"wordCount\":365,\"commentCount\":0,\"publisher\":{\"@id\":\"https:\\\/\\\/cvinoticias.com\\\/v3\\\/#organization\"},\"image\":{\"@id\":\"https:\\\/\\\/cvinoticias.com\\\/v3\\\/descontar-salario-es-de-violentos\\\/#primaryimage\"},\"thumbnailUrl\":\"https:\\\/\\\/cvinoticias.com\\\/wp-content\\\/uploads\\\/2022\\\/03\\\/IMG-20220329-WA0332.jpg\",\"articleSection\":[\"Educacion\"],\"inLanguage\":\"es\",\"potentialAction\":[{\"@type\":\"CommentAction\",\"name\":\"Comment\",\"target\":[\"https:\\\/\\\/cvinoticias.com\\\/v3\\\/descontar-salario-es-de-violentos\\\/#respond\"]}]},{\"@type\":\"WebPage\",\"@id\":\"https:\\\/\\\/cvinoticias.com\\\/v3\\\/descontar-salario-es-de-violentos\\\/\",\"url\":\"https:\\\/\\\/cvinoticias.com\\\/v3\\\/descontar-salario-es-de-violentos\\\/\",\"name\":\"DESCONTAR SALARIO ES DE VIOLENTOS | CVI NOTICIAS\",\"isPartOf\":{\"@id\":\"https:\\\/\\\/cvinoticias.com\\\/v3\\\/#website\"},\"primaryImageOfPage\":{\"@id\":\"https:\\\/\\\/cvinoticias.com\\\/v3\\\/descontar-salario-es-de-violentos\\\/#primaryimage\"},\"image\":{\"@id\":\"https:\\\/\\\/cvinoticias.com\\\/v3\\\/descontar-salario-es-de-violentos\\\/#primaryimage\"},\"thumbnailUrl\":\"https:\\\/\\\/cvinoticias.com\\\/wp-content\\\/uploads\\\/2022\\\/03\\\/IMG-20220329-WA0332.jpg\",\"datePublished\":\"2022-03-29T23:38:12+00:00\",\"breadcrumb\":{\"@id\":\"https:\\\/\\\/cvinoticias.com\\\/v3\\\/descontar-salario-es-de-violentos\\\/#breadcrumb\"},\"inLanguage\":\"es\",\"potentialAction\":[{\"@type\":\"ReadAction\",\"target\":[\"https:\\\/\\\/cvinoticias.com\\\/v3\\\/descontar-salario-es-de-violentos\\\/\"]}]},{\"@type\":\"ImageObject\",\"inLanguage\":\"es\",\"@id\":\"https:\\\/\\\/cvinoticias.com\\\/v3\\\/descontar-salario-es-de-violentos\\\/#primaryimage\",\"url\":\"https:\\\/\\\/cvinoticias.com\\\/wp-content\\\/uploads\\\/2022\\\/03\\\/IMG-20220329-WA0332.jpg\",\"contentUrl\":\"https:\\\/\\\/cvinoticias.com\\\/wp-content\\\/uploads\\\/2022\\\/03\\\/IMG-20220329-WA0332.jpg\",\"width\":1600,\"height\":900},{\"@type\":\"BreadcrumbList\",\"@id\":\"https:\\\/\\\/cvinoticias.com\\\/v3\\\/descontar-salario-es-de-violentos\\\/#breadcrumb\",\"itemListElement\":[{\"@type\":\"ListItem\",\"position\":1,\"name\":\"Portada\",\"item\":\"https:\\\/\\\/cvinoticias.com\\\/v3\\\/\"},{\"@type\":\"ListItem\",\"position\":2,\"name\":\"DESCONTAR SALARIO ES DE VIOLENTOS\"}]},{\"@type\":\"WebSite\",\"@id\":\"https:\\\/\\\/cvinoticias.com\\\/v3\\\/#website\",\"url\":\"https:\\\/\\\/cvinoticias.com\\\/v3\\\/\",\"name\":\"CVI NOTICIAS\",\"description\":\"\",\"publisher\":{\"@id\":\"https:\\\/\\\/cvinoticias.com\\\/v3\\\/#organization\"},\"alternateName\":\"CVI\",\"potentialAction\":[{\"@type\":\"SearchAction\",\"target\":{\"@type\":\"EntryPoint\",\"urlTemplate\":\"https:\\\/\\\/cvinoticias.com\\\/v3\\\/?s={search_term_string}\"},\"query-input\":{\"@type\":\"PropertyValueSpecification\",\"valueRequired\":true,\"valueName\":\"search_term_string\"}}],\"inLanguage\":\"es\"},{\"@type\":\"Organization\",\"@id\":\"https:\\\/\\\/cvinoticias.com\\\/v3\\\/#organization\",\"name\":\"CVI NOTICIAS\",\"url\":\"https:\\\/\\\/cvinoticias.com\\\/v3\\\/\",\"logo\":{\"@type\":\"ImageObject\",\"inLanguage\":\"es\",\"@id\":\"https:\\\/\\\/cvinoticias.com\\\/v3\\\/#\\\/schema\\\/logo\\\/image\\\/\",\"url\":\"https:\\\/\\\/cvinoticias.com\\\/wp-content\\\/uploads\\\/2023\\\/04\\\/cropped-cropped-cropped-cropped-cropped-3-1.png\",\"contentUrl\":\"https:\\\/\\\/cvinoticias.com\\\/wp-content\\\/uploads\\\/2023\\\/04\\\/cropped-cropped-cropped-cropped-cropped-3-1.png\",\"width\":95,\"height\":122,\"caption\":\"CVI NOTICIAS\"},\"image\":{\"@id\":\"https:\\\/\\\/cvinoticias.com\\\/v3\\\/#\\\/schema\\\/logo\\\/image\\\/\"},\"sameAs\":[\"https:\\\/\\\/www.facebook.com\\\/cvinoticias\",\"https:\\\/\\\/www.instagram.com\\\/cvinoticias\\\/\",\"https:\\\/\\\/www.youtube.com\\\/@CVINOTICIAS\"]},{\"@type\":\"Person\",\"@id\":\"https:\\\/\\\/cvinoticias.com\\\/v3\\\/#\\\/schema\\\/person\\\/2db77e3c6bc03c538495d7b2b8be9b66\",\"name\":\"f1000024\",\"image\":{\"@type\":\"ImageObject\",\"inLanguage\":\"es\",\"@id\":\"https:\\\/\\\/secure.gravatar.com\\\/avatar\\\/d4fe7459cfc51ff5129ce1a732bbef5928568b8092d412ef95611616376bbeed?s=96&d=mm&r=g\",\"url\":\"https:\\\/\\\/secure.gravatar.com\\\/avatar\\\/d4fe7459cfc51ff5129ce1a732bbef5928568b8092d412ef95611616376bbeed?s=96&d=mm&r=g\",\"contentUrl\":\"https:\\\/\\\/secure.gravatar.com\\\/avatar\\\/d4fe7459cfc51ff5129ce1a732bbef5928568b8092d412ef95611616376bbeed?s=96&d=mm&r=g\",\"caption\":\"f1000024\"},\"url\":\"https:\\\/\\\/cvinoticias.com\\\/v3\\\/author\\\/f1000024\\\/\"}]}<\/script>\n<!-- \/ Yoast SEO plugin. -->","yoast_head_json":{"title":"DESCONTAR SALARIO ES DE VIOLENTOS | CVI NOTICIAS","robots":{"index":"index","follow":"follow","max-snippet":"max-snippet:-1","max-image-preview":"max-image-preview:large","max-video-preview":"max-video-preview:-1"},"canonical":"https:\/\/cvinoticias.com\/v3\/descontar-salario-es-de-violentos\/","og_locale":"es_ES","og_type":"article","og_title":"DESCONTAR SALARIO ES DE VIOLENTOS | CVI NOTICIAS","og_description":"Tras la enorme jornada de lucha en el d\u00eda de la fecha, que signific\u00f3 entre otras cosas, cortar por 5 hs la ruta nacional 12 y provincial 16. Se realiz\u00f3 la asamblea que sesion\u00f3 en homenaje a la compa\u00f1era recientemente fallecida Mirta Ozuna. En la jornada de hoy se hizo realidad la unidad de los [&hellip;]","og_url":"https:\/\/cvinoticias.com\/v3\/descontar-salario-es-de-violentos\/","og_site_name":"CVI NOTICIAS","article_publisher":"https:\/\/www.facebook.com\/cvinoticias","article_published_time":"2022-03-29T23:38:12+00:00","og_image":[{"width":1600,"height":900,"url":"https:\/\/cvinoticias.com\/wp-content\/uploads\/2022\/03\/IMG-20220329-WA0332.jpg","type":"image\/jpeg"}],"author":"f1000024","twitter_card":"summary_large_image","twitter_misc":{"Escrito por":"f1000024","Tiempo de lectura":"2 minutos"},"schema":{"@context":"https:\/\/schema.org","@graph":[{"@type":"Article","@id":"https:\/\/cvinoticias.com\/v3\/descontar-salario-es-de-violentos\/#article","isPartOf":{"@id":"https:\/\/cvinoticias.com\/v3\/descontar-salario-es-de-violentos\/"},"author":{"name":"f1000024","@id":"https:\/\/cvinoticias.com\/v3\/#\/schema\/person\/2db77e3c6bc03c538495d7b2b8be9b66"},"headline":"DESCONTAR SALARIO ES DE VIOLENTOS","datePublished":"2022-03-29T23:38:12+00:00","mainEntityOfPage":{"@id":"https:\/\/cvinoticias.com\/v3\/descontar-salario-es-de-violentos\/"},"wordCount":365,"commentCount":0,"publisher":{"@id":"https:\/\/cvinoticias.com\/v3\/#organization"},"image":{"@id":"https:\/\/cvinoticias.com\/v3\/descontar-salario-es-de-violentos\/#primaryimage"},"thumbnailUrl":"https:\/\/cvinoticias.com\/wp-content\/uploads\/2022\/03\/IMG-20220329-WA0332.jpg","articleSection":["Educacion"],"inLanguage":"es","potentialAction":[{"@type":"CommentAction","name":"Comment","target":["https:\/\/cvinoticias.com\/v3\/descontar-salario-es-de-violentos\/#respond"]}]},{"@type":"WebPage","@id":"https:\/\/cvinoticias.com\/v3\/descontar-salario-es-de-violentos\/","url":"https:\/\/cvinoticias.com\/v3\/descontar-salario-es-de-violentos\/","name":"DESCONTAR SALARIO ES DE VIOLENTOS | CVI NOTICIAS","isPartOf":{"@id":"https:\/\/cvinoticias.com\/v3\/#website"},"primaryImageOfPage":{"@id":"https:\/\/cvinoticias.com\/v3\/descontar-salario-es-de-violentos\/#primaryimage"},"image":{"@id":"https:\/\/cvinoticias.com\/v3\/descontar-salario-es-de-violentos\/#primaryimage"},"thumbnailUrl":"https:\/\/cvinoticias.com\/wp-content\/uploads\/2022\/03\/IMG-20220329-WA0332.jpg","datePublished":"2022-03-29T23:38:12+00:00","breadcrumb":{"@id":"https:\/\/cvinoticias.com\/v3\/descontar-salario-es-de-violentos\/#breadcrumb"},"inLanguage":"es","potentialAction":[{"@type":"ReadAction","target":["https:\/\/cvinoticias.com\/v3\/descontar-salario-es-de-violentos\/"]}]},{"@type":"ImageObject","inLanguage":"es","@id":"https:\/\/cvinoticias.com\/v3\/descontar-salario-es-de-violentos\/#primaryimage","url":"https:\/\/cvinoticias.com\/wp-content\/uploads\/2022\/03\/IMG-20220329-WA0332.jpg","contentUrl":"https:\/\/cvinoticias.com\/wp-content\/uploads\/2022\/03\/IMG-20220329-WA0332.jpg","width":1600,"height":900},{"@type":"BreadcrumbList","@id":"https:\/\/cvinoticias.com\/v3\/descontar-salario-es-de-violentos\/#breadcrumb","itemListElement":[{"@type":"ListItem","position":1,"name":"Portada","item":"https:\/\/cvinoticias.com\/v3\/"},{"@type":"ListItem","position":2,"name":"DESCONTAR SALARIO ES DE VIOLENTOS"}]},{"@type":"WebSite","@id":"https:\/\/cvinoticias.com\/v3\/#website","url":"https:\/\/cvinoticias.com\/v3\/","name":"CVI NOTICIAS","description":"","publisher":{"@id":"https:\/\/cvinoticias.com\/v3\/#organization"},"alternateName":"CVI","potentialAction":[{"@type":"SearchAction","target":{"@type":"EntryPoint","urlTemplate":"https:\/\/cvinoticias.com\/v3\/?s={search_term_string}"},"query-input":{"@type":"PropertyValueSpecification","valueRequired":true,"valueName":"search_term_string"}}],"inLanguage":"es"},{"@type":"Organization","@id":"https:\/\/cvinoticias.com\/v3\/#organization","name":"CVI NOTICIAS","url":"https:\/\/cvinoticias.com\/v3\/","logo":{"@type":"ImageObject","inLanguage":"es","@id":"https:\/\/cvinoticias.com\/v3\/#\/schema\/logo\/image\/","url":"https:\/\/cvinoticias.com\/wp-content\/uploads\/2023\/04\/cropped-cropped-cropped-cropped-cropped-3-1.png","contentUrl":"https:\/\/cvinoticias.com\/wp-content\/uploads\/2023\/04\/cropped-cropped-cropped-cropped-cropped-3-1.png","width":95,"height":122,"caption":"CVI NOTICIAS"},"image":{"@id":"https:\/\/cvinoticias.com\/v3\/#\/schema\/logo\/image\/"},"sameAs":["https:\/\/www.facebook.com\/cvinoticias","https:\/\/www.instagram.com\/cvinoticias\/","https:\/\/www.youtube.com\/@CVINOTICIAS"]},{"@type":"Person","@id":"https:\/\/cvinoticias.com\/v3\/#\/schema\/person\/2db77e3c6bc03c538495d7b2b8be9b66","name":"f1000024","image":{"@type":"ImageObject","inLanguage":"es","@id":"https:\/\/secure.gravatar.com\/avatar\/d4fe7459cfc51ff5129ce1a732bbef5928568b8092d412ef95611616376bbeed?s=96&d=mm&r=g","url":"https:\/\/secure.gravatar.com\/avatar\/d4fe7459cfc51ff5129ce1a732bbef5928568b8092d412ef95611616376bbeed?s=96&d=mm&r=g","contentUrl":"https:\/\/secure.gravatar.com\/avatar\/d4fe7459cfc51ff5129ce1a732bbef5928568b8092d412ef95611616376bbeed?s=96&d=mm&r=g","caption":"f1000024"},"url":"https:\/\/cvinoticias.com\/v3\/author\/f1000024\/"}]}},"_links":{"self":[{"href":"https:\/\/cvinoticias.com\/v3\/wp-json\/wp\/v2\/posts\/14464","targetHints":{"allow":["GET"]}}],"collection":[{"href":"https:\/\/cvinoticias.com\/v3\/wp-json\/wp\/v2\/posts"}],"about":[{"href":"https:\/\/cvinoticias.com\/v3\/wp-json\/wp\/v2\/types\/post"}],"author":[{"embeddable":true,"href":"https:\/\/cvinoticias.com\/v3\/wp-json\/wp\/v2\/users\/2"}],"replies":[{"embeddable":true,"href":"https:\/\/cvinoticias.com\/v3\/wp-json\/wp\/v2\/comments?post=14464"}],"version-history":[{"count":1,"href":"https:\/\/cvinoticias.com\/v3\/wp-json\/wp\/v2\/posts\/14464\/revisions"}],"predecessor-version":[{"id":14470,"href":"https:\/\/cvinoticias.com\/v3\/wp-json\/wp\/v2\/posts\/14464\/revisions\/14470"}],"wp:featuredmedia":[{"embeddable":true,"href":"https:\/\/cvinoticias.com\/v3\/wp-json\/wp\/v2\/media\/14469"}],"wp:attachment":[{"href":"https:\/\/cvinoticias.com\/v3\/wp-json\/wp\/v2\/media?parent=14464"}],"wp:term":[{"taxonomy":"category","embeddable":true,"href":"https:\/\/cvinoticias.com\/v3\/wp-json\/wp\/v2\/categories?post=14464"},{"taxonomy":"post_tag","embeddable":true,"href":"https:\/\/cvinoticias.com\/v3\/wp-json\/wp\/v2\/tags?post=14464"}],"curies":[{"name":"wp","href":"https:\/\/api.w.org\/{rel}","templated":true}]}}