{"id":14446,"date":"2022-03-29T20:59:20","date_gmt":"2022-03-29T20:59:20","guid":{"rendered":"https:\/\/cvinoticias.com\/v3\/?p=14446"},"modified":"2022-03-29T20:59:20","modified_gmt":"2022-03-29T20:59:20","slug":"la-agricultura-familiar-misionera-modelo-de-reconversion-economica-en-la-region","status":"publish","type":"post","link":"https:\/\/cvinoticias.com\/v3\/la-agricultura-familiar-misionera-modelo-de-reconversion-economica-en-la-region\/","title":{"rendered":"La agricultura familiar misionera, modelo de reconversi\u00f3n econ\u00f3mica en la regi\u00f3n"},"content":{"rendered":"\n<p><strong><em>La tierra sin mal y con muchos frutos, tiene metas y objetivos muy claros desde hace largo tiempo, orientados a apoyar a peque\u00f1os y medianos productores agr\u00edcolas y de esta forma cuidar el bolsillo de todos.<br><\/em><\/strong><br>Misiones cuenta con alrededor de 27.000 familias agricultoras instaladas en peque\u00f1as superficies y dedicadas a una diversidad de cultivos, especialmente de alimentos, quienes se ven obligados a trasladar el costo de los insumos al producto final pero al mismo tiempo logran mantener el precio m\u00e1s bajo de la regi\u00f3n. \u00bfC\u00f3mo lo hacen? \u00bfQu\u00e9 pol\u00edticas p\u00fablicas se desarrollan para beneficio de las y los misioneros?<\/p>\n\n\n\n<p>La ministra de Agricultura Familiar de Misiones, Marta Ferreira, destac\u00f3 las pol\u00edticas implementadas por la provincia, mediante las cuales se logra mantener la calidad en la producci\u00f3n y buenos precios. Enumer\u00f3 los mercados de cercan\u00eda, como lo son las Ferias Francas en todos los municipios, Mercados de la Soberan\u00eda Alimentaria en 13 municipios y los Mercados Concentradores en 4 municipios. Agreg\u00f3 que \u201ctodos estos espacios est\u00e1n en constante crecimiento.<br>Los Mercados Locales tienen como objetivo la venta directa del productor misionero al consumidor, sin intermediaci\u00f3n, y no pagan impuestos provinciales ni municipales\u201d.<\/p>\n\n\n\n<figure class=\"wp-block-image size-full\"><a href=\"https:\/\/cvinoticias.com\/wp-content\/uploads\/2022\/03\/IMG-20220329-WA0268.jpg\"><img decoding=\"async\" width=\"448\" height=\"299\" data-src=\"https:\/\/cvinoticias.com\/wp-content\/uploads\/2022\/03\/IMG-20220329-WA0268.jpg\" alt=\"\" class=\"wp-image-14447 lazyload\" data-srcset=\"https:\/\/cvinoticias.com\/wp-content\/uploads\/2022\/03\/IMG-20220329-WA0268.jpg 448w, https:\/\/cvinoticias.com\/wp-content\/uploads\/2022\/03\/IMG-20220329-WA0268-300x200.jpg 300w\" data-sizes=\"(max-width: 448px) 100vw, 448px\" src=\"data:image\/svg+xml;base64,PHN2ZyB3aWR0aD0iMSIgaGVpZ2h0PSIxIiB4bWxucz0iaHR0cDovL3d3dy53My5vcmcvMjAwMC9zdmciPjwvc3ZnPg==\" style=\"--smush-placeholder-width: 448px; --smush-placeholder-aspect-ratio: 448\/299;\" \/><\/a><\/figure>\n\n\n\n<p>Ferreira destac\u00f3 adem\u00e1s, el Programa de Seguridad Alimentaria y Nutricional, por el cual se implement\u00f3 el sistema de tickets para familias vulnerables, que puedan usarse para comprar en esos mercados, en el que la provincia destina un monto aproximado de 10 millones mensuales.<\/p>\n\n\n\n<p>Por otro lado se\u00f1al\u00f3 que el Estado provincial acompa\u00f1a a la familia agr\u00edcola con insumos para la producci\u00f3n, sin costo para los agricultores locales y con un sistema de cr\u00e9ditos blandos.<\/p>\n\n\n\n<p><strong>De la chacra a la mesa<\/strong><\/p>\n\n\n\n<p>La producci\u00f3n misionera, de calidad y a bajo precio, tiene como base fundamental un Estado presente. Que se materializa en las Ferias Francas, ubicadas en 14 puntos de ventas, en distintos barrios de la Cuidad de Posadas. As\u00ed como en toda la provincia, con alrededor de 70 ferias que nuclean a m\u00e1s de 3.000 familias productoras de alimentos.<\/p>\n\n\n\n<p>Marta Ferreira tambi\u00e9n se refiri\u00f3 a la diferencia de precios a nivel provincial y nacional y explic\u00f3 que la divergencia \u201cdepende del producto, por ejemplo, los huevos industriales entran a precio bajo en temporada alta y afecta el precio de los huevos caseros, de producci\u00f3n local. Ahora por la sequ\u00eda y sus efectos la industria subi\u00f3 los precios\u201d. Adem\u00e1s, agreg\u00f3 \u201clos alimentos que compran los agricultores para complementar la alimentaci\u00f3n de sus animales, ha tenido un incremento muy alto, y sigue subiendo todas las semanas, entonces los precios de los productos de origen animal tienen un fuerte incremento debido a este cuello de botella de los insumos\u201d.<\/p>\n\n\n\n<figure class=\"wp-block-image size-large\"><a href=\"https:\/\/cvinoticias.com\/wp-content\/uploads\/2022\/03\/IMG-20220329-WA0266.jpg\"><img decoding=\"async\" width=\"1024\" height=\"734\" data-src=\"https:\/\/cvinoticias.com\/wp-content\/uploads\/2022\/03\/IMG-20220329-WA0266-1024x734.jpg\" alt=\"\" class=\"wp-image-14449 lazyload\" data-srcset=\"https:\/\/cvinoticias.com\/wp-content\/uploads\/2022\/03\/IMG-20220329-WA0266-1024x734.jpg 1024w, https:\/\/cvinoticias.com\/wp-content\/uploads\/2022\/03\/IMG-20220329-WA0266-300x215.jpg 300w, https:\/\/cvinoticias.com\/wp-content\/uploads\/2022\/03\/IMG-20220329-WA0266-768x550.jpg 768w, https:\/\/cvinoticias.com\/wp-content\/uploads\/2022\/03\/IMG-20220329-WA0266.jpg 1280w\" data-sizes=\"(max-width: 1024px) 100vw, 1024px\" src=\"data:image\/svg+xml;base64,PHN2ZyB3aWR0aD0iMSIgaGVpZ2h0PSIxIiB4bWxucz0iaHR0cDovL3d3dy53My5vcmcvMjAwMC9zdmciPjwvc3ZnPg==\" style=\"--smush-placeholder-width: 1024px; --smush-placeholder-aspect-ratio: 1024\/734;\" \/><\/a><\/figure>\n\n\n\n<p>Con el objetivo de enfrentar este reto sobre el costo de los insumos, Ferreira consider\u00f3 que \u201cel desaf\u00edo actual para las instituciones de la provincia que trabajamos con el sector (agr\u00edcola\/ganadero) es avanzar en otras alternativas de suministro animal, como \u00e1rboles forrajeros, mandioca, ma\u00edz y zapallo. Cada agricultor debe plantar los alimentos para sus animales y estamos en ese proceso\u201d.<\/p>\n\n\n\n<p>En lo que respecta a la producci\u00f3n de hortalizas, Ferreira se\u00f1al\u00f3, que hay diferencia de precios porque en los mercados provinciales se vende sobre todo producci\u00f3n local, sin intermediaci\u00f3n. \u201cY tambi\u00e9n porque subyace en estas organizaciones de productores, el esp\u00edritu de solidaridad con los consumidores. Y no el af\u00e1n desmedido de las grandes compa\u00f1\u00edas. El agricultor misionero tiene claro que puede y debe contribuir con la alimentaci\u00f3n de la poblaci\u00f3n en general, concluy\u00f3.<\/p>\n\n\n\n<p><strong>El modelo a imitar<\/strong><\/p>\n\n\n\n<p>Las ferias francas y los mercados concentradores representan un ejemplo de reconversi\u00f3n econ\u00f3mica en la regi\u00f3n. Se constituyeron en un modelo que en los \u00faltimos tiempos quiso ser replicado en otras provincias de la Rep\u00fablica Argentina.<\/p>\n\n\n\n<p>Misiones cuenta con leyes que establecen pol\u00edticas p\u00fablicas para el sector agricultor, como la Ley de Ferias Francas y Mercados Concentradores; la Ley de Alimentos Artesanales; la Ley de Fomento a la Producci\u00f3n Agroecol\u00f3gica y la Ley de Agricultura Familiar, sancionada en 2015, entre tantas otras.<\/p>\n\n\n\n<figure class=\"wp-block-image size-full\"><a href=\"https:\/\/cvinoticias.com\/wp-content\/uploads\/2022\/03\/IMG-20220329-WA0265.jpg\"><img decoding=\"async\" width=\"721\" height=\"431\" data-src=\"https:\/\/cvinoticias.com\/wp-content\/uploads\/2022\/03\/IMG-20220329-WA0265.jpg\" alt=\"\" class=\"wp-image-14448 lazyload\" data-srcset=\"https:\/\/cvinoticias.com\/wp-content\/uploads\/2022\/03\/IMG-20220329-WA0265.jpg 721w, https:\/\/cvinoticias.com\/wp-content\/uploads\/2022\/03\/IMG-20220329-WA0265-300x179.jpg 300w\" data-sizes=\"(max-width: 721px) 100vw, 721px\" src=\"data:image\/svg+xml;base64,PHN2ZyB3aWR0aD0iMSIgaGVpZ2h0PSIxIiB4bWxucz0iaHR0cDovL3d3dy53My5vcmcvMjAwMC9zdmciPjwvc3ZnPg==\" style=\"--smush-placeholder-width: 721px; --smush-placeholder-aspect-ratio: 721\/431;\" \/><\/a><\/figure>\n\n\n\n<p>La secretaria de Agricultura Familiar, sostuvo que Misiones tiene como valor agregado\u201cel trabajo de las familias agricultoras, que en diferentes coyunturas complejas, no abandona la dedicaci\u00f3n en la producci\u00f3n de alimentos. El valor agregado es la venta directa \u00abde la chacra a tu mesa\u00bb. Y la incorporaci\u00f3n de innovaci\u00f3n en la producci\u00f3n como mandioca pelada, congelada, hervida. El choclo desgranado y envasado, las mermeladas, los picles, quesos, ricota, cremas y tambi\u00e9n la otra gran herramienta de valor es la habilitaci\u00f3n de sus propias salas de elaboraci\u00f3n\u201d.<\/p>\n","protected":false},"excerpt":{"rendered":"<p>La tierra sin mal y con muchos frutos, tiene metas y objetivos muy claros desde hace largo tiempo, orientados a apoyar a peque\u00f1os y medianos productores agr\u00edcolas y de esta forma cuidar el bolsillo de todos.Misiones cuenta con alrededor de 27.000 familias agricultoras instaladas en peque\u00f1as superficies y dedicadas a una diversidad de cultivos, especialmente [&hellip;]<\/p>\n","protected":false},"author":2,"featured_media":14450,"comment_status":"open","ping_status":"open","sticky":false,"template":"","format":"standard","meta":{"footnotes":""},"categories":[28],"tags":[],"class_list":["post-14446","post","type-post","status-publish","format-standard","has-post-thumbnail","hentry","category-agro-y-produccion"],"yoast_head":"<!-- This site is optimized with the Yoast SEO plugin v27.5 - https:\/\/yoast.com\/product\/yoast-seo-wordpress\/ -->\n<title>La agricultura familiar misionera, modelo de reconversi\u00f3n econ\u00f3mica en la regi\u00f3n | CVI NOTICIAS<\/title>\n<meta name=\"robots\" content=\"index, follow, max-snippet:-1, max-image-preview:large, max-video-preview:-1\" \/>\n<link rel=\"canonical\" href=\"https:\/\/cvinoticias.com\/v3\/la-agricultura-familiar-misionera-modelo-de-reconversion-economica-en-la-region\/\" \/>\n<meta property=\"og:locale\" content=\"es_ES\" \/>\n<meta property=\"og:type\" content=\"article\" \/>\n<meta property=\"og:title\" content=\"La agricultura familiar misionera, modelo de reconversi\u00f3n econ\u00f3mica en la regi\u00f3n | CVI NOTICIAS\" \/>\n<meta property=\"og:description\" content=\"La tierra sin mal y con muchos frutos, tiene metas y objetivos muy claros desde hace largo tiempo, orientados a apoyar a peque\u00f1os y medianos productores agr\u00edcolas y de esta forma cuidar el bolsillo de todos.Misiones cuenta con alrededor de 27.000 familias agricultoras instaladas en peque\u00f1as superficies y dedicadas a una diversidad de cultivos, especialmente [&hellip;]\" \/>\n<meta property=\"og:url\" content=\"https:\/\/cvinoticias.com\/v3\/la-agricultura-familiar-misionera-modelo-de-reconversion-economica-en-la-region\/\" \/>\n<meta property=\"og:site_name\" content=\"CVI NOTICIAS\" \/>\n<meta property=\"article:publisher\" content=\"https:\/\/www.facebook.com\/cvinoticias\" \/>\n<meta property=\"article:published_time\" content=\"2022-03-29T20:59:20+00:00\" \/>\n<meta property=\"og:image\" content=\"https:\/\/cvinoticias.com\/wp-content\/uploads\/2022\/03\/IMG-20220329-WA0267.jpg\" \/>\n\t<meta property=\"og:image:width\" content=\"525\" \/>\n\t<meta property=\"og:image:height\" content=\"394\" \/>\n\t<meta property=\"og:image:type\" content=\"image\/jpeg\" \/>\n<meta name=\"author\" content=\"f1000024\" \/>\n<meta name=\"twitter:card\" content=\"summary_large_image\" \/>\n<meta name=\"twitter:label1\" content=\"Escrito por\" \/>\n\t<meta name=\"twitter:data1\" content=\"f1000024\" \/>\n\t<meta name=\"twitter:label2\" content=\"Tiempo de lectura\" \/>\n\t<meta name=\"twitter:data2\" content=\"4 minutos\" \/>\n<script type=\"application\/ld+json\" class=\"yoast-schema-graph\">{\"@context\":\"https:\\\/\\\/schema.org\",\"@graph\":[{\"@type\":\"Article\",\"@id\":\"https:\\\/\\\/cvinoticias.com\\\/v3\\\/la-agricultura-familiar-misionera-modelo-de-reconversion-economica-en-la-region\\\/#article\",\"isPartOf\":{\"@id\":\"https:\\\/\\\/cvinoticias.com\\\/v3\\\/la-agricultura-familiar-misionera-modelo-de-reconversion-economica-en-la-region\\\/\"},\"author\":{\"name\":\"f1000024\",\"@id\":\"https:\\\/\\\/cvinoticias.com\\\/v3\\\/#\\\/schema\\\/person\\\/2db77e3c6bc03c538495d7b2b8be9b66\"},\"headline\":\"La agricultura familiar misionera, modelo de reconversi\u00f3n econ\u00f3mica en la regi\u00f3n\",\"datePublished\":\"2022-03-29T20:59:20+00:00\",\"mainEntityOfPage\":{\"@id\":\"https:\\\/\\\/cvinoticias.com\\\/v3\\\/la-agricultura-familiar-misionera-modelo-de-reconversion-economica-en-la-region\\\/\"},\"wordCount\":806,\"commentCount\":0,\"publisher\":{\"@id\":\"https:\\\/\\\/cvinoticias.com\\\/v3\\\/#organization\"},\"image\":{\"@id\":\"https:\\\/\\\/cvinoticias.com\\\/v3\\\/la-agricultura-familiar-misionera-modelo-de-reconversion-economica-en-la-region\\\/#primaryimage\"},\"thumbnailUrl\":\"https:\\\/\\\/cvinoticias.com\\\/wp-content\\\/uploads\\\/2022\\\/03\\\/IMG-20220329-WA0267.jpg\",\"articleSection\":[\"Agro y Producci\u00f3n\"],\"inLanguage\":\"es\",\"potentialAction\":[{\"@type\":\"CommentAction\",\"name\":\"Comment\",\"target\":[\"https:\\\/\\\/cvinoticias.com\\\/v3\\\/la-agricultura-familiar-misionera-modelo-de-reconversion-economica-en-la-region\\\/#respond\"]}]},{\"@type\":\"WebPage\",\"@id\":\"https:\\\/\\\/cvinoticias.com\\\/v3\\\/la-agricultura-familiar-misionera-modelo-de-reconversion-economica-en-la-region\\\/\",\"url\":\"https:\\\/\\\/cvinoticias.com\\\/v3\\\/la-agricultura-familiar-misionera-modelo-de-reconversion-economica-en-la-region\\\/\",\"name\":\"La agricultura familiar misionera, modelo de reconversi\u00f3n econ\u00f3mica en la regi\u00f3n | CVI NOTICIAS\",\"isPartOf\":{\"@id\":\"https:\\\/\\\/cvinoticias.com\\\/v3\\\/#website\"},\"primaryImageOfPage\":{\"@id\":\"https:\\\/\\\/cvinoticias.com\\\/v3\\\/la-agricultura-familiar-misionera-modelo-de-reconversion-economica-en-la-region\\\/#primaryimage\"},\"image\":{\"@id\":\"https:\\\/\\\/cvinoticias.com\\\/v3\\\/la-agricultura-familiar-misionera-modelo-de-reconversion-economica-en-la-region\\\/#primaryimage\"},\"thumbnailUrl\":\"https:\\\/\\\/cvinoticias.com\\\/wp-content\\\/uploads\\\/2022\\\/03\\\/IMG-20220329-WA0267.jpg\",\"datePublished\":\"2022-03-29T20:59:20+00:00\",\"breadcrumb\":{\"@id\":\"https:\\\/\\\/cvinoticias.com\\\/v3\\\/la-agricultura-familiar-misionera-modelo-de-reconversion-economica-en-la-region\\\/#breadcrumb\"},\"inLanguage\":\"es\",\"potentialAction\":[{\"@type\":\"ReadAction\",\"target\":[\"https:\\\/\\\/cvinoticias.com\\\/v3\\\/la-agricultura-familiar-misionera-modelo-de-reconversion-economica-en-la-region\\\/\"]}]},{\"@type\":\"ImageObject\",\"inLanguage\":\"es\",\"@id\":\"https:\\\/\\\/cvinoticias.com\\\/v3\\\/la-agricultura-familiar-misionera-modelo-de-reconversion-economica-en-la-region\\\/#primaryimage\",\"url\":\"https:\\\/\\\/cvinoticias.com\\\/wp-content\\\/uploads\\\/2022\\\/03\\\/IMG-20220329-WA0267.jpg\",\"contentUrl\":\"https:\\\/\\\/cvinoticias.com\\\/wp-content\\\/uploads\\\/2022\\\/03\\\/IMG-20220329-WA0267.jpg\",\"width\":525,\"height\":394},{\"@type\":\"BreadcrumbList\",\"@id\":\"https:\\\/\\\/cvinoticias.com\\\/v3\\\/la-agricultura-familiar-misionera-modelo-de-reconversion-economica-en-la-region\\\/#breadcrumb\",\"itemListElement\":[{\"@type\":\"ListItem\",\"position\":1,\"name\":\"Portada\",\"item\":\"https:\\\/\\\/cvinoticias.com\\\/v3\\\/\"},{\"@type\":\"ListItem\",\"position\":2,\"name\":\"La agricultura familiar misionera, modelo de reconversi\u00f3n econ\u00f3mica en la regi\u00f3n\"}]},{\"@type\":\"WebSite\",\"@id\":\"https:\\\/\\\/cvinoticias.com\\\/v3\\\/#website\",\"url\":\"https:\\\/\\\/cvinoticias.com\\\/v3\\\/\",\"name\":\"CVI NOTICIAS\",\"description\":\"\",\"publisher\":{\"@id\":\"https:\\\/\\\/cvinoticias.com\\\/v3\\\/#organization\"},\"alternateName\":\"CVI\",\"potentialAction\":[{\"@type\":\"SearchAction\",\"target\":{\"@type\":\"EntryPoint\",\"urlTemplate\":\"https:\\\/\\\/cvinoticias.com\\\/v3\\\/?s={search_term_string}\"},\"query-input\":{\"@type\":\"PropertyValueSpecification\",\"valueRequired\":true,\"valueName\":\"search_term_string\"}}],\"inLanguage\":\"es\"},{\"@type\":\"Organization\",\"@id\":\"https:\\\/\\\/cvinoticias.com\\\/v3\\\/#organization\",\"name\":\"CVI NOTICIAS\",\"url\":\"https:\\\/\\\/cvinoticias.com\\\/v3\\\/\",\"logo\":{\"@type\":\"ImageObject\",\"inLanguage\":\"es\",\"@id\":\"https:\\\/\\\/cvinoticias.com\\\/v3\\\/#\\\/schema\\\/logo\\\/image\\\/\",\"url\":\"https:\\\/\\\/cvinoticias.com\\\/wp-content\\\/uploads\\\/2023\\\/04\\\/cropped-cropped-cropped-cropped-cropped-3-1.png\",\"contentUrl\":\"https:\\\/\\\/cvinoticias.com\\\/wp-content\\\/uploads\\\/2023\\\/04\\\/cropped-cropped-cropped-cropped-cropped-3-1.png\",\"width\":95,\"height\":122,\"caption\":\"CVI NOTICIAS\"},\"image\":{\"@id\":\"https:\\\/\\\/cvinoticias.com\\\/v3\\\/#\\\/schema\\\/logo\\\/image\\\/\"},\"sameAs\":[\"https:\\\/\\\/www.facebook.com\\\/cvinoticias\",\"https:\\\/\\\/www.instagram.com\\\/cvinoticias\\\/\",\"https:\\\/\\\/www.youtube.com\\\/@CVINOTICIAS\"]},{\"@type\":\"Person\",\"@id\":\"https:\\\/\\\/cvinoticias.com\\\/v3\\\/#\\\/schema\\\/person\\\/2db77e3c6bc03c538495d7b2b8be9b66\",\"name\":\"f1000024\",\"image\":{\"@type\":\"ImageObject\",\"inLanguage\":\"es\",\"@id\":\"https:\\\/\\\/secure.gravatar.com\\\/avatar\\\/d4fe7459cfc51ff5129ce1a732bbef5928568b8092d412ef95611616376bbeed?s=96&d=mm&r=g\",\"url\":\"https:\\\/\\\/secure.gravatar.com\\\/avatar\\\/d4fe7459cfc51ff5129ce1a732bbef5928568b8092d412ef95611616376bbeed?s=96&d=mm&r=g\",\"contentUrl\":\"https:\\\/\\\/secure.gravatar.com\\\/avatar\\\/d4fe7459cfc51ff5129ce1a732bbef5928568b8092d412ef95611616376bbeed?s=96&d=mm&r=g\",\"caption\":\"f1000024\"},\"url\":\"https:\\\/\\\/cvinoticias.com\\\/v3\\\/author\\\/f1000024\\\/\"}]}<\/script>\n<!-- \/ Yoast SEO plugin. -->","yoast_head_json":{"title":"La agricultura familiar misionera, modelo de reconversi\u00f3n econ\u00f3mica en la regi\u00f3n | CVI NOTICIAS","robots":{"index":"index","follow":"follow","max-snippet":"max-snippet:-1","max-image-preview":"max-image-preview:large","max-video-preview":"max-video-preview:-1"},"canonical":"https:\/\/cvinoticias.com\/v3\/la-agricultura-familiar-misionera-modelo-de-reconversion-economica-en-la-region\/","og_locale":"es_ES","og_type":"article","og_title":"La agricultura familiar misionera, modelo de reconversi\u00f3n econ\u00f3mica en la regi\u00f3n | CVI NOTICIAS","og_description":"La tierra sin mal y con muchos frutos, tiene metas y objetivos muy claros desde hace largo tiempo, orientados a apoyar a peque\u00f1os y medianos productores agr\u00edcolas y de esta forma cuidar el bolsillo de todos.Misiones cuenta con alrededor de 27.000 familias agricultoras instaladas en peque\u00f1as superficies y dedicadas a una diversidad de cultivos, especialmente [&hellip;]","og_url":"https:\/\/cvinoticias.com\/v3\/la-agricultura-familiar-misionera-modelo-de-reconversion-economica-en-la-region\/","og_site_name":"CVI NOTICIAS","article_publisher":"https:\/\/www.facebook.com\/cvinoticias","article_published_time":"2022-03-29T20:59:20+00:00","og_image":[{"width":525,"height":394,"url":"https:\/\/cvinoticias.com\/wp-content\/uploads\/2022\/03\/IMG-20220329-WA0267.jpg","type":"image\/jpeg"}],"author":"f1000024","twitter_card":"summary_large_image","twitter_misc":{"Escrito por":"f1000024","Tiempo de lectura":"4 minutos"},"schema":{"@context":"https:\/\/schema.org","@graph":[{"@type":"Article","@id":"https:\/\/cvinoticias.com\/v3\/la-agricultura-familiar-misionera-modelo-de-reconversion-economica-en-la-region\/#article","isPartOf":{"@id":"https:\/\/cvinoticias.com\/v3\/la-agricultura-familiar-misionera-modelo-de-reconversion-economica-en-la-region\/"},"author":{"name":"f1000024","@id":"https:\/\/cvinoticias.com\/v3\/#\/schema\/person\/2db77e3c6bc03c538495d7b2b8be9b66"},"headline":"La agricultura familiar misionera, modelo de reconversi\u00f3n econ\u00f3mica en la regi\u00f3n","datePublished":"2022-03-29T20:59:20+00:00","mainEntityOfPage":{"@id":"https:\/\/cvinoticias.com\/v3\/la-agricultura-familiar-misionera-modelo-de-reconversion-economica-en-la-region\/"},"wordCount":806,"commentCount":0,"publisher":{"@id":"https:\/\/cvinoticias.com\/v3\/#organization"},"image":{"@id":"https:\/\/cvinoticias.com\/v3\/la-agricultura-familiar-misionera-modelo-de-reconversion-economica-en-la-region\/#primaryimage"},"thumbnailUrl":"https:\/\/cvinoticias.com\/wp-content\/uploads\/2022\/03\/IMG-20220329-WA0267.jpg","articleSection":["Agro y Producci\u00f3n"],"inLanguage":"es","potentialAction":[{"@type":"CommentAction","name":"Comment","target":["https:\/\/cvinoticias.com\/v3\/la-agricultura-familiar-misionera-modelo-de-reconversion-economica-en-la-region\/#respond"]}]},{"@type":"WebPage","@id":"https:\/\/cvinoticias.com\/v3\/la-agricultura-familiar-misionera-modelo-de-reconversion-economica-en-la-region\/","url":"https:\/\/cvinoticias.com\/v3\/la-agricultura-familiar-misionera-modelo-de-reconversion-economica-en-la-region\/","name":"La agricultura familiar misionera, modelo de reconversi\u00f3n econ\u00f3mica en la regi\u00f3n | CVI NOTICIAS","isPartOf":{"@id":"https:\/\/cvinoticias.com\/v3\/#website"},"primaryImageOfPage":{"@id":"https:\/\/cvinoticias.com\/v3\/la-agricultura-familiar-misionera-modelo-de-reconversion-economica-en-la-region\/#primaryimage"},"image":{"@id":"https:\/\/cvinoticias.com\/v3\/la-agricultura-familiar-misionera-modelo-de-reconversion-economica-en-la-region\/#primaryimage"},"thumbnailUrl":"https:\/\/cvinoticias.com\/wp-content\/uploads\/2022\/03\/IMG-20220329-WA0267.jpg","datePublished":"2022-03-29T20:59:20+00:00","breadcrumb":{"@id":"https:\/\/cvinoticias.com\/v3\/la-agricultura-familiar-misionera-modelo-de-reconversion-economica-en-la-region\/#breadcrumb"},"inLanguage":"es","potentialAction":[{"@type":"ReadAction","target":["https:\/\/cvinoticias.com\/v3\/la-agricultura-familiar-misionera-modelo-de-reconversion-economica-en-la-region\/"]}]},{"@type":"ImageObject","inLanguage":"es","@id":"https:\/\/cvinoticias.com\/v3\/la-agricultura-familiar-misionera-modelo-de-reconversion-economica-en-la-region\/#primaryimage","url":"https:\/\/cvinoticias.com\/wp-content\/uploads\/2022\/03\/IMG-20220329-WA0267.jpg","contentUrl":"https:\/\/cvinoticias.com\/wp-content\/uploads\/2022\/03\/IMG-20220329-WA0267.jpg","width":525,"height":394},{"@type":"BreadcrumbList","@id":"https:\/\/cvinoticias.com\/v3\/la-agricultura-familiar-misionera-modelo-de-reconversion-economica-en-la-region\/#breadcrumb","itemListElement":[{"@type":"ListItem","position":1,"name":"Portada","item":"https:\/\/cvinoticias.com\/v3\/"},{"@type":"ListItem","position":2,"name":"La agricultura familiar misionera, modelo de reconversi\u00f3n econ\u00f3mica en la regi\u00f3n"}]},{"@type":"WebSite","@id":"https:\/\/cvinoticias.com\/v3\/#website","url":"https:\/\/cvinoticias.com\/v3\/","name":"CVI NOTICIAS","description":"","publisher":{"@id":"https:\/\/cvinoticias.com\/v3\/#organization"},"alternateName":"CVI","potentialAction":[{"@type":"SearchAction","target":{"@type":"EntryPoint","urlTemplate":"https:\/\/cvinoticias.com\/v3\/?s={search_term_string}"},"query-input":{"@type":"PropertyValueSpecification","valueRequired":true,"valueName":"search_term_string"}}],"inLanguage":"es"},{"@type":"Organization","@id":"https:\/\/cvinoticias.com\/v3\/#organization","name":"CVI NOTICIAS","url":"https:\/\/cvinoticias.com\/v3\/","logo":{"@type":"ImageObject","inLanguage":"es","@id":"https:\/\/cvinoticias.com\/v3\/#\/schema\/logo\/image\/","url":"https:\/\/cvinoticias.com\/wp-content\/uploads\/2023\/04\/cropped-cropped-cropped-cropped-cropped-3-1.png","contentUrl":"https:\/\/cvinoticias.com\/wp-content\/uploads\/2023\/04\/cropped-cropped-cropped-cropped-cropped-3-1.png","width":95,"height":122,"caption":"CVI NOTICIAS"},"image":{"@id":"https:\/\/cvinoticias.com\/v3\/#\/schema\/logo\/image\/"},"sameAs":["https:\/\/www.facebook.com\/cvinoticias","https:\/\/www.instagram.com\/cvinoticias\/","https:\/\/www.youtube.com\/@CVINOTICIAS"]},{"@type":"Person","@id":"https:\/\/cvinoticias.com\/v3\/#\/schema\/person\/2db77e3c6bc03c538495d7b2b8be9b66","name":"f1000024","image":{"@type":"ImageObject","inLanguage":"es","@id":"https:\/\/secure.gravatar.com\/avatar\/d4fe7459cfc51ff5129ce1a732bbef5928568b8092d412ef95611616376bbeed?s=96&d=mm&r=g","url":"https:\/\/secure.gravatar.com\/avatar\/d4fe7459cfc51ff5129ce1a732bbef5928568b8092d412ef95611616376bbeed?s=96&d=mm&r=g","contentUrl":"https:\/\/secure.gravatar.com\/avatar\/d4fe7459cfc51ff5129ce1a732bbef5928568b8092d412ef95611616376bbeed?s=96&d=mm&r=g","caption":"f1000024"},"url":"https:\/\/cvinoticias.com\/v3\/author\/f1000024\/"}]}},"_links":{"self":[{"href":"https:\/\/cvinoticias.com\/v3\/wp-json\/wp\/v2\/posts\/14446","targetHints":{"allow":["GET"]}}],"collection":[{"href":"https:\/\/cvinoticias.com\/v3\/wp-json\/wp\/v2\/posts"}],"about":[{"href":"https:\/\/cvinoticias.com\/v3\/wp-json\/wp\/v2\/types\/post"}],"author":[{"embeddable":true,"href":"https:\/\/cvinoticias.com\/v3\/wp-json\/wp\/v2\/users\/2"}],"replies":[{"embeddable":true,"href":"https:\/\/cvinoticias.com\/v3\/wp-json\/wp\/v2\/comments?post=14446"}],"version-history":[{"count":1,"href":"https:\/\/cvinoticias.com\/v3\/wp-json\/wp\/v2\/posts\/14446\/revisions"}],"predecessor-version":[{"id":14451,"href":"https:\/\/cvinoticias.com\/v3\/wp-json\/wp\/v2\/posts\/14446\/revisions\/14451"}],"wp:featuredmedia":[{"embeddable":true,"href":"https:\/\/cvinoticias.com\/v3\/wp-json\/wp\/v2\/media\/14450"}],"wp:attachment":[{"href":"https:\/\/cvinoticias.com\/v3\/wp-json\/wp\/v2\/media?parent=14446"}],"wp:term":[{"taxonomy":"category","embeddable":true,"href":"https:\/\/cvinoticias.com\/v3\/wp-json\/wp\/v2\/categories?post=14446"},{"taxonomy":"post_tag","embeddable":true,"href":"https:\/\/cvinoticias.com\/v3\/wp-json\/wp\/v2\/tags?post=14446"}],"curies":[{"name":"wp","href":"https:\/\/api.w.org\/{rel}","templated":true}]}}