{"id":14326,"date":"2022-03-24T04:53:28","date_gmt":"2022-03-24T04:53:28","guid":{"rendered":"https:\/\/cvinoticias.com\/v3\/?p=14326"},"modified":"2022-03-24T04:53:28","modified_gmt":"2022-03-24T04:53:28","slug":"se-abre-la-inscripcion-al-programa-egresar-proyecta-tu-futuro","status":"publish","type":"post","link":"https:\/\/cvinoticias.com\/v3\/se-abre-la-inscripcion-al-programa-egresar-proyecta-tu-futuro\/","title":{"rendered":"Se abre la inscripci\u00f3n al programa Egresar: proyect\u00e1 tu futuro"},"content":{"rendered":"\n<p><strong><em>Tiene como finalidad garantizar el egreso efectivo de las y los j\u00f3venes y facilitar la continuidad de estudios superiores, una mejor inclusi\u00f3n en el mundo del trabajo y el ejercicio pleno de la ciudadan\u00eda.<\/em><\/strong><\/p>\n\n\n\n<p>El Ministerio de Educaci\u00f3n de la Naci\u00f3n puso en marcha un nuevo programa destinado a facilitar el egreso de las y los j\u00f3venes de hasta 25 a\u00f1os que no hayan podido finalizar sus estudios secundarios por tener materias pendientes de aprobaci\u00f3n.<\/p>\n\n\n\n<p>Se trata del programa Egresar: proyect\u00e1 tu futuro que comienza su inscripci\u00f3n el 25 de marzo hasta el 7 de abril.<\/p>\n\n\n\n<p>Podr\u00e1n inscribirse las y los estudiantes de hasta 25 a\u00f1os que terminaron de cursar el nivel secundario entre 2016 y 2020 en escuelas p\u00fablicas de gesti\u00f3n estatal, privada y social, urbana y rural -exceptuando las escuelas t\u00e9cnicas, de adultos y universitarias-, que no hayan obtenido el t\u00edtulo secundario por tener materias pendientes de aprobaci\u00f3n.<\/p>\n\n\n\n<p>Para comenzar el proceso de inscripci\u00f3n las y los estudiantes deber\u00e1n ingresar en: www.argentina.gob.ar\/educacion\/egresar&lt;8&gt;<\/p>\n\n\n\n<p>El programa Egresar se desarrolla en Escuelas Sedes de gesti\u00f3n estatal definidas por cada jurisdicci\u00f3n en las que cada escuela desarrollar\u00e1 las propuestas pedag\u00f3gicas en trayectos curriculares de dos trimestres de duraci\u00f3n y organizar\u00e1 horarios y frecuencias para brindar opciones seg\u00fan la cantidad de inscriptas e inscriptos, su contexto social y geogr\u00e1fico y su realidad particular.<\/p>\n\n\n\n<p>La escuela sede contar\u00e1 tambi\u00e9n con un coordinador y profesores tutores que acompa\u00f1an a las y los estudiantes para que puedan finalizar sus estudios. Las clases ser\u00e1n presenciales con instancias de trabajo aut\u00f3nomo.<\/p>\n\n\n\n<p>El certificado anal\u00edtico, la acreditaci\u00f3n y el t\u00edtulo ser\u00e1 emitido por la escuela secundaria de origen donde la o el estudiante curs\u00f3 el \u00faltimo a\u00f1o, para el plan de estudios en el que estaba inscripto.<\/p>\n\n\n\n<p>Adem\u00e1s, las y los j\u00f3venes podr\u00e1n acceder a la Beca Egresar de $6.400 mensuales, por uno o dos trimestres.<\/p>\n\n\n\n<p>La beca estar\u00e1 disponible para aquellas y aquellos que cumplan con los siguientes requisitos: los ingresos de la o el joven o su grupo familiar no deben ser superiores a tres salarios m\u00ednimos vital y m\u00f3vil; las o los estudiantes deben tener entre 18 y 24 a\u00f1os cumplidos al momento de solicitar la beca; y deben concurrir a las clases para que la escuela sede presente la certificaci\u00f3n de inicio del cursado de los trayectos curriculares.<\/p>\n\n\n\n<p>La proporci\u00f3n del pago ser\u00e1 de un 80% desde la primera cuota y el 20% restante ser\u00e1 abonado luego de que la instituci\u00f3n provea una certificaci\u00f3n que constate la aprobaci\u00f3n de al menos uno de los trayectos cursados en cada uno de los trimestres.<\/p>\n","protected":false},"excerpt":{"rendered":"<p>Tiene como finalidad garantizar el egreso efectivo de las y los j\u00f3venes y facilitar la continuidad de estudios superiores, una mejor inclusi\u00f3n en el mundo del trabajo y el ejercicio pleno de la ciudadan\u00eda. El Ministerio de Educaci\u00f3n de la Naci\u00f3n puso en marcha un nuevo programa destinado a facilitar el egreso de las y [&hellip;]<\/p>\n","protected":false},"author":2,"featured_media":14327,"comment_status":"open","ping_status":"open","sticky":false,"template":"","format":"standard","meta":{"footnotes":""},"categories":[26],"tags":[],"class_list":["post-14326","post","type-post","status-publish","format-standard","has-post-thumbnail","hentry","category-educacion"],"yoast_head":"<!-- This site is optimized with the Yoast SEO plugin v27.5 - https:\/\/yoast.com\/product\/yoast-seo-wordpress\/ -->\n<title>Se abre la inscripci\u00f3n al programa Egresar: proyect\u00e1 tu futuro | CVI NOTICIAS<\/title>\n<meta name=\"robots\" content=\"index, follow, max-snippet:-1, max-image-preview:large, max-video-preview:-1\" \/>\n<link rel=\"canonical\" href=\"https:\/\/cvinoticias.com\/v3\/se-abre-la-inscripcion-al-programa-egresar-proyecta-tu-futuro\/\" \/>\n<meta property=\"og:locale\" content=\"es_ES\" \/>\n<meta property=\"og:type\" content=\"article\" \/>\n<meta property=\"og:title\" content=\"Se abre la inscripci\u00f3n al programa Egresar: proyect\u00e1 tu futuro | CVI NOTICIAS\" \/>\n<meta property=\"og:description\" content=\"Tiene como finalidad garantizar el egreso efectivo de las y los j\u00f3venes y facilitar la continuidad de estudios superiores, una mejor inclusi\u00f3n en el mundo del trabajo y el ejercicio pleno de la ciudadan\u00eda. El Ministerio de Educaci\u00f3n de la Naci\u00f3n puso en marcha un nuevo programa destinado a facilitar el egreso de las y [&hellip;]\" \/>\n<meta property=\"og:url\" content=\"https:\/\/cvinoticias.com\/v3\/se-abre-la-inscripcion-al-programa-egresar-proyecta-tu-futuro\/\" \/>\n<meta property=\"og:site_name\" content=\"CVI NOTICIAS\" \/>\n<meta property=\"article:publisher\" content=\"https:\/\/www.facebook.com\/cvinoticias\" \/>\n<meta property=\"article:published_time\" content=\"2022-03-24T04:53:28+00:00\" \/>\n<meta property=\"og:image\" content=\"https:\/\/cvinoticias.com\/wp-content\/uploads\/2022\/03\/0000092098.jpg\" \/>\n\t<meta property=\"og:image:width\" content=\"657\" \/>\n\t<meta property=\"og:image:height\" content=\"340\" \/>\n\t<meta property=\"og:image:type\" content=\"image\/jpeg\" \/>\n<meta name=\"author\" content=\"f1000024\" \/>\n<meta name=\"twitter:card\" content=\"summary_large_image\" \/>\n<meta name=\"twitter:label1\" content=\"Escrito por\" \/>\n\t<meta name=\"twitter:data1\" content=\"f1000024\" \/>\n\t<meta name=\"twitter:label2\" content=\"Tiempo de lectura\" \/>\n\t<meta name=\"twitter:data2\" content=\"2 minutos\" \/>\n<script type=\"application\/ld+json\" class=\"yoast-schema-graph\">{\"@context\":\"https:\\\/\\\/schema.org\",\"@graph\":[{\"@type\":\"Article\",\"@id\":\"https:\\\/\\\/cvinoticias.com\\\/v3\\\/se-abre-la-inscripcion-al-programa-egresar-proyecta-tu-futuro\\\/#article\",\"isPartOf\":{\"@id\":\"https:\\\/\\\/cvinoticias.com\\\/v3\\\/se-abre-la-inscripcion-al-programa-egresar-proyecta-tu-futuro\\\/\"},\"author\":{\"name\":\"f1000024\",\"@id\":\"https:\\\/\\\/cvinoticias.com\\\/v3\\\/#\\\/schema\\\/person\\\/2db77e3c6bc03c538495d7b2b8be9b66\"},\"headline\":\"Se abre la inscripci\u00f3n al programa Egresar: proyect\u00e1 tu futuro\",\"datePublished\":\"2022-03-24T04:53:28+00:00\",\"mainEntityOfPage\":{\"@id\":\"https:\\\/\\\/cvinoticias.com\\\/v3\\\/se-abre-la-inscripcion-al-programa-egresar-proyecta-tu-futuro\\\/\"},\"wordCount\":477,\"commentCount\":0,\"publisher\":{\"@id\":\"https:\\\/\\\/cvinoticias.com\\\/v3\\\/#organization\"},\"image\":{\"@id\":\"https:\\\/\\\/cvinoticias.com\\\/v3\\\/se-abre-la-inscripcion-al-programa-egresar-proyecta-tu-futuro\\\/#primaryimage\"},\"thumbnailUrl\":\"https:\\\/\\\/cvinoticias.com\\\/wp-content\\\/uploads\\\/2022\\\/03\\\/0000092098.jpg\",\"articleSection\":[\"Educacion\"],\"inLanguage\":\"es\",\"potentialAction\":[{\"@type\":\"CommentAction\",\"name\":\"Comment\",\"target\":[\"https:\\\/\\\/cvinoticias.com\\\/v3\\\/se-abre-la-inscripcion-al-programa-egresar-proyecta-tu-futuro\\\/#respond\"]}]},{\"@type\":\"WebPage\",\"@id\":\"https:\\\/\\\/cvinoticias.com\\\/v3\\\/se-abre-la-inscripcion-al-programa-egresar-proyecta-tu-futuro\\\/\",\"url\":\"https:\\\/\\\/cvinoticias.com\\\/v3\\\/se-abre-la-inscripcion-al-programa-egresar-proyecta-tu-futuro\\\/\",\"name\":\"Se abre la inscripci\u00f3n al programa Egresar: proyect\u00e1 tu futuro | CVI NOTICIAS\",\"isPartOf\":{\"@id\":\"https:\\\/\\\/cvinoticias.com\\\/v3\\\/#website\"},\"primaryImageOfPage\":{\"@id\":\"https:\\\/\\\/cvinoticias.com\\\/v3\\\/se-abre-la-inscripcion-al-programa-egresar-proyecta-tu-futuro\\\/#primaryimage\"},\"image\":{\"@id\":\"https:\\\/\\\/cvinoticias.com\\\/v3\\\/se-abre-la-inscripcion-al-programa-egresar-proyecta-tu-futuro\\\/#primaryimage\"},\"thumbnailUrl\":\"https:\\\/\\\/cvinoticias.com\\\/wp-content\\\/uploads\\\/2022\\\/03\\\/0000092098.jpg\",\"datePublished\":\"2022-03-24T04:53:28+00:00\",\"breadcrumb\":{\"@id\":\"https:\\\/\\\/cvinoticias.com\\\/v3\\\/se-abre-la-inscripcion-al-programa-egresar-proyecta-tu-futuro\\\/#breadcrumb\"},\"inLanguage\":\"es\",\"potentialAction\":[{\"@type\":\"ReadAction\",\"target\":[\"https:\\\/\\\/cvinoticias.com\\\/v3\\\/se-abre-la-inscripcion-al-programa-egresar-proyecta-tu-futuro\\\/\"]}]},{\"@type\":\"ImageObject\",\"inLanguage\":\"es\",\"@id\":\"https:\\\/\\\/cvinoticias.com\\\/v3\\\/se-abre-la-inscripcion-al-programa-egresar-proyecta-tu-futuro\\\/#primaryimage\",\"url\":\"https:\\\/\\\/cvinoticias.com\\\/wp-content\\\/uploads\\\/2022\\\/03\\\/0000092098.jpg\",\"contentUrl\":\"https:\\\/\\\/cvinoticias.com\\\/wp-content\\\/uploads\\\/2022\\\/03\\\/0000092098.jpg\",\"width\":657,\"height\":340},{\"@type\":\"BreadcrumbList\",\"@id\":\"https:\\\/\\\/cvinoticias.com\\\/v3\\\/se-abre-la-inscripcion-al-programa-egresar-proyecta-tu-futuro\\\/#breadcrumb\",\"itemListElement\":[{\"@type\":\"ListItem\",\"position\":1,\"name\":\"Portada\",\"item\":\"https:\\\/\\\/cvinoticias.com\\\/v3\\\/\"},{\"@type\":\"ListItem\",\"position\":2,\"name\":\"Se abre la inscripci\u00f3n al programa Egresar: proyect\u00e1 tu futuro\"}]},{\"@type\":\"WebSite\",\"@id\":\"https:\\\/\\\/cvinoticias.com\\\/v3\\\/#website\",\"url\":\"https:\\\/\\\/cvinoticias.com\\\/v3\\\/\",\"name\":\"CVI NOTICIAS\",\"description\":\"\",\"publisher\":{\"@id\":\"https:\\\/\\\/cvinoticias.com\\\/v3\\\/#organization\"},\"alternateName\":\"CVI\",\"potentialAction\":[{\"@type\":\"SearchAction\",\"target\":{\"@type\":\"EntryPoint\",\"urlTemplate\":\"https:\\\/\\\/cvinoticias.com\\\/v3\\\/?s={search_term_string}\"},\"query-input\":{\"@type\":\"PropertyValueSpecification\",\"valueRequired\":true,\"valueName\":\"search_term_string\"}}],\"inLanguage\":\"es\"},{\"@type\":\"Organization\",\"@id\":\"https:\\\/\\\/cvinoticias.com\\\/v3\\\/#organization\",\"name\":\"CVI NOTICIAS\",\"url\":\"https:\\\/\\\/cvinoticias.com\\\/v3\\\/\",\"logo\":{\"@type\":\"ImageObject\",\"inLanguage\":\"es\",\"@id\":\"https:\\\/\\\/cvinoticias.com\\\/v3\\\/#\\\/schema\\\/logo\\\/image\\\/\",\"url\":\"https:\\\/\\\/cvinoticias.com\\\/wp-content\\\/uploads\\\/2023\\\/04\\\/cropped-cropped-cropped-cropped-cropped-3-1.png\",\"contentUrl\":\"https:\\\/\\\/cvinoticias.com\\\/wp-content\\\/uploads\\\/2023\\\/04\\\/cropped-cropped-cropped-cropped-cropped-3-1.png\",\"width\":95,\"height\":122,\"caption\":\"CVI NOTICIAS\"},\"image\":{\"@id\":\"https:\\\/\\\/cvinoticias.com\\\/v3\\\/#\\\/schema\\\/logo\\\/image\\\/\"},\"sameAs\":[\"https:\\\/\\\/www.facebook.com\\\/cvinoticias\",\"https:\\\/\\\/www.instagram.com\\\/cvinoticias\\\/\",\"https:\\\/\\\/www.youtube.com\\\/@CVINOTICIAS\"]},{\"@type\":\"Person\",\"@id\":\"https:\\\/\\\/cvinoticias.com\\\/v3\\\/#\\\/schema\\\/person\\\/2db77e3c6bc03c538495d7b2b8be9b66\",\"name\":\"f1000024\",\"image\":{\"@type\":\"ImageObject\",\"inLanguage\":\"es\",\"@id\":\"https:\\\/\\\/secure.gravatar.com\\\/avatar\\\/d4fe7459cfc51ff5129ce1a732bbef5928568b8092d412ef95611616376bbeed?s=96&d=mm&r=g\",\"url\":\"https:\\\/\\\/secure.gravatar.com\\\/avatar\\\/d4fe7459cfc51ff5129ce1a732bbef5928568b8092d412ef95611616376bbeed?s=96&d=mm&r=g\",\"contentUrl\":\"https:\\\/\\\/secure.gravatar.com\\\/avatar\\\/d4fe7459cfc51ff5129ce1a732bbef5928568b8092d412ef95611616376bbeed?s=96&d=mm&r=g\",\"caption\":\"f1000024\"},\"url\":\"https:\\\/\\\/cvinoticias.com\\\/v3\\\/author\\\/f1000024\\\/\"}]}<\/script>\n<!-- \/ Yoast SEO plugin. -->","yoast_head_json":{"title":"Se abre la inscripci\u00f3n al programa Egresar: proyect\u00e1 tu futuro | CVI NOTICIAS","robots":{"index":"index","follow":"follow","max-snippet":"max-snippet:-1","max-image-preview":"max-image-preview:large","max-video-preview":"max-video-preview:-1"},"canonical":"https:\/\/cvinoticias.com\/v3\/se-abre-la-inscripcion-al-programa-egresar-proyecta-tu-futuro\/","og_locale":"es_ES","og_type":"article","og_title":"Se abre la inscripci\u00f3n al programa Egresar: proyect\u00e1 tu futuro | CVI NOTICIAS","og_description":"Tiene como finalidad garantizar el egreso efectivo de las y los j\u00f3venes y facilitar la continuidad de estudios superiores, una mejor inclusi\u00f3n en el mundo del trabajo y el ejercicio pleno de la ciudadan\u00eda. El Ministerio de Educaci\u00f3n de la Naci\u00f3n puso en marcha un nuevo programa destinado a facilitar el egreso de las y [&hellip;]","og_url":"https:\/\/cvinoticias.com\/v3\/se-abre-la-inscripcion-al-programa-egresar-proyecta-tu-futuro\/","og_site_name":"CVI NOTICIAS","article_publisher":"https:\/\/www.facebook.com\/cvinoticias","article_published_time":"2022-03-24T04:53:28+00:00","og_image":[{"width":657,"height":340,"url":"https:\/\/cvinoticias.com\/wp-content\/uploads\/2022\/03\/0000092098.jpg","type":"image\/jpeg"}],"author":"f1000024","twitter_card":"summary_large_image","twitter_misc":{"Escrito por":"f1000024","Tiempo de lectura":"2 minutos"},"schema":{"@context":"https:\/\/schema.org","@graph":[{"@type":"Article","@id":"https:\/\/cvinoticias.com\/v3\/se-abre-la-inscripcion-al-programa-egresar-proyecta-tu-futuro\/#article","isPartOf":{"@id":"https:\/\/cvinoticias.com\/v3\/se-abre-la-inscripcion-al-programa-egresar-proyecta-tu-futuro\/"},"author":{"name":"f1000024","@id":"https:\/\/cvinoticias.com\/v3\/#\/schema\/person\/2db77e3c6bc03c538495d7b2b8be9b66"},"headline":"Se abre la inscripci\u00f3n al programa Egresar: proyect\u00e1 tu futuro","datePublished":"2022-03-24T04:53:28+00:00","mainEntityOfPage":{"@id":"https:\/\/cvinoticias.com\/v3\/se-abre-la-inscripcion-al-programa-egresar-proyecta-tu-futuro\/"},"wordCount":477,"commentCount":0,"publisher":{"@id":"https:\/\/cvinoticias.com\/v3\/#organization"},"image":{"@id":"https:\/\/cvinoticias.com\/v3\/se-abre-la-inscripcion-al-programa-egresar-proyecta-tu-futuro\/#primaryimage"},"thumbnailUrl":"https:\/\/cvinoticias.com\/wp-content\/uploads\/2022\/03\/0000092098.jpg","articleSection":["Educacion"],"inLanguage":"es","potentialAction":[{"@type":"CommentAction","name":"Comment","target":["https:\/\/cvinoticias.com\/v3\/se-abre-la-inscripcion-al-programa-egresar-proyecta-tu-futuro\/#respond"]}]},{"@type":"WebPage","@id":"https:\/\/cvinoticias.com\/v3\/se-abre-la-inscripcion-al-programa-egresar-proyecta-tu-futuro\/","url":"https:\/\/cvinoticias.com\/v3\/se-abre-la-inscripcion-al-programa-egresar-proyecta-tu-futuro\/","name":"Se abre la inscripci\u00f3n al programa Egresar: proyect\u00e1 tu futuro | CVI NOTICIAS","isPartOf":{"@id":"https:\/\/cvinoticias.com\/v3\/#website"},"primaryImageOfPage":{"@id":"https:\/\/cvinoticias.com\/v3\/se-abre-la-inscripcion-al-programa-egresar-proyecta-tu-futuro\/#primaryimage"},"image":{"@id":"https:\/\/cvinoticias.com\/v3\/se-abre-la-inscripcion-al-programa-egresar-proyecta-tu-futuro\/#primaryimage"},"thumbnailUrl":"https:\/\/cvinoticias.com\/wp-content\/uploads\/2022\/03\/0000092098.jpg","datePublished":"2022-03-24T04:53:28+00:00","breadcrumb":{"@id":"https:\/\/cvinoticias.com\/v3\/se-abre-la-inscripcion-al-programa-egresar-proyecta-tu-futuro\/#breadcrumb"},"inLanguage":"es","potentialAction":[{"@type":"ReadAction","target":["https:\/\/cvinoticias.com\/v3\/se-abre-la-inscripcion-al-programa-egresar-proyecta-tu-futuro\/"]}]},{"@type":"ImageObject","inLanguage":"es","@id":"https:\/\/cvinoticias.com\/v3\/se-abre-la-inscripcion-al-programa-egresar-proyecta-tu-futuro\/#primaryimage","url":"https:\/\/cvinoticias.com\/wp-content\/uploads\/2022\/03\/0000092098.jpg","contentUrl":"https:\/\/cvinoticias.com\/wp-content\/uploads\/2022\/03\/0000092098.jpg","width":657,"height":340},{"@type":"BreadcrumbList","@id":"https:\/\/cvinoticias.com\/v3\/se-abre-la-inscripcion-al-programa-egresar-proyecta-tu-futuro\/#breadcrumb","itemListElement":[{"@type":"ListItem","position":1,"name":"Portada","item":"https:\/\/cvinoticias.com\/v3\/"},{"@type":"ListItem","position":2,"name":"Se abre la inscripci\u00f3n al programa Egresar: proyect\u00e1 tu futuro"}]},{"@type":"WebSite","@id":"https:\/\/cvinoticias.com\/v3\/#website","url":"https:\/\/cvinoticias.com\/v3\/","name":"CVI NOTICIAS","description":"","publisher":{"@id":"https:\/\/cvinoticias.com\/v3\/#organization"},"alternateName":"CVI","potentialAction":[{"@type":"SearchAction","target":{"@type":"EntryPoint","urlTemplate":"https:\/\/cvinoticias.com\/v3\/?s={search_term_string}"},"query-input":{"@type":"PropertyValueSpecification","valueRequired":true,"valueName":"search_term_string"}}],"inLanguage":"es"},{"@type":"Organization","@id":"https:\/\/cvinoticias.com\/v3\/#organization","name":"CVI NOTICIAS","url":"https:\/\/cvinoticias.com\/v3\/","logo":{"@type":"ImageObject","inLanguage":"es","@id":"https:\/\/cvinoticias.com\/v3\/#\/schema\/logo\/image\/","url":"https:\/\/cvinoticias.com\/wp-content\/uploads\/2023\/04\/cropped-cropped-cropped-cropped-cropped-3-1.png","contentUrl":"https:\/\/cvinoticias.com\/wp-content\/uploads\/2023\/04\/cropped-cropped-cropped-cropped-cropped-3-1.png","width":95,"height":122,"caption":"CVI NOTICIAS"},"image":{"@id":"https:\/\/cvinoticias.com\/v3\/#\/schema\/logo\/image\/"},"sameAs":["https:\/\/www.facebook.com\/cvinoticias","https:\/\/www.instagram.com\/cvinoticias\/","https:\/\/www.youtube.com\/@CVINOTICIAS"]},{"@type":"Person","@id":"https:\/\/cvinoticias.com\/v3\/#\/schema\/person\/2db77e3c6bc03c538495d7b2b8be9b66","name":"f1000024","image":{"@type":"ImageObject","inLanguage":"es","@id":"https:\/\/secure.gravatar.com\/avatar\/d4fe7459cfc51ff5129ce1a732bbef5928568b8092d412ef95611616376bbeed?s=96&d=mm&r=g","url":"https:\/\/secure.gravatar.com\/avatar\/d4fe7459cfc51ff5129ce1a732bbef5928568b8092d412ef95611616376bbeed?s=96&d=mm&r=g","contentUrl":"https:\/\/secure.gravatar.com\/avatar\/d4fe7459cfc51ff5129ce1a732bbef5928568b8092d412ef95611616376bbeed?s=96&d=mm&r=g","caption":"f1000024"},"url":"https:\/\/cvinoticias.com\/v3\/author\/f1000024\/"}]}},"_links":{"self":[{"href":"https:\/\/cvinoticias.com\/v3\/wp-json\/wp\/v2\/posts\/14326","targetHints":{"allow":["GET"]}}],"collection":[{"href":"https:\/\/cvinoticias.com\/v3\/wp-json\/wp\/v2\/posts"}],"about":[{"href":"https:\/\/cvinoticias.com\/v3\/wp-json\/wp\/v2\/types\/post"}],"author":[{"embeddable":true,"href":"https:\/\/cvinoticias.com\/v3\/wp-json\/wp\/v2\/users\/2"}],"replies":[{"embeddable":true,"href":"https:\/\/cvinoticias.com\/v3\/wp-json\/wp\/v2\/comments?post=14326"}],"version-history":[{"count":1,"href":"https:\/\/cvinoticias.com\/v3\/wp-json\/wp\/v2\/posts\/14326\/revisions"}],"predecessor-version":[{"id":14328,"href":"https:\/\/cvinoticias.com\/v3\/wp-json\/wp\/v2\/posts\/14326\/revisions\/14328"}],"wp:featuredmedia":[{"embeddable":true,"href":"https:\/\/cvinoticias.com\/v3\/wp-json\/wp\/v2\/media\/14327"}],"wp:attachment":[{"href":"https:\/\/cvinoticias.com\/v3\/wp-json\/wp\/v2\/media?parent=14326"}],"wp:term":[{"taxonomy":"category","embeddable":true,"href":"https:\/\/cvinoticias.com\/v3\/wp-json\/wp\/v2\/categories?post=14326"},{"taxonomy":"post_tag","embeddable":true,"href":"https:\/\/cvinoticias.com\/v3\/wp-json\/wp\/v2\/tags?post=14326"}],"curies":[{"name":"wp","href":"https:\/\/api.w.org\/{rel}","templated":true}]}}