{"id":14266,"date":"2022-03-22T10:23:24","date_gmt":"2022-03-22T10:23:24","guid":{"rendered":"https:\/\/cvinoticias.com\/v3\/?p=14266"},"modified":"2022-03-22T10:23:24","modified_gmt":"2022-03-22T10:23:24","slug":"ante-la-falta-de-dialogo-los-docentes-misioneros-seguiran-el-paro-por-72-horas-mas","status":"publish","type":"post","link":"https:\/\/cvinoticias.com\/v3\/ante-la-falta-de-dialogo-los-docentes-misioneros-seguiran-el-paro-por-72-horas-mas\/","title":{"rendered":"Ante la falta de di\u00e1logo, los docentes misioneros seguir\u00e1n el paro por 72 horas m\u00e1s"},"content":{"rendered":"\n<p><strong><em>As\u00ed lo decidieron en Asamblea los representantes del Norte, como as\u00ed tambi\u00e9n de Puerto Rico, Jard\u00edn Am\u00e9rica y Posadas. Ante la falta de convocatoria al di\u00e1logo y de una propuesta llevar\u00e1n adelante la medida hasta el viernes.<\/em><\/strong><\/p>\n\n\n\n<p>El Frente de los Trabajadores docentes de Misiones resolvi\u00f3 en la tarde de este lunes, mediante una asamblea, realizar un nuevo paro de 72 horas.<\/p>\n\n\n\n<p>La asamblea se desarroll\u00f3 en el acampe de Puerto Piray, cont\u00f3 con todos los representantes de los municipios del norte, como as\u00ed tambi\u00e9n de Puerto Rico, Jard\u00edn Am\u00e9rica y Posadas, donde se resolvi\u00f3: \u00abAnte la falta de convocatoria al di\u00e1logo y de una propuesta de parte de la patronal, y atendiendo los numerosos pedidos que hemos realizado en b\u00fasqueda de sembrar el di\u00e1logo que hasta esta hora no aparece, la asamblea impulsa un nuevo paro por 72 horas\u00bb, informaron en sus redes sociales.<\/p>\n\n\n\n<p><strong>Asimismo, publicaron el cronograma que tendr\u00e1 dicha medida de fuerza:<\/strong><\/p>\n\n\n\n<p><strong>Martes 22: <\/strong>corte del acceso a Puerto Piray, Ruta Nacional 12 y Ruta Provincial 16 a partir de las 9:00.<\/p>\n\n\n\n<p><strong>Mi\u00e9rcoles 23:<\/strong> marcha desde el acceso a Puerto Piray hasta la planta de Arauco, bajo el lema: \u00abConociendo una de las bocas del extractivismo: aqu\u00ed est\u00e1 parte de la deuda externa\u00bb.<\/p>\n\n\n\n<p><strong>Jueves 24: <\/strong>marcha y corte del puente \u00abBanana\u00bb, sobre el Arroyo Piray Guaz\u00fa y acto por el d\u00eda de la Memoria, la Verdad y la Justicia.<\/p>\n\n\n\n<p><strong>Viernes 25<\/strong>: asamblea provincial MPL 9:00, en el acceso a Puerto. Piray. La marcha a la planta de Arauco tiene por objetivo se\u00f1alar qui\u00e9nes son los responsables de la tragedia de nuestro pueblo, qui\u00e9nes se llevan el dinero que producimos y que termina siendo necesario para nuestro sistema educativo.<\/p>\n\n\n\n<p>Para finalizar, remarcaron el compromiso ante el reclamo de un salario digno: \u00abLa verdadera democracia no puede descansar sobre el consenso de los poderosos y la explotaci\u00f3n y la exclusi\u00f3n de los trabajadores. Ni un paso atr\u00e1s\u00bb, afirmaron.<\/p>\n","protected":false},"excerpt":{"rendered":"<p>As\u00ed lo decidieron en Asamblea los representantes del Norte, como as\u00ed tambi\u00e9n de Puerto Rico, Jard\u00edn Am\u00e9rica y Posadas. Ante la falta de convocatoria al di\u00e1logo y de una propuesta llevar\u00e1n adelante la medida hasta el viernes. El Frente de los Trabajadores docentes de Misiones resolvi\u00f3 en la tarde de este lunes, mediante una asamblea, [&hellip;]<\/p>\n","protected":false},"author":2,"featured_media":14267,"comment_status":"open","ping_status":"open","sticky":false,"template":"","format":"standard","meta":{"footnotes":""},"categories":[26],"tags":[],"class_list":["post-14266","post","type-post","status-publish","format-standard","has-post-thumbnail","hentry","category-educacion"],"yoast_head":"<!-- This site is optimized with the Yoast SEO plugin v27.5 - https:\/\/yoast.com\/product\/yoast-seo-wordpress\/ -->\n<title>Ante la falta de di\u00e1logo, los docentes misioneros seguir\u00e1n el paro por 72 horas m\u00e1s | CVI NOTICIAS<\/title>\n<meta name=\"robots\" content=\"index, follow, max-snippet:-1, max-image-preview:large, max-video-preview:-1\" \/>\n<link rel=\"canonical\" href=\"https:\/\/cvinoticias.com\/v3\/ante-la-falta-de-dialogo-los-docentes-misioneros-seguiran-el-paro-por-72-horas-mas\/\" \/>\n<meta property=\"og:locale\" content=\"es_ES\" \/>\n<meta property=\"og:type\" content=\"article\" \/>\n<meta property=\"og:title\" content=\"Ante la falta de di\u00e1logo, los docentes misioneros seguir\u00e1n el paro por 72 horas m\u00e1s | CVI NOTICIAS\" \/>\n<meta property=\"og:description\" content=\"As\u00ed lo decidieron en Asamblea los representantes del Norte, como as\u00ed tambi\u00e9n de Puerto Rico, Jard\u00edn Am\u00e9rica y Posadas. Ante la falta de convocatoria al di\u00e1logo y de una propuesta llevar\u00e1n adelante la medida hasta el viernes. El Frente de los Trabajadores docentes de Misiones resolvi\u00f3 en la tarde de este lunes, mediante una asamblea, [&hellip;]\" \/>\n<meta property=\"og:url\" content=\"https:\/\/cvinoticias.com\/v3\/ante-la-falta-de-dialogo-los-docentes-misioneros-seguiran-el-paro-por-72-horas-mas\/\" \/>\n<meta property=\"og:site_name\" content=\"CVI NOTICIAS\" \/>\n<meta property=\"article:publisher\" content=\"https:\/\/www.facebook.com\/cvinoticias\" \/>\n<meta property=\"article:published_time\" content=\"2022-03-22T10:23:24+00:00\" \/>\n<meta property=\"og:image\" content=\"https:\/\/cvinoticias.com\/wp-content\/uploads\/2022\/03\/275511031_3278640815693196_7227117308207350536_n-1068x601-1.jpg\" \/>\n\t<meta property=\"og:image:width\" content=\"1068\" \/>\n\t<meta property=\"og:image:height\" content=\"601\" \/>\n\t<meta property=\"og:image:type\" content=\"image\/jpeg\" \/>\n<meta name=\"author\" content=\"f1000024\" \/>\n<meta name=\"twitter:card\" content=\"summary_large_image\" \/>\n<meta name=\"twitter:label1\" content=\"Escrito por\" \/>\n\t<meta name=\"twitter:data1\" content=\"f1000024\" \/>\n\t<meta name=\"twitter:label2\" content=\"Tiempo de lectura\" \/>\n\t<meta name=\"twitter:data2\" content=\"2 minutos\" \/>\n<script type=\"application\/ld+json\" class=\"yoast-schema-graph\">{\"@context\":\"https:\\\/\\\/schema.org\",\"@graph\":[{\"@type\":\"Article\",\"@id\":\"https:\\\/\\\/cvinoticias.com\\\/v3\\\/ante-la-falta-de-dialogo-los-docentes-misioneros-seguiran-el-paro-por-72-horas-mas\\\/#article\",\"isPartOf\":{\"@id\":\"https:\\\/\\\/cvinoticias.com\\\/v3\\\/ante-la-falta-de-dialogo-los-docentes-misioneros-seguiran-el-paro-por-72-horas-mas\\\/\"},\"author\":{\"name\":\"f1000024\",\"@id\":\"https:\\\/\\\/cvinoticias.com\\\/v3\\\/#\\\/schema\\\/person\\\/2db77e3c6bc03c538495d7b2b8be9b66\"},\"headline\":\"Ante la falta de di\u00e1logo, los docentes misioneros seguir\u00e1n el paro por 72 horas m\u00e1s\",\"datePublished\":\"2022-03-22T10:23:24+00:00\",\"mainEntityOfPage\":{\"@id\":\"https:\\\/\\\/cvinoticias.com\\\/v3\\\/ante-la-falta-de-dialogo-los-docentes-misioneros-seguiran-el-paro-por-72-horas-mas\\\/\"},\"wordCount\":345,\"commentCount\":0,\"publisher\":{\"@id\":\"https:\\\/\\\/cvinoticias.com\\\/v3\\\/#organization\"},\"image\":{\"@id\":\"https:\\\/\\\/cvinoticias.com\\\/v3\\\/ante-la-falta-de-dialogo-los-docentes-misioneros-seguiran-el-paro-por-72-horas-mas\\\/#primaryimage\"},\"thumbnailUrl\":\"https:\\\/\\\/cvinoticias.com\\\/wp-content\\\/uploads\\\/2022\\\/03\\\/275511031_3278640815693196_7227117308207350536_n-1068x601-1.jpg\",\"articleSection\":[\"Educacion\"],\"inLanguage\":\"es\",\"potentialAction\":[{\"@type\":\"CommentAction\",\"name\":\"Comment\",\"target\":[\"https:\\\/\\\/cvinoticias.com\\\/v3\\\/ante-la-falta-de-dialogo-los-docentes-misioneros-seguiran-el-paro-por-72-horas-mas\\\/#respond\"]}]},{\"@type\":\"WebPage\",\"@id\":\"https:\\\/\\\/cvinoticias.com\\\/v3\\\/ante-la-falta-de-dialogo-los-docentes-misioneros-seguiran-el-paro-por-72-horas-mas\\\/\",\"url\":\"https:\\\/\\\/cvinoticias.com\\\/v3\\\/ante-la-falta-de-dialogo-los-docentes-misioneros-seguiran-el-paro-por-72-horas-mas\\\/\",\"name\":\"Ante la falta de di\u00e1logo, los docentes misioneros seguir\u00e1n el paro por 72 horas m\u00e1s | CVI NOTICIAS\",\"isPartOf\":{\"@id\":\"https:\\\/\\\/cvinoticias.com\\\/v3\\\/#website\"},\"primaryImageOfPage\":{\"@id\":\"https:\\\/\\\/cvinoticias.com\\\/v3\\\/ante-la-falta-de-dialogo-los-docentes-misioneros-seguiran-el-paro-por-72-horas-mas\\\/#primaryimage\"},\"image\":{\"@id\":\"https:\\\/\\\/cvinoticias.com\\\/v3\\\/ante-la-falta-de-dialogo-los-docentes-misioneros-seguiran-el-paro-por-72-horas-mas\\\/#primaryimage\"},\"thumbnailUrl\":\"https:\\\/\\\/cvinoticias.com\\\/wp-content\\\/uploads\\\/2022\\\/03\\\/275511031_3278640815693196_7227117308207350536_n-1068x601-1.jpg\",\"datePublished\":\"2022-03-22T10:23:24+00:00\",\"breadcrumb\":{\"@id\":\"https:\\\/\\\/cvinoticias.com\\\/v3\\\/ante-la-falta-de-dialogo-los-docentes-misioneros-seguiran-el-paro-por-72-horas-mas\\\/#breadcrumb\"},\"inLanguage\":\"es\",\"potentialAction\":[{\"@type\":\"ReadAction\",\"target\":[\"https:\\\/\\\/cvinoticias.com\\\/v3\\\/ante-la-falta-de-dialogo-los-docentes-misioneros-seguiran-el-paro-por-72-horas-mas\\\/\"]}]},{\"@type\":\"ImageObject\",\"inLanguage\":\"es\",\"@id\":\"https:\\\/\\\/cvinoticias.com\\\/v3\\\/ante-la-falta-de-dialogo-los-docentes-misioneros-seguiran-el-paro-por-72-horas-mas\\\/#primaryimage\",\"url\":\"https:\\\/\\\/cvinoticias.com\\\/wp-content\\\/uploads\\\/2022\\\/03\\\/275511031_3278640815693196_7227117308207350536_n-1068x601-1.jpg\",\"contentUrl\":\"https:\\\/\\\/cvinoticias.com\\\/wp-content\\\/uploads\\\/2022\\\/03\\\/275511031_3278640815693196_7227117308207350536_n-1068x601-1.jpg\",\"width\":1068,\"height\":601},{\"@type\":\"BreadcrumbList\",\"@id\":\"https:\\\/\\\/cvinoticias.com\\\/v3\\\/ante-la-falta-de-dialogo-los-docentes-misioneros-seguiran-el-paro-por-72-horas-mas\\\/#breadcrumb\",\"itemListElement\":[{\"@type\":\"ListItem\",\"position\":1,\"name\":\"Portada\",\"item\":\"https:\\\/\\\/cvinoticias.com\\\/v3\\\/\"},{\"@type\":\"ListItem\",\"position\":2,\"name\":\"Ante la falta de di\u00e1logo, los docentes misioneros seguir\u00e1n el paro por 72 horas m\u00e1s\"}]},{\"@type\":\"WebSite\",\"@id\":\"https:\\\/\\\/cvinoticias.com\\\/v3\\\/#website\",\"url\":\"https:\\\/\\\/cvinoticias.com\\\/v3\\\/\",\"name\":\"CVI NOTICIAS\",\"description\":\"\",\"publisher\":{\"@id\":\"https:\\\/\\\/cvinoticias.com\\\/v3\\\/#organization\"},\"alternateName\":\"CVI\",\"potentialAction\":[{\"@type\":\"SearchAction\",\"target\":{\"@type\":\"EntryPoint\",\"urlTemplate\":\"https:\\\/\\\/cvinoticias.com\\\/v3\\\/?s={search_term_string}\"},\"query-input\":{\"@type\":\"PropertyValueSpecification\",\"valueRequired\":true,\"valueName\":\"search_term_string\"}}],\"inLanguage\":\"es\"},{\"@type\":\"Organization\",\"@id\":\"https:\\\/\\\/cvinoticias.com\\\/v3\\\/#organization\",\"name\":\"CVI NOTICIAS\",\"url\":\"https:\\\/\\\/cvinoticias.com\\\/v3\\\/\",\"logo\":{\"@type\":\"ImageObject\",\"inLanguage\":\"es\",\"@id\":\"https:\\\/\\\/cvinoticias.com\\\/v3\\\/#\\\/schema\\\/logo\\\/image\\\/\",\"url\":\"https:\\\/\\\/cvinoticias.com\\\/wp-content\\\/uploads\\\/2023\\\/04\\\/cropped-cropped-cropped-cropped-cropped-3-1.png\",\"contentUrl\":\"https:\\\/\\\/cvinoticias.com\\\/wp-content\\\/uploads\\\/2023\\\/04\\\/cropped-cropped-cropped-cropped-cropped-3-1.png\",\"width\":95,\"height\":122,\"caption\":\"CVI NOTICIAS\"},\"image\":{\"@id\":\"https:\\\/\\\/cvinoticias.com\\\/v3\\\/#\\\/schema\\\/logo\\\/image\\\/\"},\"sameAs\":[\"https:\\\/\\\/www.facebook.com\\\/cvinoticias\",\"https:\\\/\\\/www.instagram.com\\\/cvinoticias\\\/\",\"https:\\\/\\\/www.youtube.com\\\/@CVINOTICIAS\"]},{\"@type\":\"Person\",\"@id\":\"https:\\\/\\\/cvinoticias.com\\\/v3\\\/#\\\/schema\\\/person\\\/2db77e3c6bc03c538495d7b2b8be9b66\",\"name\":\"f1000024\",\"image\":{\"@type\":\"ImageObject\",\"inLanguage\":\"es\",\"@id\":\"https:\\\/\\\/secure.gravatar.com\\\/avatar\\\/d4fe7459cfc51ff5129ce1a732bbef5928568b8092d412ef95611616376bbeed?s=96&d=mm&r=g\",\"url\":\"https:\\\/\\\/secure.gravatar.com\\\/avatar\\\/d4fe7459cfc51ff5129ce1a732bbef5928568b8092d412ef95611616376bbeed?s=96&d=mm&r=g\",\"contentUrl\":\"https:\\\/\\\/secure.gravatar.com\\\/avatar\\\/d4fe7459cfc51ff5129ce1a732bbef5928568b8092d412ef95611616376bbeed?s=96&d=mm&r=g\",\"caption\":\"f1000024\"},\"url\":\"https:\\\/\\\/cvinoticias.com\\\/v3\\\/author\\\/f1000024\\\/\"}]}<\/script>\n<!-- \/ Yoast SEO plugin. -->","yoast_head_json":{"title":"Ante la falta de di\u00e1logo, los docentes misioneros seguir\u00e1n el paro por 72 horas m\u00e1s | CVI NOTICIAS","robots":{"index":"index","follow":"follow","max-snippet":"max-snippet:-1","max-image-preview":"max-image-preview:large","max-video-preview":"max-video-preview:-1"},"canonical":"https:\/\/cvinoticias.com\/v3\/ante-la-falta-de-dialogo-los-docentes-misioneros-seguiran-el-paro-por-72-horas-mas\/","og_locale":"es_ES","og_type":"article","og_title":"Ante la falta de di\u00e1logo, los docentes misioneros seguir\u00e1n el paro por 72 horas m\u00e1s | CVI NOTICIAS","og_description":"As\u00ed lo decidieron en Asamblea los representantes del Norte, como as\u00ed tambi\u00e9n de Puerto Rico, Jard\u00edn Am\u00e9rica y Posadas. Ante la falta de convocatoria al di\u00e1logo y de una propuesta llevar\u00e1n adelante la medida hasta el viernes. El Frente de los Trabajadores docentes de Misiones resolvi\u00f3 en la tarde de este lunes, mediante una asamblea, [&hellip;]","og_url":"https:\/\/cvinoticias.com\/v3\/ante-la-falta-de-dialogo-los-docentes-misioneros-seguiran-el-paro-por-72-horas-mas\/","og_site_name":"CVI NOTICIAS","article_publisher":"https:\/\/www.facebook.com\/cvinoticias","article_published_time":"2022-03-22T10:23:24+00:00","og_image":[{"width":1068,"height":601,"url":"https:\/\/cvinoticias.com\/wp-content\/uploads\/2022\/03\/275511031_3278640815693196_7227117308207350536_n-1068x601-1.jpg","type":"image\/jpeg"}],"author":"f1000024","twitter_card":"summary_large_image","twitter_misc":{"Escrito por":"f1000024","Tiempo de lectura":"2 minutos"},"schema":{"@context":"https:\/\/schema.org","@graph":[{"@type":"Article","@id":"https:\/\/cvinoticias.com\/v3\/ante-la-falta-de-dialogo-los-docentes-misioneros-seguiran-el-paro-por-72-horas-mas\/#article","isPartOf":{"@id":"https:\/\/cvinoticias.com\/v3\/ante-la-falta-de-dialogo-los-docentes-misioneros-seguiran-el-paro-por-72-horas-mas\/"},"author":{"name":"f1000024","@id":"https:\/\/cvinoticias.com\/v3\/#\/schema\/person\/2db77e3c6bc03c538495d7b2b8be9b66"},"headline":"Ante la falta de di\u00e1logo, los docentes misioneros seguir\u00e1n el paro por 72 horas m\u00e1s","datePublished":"2022-03-22T10:23:24+00:00","mainEntityOfPage":{"@id":"https:\/\/cvinoticias.com\/v3\/ante-la-falta-de-dialogo-los-docentes-misioneros-seguiran-el-paro-por-72-horas-mas\/"},"wordCount":345,"commentCount":0,"publisher":{"@id":"https:\/\/cvinoticias.com\/v3\/#organization"},"image":{"@id":"https:\/\/cvinoticias.com\/v3\/ante-la-falta-de-dialogo-los-docentes-misioneros-seguiran-el-paro-por-72-horas-mas\/#primaryimage"},"thumbnailUrl":"https:\/\/cvinoticias.com\/wp-content\/uploads\/2022\/03\/275511031_3278640815693196_7227117308207350536_n-1068x601-1.jpg","articleSection":["Educacion"],"inLanguage":"es","potentialAction":[{"@type":"CommentAction","name":"Comment","target":["https:\/\/cvinoticias.com\/v3\/ante-la-falta-de-dialogo-los-docentes-misioneros-seguiran-el-paro-por-72-horas-mas\/#respond"]}]},{"@type":"WebPage","@id":"https:\/\/cvinoticias.com\/v3\/ante-la-falta-de-dialogo-los-docentes-misioneros-seguiran-el-paro-por-72-horas-mas\/","url":"https:\/\/cvinoticias.com\/v3\/ante-la-falta-de-dialogo-los-docentes-misioneros-seguiran-el-paro-por-72-horas-mas\/","name":"Ante la falta de di\u00e1logo, los docentes misioneros seguir\u00e1n el paro por 72 horas m\u00e1s | CVI NOTICIAS","isPartOf":{"@id":"https:\/\/cvinoticias.com\/v3\/#website"},"primaryImageOfPage":{"@id":"https:\/\/cvinoticias.com\/v3\/ante-la-falta-de-dialogo-los-docentes-misioneros-seguiran-el-paro-por-72-horas-mas\/#primaryimage"},"image":{"@id":"https:\/\/cvinoticias.com\/v3\/ante-la-falta-de-dialogo-los-docentes-misioneros-seguiran-el-paro-por-72-horas-mas\/#primaryimage"},"thumbnailUrl":"https:\/\/cvinoticias.com\/wp-content\/uploads\/2022\/03\/275511031_3278640815693196_7227117308207350536_n-1068x601-1.jpg","datePublished":"2022-03-22T10:23:24+00:00","breadcrumb":{"@id":"https:\/\/cvinoticias.com\/v3\/ante-la-falta-de-dialogo-los-docentes-misioneros-seguiran-el-paro-por-72-horas-mas\/#breadcrumb"},"inLanguage":"es","potentialAction":[{"@type":"ReadAction","target":["https:\/\/cvinoticias.com\/v3\/ante-la-falta-de-dialogo-los-docentes-misioneros-seguiran-el-paro-por-72-horas-mas\/"]}]},{"@type":"ImageObject","inLanguage":"es","@id":"https:\/\/cvinoticias.com\/v3\/ante-la-falta-de-dialogo-los-docentes-misioneros-seguiran-el-paro-por-72-horas-mas\/#primaryimage","url":"https:\/\/cvinoticias.com\/wp-content\/uploads\/2022\/03\/275511031_3278640815693196_7227117308207350536_n-1068x601-1.jpg","contentUrl":"https:\/\/cvinoticias.com\/wp-content\/uploads\/2022\/03\/275511031_3278640815693196_7227117308207350536_n-1068x601-1.jpg","width":1068,"height":601},{"@type":"BreadcrumbList","@id":"https:\/\/cvinoticias.com\/v3\/ante-la-falta-de-dialogo-los-docentes-misioneros-seguiran-el-paro-por-72-horas-mas\/#breadcrumb","itemListElement":[{"@type":"ListItem","position":1,"name":"Portada","item":"https:\/\/cvinoticias.com\/v3\/"},{"@type":"ListItem","position":2,"name":"Ante la falta de di\u00e1logo, los docentes misioneros seguir\u00e1n el paro por 72 horas m\u00e1s"}]},{"@type":"WebSite","@id":"https:\/\/cvinoticias.com\/v3\/#website","url":"https:\/\/cvinoticias.com\/v3\/","name":"CVI NOTICIAS","description":"","publisher":{"@id":"https:\/\/cvinoticias.com\/v3\/#organization"},"alternateName":"CVI","potentialAction":[{"@type":"SearchAction","target":{"@type":"EntryPoint","urlTemplate":"https:\/\/cvinoticias.com\/v3\/?s={search_term_string}"},"query-input":{"@type":"PropertyValueSpecification","valueRequired":true,"valueName":"search_term_string"}}],"inLanguage":"es"},{"@type":"Organization","@id":"https:\/\/cvinoticias.com\/v3\/#organization","name":"CVI NOTICIAS","url":"https:\/\/cvinoticias.com\/v3\/","logo":{"@type":"ImageObject","inLanguage":"es","@id":"https:\/\/cvinoticias.com\/v3\/#\/schema\/logo\/image\/","url":"https:\/\/cvinoticias.com\/wp-content\/uploads\/2023\/04\/cropped-cropped-cropped-cropped-cropped-3-1.png","contentUrl":"https:\/\/cvinoticias.com\/wp-content\/uploads\/2023\/04\/cropped-cropped-cropped-cropped-cropped-3-1.png","width":95,"height":122,"caption":"CVI NOTICIAS"},"image":{"@id":"https:\/\/cvinoticias.com\/v3\/#\/schema\/logo\/image\/"},"sameAs":["https:\/\/www.facebook.com\/cvinoticias","https:\/\/www.instagram.com\/cvinoticias\/","https:\/\/www.youtube.com\/@CVINOTICIAS"]},{"@type":"Person","@id":"https:\/\/cvinoticias.com\/v3\/#\/schema\/person\/2db77e3c6bc03c538495d7b2b8be9b66","name":"f1000024","image":{"@type":"ImageObject","inLanguage":"es","@id":"https:\/\/secure.gravatar.com\/avatar\/d4fe7459cfc51ff5129ce1a732bbef5928568b8092d412ef95611616376bbeed?s=96&d=mm&r=g","url":"https:\/\/secure.gravatar.com\/avatar\/d4fe7459cfc51ff5129ce1a732bbef5928568b8092d412ef95611616376bbeed?s=96&d=mm&r=g","contentUrl":"https:\/\/secure.gravatar.com\/avatar\/d4fe7459cfc51ff5129ce1a732bbef5928568b8092d412ef95611616376bbeed?s=96&d=mm&r=g","caption":"f1000024"},"url":"https:\/\/cvinoticias.com\/v3\/author\/f1000024\/"}]}},"_links":{"self":[{"href":"https:\/\/cvinoticias.com\/v3\/wp-json\/wp\/v2\/posts\/14266","targetHints":{"allow":["GET"]}}],"collection":[{"href":"https:\/\/cvinoticias.com\/v3\/wp-json\/wp\/v2\/posts"}],"about":[{"href":"https:\/\/cvinoticias.com\/v3\/wp-json\/wp\/v2\/types\/post"}],"author":[{"embeddable":true,"href":"https:\/\/cvinoticias.com\/v3\/wp-json\/wp\/v2\/users\/2"}],"replies":[{"embeddable":true,"href":"https:\/\/cvinoticias.com\/v3\/wp-json\/wp\/v2\/comments?post=14266"}],"version-history":[{"count":1,"href":"https:\/\/cvinoticias.com\/v3\/wp-json\/wp\/v2\/posts\/14266\/revisions"}],"predecessor-version":[{"id":14268,"href":"https:\/\/cvinoticias.com\/v3\/wp-json\/wp\/v2\/posts\/14266\/revisions\/14268"}],"wp:featuredmedia":[{"embeddable":true,"href":"https:\/\/cvinoticias.com\/v3\/wp-json\/wp\/v2\/media\/14267"}],"wp:attachment":[{"href":"https:\/\/cvinoticias.com\/v3\/wp-json\/wp\/v2\/media?parent=14266"}],"wp:term":[{"taxonomy":"category","embeddable":true,"href":"https:\/\/cvinoticias.com\/v3\/wp-json\/wp\/v2\/categories?post=14266"},{"taxonomy":"post_tag","embeddable":true,"href":"https:\/\/cvinoticias.com\/v3\/wp-json\/wp\/v2\/tags?post=14266"}],"curies":[{"name":"wp","href":"https:\/\/api.w.org\/{rel}","templated":true}]}}