{"id":14229,"date":"2022-03-21T10:50:34","date_gmt":"2022-03-21T10:50:34","guid":{"rendered":"https:\/\/cvinoticias.com\/v3\/?p=14229"},"modified":"2022-03-21T10:50:34","modified_gmt":"2022-03-21T10:50:34","slug":"zonas-de-frontera-proponen-un-regimen-jubilatorio-para-docentes-de-secundario","status":"publish","type":"post","link":"https:\/\/cvinoticias.com\/v3\/zonas-de-frontera-proponen-un-regimen-jubilatorio-para-docentes-de-secundario\/","title":{"rendered":"Zonas de frontera: proponen un r\u00e9gimen jubilatorio para docentes de secundario"},"content":{"rendered":"\n<p><strong><em>La idea es evitar la judicializaci\u00f3n que docentes deben requerir para hacer efectivo el derecho de cobrar una jubilaci\u00f3n especial.<\/em><\/strong><\/p>\n\n\n\n<p>El diputado nacional y presidente del radicalismo provincial, Francisco Monti, present\u00f3 una iniciativa en la c\u00e1mara baja del Congreso por la cual propone actualizar el r\u00e9gimen jubilatorio haci\u00e9ndolo extensivo a docentes (maestros y profesores) de los niveles secundarios y terciarios en las zonas de fronteras. Para el caso, indic\u00f3 que tendr\u00e1 derecho a la jubilaci\u00f3n ordinaria sin l\u00edmite de edad el personal que en los establecimientos p\u00fablicos o privados acreditase 25 a\u00f1os de servicios como docente al frente directo de alumnos en escuelas de zonas y \u00e1reas de fronteras en el nivel inicial, primario, secundario y terciario.<\/p>\n\n\n\n<p>El legislador nacional indica dentro del proyecto que \u201ces importante hacer extensivo este beneficio previsional ya que sirve de est\u00edmulo para que los docentes se asienten en zonas desfavorables dentro del pa\u00eds, donde deben afrontar ciertas condiciones dif\u00edciles, alejado en centros urbanos de las mismas provincias, favoreciendo as\u00ed, el \u00e1mbito educativo y el derecho a la educaci\u00f3n\u201d.<\/p>\n\n\n\n<p>Dentro de la fundamentaci\u00f3n, Monti rescata que \u201cla jubilaci\u00f3n es un derecho conquistado y adquirido por los trabajadores docentes que, al tener rango de decreto, puede ser eliminado por otro acto administrativo del mismo tenor, en cualquier momento\u201d. As\u00ed, entiende que su propuesta \u201cevitar\u00edamos la judicializaci\u00f3n que actualmente, los docentes deben requerir para hacer efectivo el derecho de cobrar una jubilaci\u00f3n especial\u201d.<\/p>\n\n\n\n<p>Adem\u00e1s, explica que desde el 2006 se incorpor\u00f3 la educaci\u00f3n secundaria como obligatoria, con lo cual \u201cdebemos propiciar una real oportunidad de acceso a la educaci\u00f3n e igualdad en todos los niveles, en todo el pa\u00eds y una manera ser\u00eda, establecer el r\u00e9gimen diferenciado de jubilaciones para ellos tambi\u00e9n\u201d.<\/p>\n\n\n\n<p>De esta forma, plantea que al \u201cincorporar a los trabajadores docentes, de los niveles secundarios y terciarios, en zonas de fronteras, incentiva tambi\u00e9n a que muchos estudiantes, no deban dejar su lugar de residencia, de pertenencia, migrando a zonas urbanas que le ofrecen poder continuar con sus estudios\u201d. Sucede que \u201cante esta situaci\u00f3n, muchas veces el estudiante, termina desistiendo y abandonan la continuidad de sus estudios\u201d.<\/p>\n\n\n\n<p>\u201cEs importante hacer extensivo este beneficio previsional ya que sirve de est\u00edmulo para que los docentes se asienten en zonas desfavorables dentro del pa\u00eds, donde deben afrontar ciertas condiciones dif\u00edciles, alejado en centros urbanos de las mismas provincias, favoreciendo as\u00ed, el \u00e1mbito educativo y el derecho a la educaci\u00f3n\u201d, concluye.<\/p>\n","protected":false},"excerpt":{"rendered":"<p>La idea es evitar la judicializaci\u00f3n que docentes deben requerir para hacer efectivo el derecho de cobrar una jubilaci\u00f3n especial. El diputado nacional y presidente del radicalismo provincial, Francisco Monti, present\u00f3 una iniciativa en la c\u00e1mara baja del Congreso por la cual propone actualizar el r\u00e9gimen jubilatorio haci\u00e9ndolo extensivo a docentes (maestros y profesores) de [&hellip;]<\/p>\n","protected":false},"author":2,"featured_media":14230,"comment_status":"open","ping_status":"open","sticky":false,"template":"","format":"standard","meta":{"footnotes":""},"categories":[26],"tags":[],"class_list":["post-14229","post","type-post","status-publish","format-standard","has-post-thumbnail","hentry","category-educacion"],"yoast_head":"<!-- This site is optimized with the Yoast SEO plugin v27.5 - https:\/\/yoast.com\/product\/yoast-seo-wordpress\/ -->\n<title>Zonas de frontera: proponen un r\u00e9gimen jubilatorio para docentes de secundario | CVI NOTICIAS<\/title>\n<meta name=\"robots\" content=\"index, follow, max-snippet:-1, max-image-preview:large, max-video-preview:-1\" \/>\n<link rel=\"canonical\" href=\"https:\/\/cvinoticias.com\/v3\/zonas-de-frontera-proponen-un-regimen-jubilatorio-para-docentes-de-secundario\/\" \/>\n<meta property=\"og:locale\" content=\"es_ES\" \/>\n<meta property=\"og:type\" content=\"article\" \/>\n<meta property=\"og:title\" content=\"Zonas de frontera: proponen un r\u00e9gimen jubilatorio para docentes de secundario | CVI NOTICIAS\" \/>\n<meta property=\"og:description\" content=\"La idea es evitar la judicializaci\u00f3n que docentes deben requerir para hacer efectivo el derecho de cobrar una jubilaci\u00f3n especial. El diputado nacional y presidente del radicalismo provincial, Francisco Monti, present\u00f3 una iniciativa en la c\u00e1mara baja del Congreso por la cual propone actualizar el r\u00e9gimen jubilatorio haci\u00e9ndolo extensivo a docentes (maestros y profesores) de [&hellip;]\" \/>\n<meta property=\"og:url\" content=\"https:\/\/cvinoticias.com\/v3\/zonas-de-frontera-proponen-un-regimen-jubilatorio-para-docentes-de-secundario\/\" \/>\n<meta property=\"og:site_name\" content=\"CVI NOTICIAS\" \/>\n<meta property=\"article:publisher\" content=\"https:\/\/www.facebook.com\/cvinoticias\" \/>\n<meta property=\"article:published_time\" content=\"2022-03-21T10:50:34+00:00\" \/>\n<meta property=\"og:image\" content=\"https:\/\/cvinoticias.com\/wp-content\/uploads\/2022\/03\/f608x342-412836_442559_15.jpeg\" \/>\n\t<meta property=\"og:image:width\" content=\"608\" \/>\n\t<meta property=\"og:image:height\" content=\"342\" \/>\n\t<meta property=\"og:image:type\" content=\"image\/jpeg\" \/>\n<meta name=\"author\" content=\"f1000024\" \/>\n<meta name=\"twitter:card\" content=\"summary_large_image\" \/>\n<meta name=\"twitter:label1\" content=\"Escrito por\" \/>\n\t<meta name=\"twitter:data1\" content=\"f1000024\" \/>\n\t<meta name=\"twitter:label2\" content=\"Tiempo de lectura\" \/>\n\t<meta name=\"twitter:data2\" content=\"2 minutos\" \/>\n<script type=\"application\/ld+json\" class=\"yoast-schema-graph\">{\"@context\":\"https:\\\/\\\/schema.org\",\"@graph\":[{\"@type\":\"Article\",\"@id\":\"https:\\\/\\\/cvinoticias.com\\\/v3\\\/zonas-de-frontera-proponen-un-regimen-jubilatorio-para-docentes-de-secundario\\\/#article\",\"isPartOf\":{\"@id\":\"https:\\\/\\\/cvinoticias.com\\\/v3\\\/zonas-de-frontera-proponen-un-regimen-jubilatorio-para-docentes-de-secundario\\\/\"},\"author\":{\"name\":\"f1000024\",\"@id\":\"https:\\\/\\\/cvinoticias.com\\\/v3\\\/#\\\/schema\\\/person\\\/2db77e3c6bc03c538495d7b2b8be9b66\"},\"headline\":\"Zonas de frontera: proponen un r\u00e9gimen jubilatorio para docentes de secundario\",\"datePublished\":\"2022-03-21T10:50:34+00:00\",\"mainEntityOfPage\":{\"@id\":\"https:\\\/\\\/cvinoticias.com\\\/v3\\\/zonas-de-frontera-proponen-un-regimen-jubilatorio-para-docentes-de-secundario\\\/\"},\"wordCount\":442,\"commentCount\":0,\"publisher\":{\"@id\":\"https:\\\/\\\/cvinoticias.com\\\/v3\\\/#organization\"},\"image\":{\"@id\":\"https:\\\/\\\/cvinoticias.com\\\/v3\\\/zonas-de-frontera-proponen-un-regimen-jubilatorio-para-docentes-de-secundario\\\/#primaryimage\"},\"thumbnailUrl\":\"https:\\\/\\\/cvinoticias.com\\\/wp-content\\\/uploads\\\/2022\\\/03\\\/f608x342-412836_442559_15.jpeg\",\"articleSection\":[\"Educacion\"],\"inLanguage\":\"es\",\"potentialAction\":[{\"@type\":\"CommentAction\",\"name\":\"Comment\",\"target\":[\"https:\\\/\\\/cvinoticias.com\\\/v3\\\/zonas-de-frontera-proponen-un-regimen-jubilatorio-para-docentes-de-secundario\\\/#respond\"]}]},{\"@type\":\"WebPage\",\"@id\":\"https:\\\/\\\/cvinoticias.com\\\/v3\\\/zonas-de-frontera-proponen-un-regimen-jubilatorio-para-docentes-de-secundario\\\/\",\"url\":\"https:\\\/\\\/cvinoticias.com\\\/v3\\\/zonas-de-frontera-proponen-un-regimen-jubilatorio-para-docentes-de-secundario\\\/\",\"name\":\"Zonas de frontera: proponen un r\u00e9gimen jubilatorio para docentes de secundario | CVI NOTICIAS\",\"isPartOf\":{\"@id\":\"https:\\\/\\\/cvinoticias.com\\\/v3\\\/#website\"},\"primaryImageOfPage\":{\"@id\":\"https:\\\/\\\/cvinoticias.com\\\/v3\\\/zonas-de-frontera-proponen-un-regimen-jubilatorio-para-docentes-de-secundario\\\/#primaryimage\"},\"image\":{\"@id\":\"https:\\\/\\\/cvinoticias.com\\\/v3\\\/zonas-de-frontera-proponen-un-regimen-jubilatorio-para-docentes-de-secundario\\\/#primaryimage\"},\"thumbnailUrl\":\"https:\\\/\\\/cvinoticias.com\\\/wp-content\\\/uploads\\\/2022\\\/03\\\/f608x342-412836_442559_15.jpeg\",\"datePublished\":\"2022-03-21T10:50:34+00:00\",\"breadcrumb\":{\"@id\":\"https:\\\/\\\/cvinoticias.com\\\/v3\\\/zonas-de-frontera-proponen-un-regimen-jubilatorio-para-docentes-de-secundario\\\/#breadcrumb\"},\"inLanguage\":\"es\",\"potentialAction\":[{\"@type\":\"ReadAction\",\"target\":[\"https:\\\/\\\/cvinoticias.com\\\/v3\\\/zonas-de-frontera-proponen-un-regimen-jubilatorio-para-docentes-de-secundario\\\/\"]}]},{\"@type\":\"ImageObject\",\"inLanguage\":\"es\",\"@id\":\"https:\\\/\\\/cvinoticias.com\\\/v3\\\/zonas-de-frontera-proponen-un-regimen-jubilatorio-para-docentes-de-secundario\\\/#primaryimage\",\"url\":\"https:\\\/\\\/cvinoticias.com\\\/wp-content\\\/uploads\\\/2022\\\/03\\\/f608x342-412836_442559_15.jpeg\",\"contentUrl\":\"https:\\\/\\\/cvinoticias.com\\\/wp-content\\\/uploads\\\/2022\\\/03\\\/f608x342-412836_442559_15.jpeg\",\"width\":608,\"height\":342},{\"@type\":\"BreadcrumbList\",\"@id\":\"https:\\\/\\\/cvinoticias.com\\\/v3\\\/zonas-de-frontera-proponen-un-regimen-jubilatorio-para-docentes-de-secundario\\\/#breadcrumb\",\"itemListElement\":[{\"@type\":\"ListItem\",\"position\":1,\"name\":\"Portada\",\"item\":\"https:\\\/\\\/cvinoticias.com\\\/v3\\\/\"},{\"@type\":\"ListItem\",\"position\":2,\"name\":\"Zonas de frontera: proponen un r\u00e9gimen jubilatorio para docentes de secundario\"}]},{\"@type\":\"WebSite\",\"@id\":\"https:\\\/\\\/cvinoticias.com\\\/v3\\\/#website\",\"url\":\"https:\\\/\\\/cvinoticias.com\\\/v3\\\/\",\"name\":\"CVI NOTICIAS\",\"description\":\"\",\"publisher\":{\"@id\":\"https:\\\/\\\/cvinoticias.com\\\/v3\\\/#organization\"},\"alternateName\":\"CVI\",\"potentialAction\":[{\"@type\":\"SearchAction\",\"target\":{\"@type\":\"EntryPoint\",\"urlTemplate\":\"https:\\\/\\\/cvinoticias.com\\\/v3\\\/?s={search_term_string}\"},\"query-input\":{\"@type\":\"PropertyValueSpecification\",\"valueRequired\":true,\"valueName\":\"search_term_string\"}}],\"inLanguage\":\"es\"},{\"@type\":\"Organization\",\"@id\":\"https:\\\/\\\/cvinoticias.com\\\/v3\\\/#organization\",\"name\":\"CVI NOTICIAS\",\"url\":\"https:\\\/\\\/cvinoticias.com\\\/v3\\\/\",\"logo\":{\"@type\":\"ImageObject\",\"inLanguage\":\"es\",\"@id\":\"https:\\\/\\\/cvinoticias.com\\\/v3\\\/#\\\/schema\\\/logo\\\/image\\\/\",\"url\":\"https:\\\/\\\/cvinoticias.com\\\/wp-content\\\/uploads\\\/2023\\\/04\\\/cropped-cropped-cropped-cropped-cropped-3-1.png\",\"contentUrl\":\"https:\\\/\\\/cvinoticias.com\\\/wp-content\\\/uploads\\\/2023\\\/04\\\/cropped-cropped-cropped-cropped-cropped-3-1.png\",\"width\":95,\"height\":122,\"caption\":\"CVI NOTICIAS\"},\"image\":{\"@id\":\"https:\\\/\\\/cvinoticias.com\\\/v3\\\/#\\\/schema\\\/logo\\\/image\\\/\"},\"sameAs\":[\"https:\\\/\\\/www.facebook.com\\\/cvinoticias\",\"https:\\\/\\\/www.instagram.com\\\/cvinoticias\\\/\",\"https:\\\/\\\/www.youtube.com\\\/@CVINOTICIAS\"]},{\"@type\":\"Person\",\"@id\":\"https:\\\/\\\/cvinoticias.com\\\/v3\\\/#\\\/schema\\\/person\\\/2db77e3c6bc03c538495d7b2b8be9b66\",\"name\":\"f1000024\",\"image\":{\"@type\":\"ImageObject\",\"inLanguage\":\"es\",\"@id\":\"https:\\\/\\\/secure.gravatar.com\\\/avatar\\\/d4fe7459cfc51ff5129ce1a732bbef5928568b8092d412ef95611616376bbeed?s=96&d=mm&r=g\",\"url\":\"https:\\\/\\\/secure.gravatar.com\\\/avatar\\\/d4fe7459cfc51ff5129ce1a732bbef5928568b8092d412ef95611616376bbeed?s=96&d=mm&r=g\",\"contentUrl\":\"https:\\\/\\\/secure.gravatar.com\\\/avatar\\\/d4fe7459cfc51ff5129ce1a732bbef5928568b8092d412ef95611616376bbeed?s=96&d=mm&r=g\",\"caption\":\"f1000024\"},\"url\":\"https:\\\/\\\/cvinoticias.com\\\/v3\\\/author\\\/f1000024\\\/\"}]}<\/script>\n<!-- \/ Yoast SEO plugin. -->","yoast_head_json":{"title":"Zonas de frontera: proponen un r\u00e9gimen jubilatorio para docentes de secundario | CVI NOTICIAS","robots":{"index":"index","follow":"follow","max-snippet":"max-snippet:-1","max-image-preview":"max-image-preview:large","max-video-preview":"max-video-preview:-1"},"canonical":"https:\/\/cvinoticias.com\/v3\/zonas-de-frontera-proponen-un-regimen-jubilatorio-para-docentes-de-secundario\/","og_locale":"es_ES","og_type":"article","og_title":"Zonas de frontera: proponen un r\u00e9gimen jubilatorio para docentes de secundario | CVI NOTICIAS","og_description":"La idea es evitar la judicializaci\u00f3n que docentes deben requerir para hacer efectivo el derecho de cobrar una jubilaci\u00f3n especial. El diputado nacional y presidente del radicalismo provincial, Francisco Monti, present\u00f3 una iniciativa en la c\u00e1mara baja del Congreso por la cual propone actualizar el r\u00e9gimen jubilatorio haci\u00e9ndolo extensivo a docentes (maestros y profesores) de [&hellip;]","og_url":"https:\/\/cvinoticias.com\/v3\/zonas-de-frontera-proponen-un-regimen-jubilatorio-para-docentes-de-secundario\/","og_site_name":"CVI NOTICIAS","article_publisher":"https:\/\/www.facebook.com\/cvinoticias","article_published_time":"2022-03-21T10:50:34+00:00","og_image":[{"width":608,"height":342,"url":"https:\/\/cvinoticias.com\/wp-content\/uploads\/2022\/03\/f608x342-412836_442559_15.jpeg","type":"image\/jpeg"}],"author":"f1000024","twitter_card":"summary_large_image","twitter_misc":{"Escrito por":"f1000024","Tiempo de lectura":"2 minutos"},"schema":{"@context":"https:\/\/schema.org","@graph":[{"@type":"Article","@id":"https:\/\/cvinoticias.com\/v3\/zonas-de-frontera-proponen-un-regimen-jubilatorio-para-docentes-de-secundario\/#article","isPartOf":{"@id":"https:\/\/cvinoticias.com\/v3\/zonas-de-frontera-proponen-un-regimen-jubilatorio-para-docentes-de-secundario\/"},"author":{"name":"f1000024","@id":"https:\/\/cvinoticias.com\/v3\/#\/schema\/person\/2db77e3c6bc03c538495d7b2b8be9b66"},"headline":"Zonas de frontera: proponen un r\u00e9gimen jubilatorio para docentes de secundario","datePublished":"2022-03-21T10:50:34+00:00","mainEntityOfPage":{"@id":"https:\/\/cvinoticias.com\/v3\/zonas-de-frontera-proponen-un-regimen-jubilatorio-para-docentes-de-secundario\/"},"wordCount":442,"commentCount":0,"publisher":{"@id":"https:\/\/cvinoticias.com\/v3\/#organization"},"image":{"@id":"https:\/\/cvinoticias.com\/v3\/zonas-de-frontera-proponen-un-regimen-jubilatorio-para-docentes-de-secundario\/#primaryimage"},"thumbnailUrl":"https:\/\/cvinoticias.com\/wp-content\/uploads\/2022\/03\/f608x342-412836_442559_15.jpeg","articleSection":["Educacion"],"inLanguage":"es","potentialAction":[{"@type":"CommentAction","name":"Comment","target":["https:\/\/cvinoticias.com\/v3\/zonas-de-frontera-proponen-un-regimen-jubilatorio-para-docentes-de-secundario\/#respond"]}]},{"@type":"WebPage","@id":"https:\/\/cvinoticias.com\/v3\/zonas-de-frontera-proponen-un-regimen-jubilatorio-para-docentes-de-secundario\/","url":"https:\/\/cvinoticias.com\/v3\/zonas-de-frontera-proponen-un-regimen-jubilatorio-para-docentes-de-secundario\/","name":"Zonas de frontera: proponen un r\u00e9gimen jubilatorio para docentes de secundario | CVI NOTICIAS","isPartOf":{"@id":"https:\/\/cvinoticias.com\/v3\/#website"},"primaryImageOfPage":{"@id":"https:\/\/cvinoticias.com\/v3\/zonas-de-frontera-proponen-un-regimen-jubilatorio-para-docentes-de-secundario\/#primaryimage"},"image":{"@id":"https:\/\/cvinoticias.com\/v3\/zonas-de-frontera-proponen-un-regimen-jubilatorio-para-docentes-de-secundario\/#primaryimage"},"thumbnailUrl":"https:\/\/cvinoticias.com\/wp-content\/uploads\/2022\/03\/f608x342-412836_442559_15.jpeg","datePublished":"2022-03-21T10:50:34+00:00","breadcrumb":{"@id":"https:\/\/cvinoticias.com\/v3\/zonas-de-frontera-proponen-un-regimen-jubilatorio-para-docentes-de-secundario\/#breadcrumb"},"inLanguage":"es","potentialAction":[{"@type":"ReadAction","target":["https:\/\/cvinoticias.com\/v3\/zonas-de-frontera-proponen-un-regimen-jubilatorio-para-docentes-de-secundario\/"]}]},{"@type":"ImageObject","inLanguage":"es","@id":"https:\/\/cvinoticias.com\/v3\/zonas-de-frontera-proponen-un-regimen-jubilatorio-para-docentes-de-secundario\/#primaryimage","url":"https:\/\/cvinoticias.com\/wp-content\/uploads\/2022\/03\/f608x342-412836_442559_15.jpeg","contentUrl":"https:\/\/cvinoticias.com\/wp-content\/uploads\/2022\/03\/f608x342-412836_442559_15.jpeg","width":608,"height":342},{"@type":"BreadcrumbList","@id":"https:\/\/cvinoticias.com\/v3\/zonas-de-frontera-proponen-un-regimen-jubilatorio-para-docentes-de-secundario\/#breadcrumb","itemListElement":[{"@type":"ListItem","position":1,"name":"Portada","item":"https:\/\/cvinoticias.com\/v3\/"},{"@type":"ListItem","position":2,"name":"Zonas de frontera: proponen un r\u00e9gimen jubilatorio para docentes de secundario"}]},{"@type":"WebSite","@id":"https:\/\/cvinoticias.com\/v3\/#website","url":"https:\/\/cvinoticias.com\/v3\/","name":"CVI NOTICIAS","description":"","publisher":{"@id":"https:\/\/cvinoticias.com\/v3\/#organization"},"alternateName":"CVI","potentialAction":[{"@type":"SearchAction","target":{"@type":"EntryPoint","urlTemplate":"https:\/\/cvinoticias.com\/v3\/?s={search_term_string}"},"query-input":{"@type":"PropertyValueSpecification","valueRequired":true,"valueName":"search_term_string"}}],"inLanguage":"es"},{"@type":"Organization","@id":"https:\/\/cvinoticias.com\/v3\/#organization","name":"CVI NOTICIAS","url":"https:\/\/cvinoticias.com\/v3\/","logo":{"@type":"ImageObject","inLanguage":"es","@id":"https:\/\/cvinoticias.com\/v3\/#\/schema\/logo\/image\/","url":"https:\/\/cvinoticias.com\/wp-content\/uploads\/2023\/04\/cropped-cropped-cropped-cropped-cropped-3-1.png","contentUrl":"https:\/\/cvinoticias.com\/wp-content\/uploads\/2023\/04\/cropped-cropped-cropped-cropped-cropped-3-1.png","width":95,"height":122,"caption":"CVI NOTICIAS"},"image":{"@id":"https:\/\/cvinoticias.com\/v3\/#\/schema\/logo\/image\/"},"sameAs":["https:\/\/www.facebook.com\/cvinoticias","https:\/\/www.instagram.com\/cvinoticias\/","https:\/\/www.youtube.com\/@CVINOTICIAS"]},{"@type":"Person","@id":"https:\/\/cvinoticias.com\/v3\/#\/schema\/person\/2db77e3c6bc03c538495d7b2b8be9b66","name":"f1000024","image":{"@type":"ImageObject","inLanguage":"es","@id":"https:\/\/secure.gravatar.com\/avatar\/d4fe7459cfc51ff5129ce1a732bbef5928568b8092d412ef95611616376bbeed?s=96&d=mm&r=g","url":"https:\/\/secure.gravatar.com\/avatar\/d4fe7459cfc51ff5129ce1a732bbef5928568b8092d412ef95611616376bbeed?s=96&d=mm&r=g","contentUrl":"https:\/\/secure.gravatar.com\/avatar\/d4fe7459cfc51ff5129ce1a732bbef5928568b8092d412ef95611616376bbeed?s=96&d=mm&r=g","caption":"f1000024"},"url":"https:\/\/cvinoticias.com\/v3\/author\/f1000024\/"}]}},"_links":{"self":[{"href":"https:\/\/cvinoticias.com\/v3\/wp-json\/wp\/v2\/posts\/14229","targetHints":{"allow":["GET"]}}],"collection":[{"href":"https:\/\/cvinoticias.com\/v3\/wp-json\/wp\/v2\/posts"}],"about":[{"href":"https:\/\/cvinoticias.com\/v3\/wp-json\/wp\/v2\/types\/post"}],"author":[{"embeddable":true,"href":"https:\/\/cvinoticias.com\/v3\/wp-json\/wp\/v2\/users\/2"}],"replies":[{"embeddable":true,"href":"https:\/\/cvinoticias.com\/v3\/wp-json\/wp\/v2\/comments?post=14229"}],"version-history":[{"count":1,"href":"https:\/\/cvinoticias.com\/v3\/wp-json\/wp\/v2\/posts\/14229\/revisions"}],"predecessor-version":[{"id":14231,"href":"https:\/\/cvinoticias.com\/v3\/wp-json\/wp\/v2\/posts\/14229\/revisions\/14231"}],"wp:featuredmedia":[{"embeddable":true,"href":"https:\/\/cvinoticias.com\/v3\/wp-json\/wp\/v2\/media\/14230"}],"wp:attachment":[{"href":"https:\/\/cvinoticias.com\/v3\/wp-json\/wp\/v2\/media?parent=14229"}],"wp:term":[{"taxonomy":"category","embeddable":true,"href":"https:\/\/cvinoticias.com\/v3\/wp-json\/wp\/v2\/categories?post=14229"},{"taxonomy":"post_tag","embeddable":true,"href":"https:\/\/cvinoticias.com\/v3\/wp-json\/wp\/v2\/tags?post=14229"}],"curies":[{"name":"wp","href":"https:\/\/api.w.org\/{rel}","templated":true}]}}