{"id":14216,"date":"2022-03-20T11:17:48","date_gmt":"2022-03-20T11:17:48","guid":{"rendered":"https:\/\/cvinoticias.com\/v3\/?p=14216"},"modified":"2022-03-20T11:17:48","modified_gmt":"2022-03-20T11:17:48","slug":"desde-dubai-la-yerba-misionera-amplia-su-mercado-internacional","status":"publish","type":"post","link":"https:\/\/cvinoticias.com\/v3\/desde-dubai-la-yerba-misionera-amplia-su-mercado-internacional\/","title":{"rendered":"Desde Dub\u00e1i, la yerba misionera ampl\u00eda su mercado internacional"},"content":{"rendered":"\n<p><em><strong>Despu\u00e9s de una exitosa participaci\u00f3n en la feria alimentaria Gulfood Dub\u00e1i, que tuvo lugar en febrero y es considerada la m\u00e1s importante de los Emiratos \u00c1rabes Unidos y puerta de entrada al mercado de Medio Oriente, Misiones particip\u00f3 de la misi\u00f3n comercial y tecnol\u00f3gica a la Expo Dub\u00e1i donde qued\u00f3 sellado el potencial crecimiento de inversiones para el producto madre de la tierra colorada.<\/strong><\/em><\/p>\n\n\n\n<p>La yerba de origen misionero, demostr\u00f3 su posicionamiento en el mundo, en la Exposici\u00f3n Universal de Dub\u00e1i, que tras haber sido aplazada por la pandemia, mantiene su nombre Expo Dub\u00e1i 2020. La delegaci\u00f3n argentina estuvo compuesta por distintos referentes del sector p\u00fablico y privado en una misi\u00f3n integrada por representantes de las provincias del Norte Grande argentino. En este marco, el sector yerbatero particip\u00f3 de reuniones y rondas de negocios, en la b\u00fasqueda de concretar ventas e inversiones.<\/p>\n\n\n\n<p>Que Siria es el principal destino de exportaci\u00f3n de la Yerba Mate no es una novedad, lo que s\u00ed es gratamente sorprendente, seg\u00fan destacaron integrantes de la delegaci\u00f3n fue el inter\u00e9s que tiene Medio Oriente por el proceso productivo de la Yerba Mate y su origen.<\/p>\n\n\n\n<p><strong>\u00bfC\u00f3mo Siria se convirti\u00f3 en el mayor comprador de yerba mate?<\/strong><\/p>\n\n\n\n<p>Cabe resaltar que el principal destino de las exportaciones de yerba mate argentina durante el 2019 fue Siria con 31 millones de Kilos, seguido de Chile y el L\u00edbano seg\u00fan datos del INYM.<\/p>\n\n\n\n<p>Pese a que Siria est\u00e1 muy lejos de Am\u00e9rica del Sur, tomar mate se volvi\u00f3 una costumbre, que se remonta a la inmigraci\u00f3n hacia Argentina de sirios y libaneses entre 1860 y 1870. Tal es el inter\u00e9s que tienen, que se convirtieron en el mayor comprador de yerba mate argentina en el mundo.<\/p>\n\n\n\n<p>Esa migraci\u00f3n de la comunidad sirio-libanesa a Argentina hizo que los intercambios culturales se produjeran en ambos sentidos. Los emigrados del Imperio Otomano incorporaron el h\u00e1bito de tomar mate y quienes regresaron a sus tierras exportaron la tradici\u00f3n.<\/p>\n\n\n\n<p>En este sentido, en la actualidad en Misiones se hallan dos establecimientos yerbateros de origen sirio, entre varias de capital nacional, que hace m\u00e1s de quince a\u00f1os producen y exportan yerba mate a Medio Oriente, manteniendo la calidad, el minucioso procesamiento y el tratamiento necesario para que llegue al mundo y mantenga el mismo sabor y la tradici\u00f3n de ese fiel compa\u00f1ero del R\u00edo de la Plata.<\/p>\n\n\n\n<figure class=\"wp-block-image size-large\"><a href=\"https:\/\/cvinoticias.com\/wp-content\/uploads\/2022\/03\/IMG-20220319-WA0247.jpg\"><img decoding=\"async\" width=\"1024\" height=\"668\" data-src=\"https:\/\/cvinoticias.com\/wp-content\/uploads\/2022\/03\/IMG-20220319-WA0247-1024x668.jpg\" alt=\"\" class=\"wp-image-14218 lazyload\" data-srcset=\"https:\/\/cvinoticias.com\/wp-content\/uploads\/2022\/03\/IMG-20220319-WA0247-1024x668.jpg 1024w, https:\/\/cvinoticias.com\/wp-content\/uploads\/2022\/03\/IMG-20220319-WA0247-300x196.jpg 300w, https:\/\/cvinoticias.com\/wp-content\/uploads\/2022\/03\/IMG-20220319-WA0247-768x501.jpg 768w, https:\/\/cvinoticias.com\/wp-content\/uploads\/2022\/03\/IMG-20220319-WA0247.jpg 1280w\" data-sizes=\"(max-width: 1024px) 100vw, 1024px\" src=\"data:image\/svg+xml;base64,PHN2ZyB3aWR0aD0iMSIgaGVpZ2h0PSIxIiB4bWxucz0iaHR0cDovL3d3dy53My5vcmcvMjAwMC9zdmciPjwvc3ZnPg==\" style=\"--smush-placeholder-width: 1024px; --smush-placeholder-aspect-ratio: 1024\/668;\" \/><\/a><\/figure>\n","protected":false},"excerpt":{"rendered":"<p>Despu\u00e9s de una exitosa participaci\u00f3n en la feria alimentaria Gulfood Dub\u00e1i, que tuvo lugar en febrero y es considerada la m\u00e1s importante de los Emiratos \u00c1rabes Unidos y puerta de entrada al mercado de Medio Oriente, Misiones particip\u00f3 de la misi\u00f3n comercial y tecnol\u00f3gica a la Expo Dub\u00e1i donde qued\u00f3 sellado el potencial crecimiento de [&hellip;]<\/p>\n","protected":false},"author":2,"featured_media":14217,"comment_status":"open","ping_status":"open","sticky":false,"template":"","format":"standard","meta":{"footnotes":""},"categories":[36],"tags":[],"class_list":["post-14216","post","type-post","status-publish","format-standard","has-post-thumbnail","hentry","category-internacionales"],"yoast_head":"<!-- This site is optimized with the Yoast SEO plugin v27.5 - https:\/\/yoast.com\/product\/yoast-seo-wordpress\/ -->\n<title>Desde Dub\u00e1i, la yerba misionera ampl\u00eda su mercado internacional | CVI NOTICIAS<\/title>\n<meta name=\"robots\" content=\"index, follow, max-snippet:-1, max-image-preview:large, max-video-preview:-1\" \/>\n<link rel=\"canonical\" href=\"https:\/\/cvinoticias.com\/v3\/desde-dubai-la-yerba-misionera-amplia-su-mercado-internacional\/\" \/>\n<meta property=\"og:locale\" content=\"es_ES\" \/>\n<meta property=\"og:type\" content=\"article\" \/>\n<meta property=\"og:title\" content=\"Desde Dub\u00e1i, la yerba misionera ampl\u00eda su mercado internacional | CVI NOTICIAS\" \/>\n<meta property=\"og:description\" content=\"Despu\u00e9s de una exitosa participaci\u00f3n en la feria alimentaria Gulfood Dub\u00e1i, que tuvo lugar en febrero y es considerada la m\u00e1s importante de los Emiratos \u00c1rabes Unidos y puerta de entrada al mercado de Medio Oriente, Misiones particip\u00f3 de la misi\u00f3n comercial y tecnol\u00f3gica a la Expo Dub\u00e1i donde qued\u00f3 sellado el potencial crecimiento de [&hellip;]\" \/>\n<meta property=\"og:url\" content=\"https:\/\/cvinoticias.com\/v3\/desde-dubai-la-yerba-misionera-amplia-su-mercado-internacional\/\" \/>\n<meta property=\"og:site_name\" content=\"CVI NOTICIAS\" \/>\n<meta property=\"article:publisher\" content=\"https:\/\/www.facebook.com\/cvinoticias\" \/>\n<meta property=\"article:published_time\" content=\"2022-03-20T11:17:48+00:00\" \/>\n<meta property=\"og:image\" content=\"https:\/\/cvinoticias.com\/wp-content\/uploads\/2022\/03\/IMG-20220319-WA0248.jpg\" \/>\n\t<meta property=\"og:image:width\" content=\"1280\" \/>\n\t<meta property=\"og:image:height\" content=\"876\" \/>\n\t<meta property=\"og:image:type\" content=\"image\/jpeg\" \/>\n<meta name=\"author\" content=\"f1000024\" \/>\n<meta name=\"twitter:card\" content=\"summary_large_image\" \/>\n<meta name=\"twitter:label1\" content=\"Escrito por\" \/>\n\t<meta name=\"twitter:data1\" content=\"f1000024\" \/>\n\t<meta name=\"twitter:label2\" content=\"Tiempo de lectura\" \/>\n\t<meta name=\"twitter:data2\" content=\"2 minutos\" \/>\n<script type=\"application\/ld+json\" class=\"yoast-schema-graph\">{\"@context\":\"https:\\\/\\\/schema.org\",\"@graph\":[{\"@type\":\"Article\",\"@id\":\"https:\\\/\\\/cvinoticias.com\\\/v3\\\/desde-dubai-la-yerba-misionera-amplia-su-mercado-internacional\\\/#article\",\"isPartOf\":{\"@id\":\"https:\\\/\\\/cvinoticias.com\\\/v3\\\/desde-dubai-la-yerba-misionera-amplia-su-mercado-internacional\\\/\"},\"author\":{\"name\":\"f1000024\",\"@id\":\"https:\\\/\\\/cvinoticias.com\\\/v3\\\/#\\\/schema\\\/person\\\/2db77e3c6bc03c538495d7b2b8be9b66\"},\"headline\":\"Desde Dub\u00e1i, la yerba misionera ampl\u00eda su mercado internacional\",\"datePublished\":\"2022-03-20T11:17:48+00:00\",\"mainEntityOfPage\":{\"@id\":\"https:\\\/\\\/cvinoticias.com\\\/v3\\\/desde-dubai-la-yerba-misionera-amplia-su-mercado-internacional\\\/\"},\"wordCount\":428,\"commentCount\":0,\"publisher\":{\"@id\":\"https:\\\/\\\/cvinoticias.com\\\/v3\\\/#organization\"},\"image\":{\"@id\":\"https:\\\/\\\/cvinoticias.com\\\/v3\\\/desde-dubai-la-yerba-misionera-amplia-su-mercado-internacional\\\/#primaryimage\"},\"thumbnailUrl\":\"https:\\\/\\\/cvinoticias.com\\\/wp-content\\\/uploads\\\/2022\\\/03\\\/IMG-20220319-WA0248.jpg\",\"articleSection\":[\"Internacionales\"],\"inLanguage\":\"es\",\"potentialAction\":[{\"@type\":\"CommentAction\",\"name\":\"Comment\",\"target\":[\"https:\\\/\\\/cvinoticias.com\\\/v3\\\/desde-dubai-la-yerba-misionera-amplia-su-mercado-internacional\\\/#respond\"]}]},{\"@type\":\"WebPage\",\"@id\":\"https:\\\/\\\/cvinoticias.com\\\/v3\\\/desde-dubai-la-yerba-misionera-amplia-su-mercado-internacional\\\/\",\"url\":\"https:\\\/\\\/cvinoticias.com\\\/v3\\\/desde-dubai-la-yerba-misionera-amplia-su-mercado-internacional\\\/\",\"name\":\"Desde Dub\u00e1i, la yerba misionera ampl\u00eda su mercado internacional | CVI NOTICIAS\",\"isPartOf\":{\"@id\":\"https:\\\/\\\/cvinoticias.com\\\/v3\\\/#website\"},\"primaryImageOfPage\":{\"@id\":\"https:\\\/\\\/cvinoticias.com\\\/v3\\\/desde-dubai-la-yerba-misionera-amplia-su-mercado-internacional\\\/#primaryimage\"},\"image\":{\"@id\":\"https:\\\/\\\/cvinoticias.com\\\/v3\\\/desde-dubai-la-yerba-misionera-amplia-su-mercado-internacional\\\/#primaryimage\"},\"thumbnailUrl\":\"https:\\\/\\\/cvinoticias.com\\\/wp-content\\\/uploads\\\/2022\\\/03\\\/IMG-20220319-WA0248.jpg\",\"datePublished\":\"2022-03-20T11:17:48+00:00\",\"breadcrumb\":{\"@id\":\"https:\\\/\\\/cvinoticias.com\\\/v3\\\/desde-dubai-la-yerba-misionera-amplia-su-mercado-internacional\\\/#breadcrumb\"},\"inLanguage\":\"es\",\"potentialAction\":[{\"@type\":\"ReadAction\",\"target\":[\"https:\\\/\\\/cvinoticias.com\\\/v3\\\/desde-dubai-la-yerba-misionera-amplia-su-mercado-internacional\\\/\"]}]},{\"@type\":\"ImageObject\",\"inLanguage\":\"es\",\"@id\":\"https:\\\/\\\/cvinoticias.com\\\/v3\\\/desde-dubai-la-yerba-misionera-amplia-su-mercado-internacional\\\/#primaryimage\",\"url\":\"https:\\\/\\\/cvinoticias.com\\\/wp-content\\\/uploads\\\/2022\\\/03\\\/IMG-20220319-WA0248.jpg\",\"contentUrl\":\"https:\\\/\\\/cvinoticias.com\\\/wp-content\\\/uploads\\\/2022\\\/03\\\/IMG-20220319-WA0248.jpg\",\"width\":1280,\"height\":876},{\"@type\":\"BreadcrumbList\",\"@id\":\"https:\\\/\\\/cvinoticias.com\\\/v3\\\/desde-dubai-la-yerba-misionera-amplia-su-mercado-internacional\\\/#breadcrumb\",\"itemListElement\":[{\"@type\":\"ListItem\",\"position\":1,\"name\":\"Portada\",\"item\":\"https:\\\/\\\/cvinoticias.com\\\/v3\\\/\"},{\"@type\":\"ListItem\",\"position\":2,\"name\":\"Desde Dub\u00e1i, la yerba misionera ampl\u00eda su mercado internacional\"}]},{\"@type\":\"WebSite\",\"@id\":\"https:\\\/\\\/cvinoticias.com\\\/v3\\\/#website\",\"url\":\"https:\\\/\\\/cvinoticias.com\\\/v3\\\/\",\"name\":\"CVI NOTICIAS\",\"description\":\"\",\"publisher\":{\"@id\":\"https:\\\/\\\/cvinoticias.com\\\/v3\\\/#organization\"},\"alternateName\":\"CVI\",\"potentialAction\":[{\"@type\":\"SearchAction\",\"target\":{\"@type\":\"EntryPoint\",\"urlTemplate\":\"https:\\\/\\\/cvinoticias.com\\\/v3\\\/?s={search_term_string}\"},\"query-input\":{\"@type\":\"PropertyValueSpecification\",\"valueRequired\":true,\"valueName\":\"search_term_string\"}}],\"inLanguage\":\"es\"},{\"@type\":\"Organization\",\"@id\":\"https:\\\/\\\/cvinoticias.com\\\/v3\\\/#organization\",\"name\":\"CVI NOTICIAS\",\"url\":\"https:\\\/\\\/cvinoticias.com\\\/v3\\\/\",\"logo\":{\"@type\":\"ImageObject\",\"inLanguage\":\"es\",\"@id\":\"https:\\\/\\\/cvinoticias.com\\\/v3\\\/#\\\/schema\\\/logo\\\/image\\\/\",\"url\":\"https:\\\/\\\/cvinoticias.com\\\/wp-content\\\/uploads\\\/2023\\\/04\\\/cropped-cropped-cropped-cropped-cropped-3-1.png\",\"contentUrl\":\"https:\\\/\\\/cvinoticias.com\\\/wp-content\\\/uploads\\\/2023\\\/04\\\/cropped-cropped-cropped-cropped-cropped-3-1.png\",\"width\":95,\"height\":122,\"caption\":\"CVI NOTICIAS\"},\"image\":{\"@id\":\"https:\\\/\\\/cvinoticias.com\\\/v3\\\/#\\\/schema\\\/logo\\\/image\\\/\"},\"sameAs\":[\"https:\\\/\\\/www.facebook.com\\\/cvinoticias\",\"https:\\\/\\\/www.instagram.com\\\/cvinoticias\\\/\",\"https:\\\/\\\/www.youtube.com\\\/@CVINOTICIAS\"]},{\"@type\":\"Person\",\"@id\":\"https:\\\/\\\/cvinoticias.com\\\/v3\\\/#\\\/schema\\\/person\\\/2db77e3c6bc03c538495d7b2b8be9b66\",\"name\":\"f1000024\",\"image\":{\"@type\":\"ImageObject\",\"inLanguage\":\"es\",\"@id\":\"https:\\\/\\\/secure.gravatar.com\\\/avatar\\\/d4fe7459cfc51ff5129ce1a732bbef5928568b8092d412ef95611616376bbeed?s=96&d=mm&r=g\",\"url\":\"https:\\\/\\\/secure.gravatar.com\\\/avatar\\\/d4fe7459cfc51ff5129ce1a732bbef5928568b8092d412ef95611616376bbeed?s=96&d=mm&r=g\",\"contentUrl\":\"https:\\\/\\\/secure.gravatar.com\\\/avatar\\\/d4fe7459cfc51ff5129ce1a732bbef5928568b8092d412ef95611616376bbeed?s=96&d=mm&r=g\",\"caption\":\"f1000024\"},\"url\":\"https:\\\/\\\/cvinoticias.com\\\/v3\\\/author\\\/f1000024\\\/\"}]}<\/script>\n<!-- \/ Yoast SEO plugin. -->","yoast_head_json":{"title":"Desde Dub\u00e1i, la yerba misionera ampl\u00eda su mercado internacional | CVI NOTICIAS","robots":{"index":"index","follow":"follow","max-snippet":"max-snippet:-1","max-image-preview":"max-image-preview:large","max-video-preview":"max-video-preview:-1"},"canonical":"https:\/\/cvinoticias.com\/v3\/desde-dubai-la-yerba-misionera-amplia-su-mercado-internacional\/","og_locale":"es_ES","og_type":"article","og_title":"Desde Dub\u00e1i, la yerba misionera ampl\u00eda su mercado internacional | CVI NOTICIAS","og_description":"Despu\u00e9s de una exitosa participaci\u00f3n en la feria alimentaria Gulfood Dub\u00e1i, que tuvo lugar en febrero y es considerada la m\u00e1s importante de los Emiratos \u00c1rabes Unidos y puerta de entrada al mercado de Medio Oriente, Misiones particip\u00f3 de la misi\u00f3n comercial y tecnol\u00f3gica a la Expo Dub\u00e1i donde qued\u00f3 sellado el potencial crecimiento de [&hellip;]","og_url":"https:\/\/cvinoticias.com\/v3\/desde-dubai-la-yerba-misionera-amplia-su-mercado-internacional\/","og_site_name":"CVI NOTICIAS","article_publisher":"https:\/\/www.facebook.com\/cvinoticias","article_published_time":"2022-03-20T11:17:48+00:00","og_image":[{"width":1280,"height":876,"url":"https:\/\/cvinoticias.com\/wp-content\/uploads\/2022\/03\/IMG-20220319-WA0248.jpg","type":"image\/jpeg"}],"author":"f1000024","twitter_card":"summary_large_image","twitter_misc":{"Escrito por":"f1000024","Tiempo de lectura":"2 minutos"},"schema":{"@context":"https:\/\/schema.org","@graph":[{"@type":"Article","@id":"https:\/\/cvinoticias.com\/v3\/desde-dubai-la-yerba-misionera-amplia-su-mercado-internacional\/#article","isPartOf":{"@id":"https:\/\/cvinoticias.com\/v3\/desde-dubai-la-yerba-misionera-amplia-su-mercado-internacional\/"},"author":{"name":"f1000024","@id":"https:\/\/cvinoticias.com\/v3\/#\/schema\/person\/2db77e3c6bc03c538495d7b2b8be9b66"},"headline":"Desde Dub\u00e1i, la yerba misionera ampl\u00eda su mercado internacional","datePublished":"2022-03-20T11:17:48+00:00","mainEntityOfPage":{"@id":"https:\/\/cvinoticias.com\/v3\/desde-dubai-la-yerba-misionera-amplia-su-mercado-internacional\/"},"wordCount":428,"commentCount":0,"publisher":{"@id":"https:\/\/cvinoticias.com\/v3\/#organization"},"image":{"@id":"https:\/\/cvinoticias.com\/v3\/desde-dubai-la-yerba-misionera-amplia-su-mercado-internacional\/#primaryimage"},"thumbnailUrl":"https:\/\/cvinoticias.com\/wp-content\/uploads\/2022\/03\/IMG-20220319-WA0248.jpg","articleSection":["Internacionales"],"inLanguage":"es","potentialAction":[{"@type":"CommentAction","name":"Comment","target":["https:\/\/cvinoticias.com\/v3\/desde-dubai-la-yerba-misionera-amplia-su-mercado-internacional\/#respond"]}]},{"@type":"WebPage","@id":"https:\/\/cvinoticias.com\/v3\/desde-dubai-la-yerba-misionera-amplia-su-mercado-internacional\/","url":"https:\/\/cvinoticias.com\/v3\/desde-dubai-la-yerba-misionera-amplia-su-mercado-internacional\/","name":"Desde Dub\u00e1i, la yerba misionera ampl\u00eda su mercado internacional | CVI NOTICIAS","isPartOf":{"@id":"https:\/\/cvinoticias.com\/v3\/#website"},"primaryImageOfPage":{"@id":"https:\/\/cvinoticias.com\/v3\/desde-dubai-la-yerba-misionera-amplia-su-mercado-internacional\/#primaryimage"},"image":{"@id":"https:\/\/cvinoticias.com\/v3\/desde-dubai-la-yerba-misionera-amplia-su-mercado-internacional\/#primaryimage"},"thumbnailUrl":"https:\/\/cvinoticias.com\/wp-content\/uploads\/2022\/03\/IMG-20220319-WA0248.jpg","datePublished":"2022-03-20T11:17:48+00:00","breadcrumb":{"@id":"https:\/\/cvinoticias.com\/v3\/desde-dubai-la-yerba-misionera-amplia-su-mercado-internacional\/#breadcrumb"},"inLanguage":"es","potentialAction":[{"@type":"ReadAction","target":["https:\/\/cvinoticias.com\/v3\/desde-dubai-la-yerba-misionera-amplia-su-mercado-internacional\/"]}]},{"@type":"ImageObject","inLanguage":"es","@id":"https:\/\/cvinoticias.com\/v3\/desde-dubai-la-yerba-misionera-amplia-su-mercado-internacional\/#primaryimage","url":"https:\/\/cvinoticias.com\/wp-content\/uploads\/2022\/03\/IMG-20220319-WA0248.jpg","contentUrl":"https:\/\/cvinoticias.com\/wp-content\/uploads\/2022\/03\/IMG-20220319-WA0248.jpg","width":1280,"height":876},{"@type":"BreadcrumbList","@id":"https:\/\/cvinoticias.com\/v3\/desde-dubai-la-yerba-misionera-amplia-su-mercado-internacional\/#breadcrumb","itemListElement":[{"@type":"ListItem","position":1,"name":"Portada","item":"https:\/\/cvinoticias.com\/v3\/"},{"@type":"ListItem","position":2,"name":"Desde Dub\u00e1i, la yerba misionera ampl\u00eda su mercado internacional"}]},{"@type":"WebSite","@id":"https:\/\/cvinoticias.com\/v3\/#website","url":"https:\/\/cvinoticias.com\/v3\/","name":"CVI NOTICIAS","description":"","publisher":{"@id":"https:\/\/cvinoticias.com\/v3\/#organization"},"alternateName":"CVI","potentialAction":[{"@type":"SearchAction","target":{"@type":"EntryPoint","urlTemplate":"https:\/\/cvinoticias.com\/v3\/?s={search_term_string}"},"query-input":{"@type":"PropertyValueSpecification","valueRequired":true,"valueName":"search_term_string"}}],"inLanguage":"es"},{"@type":"Organization","@id":"https:\/\/cvinoticias.com\/v3\/#organization","name":"CVI NOTICIAS","url":"https:\/\/cvinoticias.com\/v3\/","logo":{"@type":"ImageObject","inLanguage":"es","@id":"https:\/\/cvinoticias.com\/v3\/#\/schema\/logo\/image\/","url":"https:\/\/cvinoticias.com\/wp-content\/uploads\/2023\/04\/cropped-cropped-cropped-cropped-cropped-3-1.png","contentUrl":"https:\/\/cvinoticias.com\/wp-content\/uploads\/2023\/04\/cropped-cropped-cropped-cropped-cropped-3-1.png","width":95,"height":122,"caption":"CVI NOTICIAS"},"image":{"@id":"https:\/\/cvinoticias.com\/v3\/#\/schema\/logo\/image\/"},"sameAs":["https:\/\/www.facebook.com\/cvinoticias","https:\/\/www.instagram.com\/cvinoticias\/","https:\/\/www.youtube.com\/@CVINOTICIAS"]},{"@type":"Person","@id":"https:\/\/cvinoticias.com\/v3\/#\/schema\/person\/2db77e3c6bc03c538495d7b2b8be9b66","name":"f1000024","image":{"@type":"ImageObject","inLanguage":"es","@id":"https:\/\/secure.gravatar.com\/avatar\/d4fe7459cfc51ff5129ce1a732bbef5928568b8092d412ef95611616376bbeed?s=96&d=mm&r=g","url":"https:\/\/secure.gravatar.com\/avatar\/d4fe7459cfc51ff5129ce1a732bbef5928568b8092d412ef95611616376bbeed?s=96&d=mm&r=g","contentUrl":"https:\/\/secure.gravatar.com\/avatar\/d4fe7459cfc51ff5129ce1a732bbef5928568b8092d412ef95611616376bbeed?s=96&d=mm&r=g","caption":"f1000024"},"url":"https:\/\/cvinoticias.com\/v3\/author\/f1000024\/"}]}},"_links":{"self":[{"href":"https:\/\/cvinoticias.com\/v3\/wp-json\/wp\/v2\/posts\/14216","targetHints":{"allow":["GET"]}}],"collection":[{"href":"https:\/\/cvinoticias.com\/v3\/wp-json\/wp\/v2\/posts"}],"about":[{"href":"https:\/\/cvinoticias.com\/v3\/wp-json\/wp\/v2\/types\/post"}],"author":[{"embeddable":true,"href":"https:\/\/cvinoticias.com\/v3\/wp-json\/wp\/v2\/users\/2"}],"replies":[{"embeddable":true,"href":"https:\/\/cvinoticias.com\/v3\/wp-json\/wp\/v2\/comments?post=14216"}],"version-history":[{"count":1,"href":"https:\/\/cvinoticias.com\/v3\/wp-json\/wp\/v2\/posts\/14216\/revisions"}],"predecessor-version":[{"id":14219,"href":"https:\/\/cvinoticias.com\/v3\/wp-json\/wp\/v2\/posts\/14216\/revisions\/14219"}],"wp:featuredmedia":[{"embeddable":true,"href":"https:\/\/cvinoticias.com\/v3\/wp-json\/wp\/v2\/media\/14217"}],"wp:attachment":[{"href":"https:\/\/cvinoticias.com\/v3\/wp-json\/wp\/v2\/media?parent=14216"}],"wp:term":[{"taxonomy":"category","embeddable":true,"href":"https:\/\/cvinoticias.com\/v3\/wp-json\/wp\/v2\/categories?post=14216"},{"taxonomy":"post_tag","embeddable":true,"href":"https:\/\/cvinoticias.com\/v3\/wp-json\/wp\/v2\/tags?post=14216"}],"curies":[{"name":"wp","href":"https:\/\/api.w.org\/{rel}","templated":true}]}}