{"id":14204,"date":"2022-03-19T16:17:04","date_gmt":"2022-03-19T16:17:04","guid":{"rendered":"https:\/\/cvinoticias.com\/v3\/?p=14204"},"modified":"2022-03-19T16:18:29","modified_gmt":"2022-03-19T16:18:29","slug":"docentes-continuan-acampando-en-el-cge-y-anunciaron-la-cuarta-semana-de-paro","status":"publish","type":"post","link":"https:\/\/cvinoticias.com\/v3\/docentes-continuan-acampando-en-el-cge-y-anunciaron-la-cuarta-semana-de-paro\/","title":{"rendered":"Docentes contin\u00faan acampando en el CGE y anunciaron la cuarta semana de paro"},"content":{"rendered":"\n<p><strong><em>La Asamblea del frente de Trabajadores de la Educaci\u00f3n en lucha resolvi\u00f3 un nuevo paro por 72 horas, sin asistencia a los lugares de trabajo y sostener el acampe en el CGE.<\/em><\/strong><\/p>\n\n\n\n<p><strong>Mediante un comunicado, informaron que:<\/strong><br>En la tarde de este viernes, ante una convocatoria del gobierno provincial se ratific\u00f3 la voluntad de dialogar pero se advirti\u00f3 que las condiciones que pretenden imponer desde los funcionarios son extorsivas e inaceptables.<br>La asamblea multitudinaria, cont\u00f3 con la participaci\u00f3n de trabajadores de la Educaci\u00f3n de toda la provincia y ratific\u00f3 la continuidad del acampe y convoc\u00f3 a un nuevo paro por 72 horas sin asistencia a los lugares de trabajo. Tambi\u00e9n se resolvi\u00f3 convocar para el d\u00eda mi\u00e9rcoles 23 de marzo a una asamblea provincial en el acampe del CGE para evaluar las acciones de los d\u00edas de paro partir de las 8 hs \u2013<br>Se van a sostener acciones locales en distintos puntos de la provincia: marchas, acampes y asambleas en los pueblos.<br>Se convoca a la comunidad en general a participar de las acciones que se iran generando en el acampe durante el fin de semana con el objetivo de socializar sobre los alcances de este reclamo y sensibilizar sobre esta protesta que ya se ha convertido en hist\u00f3rica.<br>Se ratific\u00f3 la voluntad inquebrantable del dialogo pero tambi\u00e9n la firme defensa de la dignidad de lxs trabajadores. Las negociaciones deben darse en el marco del respeto a esta inmensa lucha que tiene como protagonistas a miles de trabajadores, especialmente maestras de grado que se rebelaron y est\u00e1n hoy encabezando las demandas.<br>Estamos esperando que el gobierno fije d\u00eda, hora y lugar para dialogar. Un dialogo sin extorsiones, sin condicionamientos. Un dialogo respetuoso y resolutivo.<br>Se repudi\u00f3 el hostigamiento de parte de las fuerzas de seguridad a los compa\u00f1eras del MPL.<br>Se repudi\u00f3 a Graciela Lissau, supervisora de Comandante Andresito, Norma Ortiz de San Antonio, Maria J\u00falia Ferreyra de Campo Grande y Mirta Romero de Candelaria, supervisoras que est\u00e1n presionando por la lista de trabajadores adheridos al paro, buscando as\u00ed disciplinar la lucha, y tienen que saber que si tocan a uno, tocan a todos, si no cesan sus aprietes, accionaremos legalmente.<\/p>\n\n\n\n<figure class=\"wp-block-image size-full\"><a href=\"https:\/\/cvinoticias.com\/wp-content\/uploads\/2022\/03\/275288559_3284188351805109_1605590872117587848_n.jpg\"><img decoding=\"async\" width=\"534\" height=\"548\" data-src=\"https:\/\/cvinoticias.com\/wp-content\/uploads\/2022\/03\/275288559_3284188351805109_1605590872117587848_n.jpg\" alt=\"\" class=\"wp-image-14206 lazyload\" data-srcset=\"https:\/\/cvinoticias.com\/wp-content\/uploads\/2022\/03\/275288559_3284188351805109_1605590872117587848_n.jpg 534w, https:\/\/cvinoticias.com\/wp-content\/uploads\/2022\/03\/275288559_3284188351805109_1605590872117587848_n-292x300.jpg 292w\" data-sizes=\"(max-width: 534px) 100vw, 534px\" src=\"data:image\/svg+xml;base64,PHN2ZyB3aWR0aD0iMSIgaGVpZ2h0PSIxIiB4bWxucz0iaHR0cDovL3d3dy53My5vcmcvMjAwMC9zdmciPjwvc3ZnPg==\" style=\"--smush-placeholder-width: 534px; --smush-placeholder-aspect-ratio: 534\/548;\" \/><\/a><\/figure>\n","protected":false},"excerpt":{"rendered":"<p>La Asamblea del frente de Trabajadores de la Educaci\u00f3n en lucha resolvi\u00f3 un nuevo paro por 72 horas, sin asistencia a los lugares de trabajo y sostener el acampe en el CGE. Mediante un comunicado, informaron que:En la tarde de este viernes, ante una convocatoria del gobierno provincial se ratific\u00f3 la voluntad de dialogar pero [&hellip;]<\/p>\n","protected":false},"author":2,"featured_media":14205,"comment_status":"open","ping_status":"open","sticky":false,"template":"","format":"standard","meta":{"footnotes":""},"categories":[26],"tags":[],"class_list":["post-14204","post","type-post","status-publish","format-standard","has-post-thumbnail","hentry","category-educacion"],"yoast_head":"<!-- This site is optimized with the Yoast SEO plugin v27.5 - https:\/\/yoast.com\/product\/yoast-seo-wordpress\/ -->\n<title>Docentes contin\u00faan acampando en el CGE y anunciaron la cuarta semana de paro | CVI NOTICIAS<\/title>\n<meta name=\"robots\" content=\"index, follow, max-snippet:-1, max-image-preview:large, max-video-preview:-1\" \/>\n<link rel=\"canonical\" href=\"https:\/\/cvinoticias.com\/v3\/docentes-continuan-acampando-en-el-cge-y-anunciaron-la-cuarta-semana-de-paro\/\" \/>\n<meta property=\"og:locale\" content=\"es_ES\" \/>\n<meta property=\"og:type\" content=\"article\" \/>\n<meta property=\"og:title\" content=\"Docentes contin\u00faan acampando en el CGE y anunciaron la cuarta semana de paro | CVI NOTICIAS\" \/>\n<meta property=\"og:description\" content=\"La Asamblea del frente de Trabajadores de la Educaci\u00f3n en lucha resolvi\u00f3 un nuevo paro por 72 horas, sin asistencia a los lugares de trabajo y sostener el acampe en el CGE. Mediante un comunicado, informaron que:En la tarde de este viernes, ante una convocatoria del gobierno provincial se ratific\u00f3 la voluntad de dialogar pero [&hellip;]\" \/>\n<meta property=\"og:url\" content=\"https:\/\/cvinoticias.com\/v3\/docentes-continuan-acampando-en-el-cge-y-anunciaron-la-cuarta-semana-de-paro\/\" \/>\n<meta property=\"og:site_name\" content=\"CVI NOTICIAS\" \/>\n<meta property=\"article:publisher\" content=\"https:\/\/www.facebook.com\/cvinoticias\" \/>\n<meta property=\"article:published_time\" content=\"2022-03-19T16:17:04+00:00\" \/>\n<meta property=\"article:modified_time\" content=\"2022-03-19T16:18:29+00:00\" \/>\n<meta property=\"og:image\" content=\"https:\/\/cvinoticias.com\/wp-content\/uploads\/2022\/03\/nuevo-acampe-CGE-jueves-18-marz-3-813x458-1.jpeg\" \/>\n\t<meta property=\"og:image:width\" content=\"813\" \/>\n\t<meta property=\"og:image:height\" content=\"458\" \/>\n\t<meta property=\"og:image:type\" content=\"image\/jpeg\" \/>\n<meta name=\"author\" content=\"f1000024\" \/>\n<meta name=\"twitter:card\" content=\"summary_large_image\" \/>\n<meta name=\"twitter:label1\" content=\"Escrito por\" \/>\n\t<meta name=\"twitter:data1\" content=\"f1000024\" \/>\n\t<meta name=\"twitter:label2\" content=\"Tiempo de lectura\" \/>\n\t<meta name=\"twitter:data2\" content=\"2 minutos\" \/>\n<script type=\"application\/ld+json\" class=\"yoast-schema-graph\">{\"@context\":\"https:\\\/\\\/schema.org\",\"@graph\":[{\"@type\":\"Article\",\"@id\":\"https:\\\/\\\/cvinoticias.com\\\/v3\\\/docentes-continuan-acampando-en-el-cge-y-anunciaron-la-cuarta-semana-de-paro\\\/#article\",\"isPartOf\":{\"@id\":\"https:\\\/\\\/cvinoticias.com\\\/v3\\\/docentes-continuan-acampando-en-el-cge-y-anunciaron-la-cuarta-semana-de-paro\\\/\"},\"author\":{\"name\":\"f1000024\",\"@id\":\"https:\\\/\\\/cvinoticias.com\\\/v3\\\/#\\\/schema\\\/person\\\/2db77e3c6bc03c538495d7b2b8be9b66\"},\"headline\":\"Docentes contin\u00faan acampando en el CGE y anunciaron la cuarta semana de paro\",\"datePublished\":\"2022-03-19T16:17:04+00:00\",\"dateModified\":\"2022-03-19T16:18:29+00:00\",\"mainEntityOfPage\":{\"@id\":\"https:\\\/\\\/cvinoticias.com\\\/v3\\\/docentes-continuan-acampando-en-el-cge-y-anunciaron-la-cuarta-semana-de-paro\\\/\"},\"wordCount\":385,\"commentCount\":0,\"publisher\":{\"@id\":\"https:\\\/\\\/cvinoticias.com\\\/v3\\\/#organization\"},\"image\":{\"@id\":\"https:\\\/\\\/cvinoticias.com\\\/v3\\\/docentes-continuan-acampando-en-el-cge-y-anunciaron-la-cuarta-semana-de-paro\\\/#primaryimage\"},\"thumbnailUrl\":\"https:\\\/\\\/cvinoticias.com\\\/wp-content\\\/uploads\\\/2022\\\/03\\\/nuevo-acampe-CGE-jueves-18-marz-3-813x458-1.jpeg\",\"articleSection\":[\"Educacion\"],\"inLanguage\":\"es\",\"potentialAction\":[{\"@type\":\"CommentAction\",\"name\":\"Comment\",\"target\":[\"https:\\\/\\\/cvinoticias.com\\\/v3\\\/docentes-continuan-acampando-en-el-cge-y-anunciaron-la-cuarta-semana-de-paro\\\/#respond\"]}]},{\"@type\":\"WebPage\",\"@id\":\"https:\\\/\\\/cvinoticias.com\\\/v3\\\/docentes-continuan-acampando-en-el-cge-y-anunciaron-la-cuarta-semana-de-paro\\\/\",\"url\":\"https:\\\/\\\/cvinoticias.com\\\/v3\\\/docentes-continuan-acampando-en-el-cge-y-anunciaron-la-cuarta-semana-de-paro\\\/\",\"name\":\"Docentes contin\u00faan acampando en el CGE y anunciaron la cuarta semana de paro | CVI NOTICIAS\",\"isPartOf\":{\"@id\":\"https:\\\/\\\/cvinoticias.com\\\/v3\\\/#website\"},\"primaryImageOfPage\":{\"@id\":\"https:\\\/\\\/cvinoticias.com\\\/v3\\\/docentes-continuan-acampando-en-el-cge-y-anunciaron-la-cuarta-semana-de-paro\\\/#primaryimage\"},\"image\":{\"@id\":\"https:\\\/\\\/cvinoticias.com\\\/v3\\\/docentes-continuan-acampando-en-el-cge-y-anunciaron-la-cuarta-semana-de-paro\\\/#primaryimage\"},\"thumbnailUrl\":\"https:\\\/\\\/cvinoticias.com\\\/wp-content\\\/uploads\\\/2022\\\/03\\\/nuevo-acampe-CGE-jueves-18-marz-3-813x458-1.jpeg\",\"datePublished\":\"2022-03-19T16:17:04+00:00\",\"dateModified\":\"2022-03-19T16:18:29+00:00\",\"breadcrumb\":{\"@id\":\"https:\\\/\\\/cvinoticias.com\\\/v3\\\/docentes-continuan-acampando-en-el-cge-y-anunciaron-la-cuarta-semana-de-paro\\\/#breadcrumb\"},\"inLanguage\":\"es\",\"potentialAction\":[{\"@type\":\"ReadAction\",\"target\":[\"https:\\\/\\\/cvinoticias.com\\\/v3\\\/docentes-continuan-acampando-en-el-cge-y-anunciaron-la-cuarta-semana-de-paro\\\/\"]}]},{\"@type\":\"ImageObject\",\"inLanguage\":\"es\",\"@id\":\"https:\\\/\\\/cvinoticias.com\\\/v3\\\/docentes-continuan-acampando-en-el-cge-y-anunciaron-la-cuarta-semana-de-paro\\\/#primaryimage\",\"url\":\"https:\\\/\\\/cvinoticias.com\\\/wp-content\\\/uploads\\\/2022\\\/03\\\/nuevo-acampe-CGE-jueves-18-marz-3-813x458-1.jpeg\",\"contentUrl\":\"https:\\\/\\\/cvinoticias.com\\\/wp-content\\\/uploads\\\/2022\\\/03\\\/nuevo-acampe-CGE-jueves-18-marz-3-813x458-1.jpeg\",\"width\":813,\"height\":458},{\"@type\":\"BreadcrumbList\",\"@id\":\"https:\\\/\\\/cvinoticias.com\\\/v3\\\/docentes-continuan-acampando-en-el-cge-y-anunciaron-la-cuarta-semana-de-paro\\\/#breadcrumb\",\"itemListElement\":[{\"@type\":\"ListItem\",\"position\":1,\"name\":\"Portada\",\"item\":\"https:\\\/\\\/cvinoticias.com\\\/v3\\\/\"},{\"@type\":\"ListItem\",\"position\":2,\"name\":\"Docentes contin\u00faan acampando en el CGE y anunciaron la cuarta semana de paro\"}]},{\"@type\":\"WebSite\",\"@id\":\"https:\\\/\\\/cvinoticias.com\\\/v3\\\/#website\",\"url\":\"https:\\\/\\\/cvinoticias.com\\\/v3\\\/\",\"name\":\"CVI NOTICIAS\",\"description\":\"\",\"publisher\":{\"@id\":\"https:\\\/\\\/cvinoticias.com\\\/v3\\\/#organization\"},\"alternateName\":\"CVI\",\"potentialAction\":[{\"@type\":\"SearchAction\",\"target\":{\"@type\":\"EntryPoint\",\"urlTemplate\":\"https:\\\/\\\/cvinoticias.com\\\/v3\\\/?s={search_term_string}\"},\"query-input\":{\"@type\":\"PropertyValueSpecification\",\"valueRequired\":true,\"valueName\":\"search_term_string\"}}],\"inLanguage\":\"es\"},{\"@type\":\"Organization\",\"@id\":\"https:\\\/\\\/cvinoticias.com\\\/v3\\\/#organization\",\"name\":\"CVI NOTICIAS\",\"url\":\"https:\\\/\\\/cvinoticias.com\\\/v3\\\/\",\"logo\":{\"@type\":\"ImageObject\",\"inLanguage\":\"es\",\"@id\":\"https:\\\/\\\/cvinoticias.com\\\/v3\\\/#\\\/schema\\\/logo\\\/image\\\/\",\"url\":\"https:\\\/\\\/cvinoticias.com\\\/wp-content\\\/uploads\\\/2023\\\/04\\\/cropped-cropped-cropped-cropped-cropped-3-1.png\",\"contentUrl\":\"https:\\\/\\\/cvinoticias.com\\\/wp-content\\\/uploads\\\/2023\\\/04\\\/cropped-cropped-cropped-cropped-cropped-3-1.png\",\"width\":95,\"height\":122,\"caption\":\"CVI NOTICIAS\"},\"image\":{\"@id\":\"https:\\\/\\\/cvinoticias.com\\\/v3\\\/#\\\/schema\\\/logo\\\/image\\\/\"},\"sameAs\":[\"https:\\\/\\\/www.facebook.com\\\/cvinoticias\",\"https:\\\/\\\/www.instagram.com\\\/cvinoticias\\\/\",\"https:\\\/\\\/www.youtube.com\\\/@CVINOTICIAS\"]},{\"@type\":\"Person\",\"@id\":\"https:\\\/\\\/cvinoticias.com\\\/v3\\\/#\\\/schema\\\/person\\\/2db77e3c6bc03c538495d7b2b8be9b66\",\"name\":\"f1000024\",\"image\":{\"@type\":\"ImageObject\",\"inLanguage\":\"es\",\"@id\":\"https:\\\/\\\/secure.gravatar.com\\\/avatar\\\/d4fe7459cfc51ff5129ce1a732bbef5928568b8092d412ef95611616376bbeed?s=96&d=mm&r=g\",\"url\":\"https:\\\/\\\/secure.gravatar.com\\\/avatar\\\/d4fe7459cfc51ff5129ce1a732bbef5928568b8092d412ef95611616376bbeed?s=96&d=mm&r=g\",\"contentUrl\":\"https:\\\/\\\/secure.gravatar.com\\\/avatar\\\/d4fe7459cfc51ff5129ce1a732bbef5928568b8092d412ef95611616376bbeed?s=96&d=mm&r=g\",\"caption\":\"f1000024\"},\"url\":\"https:\\\/\\\/cvinoticias.com\\\/v3\\\/author\\\/f1000024\\\/\"}]}<\/script>\n<!-- \/ Yoast SEO plugin. -->","yoast_head_json":{"title":"Docentes contin\u00faan acampando en el CGE y anunciaron la cuarta semana de paro | CVI NOTICIAS","robots":{"index":"index","follow":"follow","max-snippet":"max-snippet:-1","max-image-preview":"max-image-preview:large","max-video-preview":"max-video-preview:-1"},"canonical":"https:\/\/cvinoticias.com\/v3\/docentes-continuan-acampando-en-el-cge-y-anunciaron-la-cuarta-semana-de-paro\/","og_locale":"es_ES","og_type":"article","og_title":"Docentes contin\u00faan acampando en el CGE y anunciaron la cuarta semana de paro | CVI NOTICIAS","og_description":"La Asamblea del frente de Trabajadores de la Educaci\u00f3n en lucha resolvi\u00f3 un nuevo paro por 72 horas, sin asistencia a los lugares de trabajo y sostener el acampe en el CGE. Mediante un comunicado, informaron que:En la tarde de este viernes, ante una convocatoria del gobierno provincial se ratific\u00f3 la voluntad de dialogar pero [&hellip;]","og_url":"https:\/\/cvinoticias.com\/v3\/docentes-continuan-acampando-en-el-cge-y-anunciaron-la-cuarta-semana-de-paro\/","og_site_name":"CVI NOTICIAS","article_publisher":"https:\/\/www.facebook.com\/cvinoticias","article_published_time":"2022-03-19T16:17:04+00:00","article_modified_time":"2022-03-19T16:18:29+00:00","og_image":[{"width":813,"height":458,"url":"https:\/\/cvinoticias.com\/wp-content\/uploads\/2022\/03\/nuevo-acampe-CGE-jueves-18-marz-3-813x458-1.jpeg","type":"image\/jpeg"}],"author":"f1000024","twitter_card":"summary_large_image","twitter_misc":{"Escrito por":"f1000024","Tiempo de lectura":"2 minutos"},"schema":{"@context":"https:\/\/schema.org","@graph":[{"@type":"Article","@id":"https:\/\/cvinoticias.com\/v3\/docentes-continuan-acampando-en-el-cge-y-anunciaron-la-cuarta-semana-de-paro\/#article","isPartOf":{"@id":"https:\/\/cvinoticias.com\/v3\/docentes-continuan-acampando-en-el-cge-y-anunciaron-la-cuarta-semana-de-paro\/"},"author":{"name":"f1000024","@id":"https:\/\/cvinoticias.com\/v3\/#\/schema\/person\/2db77e3c6bc03c538495d7b2b8be9b66"},"headline":"Docentes contin\u00faan acampando en el CGE y anunciaron la cuarta semana de paro","datePublished":"2022-03-19T16:17:04+00:00","dateModified":"2022-03-19T16:18:29+00:00","mainEntityOfPage":{"@id":"https:\/\/cvinoticias.com\/v3\/docentes-continuan-acampando-en-el-cge-y-anunciaron-la-cuarta-semana-de-paro\/"},"wordCount":385,"commentCount":0,"publisher":{"@id":"https:\/\/cvinoticias.com\/v3\/#organization"},"image":{"@id":"https:\/\/cvinoticias.com\/v3\/docentes-continuan-acampando-en-el-cge-y-anunciaron-la-cuarta-semana-de-paro\/#primaryimage"},"thumbnailUrl":"https:\/\/cvinoticias.com\/wp-content\/uploads\/2022\/03\/nuevo-acampe-CGE-jueves-18-marz-3-813x458-1.jpeg","articleSection":["Educacion"],"inLanguage":"es","potentialAction":[{"@type":"CommentAction","name":"Comment","target":["https:\/\/cvinoticias.com\/v3\/docentes-continuan-acampando-en-el-cge-y-anunciaron-la-cuarta-semana-de-paro\/#respond"]}]},{"@type":"WebPage","@id":"https:\/\/cvinoticias.com\/v3\/docentes-continuan-acampando-en-el-cge-y-anunciaron-la-cuarta-semana-de-paro\/","url":"https:\/\/cvinoticias.com\/v3\/docentes-continuan-acampando-en-el-cge-y-anunciaron-la-cuarta-semana-de-paro\/","name":"Docentes contin\u00faan acampando en el CGE y anunciaron la cuarta semana de paro | CVI NOTICIAS","isPartOf":{"@id":"https:\/\/cvinoticias.com\/v3\/#website"},"primaryImageOfPage":{"@id":"https:\/\/cvinoticias.com\/v3\/docentes-continuan-acampando-en-el-cge-y-anunciaron-la-cuarta-semana-de-paro\/#primaryimage"},"image":{"@id":"https:\/\/cvinoticias.com\/v3\/docentes-continuan-acampando-en-el-cge-y-anunciaron-la-cuarta-semana-de-paro\/#primaryimage"},"thumbnailUrl":"https:\/\/cvinoticias.com\/wp-content\/uploads\/2022\/03\/nuevo-acampe-CGE-jueves-18-marz-3-813x458-1.jpeg","datePublished":"2022-03-19T16:17:04+00:00","dateModified":"2022-03-19T16:18:29+00:00","breadcrumb":{"@id":"https:\/\/cvinoticias.com\/v3\/docentes-continuan-acampando-en-el-cge-y-anunciaron-la-cuarta-semana-de-paro\/#breadcrumb"},"inLanguage":"es","potentialAction":[{"@type":"ReadAction","target":["https:\/\/cvinoticias.com\/v3\/docentes-continuan-acampando-en-el-cge-y-anunciaron-la-cuarta-semana-de-paro\/"]}]},{"@type":"ImageObject","inLanguage":"es","@id":"https:\/\/cvinoticias.com\/v3\/docentes-continuan-acampando-en-el-cge-y-anunciaron-la-cuarta-semana-de-paro\/#primaryimage","url":"https:\/\/cvinoticias.com\/wp-content\/uploads\/2022\/03\/nuevo-acampe-CGE-jueves-18-marz-3-813x458-1.jpeg","contentUrl":"https:\/\/cvinoticias.com\/wp-content\/uploads\/2022\/03\/nuevo-acampe-CGE-jueves-18-marz-3-813x458-1.jpeg","width":813,"height":458},{"@type":"BreadcrumbList","@id":"https:\/\/cvinoticias.com\/v3\/docentes-continuan-acampando-en-el-cge-y-anunciaron-la-cuarta-semana-de-paro\/#breadcrumb","itemListElement":[{"@type":"ListItem","position":1,"name":"Portada","item":"https:\/\/cvinoticias.com\/v3\/"},{"@type":"ListItem","position":2,"name":"Docentes contin\u00faan acampando en el CGE y anunciaron la cuarta semana de paro"}]},{"@type":"WebSite","@id":"https:\/\/cvinoticias.com\/v3\/#website","url":"https:\/\/cvinoticias.com\/v3\/","name":"CVI NOTICIAS","description":"","publisher":{"@id":"https:\/\/cvinoticias.com\/v3\/#organization"},"alternateName":"CVI","potentialAction":[{"@type":"SearchAction","target":{"@type":"EntryPoint","urlTemplate":"https:\/\/cvinoticias.com\/v3\/?s={search_term_string}"},"query-input":{"@type":"PropertyValueSpecification","valueRequired":true,"valueName":"search_term_string"}}],"inLanguage":"es"},{"@type":"Organization","@id":"https:\/\/cvinoticias.com\/v3\/#organization","name":"CVI NOTICIAS","url":"https:\/\/cvinoticias.com\/v3\/","logo":{"@type":"ImageObject","inLanguage":"es","@id":"https:\/\/cvinoticias.com\/v3\/#\/schema\/logo\/image\/","url":"https:\/\/cvinoticias.com\/wp-content\/uploads\/2023\/04\/cropped-cropped-cropped-cropped-cropped-3-1.png","contentUrl":"https:\/\/cvinoticias.com\/wp-content\/uploads\/2023\/04\/cropped-cropped-cropped-cropped-cropped-3-1.png","width":95,"height":122,"caption":"CVI NOTICIAS"},"image":{"@id":"https:\/\/cvinoticias.com\/v3\/#\/schema\/logo\/image\/"},"sameAs":["https:\/\/www.facebook.com\/cvinoticias","https:\/\/www.instagram.com\/cvinoticias\/","https:\/\/www.youtube.com\/@CVINOTICIAS"]},{"@type":"Person","@id":"https:\/\/cvinoticias.com\/v3\/#\/schema\/person\/2db77e3c6bc03c538495d7b2b8be9b66","name":"f1000024","image":{"@type":"ImageObject","inLanguage":"es","@id":"https:\/\/secure.gravatar.com\/avatar\/d4fe7459cfc51ff5129ce1a732bbef5928568b8092d412ef95611616376bbeed?s=96&d=mm&r=g","url":"https:\/\/secure.gravatar.com\/avatar\/d4fe7459cfc51ff5129ce1a732bbef5928568b8092d412ef95611616376bbeed?s=96&d=mm&r=g","contentUrl":"https:\/\/secure.gravatar.com\/avatar\/d4fe7459cfc51ff5129ce1a732bbef5928568b8092d412ef95611616376bbeed?s=96&d=mm&r=g","caption":"f1000024"},"url":"https:\/\/cvinoticias.com\/v3\/author\/f1000024\/"}]}},"_links":{"self":[{"href":"https:\/\/cvinoticias.com\/v3\/wp-json\/wp\/v2\/posts\/14204","targetHints":{"allow":["GET"]}}],"collection":[{"href":"https:\/\/cvinoticias.com\/v3\/wp-json\/wp\/v2\/posts"}],"about":[{"href":"https:\/\/cvinoticias.com\/v3\/wp-json\/wp\/v2\/types\/post"}],"author":[{"embeddable":true,"href":"https:\/\/cvinoticias.com\/v3\/wp-json\/wp\/v2\/users\/2"}],"replies":[{"embeddable":true,"href":"https:\/\/cvinoticias.com\/v3\/wp-json\/wp\/v2\/comments?post=14204"}],"version-history":[{"count":2,"href":"https:\/\/cvinoticias.com\/v3\/wp-json\/wp\/v2\/posts\/14204\/revisions"}],"predecessor-version":[{"id":14208,"href":"https:\/\/cvinoticias.com\/v3\/wp-json\/wp\/v2\/posts\/14204\/revisions\/14208"}],"wp:featuredmedia":[{"embeddable":true,"href":"https:\/\/cvinoticias.com\/v3\/wp-json\/wp\/v2\/media\/14205"}],"wp:attachment":[{"href":"https:\/\/cvinoticias.com\/v3\/wp-json\/wp\/v2\/media?parent=14204"}],"wp:term":[{"taxonomy":"category","embeddable":true,"href":"https:\/\/cvinoticias.com\/v3\/wp-json\/wp\/v2\/categories?post=14204"},{"taxonomy":"post_tag","embeddable":true,"href":"https:\/\/cvinoticias.com\/v3\/wp-json\/wp\/v2\/tags?post=14204"}],"curies":[{"name":"wp","href":"https:\/\/api.w.org\/{rel}","templated":true}]}}