{"id":14147,"date":"2022-03-17T20:11:47","date_gmt":"2022-03-17T20:11:47","guid":{"rendered":"https:\/\/cvinoticias.com\/v3\/?p=14147"},"modified":"2022-03-17T20:11:47","modified_gmt":"2022-03-17T20:11:47","slug":"turismo-la-nueva-conexion-aerea-misiones-tucuman-fortalece-lazos-entre-ambas-provincias","status":"publish","type":"post","link":"https:\/\/cvinoticias.com\/v3\/turismo-la-nueva-conexion-aerea-misiones-tucuman-fortalece-lazos-entre-ambas-provincias\/","title":{"rendered":"Turismo: La nueva conexi\u00f3n a\u00e9rea Misiones-Tucum\u00e1n fortalece lazos entre ambas provincias"},"content":{"rendered":"\n<p><strong><em>El plan aerocomercial, que se encuentra operativo desde noviembre del 2021, busca potenciar el desarrollo de ambos destinos a nivel regional, nacional e internacional, y la promoci\u00f3n rec\u00edproca de ambas provincias.<\/em><\/strong><\/p>\n\n\n\n<p>\u00abEn esta visi\u00f3n de pol\u00edtica federal de turismo en la que venimos trabajando hemos logrado la conexi\u00f3n de nuestras provincias\u00bb, se\u00f1al\u00f3 el ministro de Turismo, Jos\u00e9 Mar\u00eda Arr\u00faa, durante la presentaci\u00f3n del plan aerocomercial, junto a su par de Tucum\u00e1n, Sebasti\u00e1n Giobellina, y m\u00e1ximas autoridades del sector p\u00fablico y privado de ambos distritos.<\/p>\n\n\n\n<p>La nueva ruta a\u00e9rea, que comenz\u00f3 a operar en noviembre pasado a trav\u00e9s de Aerol\u00edneas Argentinas conectando las ciudades de Puerto Iguaz\u00fa y Tucum\u00e1n, busca potenciar el desarrollo de los destinos, convirti\u00e9ndolos en socios estrat\u00e9gicos para el fortalecimiento de sus respectivas ofertas tur\u00edsticas.<\/p>\n\n\n\n<p>\u00abEl norte grande ha sabido transitar estos a\u00f1os dif\u00edciles. El NOA es un mercado muy importante. Durante la \u00faltima temporada de verano nos visitaron 15 mil tucumanos, y el 83% vino a la provincia por primera vez\u00bb, remarc\u00f3 Arr\u00faa.<\/p>\n\n\n\n<p>El vuelo, que une un corredor clave entre NEA y NOA, cuenta con dos frecuencias semanales (mi\u00e9rcoles y s\u00e1bado), con una ocupaci\u00f3n promedio del 85% de su capacidad.<\/p>\n\n\n\n<p>\u00abPoder conectar con Misiones, que tiene una ciudad importante como Posadas y una tur\u00edstica internacional como Iguaz\u00fa, es un acierto. Buscamos maximizar este vuelo y seguir trabajando para federalizar la conexi\u00f3n entre las provincias argentinas\u00bb, destac\u00f3 Sebasti\u00e1n Giobellina, presidente del Ente Tucum\u00e1n Turismo (ETT).<\/p>\n\n\n\n<p>Adem\u00e1s, record\u00f3 la gesti\u00f3n de su par de Misiones como presidente del Consejo Federal de Turismo en 2019 como \u00abuna de las etapas m\u00e1s federales y cuando m\u00e1s nos hemos sentido representados\u00bb.<\/p>\n\n\n\n<p>Respecto a la recuperaci\u00f3n de la actividad se\u00f1al\u00f3 que \u00abestamos dando pasos firmes. La recuperaci\u00f3n de Misiones y de todo el norte argentino demuestra la fuerza que tiene el turismo. Es sin\u00f3nimo de trabajo y queremos dar trabajo a la gente. Estamos orgullosos de que la econom\u00eda del pa\u00eds se reactive a trav\u00e9s de nuestra actividad\u00bb.<\/p>\n\n\n\n<p>Luego de la presentaci\u00f3n, ambos mandatarios se reunieron con operadores tur\u00edsticos, con quienes delinearon acciones tendientes a potenciar los destinos. \u00abTucum\u00e1n tiene 146 agencias de viaje. Los vuelos est\u00e1n saliendo con una ocupaci\u00f3n muy buena, la mayor\u00eda a Cataratas. Ofrecer a las agencias de Misiones el destino Tucum\u00e1n y la promoci\u00f3n del destino Misiones, es nuestro norte. Las agencias de turismo son claves para fortalecer la conectividad\u00bb, concluyeron.<\/p>\n\n\n\n<p>Tambi\u00e9n estuvieron presentes, el gerente de Aerol\u00edneas Argentinas (sucursal Tucum\u00e1n), Ricardo Aybar; la representante de Agencias de Viajes Receptivas de Tucum\u00e1n, Paula G\u00f3mez; la diputada provincial, Karen Fiege; y el presidente de la Asociaci\u00f3n de Agencias de Viajes de Tucum\u00e1n, y propietario de la compa\u00f1\u00eda tucumana Bali Hai, Fernando Mignone.<\/p>\n","protected":false},"excerpt":{"rendered":"<p>El plan aerocomercial, que se encuentra operativo desde noviembre del 2021, busca potenciar el desarrollo de ambos destinos a nivel regional, nacional e internacional, y la promoci\u00f3n rec\u00edproca de ambas provincias. \u00abEn esta visi\u00f3n de pol\u00edtica federal de turismo en la que venimos trabajando hemos logrado la conexi\u00f3n de nuestras provincias\u00bb, se\u00f1al\u00f3 el ministro de [&hellip;]<\/p>\n","protected":false},"author":2,"featured_media":14148,"comment_status":"open","ping_status":"open","sticky":false,"template":"","format":"standard","meta":{"footnotes":""},"categories":[50],"tags":[],"class_list":["post-14147","post","type-post","status-publish","format-standard","has-post-thumbnail","hentry","category-turismo"],"yoast_head":"<!-- This site is optimized with the Yoast SEO plugin v27.5 - https:\/\/yoast.com\/product\/yoast-seo-wordpress\/ -->\n<title>Turismo: La nueva conexi\u00f3n a\u00e9rea Misiones-Tucum\u00e1n fortalece lazos entre ambas provincias | CVI NOTICIAS<\/title>\n<meta name=\"robots\" content=\"index, follow, max-snippet:-1, max-image-preview:large, max-video-preview:-1\" \/>\n<link rel=\"canonical\" href=\"https:\/\/cvinoticias.com\/v3\/turismo-la-nueva-conexion-aerea-misiones-tucuman-fortalece-lazos-entre-ambas-provincias\/\" \/>\n<meta property=\"og:locale\" content=\"es_ES\" \/>\n<meta property=\"og:type\" content=\"article\" \/>\n<meta property=\"og:title\" content=\"Turismo: La nueva conexi\u00f3n a\u00e9rea Misiones-Tucum\u00e1n fortalece lazos entre ambas provincias | CVI NOTICIAS\" \/>\n<meta property=\"og:description\" content=\"El plan aerocomercial, que se encuentra operativo desde noviembre del 2021, busca potenciar el desarrollo de ambos destinos a nivel regional, nacional e internacional, y la promoci\u00f3n rec\u00edproca de ambas provincias. \u00abEn esta visi\u00f3n de pol\u00edtica federal de turismo en la que venimos trabajando hemos logrado la conexi\u00f3n de nuestras provincias\u00bb, se\u00f1al\u00f3 el ministro de [&hellip;]\" \/>\n<meta property=\"og:url\" content=\"https:\/\/cvinoticias.com\/v3\/turismo-la-nueva-conexion-aerea-misiones-tucuman-fortalece-lazos-entre-ambas-provincias\/\" \/>\n<meta property=\"og:site_name\" content=\"CVI NOTICIAS\" \/>\n<meta property=\"article:publisher\" content=\"https:\/\/www.facebook.com\/cvinoticias\" \/>\n<meta property=\"article:published_time\" content=\"2022-03-17T20:11:47+00:00\" \/>\n<meta property=\"og:image\" content=\"https:\/\/cvinoticias.com\/wp-content\/uploads\/2022\/03\/IMG-20220317-WA0146.jpg\" \/>\n\t<meta property=\"og:image:width\" content=\"1600\" \/>\n\t<meta property=\"og:image:height\" content=\"1067\" \/>\n\t<meta property=\"og:image:type\" content=\"image\/jpeg\" \/>\n<meta name=\"author\" content=\"f1000024\" \/>\n<meta name=\"twitter:card\" content=\"summary_large_image\" \/>\n<meta name=\"twitter:label1\" content=\"Escrito por\" \/>\n\t<meta name=\"twitter:data1\" content=\"f1000024\" \/>\n\t<meta name=\"twitter:label2\" content=\"Tiempo de lectura\" \/>\n\t<meta name=\"twitter:data2\" content=\"2 minutos\" \/>\n<script type=\"application\/ld+json\" class=\"yoast-schema-graph\">{\"@context\":\"https:\\\/\\\/schema.org\",\"@graph\":[{\"@type\":\"Article\",\"@id\":\"https:\\\/\\\/cvinoticias.com\\\/v3\\\/turismo-la-nueva-conexion-aerea-misiones-tucuman-fortalece-lazos-entre-ambas-provincias\\\/#article\",\"isPartOf\":{\"@id\":\"https:\\\/\\\/cvinoticias.com\\\/v3\\\/turismo-la-nueva-conexion-aerea-misiones-tucuman-fortalece-lazos-entre-ambas-provincias\\\/\"},\"author\":{\"name\":\"f1000024\",\"@id\":\"https:\\\/\\\/cvinoticias.com\\\/v3\\\/#\\\/schema\\\/person\\\/2db77e3c6bc03c538495d7b2b8be9b66\"},\"headline\":\"Turismo: La nueva conexi\u00f3n a\u00e9rea Misiones-Tucum\u00e1n fortalece lazos entre ambas provincias\",\"datePublished\":\"2022-03-17T20:11:47+00:00\",\"mainEntityOfPage\":{\"@id\":\"https:\\\/\\\/cvinoticias.com\\\/v3\\\/turismo-la-nueva-conexion-aerea-misiones-tucuman-fortalece-lazos-entre-ambas-provincias\\\/\"},\"wordCount\":509,\"commentCount\":0,\"publisher\":{\"@id\":\"https:\\\/\\\/cvinoticias.com\\\/v3\\\/#organization\"},\"image\":{\"@id\":\"https:\\\/\\\/cvinoticias.com\\\/v3\\\/turismo-la-nueva-conexion-aerea-misiones-tucuman-fortalece-lazos-entre-ambas-provincias\\\/#primaryimage\"},\"thumbnailUrl\":\"https:\\\/\\\/cvinoticias.com\\\/wp-content\\\/uploads\\\/2022\\\/03\\\/IMG-20220317-WA0146.jpg\",\"articleSection\":[\"Turismo\"],\"inLanguage\":\"es\",\"potentialAction\":[{\"@type\":\"CommentAction\",\"name\":\"Comment\",\"target\":[\"https:\\\/\\\/cvinoticias.com\\\/v3\\\/turismo-la-nueva-conexion-aerea-misiones-tucuman-fortalece-lazos-entre-ambas-provincias\\\/#respond\"]}]},{\"@type\":\"WebPage\",\"@id\":\"https:\\\/\\\/cvinoticias.com\\\/v3\\\/turismo-la-nueva-conexion-aerea-misiones-tucuman-fortalece-lazos-entre-ambas-provincias\\\/\",\"url\":\"https:\\\/\\\/cvinoticias.com\\\/v3\\\/turismo-la-nueva-conexion-aerea-misiones-tucuman-fortalece-lazos-entre-ambas-provincias\\\/\",\"name\":\"Turismo: La nueva conexi\u00f3n a\u00e9rea Misiones-Tucum\u00e1n fortalece lazos entre ambas provincias | CVI NOTICIAS\",\"isPartOf\":{\"@id\":\"https:\\\/\\\/cvinoticias.com\\\/v3\\\/#website\"},\"primaryImageOfPage\":{\"@id\":\"https:\\\/\\\/cvinoticias.com\\\/v3\\\/turismo-la-nueva-conexion-aerea-misiones-tucuman-fortalece-lazos-entre-ambas-provincias\\\/#primaryimage\"},\"image\":{\"@id\":\"https:\\\/\\\/cvinoticias.com\\\/v3\\\/turismo-la-nueva-conexion-aerea-misiones-tucuman-fortalece-lazos-entre-ambas-provincias\\\/#primaryimage\"},\"thumbnailUrl\":\"https:\\\/\\\/cvinoticias.com\\\/wp-content\\\/uploads\\\/2022\\\/03\\\/IMG-20220317-WA0146.jpg\",\"datePublished\":\"2022-03-17T20:11:47+00:00\",\"breadcrumb\":{\"@id\":\"https:\\\/\\\/cvinoticias.com\\\/v3\\\/turismo-la-nueva-conexion-aerea-misiones-tucuman-fortalece-lazos-entre-ambas-provincias\\\/#breadcrumb\"},\"inLanguage\":\"es\",\"potentialAction\":[{\"@type\":\"ReadAction\",\"target\":[\"https:\\\/\\\/cvinoticias.com\\\/v3\\\/turismo-la-nueva-conexion-aerea-misiones-tucuman-fortalece-lazos-entre-ambas-provincias\\\/\"]}]},{\"@type\":\"ImageObject\",\"inLanguage\":\"es\",\"@id\":\"https:\\\/\\\/cvinoticias.com\\\/v3\\\/turismo-la-nueva-conexion-aerea-misiones-tucuman-fortalece-lazos-entre-ambas-provincias\\\/#primaryimage\",\"url\":\"https:\\\/\\\/cvinoticias.com\\\/wp-content\\\/uploads\\\/2022\\\/03\\\/IMG-20220317-WA0146.jpg\",\"contentUrl\":\"https:\\\/\\\/cvinoticias.com\\\/wp-content\\\/uploads\\\/2022\\\/03\\\/IMG-20220317-WA0146.jpg\",\"width\":1600,\"height\":1067},{\"@type\":\"BreadcrumbList\",\"@id\":\"https:\\\/\\\/cvinoticias.com\\\/v3\\\/turismo-la-nueva-conexion-aerea-misiones-tucuman-fortalece-lazos-entre-ambas-provincias\\\/#breadcrumb\",\"itemListElement\":[{\"@type\":\"ListItem\",\"position\":1,\"name\":\"Portada\",\"item\":\"https:\\\/\\\/cvinoticias.com\\\/v3\\\/\"},{\"@type\":\"ListItem\",\"position\":2,\"name\":\"Turismo: La nueva conexi\u00f3n a\u00e9rea Misiones-Tucum\u00e1n fortalece lazos entre ambas provincias\"}]},{\"@type\":\"WebSite\",\"@id\":\"https:\\\/\\\/cvinoticias.com\\\/v3\\\/#website\",\"url\":\"https:\\\/\\\/cvinoticias.com\\\/v3\\\/\",\"name\":\"CVI NOTICIAS\",\"description\":\"\",\"publisher\":{\"@id\":\"https:\\\/\\\/cvinoticias.com\\\/v3\\\/#organization\"},\"alternateName\":\"CVI\",\"potentialAction\":[{\"@type\":\"SearchAction\",\"target\":{\"@type\":\"EntryPoint\",\"urlTemplate\":\"https:\\\/\\\/cvinoticias.com\\\/v3\\\/?s={search_term_string}\"},\"query-input\":{\"@type\":\"PropertyValueSpecification\",\"valueRequired\":true,\"valueName\":\"search_term_string\"}}],\"inLanguage\":\"es\"},{\"@type\":\"Organization\",\"@id\":\"https:\\\/\\\/cvinoticias.com\\\/v3\\\/#organization\",\"name\":\"CVI NOTICIAS\",\"url\":\"https:\\\/\\\/cvinoticias.com\\\/v3\\\/\",\"logo\":{\"@type\":\"ImageObject\",\"inLanguage\":\"es\",\"@id\":\"https:\\\/\\\/cvinoticias.com\\\/v3\\\/#\\\/schema\\\/logo\\\/image\\\/\",\"url\":\"https:\\\/\\\/cvinoticias.com\\\/wp-content\\\/uploads\\\/2023\\\/04\\\/cropped-cropped-cropped-cropped-cropped-3-1.png\",\"contentUrl\":\"https:\\\/\\\/cvinoticias.com\\\/wp-content\\\/uploads\\\/2023\\\/04\\\/cropped-cropped-cropped-cropped-cropped-3-1.png\",\"width\":95,\"height\":122,\"caption\":\"CVI NOTICIAS\"},\"image\":{\"@id\":\"https:\\\/\\\/cvinoticias.com\\\/v3\\\/#\\\/schema\\\/logo\\\/image\\\/\"},\"sameAs\":[\"https:\\\/\\\/www.facebook.com\\\/cvinoticias\",\"https:\\\/\\\/www.instagram.com\\\/cvinoticias\\\/\",\"https:\\\/\\\/www.youtube.com\\\/@CVINOTICIAS\"]},{\"@type\":\"Person\",\"@id\":\"https:\\\/\\\/cvinoticias.com\\\/v3\\\/#\\\/schema\\\/person\\\/2db77e3c6bc03c538495d7b2b8be9b66\",\"name\":\"f1000024\",\"image\":{\"@type\":\"ImageObject\",\"inLanguage\":\"es\",\"@id\":\"https:\\\/\\\/secure.gravatar.com\\\/avatar\\\/d4fe7459cfc51ff5129ce1a732bbef5928568b8092d412ef95611616376bbeed?s=96&d=mm&r=g\",\"url\":\"https:\\\/\\\/secure.gravatar.com\\\/avatar\\\/d4fe7459cfc51ff5129ce1a732bbef5928568b8092d412ef95611616376bbeed?s=96&d=mm&r=g\",\"contentUrl\":\"https:\\\/\\\/secure.gravatar.com\\\/avatar\\\/d4fe7459cfc51ff5129ce1a732bbef5928568b8092d412ef95611616376bbeed?s=96&d=mm&r=g\",\"caption\":\"f1000024\"},\"url\":\"https:\\\/\\\/cvinoticias.com\\\/v3\\\/author\\\/f1000024\\\/\"}]}<\/script>\n<!-- \/ Yoast SEO plugin. -->","yoast_head_json":{"title":"Turismo: La nueva conexi\u00f3n a\u00e9rea Misiones-Tucum\u00e1n fortalece lazos entre ambas provincias | CVI NOTICIAS","robots":{"index":"index","follow":"follow","max-snippet":"max-snippet:-1","max-image-preview":"max-image-preview:large","max-video-preview":"max-video-preview:-1"},"canonical":"https:\/\/cvinoticias.com\/v3\/turismo-la-nueva-conexion-aerea-misiones-tucuman-fortalece-lazos-entre-ambas-provincias\/","og_locale":"es_ES","og_type":"article","og_title":"Turismo: La nueva conexi\u00f3n a\u00e9rea Misiones-Tucum\u00e1n fortalece lazos entre ambas provincias | CVI NOTICIAS","og_description":"El plan aerocomercial, que se encuentra operativo desde noviembre del 2021, busca potenciar el desarrollo de ambos destinos a nivel regional, nacional e internacional, y la promoci\u00f3n rec\u00edproca de ambas provincias. \u00abEn esta visi\u00f3n de pol\u00edtica federal de turismo en la que venimos trabajando hemos logrado la conexi\u00f3n de nuestras provincias\u00bb, se\u00f1al\u00f3 el ministro de [&hellip;]","og_url":"https:\/\/cvinoticias.com\/v3\/turismo-la-nueva-conexion-aerea-misiones-tucuman-fortalece-lazos-entre-ambas-provincias\/","og_site_name":"CVI NOTICIAS","article_publisher":"https:\/\/www.facebook.com\/cvinoticias","article_published_time":"2022-03-17T20:11:47+00:00","og_image":[{"width":1600,"height":1067,"url":"https:\/\/cvinoticias.com\/wp-content\/uploads\/2022\/03\/IMG-20220317-WA0146.jpg","type":"image\/jpeg"}],"author":"f1000024","twitter_card":"summary_large_image","twitter_misc":{"Escrito por":"f1000024","Tiempo de lectura":"2 minutos"},"schema":{"@context":"https:\/\/schema.org","@graph":[{"@type":"Article","@id":"https:\/\/cvinoticias.com\/v3\/turismo-la-nueva-conexion-aerea-misiones-tucuman-fortalece-lazos-entre-ambas-provincias\/#article","isPartOf":{"@id":"https:\/\/cvinoticias.com\/v3\/turismo-la-nueva-conexion-aerea-misiones-tucuman-fortalece-lazos-entre-ambas-provincias\/"},"author":{"name":"f1000024","@id":"https:\/\/cvinoticias.com\/v3\/#\/schema\/person\/2db77e3c6bc03c538495d7b2b8be9b66"},"headline":"Turismo: La nueva conexi\u00f3n a\u00e9rea Misiones-Tucum\u00e1n fortalece lazos entre ambas provincias","datePublished":"2022-03-17T20:11:47+00:00","mainEntityOfPage":{"@id":"https:\/\/cvinoticias.com\/v3\/turismo-la-nueva-conexion-aerea-misiones-tucuman-fortalece-lazos-entre-ambas-provincias\/"},"wordCount":509,"commentCount":0,"publisher":{"@id":"https:\/\/cvinoticias.com\/v3\/#organization"},"image":{"@id":"https:\/\/cvinoticias.com\/v3\/turismo-la-nueva-conexion-aerea-misiones-tucuman-fortalece-lazos-entre-ambas-provincias\/#primaryimage"},"thumbnailUrl":"https:\/\/cvinoticias.com\/wp-content\/uploads\/2022\/03\/IMG-20220317-WA0146.jpg","articleSection":["Turismo"],"inLanguage":"es","potentialAction":[{"@type":"CommentAction","name":"Comment","target":["https:\/\/cvinoticias.com\/v3\/turismo-la-nueva-conexion-aerea-misiones-tucuman-fortalece-lazos-entre-ambas-provincias\/#respond"]}]},{"@type":"WebPage","@id":"https:\/\/cvinoticias.com\/v3\/turismo-la-nueva-conexion-aerea-misiones-tucuman-fortalece-lazos-entre-ambas-provincias\/","url":"https:\/\/cvinoticias.com\/v3\/turismo-la-nueva-conexion-aerea-misiones-tucuman-fortalece-lazos-entre-ambas-provincias\/","name":"Turismo: La nueva conexi\u00f3n a\u00e9rea Misiones-Tucum\u00e1n fortalece lazos entre ambas provincias | CVI NOTICIAS","isPartOf":{"@id":"https:\/\/cvinoticias.com\/v3\/#website"},"primaryImageOfPage":{"@id":"https:\/\/cvinoticias.com\/v3\/turismo-la-nueva-conexion-aerea-misiones-tucuman-fortalece-lazos-entre-ambas-provincias\/#primaryimage"},"image":{"@id":"https:\/\/cvinoticias.com\/v3\/turismo-la-nueva-conexion-aerea-misiones-tucuman-fortalece-lazos-entre-ambas-provincias\/#primaryimage"},"thumbnailUrl":"https:\/\/cvinoticias.com\/wp-content\/uploads\/2022\/03\/IMG-20220317-WA0146.jpg","datePublished":"2022-03-17T20:11:47+00:00","breadcrumb":{"@id":"https:\/\/cvinoticias.com\/v3\/turismo-la-nueva-conexion-aerea-misiones-tucuman-fortalece-lazos-entre-ambas-provincias\/#breadcrumb"},"inLanguage":"es","potentialAction":[{"@type":"ReadAction","target":["https:\/\/cvinoticias.com\/v3\/turismo-la-nueva-conexion-aerea-misiones-tucuman-fortalece-lazos-entre-ambas-provincias\/"]}]},{"@type":"ImageObject","inLanguage":"es","@id":"https:\/\/cvinoticias.com\/v3\/turismo-la-nueva-conexion-aerea-misiones-tucuman-fortalece-lazos-entre-ambas-provincias\/#primaryimage","url":"https:\/\/cvinoticias.com\/wp-content\/uploads\/2022\/03\/IMG-20220317-WA0146.jpg","contentUrl":"https:\/\/cvinoticias.com\/wp-content\/uploads\/2022\/03\/IMG-20220317-WA0146.jpg","width":1600,"height":1067},{"@type":"BreadcrumbList","@id":"https:\/\/cvinoticias.com\/v3\/turismo-la-nueva-conexion-aerea-misiones-tucuman-fortalece-lazos-entre-ambas-provincias\/#breadcrumb","itemListElement":[{"@type":"ListItem","position":1,"name":"Portada","item":"https:\/\/cvinoticias.com\/v3\/"},{"@type":"ListItem","position":2,"name":"Turismo: La nueva conexi\u00f3n a\u00e9rea Misiones-Tucum\u00e1n fortalece lazos entre ambas provincias"}]},{"@type":"WebSite","@id":"https:\/\/cvinoticias.com\/v3\/#website","url":"https:\/\/cvinoticias.com\/v3\/","name":"CVI NOTICIAS","description":"","publisher":{"@id":"https:\/\/cvinoticias.com\/v3\/#organization"},"alternateName":"CVI","potentialAction":[{"@type":"SearchAction","target":{"@type":"EntryPoint","urlTemplate":"https:\/\/cvinoticias.com\/v3\/?s={search_term_string}"},"query-input":{"@type":"PropertyValueSpecification","valueRequired":true,"valueName":"search_term_string"}}],"inLanguage":"es"},{"@type":"Organization","@id":"https:\/\/cvinoticias.com\/v3\/#organization","name":"CVI NOTICIAS","url":"https:\/\/cvinoticias.com\/v3\/","logo":{"@type":"ImageObject","inLanguage":"es","@id":"https:\/\/cvinoticias.com\/v3\/#\/schema\/logo\/image\/","url":"https:\/\/cvinoticias.com\/wp-content\/uploads\/2023\/04\/cropped-cropped-cropped-cropped-cropped-3-1.png","contentUrl":"https:\/\/cvinoticias.com\/wp-content\/uploads\/2023\/04\/cropped-cropped-cropped-cropped-cropped-3-1.png","width":95,"height":122,"caption":"CVI NOTICIAS"},"image":{"@id":"https:\/\/cvinoticias.com\/v3\/#\/schema\/logo\/image\/"},"sameAs":["https:\/\/www.facebook.com\/cvinoticias","https:\/\/www.instagram.com\/cvinoticias\/","https:\/\/www.youtube.com\/@CVINOTICIAS"]},{"@type":"Person","@id":"https:\/\/cvinoticias.com\/v3\/#\/schema\/person\/2db77e3c6bc03c538495d7b2b8be9b66","name":"f1000024","image":{"@type":"ImageObject","inLanguage":"es","@id":"https:\/\/secure.gravatar.com\/avatar\/d4fe7459cfc51ff5129ce1a732bbef5928568b8092d412ef95611616376bbeed?s=96&d=mm&r=g","url":"https:\/\/secure.gravatar.com\/avatar\/d4fe7459cfc51ff5129ce1a732bbef5928568b8092d412ef95611616376bbeed?s=96&d=mm&r=g","contentUrl":"https:\/\/secure.gravatar.com\/avatar\/d4fe7459cfc51ff5129ce1a732bbef5928568b8092d412ef95611616376bbeed?s=96&d=mm&r=g","caption":"f1000024"},"url":"https:\/\/cvinoticias.com\/v3\/author\/f1000024\/"}]}},"_links":{"self":[{"href":"https:\/\/cvinoticias.com\/v3\/wp-json\/wp\/v2\/posts\/14147","targetHints":{"allow":["GET"]}}],"collection":[{"href":"https:\/\/cvinoticias.com\/v3\/wp-json\/wp\/v2\/posts"}],"about":[{"href":"https:\/\/cvinoticias.com\/v3\/wp-json\/wp\/v2\/types\/post"}],"author":[{"embeddable":true,"href":"https:\/\/cvinoticias.com\/v3\/wp-json\/wp\/v2\/users\/2"}],"replies":[{"embeddable":true,"href":"https:\/\/cvinoticias.com\/v3\/wp-json\/wp\/v2\/comments?post=14147"}],"version-history":[{"count":1,"href":"https:\/\/cvinoticias.com\/v3\/wp-json\/wp\/v2\/posts\/14147\/revisions"}],"predecessor-version":[{"id":14149,"href":"https:\/\/cvinoticias.com\/v3\/wp-json\/wp\/v2\/posts\/14147\/revisions\/14149"}],"wp:featuredmedia":[{"embeddable":true,"href":"https:\/\/cvinoticias.com\/v3\/wp-json\/wp\/v2\/media\/14148"}],"wp:attachment":[{"href":"https:\/\/cvinoticias.com\/v3\/wp-json\/wp\/v2\/media?parent=14147"}],"wp:term":[{"taxonomy":"category","embeddable":true,"href":"https:\/\/cvinoticias.com\/v3\/wp-json\/wp\/v2\/categories?post=14147"},{"taxonomy":"post_tag","embeddable":true,"href":"https:\/\/cvinoticias.com\/v3\/wp-json\/wp\/v2\/tags?post=14147"}],"curies":[{"name":"wp","href":"https:\/\/api.w.org\/{rel}","templated":true}]}}