{"id":14133,"date":"2022-03-17T17:22:38","date_gmt":"2022-03-17T17:22:38","guid":{"rendered":"https:\/\/cvinoticias.com\/v3\/?p=14133"},"modified":"2022-03-17T17:38:37","modified_gmt":"2022-03-17T17:38:37","slug":"recomposicion-salarial-el-gobierno-de-misiones-anuncio-el-primer-aumento-del-ano-para-el-sector-publico","status":"publish","type":"post","link":"https:\/\/cvinoticias.com\/v3\/recomposicion-salarial-el-gobierno-de-misiones-anuncio-el-primer-aumento-del-ano-para-el-sector-publico\/","title":{"rendered":"Recomposici\u00f3n salarial: El Gobierno de Misiones anunci\u00f3 el primer aumento del a\u00f1o para el sector p\u00fablico"},"content":{"rendered":"\n<p><strong><em>No ser\u00e1 el \u00fanico incremento anual. La provincia inicia la tarea de recomposici\u00f3n salarial para hacer frente a la inflaci\u00f3n.<\/em><\/strong><\/p>\n\n\n\n<p>El ministro de Hacienda, Adolfo Safr\u00e1n, anunci\u00f3 que de acuerdo con la pauta general que estableci\u00f3 para todos los sectores, en el caso de la Administraci\u00f3n P\u00fablica se aplicar\u00e1 con un aumento al b\u00e1sico del 21 por ciento para todas las categor\u00edas en esta primera parte del a\u00f1o y una suma fija de 5000 pesos que va desde la categor\u00eda inferior hasta la categor\u00eda 21 y de 2500 pesos desde la categor\u00eda 22 a la 24.<\/p>\n\n\n\n<p>Safr\u00e1n declar\u00f3 que esto se agrega al incremento de las Asignaciones Familiares que suman un 50%. Van a tener un aumento del 30 por ciento para marzo y se complementa con otro 20 % para julio.<\/p>\n\n\n\n<p>Tambi\u00e9n el aporte para el pasaje que cobran los empleados p\u00fablicos se incrementar\u00e1. Ser\u00e1 de 1200 pesos por mes.<\/p>\n\n\n\n<p>El anuncio lo hizo tras mantener una reuni\u00f3n con el gremio UPCN, encabezado por el secretario general Jorge Gim\u00e9nez.<\/p>\n\n\n\n<figure class=\"wp-block-image size-large\"><a href=\"https:\/\/cvinoticias.com\/wp-content\/uploads\/2022\/03\/IMG-20220317-WA0105.jpg\"><img decoding=\"async\" width=\"768\" height=\"1024\" data-src=\"https:\/\/cvinoticias.com\/wp-content\/uploads\/2022\/03\/IMG-20220317-WA0105-768x1024.jpg\" alt=\"\" class=\"wp-image-14139 lazyload\" data-srcset=\"https:\/\/cvinoticias.com\/wp-content\/uploads\/2022\/03\/IMG-20220317-WA0105-768x1024.jpg 768w, https:\/\/cvinoticias.com\/wp-content\/uploads\/2022\/03\/IMG-20220317-WA0105-225x300.jpg 225w, https:\/\/cvinoticias.com\/wp-content\/uploads\/2022\/03\/IMG-20220317-WA0105.jpg 960w\" data-sizes=\"(max-width: 768px) 100vw, 768px\" src=\"data:image\/svg+xml;base64,PHN2ZyB3aWR0aD0iMSIgaGVpZ2h0PSIxIiB4bWxucz0iaHR0cDovL3d3dy53My5vcmcvMjAwMC9zdmciPjwvc3ZnPg==\" style=\"--smush-placeholder-width: 768px; --smush-placeholder-aspect-ratio: 768\/1024;\" \/><\/a><\/figure>\n","protected":false},"excerpt":{"rendered":"<p>No ser\u00e1 el \u00fanico incremento anual. La provincia inicia la tarea de recomposici\u00f3n salarial para hacer frente a la inflaci\u00f3n. El ministro de Hacienda, Adolfo Safr\u00e1n, anunci\u00f3 que de acuerdo con la pauta general que estableci\u00f3 para todos los sectores, en el caso de la Administraci\u00f3n P\u00fablica se aplicar\u00e1 con un aumento al b\u00e1sico del [&hellip;]<\/p>\n","protected":false},"author":2,"featured_media":14134,"comment_status":"open","ping_status":"open","sticky":false,"template":"","format":"standard","meta":{"footnotes":""},"categories":[32],"tags":[],"class_list":["post-14133","post","type-post","status-publish","format-standard","has-post-thumbnail","hentry","category-economia"],"yoast_head":"<!-- This site is optimized with the Yoast SEO plugin v27.5 - https:\/\/yoast.com\/product\/yoast-seo-wordpress\/ -->\n<title>Recomposici\u00f3n salarial: El Gobierno de Misiones anunci\u00f3 el primer aumento del a\u00f1o para el sector p\u00fablico | CVI NOTICIAS<\/title>\n<meta name=\"robots\" content=\"index, follow, max-snippet:-1, max-image-preview:large, max-video-preview:-1\" \/>\n<link rel=\"canonical\" href=\"https:\/\/cvinoticias.com\/v3\/recomposicion-salarial-el-gobierno-de-misiones-anuncio-el-primer-aumento-del-ano-para-el-sector-publico\/\" \/>\n<meta property=\"og:locale\" content=\"es_ES\" \/>\n<meta property=\"og:type\" content=\"article\" \/>\n<meta property=\"og:title\" content=\"Recomposici\u00f3n salarial: El Gobierno de Misiones anunci\u00f3 el primer aumento del a\u00f1o para el sector p\u00fablico | CVI NOTICIAS\" \/>\n<meta property=\"og:description\" content=\"No ser\u00e1 el \u00fanico incremento anual. La provincia inicia la tarea de recomposici\u00f3n salarial para hacer frente a la inflaci\u00f3n. El ministro de Hacienda, Adolfo Safr\u00e1n, anunci\u00f3 que de acuerdo con la pauta general que estableci\u00f3 para todos los sectores, en el caso de la Administraci\u00f3n P\u00fablica se aplicar\u00e1 con un aumento al b\u00e1sico del [&hellip;]\" \/>\n<meta property=\"og:url\" content=\"https:\/\/cvinoticias.com\/v3\/recomposicion-salarial-el-gobierno-de-misiones-anuncio-el-primer-aumento-del-ano-para-el-sector-publico\/\" \/>\n<meta property=\"og:site_name\" content=\"CVI NOTICIAS\" \/>\n<meta property=\"article:publisher\" content=\"https:\/\/www.facebook.com\/cvinoticias\" \/>\n<meta property=\"article:published_time\" content=\"2022-03-17T17:22:38+00:00\" \/>\n<meta property=\"article:modified_time\" content=\"2022-03-17T17:38:37+00:00\" \/>\n<meta property=\"og:image\" content=\"https:\/\/cvinoticias.com\/wp-content\/uploads\/2022\/03\/Screenshot_20220317-142101_Word.jpg\" \/>\n\t<meta property=\"og:image:width\" content=\"851\" \/>\n\t<meta property=\"og:image:height\" content=\"477\" \/>\n\t<meta property=\"og:image:type\" content=\"image\/jpeg\" \/>\n<meta name=\"author\" content=\"f1000024\" \/>\n<meta name=\"twitter:card\" content=\"summary_large_image\" \/>\n<meta name=\"twitter:label1\" content=\"Escrito por\" \/>\n\t<meta name=\"twitter:data1\" content=\"f1000024\" \/>\n\t<meta name=\"twitter:label2\" content=\"Tiempo de lectura\" \/>\n\t<meta name=\"twitter:data2\" content=\"1 minuto\" \/>\n<script type=\"application\/ld+json\" class=\"yoast-schema-graph\">{\"@context\":\"https:\\\/\\\/schema.org\",\"@graph\":[{\"@type\":\"Article\",\"@id\":\"https:\\\/\\\/cvinoticias.com\\\/v3\\\/recomposicion-salarial-el-gobierno-de-misiones-anuncio-el-primer-aumento-del-ano-para-el-sector-publico\\\/#article\",\"isPartOf\":{\"@id\":\"https:\\\/\\\/cvinoticias.com\\\/v3\\\/recomposicion-salarial-el-gobierno-de-misiones-anuncio-el-primer-aumento-del-ano-para-el-sector-publico\\\/\"},\"author\":{\"name\":\"f1000024\",\"@id\":\"https:\\\/\\\/cvinoticias.com\\\/v3\\\/#\\\/schema\\\/person\\\/2db77e3c6bc03c538495d7b2b8be9b66\"},\"headline\":\"Recomposici\u00f3n salarial: El Gobierno de Misiones anunci\u00f3 el primer aumento del a\u00f1o para el sector p\u00fablico\",\"datePublished\":\"2022-03-17T17:22:38+00:00\",\"dateModified\":\"2022-03-17T17:38:37+00:00\",\"mainEntityOfPage\":{\"@id\":\"https:\\\/\\\/cvinoticias.com\\\/v3\\\/recomposicion-salarial-el-gobierno-de-misiones-anuncio-el-primer-aumento-del-ano-para-el-sector-publico\\\/\"},\"wordCount\":194,\"commentCount\":0,\"publisher\":{\"@id\":\"https:\\\/\\\/cvinoticias.com\\\/v3\\\/#organization\"},\"image\":{\"@id\":\"https:\\\/\\\/cvinoticias.com\\\/v3\\\/recomposicion-salarial-el-gobierno-de-misiones-anuncio-el-primer-aumento-del-ano-para-el-sector-publico\\\/#primaryimage\"},\"thumbnailUrl\":\"https:\\\/\\\/cvinoticias.com\\\/wp-content\\\/uploads\\\/2022\\\/03\\\/Screenshot_20220317-142101_Word.jpg\",\"articleSection\":[\"Econom\u00eda\"],\"inLanguage\":\"es\",\"potentialAction\":[{\"@type\":\"CommentAction\",\"name\":\"Comment\",\"target\":[\"https:\\\/\\\/cvinoticias.com\\\/v3\\\/recomposicion-salarial-el-gobierno-de-misiones-anuncio-el-primer-aumento-del-ano-para-el-sector-publico\\\/#respond\"]}]},{\"@type\":\"WebPage\",\"@id\":\"https:\\\/\\\/cvinoticias.com\\\/v3\\\/recomposicion-salarial-el-gobierno-de-misiones-anuncio-el-primer-aumento-del-ano-para-el-sector-publico\\\/\",\"url\":\"https:\\\/\\\/cvinoticias.com\\\/v3\\\/recomposicion-salarial-el-gobierno-de-misiones-anuncio-el-primer-aumento-del-ano-para-el-sector-publico\\\/\",\"name\":\"Recomposici\u00f3n salarial: El Gobierno de Misiones anunci\u00f3 el primer aumento del a\u00f1o para el sector p\u00fablico | CVI NOTICIAS\",\"isPartOf\":{\"@id\":\"https:\\\/\\\/cvinoticias.com\\\/v3\\\/#website\"},\"primaryImageOfPage\":{\"@id\":\"https:\\\/\\\/cvinoticias.com\\\/v3\\\/recomposicion-salarial-el-gobierno-de-misiones-anuncio-el-primer-aumento-del-ano-para-el-sector-publico\\\/#primaryimage\"},\"image\":{\"@id\":\"https:\\\/\\\/cvinoticias.com\\\/v3\\\/recomposicion-salarial-el-gobierno-de-misiones-anuncio-el-primer-aumento-del-ano-para-el-sector-publico\\\/#primaryimage\"},\"thumbnailUrl\":\"https:\\\/\\\/cvinoticias.com\\\/wp-content\\\/uploads\\\/2022\\\/03\\\/Screenshot_20220317-142101_Word.jpg\",\"datePublished\":\"2022-03-17T17:22:38+00:00\",\"dateModified\":\"2022-03-17T17:38:37+00:00\",\"breadcrumb\":{\"@id\":\"https:\\\/\\\/cvinoticias.com\\\/v3\\\/recomposicion-salarial-el-gobierno-de-misiones-anuncio-el-primer-aumento-del-ano-para-el-sector-publico\\\/#breadcrumb\"},\"inLanguage\":\"es\",\"potentialAction\":[{\"@type\":\"ReadAction\",\"target\":[\"https:\\\/\\\/cvinoticias.com\\\/v3\\\/recomposicion-salarial-el-gobierno-de-misiones-anuncio-el-primer-aumento-del-ano-para-el-sector-publico\\\/\"]}]},{\"@type\":\"ImageObject\",\"inLanguage\":\"es\",\"@id\":\"https:\\\/\\\/cvinoticias.com\\\/v3\\\/recomposicion-salarial-el-gobierno-de-misiones-anuncio-el-primer-aumento-del-ano-para-el-sector-publico\\\/#primaryimage\",\"url\":\"https:\\\/\\\/cvinoticias.com\\\/wp-content\\\/uploads\\\/2022\\\/03\\\/Screenshot_20220317-142101_Word.jpg\",\"contentUrl\":\"https:\\\/\\\/cvinoticias.com\\\/wp-content\\\/uploads\\\/2022\\\/03\\\/Screenshot_20220317-142101_Word.jpg\",\"width\":851,\"height\":477},{\"@type\":\"BreadcrumbList\",\"@id\":\"https:\\\/\\\/cvinoticias.com\\\/v3\\\/recomposicion-salarial-el-gobierno-de-misiones-anuncio-el-primer-aumento-del-ano-para-el-sector-publico\\\/#breadcrumb\",\"itemListElement\":[{\"@type\":\"ListItem\",\"position\":1,\"name\":\"Portada\",\"item\":\"https:\\\/\\\/cvinoticias.com\\\/v3\\\/\"},{\"@type\":\"ListItem\",\"position\":2,\"name\":\"Recomposici\u00f3n salarial: El Gobierno de Misiones anunci\u00f3 el primer aumento del a\u00f1o para el sector p\u00fablico\"}]},{\"@type\":\"WebSite\",\"@id\":\"https:\\\/\\\/cvinoticias.com\\\/v3\\\/#website\",\"url\":\"https:\\\/\\\/cvinoticias.com\\\/v3\\\/\",\"name\":\"CVI NOTICIAS\",\"description\":\"\",\"publisher\":{\"@id\":\"https:\\\/\\\/cvinoticias.com\\\/v3\\\/#organization\"},\"alternateName\":\"CVI\",\"potentialAction\":[{\"@type\":\"SearchAction\",\"target\":{\"@type\":\"EntryPoint\",\"urlTemplate\":\"https:\\\/\\\/cvinoticias.com\\\/v3\\\/?s={search_term_string}\"},\"query-input\":{\"@type\":\"PropertyValueSpecification\",\"valueRequired\":true,\"valueName\":\"search_term_string\"}}],\"inLanguage\":\"es\"},{\"@type\":\"Organization\",\"@id\":\"https:\\\/\\\/cvinoticias.com\\\/v3\\\/#organization\",\"name\":\"CVI NOTICIAS\",\"url\":\"https:\\\/\\\/cvinoticias.com\\\/v3\\\/\",\"logo\":{\"@type\":\"ImageObject\",\"inLanguage\":\"es\",\"@id\":\"https:\\\/\\\/cvinoticias.com\\\/v3\\\/#\\\/schema\\\/logo\\\/image\\\/\",\"url\":\"https:\\\/\\\/cvinoticias.com\\\/wp-content\\\/uploads\\\/2023\\\/04\\\/cropped-cropped-cropped-cropped-cropped-3-1.png\",\"contentUrl\":\"https:\\\/\\\/cvinoticias.com\\\/wp-content\\\/uploads\\\/2023\\\/04\\\/cropped-cropped-cropped-cropped-cropped-3-1.png\",\"width\":95,\"height\":122,\"caption\":\"CVI NOTICIAS\"},\"image\":{\"@id\":\"https:\\\/\\\/cvinoticias.com\\\/v3\\\/#\\\/schema\\\/logo\\\/image\\\/\"},\"sameAs\":[\"https:\\\/\\\/www.facebook.com\\\/cvinoticias\",\"https:\\\/\\\/www.instagram.com\\\/cvinoticias\\\/\",\"https:\\\/\\\/www.youtube.com\\\/@CVINOTICIAS\"]},{\"@type\":\"Person\",\"@id\":\"https:\\\/\\\/cvinoticias.com\\\/v3\\\/#\\\/schema\\\/person\\\/2db77e3c6bc03c538495d7b2b8be9b66\",\"name\":\"f1000024\",\"image\":{\"@type\":\"ImageObject\",\"inLanguage\":\"es\",\"@id\":\"https:\\\/\\\/secure.gravatar.com\\\/avatar\\\/d4fe7459cfc51ff5129ce1a732bbef5928568b8092d412ef95611616376bbeed?s=96&d=mm&r=g\",\"url\":\"https:\\\/\\\/secure.gravatar.com\\\/avatar\\\/d4fe7459cfc51ff5129ce1a732bbef5928568b8092d412ef95611616376bbeed?s=96&d=mm&r=g\",\"contentUrl\":\"https:\\\/\\\/secure.gravatar.com\\\/avatar\\\/d4fe7459cfc51ff5129ce1a732bbef5928568b8092d412ef95611616376bbeed?s=96&d=mm&r=g\",\"caption\":\"f1000024\"},\"url\":\"https:\\\/\\\/cvinoticias.com\\\/v3\\\/author\\\/f1000024\\\/\"}]}<\/script>\n<!-- \/ Yoast SEO plugin. -->","yoast_head_json":{"title":"Recomposici\u00f3n salarial: El Gobierno de Misiones anunci\u00f3 el primer aumento del a\u00f1o para el sector p\u00fablico | CVI NOTICIAS","robots":{"index":"index","follow":"follow","max-snippet":"max-snippet:-1","max-image-preview":"max-image-preview:large","max-video-preview":"max-video-preview:-1"},"canonical":"https:\/\/cvinoticias.com\/v3\/recomposicion-salarial-el-gobierno-de-misiones-anuncio-el-primer-aumento-del-ano-para-el-sector-publico\/","og_locale":"es_ES","og_type":"article","og_title":"Recomposici\u00f3n salarial: El Gobierno de Misiones anunci\u00f3 el primer aumento del a\u00f1o para el sector p\u00fablico | CVI NOTICIAS","og_description":"No ser\u00e1 el \u00fanico incremento anual. La provincia inicia la tarea de recomposici\u00f3n salarial para hacer frente a la inflaci\u00f3n. El ministro de Hacienda, Adolfo Safr\u00e1n, anunci\u00f3 que de acuerdo con la pauta general que estableci\u00f3 para todos los sectores, en el caso de la Administraci\u00f3n P\u00fablica se aplicar\u00e1 con un aumento al b\u00e1sico del [&hellip;]","og_url":"https:\/\/cvinoticias.com\/v3\/recomposicion-salarial-el-gobierno-de-misiones-anuncio-el-primer-aumento-del-ano-para-el-sector-publico\/","og_site_name":"CVI NOTICIAS","article_publisher":"https:\/\/www.facebook.com\/cvinoticias","article_published_time":"2022-03-17T17:22:38+00:00","article_modified_time":"2022-03-17T17:38:37+00:00","og_image":[{"width":851,"height":477,"url":"https:\/\/cvinoticias.com\/wp-content\/uploads\/2022\/03\/Screenshot_20220317-142101_Word.jpg","type":"image\/jpeg"}],"author":"f1000024","twitter_card":"summary_large_image","twitter_misc":{"Escrito por":"f1000024","Tiempo de lectura":"1 minuto"},"schema":{"@context":"https:\/\/schema.org","@graph":[{"@type":"Article","@id":"https:\/\/cvinoticias.com\/v3\/recomposicion-salarial-el-gobierno-de-misiones-anuncio-el-primer-aumento-del-ano-para-el-sector-publico\/#article","isPartOf":{"@id":"https:\/\/cvinoticias.com\/v3\/recomposicion-salarial-el-gobierno-de-misiones-anuncio-el-primer-aumento-del-ano-para-el-sector-publico\/"},"author":{"name":"f1000024","@id":"https:\/\/cvinoticias.com\/v3\/#\/schema\/person\/2db77e3c6bc03c538495d7b2b8be9b66"},"headline":"Recomposici\u00f3n salarial: El Gobierno de Misiones anunci\u00f3 el primer aumento del a\u00f1o para el sector p\u00fablico","datePublished":"2022-03-17T17:22:38+00:00","dateModified":"2022-03-17T17:38:37+00:00","mainEntityOfPage":{"@id":"https:\/\/cvinoticias.com\/v3\/recomposicion-salarial-el-gobierno-de-misiones-anuncio-el-primer-aumento-del-ano-para-el-sector-publico\/"},"wordCount":194,"commentCount":0,"publisher":{"@id":"https:\/\/cvinoticias.com\/v3\/#organization"},"image":{"@id":"https:\/\/cvinoticias.com\/v3\/recomposicion-salarial-el-gobierno-de-misiones-anuncio-el-primer-aumento-del-ano-para-el-sector-publico\/#primaryimage"},"thumbnailUrl":"https:\/\/cvinoticias.com\/wp-content\/uploads\/2022\/03\/Screenshot_20220317-142101_Word.jpg","articleSection":["Econom\u00eda"],"inLanguage":"es","potentialAction":[{"@type":"CommentAction","name":"Comment","target":["https:\/\/cvinoticias.com\/v3\/recomposicion-salarial-el-gobierno-de-misiones-anuncio-el-primer-aumento-del-ano-para-el-sector-publico\/#respond"]}]},{"@type":"WebPage","@id":"https:\/\/cvinoticias.com\/v3\/recomposicion-salarial-el-gobierno-de-misiones-anuncio-el-primer-aumento-del-ano-para-el-sector-publico\/","url":"https:\/\/cvinoticias.com\/v3\/recomposicion-salarial-el-gobierno-de-misiones-anuncio-el-primer-aumento-del-ano-para-el-sector-publico\/","name":"Recomposici\u00f3n salarial: El Gobierno de Misiones anunci\u00f3 el primer aumento del a\u00f1o para el sector p\u00fablico | CVI NOTICIAS","isPartOf":{"@id":"https:\/\/cvinoticias.com\/v3\/#website"},"primaryImageOfPage":{"@id":"https:\/\/cvinoticias.com\/v3\/recomposicion-salarial-el-gobierno-de-misiones-anuncio-el-primer-aumento-del-ano-para-el-sector-publico\/#primaryimage"},"image":{"@id":"https:\/\/cvinoticias.com\/v3\/recomposicion-salarial-el-gobierno-de-misiones-anuncio-el-primer-aumento-del-ano-para-el-sector-publico\/#primaryimage"},"thumbnailUrl":"https:\/\/cvinoticias.com\/wp-content\/uploads\/2022\/03\/Screenshot_20220317-142101_Word.jpg","datePublished":"2022-03-17T17:22:38+00:00","dateModified":"2022-03-17T17:38:37+00:00","breadcrumb":{"@id":"https:\/\/cvinoticias.com\/v3\/recomposicion-salarial-el-gobierno-de-misiones-anuncio-el-primer-aumento-del-ano-para-el-sector-publico\/#breadcrumb"},"inLanguage":"es","potentialAction":[{"@type":"ReadAction","target":["https:\/\/cvinoticias.com\/v3\/recomposicion-salarial-el-gobierno-de-misiones-anuncio-el-primer-aumento-del-ano-para-el-sector-publico\/"]}]},{"@type":"ImageObject","inLanguage":"es","@id":"https:\/\/cvinoticias.com\/v3\/recomposicion-salarial-el-gobierno-de-misiones-anuncio-el-primer-aumento-del-ano-para-el-sector-publico\/#primaryimage","url":"https:\/\/cvinoticias.com\/wp-content\/uploads\/2022\/03\/Screenshot_20220317-142101_Word.jpg","contentUrl":"https:\/\/cvinoticias.com\/wp-content\/uploads\/2022\/03\/Screenshot_20220317-142101_Word.jpg","width":851,"height":477},{"@type":"BreadcrumbList","@id":"https:\/\/cvinoticias.com\/v3\/recomposicion-salarial-el-gobierno-de-misiones-anuncio-el-primer-aumento-del-ano-para-el-sector-publico\/#breadcrumb","itemListElement":[{"@type":"ListItem","position":1,"name":"Portada","item":"https:\/\/cvinoticias.com\/v3\/"},{"@type":"ListItem","position":2,"name":"Recomposici\u00f3n salarial: El Gobierno de Misiones anunci\u00f3 el primer aumento del a\u00f1o para el sector p\u00fablico"}]},{"@type":"WebSite","@id":"https:\/\/cvinoticias.com\/v3\/#website","url":"https:\/\/cvinoticias.com\/v3\/","name":"CVI NOTICIAS","description":"","publisher":{"@id":"https:\/\/cvinoticias.com\/v3\/#organization"},"alternateName":"CVI","potentialAction":[{"@type":"SearchAction","target":{"@type":"EntryPoint","urlTemplate":"https:\/\/cvinoticias.com\/v3\/?s={search_term_string}"},"query-input":{"@type":"PropertyValueSpecification","valueRequired":true,"valueName":"search_term_string"}}],"inLanguage":"es"},{"@type":"Organization","@id":"https:\/\/cvinoticias.com\/v3\/#organization","name":"CVI NOTICIAS","url":"https:\/\/cvinoticias.com\/v3\/","logo":{"@type":"ImageObject","inLanguage":"es","@id":"https:\/\/cvinoticias.com\/v3\/#\/schema\/logo\/image\/","url":"https:\/\/cvinoticias.com\/wp-content\/uploads\/2023\/04\/cropped-cropped-cropped-cropped-cropped-3-1.png","contentUrl":"https:\/\/cvinoticias.com\/wp-content\/uploads\/2023\/04\/cropped-cropped-cropped-cropped-cropped-3-1.png","width":95,"height":122,"caption":"CVI NOTICIAS"},"image":{"@id":"https:\/\/cvinoticias.com\/v3\/#\/schema\/logo\/image\/"},"sameAs":["https:\/\/www.facebook.com\/cvinoticias","https:\/\/www.instagram.com\/cvinoticias\/","https:\/\/www.youtube.com\/@CVINOTICIAS"]},{"@type":"Person","@id":"https:\/\/cvinoticias.com\/v3\/#\/schema\/person\/2db77e3c6bc03c538495d7b2b8be9b66","name":"f1000024","image":{"@type":"ImageObject","inLanguage":"es","@id":"https:\/\/secure.gravatar.com\/avatar\/d4fe7459cfc51ff5129ce1a732bbef5928568b8092d412ef95611616376bbeed?s=96&d=mm&r=g","url":"https:\/\/secure.gravatar.com\/avatar\/d4fe7459cfc51ff5129ce1a732bbef5928568b8092d412ef95611616376bbeed?s=96&d=mm&r=g","contentUrl":"https:\/\/secure.gravatar.com\/avatar\/d4fe7459cfc51ff5129ce1a732bbef5928568b8092d412ef95611616376bbeed?s=96&d=mm&r=g","caption":"f1000024"},"url":"https:\/\/cvinoticias.com\/v3\/author\/f1000024\/"}]}},"_links":{"self":[{"href":"https:\/\/cvinoticias.com\/v3\/wp-json\/wp\/v2\/posts\/14133","targetHints":{"allow":["GET"]}}],"collection":[{"href":"https:\/\/cvinoticias.com\/v3\/wp-json\/wp\/v2\/posts"}],"about":[{"href":"https:\/\/cvinoticias.com\/v3\/wp-json\/wp\/v2\/types\/post"}],"author":[{"embeddable":true,"href":"https:\/\/cvinoticias.com\/v3\/wp-json\/wp\/v2\/users\/2"}],"replies":[{"embeddable":true,"href":"https:\/\/cvinoticias.com\/v3\/wp-json\/wp\/v2\/comments?post=14133"}],"version-history":[{"count":2,"href":"https:\/\/cvinoticias.com\/v3\/wp-json\/wp\/v2\/posts\/14133\/revisions"}],"predecessor-version":[{"id":14140,"href":"https:\/\/cvinoticias.com\/v3\/wp-json\/wp\/v2\/posts\/14133\/revisions\/14140"}],"wp:featuredmedia":[{"embeddable":true,"href":"https:\/\/cvinoticias.com\/v3\/wp-json\/wp\/v2\/media\/14134"}],"wp:attachment":[{"href":"https:\/\/cvinoticias.com\/v3\/wp-json\/wp\/v2\/media?parent=14133"}],"wp:term":[{"taxonomy":"category","embeddable":true,"href":"https:\/\/cvinoticias.com\/v3\/wp-json\/wp\/v2\/categories?post=14133"},{"taxonomy":"post_tag","embeddable":true,"href":"https:\/\/cvinoticias.com\/v3\/wp-json\/wp\/v2\/tags?post=14133"}],"curies":[{"name":"wp","href":"https:\/\/api.w.org\/{rel}","templated":true}]}}