{"id":14098,"date":"2022-03-16T23:09:20","date_gmt":"2022-03-16T23:09:20","guid":{"rendered":"https:\/\/cvinoticias.com\/v3\/?p=14098"},"modified":"2022-03-16T23:09:20","modified_gmt":"2022-03-16T23:09:20","slug":"herrera-ahuad-acompano-el-inicio-del-programa-vivamos-futbol-con-la-direccion-tecnica-del-flaco-schiavi","status":"publish","type":"post","link":"https:\/\/cvinoticias.com\/v3\/herrera-ahuad-acompano-el-inicio-del-programa-vivamos-futbol-con-la-direccion-tecnica-del-flaco-schiavi\/","title":{"rendered":"Herrera Ahuad acompa\u00f1\u00f3 el inicio del programa \u00abVivamos F\u00fatbol\u00bb con la direcci\u00f3n t\u00e9cnica del Flaco Schiavi"},"content":{"rendered":"\n<p><strong><em>El Gobernador present\u00f3 en Posadas el programa \u201cVivamos F\u00fatbol\u201d, el Proyecto Inclusivo de Escuela de F\u00fatbol en el que ni\u00f1os y ni\u00f1as de 8 a 11 a\u00f1os participar\u00e1n de actividades de aprendizaje del deporte. La iniciativa cuenta con la direcci\u00f3n t\u00e9cnica de un deportista de \u00e9lite nacional, Rolando Schiavi.\u00a0 Herrera Ahuad remarc\u00f3 la importancia del deporte como escuela de valores.<\/em><\/strong><\/p>\n\n\n\n<p>Se inici\u00f3 en la capital provincial el Programa \u201cVivamos f\u00fatbol\u201d, un Proyecto Inclusivo de Escuela de F\u00fatbol (PIEF) en el que ni\u00f1os y ni\u00f1as de 8 a 11 a\u00f1os participar\u00e1n de actividades de aprendizaje con la direcci\u00f3n t\u00e9cnica de un deportista de \u00e9lite nacional. Por eso, esta tarde, el gobernador Oscar Herrera Ahuad acompa\u00f1\u00f3 a los chicos y los entrenadores en la que fue la primera jornada de esta cl\u00ednica de f\u00fatbol que se extender\u00e1 hasta noviembre en las instalaciones del Espacio Recreativo IPLyC SE. Al respecto, destac\u00f3 \u201cel trabajo que venimos realizando en materia social, sobre todo en materia de integraci\u00f3n y de igualdad de oportunidades para los j\u00f3venes\u201d.<\/p>\n\n\n\n<p>Se\u00f1al\u00f3 el Gobernador que esta iniciativa apunta a la formaci\u00f3n integral de los j\u00f3venes, y contempla desde los controles antropom\u00e9tricos, pedi\u00e1tricos hasta el tipo de alimentaci\u00f3n de cada uno. Aclar\u00f3 que si bien se trata de una experiencia piloto, en el futuro tiene la posibilidad de convertirse en un programa masivo y de implementaci\u00f3n simult\u00e1nea en varios lugares de la provincia.<\/p>\n\n\n\n<figure class=\"wp-block-image size-full\"><a href=\"https:\/\/cvinoticias.com\/wp-content\/uploads\/2022\/03\/FB_IMG_1647471580266.jpg\"><img decoding=\"async\" width=\"960\" height=\"641\" data-src=\"https:\/\/cvinoticias.com\/wp-content\/uploads\/2022\/03\/FB_IMG_1647471580266.jpg\" alt=\"\" class=\"wp-image-14099 lazyload\" data-srcset=\"https:\/\/cvinoticias.com\/wp-content\/uploads\/2022\/03\/FB_IMG_1647471580266.jpg 960w, https:\/\/cvinoticias.com\/wp-content\/uploads\/2022\/03\/FB_IMG_1647471580266-300x200.jpg 300w, https:\/\/cvinoticias.com\/wp-content\/uploads\/2022\/03\/FB_IMG_1647471580266-768x513.jpg 768w\" data-sizes=\"(max-width: 960px) 100vw, 960px\" src=\"data:image\/svg+xml;base64,PHN2ZyB3aWR0aD0iMSIgaGVpZ2h0PSIxIiB4bWxucz0iaHR0cDovL3d3dy53My5vcmcvMjAwMC9zdmciPjwvc3ZnPg==\" style=\"--smush-placeholder-width: 960px; --smush-placeholder-aspect-ratio: 960\/641;\" \/><\/a><\/figure>\n\n\n\n<p>El mandatario se refiri\u00f3 al Ministerio de Deportes como un espacio desde el cual es posible igualar oportunidades para todos los ni\u00f1os y las ni\u00f1as, \u201ccomo una escuela de valores\u201d dijo, \u201cvalores que siempre venimos impulsando y promulgando desde la provincia\u201d, agreg\u00f3.<\/p>\n\n\n\n<p>En su discurso, agradeci\u00f3 al deportista Rolando Schiavi por asumir la direcci\u00f3n t\u00e9cnica del programa, por elegir a Misiones y venir a trabajar con los ni\u00f1os y ni\u00f1as de \u201cVivamos Futbol\u201d. Tambi\u00e9n tuvo palabras de agradecimiento por el acompa\u00f1amiento al programa para la Municipalidad de Posadas, el IPLyC y al programa Barrios Activos, por la asistencia en recursos materiales y humanos.<\/p>\n\n\n\n<p>Finalmente, recalc\u00f3 que resulta fundamental poder llegar a cada uno de los barrios de la ciudad de Posadas abriendo la posibilidad a los j\u00f3venes \u201cpara que incorporen la cultura del juego, pero tambi\u00e9n la cultura de la convivencia y la solidaridad, que es lo m\u00e1s importante en estos tiempos y en la vida social\u201d.<\/p>\n\n\n\n<figure class=\"wp-block-image size-full is-resized\"><a href=\"https:\/\/cvinoticias.com\/wp-content\/uploads\/2022\/03\/FB_IMG_1647471587212.jpg\"><img decoding=\"async\" data-src=\"https:\/\/cvinoticias.com\/wp-content\/uploads\/2022\/03\/FB_IMG_1647471587212.jpg\" alt=\"\" class=\"wp-image-14101 lazyload\" width=\"676\" height=\"453\" data-srcset=\"https:\/\/cvinoticias.com\/wp-content\/uploads\/2022\/03\/FB_IMG_1647471587212-300x200.jpg 300w, https:\/\/cvinoticias.com\/wp-content\/uploads\/2022\/03\/FB_IMG_1647471587212-768x513.jpg 768w\" data-sizes=\"(max-width: 676px) 100vw, 676px\" src=\"data:image\/svg+xml;base64,PHN2ZyB3aWR0aD0iMSIgaGVpZ2h0PSIxIiB4bWxucz0iaHR0cDovL3d3dy53My5vcmcvMjAwMC9zdmciPjwvc3ZnPg==\" style=\"--smush-placeholder-width: 676px; --smush-placeholder-aspect-ratio: 676\/453;\" \/><\/a><\/figure>\n\n\n\n<p>A su turno, el presidente del IPLyC, H\u00e9ctor Rojas Decut brind\u00f3 detalles sobre la propuesta y agradeci\u00f3 a todos los colaboradores, y en particular a Herrera Ahuad \u201cque tuvo la iniciativa de implementar y confiarnos el desarrollo de este programa\u201d, con una impronta integral e inclusiva. En tanto Rolando \u201cEl Flaco\u201d Schiavi agradeci\u00f3 la posibilidad de participar en \u201cVivamos el Futbol\u201d, y asegur\u00f3 que \u201cestamos tratando de hacer una cl\u00ednica muy integral, con todos los chicos, para que aprendan un poco la parte futbol\u00edstica , pero m\u00e1s all\u00e1 de eso es para que sean buenas personas\u201d. Agreg\u00f3 que espera que los ni\u00f1os puedan aprender un poco de su experiencia en el transcurso de las jornadas.<\/p>\n\n\n\n<p>La actividad se realiz\u00f3 en el Club IPLYC y cont\u00f3 adem\u00e1s con la asistencia del intendente de Posadas, Leonardo Stelatto; el ministro de Deportes, H\u00e9ctor Corti y el concejal de Posadas, Daniel Vancsik entre otros funcionarios, miembros del equipo t\u00e9cnicos de la cartera de Deportes y colaboradores del programa.<br><br><strong>UN PROGRAMA INCLUSIVO BAJO LA DIRECCI\u00d3N DE FUTBOLISTA DE ELITE<\/strong><\/p>\n\n\n\n<p>El programa, en el marco de PIEF, es financiado por el Estado provincial a trav\u00e9s del IPLyC. Participar\u00e1n 90 ni\u00f1os y ni\u00f1as de entre 8 y 11 a\u00f1os que fueron seleccionados a trav\u00e9s de actividades recreativas realizadas en los meses anteriores en los barrios de Posadas. Las actividades se desarrollan los mi\u00e9rcoles, jueves y viernes hasta el mes de noviembre y los participantes conformar\u00e1n grupos de hasta 30 chicos divididos por categor\u00edas.<\/p>\n\n\n\n<figure class=\"wp-block-image size-full\"><a href=\"https:\/\/cvinoticias.com\/wp-content\/uploads\/2022\/03\/FB_IMG_1647471590469.jpg\"><img decoding=\"async\" width=\"960\" height=\"641\" data-src=\"https:\/\/cvinoticias.com\/wp-content\/uploads\/2022\/03\/FB_IMG_1647471590469.jpg\" alt=\"\" class=\"wp-image-14100 lazyload\" data-srcset=\"https:\/\/cvinoticias.com\/wp-content\/uploads\/2022\/03\/FB_IMG_1647471590469.jpg 960w, https:\/\/cvinoticias.com\/wp-content\/uploads\/2022\/03\/FB_IMG_1647471590469-300x200.jpg 300w, https:\/\/cvinoticias.com\/wp-content\/uploads\/2022\/03\/FB_IMG_1647471590469-768x513.jpg 768w\" data-sizes=\"(max-width: 960px) 100vw, 960px\" src=\"data:image\/svg+xml;base64,PHN2ZyB3aWR0aD0iMSIgaGVpZ2h0PSIxIiB4bWxucz0iaHR0cDovL3d3dy53My5vcmcvMjAwMC9zdmciPjwvc3ZnPg==\" style=\"--smush-placeholder-width: 960px; --smush-placeholder-aspect-ratio: 960\/641;\" \/><\/a><\/figure>\n\n\n\n<p>Adem\u00e1s, hasta el mes de noviembre, los ni\u00f1os y ni\u00f1as participar\u00e1n en actividades integrales de aprendizaje en la disciplina deportiva bajo la direcci\u00f3n t\u00e9cnica del deportista de \u00e9lite nacional, el ex jugador de f\u00fatbol Rolando \u201cFlaco\u201d Schiavi. Cabe aclarar que el escenario de los encuentros ser\u00e1 las instalaciones del Espacio Recreativo IPLyC SE, un \u00e1mbito seguro para jugar y divertirse, donde tambi\u00e9n recibir\u00e1n apoyo escolar, cuidado de la salud y recreaci\u00f3n por tratarse de un programa social y deportivo, que transmite tambi\u00e9n valores y buenos h\u00e1bitos.<\/p>\n\n\n\n<p><br><\/p>\n\n\n\n<figure class=\"wp-block-image size-full\"><a href=\"https:\/\/cvinoticias.com\/wp-content\/uploads\/2022\/03\/FB_IMG_1647471583924.jpg\"><img decoding=\"async\" width=\"960\" height=\"641\" data-src=\"https:\/\/cvinoticias.com\/wp-content\/uploads\/2022\/03\/FB_IMG_1647471583924.jpg\" alt=\"\" class=\"wp-image-14102 lazyload\" data-srcset=\"https:\/\/cvinoticias.com\/wp-content\/uploads\/2022\/03\/FB_IMG_1647471583924.jpg 960w, https:\/\/cvinoticias.com\/wp-content\/uploads\/2022\/03\/FB_IMG_1647471583924-300x200.jpg 300w, https:\/\/cvinoticias.com\/wp-content\/uploads\/2022\/03\/FB_IMG_1647471583924-768x513.jpg 768w\" data-sizes=\"(max-width: 960px) 100vw, 960px\" src=\"data:image\/svg+xml;base64,PHN2ZyB3aWR0aD0iMSIgaGVpZ2h0PSIxIiB4bWxucz0iaHR0cDovL3d3dy53My5vcmcvMjAwMC9zdmciPjwvc3ZnPg==\" style=\"--smush-placeholder-width: 960px; --smush-placeholder-aspect-ratio: 960\/641;\" \/><\/a><\/figure>\n","protected":false},"excerpt":{"rendered":"<p>El Gobernador present\u00f3 en Posadas el programa \u201cVivamos F\u00fatbol\u201d, el Proyecto Inclusivo de Escuela de F\u00fatbol en el que ni\u00f1os y ni\u00f1as de 8 a 11 a\u00f1os participar\u00e1n de actividades de aprendizaje del deporte. La iniciativa cuenta con la direcci\u00f3n t\u00e9cnica de un deportista de \u00e9lite nacional, Rolando Schiavi.\u00a0 Herrera Ahuad remarc\u00f3 la importancia del [&hellip;]<\/p>\n","protected":false},"author":2,"featured_media":14103,"comment_status":"open","ping_status":"open","sticky":false,"template":"","format":"standard","meta":{"footnotes":""},"categories":[24],"tags":[],"class_list":["post-14098","post","type-post","status-publish","format-standard","has-post-thumbnail","hentry","category-deportes"],"yoast_head":"<!-- This site is optimized with the Yoast SEO plugin v27.4 - https:\/\/yoast.com\/product\/yoast-seo-wordpress\/ -->\n<title>Herrera Ahuad acompa\u00f1\u00f3 el inicio del programa &quot;Vivamos F\u00fatbol&quot; con la direcci\u00f3n t\u00e9cnica del Flaco Schiavi | CVI NOTICIAS<\/title>\n<meta name=\"robots\" content=\"index, follow, max-snippet:-1, max-image-preview:large, max-video-preview:-1\" \/>\n<link rel=\"canonical\" href=\"https:\/\/cvinoticias.com\/v3\/herrera-ahuad-acompano-el-inicio-del-programa-vivamos-futbol-con-la-direccion-tecnica-del-flaco-schiavi\/\" \/>\n<meta property=\"og:locale\" content=\"es_ES\" \/>\n<meta property=\"og:type\" content=\"article\" \/>\n<meta property=\"og:title\" content=\"Herrera Ahuad acompa\u00f1\u00f3 el inicio del programa &quot;Vivamos F\u00fatbol&quot; con la direcci\u00f3n t\u00e9cnica del Flaco Schiavi | CVI NOTICIAS\" \/>\n<meta property=\"og:description\" content=\"El Gobernador present\u00f3 en Posadas el programa \u201cVivamos F\u00fatbol\u201d, el Proyecto Inclusivo de Escuela de F\u00fatbol en el que ni\u00f1os y ni\u00f1as de 8 a 11 a\u00f1os participar\u00e1n de actividades de aprendizaje del deporte. La iniciativa cuenta con la direcci\u00f3n t\u00e9cnica de un deportista de \u00e9lite nacional, Rolando Schiavi.\u00a0 Herrera Ahuad remarc\u00f3 la importancia del [&hellip;]\" \/>\n<meta property=\"og:url\" content=\"https:\/\/cvinoticias.com\/v3\/herrera-ahuad-acompano-el-inicio-del-programa-vivamos-futbol-con-la-direccion-tecnica-del-flaco-schiavi\/\" \/>\n<meta property=\"og:site_name\" content=\"CVI NOTICIAS\" \/>\n<meta property=\"article:publisher\" content=\"https:\/\/www.facebook.com\/cvinoticias\" \/>\n<meta property=\"article:published_time\" content=\"2022-03-16T23:09:20+00:00\" \/>\n<meta property=\"og:image\" content=\"https:\/\/cvinoticias.com\/wp-content\/uploads\/2022\/03\/FB_IMG_1647471576617.jpg\" \/>\n\t<meta property=\"og:image:width\" content=\"960\" \/>\n\t<meta property=\"og:image:height\" content=\"641\" \/>\n\t<meta property=\"og:image:type\" content=\"image\/jpeg\" \/>\n<meta name=\"author\" content=\"f1000024\" \/>\n<meta name=\"twitter:card\" content=\"summary_large_image\" \/>\n<meta name=\"twitter:label1\" content=\"Escrito por\" \/>\n\t<meta name=\"twitter:data1\" content=\"f1000024\" \/>\n\t<meta name=\"twitter:label2\" content=\"Tiempo de lectura\" \/>\n\t<meta name=\"twitter:data2\" content=\"4 minutos\" \/>\n<script type=\"application\/ld+json\" class=\"yoast-schema-graph\">{\"@context\":\"https:\\\/\\\/schema.org\",\"@graph\":[{\"@type\":\"Article\",\"@id\":\"https:\\\/\\\/cvinoticias.com\\\/v3\\\/herrera-ahuad-acompano-el-inicio-del-programa-vivamos-futbol-con-la-direccion-tecnica-del-flaco-schiavi\\\/#article\",\"isPartOf\":{\"@id\":\"https:\\\/\\\/cvinoticias.com\\\/v3\\\/herrera-ahuad-acompano-el-inicio-del-programa-vivamos-futbol-con-la-direccion-tecnica-del-flaco-schiavi\\\/\"},\"author\":{\"name\":\"f1000024\",\"@id\":\"https:\\\/\\\/cvinoticias.com\\\/v3\\\/#\\\/schema\\\/person\\\/2db77e3c6bc03c538495d7b2b8be9b66\"},\"headline\":\"Herrera Ahuad acompa\u00f1\u00f3 el inicio del programa \u00abVivamos F\u00fatbol\u00bb con la direcci\u00f3n t\u00e9cnica del Flaco Schiavi\",\"datePublished\":\"2022-03-16T23:09:20+00:00\",\"mainEntityOfPage\":{\"@id\":\"https:\\\/\\\/cvinoticias.com\\\/v3\\\/herrera-ahuad-acompano-el-inicio-del-programa-vivamos-futbol-con-la-direccion-tecnica-del-flaco-schiavi\\\/\"},\"wordCount\":799,\"commentCount\":0,\"publisher\":{\"@id\":\"https:\\\/\\\/cvinoticias.com\\\/v3\\\/#organization\"},\"image\":{\"@id\":\"https:\\\/\\\/cvinoticias.com\\\/v3\\\/herrera-ahuad-acompano-el-inicio-del-programa-vivamos-futbol-con-la-direccion-tecnica-del-flaco-schiavi\\\/#primaryimage\"},\"thumbnailUrl\":\"https:\\\/\\\/cvinoticias.com\\\/wp-content\\\/uploads\\\/2022\\\/03\\\/FB_IMG_1647471576617.jpg\",\"articleSection\":[\"Deportes\"],\"inLanguage\":\"es\",\"potentialAction\":[{\"@type\":\"CommentAction\",\"name\":\"Comment\",\"target\":[\"https:\\\/\\\/cvinoticias.com\\\/v3\\\/herrera-ahuad-acompano-el-inicio-del-programa-vivamos-futbol-con-la-direccion-tecnica-del-flaco-schiavi\\\/#respond\"]}]},{\"@type\":\"WebPage\",\"@id\":\"https:\\\/\\\/cvinoticias.com\\\/v3\\\/herrera-ahuad-acompano-el-inicio-del-programa-vivamos-futbol-con-la-direccion-tecnica-del-flaco-schiavi\\\/\",\"url\":\"https:\\\/\\\/cvinoticias.com\\\/v3\\\/herrera-ahuad-acompano-el-inicio-del-programa-vivamos-futbol-con-la-direccion-tecnica-del-flaco-schiavi\\\/\",\"name\":\"Herrera Ahuad acompa\u00f1\u00f3 el inicio del programa \\\"Vivamos F\u00fatbol\\\" con la direcci\u00f3n t\u00e9cnica del Flaco Schiavi | CVI NOTICIAS\",\"isPartOf\":{\"@id\":\"https:\\\/\\\/cvinoticias.com\\\/v3\\\/#website\"},\"primaryImageOfPage\":{\"@id\":\"https:\\\/\\\/cvinoticias.com\\\/v3\\\/herrera-ahuad-acompano-el-inicio-del-programa-vivamos-futbol-con-la-direccion-tecnica-del-flaco-schiavi\\\/#primaryimage\"},\"image\":{\"@id\":\"https:\\\/\\\/cvinoticias.com\\\/v3\\\/herrera-ahuad-acompano-el-inicio-del-programa-vivamos-futbol-con-la-direccion-tecnica-del-flaco-schiavi\\\/#primaryimage\"},\"thumbnailUrl\":\"https:\\\/\\\/cvinoticias.com\\\/wp-content\\\/uploads\\\/2022\\\/03\\\/FB_IMG_1647471576617.jpg\",\"datePublished\":\"2022-03-16T23:09:20+00:00\",\"breadcrumb\":{\"@id\":\"https:\\\/\\\/cvinoticias.com\\\/v3\\\/herrera-ahuad-acompano-el-inicio-del-programa-vivamos-futbol-con-la-direccion-tecnica-del-flaco-schiavi\\\/#breadcrumb\"},\"inLanguage\":\"es\",\"potentialAction\":[{\"@type\":\"ReadAction\",\"target\":[\"https:\\\/\\\/cvinoticias.com\\\/v3\\\/herrera-ahuad-acompano-el-inicio-del-programa-vivamos-futbol-con-la-direccion-tecnica-del-flaco-schiavi\\\/\"]}]},{\"@type\":\"ImageObject\",\"inLanguage\":\"es\",\"@id\":\"https:\\\/\\\/cvinoticias.com\\\/v3\\\/herrera-ahuad-acompano-el-inicio-del-programa-vivamos-futbol-con-la-direccion-tecnica-del-flaco-schiavi\\\/#primaryimage\",\"url\":\"https:\\\/\\\/cvinoticias.com\\\/wp-content\\\/uploads\\\/2022\\\/03\\\/FB_IMG_1647471576617.jpg\",\"contentUrl\":\"https:\\\/\\\/cvinoticias.com\\\/wp-content\\\/uploads\\\/2022\\\/03\\\/FB_IMG_1647471576617.jpg\",\"width\":960,\"height\":641},{\"@type\":\"BreadcrumbList\",\"@id\":\"https:\\\/\\\/cvinoticias.com\\\/v3\\\/herrera-ahuad-acompano-el-inicio-del-programa-vivamos-futbol-con-la-direccion-tecnica-del-flaco-schiavi\\\/#breadcrumb\",\"itemListElement\":[{\"@type\":\"ListItem\",\"position\":1,\"name\":\"Portada\",\"item\":\"https:\\\/\\\/cvinoticias.com\\\/v3\\\/\"},{\"@type\":\"ListItem\",\"position\":2,\"name\":\"Herrera Ahuad acompa\u00f1\u00f3 el inicio del programa \u00abVivamos F\u00fatbol\u00bb con la direcci\u00f3n t\u00e9cnica del Flaco Schiavi\"}]},{\"@type\":\"WebSite\",\"@id\":\"https:\\\/\\\/cvinoticias.com\\\/v3\\\/#website\",\"url\":\"https:\\\/\\\/cvinoticias.com\\\/v3\\\/\",\"name\":\"CVI NOTICIAS\",\"description\":\"\",\"publisher\":{\"@id\":\"https:\\\/\\\/cvinoticias.com\\\/v3\\\/#organization\"},\"alternateName\":\"CVI\",\"potentialAction\":[{\"@type\":\"SearchAction\",\"target\":{\"@type\":\"EntryPoint\",\"urlTemplate\":\"https:\\\/\\\/cvinoticias.com\\\/v3\\\/?s={search_term_string}\"},\"query-input\":{\"@type\":\"PropertyValueSpecification\",\"valueRequired\":true,\"valueName\":\"search_term_string\"}}],\"inLanguage\":\"es\"},{\"@type\":\"Organization\",\"@id\":\"https:\\\/\\\/cvinoticias.com\\\/v3\\\/#organization\",\"name\":\"CVI NOTICIAS\",\"url\":\"https:\\\/\\\/cvinoticias.com\\\/v3\\\/\",\"logo\":{\"@type\":\"ImageObject\",\"inLanguage\":\"es\",\"@id\":\"https:\\\/\\\/cvinoticias.com\\\/v3\\\/#\\\/schema\\\/logo\\\/image\\\/\",\"url\":\"https:\\\/\\\/cvinoticias.com\\\/wp-content\\\/uploads\\\/2023\\\/04\\\/cropped-cropped-cropped-cropped-cropped-3-1.png\",\"contentUrl\":\"https:\\\/\\\/cvinoticias.com\\\/wp-content\\\/uploads\\\/2023\\\/04\\\/cropped-cropped-cropped-cropped-cropped-3-1.png\",\"width\":95,\"height\":122,\"caption\":\"CVI NOTICIAS\"},\"image\":{\"@id\":\"https:\\\/\\\/cvinoticias.com\\\/v3\\\/#\\\/schema\\\/logo\\\/image\\\/\"},\"sameAs\":[\"https:\\\/\\\/www.facebook.com\\\/cvinoticias\",\"https:\\\/\\\/www.instagram.com\\\/cvinoticias\\\/\",\"https:\\\/\\\/www.youtube.com\\\/@CVINOTICIAS\"]},{\"@type\":\"Person\",\"@id\":\"https:\\\/\\\/cvinoticias.com\\\/v3\\\/#\\\/schema\\\/person\\\/2db77e3c6bc03c538495d7b2b8be9b66\",\"name\":\"f1000024\",\"image\":{\"@type\":\"ImageObject\",\"inLanguage\":\"es\",\"@id\":\"https:\\\/\\\/secure.gravatar.com\\\/avatar\\\/d4fe7459cfc51ff5129ce1a732bbef5928568b8092d412ef95611616376bbeed?s=96&d=mm&r=g\",\"url\":\"https:\\\/\\\/secure.gravatar.com\\\/avatar\\\/d4fe7459cfc51ff5129ce1a732bbef5928568b8092d412ef95611616376bbeed?s=96&d=mm&r=g\",\"contentUrl\":\"https:\\\/\\\/secure.gravatar.com\\\/avatar\\\/d4fe7459cfc51ff5129ce1a732bbef5928568b8092d412ef95611616376bbeed?s=96&d=mm&r=g\",\"caption\":\"f1000024\"},\"url\":\"https:\\\/\\\/cvinoticias.com\\\/v3\\\/author\\\/f1000024\\\/\"}]}<\/script>\n<!-- \/ Yoast SEO plugin. -->","yoast_head_json":{"title":"Herrera Ahuad acompa\u00f1\u00f3 el inicio del programa \"Vivamos F\u00fatbol\" con la direcci\u00f3n t\u00e9cnica del Flaco Schiavi | CVI NOTICIAS","robots":{"index":"index","follow":"follow","max-snippet":"max-snippet:-1","max-image-preview":"max-image-preview:large","max-video-preview":"max-video-preview:-1"},"canonical":"https:\/\/cvinoticias.com\/v3\/herrera-ahuad-acompano-el-inicio-del-programa-vivamos-futbol-con-la-direccion-tecnica-del-flaco-schiavi\/","og_locale":"es_ES","og_type":"article","og_title":"Herrera Ahuad acompa\u00f1\u00f3 el inicio del programa \"Vivamos F\u00fatbol\" con la direcci\u00f3n t\u00e9cnica del Flaco Schiavi | CVI NOTICIAS","og_description":"El Gobernador present\u00f3 en Posadas el programa \u201cVivamos F\u00fatbol\u201d, el Proyecto Inclusivo de Escuela de F\u00fatbol en el que ni\u00f1os y ni\u00f1as de 8 a 11 a\u00f1os participar\u00e1n de actividades de aprendizaje del deporte. La iniciativa cuenta con la direcci\u00f3n t\u00e9cnica de un deportista de \u00e9lite nacional, Rolando Schiavi.\u00a0 Herrera Ahuad remarc\u00f3 la importancia del [&hellip;]","og_url":"https:\/\/cvinoticias.com\/v3\/herrera-ahuad-acompano-el-inicio-del-programa-vivamos-futbol-con-la-direccion-tecnica-del-flaco-schiavi\/","og_site_name":"CVI NOTICIAS","article_publisher":"https:\/\/www.facebook.com\/cvinoticias","article_published_time":"2022-03-16T23:09:20+00:00","og_image":[{"width":960,"height":641,"url":"https:\/\/cvinoticias.com\/wp-content\/uploads\/2022\/03\/FB_IMG_1647471576617.jpg","type":"image\/jpeg"}],"author":"f1000024","twitter_card":"summary_large_image","twitter_misc":{"Escrito por":"f1000024","Tiempo de lectura":"4 minutos"},"schema":{"@context":"https:\/\/schema.org","@graph":[{"@type":"Article","@id":"https:\/\/cvinoticias.com\/v3\/herrera-ahuad-acompano-el-inicio-del-programa-vivamos-futbol-con-la-direccion-tecnica-del-flaco-schiavi\/#article","isPartOf":{"@id":"https:\/\/cvinoticias.com\/v3\/herrera-ahuad-acompano-el-inicio-del-programa-vivamos-futbol-con-la-direccion-tecnica-del-flaco-schiavi\/"},"author":{"name":"f1000024","@id":"https:\/\/cvinoticias.com\/v3\/#\/schema\/person\/2db77e3c6bc03c538495d7b2b8be9b66"},"headline":"Herrera Ahuad acompa\u00f1\u00f3 el inicio del programa \u00abVivamos F\u00fatbol\u00bb con la direcci\u00f3n t\u00e9cnica del Flaco Schiavi","datePublished":"2022-03-16T23:09:20+00:00","mainEntityOfPage":{"@id":"https:\/\/cvinoticias.com\/v3\/herrera-ahuad-acompano-el-inicio-del-programa-vivamos-futbol-con-la-direccion-tecnica-del-flaco-schiavi\/"},"wordCount":799,"commentCount":0,"publisher":{"@id":"https:\/\/cvinoticias.com\/v3\/#organization"},"image":{"@id":"https:\/\/cvinoticias.com\/v3\/herrera-ahuad-acompano-el-inicio-del-programa-vivamos-futbol-con-la-direccion-tecnica-del-flaco-schiavi\/#primaryimage"},"thumbnailUrl":"https:\/\/cvinoticias.com\/wp-content\/uploads\/2022\/03\/FB_IMG_1647471576617.jpg","articleSection":["Deportes"],"inLanguage":"es","potentialAction":[{"@type":"CommentAction","name":"Comment","target":["https:\/\/cvinoticias.com\/v3\/herrera-ahuad-acompano-el-inicio-del-programa-vivamos-futbol-con-la-direccion-tecnica-del-flaco-schiavi\/#respond"]}]},{"@type":"WebPage","@id":"https:\/\/cvinoticias.com\/v3\/herrera-ahuad-acompano-el-inicio-del-programa-vivamos-futbol-con-la-direccion-tecnica-del-flaco-schiavi\/","url":"https:\/\/cvinoticias.com\/v3\/herrera-ahuad-acompano-el-inicio-del-programa-vivamos-futbol-con-la-direccion-tecnica-del-flaco-schiavi\/","name":"Herrera Ahuad acompa\u00f1\u00f3 el inicio del programa \"Vivamos F\u00fatbol\" con la direcci\u00f3n t\u00e9cnica del Flaco Schiavi | CVI NOTICIAS","isPartOf":{"@id":"https:\/\/cvinoticias.com\/v3\/#website"},"primaryImageOfPage":{"@id":"https:\/\/cvinoticias.com\/v3\/herrera-ahuad-acompano-el-inicio-del-programa-vivamos-futbol-con-la-direccion-tecnica-del-flaco-schiavi\/#primaryimage"},"image":{"@id":"https:\/\/cvinoticias.com\/v3\/herrera-ahuad-acompano-el-inicio-del-programa-vivamos-futbol-con-la-direccion-tecnica-del-flaco-schiavi\/#primaryimage"},"thumbnailUrl":"https:\/\/cvinoticias.com\/wp-content\/uploads\/2022\/03\/FB_IMG_1647471576617.jpg","datePublished":"2022-03-16T23:09:20+00:00","breadcrumb":{"@id":"https:\/\/cvinoticias.com\/v3\/herrera-ahuad-acompano-el-inicio-del-programa-vivamos-futbol-con-la-direccion-tecnica-del-flaco-schiavi\/#breadcrumb"},"inLanguage":"es","potentialAction":[{"@type":"ReadAction","target":["https:\/\/cvinoticias.com\/v3\/herrera-ahuad-acompano-el-inicio-del-programa-vivamos-futbol-con-la-direccion-tecnica-del-flaco-schiavi\/"]}]},{"@type":"ImageObject","inLanguage":"es","@id":"https:\/\/cvinoticias.com\/v3\/herrera-ahuad-acompano-el-inicio-del-programa-vivamos-futbol-con-la-direccion-tecnica-del-flaco-schiavi\/#primaryimage","url":"https:\/\/cvinoticias.com\/wp-content\/uploads\/2022\/03\/FB_IMG_1647471576617.jpg","contentUrl":"https:\/\/cvinoticias.com\/wp-content\/uploads\/2022\/03\/FB_IMG_1647471576617.jpg","width":960,"height":641},{"@type":"BreadcrumbList","@id":"https:\/\/cvinoticias.com\/v3\/herrera-ahuad-acompano-el-inicio-del-programa-vivamos-futbol-con-la-direccion-tecnica-del-flaco-schiavi\/#breadcrumb","itemListElement":[{"@type":"ListItem","position":1,"name":"Portada","item":"https:\/\/cvinoticias.com\/v3\/"},{"@type":"ListItem","position":2,"name":"Herrera Ahuad acompa\u00f1\u00f3 el inicio del programa \u00abVivamos F\u00fatbol\u00bb con la direcci\u00f3n t\u00e9cnica del Flaco Schiavi"}]},{"@type":"WebSite","@id":"https:\/\/cvinoticias.com\/v3\/#website","url":"https:\/\/cvinoticias.com\/v3\/","name":"CVI NOTICIAS","description":"","publisher":{"@id":"https:\/\/cvinoticias.com\/v3\/#organization"},"alternateName":"CVI","potentialAction":[{"@type":"SearchAction","target":{"@type":"EntryPoint","urlTemplate":"https:\/\/cvinoticias.com\/v3\/?s={search_term_string}"},"query-input":{"@type":"PropertyValueSpecification","valueRequired":true,"valueName":"search_term_string"}}],"inLanguage":"es"},{"@type":"Organization","@id":"https:\/\/cvinoticias.com\/v3\/#organization","name":"CVI NOTICIAS","url":"https:\/\/cvinoticias.com\/v3\/","logo":{"@type":"ImageObject","inLanguage":"es","@id":"https:\/\/cvinoticias.com\/v3\/#\/schema\/logo\/image\/","url":"https:\/\/cvinoticias.com\/wp-content\/uploads\/2023\/04\/cropped-cropped-cropped-cropped-cropped-3-1.png","contentUrl":"https:\/\/cvinoticias.com\/wp-content\/uploads\/2023\/04\/cropped-cropped-cropped-cropped-cropped-3-1.png","width":95,"height":122,"caption":"CVI NOTICIAS"},"image":{"@id":"https:\/\/cvinoticias.com\/v3\/#\/schema\/logo\/image\/"},"sameAs":["https:\/\/www.facebook.com\/cvinoticias","https:\/\/www.instagram.com\/cvinoticias\/","https:\/\/www.youtube.com\/@CVINOTICIAS"]},{"@type":"Person","@id":"https:\/\/cvinoticias.com\/v3\/#\/schema\/person\/2db77e3c6bc03c538495d7b2b8be9b66","name":"f1000024","image":{"@type":"ImageObject","inLanguage":"es","@id":"https:\/\/secure.gravatar.com\/avatar\/d4fe7459cfc51ff5129ce1a732bbef5928568b8092d412ef95611616376bbeed?s=96&d=mm&r=g","url":"https:\/\/secure.gravatar.com\/avatar\/d4fe7459cfc51ff5129ce1a732bbef5928568b8092d412ef95611616376bbeed?s=96&d=mm&r=g","contentUrl":"https:\/\/secure.gravatar.com\/avatar\/d4fe7459cfc51ff5129ce1a732bbef5928568b8092d412ef95611616376bbeed?s=96&d=mm&r=g","caption":"f1000024"},"url":"https:\/\/cvinoticias.com\/v3\/author\/f1000024\/"}]}},"_links":{"self":[{"href":"https:\/\/cvinoticias.com\/v3\/wp-json\/wp\/v2\/posts\/14098","targetHints":{"allow":["GET"]}}],"collection":[{"href":"https:\/\/cvinoticias.com\/v3\/wp-json\/wp\/v2\/posts"}],"about":[{"href":"https:\/\/cvinoticias.com\/v3\/wp-json\/wp\/v2\/types\/post"}],"author":[{"embeddable":true,"href":"https:\/\/cvinoticias.com\/v3\/wp-json\/wp\/v2\/users\/2"}],"replies":[{"embeddable":true,"href":"https:\/\/cvinoticias.com\/v3\/wp-json\/wp\/v2\/comments?post=14098"}],"version-history":[{"count":1,"href":"https:\/\/cvinoticias.com\/v3\/wp-json\/wp\/v2\/posts\/14098\/revisions"}],"predecessor-version":[{"id":14104,"href":"https:\/\/cvinoticias.com\/v3\/wp-json\/wp\/v2\/posts\/14098\/revisions\/14104"}],"wp:featuredmedia":[{"embeddable":true,"href":"https:\/\/cvinoticias.com\/v3\/wp-json\/wp\/v2\/media\/14103"}],"wp:attachment":[{"href":"https:\/\/cvinoticias.com\/v3\/wp-json\/wp\/v2\/media?parent=14098"}],"wp:term":[{"taxonomy":"category","embeddable":true,"href":"https:\/\/cvinoticias.com\/v3\/wp-json\/wp\/v2\/categories?post=14098"},{"taxonomy":"post_tag","embeddable":true,"href":"https:\/\/cvinoticias.com\/v3\/wp-json\/wp\/v2\/tags?post=14098"}],"curies":[{"name":"wp","href":"https:\/\/api.w.org\/{rel}","templated":true}]}}