{"id":14095,"date":"2022-03-16T21:35:39","date_gmt":"2022-03-16T21:35:39","guid":{"rendered":"https:\/\/cvinoticias.com\/v3\/?p=14095"},"modified":"2022-03-16T21:35:39","modified_gmt":"2022-03-16T21:35:39","slug":"el-salario-minimo-sube-45-y-sera-de-47-850-para-fin-de-ano","status":"publish","type":"post","link":"https:\/\/cvinoticias.com\/v3\/el-salario-minimo-sube-45-y-sera-de-47-850-para-fin-de-ano\/","title":{"rendered":"El salario m\u00ednimo sube 45% y ser\u00e1 de $47.850 para fin de a\u00f1o"},"content":{"rendered":"\n<p><strong><em>Representantes sindicales y empresarios que integran el Consejo del Salario M\u00ednimo, Vital y M\u00f3vil debaten la actualizaci\u00f3n del ingreso, actualmente en $33.000; y los valores m\u00ednimos y m\u00e1ximos de las prestaciones por desempleo y los montos para beneficiarios de planes sociales.<\/em><\/strong><\/p>\n\n\n\n<p>El encuentro fue abierto por el ministro de Trabajo, Claudio Moroni, aunque una hora antes deliber\u00f3 la comisi\u00f3n de Salario M\u00ednimo, Vital y M\u00f3vil y Prestaciones por Desempleo, cuyos temas trataron tambi\u00e9n ser\u00e1n parte de la sesi\u00f3n plenaria de los 32 integrantes del organismo -16 por sector- bajo la supervisi\u00f3n de los funcionarios laborales.<\/p>\n\n\n\n<p>Seg\u00fan fuentes oficiales, la nueva mejora podr\u00eda rondar en un aumento del 40%. Sin embargo, no se descarta que el dato de inflaci\u00f3n medido por INDEC se cuele sobre la mesa de la discusi\u00f3n para apuntar a un 45% como base.<\/p>\n\n\n\n<p>La negociaci\u00f3n entre el Estado, las c\u00e1maras empresarias y las centrales obreras se dar\u00e1 bajo la premisa de que la administraci\u00f3n de Alberto Fern\u00e1ndez aceptar\u00e1 mantener abierta de manera permanente la instancia para garantizar que los eventuales acuerdos alcanzados ese d\u00eda puedan someterse a una revisi\u00f3n apenas la inflaci\u00f3n amenace con licuar los incrementos.<\/p>\n\n\n\n<p>Las deliberaciones tendr\u00e1n como marco la pretensi\u00f3n del Ejecutivo de aplicar para esta instancia la pauta de 40% de aumentos (dar\u00eda un nuevo m\u00ednimo de $46.000) que busca extender en las paritarias de los sectores privado y p\u00fablico.<\/p>\n\n\n\n<p>El piso salarial, a\u00f1os atr\u00e1s clave para orientar otras discusiones paritarias, los ajustes en el sector informal y como referencia de diversos tipos de contrataciones, en la actualidad tiene su principal impacto en el valor de los planes sociales que paga el Gobierno. Se trata del denominado \u201csalario social complementario\u201d que equivale a la mitad de un sueldo m\u00ednimo as\u00ed como el valor del subsidio REPRO que abona el Ministerio de Trabajo a las empresas en crisis, entre otros programas.<\/p>\n","protected":false},"excerpt":{"rendered":"<p>Representantes sindicales y empresarios que integran el Consejo del Salario M\u00ednimo, Vital y M\u00f3vil debaten la actualizaci\u00f3n del ingreso, actualmente en $33.000; y los valores m\u00ednimos y m\u00e1ximos de las prestaciones por desempleo y los montos para beneficiarios de planes sociales. El encuentro fue abierto por el ministro de Trabajo, Claudio Moroni, aunque una hora [&hellip;]<\/p>\n","protected":false},"author":2,"featured_media":14096,"comment_status":"open","ping_status":"open","sticky":false,"template":"","format":"standard","meta":{"footnotes":""},"categories":[32],"tags":[],"class_list":["post-14095","post","type-post","status-publish","format-standard","has-post-thumbnail","hentry","category-economia"],"yoast_head":"<!-- This site is optimized with the Yoast SEO plugin v27.4 - https:\/\/yoast.com\/product\/yoast-seo-wordpress\/ -->\n<title>El salario m\u00ednimo sube 45% y ser\u00e1 de $47.850 para fin de a\u00f1o | CVI NOTICIAS<\/title>\n<meta name=\"robots\" content=\"index, follow, max-snippet:-1, max-image-preview:large, max-video-preview:-1\" \/>\n<link rel=\"canonical\" href=\"https:\/\/cvinoticias.com\/v3\/el-salario-minimo-sube-45-y-sera-de-47-850-para-fin-de-ano\/\" \/>\n<meta property=\"og:locale\" content=\"es_ES\" \/>\n<meta property=\"og:type\" content=\"article\" \/>\n<meta property=\"og:title\" content=\"El salario m\u00ednimo sube 45% y ser\u00e1 de $47.850 para fin de a\u00f1o | CVI NOTICIAS\" \/>\n<meta property=\"og:description\" content=\"Representantes sindicales y empresarios que integran el Consejo del Salario M\u00ednimo, Vital y M\u00f3vil debaten la actualizaci\u00f3n del ingreso, actualmente en $33.000; y los valores m\u00ednimos y m\u00e1ximos de las prestaciones por desempleo y los montos para beneficiarios de planes sociales. El encuentro fue abierto por el ministro de Trabajo, Claudio Moroni, aunque una hora [&hellip;]\" \/>\n<meta property=\"og:url\" content=\"https:\/\/cvinoticias.com\/v3\/el-salario-minimo-sube-45-y-sera-de-47-850-para-fin-de-ano\/\" \/>\n<meta property=\"og:site_name\" content=\"CVI NOTICIAS\" \/>\n<meta property=\"article:publisher\" content=\"https:\/\/www.facebook.com\/cvinoticias\" \/>\n<meta property=\"article:published_time\" content=\"2022-03-16T21:35:39+00:00\" \/>\n<meta property=\"og:image\" content=\"https:\/\/cvinoticias.com\/wp-content\/uploads\/2022\/03\/f608x342-385370_415093_0.jpg\" \/>\n\t<meta property=\"og:image:width\" content=\"608\" \/>\n\t<meta property=\"og:image:height\" content=\"342\" \/>\n\t<meta property=\"og:image:type\" content=\"image\/jpeg\" \/>\n<meta name=\"author\" content=\"f1000024\" \/>\n<meta name=\"twitter:card\" content=\"summary_large_image\" \/>\n<meta name=\"twitter:label1\" content=\"Escrito por\" \/>\n\t<meta name=\"twitter:data1\" content=\"f1000024\" \/>\n\t<meta name=\"twitter:label2\" content=\"Tiempo de lectura\" \/>\n\t<meta name=\"twitter:data2\" content=\"2 minutos\" \/>\n<script type=\"application\/ld+json\" class=\"yoast-schema-graph\">{\"@context\":\"https:\\\/\\\/schema.org\",\"@graph\":[{\"@type\":\"Article\",\"@id\":\"https:\\\/\\\/cvinoticias.com\\\/v3\\\/el-salario-minimo-sube-45-y-sera-de-47-850-para-fin-de-ano\\\/#article\",\"isPartOf\":{\"@id\":\"https:\\\/\\\/cvinoticias.com\\\/v3\\\/el-salario-minimo-sube-45-y-sera-de-47-850-para-fin-de-ano\\\/\"},\"author\":{\"name\":\"f1000024\",\"@id\":\"https:\\\/\\\/cvinoticias.com\\\/v3\\\/#\\\/schema\\\/person\\\/2db77e3c6bc03c538495d7b2b8be9b66\"},\"headline\":\"El salario m\u00ednimo sube 45% y ser\u00e1 de $47.850 para fin de a\u00f1o\",\"datePublished\":\"2022-03-16T21:35:39+00:00\",\"mainEntityOfPage\":{\"@id\":\"https:\\\/\\\/cvinoticias.com\\\/v3\\\/el-salario-minimo-sube-45-y-sera-de-47-850-para-fin-de-ano\\\/\"},\"wordCount\":346,\"commentCount\":0,\"publisher\":{\"@id\":\"https:\\\/\\\/cvinoticias.com\\\/v3\\\/#organization\"},\"image\":{\"@id\":\"https:\\\/\\\/cvinoticias.com\\\/v3\\\/el-salario-minimo-sube-45-y-sera-de-47-850-para-fin-de-ano\\\/#primaryimage\"},\"thumbnailUrl\":\"https:\\\/\\\/cvinoticias.com\\\/wp-content\\\/uploads\\\/2022\\\/03\\\/f608x342-385370_415093_0.jpg\",\"articleSection\":[\"Econom\u00eda\"],\"inLanguage\":\"es\",\"potentialAction\":[{\"@type\":\"CommentAction\",\"name\":\"Comment\",\"target\":[\"https:\\\/\\\/cvinoticias.com\\\/v3\\\/el-salario-minimo-sube-45-y-sera-de-47-850-para-fin-de-ano\\\/#respond\"]}]},{\"@type\":\"WebPage\",\"@id\":\"https:\\\/\\\/cvinoticias.com\\\/v3\\\/el-salario-minimo-sube-45-y-sera-de-47-850-para-fin-de-ano\\\/\",\"url\":\"https:\\\/\\\/cvinoticias.com\\\/v3\\\/el-salario-minimo-sube-45-y-sera-de-47-850-para-fin-de-ano\\\/\",\"name\":\"El salario m\u00ednimo sube 45% y ser\u00e1 de $47.850 para fin de a\u00f1o | CVI NOTICIAS\",\"isPartOf\":{\"@id\":\"https:\\\/\\\/cvinoticias.com\\\/v3\\\/#website\"},\"primaryImageOfPage\":{\"@id\":\"https:\\\/\\\/cvinoticias.com\\\/v3\\\/el-salario-minimo-sube-45-y-sera-de-47-850-para-fin-de-ano\\\/#primaryimage\"},\"image\":{\"@id\":\"https:\\\/\\\/cvinoticias.com\\\/v3\\\/el-salario-minimo-sube-45-y-sera-de-47-850-para-fin-de-ano\\\/#primaryimage\"},\"thumbnailUrl\":\"https:\\\/\\\/cvinoticias.com\\\/wp-content\\\/uploads\\\/2022\\\/03\\\/f608x342-385370_415093_0.jpg\",\"datePublished\":\"2022-03-16T21:35:39+00:00\",\"breadcrumb\":{\"@id\":\"https:\\\/\\\/cvinoticias.com\\\/v3\\\/el-salario-minimo-sube-45-y-sera-de-47-850-para-fin-de-ano\\\/#breadcrumb\"},\"inLanguage\":\"es\",\"potentialAction\":[{\"@type\":\"ReadAction\",\"target\":[\"https:\\\/\\\/cvinoticias.com\\\/v3\\\/el-salario-minimo-sube-45-y-sera-de-47-850-para-fin-de-ano\\\/\"]}]},{\"@type\":\"ImageObject\",\"inLanguage\":\"es\",\"@id\":\"https:\\\/\\\/cvinoticias.com\\\/v3\\\/el-salario-minimo-sube-45-y-sera-de-47-850-para-fin-de-ano\\\/#primaryimage\",\"url\":\"https:\\\/\\\/cvinoticias.com\\\/wp-content\\\/uploads\\\/2022\\\/03\\\/f608x342-385370_415093_0.jpg\",\"contentUrl\":\"https:\\\/\\\/cvinoticias.com\\\/wp-content\\\/uploads\\\/2022\\\/03\\\/f608x342-385370_415093_0.jpg\",\"width\":608,\"height\":342},{\"@type\":\"BreadcrumbList\",\"@id\":\"https:\\\/\\\/cvinoticias.com\\\/v3\\\/el-salario-minimo-sube-45-y-sera-de-47-850-para-fin-de-ano\\\/#breadcrumb\",\"itemListElement\":[{\"@type\":\"ListItem\",\"position\":1,\"name\":\"Portada\",\"item\":\"https:\\\/\\\/cvinoticias.com\\\/v3\\\/\"},{\"@type\":\"ListItem\",\"position\":2,\"name\":\"El salario m\u00ednimo sube 45% y ser\u00e1 de $47.850 para fin de a\u00f1o\"}]},{\"@type\":\"WebSite\",\"@id\":\"https:\\\/\\\/cvinoticias.com\\\/v3\\\/#website\",\"url\":\"https:\\\/\\\/cvinoticias.com\\\/v3\\\/\",\"name\":\"CVI NOTICIAS\",\"description\":\"\",\"publisher\":{\"@id\":\"https:\\\/\\\/cvinoticias.com\\\/v3\\\/#organization\"},\"alternateName\":\"CVI\",\"potentialAction\":[{\"@type\":\"SearchAction\",\"target\":{\"@type\":\"EntryPoint\",\"urlTemplate\":\"https:\\\/\\\/cvinoticias.com\\\/v3\\\/?s={search_term_string}\"},\"query-input\":{\"@type\":\"PropertyValueSpecification\",\"valueRequired\":true,\"valueName\":\"search_term_string\"}}],\"inLanguage\":\"es\"},{\"@type\":\"Organization\",\"@id\":\"https:\\\/\\\/cvinoticias.com\\\/v3\\\/#organization\",\"name\":\"CVI NOTICIAS\",\"url\":\"https:\\\/\\\/cvinoticias.com\\\/v3\\\/\",\"logo\":{\"@type\":\"ImageObject\",\"inLanguage\":\"es\",\"@id\":\"https:\\\/\\\/cvinoticias.com\\\/v3\\\/#\\\/schema\\\/logo\\\/image\\\/\",\"url\":\"https:\\\/\\\/cvinoticias.com\\\/wp-content\\\/uploads\\\/2023\\\/04\\\/cropped-cropped-cropped-cropped-cropped-3-1.png\",\"contentUrl\":\"https:\\\/\\\/cvinoticias.com\\\/wp-content\\\/uploads\\\/2023\\\/04\\\/cropped-cropped-cropped-cropped-cropped-3-1.png\",\"width\":95,\"height\":122,\"caption\":\"CVI NOTICIAS\"},\"image\":{\"@id\":\"https:\\\/\\\/cvinoticias.com\\\/v3\\\/#\\\/schema\\\/logo\\\/image\\\/\"},\"sameAs\":[\"https:\\\/\\\/www.facebook.com\\\/cvinoticias\",\"https:\\\/\\\/www.instagram.com\\\/cvinoticias\\\/\",\"https:\\\/\\\/www.youtube.com\\\/@CVINOTICIAS\"]},{\"@type\":\"Person\",\"@id\":\"https:\\\/\\\/cvinoticias.com\\\/v3\\\/#\\\/schema\\\/person\\\/2db77e3c6bc03c538495d7b2b8be9b66\",\"name\":\"f1000024\",\"image\":{\"@type\":\"ImageObject\",\"inLanguage\":\"es\",\"@id\":\"https:\\\/\\\/secure.gravatar.com\\\/avatar\\\/d4fe7459cfc51ff5129ce1a732bbef5928568b8092d412ef95611616376bbeed?s=96&d=mm&r=g\",\"url\":\"https:\\\/\\\/secure.gravatar.com\\\/avatar\\\/d4fe7459cfc51ff5129ce1a732bbef5928568b8092d412ef95611616376bbeed?s=96&d=mm&r=g\",\"contentUrl\":\"https:\\\/\\\/secure.gravatar.com\\\/avatar\\\/d4fe7459cfc51ff5129ce1a732bbef5928568b8092d412ef95611616376bbeed?s=96&d=mm&r=g\",\"caption\":\"f1000024\"},\"url\":\"https:\\\/\\\/cvinoticias.com\\\/v3\\\/author\\\/f1000024\\\/\"}]}<\/script>\n<!-- \/ Yoast SEO plugin. -->","yoast_head_json":{"title":"El salario m\u00ednimo sube 45% y ser\u00e1 de $47.850 para fin de a\u00f1o | CVI NOTICIAS","robots":{"index":"index","follow":"follow","max-snippet":"max-snippet:-1","max-image-preview":"max-image-preview:large","max-video-preview":"max-video-preview:-1"},"canonical":"https:\/\/cvinoticias.com\/v3\/el-salario-minimo-sube-45-y-sera-de-47-850-para-fin-de-ano\/","og_locale":"es_ES","og_type":"article","og_title":"El salario m\u00ednimo sube 45% y ser\u00e1 de $47.850 para fin de a\u00f1o | CVI NOTICIAS","og_description":"Representantes sindicales y empresarios que integran el Consejo del Salario M\u00ednimo, Vital y M\u00f3vil debaten la actualizaci\u00f3n del ingreso, actualmente en $33.000; y los valores m\u00ednimos y m\u00e1ximos de las prestaciones por desempleo y los montos para beneficiarios de planes sociales. El encuentro fue abierto por el ministro de Trabajo, Claudio Moroni, aunque una hora [&hellip;]","og_url":"https:\/\/cvinoticias.com\/v3\/el-salario-minimo-sube-45-y-sera-de-47-850-para-fin-de-ano\/","og_site_name":"CVI NOTICIAS","article_publisher":"https:\/\/www.facebook.com\/cvinoticias","article_published_time":"2022-03-16T21:35:39+00:00","og_image":[{"width":608,"height":342,"url":"https:\/\/cvinoticias.com\/wp-content\/uploads\/2022\/03\/f608x342-385370_415093_0.jpg","type":"image\/jpeg"}],"author":"f1000024","twitter_card":"summary_large_image","twitter_misc":{"Escrito por":"f1000024","Tiempo de lectura":"2 minutos"},"schema":{"@context":"https:\/\/schema.org","@graph":[{"@type":"Article","@id":"https:\/\/cvinoticias.com\/v3\/el-salario-minimo-sube-45-y-sera-de-47-850-para-fin-de-ano\/#article","isPartOf":{"@id":"https:\/\/cvinoticias.com\/v3\/el-salario-minimo-sube-45-y-sera-de-47-850-para-fin-de-ano\/"},"author":{"name":"f1000024","@id":"https:\/\/cvinoticias.com\/v3\/#\/schema\/person\/2db77e3c6bc03c538495d7b2b8be9b66"},"headline":"El salario m\u00ednimo sube 45% y ser\u00e1 de $47.850 para fin de a\u00f1o","datePublished":"2022-03-16T21:35:39+00:00","mainEntityOfPage":{"@id":"https:\/\/cvinoticias.com\/v3\/el-salario-minimo-sube-45-y-sera-de-47-850-para-fin-de-ano\/"},"wordCount":346,"commentCount":0,"publisher":{"@id":"https:\/\/cvinoticias.com\/v3\/#organization"},"image":{"@id":"https:\/\/cvinoticias.com\/v3\/el-salario-minimo-sube-45-y-sera-de-47-850-para-fin-de-ano\/#primaryimage"},"thumbnailUrl":"https:\/\/cvinoticias.com\/wp-content\/uploads\/2022\/03\/f608x342-385370_415093_0.jpg","articleSection":["Econom\u00eda"],"inLanguage":"es","potentialAction":[{"@type":"CommentAction","name":"Comment","target":["https:\/\/cvinoticias.com\/v3\/el-salario-minimo-sube-45-y-sera-de-47-850-para-fin-de-ano\/#respond"]}]},{"@type":"WebPage","@id":"https:\/\/cvinoticias.com\/v3\/el-salario-minimo-sube-45-y-sera-de-47-850-para-fin-de-ano\/","url":"https:\/\/cvinoticias.com\/v3\/el-salario-minimo-sube-45-y-sera-de-47-850-para-fin-de-ano\/","name":"El salario m\u00ednimo sube 45% y ser\u00e1 de $47.850 para fin de a\u00f1o | CVI NOTICIAS","isPartOf":{"@id":"https:\/\/cvinoticias.com\/v3\/#website"},"primaryImageOfPage":{"@id":"https:\/\/cvinoticias.com\/v3\/el-salario-minimo-sube-45-y-sera-de-47-850-para-fin-de-ano\/#primaryimage"},"image":{"@id":"https:\/\/cvinoticias.com\/v3\/el-salario-minimo-sube-45-y-sera-de-47-850-para-fin-de-ano\/#primaryimage"},"thumbnailUrl":"https:\/\/cvinoticias.com\/wp-content\/uploads\/2022\/03\/f608x342-385370_415093_0.jpg","datePublished":"2022-03-16T21:35:39+00:00","breadcrumb":{"@id":"https:\/\/cvinoticias.com\/v3\/el-salario-minimo-sube-45-y-sera-de-47-850-para-fin-de-ano\/#breadcrumb"},"inLanguage":"es","potentialAction":[{"@type":"ReadAction","target":["https:\/\/cvinoticias.com\/v3\/el-salario-minimo-sube-45-y-sera-de-47-850-para-fin-de-ano\/"]}]},{"@type":"ImageObject","inLanguage":"es","@id":"https:\/\/cvinoticias.com\/v3\/el-salario-minimo-sube-45-y-sera-de-47-850-para-fin-de-ano\/#primaryimage","url":"https:\/\/cvinoticias.com\/wp-content\/uploads\/2022\/03\/f608x342-385370_415093_0.jpg","contentUrl":"https:\/\/cvinoticias.com\/wp-content\/uploads\/2022\/03\/f608x342-385370_415093_0.jpg","width":608,"height":342},{"@type":"BreadcrumbList","@id":"https:\/\/cvinoticias.com\/v3\/el-salario-minimo-sube-45-y-sera-de-47-850-para-fin-de-ano\/#breadcrumb","itemListElement":[{"@type":"ListItem","position":1,"name":"Portada","item":"https:\/\/cvinoticias.com\/v3\/"},{"@type":"ListItem","position":2,"name":"El salario m\u00ednimo sube 45% y ser\u00e1 de $47.850 para fin de a\u00f1o"}]},{"@type":"WebSite","@id":"https:\/\/cvinoticias.com\/v3\/#website","url":"https:\/\/cvinoticias.com\/v3\/","name":"CVI NOTICIAS","description":"","publisher":{"@id":"https:\/\/cvinoticias.com\/v3\/#organization"},"alternateName":"CVI","potentialAction":[{"@type":"SearchAction","target":{"@type":"EntryPoint","urlTemplate":"https:\/\/cvinoticias.com\/v3\/?s={search_term_string}"},"query-input":{"@type":"PropertyValueSpecification","valueRequired":true,"valueName":"search_term_string"}}],"inLanguage":"es"},{"@type":"Organization","@id":"https:\/\/cvinoticias.com\/v3\/#organization","name":"CVI NOTICIAS","url":"https:\/\/cvinoticias.com\/v3\/","logo":{"@type":"ImageObject","inLanguage":"es","@id":"https:\/\/cvinoticias.com\/v3\/#\/schema\/logo\/image\/","url":"https:\/\/cvinoticias.com\/wp-content\/uploads\/2023\/04\/cropped-cropped-cropped-cropped-cropped-3-1.png","contentUrl":"https:\/\/cvinoticias.com\/wp-content\/uploads\/2023\/04\/cropped-cropped-cropped-cropped-cropped-3-1.png","width":95,"height":122,"caption":"CVI NOTICIAS"},"image":{"@id":"https:\/\/cvinoticias.com\/v3\/#\/schema\/logo\/image\/"},"sameAs":["https:\/\/www.facebook.com\/cvinoticias","https:\/\/www.instagram.com\/cvinoticias\/","https:\/\/www.youtube.com\/@CVINOTICIAS"]},{"@type":"Person","@id":"https:\/\/cvinoticias.com\/v3\/#\/schema\/person\/2db77e3c6bc03c538495d7b2b8be9b66","name":"f1000024","image":{"@type":"ImageObject","inLanguage":"es","@id":"https:\/\/secure.gravatar.com\/avatar\/d4fe7459cfc51ff5129ce1a732bbef5928568b8092d412ef95611616376bbeed?s=96&d=mm&r=g","url":"https:\/\/secure.gravatar.com\/avatar\/d4fe7459cfc51ff5129ce1a732bbef5928568b8092d412ef95611616376bbeed?s=96&d=mm&r=g","contentUrl":"https:\/\/secure.gravatar.com\/avatar\/d4fe7459cfc51ff5129ce1a732bbef5928568b8092d412ef95611616376bbeed?s=96&d=mm&r=g","caption":"f1000024"},"url":"https:\/\/cvinoticias.com\/v3\/author\/f1000024\/"}]}},"_links":{"self":[{"href":"https:\/\/cvinoticias.com\/v3\/wp-json\/wp\/v2\/posts\/14095","targetHints":{"allow":["GET"]}}],"collection":[{"href":"https:\/\/cvinoticias.com\/v3\/wp-json\/wp\/v2\/posts"}],"about":[{"href":"https:\/\/cvinoticias.com\/v3\/wp-json\/wp\/v2\/types\/post"}],"author":[{"embeddable":true,"href":"https:\/\/cvinoticias.com\/v3\/wp-json\/wp\/v2\/users\/2"}],"replies":[{"embeddable":true,"href":"https:\/\/cvinoticias.com\/v3\/wp-json\/wp\/v2\/comments?post=14095"}],"version-history":[{"count":1,"href":"https:\/\/cvinoticias.com\/v3\/wp-json\/wp\/v2\/posts\/14095\/revisions"}],"predecessor-version":[{"id":14097,"href":"https:\/\/cvinoticias.com\/v3\/wp-json\/wp\/v2\/posts\/14095\/revisions\/14097"}],"wp:featuredmedia":[{"embeddable":true,"href":"https:\/\/cvinoticias.com\/v3\/wp-json\/wp\/v2\/media\/14096"}],"wp:attachment":[{"href":"https:\/\/cvinoticias.com\/v3\/wp-json\/wp\/v2\/media?parent=14095"}],"wp:term":[{"taxonomy":"category","embeddable":true,"href":"https:\/\/cvinoticias.com\/v3\/wp-json\/wp\/v2\/categories?post=14095"},{"taxonomy":"post_tag","embeddable":true,"href":"https:\/\/cvinoticias.com\/v3\/wp-json\/wp\/v2\/tags?post=14095"}],"curies":[{"name":"wp","href":"https:\/\/api.w.org\/{rel}","templated":true}]}}