{"id":13996,"date":"2022-03-10T22:50:24","date_gmt":"2022-03-10T22:50:24","guid":{"rendered":"https:\/\/cvinoticias.com\/v3\/?p=13996"},"modified":"2022-03-10T22:50:24","modified_gmt":"2022-03-10T22:50:24","slug":"en-lo-que-va-del-ano-282-940-personas-visitaron-el-parque-nacional-iguazu","status":"publish","type":"post","link":"https:\/\/cvinoticias.com\/v3\/en-lo-que-va-del-ano-282-940-personas-visitaron-el-parque-nacional-iguazu\/","title":{"rendered":"En lo que va del a\u00f1o, 282.940 personas visitaron el Parque Nacional Iguaz\u00fa"},"content":{"rendered":"\n<p><strong>En enero, el Parque registr\u00f3 un total de 140.503 visitantes. En tanto en febrero hubo un total de 142.437 personas. De ese n\u00famero total el 89% son turistas y visitantes argentinos, el resto son extranjeros.<\/strong><\/p>\n\n\n\n<p>El Parque Nacional Iguaz\u00fa se posicion\u00f3 como uno de los destinos m\u00e1s elegidos en la \u00faltima temporada y estos n\u00fameros lo reflejan. Entre argentinos y extranjeros la suma supera los 280 mil visitantes.<\/p>\n\n\n\n<p>El imponente Parque Nacional Iguaz\u00fa que alberga las maravillosas Cataratas del Iguaz\u00fa siguen batiendo r\u00e9cords y posicion\u00e1ndose como el destino m\u00e1s elegido en la regi\u00f3n. Seg\u00fan datos oficiales los visitantes entre el mes de enero y febrero de 2022 un total de 282.940 personas visitaron el lugar y disfrutaron de la naturaleza en la tierra colorada.<\/p>\n\n\n\n<p>Luego de dos a\u00f1os de pandemia y un contexto dif\u00edcil desde el punto de vista tur\u00edstico, la provincia de Misiones sigue creciendo y sobresaliendo a nivel nacional e internacional. La principal causa de esto es la Maravilla del Mundo de las Cataratas del Iguaz\u00fa que atrae a turistas de toda la regi\u00f3n y el mundo.<\/p>\n\n\n\n<p>En el mes de enero, el Parque Nacional Iguaz\u00fa registr\u00f3 un total de 140.503 visitantes. En el segundo mes, febrero, un total de 142.437 personas.<\/p>\n\n\n\n<p>De ese n\u00famero total el 89% son turistas y visitantes argentinos que elijen a la selva misionera como principal atracci\u00f3n. Alrededor de un 5% corresponde a visitantes del MERCOSUR y un poco m\u00e1s del 5% restante son turistas extranjeros.<\/p>\n\n\n\n<p>De igual manera, los n\u00fameros siguen altos en cuanto a visitantes para este mes de marzo. M\u00e1s all\u00e1 del fin de las vacaciones, seg\u00fan los \u00faltimos datos oficiales m\u00e1s de 19 mil personas visitaron el Parque Nacional Iguaz\u00fa en el corrientes mes.<\/p>\n","protected":false},"excerpt":{"rendered":"<p>En enero, el Parque registr\u00f3 un total de 140.503 visitantes. En tanto en febrero hubo un total de 142.437 personas. De ese n\u00famero total el 89% son turistas y visitantes argentinos, el resto son extranjeros. El Parque Nacional Iguaz\u00fa se posicion\u00f3 como uno de los destinos m\u00e1s elegidos en la \u00faltima temporada y estos n\u00fameros [&hellip;]<\/p>\n","protected":false},"author":2,"featured_media":13997,"comment_status":"open","ping_status":"open","sticky":false,"template":"","format":"standard","meta":{"footnotes":""},"categories":[50],"tags":[],"class_list":["post-13996","post","type-post","status-publish","format-standard","has-post-thumbnail","hentry","category-turismo"],"yoast_head":"<!-- This site is optimized with the Yoast SEO plugin v27.5 - https:\/\/yoast.com\/product\/yoast-seo-wordpress\/ -->\n<title>En lo que va del a\u00f1o, 282.940 personas visitaron el Parque Nacional Iguaz\u00fa | CVI NOTICIAS<\/title>\n<meta name=\"robots\" content=\"index, follow, max-snippet:-1, max-image-preview:large, max-video-preview:-1\" \/>\n<link rel=\"canonical\" href=\"https:\/\/cvinoticias.com\/v3\/en-lo-que-va-del-ano-282-940-personas-visitaron-el-parque-nacional-iguazu\/\" \/>\n<meta property=\"og:locale\" content=\"es_ES\" \/>\n<meta property=\"og:type\" content=\"article\" \/>\n<meta property=\"og:title\" content=\"En lo que va del a\u00f1o, 282.940 personas visitaron el Parque Nacional Iguaz\u00fa | CVI NOTICIAS\" \/>\n<meta property=\"og:description\" content=\"En enero, el Parque registr\u00f3 un total de 140.503 visitantes. En tanto en febrero hubo un total de 142.437 personas. De ese n\u00famero total el 89% son turistas y visitantes argentinos, el resto son extranjeros. El Parque Nacional Iguaz\u00fa se posicion\u00f3 como uno de los destinos m\u00e1s elegidos en la \u00faltima temporada y estos n\u00fameros [&hellip;]\" \/>\n<meta property=\"og:url\" content=\"https:\/\/cvinoticias.com\/v3\/en-lo-que-va-del-ano-282-940-personas-visitaron-el-parque-nacional-iguazu\/\" \/>\n<meta property=\"og:site_name\" content=\"CVI NOTICIAS\" \/>\n<meta property=\"article:publisher\" content=\"https:\/\/www.facebook.com\/cvinoticias\" \/>\n<meta property=\"article:published_time\" content=\"2022-03-10T22:50:24+00:00\" \/>\n<meta property=\"og:image\" content=\"https:\/\/cvinoticias.com\/wp-content\/uploads\/2022\/03\/FB_IMG_1633818962848.jpg\" \/>\n\t<meta property=\"og:image:width\" content=\"634\" \/>\n\t<meta property=\"og:image:height\" content=\"960\" \/>\n\t<meta property=\"og:image:type\" content=\"image\/jpeg\" \/>\n<meta name=\"author\" content=\"f1000024\" \/>\n<meta name=\"twitter:card\" content=\"summary_large_image\" \/>\n<meta name=\"twitter:label1\" content=\"Escrito por\" \/>\n\t<meta name=\"twitter:data1\" content=\"f1000024\" \/>\n\t<meta name=\"twitter:label2\" content=\"Tiempo de lectura\" \/>\n\t<meta name=\"twitter:data2\" content=\"1 minuto\" \/>\n<script type=\"application\/ld+json\" class=\"yoast-schema-graph\">{\"@context\":\"https:\\\/\\\/schema.org\",\"@graph\":[{\"@type\":\"Article\",\"@id\":\"https:\\\/\\\/cvinoticias.com\\\/v3\\\/en-lo-que-va-del-ano-282-940-personas-visitaron-el-parque-nacional-iguazu\\\/#article\",\"isPartOf\":{\"@id\":\"https:\\\/\\\/cvinoticias.com\\\/v3\\\/en-lo-que-va-del-ano-282-940-personas-visitaron-el-parque-nacional-iguazu\\\/\"},\"author\":{\"name\":\"f1000024\",\"@id\":\"https:\\\/\\\/cvinoticias.com\\\/v3\\\/#\\\/schema\\\/person\\\/2db77e3c6bc03c538495d7b2b8be9b66\"},\"headline\":\"En lo que va del a\u00f1o, 282.940 personas visitaron el Parque Nacional Iguaz\u00fa\",\"datePublished\":\"2022-03-10T22:50:24+00:00\",\"mainEntityOfPage\":{\"@id\":\"https:\\\/\\\/cvinoticias.com\\\/v3\\\/en-lo-que-va-del-ano-282-940-personas-visitaron-el-parque-nacional-iguazu\\\/\"},\"wordCount\":305,\"commentCount\":0,\"publisher\":{\"@id\":\"https:\\\/\\\/cvinoticias.com\\\/v3\\\/#organization\"},\"image\":{\"@id\":\"https:\\\/\\\/cvinoticias.com\\\/v3\\\/en-lo-que-va-del-ano-282-940-personas-visitaron-el-parque-nacional-iguazu\\\/#primaryimage\"},\"thumbnailUrl\":\"https:\\\/\\\/cvinoticias.com\\\/wp-content\\\/uploads\\\/2022\\\/03\\\/FB_IMG_1633818962848.jpg\",\"articleSection\":[\"Turismo\"],\"inLanguage\":\"es\",\"potentialAction\":[{\"@type\":\"CommentAction\",\"name\":\"Comment\",\"target\":[\"https:\\\/\\\/cvinoticias.com\\\/v3\\\/en-lo-que-va-del-ano-282-940-personas-visitaron-el-parque-nacional-iguazu\\\/#respond\"]}]},{\"@type\":\"WebPage\",\"@id\":\"https:\\\/\\\/cvinoticias.com\\\/v3\\\/en-lo-que-va-del-ano-282-940-personas-visitaron-el-parque-nacional-iguazu\\\/\",\"url\":\"https:\\\/\\\/cvinoticias.com\\\/v3\\\/en-lo-que-va-del-ano-282-940-personas-visitaron-el-parque-nacional-iguazu\\\/\",\"name\":\"En lo que va del a\u00f1o, 282.940 personas visitaron el Parque Nacional Iguaz\u00fa | CVI NOTICIAS\",\"isPartOf\":{\"@id\":\"https:\\\/\\\/cvinoticias.com\\\/v3\\\/#website\"},\"primaryImageOfPage\":{\"@id\":\"https:\\\/\\\/cvinoticias.com\\\/v3\\\/en-lo-que-va-del-ano-282-940-personas-visitaron-el-parque-nacional-iguazu\\\/#primaryimage\"},\"image\":{\"@id\":\"https:\\\/\\\/cvinoticias.com\\\/v3\\\/en-lo-que-va-del-ano-282-940-personas-visitaron-el-parque-nacional-iguazu\\\/#primaryimage\"},\"thumbnailUrl\":\"https:\\\/\\\/cvinoticias.com\\\/wp-content\\\/uploads\\\/2022\\\/03\\\/FB_IMG_1633818962848.jpg\",\"datePublished\":\"2022-03-10T22:50:24+00:00\",\"breadcrumb\":{\"@id\":\"https:\\\/\\\/cvinoticias.com\\\/v3\\\/en-lo-que-va-del-ano-282-940-personas-visitaron-el-parque-nacional-iguazu\\\/#breadcrumb\"},\"inLanguage\":\"es\",\"potentialAction\":[{\"@type\":\"ReadAction\",\"target\":[\"https:\\\/\\\/cvinoticias.com\\\/v3\\\/en-lo-que-va-del-ano-282-940-personas-visitaron-el-parque-nacional-iguazu\\\/\"]}]},{\"@type\":\"ImageObject\",\"inLanguage\":\"es\",\"@id\":\"https:\\\/\\\/cvinoticias.com\\\/v3\\\/en-lo-que-va-del-ano-282-940-personas-visitaron-el-parque-nacional-iguazu\\\/#primaryimage\",\"url\":\"https:\\\/\\\/cvinoticias.com\\\/wp-content\\\/uploads\\\/2022\\\/03\\\/FB_IMG_1633818962848.jpg\",\"contentUrl\":\"https:\\\/\\\/cvinoticias.com\\\/wp-content\\\/uploads\\\/2022\\\/03\\\/FB_IMG_1633818962848.jpg\",\"width\":634,\"height\":960},{\"@type\":\"BreadcrumbList\",\"@id\":\"https:\\\/\\\/cvinoticias.com\\\/v3\\\/en-lo-que-va-del-ano-282-940-personas-visitaron-el-parque-nacional-iguazu\\\/#breadcrumb\",\"itemListElement\":[{\"@type\":\"ListItem\",\"position\":1,\"name\":\"Portada\",\"item\":\"https:\\\/\\\/cvinoticias.com\\\/v3\\\/\"},{\"@type\":\"ListItem\",\"position\":2,\"name\":\"En lo que va del a\u00f1o, 282.940 personas visitaron el Parque Nacional Iguaz\u00fa\"}]},{\"@type\":\"WebSite\",\"@id\":\"https:\\\/\\\/cvinoticias.com\\\/v3\\\/#website\",\"url\":\"https:\\\/\\\/cvinoticias.com\\\/v3\\\/\",\"name\":\"CVI NOTICIAS\",\"description\":\"\",\"publisher\":{\"@id\":\"https:\\\/\\\/cvinoticias.com\\\/v3\\\/#organization\"},\"alternateName\":\"CVI\",\"potentialAction\":[{\"@type\":\"SearchAction\",\"target\":{\"@type\":\"EntryPoint\",\"urlTemplate\":\"https:\\\/\\\/cvinoticias.com\\\/v3\\\/?s={search_term_string}\"},\"query-input\":{\"@type\":\"PropertyValueSpecification\",\"valueRequired\":true,\"valueName\":\"search_term_string\"}}],\"inLanguage\":\"es\"},{\"@type\":\"Organization\",\"@id\":\"https:\\\/\\\/cvinoticias.com\\\/v3\\\/#organization\",\"name\":\"CVI NOTICIAS\",\"url\":\"https:\\\/\\\/cvinoticias.com\\\/v3\\\/\",\"logo\":{\"@type\":\"ImageObject\",\"inLanguage\":\"es\",\"@id\":\"https:\\\/\\\/cvinoticias.com\\\/v3\\\/#\\\/schema\\\/logo\\\/image\\\/\",\"url\":\"https:\\\/\\\/cvinoticias.com\\\/wp-content\\\/uploads\\\/2023\\\/04\\\/cropped-cropped-cropped-cropped-cropped-3-1.png\",\"contentUrl\":\"https:\\\/\\\/cvinoticias.com\\\/wp-content\\\/uploads\\\/2023\\\/04\\\/cropped-cropped-cropped-cropped-cropped-3-1.png\",\"width\":95,\"height\":122,\"caption\":\"CVI NOTICIAS\"},\"image\":{\"@id\":\"https:\\\/\\\/cvinoticias.com\\\/v3\\\/#\\\/schema\\\/logo\\\/image\\\/\"},\"sameAs\":[\"https:\\\/\\\/www.facebook.com\\\/cvinoticias\",\"https:\\\/\\\/www.instagram.com\\\/cvinoticias\\\/\",\"https:\\\/\\\/www.youtube.com\\\/@CVINOTICIAS\"]},{\"@type\":\"Person\",\"@id\":\"https:\\\/\\\/cvinoticias.com\\\/v3\\\/#\\\/schema\\\/person\\\/2db77e3c6bc03c538495d7b2b8be9b66\",\"name\":\"f1000024\",\"image\":{\"@type\":\"ImageObject\",\"inLanguage\":\"es\",\"@id\":\"https:\\\/\\\/secure.gravatar.com\\\/avatar\\\/d4fe7459cfc51ff5129ce1a732bbef5928568b8092d412ef95611616376bbeed?s=96&d=mm&r=g\",\"url\":\"https:\\\/\\\/secure.gravatar.com\\\/avatar\\\/d4fe7459cfc51ff5129ce1a732bbef5928568b8092d412ef95611616376bbeed?s=96&d=mm&r=g\",\"contentUrl\":\"https:\\\/\\\/secure.gravatar.com\\\/avatar\\\/d4fe7459cfc51ff5129ce1a732bbef5928568b8092d412ef95611616376bbeed?s=96&d=mm&r=g\",\"caption\":\"f1000024\"},\"url\":\"https:\\\/\\\/cvinoticias.com\\\/v3\\\/author\\\/f1000024\\\/\"}]}<\/script>\n<!-- \/ Yoast SEO plugin. -->","yoast_head_json":{"title":"En lo que va del a\u00f1o, 282.940 personas visitaron el Parque Nacional Iguaz\u00fa | CVI NOTICIAS","robots":{"index":"index","follow":"follow","max-snippet":"max-snippet:-1","max-image-preview":"max-image-preview:large","max-video-preview":"max-video-preview:-1"},"canonical":"https:\/\/cvinoticias.com\/v3\/en-lo-que-va-del-ano-282-940-personas-visitaron-el-parque-nacional-iguazu\/","og_locale":"es_ES","og_type":"article","og_title":"En lo que va del a\u00f1o, 282.940 personas visitaron el Parque Nacional Iguaz\u00fa | CVI NOTICIAS","og_description":"En enero, el Parque registr\u00f3 un total de 140.503 visitantes. En tanto en febrero hubo un total de 142.437 personas. De ese n\u00famero total el 89% son turistas y visitantes argentinos, el resto son extranjeros. El Parque Nacional Iguaz\u00fa se posicion\u00f3 como uno de los destinos m\u00e1s elegidos en la \u00faltima temporada y estos n\u00fameros [&hellip;]","og_url":"https:\/\/cvinoticias.com\/v3\/en-lo-que-va-del-ano-282-940-personas-visitaron-el-parque-nacional-iguazu\/","og_site_name":"CVI NOTICIAS","article_publisher":"https:\/\/www.facebook.com\/cvinoticias","article_published_time":"2022-03-10T22:50:24+00:00","og_image":[{"width":634,"height":960,"url":"https:\/\/cvinoticias.com\/wp-content\/uploads\/2022\/03\/FB_IMG_1633818962848.jpg","type":"image\/jpeg"}],"author":"f1000024","twitter_card":"summary_large_image","twitter_misc":{"Escrito por":"f1000024","Tiempo de lectura":"1 minuto"},"schema":{"@context":"https:\/\/schema.org","@graph":[{"@type":"Article","@id":"https:\/\/cvinoticias.com\/v3\/en-lo-que-va-del-ano-282-940-personas-visitaron-el-parque-nacional-iguazu\/#article","isPartOf":{"@id":"https:\/\/cvinoticias.com\/v3\/en-lo-que-va-del-ano-282-940-personas-visitaron-el-parque-nacional-iguazu\/"},"author":{"name":"f1000024","@id":"https:\/\/cvinoticias.com\/v3\/#\/schema\/person\/2db77e3c6bc03c538495d7b2b8be9b66"},"headline":"En lo que va del a\u00f1o, 282.940 personas visitaron el Parque Nacional Iguaz\u00fa","datePublished":"2022-03-10T22:50:24+00:00","mainEntityOfPage":{"@id":"https:\/\/cvinoticias.com\/v3\/en-lo-que-va-del-ano-282-940-personas-visitaron-el-parque-nacional-iguazu\/"},"wordCount":305,"commentCount":0,"publisher":{"@id":"https:\/\/cvinoticias.com\/v3\/#organization"},"image":{"@id":"https:\/\/cvinoticias.com\/v3\/en-lo-que-va-del-ano-282-940-personas-visitaron-el-parque-nacional-iguazu\/#primaryimage"},"thumbnailUrl":"https:\/\/cvinoticias.com\/wp-content\/uploads\/2022\/03\/FB_IMG_1633818962848.jpg","articleSection":["Turismo"],"inLanguage":"es","potentialAction":[{"@type":"CommentAction","name":"Comment","target":["https:\/\/cvinoticias.com\/v3\/en-lo-que-va-del-ano-282-940-personas-visitaron-el-parque-nacional-iguazu\/#respond"]}]},{"@type":"WebPage","@id":"https:\/\/cvinoticias.com\/v3\/en-lo-que-va-del-ano-282-940-personas-visitaron-el-parque-nacional-iguazu\/","url":"https:\/\/cvinoticias.com\/v3\/en-lo-que-va-del-ano-282-940-personas-visitaron-el-parque-nacional-iguazu\/","name":"En lo que va del a\u00f1o, 282.940 personas visitaron el Parque Nacional Iguaz\u00fa | CVI NOTICIAS","isPartOf":{"@id":"https:\/\/cvinoticias.com\/v3\/#website"},"primaryImageOfPage":{"@id":"https:\/\/cvinoticias.com\/v3\/en-lo-que-va-del-ano-282-940-personas-visitaron-el-parque-nacional-iguazu\/#primaryimage"},"image":{"@id":"https:\/\/cvinoticias.com\/v3\/en-lo-que-va-del-ano-282-940-personas-visitaron-el-parque-nacional-iguazu\/#primaryimage"},"thumbnailUrl":"https:\/\/cvinoticias.com\/wp-content\/uploads\/2022\/03\/FB_IMG_1633818962848.jpg","datePublished":"2022-03-10T22:50:24+00:00","breadcrumb":{"@id":"https:\/\/cvinoticias.com\/v3\/en-lo-que-va-del-ano-282-940-personas-visitaron-el-parque-nacional-iguazu\/#breadcrumb"},"inLanguage":"es","potentialAction":[{"@type":"ReadAction","target":["https:\/\/cvinoticias.com\/v3\/en-lo-que-va-del-ano-282-940-personas-visitaron-el-parque-nacional-iguazu\/"]}]},{"@type":"ImageObject","inLanguage":"es","@id":"https:\/\/cvinoticias.com\/v3\/en-lo-que-va-del-ano-282-940-personas-visitaron-el-parque-nacional-iguazu\/#primaryimage","url":"https:\/\/cvinoticias.com\/wp-content\/uploads\/2022\/03\/FB_IMG_1633818962848.jpg","contentUrl":"https:\/\/cvinoticias.com\/wp-content\/uploads\/2022\/03\/FB_IMG_1633818962848.jpg","width":634,"height":960},{"@type":"BreadcrumbList","@id":"https:\/\/cvinoticias.com\/v3\/en-lo-que-va-del-ano-282-940-personas-visitaron-el-parque-nacional-iguazu\/#breadcrumb","itemListElement":[{"@type":"ListItem","position":1,"name":"Portada","item":"https:\/\/cvinoticias.com\/v3\/"},{"@type":"ListItem","position":2,"name":"En lo que va del a\u00f1o, 282.940 personas visitaron el Parque Nacional Iguaz\u00fa"}]},{"@type":"WebSite","@id":"https:\/\/cvinoticias.com\/v3\/#website","url":"https:\/\/cvinoticias.com\/v3\/","name":"CVI NOTICIAS","description":"","publisher":{"@id":"https:\/\/cvinoticias.com\/v3\/#organization"},"alternateName":"CVI","potentialAction":[{"@type":"SearchAction","target":{"@type":"EntryPoint","urlTemplate":"https:\/\/cvinoticias.com\/v3\/?s={search_term_string}"},"query-input":{"@type":"PropertyValueSpecification","valueRequired":true,"valueName":"search_term_string"}}],"inLanguage":"es"},{"@type":"Organization","@id":"https:\/\/cvinoticias.com\/v3\/#organization","name":"CVI NOTICIAS","url":"https:\/\/cvinoticias.com\/v3\/","logo":{"@type":"ImageObject","inLanguage":"es","@id":"https:\/\/cvinoticias.com\/v3\/#\/schema\/logo\/image\/","url":"https:\/\/cvinoticias.com\/wp-content\/uploads\/2023\/04\/cropped-cropped-cropped-cropped-cropped-3-1.png","contentUrl":"https:\/\/cvinoticias.com\/wp-content\/uploads\/2023\/04\/cropped-cropped-cropped-cropped-cropped-3-1.png","width":95,"height":122,"caption":"CVI NOTICIAS"},"image":{"@id":"https:\/\/cvinoticias.com\/v3\/#\/schema\/logo\/image\/"},"sameAs":["https:\/\/www.facebook.com\/cvinoticias","https:\/\/www.instagram.com\/cvinoticias\/","https:\/\/www.youtube.com\/@CVINOTICIAS"]},{"@type":"Person","@id":"https:\/\/cvinoticias.com\/v3\/#\/schema\/person\/2db77e3c6bc03c538495d7b2b8be9b66","name":"f1000024","image":{"@type":"ImageObject","inLanguage":"es","@id":"https:\/\/secure.gravatar.com\/avatar\/d4fe7459cfc51ff5129ce1a732bbef5928568b8092d412ef95611616376bbeed?s=96&d=mm&r=g","url":"https:\/\/secure.gravatar.com\/avatar\/d4fe7459cfc51ff5129ce1a732bbef5928568b8092d412ef95611616376bbeed?s=96&d=mm&r=g","contentUrl":"https:\/\/secure.gravatar.com\/avatar\/d4fe7459cfc51ff5129ce1a732bbef5928568b8092d412ef95611616376bbeed?s=96&d=mm&r=g","caption":"f1000024"},"url":"https:\/\/cvinoticias.com\/v3\/author\/f1000024\/"}]}},"_links":{"self":[{"href":"https:\/\/cvinoticias.com\/v3\/wp-json\/wp\/v2\/posts\/13996","targetHints":{"allow":["GET"]}}],"collection":[{"href":"https:\/\/cvinoticias.com\/v3\/wp-json\/wp\/v2\/posts"}],"about":[{"href":"https:\/\/cvinoticias.com\/v3\/wp-json\/wp\/v2\/types\/post"}],"author":[{"embeddable":true,"href":"https:\/\/cvinoticias.com\/v3\/wp-json\/wp\/v2\/users\/2"}],"replies":[{"embeddable":true,"href":"https:\/\/cvinoticias.com\/v3\/wp-json\/wp\/v2\/comments?post=13996"}],"version-history":[{"count":1,"href":"https:\/\/cvinoticias.com\/v3\/wp-json\/wp\/v2\/posts\/13996\/revisions"}],"predecessor-version":[{"id":13998,"href":"https:\/\/cvinoticias.com\/v3\/wp-json\/wp\/v2\/posts\/13996\/revisions\/13998"}],"wp:featuredmedia":[{"embeddable":true,"href":"https:\/\/cvinoticias.com\/v3\/wp-json\/wp\/v2\/media\/13997"}],"wp:attachment":[{"href":"https:\/\/cvinoticias.com\/v3\/wp-json\/wp\/v2\/media?parent=13996"}],"wp:term":[{"taxonomy":"category","embeddable":true,"href":"https:\/\/cvinoticias.com\/v3\/wp-json\/wp\/v2\/categories?post=13996"},{"taxonomy":"post_tag","embeddable":true,"href":"https:\/\/cvinoticias.com\/v3\/wp-json\/wp\/v2\/tags?post=13996"}],"curies":[{"name":"wp","href":"https:\/\/api.w.org\/{rel}","templated":true}]}}