{"id":13986,"date":"2022-03-10T12:41:27","date_gmt":"2022-03-10T12:41:27","guid":{"rendered":"https:\/\/cvinoticias.com\/v3\/?p=13986"},"modified":"2022-03-10T12:41:27","modified_gmt":"2022-03-10T12:41:27","slug":"la-oms-recomendo-levantar-las-restricciones-innecesarias-que-limitan-el-aborto","status":"publish","type":"post","link":"https:\/\/cvinoticias.com\/v3\/la-oms-recomendo-levantar-las-restricciones-innecesarias-que-limitan-el-aborto\/","title":{"rendered":"La OMS recomend\u00f3 levantar las \u00abrestricciones innecesarias\u00bb que limitan el aborto"},"content":{"rendered":"\n<p><strong><em>El organismo cuestion\u00f3 el hecho de que varios pa\u00edses limitan dr\u00e1sticamente el derecho y lo reservan a situaciones en que la salud de la madre est\u00e1 en peligro.<\/em><\/strong><\/p>\n\n\n\n<p>La Organizaci\u00f3n Mundial de la Salud (OMS) recomend\u00f3 que las mujeres y las j\u00f3venes \u00abpuedan acceder al aborto y a los servicios de planificaci\u00f3n familiar cuando tengan necesidad\u00bb al se\u00f1alar que las restricciones no reducen el n\u00famero de abortos, sino que aumentan los riesgos. As\u00ed lo afirma en un comunicado Craig Lissner, jefe de la unidad de salud sexual y reproductiva de la OMS, que revis\u00f3 el conjunto de sus recomendaciones sanitarias sobre los procedimientos de aborto y su entorno, como consejos y seguimiento.<\/p>\n\n\n\n<p>Varios pa\u00edses limitan dr\u00e1sticamente el derecho al aborto y lo reservan a situaciones en que la salud de la madre est\u00e1 en peligro. Los temores de los defensores del acceso al aborto se han centrado \u00faltimamente en Estados Unidos, donde varios estados adoptaron medidas restrictivas y donde la Corte Suprema parece inclinada a reconsiderar la idea de que el aborto constituye un derecho inalienable.<\/p>\n\n\n\n<p>La OMS recomend\u00f3, adem\u00e1s, \u00abeliminar las restricciones m\u00e9dicamente innecesarias\u00bb, citando \u00abla criminalizaci\u00f3n, los per\u00edodos de espera obligatorios, la imposici\u00f3n del consentimiento de terceros o de instituciones, o la prohibici\u00f3n del aborto a partir de cierta etapa del embarazo\u00bb.<\/p>\n\n\n\n<p>Ese tipo de restricciones no ha llevado a una baja en el n\u00famero de abortos, destac\u00f3 la OMS, que cit\u00f3 un estudio publicado en 2020 por Lancet Global Health.<\/p>\n\n\n\n<p>Al contrario, \u00ablas restricciones sobre todo empujan a las mujeres y j\u00f3venes a recurrir a intervenciones peligrosas\u00bb, advirti\u00f3 la OMS.<\/p>\n\n\n\n<p>Al recurrir a abortos ilegales, las mujeres ponen en riesgo su salud, mientras que los procedimientos realizados seg\u00fan las reglas son sumamente seguros, seg\u00fan la OMS.<\/p>\n","protected":false},"excerpt":{"rendered":"<p>El organismo cuestion\u00f3 el hecho de que varios pa\u00edses limitan dr\u00e1sticamente el derecho y lo reservan a situaciones en que la salud de la madre est\u00e1 en peligro. La Organizaci\u00f3n Mundial de la Salud (OMS) recomend\u00f3 que las mujeres y las j\u00f3venes \u00abpuedan acceder al aborto y a los servicios de planificaci\u00f3n familiar cuando tengan [&hellip;]<\/p>\n","protected":false},"author":2,"featured_media":13987,"comment_status":"open","ping_status":"open","sticky":false,"template":"","format":"standard","meta":{"footnotes":""},"categories":[35],"tags":[],"class_list":["post-13986","post","type-post","status-publish","format-standard","has-post-thumbnail","hentry","category-informacion-general"],"yoast_head":"<!-- This site is optimized with the Yoast SEO plugin v27.5 - https:\/\/yoast.com\/product\/yoast-seo-wordpress\/ -->\n<title>La OMS recomend\u00f3 levantar las &quot;restricciones innecesarias&quot; que limitan el aborto | CVI NOTICIAS<\/title>\n<meta name=\"robots\" content=\"index, follow, max-snippet:-1, max-image-preview:large, max-video-preview:-1\" \/>\n<link rel=\"canonical\" href=\"https:\/\/cvinoticias.com\/v3\/la-oms-recomendo-levantar-las-restricciones-innecesarias-que-limitan-el-aborto\/\" \/>\n<meta property=\"og:locale\" content=\"es_ES\" \/>\n<meta property=\"og:type\" content=\"article\" \/>\n<meta property=\"og:title\" content=\"La OMS recomend\u00f3 levantar las &quot;restricciones innecesarias&quot; que limitan el aborto | CVI NOTICIAS\" \/>\n<meta property=\"og:description\" content=\"El organismo cuestion\u00f3 el hecho de que varios pa\u00edses limitan dr\u00e1sticamente el derecho y lo reservan a situaciones en que la salud de la madre est\u00e1 en peligro. La Organizaci\u00f3n Mundial de la Salud (OMS) recomend\u00f3 que las mujeres y las j\u00f3venes \u00abpuedan acceder al aborto y a los servicios de planificaci\u00f3n familiar cuando tengan [&hellip;]\" \/>\n<meta property=\"og:url\" content=\"https:\/\/cvinoticias.com\/v3\/la-oms-recomendo-levantar-las-restricciones-innecesarias-que-limitan-el-aborto\/\" \/>\n<meta property=\"og:site_name\" content=\"CVI NOTICIAS\" \/>\n<meta property=\"article:publisher\" content=\"https:\/\/www.facebook.com\/cvinoticias\" \/>\n<meta property=\"article:published_time\" content=\"2022-03-10T12:41:27+00:00\" \/>\n<meta property=\"og:image\" content=\"https:\/\/cvinoticias.com\/wp-content\/uploads\/2022\/03\/0000090512.jpg\" \/>\n\t<meta property=\"og:image:width\" content=\"900\" \/>\n\t<meta property=\"og:image:height\" content=\"506\" \/>\n\t<meta property=\"og:image:type\" content=\"image\/jpeg\" \/>\n<meta name=\"author\" content=\"f1000024\" \/>\n<meta name=\"twitter:card\" content=\"summary_large_image\" \/>\n<meta name=\"twitter:label1\" content=\"Escrito por\" \/>\n\t<meta name=\"twitter:data1\" content=\"f1000024\" \/>\n\t<meta name=\"twitter:label2\" content=\"Tiempo de lectura\" \/>\n\t<meta name=\"twitter:data2\" content=\"2 minutos\" \/>\n<script type=\"application\/ld+json\" class=\"yoast-schema-graph\">{\"@context\":\"https:\\\/\\\/schema.org\",\"@graph\":[{\"@type\":\"Article\",\"@id\":\"https:\\\/\\\/cvinoticias.com\\\/v3\\\/la-oms-recomendo-levantar-las-restricciones-innecesarias-que-limitan-el-aborto\\\/#article\",\"isPartOf\":{\"@id\":\"https:\\\/\\\/cvinoticias.com\\\/v3\\\/la-oms-recomendo-levantar-las-restricciones-innecesarias-que-limitan-el-aborto\\\/\"},\"author\":{\"name\":\"f1000024\",\"@id\":\"https:\\\/\\\/cvinoticias.com\\\/v3\\\/#\\\/schema\\\/person\\\/2db77e3c6bc03c538495d7b2b8be9b66\"},\"headline\":\"La OMS recomend\u00f3 levantar las \u00abrestricciones innecesarias\u00bb que limitan el aborto\",\"datePublished\":\"2022-03-10T12:41:27+00:00\",\"mainEntityOfPage\":{\"@id\":\"https:\\\/\\\/cvinoticias.com\\\/v3\\\/la-oms-recomendo-levantar-las-restricciones-innecesarias-que-limitan-el-aborto\\\/\"},\"wordCount\":318,\"commentCount\":0,\"publisher\":{\"@id\":\"https:\\\/\\\/cvinoticias.com\\\/v3\\\/#organization\"},\"image\":{\"@id\":\"https:\\\/\\\/cvinoticias.com\\\/v3\\\/la-oms-recomendo-levantar-las-restricciones-innecesarias-que-limitan-el-aborto\\\/#primaryimage\"},\"thumbnailUrl\":\"https:\\\/\\\/cvinoticias.com\\\/wp-content\\\/uploads\\\/2022\\\/03\\\/0000090512.jpg\",\"articleSection\":[\"Informaci\u00f3n General\"],\"inLanguage\":\"es\",\"potentialAction\":[{\"@type\":\"CommentAction\",\"name\":\"Comment\",\"target\":[\"https:\\\/\\\/cvinoticias.com\\\/v3\\\/la-oms-recomendo-levantar-las-restricciones-innecesarias-que-limitan-el-aborto\\\/#respond\"]}]},{\"@type\":\"WebPage\",\"@id\":\"https:\\\/\\\/cvinoticias.com\\\/v3\\\/la-oms-recomendo-levantar-las-restricciones-innecesarias-que-limitan-el-aborto\\\/\",\"url\":\"https:\\\/\\\/cvinoticias.com\\\/v3\\\/la-oms-recomendo-levantar-las-restricciones-innecesarias-que-limitan-el-aborto\\\/\",\"name\":\"La OMS recomend\u00f3 levantar las \\\"restricciones innecesarias\\\" que limitan el aborto | CVI NOTICIAS\",\"isPartOf\":{\"@id\":\"https:\\\/\\\/cvinoticias.com\\\/v3\\\/#website\"},\"primaryImageOfPage\":{\"@id\":\"https:\\\/\\\/cvinoticias.com\\\/v3\\\/la-oms-recomendo-levantar-las-restricciones-innecesarias-que-limitan-el-aborto\\\/#primaryimage\"},\"image\":{\"@id\":\"https:\\\/\\\/cvinoticias.com\\\/v3\\\/la-oms-recomendo-levantar-las-restricciones-innecesarias-que-limitan-el-aborto\\\/#primaryimage\"},\"thumbnailUrl\":\"https:\\\/\\\/cvinoticias.com\\\/wp-content\\\/uploads\\\/2022\\\/03\\\/0000090512.jpg\",\"datePublished\":\"2022-03-10T12:41:27+00:00\",\"breadcrumb\":{\"@id\":\"https:\\\/\\\/cvinoticias.com\\\/v3\\\/la-oms-recomendo-levantar-las-restricciones-innecesarias-que-limitan-el-aborto\\\/#breadcrumb\"},\"inLanguage\":\"es\",\"potentialAction\":[{\"@type\":\"ReadAction\",\"target\":[\"https:\\\/\\\/cvinoticias.com\\\/v3\\\/la-oms-recomendo-levantar-las-restricciones-innecesarias-que-limitan-el-aborto\\\/\"]}]},{\"@type\":\"ImageObject\",\"inLanguage\":\"es\",\"@id\":\"https:\\\/\\\/cvinoticias.com\\\/v3\\\/la-oms-recomendo-levantar-las-restricciones-innecesarias-que-limitan-el-aborto\\\/#primaryimage\",\"url\":\"https:\\\/\\\/cvinoticias.com\\\/wp-content\\\/uploads\\\/2022\\\/03\\\/0000090512.jpg\",\"contentUrl\":\"https:\\\/\\\/cvinoticias.com\\\/wp-content\\\/uploads\\\/2022\\\/03\\\/0000090512.jpg\",\"width\":900,\"height\":506},{\"@type\":\"BreadcrumbList\",\"@id\":\"https:\\\/\\\/cvinoticias.com\\\/v3\\\/la-oms-recomendo-levantar-las-restricciones-innecesarias-que-limitan-el-aborto\\\/#breadcrumb\",\"itemListElement\":[{\"@type\":\"ListItem\",\"position\":1,\"name\":\"Portada\",\"item\":\"https:\\\/\\\/cvinoticias.com\\\/v3\\\/\"},{\"@type\":\"ListItem\",\"position\":2,\"name\":\"La OMS recomend\u00f3 levantar las \u00abrestricciones innecesarias\u00bb que limitan el aborto\"}]},{\"@type\":\"WebSite\",\"@id\":\"https:\\\/\\\/cvinoticias.com\\\/v3\\\/#website\",\"url\":\"https:\\\/\\\/cvinoticias.com\\\/v3\\\/\",\"name\":\"CVI NOTICIAS\",\"description\":\"\",\"publisher\":{\"@id\":\"https:\\\/\\\/cvinoticias.com\\\/v3\\\/#organization\"},\"alternateName\":\"CVI\",\"potentialAction\":[{\"@type\":\"SearchAction\",\"target\":{\"@type\":\"EntryPoint\",\"urlTemplate\":\"https:\\\/\\\/cvinoticias.com\\\/v3\\\/?s={search_term_string}\"},\"query-input\":{\"@type\":\"PropertyValueSpecification\",\"valueRequired\":true,\"valueName\":\"search_term_string\"}}],\"inLanguage\":\"es\"},{\"@type\":\"Organization\",\"@id\":\"https:\\\/\\\/cvinoticias.com\\\/v3\\\/#organization\",\"name\":\"CVI NOTICIAS\",\"url\":\"https:\\\/\\\/cvinoticias.com\\\/v3\\\/\",\"logo\":{\"@type\":\"ImageObject\",\"inLanguage\":\"es\",\"@id\":\"https:\\\/\\\/cvinoticias.com\\\/v3\\\/#\\\/schema\\\/logo\\\/image\\\/\",\"url\":\"https:\\\/\\\/cvinoticias.com\\\/wp-content\\\/uploads\\\/2023\\\/04\\\/cropped-cropped-cropped-cropped-cropped-3-1.png\",\"contentUrl\":\"https:\\\/\\\/cvinoticias.com\\\/wp-content\\\/uploads\\\/2023\\\/04\\\/cropped-cropped-cropped-cropped-cropped-3-1.png\",\"width\":95,\"height\":122,\"caption\":\"CVI NOTICIAS\"},\"image\":{\"@id\":\"https:\\\/\\\/cvinoticias.com\\\/v3\\\/#\\\/schema\\\/logo\\\/image\\\/\"},\"sameAs\":[\"https:\\\/\\\/www.facebook.com\\\/cvinoticias\",\"https:\\\/\\\/www.instagram.com\\\/cvinoticias\\\/\",\"https:\\\/\\\/www.youtube.com\\\/@CVINOTICIAS\"]},{\"@type\":\"Person\",\"@id\":\"https:\\\/\\\/cvinoticias.com\\\/v3\\\/#\\\/schema\\\/person\\\/2db77e3c6bc03c538495d7b2b8be9b66\",\"name\":\"f1000024\",\"image\":{\"@type\":\"ImageObject\",\"inLanguage\":\"es\",\"@id\":\"https:\\\/\\\/secure.gravatar.com\\\/avatar\\\/d4fe7459cfc51ff5129ce1a732bbef5928568b8092d412ef95611616376bbeed?s=96&d=mm&r=g\",\"url\":\"https:\\\/\\\/secure.gravatar.com\\\/avatar\\\/d4fe7459cfc51ff5129ce1a732bbef5928568b8092d412ef95611616376bbeed?s=96&d=mm&r=g\",\"contentUrl\":\"https:\\\/\\\/secure.gravatar.com\\\/avatar\\\/d4fe7459cfc51ff5129ce1a732bbef5928568b8092d412ef95611616376bbeed?s=96&d=mm&r=g\",\"caption\":\"f1000024\"},\"url\":\"https:\\\/\\\/cvinoticias.com\\\/v3\\\/author\\\/f1000024\\\/\"}]}<\/script>\n<!-- \/ Yoast SEO plugin. -->","yoast_head_json":{"title":"La OMS recomend\u00f3 levantar las \"restricciones innecesarias\" que limitan el aborto | CVI NOTICIAS","robots":{"index":"index","follow":"follow","max-snippet":"max-snippet:-1","max-image-preview":"max-image-preview:large","max-video-preview":"max-video-preview:-1"},"canonical":"https:\/\/cvinoticias.com\/v3\/la-oms-recomendo-levantar-las-restricciones-innecesarias-que-limitan-el-aborto\/","og_locale":"es_ES","og_type":"article","og_title":"La OMS recomend\u00f3 levantar las \"restricciones innecesarias\" que limitan el aborto | CVI NOTICIAS","og_description":"El organismo cuestion\u00f3 el hecho de que varios pa\u00edses limitan dr\u00e1sticamente el derecho y lo reservan a situaciones en que la salud de la madre est\u00e1 en peligro. La Organizaci\u00f3n Mundial de la Salud (OMS) recomend\u00f3 que las mujeres y las j\u00f3venes \u00abpuedan acceder al aborto y a los servicios de planificaci\u00f3n familiar cuando tengan [&hellip;]","og_url":"https:\/\/cvinoticias.com\/v3\/la-oms-recomendo-levantar-las-restricciones-innecesarias-que-limitan-el-aborto\/","og_site_name":"CVI NOTICIAS","article_publisher":"https:\/\/www.facebook.com\/cvinoticias","article_published_time":"2022-03-10T12:41:27+00:00","og_image":[{"width":900,"height":506,"url":"https:\/\/cvinoticias.com\/wp-content\/uploads\/2022\/03\/0000090512.jpg","type":"image\/jpeg"}],"author":"f1000024","twitter_card":"summary_large_image","twitter_misc":{"Escrito por":"f1000024","Tiempo de lectura":"2 minutos"},"schema":{"@context":"https:\/\/schema.org","@graph":[{"@type":"Article","@id":"https:\/\/cvinoticias.com\/v3\/la-oms-recomendo-levantar-las-restricciones-innecesarias-que-limitan-el-aborto\/#article","isPartOf":{"@id":"https:\/\/cvinoticias.com\/v3\/la-oms-recomendo-levantar-las-restricciones-innecesarias-que-limitan-el-aborto\/"},"author":{"name":"f1000024","@id":"https:\/\/cvinoticias.com\/v3\/#\/schema\/person\/2db77e3c6bc03c538495d7b2b8be9b66"},"headline":"La OMS recomend\u00f3 levantar las \u00abrestricciones innecesarias\u00bb que limitan el aborto","datePublished":"2022-03-10T12:41:27+00:00","mainEntityOfPage":{"@id":"https:\/\/cvinoticias.com\/v3\/la-oms-recomendo-levantar-las-restricciones-innecesarias-que-limitan-el-aborto\/"},"wordCount":318,"commentCount":0,"publisher":{"@id":"https:\/\/cvinoticias.com\/v3\/#organization"},"image":{"@id":"https:\/\/cvinoticias.com\/v3\/la-oms-recomendo-levantar-las-restricciones-innecesarias-que-limitan-el-aborto\/#primaryimage"},"thumbnailUrl":"https:\/\/cvinoticias.com\/wp-content\/uploads\/2022\/03\/0000090512.jpg","articleSection":["Informaci\u00f3n General"],"inLanguage":"es","potentialAction":[{"@type":"CommentAction","name":"Comment","target":["https:\/\/cvinoticias.com\/v3\/la-oms-recomendo-levantar-las-restricciones-innecesarias-que-limitan-el-aborto\/#respond"]}]},{"@type":"WebPage","@id":"https:\/\/cvinoticias.com\/v3\/la-oms-recomendo-levantar-las-restricciones-innecesarias-que-limitan-el-aborto\/","url":"https:\/\/cvinoticias.com\/v3\/la-oms-recomendo-levantar-las-restricciones-innecesarias-que-limitan-el-aborto\/","name":"La OMS recomend\u00f3 levantar las \"restricciones innecesarias\" que limitan el aborto | CVI NOTICIAS","isPartOf":{"@id":"https:\/\/cvinoticias.com\/v3\/#website"},"primaryImageOfPage":{"@id":"https:\/\/cvinoticias.com\/v3\/la-oms-recomendo-levantar-las-restricciones-innecesarias-que-limitan-el-aborto\/#primaryimage"},"image":{"@id":"https:\/\/cvinoticias.com\/v3\/la-oms-recomendo-levantar-las-restricciones-innecesarias-que-limitan-el-aborto\/#primaryimage"},"thumbnailUrl":"https:\/\/cvinoticias.com\/wp-content\/uploads\/2022\/03\/0000090512.jpg","datePublished":"2022-03-10T12:41:27+00:00","breadcrumb":{"@id":"https:\/\/cvinoticias.com\/v3\/la-oms-recomendo-levantar-las-restricciones-innecesarias-que-limitan-el-aborto\/#breadcrumb"},"inLanguage":"es","potentialAction":[{"@type":"ReadAction","target":["https:\/\/cvinoticias.com\/v3\/la-oms-recomendo-levantar-las-restricciones-innecesarias-que-limitan-el-aborto\/"]}]},{"@type":"ImageObject","inLanguage":"es","@id":"https:\/\/cvinoticias.com\/v3\/la-oms-recomendo-levantar-las-restricciones-innecesarias-que-limitan-el-aborto\/#primaryimage","url":"https:\/\/cvinoticias.com\/wp-content\/uploads\/2022\/03\/0000090512.jpg","contentUrl":"https:\/\/cvinoticias.com\/wp-content\/uploads\/2022\/03\/0000090512.jpg","width":900,"height":506},{"@type":"BreadcrumbList","@id":"https:\/\/cvinoticias.com\/v3\/la-oms-recomendo-levantar-las-restricciones-innecesarias-que-limitan-el-aborto\/#breadcrumb","itemListElement":[{"@type":"ListItem","position":1,"name":"Portada","item":"https:\/\/cvinoticias.com\/v3\/"},{"@type":"ListItem","position":2,"name":"La OMS recomend\u00f3 levantar las \u00abrestricciones innecesarias\u00bb que limitan el aborto"}]},{"@type":"WebSite","@id":"https:\/\/cvinoticias.com\/v3\/#website","url":"https:\/\/cvinoticias.com\/v3\/","name":"CVI NOTICIAS","description":"","publisher":{"@id":"https:\/\/cvinoticias.com\/v3\/#organization"},"alternateName":"CVI","potentialAction":[{"@type":"SearchAction","target":{"@type":"EntryPoint","urlTemplate":"https:\/\/cvinoticias.com\/v3\/?s={search_term_string}"},"query-input":{"@type":"PropertyValueSpecification","valueRequired":true,"valueName":"search_term_string"}}],"inLanguage":"es"},{"@type":"Organization","@id":"https:\/\/cvinoticias.com\/v3\/#organization","name":"CVI NOTICIAS","url":"https:\/\/cvinoticias.com\/v3\/","logo":{"@type":"ImageObject","inLanguage":"es","@id":"https:\/\/cvinoticias.com\/v3\/#\/schema\/logo\/image\/","url":"https:\/\/cvinoticias.com\/wp-content\/uploads\/2023\/04\/cropped-cropped-cropped-cropped-cropped-3-1.png","contentUrl":"https:\/\/cvinoticias.com\/wp-content\/uploads\/2023\/04\/cropped-cropped-cropped-cropped-cropped-3-1.png","width":95,"height":122,"caption":"CVI NOTICIAS"},"image":{"@id":"https:\/\/cvinoticias.com\/v3\/#\/schema\/logo\/image\/"},"sameAs":["https:\/\/www.facebook.com\/cvinoticias","https:\/\/www.instagram.com\/cvinoticias\/","https:\/\/www.youtube.com\/@CVINOTICIAS"]},{"@type":"Person","@id":"https:\/\/cvinoticias.com\/v3\/#\/schema\/person\/2db77e3c6bc03c538495d7b2b8be9b66","name":"f1000024","image":{"@type":"ImageObject","inLanguage":"es","@id":"https:\/\/secure.gravatar.com\/avatar\/d4fe7459cfc51ff5129ce1a732bbef5928568b8092d412ef95611616376bbeed?s=96&d=mm&r=g","url":"https:\/\/secure.gravatar.com\/avatar\/d4fe7459cfc51ff5129ce1a732bbef5928568b8092d412ef95611616376bbeed?s=96&d=mm&r=g","contentUrl":"https:\/\/secure.gravatar.com\/avatar\/d4fe7459cfc51ff5129ce1a732bbef5928568b8092d412ef95611616376bbeed?s=96&d=mm&r=g","caption":"f1000024"},"url":"https:\/\/cvinoticias.com\/v3\/author\/f1000024\/"}]}},"_links":{"self":[{"href":"https:\/\/cvinoticias.com\/v3\/wp-json\/wp\/v2\/posts\/13986","targetHints":{"allow":["GET"]}}],"collection":[{"href":"https:\/\/cvinoticias.com\/v3\/wp-json\/wp\/v2\/posts"}],"about":[{"href":"https:\/\/cvinoticias.com\/v3\/wp-json\/wp\/v2\/types\/post"}],"author":[{"embeddable":true,"href":"https:\/\/cvinoticias.com\/v3\/wp-json\/wp\/v2\/users\/2"}],"replies":[{"embeddable":true,"href":"https:\/\/cvinoticias.com\/v3\/wp-json\/wp\/v2\/comments?post=13986"}],"version-history":[{"count":1,"href":"https:\/\/cvinoticias.com\/v3\/wp-json\/wp\/v2\/posts\/13986\/revisions"}],"predecessor-version":[{"id":13988,"href":"https:\/\/cvinoticias.com\/v3\/wp-json\/wp\/v2\/posts\/13986\/revisions\/13988"}],"wp:featuredmedia":[{"embeddable":true,"href":"https:\/\/cvinoticias.com\/v3\/wp-json\/wp\/v2\/media\/13987"}],"wp:attachment":[{"href":"https:\/\/cvinoticias.com\/v3\/wp-json\/wp\/v2\/media?parent=13986"}],"wp:term":[{"taxonomy":"category","embeddable":true,"href":"https:\/\/cvinoticias.com\/v3\/wp-json\/wp\/v2\/categories?post=13986"},{"taxonomy":"post_tag","embeddable":true,"href":"https:\/\/cvinoticias.com\/v3\/wp-json\/wp\/v2\/tags?post=13986"}],"curies":[{"name":"wp","href":"https:\/\/api.w.org\/{rel}","templated":true}]}}