{"id":13961,"date":"2022-03-09T20:31:31","date_gmt":"2022-03-09T20:31:31","guid":{"rendered":"https:\/\/cvinoticias.com\/v3\/?p=13961"},"modified":"2022-03-09T20:31:31","modified_gmt":"2022-03-09T20:31:31","slug":"segunda-semana-de-paro-docentes-cortan-la-ruta-12-altura-a-montecarlo-y-en-el-peaje-de-santa-ana","status":"publish","type":"post","link":"https:\/\/cvinoticias.com\/v3\/segunda-semana-de-paro-docentes-cortan-la-ruta-12-altura-a-montecarlo-y-en-el-peaje-de-santa-ana\/","title":{"rendered":"Segunda semana de paro: Docentes cortan la Ruta 12 altura a Montecarlo y en el peaje de Santa Ana"},"content":{"rendered":"\n<p><strong><em>Docentes agremiados en el MPL y UTEM, cortan la ruta 12 a la altura de Montecarlo en el marco de la segunda semana de huelga sin asistencia a los lugares de trabajo.<\/em><\/strong><\/p>\n\n\n\n<p>Cientos de trabajadores de la educaci\u00f3n de toda la provincia acampan sobre la calzada reclamando una recomposici\u00f3n salarial que eleve el salario b\u00e1sico a 31.800 pesos.&nbsp;<\/p>\n\n\n\n<p>El paro es por tiempo indefinido y participan los educadores de UDNAM, UTEM, ATE, Tribuna Docente, Conti Santoro y Docentes Autoconvocados, en desacuerdo con el 19% de aumento, en dos tramos, ofrecido por el Gobierno de Misiones y el objetivo es reabrir la mesa salarial.<\/p>\n\n\n\n<figure class=\"wp-block-image size-full\"><a href=\"https:\/\/cvinoticias.com\/wp-content\/uploads\/2022\/03\/IMG_20220309_091635_065.webp\"><img decoding=\"async\" width=\"1080\" height=\"596\" data-src=\"https:\/\/cvinoticias.com\/wp-content\/uploads\/2022\/03\/IMG_20220309_091635_065.webp\" alt=\"\" class=\"wp-image-13962 lazyload\" src=\"data:image\/svg+xml;base64,PHN2ZyB3aWR0aD0iMSIgaGVpZ2h0PSIxIiB4bWxucz0iaHR0cDovL3d3dy53My5vcmcvMjAwMC9zdmciPjwvc3ZnPg==\" style=\"--smush-placeholder-width: 1080px; --smush-placeholder-aspect-ratio: 1080\/596;\" \/><\/a><\/figure>\n\n\n\n<p>La medida de fuerza podr\u00eda continuar al terminar las 72 horas de paro establecidas, en caso de no tener respuestas del Gobierno. Durante la jornada se realizaran asambleas entre los grupos que participan.<\/p>\n\n\n\n<p>En el lugar se encuentran habilitados corredores sanitarios para que las personas que tengan turnos, sean pacientes oncol\u00f3gicos o ambulancias pasen normalmente por el peaje.<\/p>\n\n\n\n<figure class=\"wp-block-video\"><video controls src=\"https:\/\/cvinoticias.com\/wp-content\/uploads\/2022\/03\/VID-20220309-WA0080.mp4\"><\/video><\/figure>\n","protected":false},"excerpt":{"rendered":"<p>Docentes agremiados en el MPL y UTEM, cortan la ruta 12 a la altura de Montecarlo en el marco de la segunda semana de huelga sin asistencia a los lugares de trabajo. Cientos de trabajadores de la educaci\u00f3n de toda la provincia acampan sobre la calzada reclamando una recomposici\u00f3n salarial que eleve el salario b\u00e1sico [&hellip;]<\/p>\n","protected":false},"author":2,"featured_media":13963,"comment_status":"open","ping_status":"open","sticky":false,"template":"","format":"standard","meta":{"footnotes":""},"categories":[35],"tags":[],"class_list":["post-13961","post","type-post","status-publish","format-standard","has-post-thumbnail","hentry","category-informacion-general"],"yoast_head":"<!-- This site is optimized with the Yoast SEO plugin v27.5 - https:\/\/yoast.com\/product\/yoast-seo-wordpress\/ -->\n<title>Segunda semana de paro: Docentes cortan la Ruta 12 altura a Montecarlo y en el peaje de Santa Ana | CVI NOTICIAS<\/title>\n<meta name=\"robots\" content=\"index, follow, max-snippet:-1, max-image-preview:large, max-video-preview:-1\" \/>\n<link rel=\"canonical\" href=\"https:\/\/cvinoticias.com\/v3\/segunda-semana-de-paro-docentes-cortan-la-ruta-12-altura-a-montecarlo-y-en-el-peaje-de-santa-ana\/\" \/>\n<meta property=\"og:locale\" content=\"es_ES\" \/>\n<meta property=\"og:type\" content=\"article\" \/>\n<meta property=\"og:title\" content=\"Segunda semana de paro: Docentes cortan la Ruta 12 altura a Montecarlo y en el peaje de Santa Ana | CVI NOTICIAS\" \/>\n<meta property=\"og:description\" content=\"Docentes agremiados en el MPL y UTEM, cortan la ruta 12 a la altura de Montecarlo en el marco de la segunda semana de huelga sin asistencia a los lugares de trabajo. Cientos de trabajadores de la educaci\u00f3n de toda la provincia acampan sobre la calzada reclamando una recomposici\u00f3n salarial que eleve el salario b\u00e1sico [&hellip;]\" \/>\n<meta property=\"og:url\" content=\"https:\/\/cvinoticias.com\/v3\/segunda-semana-de-paro-docentes-cortan-la-ruta-12-altura-a-montecarlo-y-en-el-peaje-de-santa-ana\/\" \/>\n<meta property=\"og:site_name\" content=\"CVI NOTICIAS\" \/>\n<meta property=\"article:publisher\" content=\"https:\/\/www.facebook.com\/cvinoticias\" \/>\n<meta property=\"article:published_time\" content=\"2022-03-09T20:31:31+00:00\" \/>\n<meta property=\"og:image\" content=\"https:\/\/cvinoticias.com\/wp-content\/uploads\/2022\/03\/Screenshot_20220309-100911_WhatsApp.jpg\" \/>\n\t<meta property=\"og:image:width\" content=\"1080\" \/>\n\t<meta property=\"og:image:height\" content=\"749\" \/>\n\t<meta property=\"og:image:type\" content=\"image\/jpeg\" \/>\n<meta name=\"author\" content=\"f1000024\" \/>\n<meta name=\"twitter:card\" content=\"summary_large_image\" \/>\n<meta name=\"twitter:label1\" content=\"Escrito por\" \/>\n\t<meta name=\"twitter:data1\" content=\"f1000024\" \/>\n\t<meta name=\"twitter:label2\" content=\"Tiempo de lectura\" \/>\n\t<meta name=\"twitter:data2\" content=\"1 minuto\" \/>\n<script type=\"application\/ld+json\" class=\"yoast-schema-graph\">{\"@context\":\"https:\\\/\\\/schema.org\",\"@graph\":[{\"@type\":\"Article\",\"@id\":\"https:\\\/\\\/cvinoticias.com\\\/v3\\\/segunda-semana-de-paro-docentes-cortan-la-ruta-12-altura-a-montecarlo-y-en-el-peaje-de-santa-ana\\\/#article\",\"isPartOf\":{\"@id\":\"https:\\\/\\\/cvinoticias.com\\\/v3\\\/segunda-semana-de-paro-docentes-cortan-la-ruta-12-altura-a-montecarlo-y-en-el-peaje-de-santa-ana\\\/\"},\"author\":{\"name\":\"f1000024\",\"@id\":\"https:\\\/\\\/cvinoticias.com\\\/v3\\\/#\\\/schema\\\/person\\\/2db77e3c6bc03c538495d7b2b8be9b66\"},\"headline\":\"Segunda semana de paro: Docentes cortan la Ruta 12 altura a Montecarlo y en el peaje de Santa Ana\",\"datePublished\":\"2022-03-09T20:31:31+00:00\",\"mainEntityOfPage\":{\"@id\":\"https:\\\/\\\/cvinoticias.com\\\/v3\\\/segunda-semana-de-paro-docentes-cortan-la-ruta-12-altura-a-montecarlo-y-en-el-peaje-de-santa-ana\\\/\"},\"wordCount\":181,\"commentCount\":0,\"publisher\":{\"@id\":\"https:\\\/\\\/cvinoticias.com\\\/v3\\\/#organization\"},\"image\":{\"@id\":\"https:\\\/\\\/cvinoticias.com\\\/v3\\\/segunda-semana-de-paro-docentes-cortan-la-ruta-12-altura-a-montecarlo-y-en-el-peaje-de-santa-ana\\\/#primaryimage\"},\"thumbnailUrl\":\"https:\\\/\\\/cvinoticias.com\\\/wp-content\\\/uploads\\\/2022\\\/03\\\/Screenshot_20220309-100911_WhatsApp.jpg\",\"articleSection\":[\"Informaci\u00f3n General\"],\"inLanguage\":\"es\",\"potentialAction\":[{\"@type\":\"CommentAction\",\"name\":\"Comment\",\"target\":[\"https:\\\/\\\/cvinoticias.com\\\/v3\\\/segunda-semana-de-paro-docentes-cortan-la-ruta-12-altura-a-montecarlo-y-en-el-peaje-de-santa-ana\\\/#respond\"]}]},{\"@type\":\"WebPage\",\"@id\":\"https:\\\/\\\/cvinoticias.com\\\/v3\\\/segunda-semana-de-paro-docentes-cortan-la-ruta-12-altura-a-montecarlo-y-en-el-peaje-de-santa-ana\\\/\",\"url\":\"https:\\\/\\\/cvinoticias.com\\\/v3\\\/segunda-semana-de-paro-docentes-cortan-la-ruta-12-altura-a-montecarlo-y-en-el-peaje-de-santa-ana\\\/\",\"name\":\"Segunda semana de paro: Docentes cortan la Ruta 12 altura a Montecarlo y en el peaje de Santa Ana | CVI NOTICIAS\",\"isPartOf\":{\"@id\":\"https:\\\/\\\/cvinoticias.com\\\/v3\\\/#website\"},\"primaryImageOfPage\":{\"@id\":\"https:\\\/\\\/cvinoticias.com\\\/v3\\\/segunda-semana-de-paro-docentes-cortan-la-ruta-12-altura-a-montecarlo-y-en-el-peaje-de-santa-ana\\\/#primaryimage\"},\"image\":{\"@id\":\"https:\\\/\\\/cvinoticias.com\\\/v3\\\/segunda-semana-de-paro-docentes-cortan-la-ruta-12-altura-a-montecarlo-y-en-el-peaje-de-santa-ana\\\/#primaryimage\"},\"thumbnailUrl\":\"https:\\\/\\\/cvinoticias.com\\\/wp-content\\\/uploads\\\/2022\\\/03\\\/Screenshot_20220309-100911_WhatsApp.jpg\",\"datePublished\":\"2022-03-09T20:31:31+00:00\",\"breadcrumb\":{\"@id\":\"https:\\\/\\\/cvinoticias.com\\\/v3\\\/segunda-semana-de-paro-docentes-cortan-la-ruta-12-altura-a-montecarlo-y-en-el-peaje-de-santa-ana\\\/#breadcrumb\"},\"inLanguage\":\"es\",\"potentialAction\":[{\"@type\":\"ReadAction\",\"target\":[\"https:\\\/\\\/cvinoticias.com\\\/v3\\\/segunda-semana-de-paro-docentes-cortan-la-ruta-12-altura-a-montecarlo-y-en-el-peaje-de-santa-ana\\\/\"]}]},{\"@type\":\"ImageObject\",\"inLanguage\":\"es\",\"@id\":\"https:\\\/\\\/cvinoticias.com\\\/v3\\\/segunda-semana-de-paro-docentes-cortan-la-ruta-12-altura-a-montecarlo-y-en-el-peaje-de-santa-ana\\\/#primaryimage\",\"url\":\"https:\\\/\\\/cvinoticias.com\\\/wp-content\\\/uploads\\\/2022\\\/03\\\/Screenshot_20220309-100911_WhatsApp.jpg\",\"contentUrl\":\"https:\\\/\\\/cvinoticias.com\\\/wp-content\\\/uploads\\\/2022\\\/03\\\/Screenshot_20220309-100911_WhatsApp.jpg\",\"width\":1080,\"height\":749},{\"@type\":\"BreadcrumbList\",\"@id\":\"https:\\\/\\\/cvinoticias.com\\\/v3\\\/segunda-semana-de-paro-docentes-cortan-la-ruta-12-altura-a-montecarlo-y-en-el-peaje-de-santa-ana\\\/#breadcrumb\",\"itemListElement\":[{\"@type\":\"ListItem\",\"position\":1,\"name\":\"Portada\",\"item\":\"https:\\\/\\\/cvinoticias.com\\\/v3\\\/\"},{\"@type\":\"ListItem\",\"position\":2,\"name\":\"Segunda semana de paro: Docentes cortan la Ruta 12 altura a Montecarlo y en el peaje de Santa Ana\"}]},{\"@type\":\"WebSite\",\"@id\":\"https:\\\/\\\/cvinoticias.com\\\/v3\\\/#website\",\"url\":\"https:\\\/\\\/cvinoticias.com\\\/v3\\\/\",\"name\":\"CVI NOTICIAS\",\"description\":\"\",\"publisher\":{\"@id\":\"https:\\\/\\\/cvinoticias.com\\\/v3\\\/#organization\"},\"alternateName\":\"CVI\",\"potentialAction\":[{\"@type\":\"SearchAction\",\"target\":{\"@type\":\"EntryPoint\",\"urlTemplate\":\"https:\\\/\\\/cvinoticias.com\\\/v3\\\/?s={search_term_string}\"},\"query-input\":{\"@type\":\"PropertyValueSpecification\",\"valueRequired\":true,\"valueName\":\"search_term_string\"}}],\"inLanguage\":\"es\"},{\"@type\":\"Organization\",\"@id\":\"https:\\\/\\\/cvinoticias.com\\\/v3\\\/#organization\",\"name\":\"CVI NOTICIAS\",\"url\":\"https:\\\/\\\/cvinoticias.com\\\/v3\\\/\",\"logo\":{\"@type\":\"ImageObject\",\"inLanguage\":\"es\",\"@id\":\"https:\\\/\\\/cvinoticias.com\\\/v3\\\/#\\\/schema\\\/logo\\\/image\\\/\",\"url\":\"https:\\\/\\\/cvinoticias.com\\\/wp-content\\\/uploads\\\/2023\\\/04\\\/cropped-cropped-cropped-cropped-cropped-3-1.png\",\"contentUrl\":\"https:\\\/\\\/cvinoticias.com\\\/wp-content\\\/uploads\\\/2023\\\/04\\\/cropped-cropped-cropped-cropped-cropped-3-1.png\",\"width\":95,\"height\":122,\"caption\":\"CVI NOTICIAS\"},\"image\":{\"@id\":\"https:\\\/\\\/cvinoticias.com\\\/v3\\\/#\\\/schema\\\/logo\\\/image\\\/\"},\"sameAs\":[\"https:\\\/\\\/www.facebook.com\\\/cvinoticias\",\"https:\\\/\\\/www.instagram.com\\\/cvinoticias\\\/\",\"https:\\\/\\\/www.youtube.com\\\/@CVINOTICIAS\"]},{\"@type\":\"Person\",\"@id\":\"https:\\\/\\\/cvinoticias.com\\\/v3\\\/#\\\/schema\\\/person\\\/2db77e3c6bc03c538495d7b2b8be9b66\",\"name\":\"f1000024\",\"image\":{\"@type\":\"ImageObject\",\"inLanguage\":\"es\",\"@id\":\"https:\\\/\\\/secure.gravatar.com\\\/avatar\\\/d4fe7459cfc51ff5129ce1a732bbef5928568b8092d412ef95611616376bbeed?s=96&d=mm&r=g\",\"url\":\"https:\\\/\\\/secure.gravatar.com\\\/avatar\\\/d4fe7459cfc51ff5129ce1a732bbef5928568b8092d412ef95611616376bbeed?s=96&d=mm&r=g\",\"contentUrl\":\"https:\\\/\\\/secure.gravatar.com\\\/avatar\\\/d4fe7459cfc51ff5129ce1a732bbef5928568b8092d412ef95611616376bbeed?s=96&d=mm&r=g\",\"caption\":\"f1000024\"},\"url\":\"https:\\\/\\\/cvinoticias.com\\\/v3\\\/author\\\/f1000024\\\/\"}]}<\/script>\n<!-- \/ Yoast SEO plugin. -->","yoast_head_json":{"title":"Segunda semana de paro: Docentes cortan la Ruta 12 altura a Montecarlo y en el peaje de Santa Ana | CVI NOTICIAS","robots":{"index":"index","follow":"follow","max-snippet":"max-snippet:-1","max-image-preview":"max-image-preview:large","max-video-preview":"max-video-preview:-1"},"canonical":"https:\/\/cvinoticias.com\/v3\/segunda-semana-de-paro-docentes-cortan-la-ruta-12-altura-a-montecarlo-y-en-el-peaje-de-santa-ana\/","og_locale":"es_ES","og_type":"article","og_title":"Segunda semana de paro: Docentes cortan la Ruta 12 altura a Montecarlo y en el peaje de Santa Ana | CVI NOTICIAS","og_description":"Docentes agremiados en el MPL y UTEM, cortan la ruta 12 a la altura de Montecarlo en el marco de la segunda semana de huelga sin asistencia a los lugares de trabajo. Cientos de trabajadores de la educaci\u00f3n de toda la provincia acampan sobre la calzada reclamando una recomposici\u00f3n salarial que eleve el salario b\u00e1sico [&hellip;]","og_url":"https:\/\/cvinoticias.com\/v3\/segunda-semana-de-paro-docentes-cortan-la-ruta-12-altura-a-montecarlo-y-en-el-peaje-de-santa-ana\/","og_site_name":"CVI NOTICIAS","article_publisher":"https:\/\/www.facebook.com\/cvinoticias","article_published_time":"2022-03-09T20:31:31+00:00","og_image":[{"width":1080,"height":749,"url":"https:\/\/cvinoticias.com\/wp-content\/uploads\/2022\/03\/Screenshot_20220309-100911_WhatsApp.jpg","type":"image\/jpeg"}],"author":"f1000024","twitter_card":"summary_large_image","twitter_misc":{"Escrito por":"f1000024","Tiempo de lectura":"1 minuto"},"schema":{"@context":"https:\/\/schema.org","@graph":[{"@type":"Article","@id":"https:\/\/cvinoticias.com\/v3\/segunda-semana-de-paro-docentes-cortan-la-ruta-12-altura-a-montecarlo-y-en-el-peaje-de-santa-ana\/#article","isPartOf":{"@id":"https:\/\/cvinoticias.com\/v3\/segunda-semana-de-paro-docentes-cortan-la-ruta-12-altura-a-montecarlo-y-en-el-peaje-de-santa-ana\/"},"author":{"name":"f1000024","@id":"https:\/\/cvinoticias.com\/v3\/#\/schema\/person\/2db77e3c6bc03c538495d7b2b8be9b66"},"headline":"Segunda semana de paro: Docentes cortan la Ruta 12 altura a Montecarlo y en el peaje de Santa Ana","datePublished":"2022-03-09T20:31:31+00:00","mainEntityOfPage":{"@id":"https:\/\/cvinoticias.com\/v3\/segunda-semana-de-paro-docentes-cortan-la-ruta-12-altura-a-montecarlo-y-en-el-peaje-de-santa-ana\/"},"wordCount":181,"commentCount":0,"publisher":{"@id":"https:\/\/cvinoticias.com\/v3\/#organization"},"image":{"@id":"https:\/\/cvinoticias.com\/v3\/segunda-semana-de-paro-docentes-cortan-la-ruta-12-altura-a-montecarlo-y-en-el-peaje-de-santa-ana\/#primaryimage"},"thumbnailUrl":"https:\/\/cvinoticias.com\/wp-content\/uploads\/2022\/03\/Screenshot_20220309-100911_WhatsApp.jpg","articleSection":["Informaci\u00f3n General"],"inLanguage":"es","potentialAction":[{"@type":"CommentAction","name":"Comment","target":["https:\/\/cvinoticias.com\/v3\/segunda-semana-de-paro-docentes-cortan-la-ruta-12-altura-a-montecarlo-y-en-el-peaje-de-santa-ana\/#respond"]}]},{"@type":"WebPage","@id":"https:\/\/cvinoticias.com\/v3\/segunda-semana-de-paro-docentes-cortan-la-ruta-12-altura-a-montecarlo-y-en-el-peaje-de-santa-ana\/","url":"https:\/\/cvinoticias.com\/v3\/segunda-semana-de-paro-docentes-cortan-la-ruta-12-altura-a-montecarlo-y-en-el-peaje-de-santa-ana\/","name":"Segunda semana de paro: Docentes cortan la Ruta 12 altura a Montecarlo y en el peaje de Santa Ana | CVI NOTICIAS","isPartOf":{"@id":"https:\/\/cvinoticias.com\/v3\/#website"},"primaryImageOfPage":{"@id":"https:\/\/cvinoticias.com\/v3\/segunda-semana-de-paro-docentes-cortan-la-ruta-12-altura-a-montecarlo-y-en-el-peaje-de-santa-ana\/#primaryimage"},"image":{"@id":"https:\/\/cvinoticias.com\/v3\/segunda-semana-de-paro-docentes-cortan-la-ruta-12-altura-a-montecarlo-y-en-el-peaje-de-santa-ana\/#primaryimage"},"thumbnailUrl":"https:\/\/cvinoticias.com\/wp-content\/uploads\/2022\/03\/Screenshot_20220309-100911_WhatsApp.jpg","datePublished":"2022-03-09T20:31:31+00:00","breadcrumb":{"@id":"https:\/\/cvinoticias.com\/v3\/segunda-semana-de-paro-docentes-cortan-la-ruta-12-altura-a-montecarlo-y-en-el-peaje-de-santa-ana\/#breadcrumb"},"inLanguage":"es","potentialAction":[{"@type":"ReadAction","target":["https:\/\/cvinoticias.com\/v3\/segunda-semana-de-paro-docentes-cortan-la-ruta-12-altura-a-montecarlo-y-en-el-peaje-de-santa-ana\/"]}]},{"@type":"ImageObject","inLanguage":"es","@id":"https:\/\/cvinoticias.com\/v3\/segunda-semana-de-paro-docentes-cortan-la-ruta-12-altura-a-montecarlo-y-en-el-peaje-de-santa-ana\/#primaryimage","url":"https:\/\/cvinoticias.com\/wp-content\/uploads\/2022\/03\/Screenshot_20220309-100911_WhatsApp.jpg","contentUrl":"https:\/\/cvinoticias.com\/wp-content\/uploads\/2022\/03\/Screenshot_20220309-100911_WhatsApp.jpg","width":1080,"height":749},{"@type":"BreadcrumbList","@id":"https:\/\/cvinoticias.com\/v3\/segunda-semana-de-paro-docentes-cortan-la-ruta-12-altura-a-montecarlo-y-en-el-peaje-de-santa-ana\/#breadcrumb","itemListElement":[{"@type":"ListItem","position":1,"name":"Portada","item":"https:\/\/cvinoticias.com\/v3\/"},{"@type":"ListItem","position":2,"name":"Segunda semana de paro: Docentes cortan la Ruta 12 altura a Montecarlo y en el peaje de Santa Ana"}]},{"@type":"WebSite","@id":"https:\/\/cvinoticias.com\/v3\/#website","url":"https:\/\/cvinoticias.com\/v3\/","name":"CVI NOTICIAS","description":"","publisher":{"@id":"https:\/\/cvinoticias.com\/v3\/#organization"},"alternateName":"CVI","potentialAction":[{"@type":"SearchAction","target":{"@type":"EntryPoint","urlTemplate":"https:\/\/cvinoticias.com\/v3\/?s={search_term_string}"},"query-input":{"@type":"PropertyValueSpecification","valueRequired":true,"valueName":"search_term_string"}}],"inLanguage":"es"},{"@type":"Organization","@id":"https:\/\/cvinoticias.com\/v3\/#organization","name":"CVI NOTICIAS","url":"https:\/\/cvinoticias.com\/v3\/","logo":{"@type":"ImageObject","inLanguage":"es","@id":"https:\/\/cvinoticias.com\/v3\/#\/schema\/logo\/image\/","url":"https:\/\/cvinoticias.com\/wp-content\/uploads\/2023\/04\/cropped-cropped-cropped-cropped-cropped-3-1.png","contentUrl":"https:\/\/cvinoticias.com\/wp-content\/uploads\/2023\/04\/cropped-cropped-cropped-cropped-cropped-3-1.png","width":95,"height":122,"caption":"CVI NOTICIAS"},"image":{"@id":"https:\/\/cvinoticias.com\/v3\/#\/schema\/logo\/image\/"},"sameAs":["https:\/\/www.facebook.com\/cvinoticias","https:\/\/www.instagram.com\/cvinoticias\/","https:\/\/www.youtube.com\/@CVINOTICIAS"]},{"@type":"Person","@id":"https:\/\/cvinoticias.com\/v3\/#\/schema\/person\/2db77e3c6bc03c538495d7b2b8be9b66","name":"f1000024","image":{"@type":"ImageObject","inLanguage":"es","@id":"https:\/\/secure.gravatar.com\/avatar\/d4fe7459cfc51ff5129ce1a732bbef5928568b8092d412ef95611616376bbeed?s=96&d=mm&r=g","url":"https:\/\/secure.gravatar.com\/avatar\/d4fe7459cfc51ff5129ce1a732bbef5928568b8092d412ef95611616376bbeed?s=96&d=mm&r=g","contentUrl":"https:\/\/secure.gravatar.com\/avatar\/d4fe7459cfc51ff5129ce1a732bbef5928568b8092d412ef95611616376bbeed?s=96&d=mm&r=g","caption":"f1000024"},"url":"https:\/\/cvinoticias.com\/v3\/author\/f1000024\/"}]}},"_links":{"self":[{"href":"https:\/\/cvinoticias.com\/v3\/wp-json\/wp\/v2\/posts\/13961","targetHints":{"allow":["GET"]}}],"collection":[{"href":"https:\/\/cvinoticias.com\/v3\/wp-json\/wp\/v2\/posts"}],"about":[{"href":"https:\/\/cvinoticias.com\/v3\/wp-json\/wp\/v2\/types\/post"}],"author":[{"embeddable":true,"href":"https:\/\/cvinoticias.com\/v3\/wp-json\/wp\/v2\/users\/2"}],"replies":[{"embeddable":true,"href":"https:\/\/cvinoticias.com\/v3\/wp-json\/wp\/v2\/comments?post=13961"}],"version-history":[{"count":1,"href":"https:\/\/cvinoticias.com\/v3\/wp-json\/wp\/v2\/posts\/13961\/revisions"}],"predecessor-version":[{"id":13965,"href":"https:\/\/cvinoticias.com\/v3\/wp-json\/wp\/v2\/posts\/13961\/revisions\/13965"}],"wp:featuredmedia":[{"embeddable":true,"href":"https:\/\/cvinoticias.com\/v3\/wp-json\/wp\/v2\/media\/13963"}],"wp:attachment":[{"href":"https:\/\/cvinoticias.com\/v3\/wp-json\/wp\/v2\/media?parent=13961"}],"wp:term":[{"taxonomy":"category","embeddable":true,"href":"https:\/\/cvinoticias.com\/v3\/wp-json\/wp\/v2\/categories?post=13961"},{"taxonomy":"post_tag","embeddable":true,"href":"https:\/\/cvinoticias.com\/v3\/wp-json\/wp\/v2\/tags?post=13961"}],"curies":[{"name":"wp","href":"https:\/\/api.w.org\/{rel}","templated":true}]}}