{"id":13923,"date":"2022-03-08T10:38:02","date_gmt":"2022-03-08T10:38:02","guid":{"rendered":"https:\/\/cvinoticias.com\/v3\/?p=13923"},"modified":"2022-03-08T10:38:02","modified_gmt":"2022-03-08T10:38:02","slug":"argentina-otorgara-visas-humanitarias-a-ucranianos","status":"publish","type":"post","link":"https:\/\/cvinoticias.com\/v3\/argentina-otorgara-visas-humanitarias-a-ucranianos\/","title":{"rendered":"Argentina otorgar\u00e1 visas humanitarias a ucranianos"},"content":{"rendered":"\n<p><strong><em>De esta manera, nuestro pa\u00eds podr\u00e1 albergar a ciudadanos de dicho pa\u00eds, as\u00ed como a sus familiares directos, durante tres a\u00f1os. Luego podr\u00e1n pedir la residencia.<\/em><\/strong><\/p>\n\n\n\n<p>La Direcci\u00f3n Nacional de Migraciones (DNM), organismo dependiente del Ministerio del Interior, dict\u00f3 una Disposici\u00f3n que autoriza el ingreso y la permanencia por razones humanitarias a la Argentina a ciudadanos ucranianos y sus familiares directos, independientemente de su nacionalidad, como respuesta a la crisis ocasionada por el\u00a0conflicto b\u00e9lico\u00a0que atraviesa ese pa\u00eds.<\/p>\n\n\n\n<p>La medida adoptada por el organismo dependiente de la cartera de Interior, que conduce Wado de Pedro, se enmarca en las pol\u00edticas de protecci\u00f3n de los derechos humanos que lleva adelante Argentina, y\u00a0apunta a facilitar y garantizar la reunificaci\u00f3n familiar de los ciudadanos ucranianos.<\/p>\n\n\n\n<p>La disposici\u00f3n de la DNM, a cargo de Florencia Carignano,\u00a0otorga el estatus de protecci\u00f3n temporal para garantizar el ingreso y permanencia en el pa\u00eds de ucranianos y familiares directos, con un plazo de permanencia de hasta 3 a\u00f1os en nuestro pa\u00eds. Vencido ese plazo, los beneficiarios pueden solicitar y acceder a la residencia definitiva en nuestro pa\u00eds.<\/p>\n\n\n\n<p>Este visado se enmarca en Ley de Migraciones 25.871, y puntualmente en su art\u00edculo 23 inciso M, que considera residentes temporarios por razones humanitarias a todos aquellos que ingresen invocando \u00abrazones que justifiquen a juicio de la Direcci\u00f3n Nacional de Migraciones un tratamiento especial\u00bb.<\/p>\n\n\n\n<p>Desde la DNM destacaron que\u00a0la medida tiene por objeto brindar protecci\u00f3n a aquellas personas que, no siendo refugiadas o asiladas, moment\u00e1neamente no pueden permanecer o retornar a su pa\u00eds, al tiempo que las personas beneficiadas estar\u00e1n eximidas del pago de las tasas migratorias, atendiendo la crisis que atraviesa Ucrania.<\/p>\n","protected":false},"excerpt":{"rendered":"<p>De esta manera, nuestro pa\u00eds podr\u00e1 albergar a ciudadanos de dicho pa\u00eds, as\u00ed como a sus familiares directos, durante tres a\u00f1os. Luego podr\u00e1n pedir la residencia. La Direcci\u00f3n Nacional de Migraciones (DNM), organismo dependiente del Ministerio del Interior, dict\u00f3 una Disposici\u00f3n que autoriza el ingreso y la permanencia por razones humanitarias a la Argentina a [&hellip;]<\/p>\n","protected":false},"author":2,"featured_media":13924,"comment_status":"open","ping_status":"open","sticky":false,"template":"","format":"standard","meta":{"footnotes":""},"categories":[35],"tags":[],"class_list":["post-13923","post","type-post","status-publish","format-standard","has-post-thumbnail","hentry","category-informacion-general"],"yoast_head":"<!-- This site is optimized with the Yoast SEO plugin v27.5 - https:\/\/yoast.com\/product\/yoast-seo-wordpress\/ -->\n<title>Argentina otorgar\u00e1 visas humanitarias a ucranianos | CVI NOTICIAS<\/title>\n<meta name=\"robots\" content=\"index, follow, max-snippet:-1, max-image-preview:large, max-video-preview:-1\" \/>\n<link rel=\"canonical\" href=\"https:\/\/cvinoticias.com\/v3\/argentina-otorgara-visas-humanitarias-a-ucranianos\/\" \/>\n<meta property=\"og:locale\" content=\"es_ES\" \/>\n<meta property=\"og:type\" content=\"article\" \/>\n<meta property=\"og:title\" content=\"Argentina otorgar\u00e1 visas humanitarias a ucranianos | CVI NOTICIAS\" \/>\n<meta property=\"og:description\" content=\"De esta manera, nuestro pa\u00eds podr\u00e1 albergar a ciudadanos de dicho pa\u00eds, as\u00ed como a sus familiares directos, durante tres a\u00f1os. Luego podr\u00e1n pedir la residencia. La Direcci\u00f3n Nacional de Migraciones (DNM), organismo dependiente del Ministerio del Interior, dict\u00f3 una Disposici\u00f3n que autoriza el ingreso y la permanencia por razones humanitarias a la Argentina a [&hellip;]\" \/>\n<meta property=\"og:url\" content=\"https:\/\/cvinoticias.com\/v3\/argentina-otorgara-visas-humanitarias-a-ucranianos\/\" \/>\n<meta property=\"og:site_name\" content=\"CVI NOTICIAS\" \/>\n<meta property=\"article:publisher\" content=\"https:\/\/www.facebook.com\/cvinoticias\" \/>\n<meta property=\"article:published_time\" content=\"2022-03-08T10:38:02+00:00\" \/>\n<meta property=\"og:image\" content=\"https:\/\/cvinoticias.com\/wp-content\/uploads\/2022\/03\/Screenshot_20220308-073723_Facebook.jpg\" \/>\n\t<meta property=\"og:image:width\" content=\"908\" \/>\n\t<meta property=\"og:image:height\" content=\"589\" \/>\n\t<meta property=\"og:image:type\" content=\"image\/jpeg\" \/>\n<meta name=\"author\" content=\"f1000024\" \/>\n<meta name=\"twitter:card\" content=\"summary_large_image\" \/>\n<meta name=\"twitter:label1\" content=\"Escrito por\" \/>\n\t<meta name=\"twitter:data1\" content=\"f1000024\" \/>\n\t<meta name=\"twitter:label2\" content=\"Tiempo de lectura\" \/>\n\t<meta name=\"twitter:data2\" content=\"1 minuto\" \/>\n<script type=\"application\/ld+json\" class=\"yoast-schema-graph\">{\"@context\":\"https:\\\/\\\/schema.org\",\"@graph\":[{\"@type\":\"Article\",\"@id\":\"https:\\\/\\\/cvinoticias.com\\\/v3\\\/argentina-otorgara-visas-humanitarias-a-ucranianos\\\/#article\",\"isPartOf\":{\"@id\":\"https:\\\/\\\/cvinoticias.com\\\/v3\\\/argentina-otorgara-visas-humanitarias-a-ucranianos\\\/\"},\"author\":{\"name\":\"f1000024\",\"@id\":\"https:\\\/\\\/cvinoticias.com\\\/v3\\\/#\\\/schema\\\/person\\\/2db77e3c6bc03c538495d7b2b8be9b66\"},\"headline\":\"Argentina otorgar\u00e1 visas humanitarias a ucranianos\",\"datePublished\":\"2022-03-08T10:38:02+00:00\",\"mainEntityOfPage\":{\"@id\":\"https:\\\/\\\/cvinoticias.com\\\/v3\\\/argentina-otorgara-visas-humanitarias-a-ucranianos\\\/\"},\"wordCount\":302,\"commentCount\":0,\"publisher\":{\"@id\":\"https:\\\/\\\/cvinoticias.com\\\/v3\\\/#organization\"},\"image\":{\"@id\":\"https:\\\/\\\/cvinoticias.com\\\/v3\\\/argentina-otorgara-visas-humanitarias-a-ucranianos\\\/#primaryimage\"},\"thumbnailUrl\":\"https:\\\/\\\/cvinoticias.com\\\/wp-content\\\/uploads\\\/2022\\\/03\\\/Screenshot_20220308-073723_Facebook.jpg\",\"articleSection\":[\"Informaci\u00f3n General\"],\"inLanguage\":\"es\",\"potentialAction\":[{\"@type\":\"CommentAction\",\"name\":\"Comment\",\"target\":[\"https:\\\/\\\/cvinoticias.com\\\/v3\\\/argentina-otorgara-visas-humanitarias-a-ucranianos\\\/#respond\"]}]},{\"@type\":\"WebPage\",\"@id\":\"https:\\\/\\\/cvinoticias.com\\\/v3\\\/argentina-otorgara-visas-humanitarias-a-ucranianos\\\/\",\"url\":\"https:\\\/\\\/cvinoticias.com\\\/v3\\\/argentina-otorgara-visas-humanitarias-a-ucranianos\\\/\",\"name\":\"Argentina otorgar\u00e1 visas humanitarias a ucranianos | CVI NOTICIAS\",\"isPartOf\":{\"@id\":\"https:\\\/\\\/cvinoticias.com\\\/v3\\\/#website\"},\"primaryImageOfPage\":{\"@id\":\"https:\\\/\\\/cvinoticias.com\\\/v3\\\/argentina-otorgara-visas-humanitarias-a-ucranianos\\\/#primaryimage\"},\"image\":{\"@id\":\"https:\\\/\\\/cvinoticias.com\\\/v3\\\/argentina-otorgara-visas-humanitarias-a-ucranianos\\\/#primaryimage\"},\"thumbnailUrl\":\"https:\\\/\\\/cvinoticias.com\\\/wp-content\\\/uploads\\\/2022\\\/03\\\/Screenshot_20220308-073723_Facebook.jpg\",\"datePublished\":\"2022-03-08T10:38:02+00:00\",\"breadcrumb\":{\"@id\":\"https:\\\/\\\/cvinoticias.com\\\/v3\\\/argentina-otorgara-visas-humanitarias-a-ucranianos\\\/#breadcrumb\"},\"inLanguage\":\"es\",\"potentialAction\":[{\"@type\":\"ReadAction\",\"target\":[\"https:\\\/\\\/cvinoticias.com\\\/v3\\\/argentina-otorgara-visas-humanitarias-a-ucranianos\\\/\"]}]},{\"@type\":\"ImageObject\",\"inLanguage\":\"es\",\"@id\":\"https:\\\/\\\/cvinoticias.com\\\/v3\\\/argentina-otorgara-visas-humanitarias-a-ucranianos\\\/#primaryimage\",\"url\":\"https:\\\/\\\/cvinoticias.com\\\/wp-content\\\/uploads\\\/2022\\\/03\\\/Screenshot_20220308-073723_Facebook.jpg\",\"contentUrl\":\"https:\\\/\\\/cvinoticias.com\\\/wp-content\\\/uploads\\\/2022\\\/03\\\/Screenshot_20220308-073723_Facebook.jpg\",\"width\":908,\"height\":589},{\"@type\":\"BreadcrumbList\",\"@id\":\"https:\\\/\\\/cvinoticias.com\\\/v3\\\/argentina-otorgara-visas-humanitarias-a-ucranianos\\\/#breadcrumb\",\"itemListElement\":[{\"@type\":\"ListItem\",\"position\":1,\"name\":\"Portada\",\"item\":\"https:\\\/\\\/cvinoticias.com\\\/v3\\\/\"},{\"@type\":\"ListItem\",\"position\":2,\"name\":\"Argentina otorgar\u00e1 visas humanitarias a ucranianos\"}]},{\"@type\":\"WebSite\",\"@id\":\"https:\\\/\\\/cvinoticias.com\\\/v3\\\/#website\",\"url\":\"https:\\\/\\\/cvinoticias.com\\\/v3\\\/\",\"name\":\"CVI NOTICIAS\",\"description\":\"\",\"publisher\":{\"@id\":\"https:\\\/\\\/cvinoticias.com\\\/v3\\\/#organization\"},\"alternateName\":\"CVI\",\"potentialAction\":[{\"@type\":\"SearchAction\",\"target\":{\"@type\":\"EntryPoint\",\"urlTemplate\":\"https:\\\/\\\/cvinoticias.com\\\/v3\\\/?s={search_term_string}\"},\"query-input\":{\"@type\":\"PropertyValueSpecification\",\"valueRequired\":true,\"valueName\":\"search_term_string\"}}],\"inLanguage\":\"es\"},{\"@type\":\"Organization\",\"@id\":\"https:\\\/\\\/cvinoticias.com\\\/v3\\\/#organization\",\"name\":\"CVI NOTICIAS\",\"url\":\"https:\\\/\\\/cvinoticias.com\\\/v3\\\/\",\"logo\":{\"@type\":\"ImageObject\",\"inLanguage\":\"es\",\"@id\":\"https:\\\/\\\/cvinoticias.com\\\/v3\\\/#\\\/schema\\\/logo\\\/image\\\/\",\"url\":\"https:\\\/\\\/cvinoticias.com\\\/wp-content\\\/uploads\\\/2023\\\/04\\\/cropped-cropped-cropped-cropped-cropped-3-1.png\",\"contentUrl\":\"https:\\\/\\\/cvinoticias.com\\\/wp-content\\\/uploads\\\/2023\\\/04\\\/cropped-cropped-cropped-cropped-cropped-3-1.png\",\"width\":95,\"height\":122,\"caption\":\"CVI NOTICIAS\"},\"image\":{\"@id\":\"https:\\\/\\\/cvinoticias.com\\\/v3\\\/#\\\/schema\\\/logo\\\/image\\\/\"},\"sameAs\":[\"https:\\\/\\\/www.facebook.com\\\/cvinoticias\",\"https:\\\/\\\/www.instagram.com\\\/cvinoticias\\\/\",\"https:\\\/\\\/www.youtube.com\\\/@CVINOTICIAS\"]},{\"@type\":\"Person\",\"@id\":\"https:\\\/\\\/cvinoticias.com\\\/v3\\\/#\\\/schema\\\/person\\\/2db77e3c6bc03c538495d7b2b8be9b66\",\"name\":\"f1000024\",\"image\":{\"@type\":\"ImageObject\",\"inLanguage\":\"es\",\"@id\":\"https:\\\/\\\/secure.gravatar.com\\\/avatar\\\/d4fe7459cfc51ff5129ce1a732bbef5928568b8092d412ef95611616376bbeed?s=96&d=mm&r=g\",\"url\":\"https:\\\/\\\/secure.gravatar.com\\\/avatar\\\/d4fe7459cfc51ff5129ce1a732bbef5928568b8092d412ef95611616376bbeed?s=96&d=mm&r=g\",\"contentUrl\":\"https:\\\/\\\/secure.gravatar.com\\\/avatar\\\/d4fe7459cfc51ff5129ce1a732bbef5928568b8092d412ef95611616376bbeed?s=96&d=mm&r=g\",\"caption\":\"f1000024\"},\"url\":\"https:\\\/\\\/cvinoticias.com\\\/v3\\\/author\\\/f1000024\\\/\"}]}<\/script>\n<!-- \/ Yoast SEO plugin. -->","yoast_head_json":{"title":"Argentina otorgar\u00e1 visas humanitarias a ucranianos | CVI NOTICIAS","robots":{"index":"index","follow":"follow","max-snippet":"max-snippet:-1","max-image-preview":"max-image-preview:large","max-video-preview":"max-video-preview:-1"},"canonical":"https:\/\/cvinoticias.com\/v3\/argentina-otorgara-visas-humanitarias-a-ucranianos\/","og_locale":"es_ES","og_type":"article","og_title":"Argentina otorgar\u00e1 visas humanitarias a ucranianos | CVI NOTICIAS","og_description":"De esta manera, nuestro pa\u00eds podr\u00e1 albergar a ciudadanos de dicho pa\u00eds, as\u00ed como a sus familiares directos, durante tres a\u00f1os. Luego podr\u00e1n pedir la residencia. La Direcci\u00f3n Nacional de Migraciones (DNM), organismo dependiente del Ministerio del Interior, dict\u00f3 una Disposici\u00f3n que autoriza el ingreso y la permanencia por razones humanitarias a la Argentina a [&hellip;]","og_url":"https:\/\/cvinoticias.com\/v3\/argentina-otorgara-visas-humanitarias-a-ucranianos\/","og_site_name":"CVI NOTICIAS","article_publisher":"https:\/\/www.facebook.com\/cvinoticias","article_published_time":"2022-03-08T10:38:02+00:00","og_image":[{"width":908,"height":589,"url":"https:\/\/cvinoticias.com\/wp-content\/uploads\/2022\/03\/Screenshot_20220308-073723_Facebook.jpg","type":"image\/jpeg"}],"author":"f1000024","twitter_card":"summary_large_image","twitter_misc":{"Escrito por":"f1000024","Tiempo de lectura":"1 minuto"},"schema":{"@context":"https:\/\/schema.org","@graph":[{"@type":"Article","@id":"https:\/\/cvinoticias.com\/v3\/argentina-otorgara-visas-humanitarias-a-ucranianos\/#article","isPartOf":{"@id":"https:\/\/cvinoticias.com\/v3\/argentina-otorgara-visas-humanitarias-a-ucranianos\/"},"author":{"name":"f1000024","@id":"https:\/\/cvinoticias.com\/v3\/#\/schema\/person\/2db77e3c6bc03c538495d7b2b8be9b66"},"headline":"Argentina otorgar\u00e1 visas humanitarias a ucranianos","datePublished":"2022-03-08T10:38:02+00:00","mainEntityOfPage":{"@id":"https:\/\/cvinoticias.com\/v3\/argentina-otorgara-visas-humanitarias-a-ucranianos\/"},"wordCount":302,"commentCount":0,"publisher":{"@id":"https:\/\/cvinoticias.com\/v3\/#organization"},"image":{"@id":"https:\/\/cvinoticias.com\/v3\/argentina-otorgara-visas-humanitarias-a-ucranianos\/#primaryimage"},"thumbnailUrl":"https:\/\/cvinoticias.com\/wp-content\/uploads\/2022\/03\/Screenshot_20220308-073723_Facebook.jpg","articleSection":["Informaci\u00f3n General"],"inLanguage":"es","potentialAction":[{"@type":"CommentAction","name":"Comment","target":["https:\/\/cvinoticias.com\/v3\/argentina-otorgara-visas-humanitarias-a-ucranianos\/#respond"]}]},{"@type":"WebPage","@id":"https:\/\/cvinoticias.com\/v3\/argentina-otorgara-visas-humanitarias-a-ucranianos\/","url":"https:\/\/cvinoticias.com\/v3\/argentina-otorgara-visas-humanitarias-a-ucranianos\/","name":"Argentina otorgar\u00e1 visas humanitarias a ucranianos | CVI NOTICIAS","isPartOf":{"@id":"https:\/\/cvinoticias.com\/v3\/#website"},"primaryImageOfPage":{"@id":"https:\/\/cvinoticias.com\/v3\/argentina-otorgara-visas-humanitarias-a-ucranianos\/#primaryimage"},"image":{"@id":"https:\/\/cvinoticias.com\/v3\/argentina-otorgara-visas-humanitarias-a-ucranianos\/#primaryimage"},"thumbnailUrl":"https:\/\/cvinoticias.com\/wp-content\/uploads\/2022\/03\/Screenshot_20220308-073723_Facebook.jpg","datePublished":"2022-03-08T10:38:02+00:00","breadcrumb":{"@id":"https:\/\/cvinoticias.com\/v3\/argentina-otorgara-visas-humanitarias-a-ucranianos\/#breadcrumb"},"inLanguage":"es","potentialAction":[{"@type":"ReadAction","target":["https:\/\/cvinoticias.com\/v3\/argentina-otorgara-visas-humanitarias-a-ucranianos\/"]}]},{"@type":"ImageObject","inLanguage":"es","@id":"https:\/\/cvinoticias.com\/v3\/argentina-otorgara-visas-humanitarias-a-ucranianos\/#primaryimage","url":"https:\/\/cvinoticias.com\/wp-content\/uploads\/2022\/03\/Screenshot_20220308-073723_Facebook.jpg","contentUrl":"https:\/\/cvinoticias.com\/wp-content\/uploads\/2022\/03\/Screenshot_20220308-073723_Facebook.jpg","width":908,"height":589},{"@type":"BreadcrumbList","@id":"https:\/\/cvinoticias.com\/v3\/argentina-otorgara-visas-humanitarias-a-ucranianos\/#breadcrumb","itemListElement":[{"@type":"ListItem","position":1,"name":"Portada","item":"https:\/\/cvinoticias.com\/v3\/"},{"@type":"ListItem","position":2,"name":"Argentina otorgar\u00e1 visas humanitarias a ucranianos"}]},{"@type":"WebSite","@id":"https:\/\/cvinoticias.com\/v3\/#website","url":"https:\/\/cvinoticias.com\/v3\/","name":"CVI NOTICIAS","description":"","publisher":{"@id":"https:\/\/cvinoticias.com\/v3\/#organization"},"alternateName":"CVI","potentialAction":[{"@type":"SearchAction","target":{"@type":"EntryPoint","urlTemplate":"https:\/\/cvinoticias.com\/v3\/?s={search_term_string}"},"query-input":{"@type":"PropertyValueSpecification","valueRequired":true,"valueName":"search_term_string"}}],"inLanguage":"es"},{"@type":"Organization","@id":"https:\/\/cvinoticias.com\/v3\/#organization","name":"CVI NOTICIAS","url":"https:\/\/cvinoticias.com\/v3\/","logo":{"@type":"ImageObject","inLanguage":"es","@id":"https:\/\/cvinoticias.com\/v3\/#\/schema\/logo\/image\/","url":"https:\/\/cvinoticias.com\/wp-content\/uploads\/2023\/04\/cropped-cropped-cropped-cropped-cropped-3-1.png","contentUrl":"https:\/\/cvinoticias.com\/wp-content\/uploads\/2023\/04\/cropped-cropped-cropped-cropped-cropped-3-1.png","width":95,"height":122,"caption":"CVI NOTICIAS"},"image":{"@id":"https:\/\/cvinoticias.com\/v3\/#\/schema\/logo\/image\/"},"sameAs":["https:\/\/www.facebook.com\/cvinoticias","https:\/\/www.instagram.com\/cvinoticias\/","https:\/\/www.youtube.com\/@CVINOTICIAS"]},{"@type":"Person","@id":"https:\/\/cvinoticias.com\/v3\/#\/schema\/person\/2db77e3c6bc03c538495d7b2b8be9b66","name":"f1000024","image":{"@type":"ImageObject","inLanguage":"es","@id":"https:\/\/secure.gravatar.com\/avatar\/d4fe7459cfc51ff5129ce1a732bbef5928568b8092d412ef95611616376bbeed?s=96&d=mm&r=g","url":"https:\/\/secure.gravatar.com\/avatar\/d4fe7459cfc51ff5129ce1a732bbef5928568b8092d412ef95611616376bbeed?s=96&d=mm&r=g","contentUrl":"https:\/\/secure.gravatar.com\/avatar\/d4fe7459cfc51ff5129ce1a732bbef5928568b8092d412ef95611616376bbeed?s=96&d=mm&r=g","caption":"f1000024"},"url":"https:\/\/cvinoticias.com\/v3\/author\/f1000024\/"}]}},"_links":{"self":[{"href":"https:\/\/cvinoticias.com\/v3\/wp-json\/wp\/v2\/posts\/13923","targetHints":{"allow":["GET"]}}],"collection":[{"href":"https:\/\/cvinoticias.com\/v3\/wp-json\/wp\/v2\/posts"}],"about":[{"href":"https:\/\/cvinoticias.com\/v3\/wp-json\/wp\/v2\/types\/post"}],"author":[{"embeddable":true,"href":"https:\/\/cvinoticias.com\/v3\/wp-json\/wp\/v2\/users\/2"}],"replies":[{"embeddable":true,"href":"https:\/\/cvinoticias.com\/v3\/wp-json\/wp\/v2\/comments?post=13923"}],"version-history":[{"count":1,"href":"https:\/\/cvinoticias.com\/v3\/wp-json\/wp\/v2\/posts\/13923\/revisions"}],"predecessor-version":[{"id":13925,"href":"https:\/\/cvinoticias.com\/v3\/wp-json\/wp\/v2\/posts\/13923\/revisions\/13925"}],"wp:featuredmedia":[{"embeddable":true,"href":"https:\/\/cvinoticias.com\/v3\/wp-json\/wp\/v2\/media\/13924"}],"wp:attachment":[{"href":"https:\/\/cvinoticias.com\/v3\/wp-json\/wp\/v2\/media?parent=13923"}],"wp:term":[{"taxonomy":"category","embeddable":true,"href":"https:\/\/cvinoticias.com\/v3\/wp-json\/wp\/v2\/categories?post=13923"},{"taxonomy":"post_tag","embeddable":true,"href":"https:\/\/cvinoticias.com\/v3\/wp-json\/wp\/v2\/tags?post=13923"}],"curies":[{"name":"wp","href":"https:\/\/api.w.org\/{rel}","templated":true}]}}