{"id":13909,"date":"2022-03-07T22:31:34","date_gmt":"2022-03-07T22:31:34","guid":{"rendered":"https:\/\/cvinoticias.com\/v3\/?p=13909"},"modified":"2022-03-07T22:31:34","modified_gmt":"2022-03-07T22:31:34","slug":"por-el-dia-de-la-mujer-en-misiones-habra-asueto-para-las-empleadas-publicas","status":"publish","type":"post","link":"https:\/\/cvinoticias.com\/v3\/por-el-dia-de-la-mujer-en-misiones-habra-asueto-para-las-empleadas-publicas\/","title":{"rendered":"Por el D\u00eda de la Mujer, en Misiones habr\u00e1 asueto para las empleadas p\u00fablicas"},"content":{"rendered":"\n<p><strong><em>Mediante el decreto 180, el Gobernador de Misiones, Oscar Herrera Ahuad, declar\u00f3 para este martes 8 de marzo, asueto administrativo.\u00a0<\/em><\/strong><\/p>\n\n\n\n<p>El Gobernador de Misiones, Oscar Herrera Ahuad, declar\u00f3 para este martes 8 de marzo, asueto administrativo para las mujeres que se desempe\u00f1an en la administraci\u00f3n p\u00fablica de la provincia, al conmemorarse el d\u00eda Internacional de la Mujer.<\/p>\n\n\n\n<p>As\u00ed lo dio a conocer el gobierno mediante el decreto 180, el cual indica que la resoluci\u00f3n se basa en que la fecha \u201cfue proclamada por la Asamblea General de la Organizaci\u00f3n de las Naciones Unidas (ONU) en el a\u00f1o 1975, en tanto que en igual Asamblea del a\u00f1o 1977 se dispuso la celebraci\u00f3n del D\u00eda Internacional por los Derechos de la Mujer y la Paz Internacional\u201d.<\/p>\n\n\n\n<p>Y a que \u201ctal celebraci\u00f3n ha adquirido singular relevancia, llegando a constituirse en punto de convergencia de las actividades coordinadas a favor de los derechos de la mujer y su participaci\u00f3n en la vida social, pol\u00edtica y econ\u00f3mica\u201d.<\/p>\n","protected":false},"excerpt":{"rendered":"<p>Mediante el decreto 180, el Gobernador de Misiones, Oscar Herrera Ahuad, declar\u00f3 para este martes 8 de marzo, asueto administrativo.\u00a0 El Gobernador de Misiones, Oscar Herrera Ahuad, declar\u00f3 para este martes 8 de marzo, asueto administrativo para las mujeres que se desempe\u00f1an en la administraci\u00f3n p\u00fablica de la provincia, al conmemorarse el d\u00eda Internacional de [&hellip;]<\/p>\n","protected":false},"author":2,"featured_media":13910,"comment_status":"open","ping_status":"open","sticky":false,"template":"","format":"standard","meta":{"footnotes":""},"categories":[35],"tags":[],"class_list":["post-13909","post","type-post","status-publish","format-standard","has-post-thumbnail","hentry","category-informacion-general"],"yoast_head":"<!-- This site is optimized with the Yoast SEO plugin v27.5 - https:\/\/yoast.com\/product\/yoast-seo-wordpress\/ -->\n<title>Por el D\u00eda de la Mujer, en Misiones habr\u00e1 asueto para las empleadas p\u00fablicas | CVI NOTICIAS<\/title>\n<meta name=\"robots\" content=\"index, follow, max-snippet:-1, max-image-preview:large, max-video-preview:-1\" \/>\n<link rel=\"canonical\" href=\"https:\/\/cvinoticias.com\/v3\/por-el-dia-de-la-mujer-en-misiones-habra-asueto-para-las-empleadas-publicas\/\" \/>\n<meta property=\"og:locale\" content=\"es_ES\" \/>\n<meta property=\"og:type\" content=\"article\" \/>\n<meta property=\"og:title\" content=\"Por el D\u00eda de la Mujer, en Misiones habr\u00e1 asueto para las empleadas p\u00fablicas | CVI NOTICIAS\" \/>\n<meta property=\"og:description\" content=\"Mediante el decreto 180, el Gobernador de Misiones, Oscar Herrera Ahuad, declar\u00f3 para este martes 8 de marzo, asueto administrativo.\u00a0 El Gobernador de Misiones, Oscar Herrera Ahuad, declar\u00f3 para este martes 8 de marzo, asueto administrativo para las mujeres que se desempe\u00f1an en la administraci\u00f3n p\u00fablica de la provincia, al conmemorarse el d\u00eda Internacional de [&hellip;]\" \/>\n<meta property=\"og:url\" content=\"https:\/\/cvinoticias.com\/v3\/por-el-dia-de-la-mujer-en-misiones-habra-asueto-para-las-empleadas-publicas\/\" \/>\n<meta property=\"og:site_name\" content=\"CVI NOTICIAS\" \/>\n<meta property=\"article:publisher\" content=\"https:\/\/www.facebook.com\/cvinoticias\" \/>\n<meta property=\"article:published_time\" content=\"2022-03-07T22:31:34+00:00\" \/>\n<meta property=\"og:image\" content=\"https:\/\/cvinoticias.com\/wp-content\/uploads\/2022\/03\/P9280192-1024x768-1.jpg\" \/>\n\t<meta property=\"og:image:width\" content=\"1024\" \/>\n\t<meta property=\"og:image:height\" content=\"768\" \/>\n\t<meta property=\"og:image:type\" content=\"image\/jpeg\" \/>\n<meta name=\"author\" content=\"f1000024\" \/>\n<meta name=\"twitter:card\" content=\"summary_large_image\" \/>\n<meta name=\"twitter:label1\" content=\"Escrito por\" \/>\n\t<meta name=\"twitter:data1\" content=\"f1000024\" \/>\n\t<meta name=\"twitter:label2\" content=\"Tiempo de lectura\" \/>\n\t<meta name=\"twitter:data2\" content=\"1 minuto\" \/>\n<script type=\"application\/ld+json\" class=\"yoast-schema-graph\">{\"@context\":\"https:\\\/\\\/schema.org\",\"@graph\":[{\"@type\":\"Article\",\"@id\":\"https:\\\/\\\/cvinoticias.com\\\/v3\\\/por-el-dia-de-la-mujer-en-misiones-habra-asueto-para-las-empleadas-publicas\\\/#article\",\"isPartOf\":{\"@id\":\"https:\\\/\\\/cvinoticias.com\\\/v3\\\/por-el-dia-de-la-mujer-en-misiones-habra-asueto-para-las-empleadas-publicas\\\/\"},\"author\":{\"name\":\"f1000024\",\"@id\":\"https:\\\/\\\/cvinoticias.com\\\/v3\\\/#\\\/schema\\\/person\\\/2db77e3c6bc03c538495d7b2b8be9b66\"},\"headline\":\"Por el D\u00eda de la Mujer, en Misiones habr\u00e1 asueto para las empleadas p\u00fablicas\",\"datePublished\":\"2022-03-07T22:31:34+00:00\",\"mainEntityOfPage\":{\"@id\":\"https:\\\/\\\/cvinoticias.com\\\/v3\\\/por-el-dia-de-la-mujer-en-misiones-habra-asueto-para-las-empleadas-publicas\\\/\"},\"wordCount\":186,\"commentCount\":0,\"publisher\":{\"@id\":\"https:\\\/\\\/cvinoticias.com\\\/v3\\\/#organization\"},\"image\":{\"@id\":\"https:\\\/\\\/cvinoticias.com\\\/v3\\\/por-el-dia-de-la-mujer-en-misiones-habra-asueto-para-las-empleadas-publicas\\\/#primaryimage\"},\"thumbnailUrl\":\"https:\\\/\\\/cvinoticias.com\\\/wp-content\\\/uploads\\\/2022\\\/03\\\/P9280192-1024x768-1.jpg\",\"articleSection\":[\"Informaci\u00f3n General\"],\"inLanguage\":\"es\",\"potentialAction\":[{\"@type\":\"CommentAction\",\"name\":\"Comment\",\"target\":[\"https:\\\/\\\/cvinoticias.com\\\/v3\\\/por-el-dia-de-la-mujer-en-misiones-habra-asueto-para-las-empleadas-publicas\\\/#respond\"]}]},{\"@type\":\"WebPage\",\"@id\":\"https:\\\/\\\/cvinoticias.com\\\/v3\\\/por-el-dia-de-la-mujer-en-misiones-habra-asueto-para-las-empleadas-publicas\\\/\",\"url\":\"https:\\\/\\\/cvinoticias.com\\\/v3\\\/por-el-dia-de-la-mujer-en-misiones-habra-asueto-para-las-empleadas-publicas\\\/\",\"name\":\"Por el D\u00eda de la Mujer, en Misiones habr\u00e1 asueto para las empleadas p\u00fablicas | CVI NOTICIAS\",\"isPartOf\":{\"@id\":\"https:\\\/\\\/cvinoticias.com\\\/v3\\\/#website\"},\"primaryImageOfPage\":{\"@id\":\"https:\\\/\\\/cvinoticias.com\\\/v3\\\/por-el-dia-de-la-mujer-en-misiones-habra-asueto-para-las-empleadas-publicas\\\/#primaryimage\"},\"image\":{\"@id\":\"https:\\\/\\\/cvinoticias.com\\\/v3\\\/por-el-dia-de-la-mujer-en-misiones-habra-asueto-para-las-empleadas-publicas\\\/#primaryimage\"},\"thumbnailUrl\":\"https:\\\/\\\/cvinoticias.com\\\/wp-content\\\/uploads\\\/2022\\\/03\\\/P9280192-1024x768-1.jpg\",\"datePublished\":\"2022-03-07T22:31:34+00:00\",\"breadcrumb\":{\"@id\":\"https:\\\/\\\/cvinoticias.com\\\/v3\\\/por-el-dia-de-la-mujer-en-misiones-habra-asueto-para-las-empleadas-publicas\\\/#breadcrumb\"},\"inLanguage\":\"es\",\"potentialAction\":[{\"@type\":\"ReadAction\",\"target\":[\"https:\\\/\\\/cvinoticias.com\\\/v3\\\/por-el-dia-de-la-mujer-en-misiones-habra-asueto-para-las-empleadas-publicas\\\/\"]}]},{\"@type\":\"ImageObject\",\"inLanguage\":\"es\",\"@id\":\"https:\\\/\\\/cvinoticias.com\\\/v3\\\/por-el-dia-de-la-mujer-en-misiones-habra-asueto-para-las-empleadas-publicas\\\/#primaryimage\",\"url\":\"https:\\\/\\\/cvinoticias.com\\\/wp-content\\\/uploads\\\/2022\\\/03\\\/P9280192-1024x768-1.jpg\",\"contentUrl\":\"https:\\\/\\\/cvinoticias.com\\\/wp-content\\\/uploads\\\/2022\\\/03\\\/P9280192-1024x768-1.jpg\",\"width\":1024,\"height\":768,\"caption\":\"OLYMPUS DIGITAL CAMERA\"},{\"@type\":\"BreadcrumbList\",\"@id\":\"https:\\\/\\\/cvinoticias.com\\\/v3\\\/por-el-dia-de-la-mujer-en-misiones-habra-asueto-para-las-empleadas-publicas\\\/#breadcrumb\",\"itemListElement\":[{\"@type\":\"ListItem\",\"position\":1,\"name\":\"Portada\",\"item\":\"https:\\\/\\\/cvinoticias.com\\\/v3\\\/\"},{\"@type\":\"ListItem\",\"position\":2,\"name\":\"Por el D\u00eda de la Mujer, en Misiones habr\u00e1 asueto para las empleadas p\u00fablicas\"}]},{\"@type\":\"WebSite\",\"@id\":\"https:\\\/\\\/cvinoticias.com\\\/v3\\\/#website\",\"url\":\"https:\\\/\\\/cvinoticias.com\\\/v3\\\/\",\"name\":\"CVI NOTICIAS\",\"description\":\"\",\"publisher\":{\"@id\":\"https:\\\/\\\/cvinoticias.com\\\/v3\\\/#organization\"},\"alternateName\":\"CVI\",\"potentialAction\":[{\"@type\":\"SearchAction\",\"target\":{\"@type\":\"EntryPoint\",\"urlTemplate\":\"https:\\\/\\\/cvinoticias.com\\\/v3\\\/?s={search_term_string}\"},\"query-input\":{\"@type\":\"PropertyValueSpecification\",\"valueRequired\":true,\"valueName\":\"search_term_string\"}}],\"inLanguage\":\"es\"},{\"@type\":\"Organization\",\"@id\":\"https:\\\/\\\/cvinoticias.com\\\/v3\\\/#organization\",\"name\":\"CVI NOTICIAS\",\"url\":\"https:\\\/\\\/cvinoticias.com\\\/v3\\\/\",\"logo\":{\"@type\":\"ImageObject\",\"inLanguage\":\"es\",\"@id\":\"https:\\\/\\\/cvinoticias.com\\\/v3\\\/#\\\/schema\\\/logo\\\/image\\\/\",\"url\":\"https:\\\/\\\/cvinoticias.com\\\/wp-content\\\/uploads\\\/2023\\\/04\\\/cropped-cropped-cropped-cropped-cropped-3-1.png\",\"contentUrl\":\"https:\\\/\\\/cvinoticias.com\\\/wp-content\\\/uploads\\\/2023\\\/04\\\/cropped-cropped-cropped-cropped-cropped-3-1.png\",\"width\":95,\"height\":122,\"caption\":\"CVI NOTICIAS\"},\"image\":{\"@id\":\"https:\\\/\\\/cvinoticias.com\\\/v3\\\/#\\\/schema\\\/logo\\\/image\\\/\"},\"sameAs\":[\"https:\\\/\\\/www.facebook.com\\\/cvinoticias\",\"https:\\\/\\\/www.instagram.com\\\/cvinoticias\\\/\",\"https:\\\/\\\/www.youtube.com\\\/@CVINOTICIAS\"]},{\"@type\":\"Person\",\"@id\":\"https:\\\/\\\/cvinoticias.com\\\/v3\\\/#\\\/schema\\\/person\\\/2db77e3c6bc03c538495d7b2b8be9b66\",\"name\":\"f1000024\",\"image\":{\"@type\":\"ImageObject\",\"inLanguage\":\"es\",\"@id\":\"https:\\\/\\\/secure.gravatar.com\\\/avatar\\\/d4fe7459cfc51ff5129ce1a732bbef5928568b8092d412ef95611616376bbeed?s=96&d=mm&r=g\",\"url\":\"https:\\\/\\\/secure.gravatar.com\\\/avatar\\\/d4fe7459cfc51ff5129ce1a732bbef5928568b8092d412ef95611616376bbeed?s=96&d=mm&r=g\",\"contentUrl\":\"https:\\\/\\\/secure.gravatar.com\\\/avatar\\\/d4fe7459cfc51ff5129ce1a732bbef5928568b8092d412ef95611616376bbeed?s=96&d=mm&r=g\",\"caption\":\"f1000024\"},\"url\":\"https:\\\/\\\/cvinoticias.com\\\/v3\\\/author\\\/f1000024\\\/\"}]}<\/script>\n<!-- \/ Yoast SEO plugin. -->","yoast_head_json":{"title":"Por el D\u00eda de la Mujer, en Misiones habr\u00e1 asueto para las empleadas p\u00fablicas | CVI NOTICIAS","robots":{"index":"index","follow":"follow","max-snippet":"max-snippet:-1","max-image-preview":"max-image-preview:large","max-video-preview":"max-video-preview:-1"},"canonical":"https:\/\/cvinoticias.com\/v3\/por-el-dia-de-la-mujer-en-misiones-habra-asueto-para-las-empleadas-publicas\/","og_locale":"es_ES","og_type":"article","og_title":"Por el D\u00eda de la Mujer, en Misiones habr\u00e1 asueto para las empleadas p\u00fablicas | CVI NOTICIAS","og_description":"Mediante el decreto 180, el Gobernador de Misiones, Oscar Herrera Ahuad, declar\u00f3 para este martes 8 de marzo, asueto administrativo.\u00a0 El Gobernador de Misiones, Oscar Herrera Ahuad, declar\u00f3 para este martes 8 de marzo, asueto administrativo para las mujeres que se desempe\u00f1an en la administraci\u00f3n p\u00fablica de la provincia, al conmemorarse el d\u00eda Internacional de [&hellip;]","og_url":"https:\/\/cvinoticias.com\/v3\/por-el-dia-de-la-mujer-en-misiones-habra-asueto-para-las-empleadas-publicas\/","og_site_name":"CVI NOTICIAS","article_publisher":"https:\/\/www.facebook.com\/cvinoticias","article_published_time":"2022-03-07T22:31:34+00:00","og_image":[{"width":1024,"height":768,"url":"https:\/\/cvinoticias.com\/wp-content\/uploads\/2022\/03\/P9280192-1024x768-1.jpg","type":"image\/jpeg"}],"author":"f1000024","twitter_card":"summary_large_image","twitter_misc":{"Escrito por":"f1000024","Tiempo de lectura":"1 minuto"},"schema":{"@context":"https:\/\/schema.org","@graph":[{"@type":"Article","@id":"https:\/\/cvinoticias.com\/v3\/por-el-dia-de-la-mujer-en-misiones-habra-asueto-para-las-empleadas-publicas\/#article","isPartOf":{"@id":"https:\/\/cvinoticias.com\/v3\/por-el-dia-de-la-mujer-en-misiones-habra-asueto-para-las-empleadas-publicas\/"},"author":{"name":"f1000024","@id":"https:\/\/cvinoticias.com\/v3\/#\/schema\/person\/2db77e3c6bc03c538495d7b2b8be9b66"},"headline":"Por el D\u00eda de la Mujer, en Misiones habr\u00e1 asueto para las empleadas p\u00fablicas","datePublished":"2022-03-07T22:31:34+00:00","mainEntityOfPage":{"@id":"https:\/\/cvinoticias.com\/v3\/por-el-dia-de-la-mujer-en-misiones-habra-asueto-para-las-empleadas-publicas\/"},"wordCount":186,"commentCount":0,"publisher":{"@id":"https:\/\/cvinoticias.com\/v3\/#organization"},"image":{"@id":"https:\/\/cvinoticias.com\/v3\/por-el-dia-de-la-mujer-en-misiones-habra-asueto-para-las-empleadas-publicas\/#primaryimage"},"thumbnailUrl":"https:\/\/cvinoticias.com\/wp-content\/uploads\/2022\/03\/P9280192-1024x768-1.jpg","articleSection":["Informaci\u00f3n General"],"inLanguage":"es","potentialAction":[{"@type":"CommentAction","name":"Comment","target":["https:\/\/cvinoticias.com\/v3\/por-el-dia-de-la-mujer-en-misiones-habra-asueto-para-las-empleadas-publicas\/#respond"]}]},{"@type":"WebPage","@id":"https:\/\/cvinoticias.com\/v3\/por-el-dia-de-la-mujer-en-misiones-habra-asueto-para-las-empleadas-publicas\/","url":"https:\/\/cvinoticias.com\/v3\/por-el-dia-de-la-mujer-en-misiones-habra-asueto-para-las-empleadas-publicas\/","name":"Por el D\u00eda de la Mujer, en Misiones habr\u00e1 asueto para las empleadas p\u00fablicas | CVI NOTICIAS","isPartOf":{"@id":"https:\/\/cvinoticias.com\/v3\/#website"},"primaryImageOfPage":{"@id":"https:\/\/cvinoticias.com\/v3\/por-el-dia-de-la-mujer-en-misiones-habra-asueto-para-las-empleadas-publicas\/#primaryimage"},"image":{"@id":"https:\/\/cvinoticias.com\/v3\/por-el-dia-de-la-mujer-en-misiones-habra-asueto-para-las-empleadas-publicas\/#primaryimage"},"thumbnailUrl":"https:\/\/cvinoticias.com\/wp-content\/uploads\/2022\/03\/P9280192-1024x768-1.jpg","datePublished":"2022-03-07T22:31:34+00:00","breadcrumb":{"@id":"https:\/\/cvinoticias.com\/v3\/por-el-dia-de-la-mujer-en-misiones-habra-asueto-para-las-empleadas-publicas\/#breadcrumb"},"inLanguage":"es","potentialAction":[{"@type":"ReadAction","target":["https:\/\/cvinoticias.com\/v3\/por-el-dia-de-la-mujer-en-misiones-habra-asueto-para-las-empleadas-publicas\/"]}]},{"@type":"ImageObject","inLanguage":"es","@id":"https:\/\/cvinoticias.com\/v3\/por-el-dia-de-la-mujer-en-misiones-habra-asueto-para-las-empleadas-publicas\/#primaryimage","url":"https:\/\/cvinoticias.com\/wp-content\/uploads\/2022\/03\/P9280192-1024x768-1.jpg","contentUrl":"https:\/\/cvinoticias.com\/wp-content\/uploads\/2022\/03\/P9280192-1024x768-1.jpg","width":1024,"height":768,"caption":"OLYMPUS DIGITAL CAMERA"},{"@type":"BreadcrumbList","@id":"https:\/\/cvinoticias.com\/v3\/por-el-dia-de-la-mujer-en-misiones-habra-asueto-para-las-empleadas-publicas\/#breadcrumb","itemListElement":[{"@type":"ListItem","position":1,"name":"Portada","item":"https:\/\/cvinoticias.com\/v3\/"},{"@type":"ListItem","position":2,"name":"Por el D\u00eda de la Mujer, en Misiones habr\u00e1 asueto para las empleadas p\u00fablicas"}]},{"@type":"WebSite","@id":"https:\/\/cvinoticias.com\/v3\/#website","url":"https:\/\/cvinoticias.com\/v3\/","name":"CVI NOTICIAS","description":"","publisher":{"@id":"https:\/\/cvinoticias.com\/v3\/#organization"},"alternateName":"CVI","potentialAction":[{"@type":"SearchAction","target":{"@type":"EntryPoint","urlTemplate":"https:\/\/cvinoticias.com\/v3\/?s={search_term_string}"},"query-input":{"@type":"PropertyValueSpecification","valueRequired":true,"valueName":"search_term_string"}}],"inLanguage":"es"},{"@type":"Organization","@id":"https:\/\/cvinoticias.com\/v3\/#organization","name":"CVI NOTICIAS","url":"https:\/\/cvinoticias.com\/v3\/","logo":{"@type":"ImageObject","inLanguage":"es","@id":"https:\/\/cvinoticias.com\/v3\/#\/schema\/logo\/image\/","url":"https:\/\/cvinoticias.com\/wp-content\/uploads\/2023\/04\/cropped-cropped-cropped-cropped-cropped-3-1.png","contentUrl":"https:\/\/cvinoticias.com\/wp-content\/uploads\/2023\/04\/cropped-cropped-cropped-cropped-cropped-3-1.png","width":95,"height":122,"caption":"CVI NOTICIAS"},"image":{"@id":"https:\/\/cvinoticias.com\/v3\/#\/schema\/logo\/image\/"},"sameAs":["https:\/\/www.facebook.com\/cvinoticias","https:\/\/www.instagram.com\/cvinoticias\/","https:\/\/www.youtube.com\/@CVINOTICIAS"]},{"@type":"Person","@id":"https:\/\/cvinoticias.com\/v3\/#\/schema\/person\/2db77e3c6bc03c538495d7b2b8be9b66","name":"f1000024","image":{"@type":"ImageObject","inLanguage":"es","@id":"https:\/\/secure.gravatar.com\/avatar\/d4fe7459cfc51ff5129ce1a732bbef5928568b8092d412ef95611616376bbeed?s=96&d=mm&r=g","url":"https:\/\/secure.gravatar.com\/avatar\/d4fe7459cfc51ff5129ce1a732bbef5928568b8092d412ef95611616376bbeed?s=96&d=mm&r=g","contentUrl":"https:\/\/secure.gravatar.com\/avatar\/d4fe7459cfc51ff5129ce1a732bbef5928568b8092d412ef95611616376bbeed?s=96&d=mm&r=g","caption":"f1000024"},"url":"https:\/\/cvinoticias.com\/v3\/author\/f1000024\/"}]}},"_links":{"self":[{"href":"https:\/\/cvinoticias.com\/v3\/wp-json\/wp\/v2\/posts\/13909","targetHints":{"allow":["GET"]}}],"collection":[{"href":"https:\/\/cvinoticias.com\/v3\/wp-json\/wp\/v2\/posts"}],"about":[{"href":"https:\/\/cvinoticias.com\/v3\/wp-json\/wp\/v2\/types\/post"}],"author":[{"embeddable":true,"href":"https:\/\/cvinoticias.com\/v3\/wp-json\/wp\/v2\/users\/2"}],"replies":[{"embeddable":true,"href":"https:\/\/cvinoticias.com\/v3\/wp-json\/wp\/v2\/comments?post=13909"}],"version-history":[{"count":1,"href":"https:\/\/cvinoticias.com\/v3\/wp-json\/wp\/v2\/posts\/13909\/revisions"}],"predecessor-version":[{"id":13911,"href":"https:\/\/cvinoticias.com\/v3\/wp-json\/wp\/v2\/posts\/13909\/revisions\/13911"}],"wp:featuredmedia":[{"embeddable":true,"href":"https:\/\/cvinoticias.com\/v3\/wp-json\/wp\/v2\/media\/13910"}],"wp:attachment":[{"href":"https:\/\/cvinoticias.com\/v3\/wp-json\/wp\/v2\/media?parent=13909"}],"wp:term":[{"taxonomy":"category","embeddable":true,"href":"https:\/\/cvinoticias.com\/v3\/wp-json\/wp\/v2\/categories?post=13909"},{"taxonomy":"post_tag","embeddable":true,"href":"https:\/\/cvinoticias.com\/v3\/wp-json\/wp\/v2\/tags?post=13909"}],"curies":[{"name":"wp","href":"https:\/\/api.w.org\/{rel}","templated":true}]}}