{"id":13754,"date":"2022-03-03T04:45:29","date_gmt":"2022-03-03T04:45:29","guid":{"rendered":"https:\/\/cvinoticias.com\/v3\/?p=13754"},"modified":"2022-03-03T04:45:29","modified_gmt":"2022-03-03T04:45:29","slug":"argentina-reitero-ante-la-onu-su-condena-a-la-invasion-de-rusia-a-ucrania","status":"publish","type":"post","link":"https:\/\/cvinoticias.com\/v3\/argentina-reitero-ante-la-onu-su-condena-a-la-invasion-de-rusia-a-ucrania\/","title":{"rendered":"Argentina reiter\u00f3 ante la ONU su condena a la invasi\u00f3n de Rusia a Ucrania"},"content":{"rendered":"\n<p><strong><em>La representante argentina Mar\u00eda del Carmen Squeff volvi\u00f3 a reclamar a la Federaci\u00f3n Rusa que \u00abcese inmediatamente\u00bb el uso ileg\u00edtimo de la fuerza y las operaciones militares en Ucrania.<\/em><\/strong><\/p>\n\n\n\n<p>La Representante Permanente de la Argentina ante la Organizaci\u00f3n de las Naciones Unidas (ONU), la embajadora Mar\u00eda del Carmen Squeff, reafirm\u00f3 la \u00abcondena\u00bb del pa\u00eds a \u00abla invasi\u00f3n a Ucrania\u00bb y volvi\u00f3 a reclamar a la Federaci\u00f3n Rusa que \u00abcese inmediatamente en el uso ileg\u00edtimo de la fuerza, as\u00ed como las operaciones militares en territorio\u00bb extranjero.<\/p>\n\n\n\n<p>As\u00ed lo expres\u00f3 al exponer en el und\u00e9cimo per\u00edodo extraordinario de sesiones de emergencia de la Asamblea General del organismo internacional, en la ciudad de Nueva York, donde tambi\u00e9n remarc\u00f3 la coincidencia en las instancias multilaterales sobre la necesidad de \u00abcooperar para desactivar ese conflicto\u00bb y promover \u00abel regreso a la mesa de negociaciones\u00bb.<\/p>\n\n\n\n<p>\u00abLa Rep\u00fablica Argentina condena la invasi\u00f3n a Ucrania y reitera a la Federaci\u00f3n Rusa que cese inmediatamente en el uso ileg\u00edtimo de la fuerza, as\u00ed como las operaciones militares en territorio ucraniano\u00bb, se\u00f1al\u00f3 el pasado martes Squeff en un discurso pronunciado en esta sesi\u00f3n de la ONU, seg\u00fan inform\u00f3 la Canciller\u00eda en un comunicado.<\/p>\n\n\n\n<p>En ese marco, la representante argentina afirm\u00f3: \u00abNos encontramos reunidos en la Asamblea para defender los principios fundamentales de las Naciones Unidas: la paz y la seguridad internacionales. La situaci\u00f3n de Ucrania no puede ser ajena a esa finalidad fundamental de esta organizaci\u00f3n. Hemos pedido a todas las partes involucradas en la situaci\u00f3n generada en Ucrania desescalar el conflicto\u00bb.<\/p>\n\n\n\n<p>\u00abEs por ello que coincidimos en hacer un llamado al secretario general y a todas las instancias multilaterales existentes, a cooperar para desactivar este conflicto y el regreso a la mesa de negociaciones de todas las partes involucradas para alcanzar una soluci\u00f3n a trav\u00e9s del di\u00e1logo pol\u00edtico, negociaciones directas y todos los medios pac\u00edficos que puedan servir para detener la violencia y ayudar a lograr una paz justa y duradera\u00bb, a\u00f1adi\u00f3.<\/p>\n\n\n\n<p>Por otra parte, Squeff destac\u00f3 el mensaje que el secretario general de la ONU, Ant\u00f3nio Guterres, formul\u00f3 d\u00edas atr\u00e1s, en el que se\u00f1al\u00f3 su preocupaci\u00f3n por la decisi\u00f3n del Gobierno ruso de poner en alerta a sus fuerzas nucleares en medio de la intervenci\u00f3n militar que lleva a cabo en Ucrania.<\/p>\n\n\n\n<p>\u00abHemos establecido principios claros con respecto a las armas de destrucci\u00f3n masivas, en particular el uso de las armas nucleares. Defendemos el uso pac\u00edfico de la energ\u00eda nuclear y la no proliferaci\u00f3n, debemos avanzar hacia la destrucci\u00f3n total de un armamento que amenaza con la destrucci\u00f3n del planeta. Hemos insistido en que en momentos como este es imprescindible repetir la importancia de defender la Carta de las Naciones Unidas y el respeto por la preeminencia del derecho en las relaciones internacionales\u00bb, afirm\u00f3.<\/p>\n\n\n\n<p>Del mismo modo, Squeff se\u00f1al\u00f3 que \u00abninguna adquisici\u00f3n territorial puede ser reconocida como legal a partir del uso o la amenaza del uso de la fuerza\u00bb.<\/p>\n\n\n\n<p>La diplom\u00e1tica asegur\u00f3 que la ONU debe encarar \u00absin dilaciones las consecuencias del grave deterioro de la situaci\u00f3n humanitaria generada en Ucrania, con cientos de miles de desplazados y refugiados\u00bb.<\/p>\n\n\n\n<p>\u00abEs imprescindible que ellos puedan acceder de inmediato a una ayuda humanitaria efectiva y real, por lo que se deber\u00e1 sin demora permitir el libre acceso a la misma. Ello sin mencionar que, como siempre, el conflicto armado en una regi\u00f3n, tarde o temprano habr\u00e1 de alcanzar otras en impacto producido por migraciones forzadas, crisis humanitarias, hambrunas y enfermedades que habr\u00e1n de asolar a poblaciones directa o indirectamente ligadas al conflicto\u00bb, remarc\u00f3 en el discurso que pronunci\u00f3 ayer.<\/p>\n\n\n\n<p>Por eso, la representante argentina pidi\u00f3 escuchar \u00ablas palabras de Su Santidad, el Papa Francisco cuando rog\u00f3 a todas las partes implicadas que se abstengan de llevar a cabo cualquier acci\u00f3n que pueda causar a\u00fan m\u00e1s sufrimiento a las poblaciones, desestabilizando la convivencia entre las naciones y desprestigiando el derecho internacional\u00bb.<\/p>\n","protected":false},"excerpt":{"rendered":"<p>La representante argentina Mar\u00eda del Carmen Squeff volvi\u00f3 a reclamar a la Federaci\u00f3n Rusa que \u00abcese inmediatamente\u00bb el uso ileg\u00edtimo de la fuerza y las operaciones militares en Ucrania. La Representante Permanente de la Argentina ante la Organizaci\u00f3n de las Naciones Unidas (ONU), la embajadora Mar\u00eda del Carmen Squeff, reafirm\u00f3 la \u00abcondena\u00bb del pa\u00eds a [&hellip;]<\/p>\n","protected":false},"author":2,"featured_media":13755,"comment_status":"open","ping_status":"open","sticky":false,"template":"","format":"standard","meta":{"footnotes":""},"categories":[36],"tags":[],"class_list":["post-13754","post","type-post","status-publish","format-standard","has-post-thumbnail","hentry","category-internacionales"],"yoast_head":"<!-- This site is optimized with the Yoast SEO plugin v27.4 - https:\/\/yoast.com\/product\/yoast-seo-wordpress\/ -->\n<title>Argentina reiter\u00f3 ante la ONU su condena a la invasi\u00f3n de Rusia a Ucrania | CVI NOTICIAS<\/title>\n<meta name=\"robots\" content=\"index, follow, max-snippet:-1, max-image-preview:large, max-video-preview:-1\" \/>\n<link rel=\"canonical\" href=\"https:\/\/cvinoticias.com\/v3\/argentina-reitero-ante-la-onu-su-condena-a-la-invasion-de-rusia-a-ucrania\/\" \/>\n<meta property=\"og:locale\" content=\"es_ES\" \/>\n<meta property=\"og:type\" content=\"article\" \/>\n<meta property=\"og:title\" content=\"Argentina reiter\u00f3 ante la ONU su condena a la invasi\u00f3n de Rusia a Ucrania | CVI NOTICIAS\" \/>\n<meta property=\"og:description\" content=\"La representante argentina Mar\u00eda del Carmen Squeff volvi\u00f3 a reclamar a la Federaci\u00f3n Rusa que \u00abcese inmediatamente\u00bb el uso ileg\u00edtimo de la fuerza y las operaciones militares en Ucrania. La Representante Permanente de la Argentina ante la Organizaci\u00f3n de las Naciones Unidas (ONU), la embajadora Mar\u00eda del Carmen Squeff, reafirm\u00f3 la \u00abcondena\u00bb del pa\u00eds a [&hellip;]\" \/>\n<meta property=\"og:url\" content=\"https:\/\/cvinoticias.com\/v3\/argentina-reitero-ante-la-onu-su-condena-a-la-invasion-de-rusia-a-ucrania\/\" \/>\n<meta property=\"og:site_name\" content=\"CVI NOTICIAS\" \/>\n<meta property=\"article:publisher\" content=\"https:\/\/www.facebook.com\/cvinoticias\" \/>\n<meta property=\"article:published_time\" content=\"2022-03-03T04:45:29+00:00\" \/>\n<meta property=\"og:image\" content=\"https:\/\/cvinoticias.com\/wp-content\/uploads\/2022\/03\/1646262464257.jpg\" \/>\n\t<meta property=\"og:image:width\" content=\"1200\" \/>\n\t<meta property=\"og:image:height\" content=\"675\" \/>\n\t<meta property=\"og:image:type\" content=\"image\/jpeg\" \/>\n<meta name=\"author\" content=\"f1000024\" \/>\n<meta name=\"twitter:card\" content=\"summary_large_image\" \/>\n<meta name=\"twitter:label1\" content=\"Escrito por\" \/>\n\t<meta name=\"twitter:data1\" content=\"f1000024\" \/>\n\t<meta name=\"twitter:label2\" content=\"Tiempo de lectura\" \/>\n\t<meta name=\"twitter:data2\" content=\"3 minutos\" \/>\n<script type=\"application\/ld+json\" class=\"yoast-schema-graph\">{\"@context\":\"https:\\\/\\\/schema.org\",\"@graph\":[{\"@type\":\"Article\",\"@id\":\"https:\\\/\\\/cvinoticias.com\\\/v3\\\/argentina-reitero-ante-la-onu-su-condena-a-la-invasion-de-rusia-a-ucrania\\\/#article\",\"isPartOf\":{\"@id\":\"https:\\\/\\\/cvinoticias.com\\\/v3\\\/argentina-reitero-ante-la-onu-su-condena-a-la-invasion-de-rusia-a-ucrania\\\/\"},\"author\":{\"name\":\"f1000024\",\"@id\":\"https:\\\/\\\/cvinoticias.com\\\/v3\\\/#\\\/schema\\\/person\\\/2db77e3c6bc03c538495d7b2b8be9b66\"},\"headline\":\"Argentina reiter\u00f3 ante la ONU su condena a la invasi\u00f3n de Rusia a Ucrania\",\"datePublished\":\"2022-03-03T04:45:29+00:00\",\"mainEntityOfPage\":{\"@id\":\"https:\\\/\\\/cvinoticias.com\\\/v3\\\/argentina-reitero-ante-la-onu-su-condena-a-la-invasion-de-rusia-a-ucrania\\\/\"},\"wordCount\":707,\"commentCount\":0,\"publisher\":{\"@id\":\"https:\\\/\\\/cvinoticias.com\\\/v3\\\/#organization\"},\"image\":{\"@id\":\"https:\\\/\\\/cvinoticias.com\\\/v3\\\/argentina-reitero-ante-la-onu-su-condena-a-la-invasion-de-rusia-a-ucrania\\\/#primaryimage\"},\"thumbnailUrl\":\"https:\\\/\\\/cvinoticias.com\\\/wp-content\\\/uploads\\\/2022\\\/03\\\/1646262464257.jpg\",\"articleSection\":[\"Internacionales\"],\"inLanguage\":\"es\",\"potentialAction\":[{\"@type\":\"CommentAction\",\"name\":\"Comment\",\"target\":[\"https:\\\/\\\/cvinoticias.com\\\/v3\\\/argentina-reitero-ante-la-onu-su-condena-a-la-invasion-de-rusia-a-ucrania\\\/#respond\"]}]},{\"@type\":\"WebPage\",\"@id\":\"https:\\\/\\\/cvinoticias.com\\\/v3\\\/argentina-reitero-ante-la-onu-su-condena-a-la-invasion-de-rusia-a-ucrania\\\/\",\"url\":\"https:\\\/\\\/cvinoticias.com\\\/v3\\\/argentina-reitero-ante-la-onu-su-condena-a-la-invasion-de-rusia-a-ucrania\\\/\",\"name\":\"Argentina reiter\u00f3 ante la ONU su condena a la invasi\u00f3n de Rusia a Ucrania | CVI NOTICIAS\",\"isPartOf\":{\"@id\":\"https:\\\/\\\/cvinoticias.com\\\/v3\\\/#website\"},\"primaryImageOfPage\":{\"@id\":\"https:\\\/\\\/cvinoticias.com\\\/v3\\\/argentina-reitero-ante-la-onu-su-condena-a-la-invasion-de-rusia-a-ucrania\\\/#primaryimage\"},\"image\":{\"@id\":\"https:\\\/\\\/cvinoticias.com\\\/v3\\\/argentina-reitero-ante-la-onu-su-condena-a-la-invasion-de-rusia-a-ucrania\\\/#primaryimage\"},\"thumbnailUrl\":\"https:\\\/\\\/cvinoticias.com\\\/wp-content\\\/uploads\\\/2022\\\/03\\\/1646262464257.jpg\",\"datePublished\":\"2022-03-03T04:45:29+00:00\",\"breadcrumb\":{\"@id\":\"https:\\\/\\\/cvinoticias.com\\\/v3\\\/argentina-reitero-ante-la-onu-su-condena-a-la-invasion-de-rusia-a-ucrania\\\/#breadcrumb\"},\"inLanguage\":\"es\",\"potentialAction\":[{\"@type\":\"ReadAction\",\"target\":[\"https:\\\/\\\/cvinoticias.com\\\/v3\\\/argentina-reitero-ante-la-onu-su-condena-a-la-invasion-de-rusia-a-ucrania\\\/\"]}]},{\"@type\":\"ImageObject\",\"inLanguage\":\"es\",\"@id\":\"https:\\\/\\\/cvinoticias.com\\\/v3\\\/argentina-reitero-ante-la-onu-su-condena-a-la-invasion-de-rusia-a-ucrania\\\/#primaryimage\",\"url\":\"https:\\\/\\\/cvinoticias.com\\\/wp-content\\\/uploads\\\/2022\\\/03\\\/1646262464257.jpg\",\"contentUrl\":\"https:\\\/\\\/cvinoticias.com\\\/wp-content\\\/uploads\\\/2022\\\/03\\\/1646262464257.jpg\",\"width\":1200,\"height\":675},{\"@type\":\"BreadcrumbList\",\"@id\":\"https:\\\/\\\/cvinoticias.com\\\/v3\\\/argentina-reitero-ante-la-onu-su-condena-a-la-invasion-de-rusia-a-ucrania\\\/#breadcrumb\",\"itemListElement\":[{\"@type\":\"ListItem\",\"position\":1,\"name\":\"Portada\",\"item\":\"https:\\\/\\\/cvinoticias.com\\\/v3\\\/\"},{\"@type\":\"ListItem\",\"position\":2,\"name\":\"Argentina reiter\u00f3 ante la ONU su condena a la invasi\u00f3n de Rusia a Ucrania\"}]},{\"@type\":\"WebSite\",\"@id\":\"https:\\\/\\\/cvinoticias.com\\\/v3\\\/#website\",\"url\":\"https:\\\/\\\/cvinoticias.com\\\/v3\\\/\",\"name\":\"CVI NOTICIAS\",\"description\":\"\",\"publisher\":{\"@id\":\"https:\\\/\\\/cvinoticias.com\\\/v3\\\/#organization\"},\"alternateName\":\"CVI\",\"potentialAction\":[{\"@type\":\"SearchAction\",\"target\":{\"@type\":\"EntryPoint\",\"urlTemplate\":\"https:\\\/\\\/cvinoticias.com\\\/v3\\\/?s={search_term_string}\"},\"query-input\":{\"@type\":\"PropertyValueSpecification\",\"valueRequired\":true,\"valueName\":\"search_term_string\"}}],\"inLanguage\":\"es\"},{\"@type\":\"Organization\",\"@id\":\"https:\\\/\\\/cvinoticias.com\\\/v3\\\/#organization\",\"name\":\"CVI NOTICIAS\",\"url\":\"https:\\\/\\\/cvinoticias.com\\\/v3\\\/\",\"logo\":{\"@type\":\"ImageObject\",\"inLanguage\":\"es\",\"@id\":\"https:\\\/\\\/cvinoticias.com\\\/v3\\\/#\\\/schema\\\/logo\\\/image\\\/\",\"url\":\"https:\\\/\\\/cvinoticias.com\\\/wp-content\\\/uploads\\\/2023\\\/04\\\/cropped-cropped-cropped-cropped-cropped-3-1.png\",\"contentUrl\":\"https:\\\/\\\/cvinoticias.com\\\/wp-content\\\/uploads\\\/2023\\\/04\\\/cropped-cropped-cropped-cropped-cropped-3-1.png\",\"width\":95,\"height\":122,\"caption\":\"CVI NOTICIAS\"},\"image\":{\"@id\":\"https:\\\/\\\/cvinoticias.com\\\/v3\\\/#\\\/schema\\\/logo\\\/image\\\/\"},\"sameAs\":[\"https:\\\/\\\/www.facebook.com\\\/cvinoticias\",\"https:\\\/\\\/www.instagram.com\\\/cvinoticias\\\/\",\"https:\\\/\\\/www.youtube.com\\\/@CVINOTICIAS\"]},{\"@type\":\"Person\",\"@id\":\"https:\\\/\\\/cvinoticias.com\\\/v3\\\/#\\\/schema\\\/person\\\/2db77e3c6bc03c538495d7b2b8be9b66\",\"name\":\"f1000024\",\"image\":{\"@type\":\"ImageObject\",\"inLanguage\":\"es\",\"@id\":\"https:\\\/\\\/secure.gravatar.com\\\/avatar\\\/d4fe7459cfc51ff5129ce1a732bbef5928568b8092d412ef95611616376bbeed?s=96&d=mm&r=g\",\"url\":\"https:\\\/\\\/secure.gravatar.com\\\/avatar\\\/d4fe7459cfc51ff5129ce1a732bbef5928568b8092d412ef95611616376bbeed?s=96&d=mm&r=g\",\"contentUrl\":\"https:\\\/\\\/secure.gravatar.com\\\/avatar\\\/d4fe7459cfc51ff5129ce1a732bbef5928568b8092d412ef95611616376bbeed?s=96&d=mm&r=g\",\"caption\":\"f1000024\"},\"url\":\"https:\\\/\\\/cvinoticias.com\\\/v3\\\/author\\\/f1000024\\\/\"}]}<\/script>\n<!-- \/ Yoast SEO plugin. -->","yoast_head_json":{"title":"Argentina reiter\u00f3 ante la ONU su condena a la invasi\u00f3n de Rusia a Ucrania | CVI NOTICIAS","robots":{"index":"index","follow":"follow","max-snippet":"max-snippet:-1","max-image-preview":"max-image-preview:large","max-video-preview":"max-video-preview:-1"},"canonical":"https:\/\/cvinoticias.com\/v3\/argentina-reitero-ante-la-onu-su-condena-a-la-invasion-de-rusia-a-ucrania\/","og_locale":"es_ES","og_type":"article","og_title":"Argentina reiter\u00f3 ante la ONU su condena a la invasi\u00f3n de Rusia a Ucrania | CVI NOTICIAS","og_description":"La representante argentina Mar\u00eda del Carmen Squeff volvi\u00f3 a reclamar a la Federaci\u00f3n Rusa que \u00abcese inmediatamente\u00bb el uso ileg\u00edtimo de la fuerza y las operaciones militares en Ucrania. La Representante Permanente de la Argentina ante la Organizaci\u00f3n de las Naciones Unidas (ONU), la embajadora Mar\u00eda del Carmen Squeff, reafirm\u00f3 la \u00abcondena\u00bb del pa\u00eds a [&hellip;]","og_url":"https:\/\/cvinoticias.com\/v3\/argentina-reitero-ante-la-onu-su-condena-a-la-invasion-de-rusia-a-ucrania\/","og_site_name":"CVI NOTICIAS","article_publisher":"https:\/\/www.facebook.com\/cvinoticias","article_published_time":"2022-03-03T04:45:29+00:00","og_image":[{"width":1200,"height":675,"url":"https:\/\/cvinoticias.com\/wp-content\/uploads\/2022\/03\/1646262464257.jpg","type":"image\/jpeg"}],"author":"f1000024","twitter_card":"summary_large_image","twitter_misc":{"Escrito por":"f1000024","Tiempo de lectura":"3 minutos"},"schema":{"@context":"https:\/\/schema.org","@graph":[{"@type":"Article","@id":"https:\/\/cvinoticias.com\/v3\/argentina-reitero-ante-la-onu-su-condena-a-la-invasion-de-rusia-a-ucrania\/#article","isPartOf":{"@id":"https:\/\/cvinoticias.com\/v3\/argentina-reitero-ante-la-onu-su-condena-a-la-invasion-de-rusia-a-ucrania\/"},"author":{"name":"f1000024","@id":"https:\/\/cvinoticias.com\/v3\/#\/schema\/person\/2db77e3c6bc03c538495d7b2b8be9b66"},"headline":"Argentina reiter\u00f3 ante la ONU su condena a la invasi\u00f3n de Rusia a Ucrania","datePublished":"2022-03-03T04:45:29+00:00","mainEntityOfPage":{"@id":"https:\/\/cvinoticias.com\/v3\/argentina-reitero-ante-la-onu-su-condena-a-la-invasion-de-rusia-a-ucrania\/"},"wordCount":707,"commentCount":0,"publisher":{"@id":"https:\/\/cvinoticias.com\/v3\/#organization"},"image":{"@id":"https:\/\/cvinoticias.com\/v3\/argentina-reitero-ante-la-onu-su-condena-a-la-invasion-de-rusia-a-ucrania\/#primaryimage"},"thumbnailUrl":"https:\/\/cvinoticias.com\/wp-content\/uploads\/2022\/03\/1646262464257.jpg","articleSection":["Internacionales"],"inLanguage":"es","potentialAction":[{"@type":"CommentAction","name":"Comment","target":["https:\/\/cvinoticias.com\/v3\/argentina-reitero-ante-la-onu-su-condena-a-la-invasion-de-rusia-a-ucrania\/#respond"]}]},{"@type":"WebPage","@id":"https:\/\/cvinoticias.com\/v3\/argentina-reitero-ante-la-onu-su-condena-a-la-invasion-de-rusia-a-ucrania\/","url":"https:\/\/cvinoticias.com\/v3\/argentina-reitero-ante-la-onu-su-condena-a-la-invasion-de-rusia-a-ucrania\/","name":"Argentina reiter\u00f3 ante la ONU su condena a la invasi\u00f3n de Rusia a Ucrania | CVI NOTICIAS","isPartOf":{"@id":"https:\/\/cvinoticias.com\/v3\/#website"},"primaryImageOfPage":{"@id":"https:\/\/cvinoticias.com\/v3\/argentina-reitero-ante-la-onu-su-condena-a-la-invasion-de-rusia-a-ucrania\/#primaryimage"},"image":{"@id":"https:\/\/cvinoticias.com\/v3\/argentina-reitero-ante-la-onu-su-condena-a-la-invasion-de-rusia-a-ucrania\/#primaryimage"},"thumbnailUrl":"https:\/\/cvinoticias.com\/wp-content\/uploads\/2022\/03\/1646262464257.jpg","datePublished":"2022-03-03T04:45:29+00:00","breadcrumb":{"@id":"https:\/\/cvinoticias.com\/v3\/argentina-reitero-ante-la-onu-su-condena-a-la-invasion-de-rusia-a-ucrania\/#breadcrumb"},"inLanguage":"es","potentialAction":[{"@type":"ReadAction","target":["https:\/\/cvinoticias.com\/v3\/argentina-reitero-ante-la-onu-su-condena-a-la-invasion-de-rusia-a-ucrania\/"]}]},{"@type":"ImageObject","inLanguage":"es","@id":"https:\/\/cvinoticias.com\/v3\/argentina-reitero-ante-la-onu-su-condena-a-la-invasion-de-rusia-a-ucrania\/#primaryimage","url":"https:\/\/cvinoticias.com\/wp-content\/uploads\/2022\/03\/1646262464257.jpg","contentUrl":"https:\/\/cvinoticias.com\/wp-content\/uploads\/2022\/03\/1646262464257.jpg","width":1200,"height":675},{"@type":"BreadcrumbList","@id":"https:\/\/cvinoticias.com\/v3\/argentina-reitero-ante-la-onu-su-condena-a-la-invasion-de-rusia-a-ucrania\/#breadcrumb","itemListElement":[{"@type":"ListItem","position":1,"name":"Portada","item":"https:\/\/cvinoticias.com\/v3\/"},{"@type":"ListItem","position":2,"name":"Argentina reiter\u00f3 ante la ONU su condena a la invasi\u00f3n de Rusia a Ucrania"}]},{"@type":"WebSite","@id":"https:\/\/cvinoticias.com\/v3\/#website","url":"https:\/\/cvinoticias.com\/v3\/","name":"CVI NOTICIAS","description":"","publisher":{"@id":"https:\/\/cvinoticias.com\/v3\/#organization"},"alternateName":"CVI","potentialAction":[{"@type":"SearchAction","target":{"@type":"EntryPoint","urlTemplate":"https:\/\/cvinoticias.com\/v3\/?s={search_term_string}"},"query-input":{"@type":"PropertyValueSpecification","valueRequired":true,"valueName":"search_term_string"}}],"inLanguage":"es"},{"@type":"Organization","@id":"https:\/\/cvinoticias.com\/v3\/#organization","name":"CVI NOTICIAS","url":"https:\/\/cvinoticias.com\/v3\/","logo":{"@type":"ImageObject","inLanguage":"es","@id":"https:\/\/cvinoticias.com\/v3\/#\/schema\/logo\/image\/","url":"https:\/\/cvinoticias.com\/wp-content\/uploads\/2023\/04\/cropped-cropped-cropped-cropped-cropped-3-1.png","contentUrl":"https:\/\/cvinoticias.com\/wp-content\/uploads\/2023\/04\/cropped-cropped-cropped-cropped-cropped-3-1.png","width":95,"height":122,"caption":"CVI NOTICIAS"},"image":{"@id":"https:\/\/cvinoticias.com\/v3\/#\/schema\/logo\/image\/"},"sameAs":["https:\/\/www.facebook.com\/cvinoticias","https:\/\/www.instagram.com\/cvinoticias\/","https:\/\/www.youtube.com\/@CVINOTICIAS"]},{"@type":"Person","@id":"https:\/\/cvinoticias.com\/v3\/#\/schema\/person\/2db77e3c6bc03c538495d7b2b8be9b66","name":"f1000024","image":{"@type":"ImageObject","inLanguage":"es","@id":"https:\/\/secure.gravatar.com\/avatar\/d4fe7459cfc51ff5129ce1a732bbef5928568b8092d412ef95611616376bbeed?s=96&d=mm&r=g","url":"https:\/\/secure.gravatar.com\/avatar\/d4fe7459cfc51ff5129ce1a732bbef5928568b8092d412ef95611616376bbeed?s=96&d=mm&r=g","contentUrl":"https:\/\/secure.gravatar.com\/avatar\/d4fe7459cfc51ff5129ce1a732bbef5928568b8092d412ef95611616376bbeed?s=96&d=mm&r=g","caption":"f1000024"},"url":"https:\/\/cvinoticias.com\/v3\/author\/f1000024\/"}]}},"_links":{"self":[{"href":"https:\/\/cvinoticias.com\/v3\/wp-json\/wp\/v2\/posts\/13754","targetHints":{"allow":["GET"]}}],"collection":[{"href":"https:\/\/cvinoticias.com\/v3\/wp-json\/wp\/v2\/posts"}],"about":[{"href":"https:\/\/cvinoticias.com\/v3\/wp-json\/wp\/v2\/types\/post"}],"author":[{"embeddable":true,"href":"https:\/\/cvinoticias.com\/v3\/wp-json\/wp\/v2\/users\/2"}],"replies":[{"embeddable":true,"href":"https:\/\/cvinoticias.com\/v3\/wp-json\/wp\/v2\/comments?post=13754"}],"version-history":[{"count":1,"href":"https:\/\/cvinoticias.com\/v3\/wp-json\/wp\/v2\/posts\/13754\/revisions"}],"predecessor-version":[{"id":13756,"href":"https:\/\/cvinoticias.com\/v3\/wp-json\/wp\/v2\/posts\/13754\/revisions\/13756"}],"wp:featuredmedia":[{"embeddable":true,"href":"https:\/\/cvinoticias.com\/v3\/wp-json\/wp\/v2\/media\/13755"}],"wp:attachment":[{"href":"https:\/\/cvinoticias.com\/v3\/wp-json\/wp\/v2\/media?parent=13754"}],"wp:term":[{"taxonomy":"category","embeddable":true,"href":"https:\/\/cvinoticias.com\/v3\/wp-json\/wp\/v2\/categories?post=13754"},{"taxonomy":"post_tag","embeddable":true,"href":"https:\/\/cvinoticias.com\/v3\/wp-json\/wp\/v2\/tags?post=13754"}],"curies":[{"name":"wp","href":"https:\/\/api.w.org\/{rel}","templated":true}]}}