{"id":13751,"date":"2022-03-03T04:38:21","date_gmt":"2022-03-03T04:38:21","guid":{"rendered":"https:\/\/cvinoticias.com\/v3\/?p=13751"},"modified":"2022-03-03T04:38:21","modified_gmt":"2022-03-03T04:38:21","slug":"el-gobierno-relanzara-el-previaje-tras-un-balance-positivo","status":"publish","type":"post","link":"https:\/\/cvinoticias.com\/v3\/el-gobierno-relanzara-el-previaje-tras-un-balance-positivo\/","title":{"rendered":"El Gobierno relanzar\u00e1 el PreViaje, tras un balance positivo"},"content":{"rendered":"\n<p><strong><em>Lo confirm\u00f3 el ministro Mat\u00edas Lammens, quien destac\u00f3 las cifras r\u00e9cord registradas en la temporada de verano.<\/em><\/strong><\/p>\n\n\n\n<p>El ministro de Turismo y Deportes, Mat\u00edas Lammens, destac\u00f3 hoy el \u00abr\u00e9cord\u00bb de la temporada de verano, con gran protagonismo del turismo receptivo, y adelant\u00f3 que presentar\u00e1n una nueva edici\u00f3n del programa Previaje \u00abpor sus logros satisfactorios\u00bb, con especificaciones distintas a los dos primeros.<\/p>\n\n\n\n<p>En entrevistas concedidas desde la Casa Rosada, el funcionario resalt\u00f3 que \u00abel \u00faltimo fin de semana largo termin\u00f3 de consolidar una temporada que fue absolutamente un r\u00e9cord desde todo punto de vista\u00bb.<\/p>\n\n\n\n<p>\u00abEn C\u00f3rdoba se movilizaron casi cinco millones turistas que significaron 120 mil millones de pesos\u00bb, remarc\u00f3 Lammens.<\/p>\n\n\n\n<p>Asimismo, dijo que \u00abson muy buenas las expectativas\u00bb en todo el pa\u00eds hacia el futuro ya que \u00abse ha consolidado la recuperaci\u00f3n\u00bb de la actividad tur\u00edstica.<\/p>\n\n\n\n<p>Tambi\u00e9n consider\u00f3 que el plan Previaje ha sido una de las pol\u00edticas que ha tenido alto impacto en el movimiento tur\u00edstico, y que \u00abla idea es que contin\u00fae y se consolide como una pol\u00edtica de Estado que le cambie la vida a la gente\u00bb.<\/p>\n\n\n\n<p>\u00abVamos a lanzar una nueva temporada del PreViaje por sus logros satisfactorios en la econom\u00eda, en materia fiscal, estrategia tur\u00edstica y por los miles de argentinos y argentinas que pudieron viajar\u00bb, a\u00f1adi\u00f3 el ministro.<\/p>\n\n\n\n<p>Y, remarc\u00f3 que \u00abes un programa que logr\u00f3 un consenso maravilloso, que re\u00fane los halagos de referentes de la oposici\u00f3n tambi\u00e9n y que cada 10 pesos que pone el Estado, se recuperan 8 en impuestos\u00bb.<\/p>\n\n\n\n<p>Lammens dijo estar \u00abmuy contento con la temporada veraniega que a\u00fan no termina, con un movimiento econ\u00f3mico incre\u00edble de 500.000 millones de pesos y con los logros del programa PreViaje que logr\u00f3 reservas para marzo y abril\u00bb.<\/p>\n\n\n\n<p><strong>PreViaje 3<\/strong><\/p>\n\n\n\n<p>Respecto del PreViaje 3, anticip\u00f3 que tendr\u00e1 un formato distinto a los dos anteriores, como el de implementarlo para las \u00abcontratemporadas\u00bb, lugares no masivos y no muy conocidos para \u00abfortalecer otros destinos que tiene Argentina\u00bb.<\/p>\n\n\n\n<p>Lammens remarc\u00f3 que por ejemplo San Carlos de \u00abBariloche es por segundo a\u00f1o consecutivo la ciudad m\u00e1s elegida por el turista de todo el pa\u00eds\u00bb, dado que \u00abm\u00e1s de 700 mil personas eligieron este programa para recorrer destinos de la provincia, y el \u00e9xito de las visitas a Bariloche fue la mejor temporada de los \u00faltimos diez a\u00f1os\u00bb.<\/p>\n","protected":false},"excerpt":{"rendered":"<p>Lo confirm\u00f3 el ministro Mat\u00edas Lammens, quien destac\u00f3 las cifras r\u00e9cord registradas en la temporada de verano. El ministro de Turismo y Deportes, Mat\u00edas Lammens, destac\u00f3 hoy el \u00abr\u00e9cord\u00bb de la temporada de verano, con gran protagonismo del turismo receptivo, y adelant\u00f3 que presentar\u00e1n una nueva edici\u00f3n del programa Previaje \u00abpor sus logros satisfactorios\u00bb, con [&hellip;]<\/p>\n","protected":false},"author":2,"featured_media":13752,"comment_status":"open","ping_status":"open","sticky":false,"template":"","format":"standard","meta":{"footnotes":""},"categories":[50],"tags":[],"class_list":["post-13751","post","type-post","status-publish","format-standard","has-post-thumbnail","hentry","category-turismo"],"yoast_head":"<!-- This site is optimized with the Yoast SEO plugin v27.5 - https:\/\/yoast.com\/product\/yoast-seo-wordpress\/ -->\n<title>El Gobierno relanzar\u00e1 el PreViaje, tras un balance positivo | CVI NOTICIAS<\/title>\n<meta name=\"robots\" content=\"index, follow, max-snippet:-1, max-image-preview:large, max-video-preview:-1\" \/>\n<link rel=\"canonical\" href=\"https:\/\/cvinoticias.com\/v3\/el-gobierno-relanzara-el-previaje-tras-un-balance-positivo\/\" \/>\n<meta property=\"og:locale\" content=\"es_ES\" \/>\n<meta property=\"og:type\" content=\"article\" \/>\n<meta property=\"og:title\" content=\"El Gobierno relanzar\u00e1 el PreViaje, tras un balance positivo | CVI NOTICIAS\" \/>\n<meta property=\"og:description\" content=\"Lo confirm\u00f3 el ministro Mat\u00edas Lammens, quien destac\u00f3 las cifras r\u00e9cord registradas en la temporada de verano. El ministro de Turismo y Deportes, Mat\u00edas Lammens, destac\u00f3 hoy el \u00abr\u00e9cord\u00bb de la temporada de verano, con gran protagonismo del turismo receptivo, y adelant\u00f3 que presentar\u00e1n una nueva edici\u00f3n del programa Previaje \u00abpor sus logros satisfactorios\u00bb, con [&hellip;]\" \/>\n<meta property=\"og:url\" content=\"https:\/\/cvinoticias.com\/v3\/el-gobierno-relanzara-el-previaje-tras-un-balance-positivo\/\" \/>\n<meta property=\"og:site_name\" content=\"CVI NOTICIAS\" \/>\n<meta property=\"article:publisher\" content=\"https:\/\/www.facebook.com\/cvinoticias\" \/>\n<meta property=\"article:published_time\" content=\"2022-03-03T04:38:21+00:00\" \/>\n<meta property=\"og:image\" content=\"https:\/\/cvinoticias.com\/wp-content\/uploads\/2022\/03\/previaje1.jpg_1756841869.jpg\" \/>\n\t<meta property=\"og:image:width\" content=\"800\" \/>\n\t<meta property=\"og:image:height\" content=\"450\" \/>\n\t<meta property=\"og:image:type\" content=\"image\/jpeg\" \/>\n<meta name=\"author\" content=\"f1000024\" \/>\n<meta name=\"twitter:card\" content=\"summary_large_image\" \/>\n<meta name=\"twitter:label1\" content=\"Escrito por\" \/>\n\t<meta name=\"twitter:data1\" content=\"f1000024\" \/>\n\t<meta name=\"twitter:label2\" content=\"Tiempo de lectura\" \/>\n\t<meta name=\"twitter:data2\" content=\"2 minutos\" \/>\n<script type=\"application\/ld+json\" class=\"yoast-schema-graph\">{\"@context\":\"https:\\\/\\\/schema.org\",\"@graph\":[{\"@type\":\"Article\",\"@id\":\"https:\\\/\\\/cvinoticias.com\\\/v3\\\/el-gobierno-relanzara-el-previaje-tras-un-balance-positivo\\\/#article\",\"isPartOf\":{\"@id\":\"https:\\\/\\\/cvinoticias.com\\\/v3\\\/el-gobierno-relanzara-el-previaje-tras-un-balance-positivo\\\/\"},\"author\":{\"name\":\"f1000024\",\"@id\":\"https:\\\/\\\/cvinoticias.com\\\/v3\\\/#\\\/schema\\\/person\\\/2db77e3c6bc03c538495d7b2b8be9b66\"},\"headline\":\"El Gobierno relanzar\u00e1 el PreViaje, tras un balance positivo\",\"datePublished\":\"2022-03-03T04:38:21+00:00\",\"mainEntityOfPage\":{\"@id\":\"https:\\\/\\\/cvinoticias.com\\\/v3\\\/el-gobierno-relanzara-el-previaje-tras-un-balance-positivo\\\/\"},\"wordCount\":413,\"commentCount\":0,\"publisher\":{\"@id\":\"https:\\\/\\\/cvinoticias.com\\\/v3\\\/#organization\"},\"image\":{\"@id\":\"https:\\\/\\\/cvinoticias.com\\\/v3\\\/el-gobierno-relanzara-el-previaje-tras-un-balance-positivo\\\/#primaryimage\"},\"thumbnailUrl\":\"https:\\\/\\\/cvinoticias.com\\\/wp-content\\\/uploads\\\/2022\\\/03\\\/previaje1.jpg_1756841869.jpg\",\"articleSection\":[\"Turismo\"],\"inLanguage\":\"es\",\"potentialAction\":[{\"@type\":\"CommentAction\",\"name\":\"Comment\",\"target\":[\"https:\\\/\\\/cvinoticias.com\\\/v3\\\/el-gobierno-relanzara-el-previaje-tras-un-balance-positivo\\\/#respond\"]}]},{\"@type\":\"WebPage\",\"@id\":\"https:\\\/\\\/cvinoticias.com\\\/v3\\\/el-gobierno-relanzara-el-previaje-tras-un-balance-positivo\\\/\",\"url\":\"https:\\\/\\\/cvinoticias.com\\\/v3\\\/el-gobierno-relanzara-el-previaje-tras-un-balance-positivo\\\/\",\"name\":\"El Gobierno relanzar\u00e1 el PreViaje, tras un balance positivo | CVI NOTICIAS\",\"isPartOf\":{\"@id\":\"https:\\\/\\\/cvinoticias.com\\\/v3\\\/#website\"},\"primaryImageOfPage\":{\"@id\":\"https:\\\/\\\/cvinoticias.com\\\/v3\\\/el-gobierno-relanzara-el-previaje-tras-un-balance-positivo\\\/#primaryimage\"},\"image\":{\"@id\":\"https:\\\/\\\/cvinoticias.com\\\/v3\\\/el-gobierno-relanzara-el-previaje-tras-un-balance-positivo\\\/#primaryimage\"},\"thumbnailUrl\":\"https:\\\/\\\/cvinoticias.com\\\/wp-content\\\/uploads\\\/2022\\\/03\\\/previaje1.jpg_1756841869.jpg\",\"datePublished\":\"2022-03-03T04:38:21+00:00\",\"breadcrumb\":{\"@id\":\"https:\\\/\\\/cvinoticias.com\\\/v3\\\/el-gobierno-relanzara-el-previaje-tras-un-balance-positivo\\\/#breadcrumb\"},\"inLanguage\":\"es\",\"potentialAction\":[{\"@type\":\"ReadAction\",\"target\":[\"https:\\\/\\\/cvinoticias.com\\\/v3\\\/el-gobierno-relanzara-el-previaje-tras-un-balance-positivo\\\/\"]}]},{\"@type\":\"ImageObject\",\"inLanguage\":\"es\",\"@id\":\"https:\\\/\\\/cvinoticias.com\\\/v3\\\/el-gobierno-relanzara-el-previaje-tras-un-balance-positivo\\\/#primaryimage\",\"url\":\"https:\\\/\\\/cvinoticias.com\\\/wp-content\\\/uploads\\\/2022\\\/03\\\/previaje1.jpg_1756841869.jpg\",\"contentUrl\":\"https:\\\/\\\/cvinoticias.com\\\/wp-content\\\/uploads\\\/2022\\\/03\\\/previaje1.jpg_1756841869.jpg\",\"width\":800,\"height\":450},{\"@type\":\"BreadcrumbList\",\"@id\":\"https:\\\/\\\/cvinoticias.com\\\/v3\\\/el-gobierno-relanzara-el-previaje-tras-un-balance-positivo\\\/#breadcrumb\",\"itemListElement\":[{\"@type\":\"ListItem\",\"position\":1,\"name\":\"Portada\",\"item\":\"https:\\\/\\\/cvinoticias.com\\\/v3\\\/\"},{\"@type\":\"ListItem\",\"position\":2,\"name\":\"El Gobierno relanzar\u00e1 el PreViaje, tras un balance positivo\"}]},{\"@type\":\"WebSite\",\"@id\":\"https:\\\/\\\/cvinoticias.com\\\/v3\\\/#website\",\"url\":\"https:\\\/\\\/cvinoticias.com\\\/v3\\\/\",\"name\":\"CVI NOTICIAS\",\"description\":\"\",\"publisher\":{\"@id\":\"https:\\\/\\\/cvinoticias.com\\\/v3\\\/#organization\"},\"alternateName\":\"CVI\",\"potentialAction\":[{\"@type\":\"SearchAction\",\"target\":{\"@type\":\"EntryPoint\",\"urlTemplate\":\"https:\\\/\\\/cvinoticias.com\\\/v3\\\/?s={search_term_string}\"},\"query-input\":{\"@type\":\"PropertyValueSpecification\",\"valueRequired\":true,\"valueName\":\"search_term_string\"}}],\"inLanguage\":\"es\"},{\"@type\":\"Organization\",\"@id\":\"https:\\\/\\\/cvinoticias.com\\\/v3\\\/#organization\",\"name\":\"CVI NOTICIAS\",\"url\":\"https:\\\/\\\/cvinoticias.com\\\/v3\\\/\",\"logo\":{\"@type\":\"ImageObject\",\"inLanguage\":\"es\",\"@id\":\"https:\\\/\\\/cvinoticias.com\\\/v3\\\/#\\\/schema\\\/logo\\\/image\\\/\",\"url\":\"https:\\\/\\\/cvinoticias.com\\\/wp-content\\\/uploads\\\/2023\\\/04\\\/cropped-cropped-cropped-cropped-cropped-3-1.png\",\"contentUrl\":\"https:\\\/\\\/cvinoticias.com\\\/wp-content\\\/uploads\\\/2023\\\/04\\\/cropped-cropped-cropped-cropped-cropped-3-1.png\",\"width\":95,\"height\":122,\"caption\":\"CVI NOTICIAS\"},\"image\":{\"@id\":\"https:\\\/\\\/cvinoticias.com\\\/v3\\\/#\\\/schema\\\/logo\\\/image\\\/\"},\"sameAs\":[\"https:\\\/\\\/www.facebook.com\\\/cvinoticias\",\"https:\\\/\\\/www.instagram.com\\\/cvinoticias\\\/\",\"https:\\\/\\\/www.youtube.com\\\/@CVINOTICIAS\"]},{\"@type\":\"Person\",\"@id\":\"https:\\\/\\\/cvinoticias.com\\\/v3\\\/#\\\/schema\\\/person\\\/2db77e3c6bc03c538495d7b2b8be9b66\",\"name\":\"f1000024\",\"image\":{\"@type\":\"ImageObject\",\"inLanguage\":\"es\",\"@id\":\"https:\\\/\\\/secure.gravatar.com\\\/avatar\\\/d4fe7459cfc51ff5129ce1a732bbef5928568b8092d412ef95611616376bbeed?s=96&d=mm&r=g\",\"url\":\"https:\\\/\\\/secure.gravatar.com\\\/avatar\\\/d4fe7459cfc51ff5129ce1a732bbef5928568b8092d412ef95611616376bbeed?s=96&d=mm&r=g\",\"contentUrl\":\"https:\\\/\\\/secure.gravatar.com\\\/avatar\\\/d4fe7459cfc51ff5129ce1a732bbef5928568b8092d412ef95611616376bbeed?s=96&d=mm&r=g\",\"caption\":\"f1000024\"},\"url\":\"https:\\\/\\\/cvinoticias.com\\\/v3\\\/author\\\/f1000024\\\/\"}]}<\/script>\n<!-- \/ Yoast SEO plugin. -->","yoast_head_json":{"title":"El Gobierno relanzar\u00e1 el PreViaje, tras un balance positivo | CVI NOTICIAS","robots":{"index":"index","follow":"follow","max-snippet":"max-snippet:-1","max-image-preview":"max-image-preview:large","max-video-preview":"max-video-preview:-1"},"canonical":"https:\/\/cvinoticias.com\/v3\/el-gobierno-relanzara-el-previaje-tras-un-balance-positivo\/","og_locale":"es_ES","og_type":"article","og_title":"El Gobierno relanzar\u00e1 el PreViaje, tras un balance positivo | CVI NOTICIAS","og_description":"Lo confirm\u00f3 el ministro Mat\u00edas Lammens, quien destac\u00f3 las cifras r\u00e9cord registradas en la temporada de verano. El ministro de Turismo y Deportes, Mat\u00edas Lammens, destac\u00f3 hoy el \u00abr\u00e9cord\u00bb de la temporada de verano, con gran protagonismo del turismo receptivo, y adelant\u00f3 que presentar\u00e1n una nueva edici\u00f3n del programa Previaje \u00abpor sus logros satisfactorios\u00bb, con [&hellip;]","og_url":"https:\/\/cvinoticias.com\/v3\/el-gobierno-relanzara-el-previaje-tras-un-balance-positivo\/","og_site_name":"CVI NOTICIAS","article_publisher":"https:\/\/www.facebook.com\/cvinoticias","article_published_time":"2022-03-03T04:38:21+00:00","og_image":[{"width":800,"height":450,"url":"https:\/\/cvinoticias.com\/wp-content\/uploads\/2022\/03\/previaje1.jpg_1756841869.jpg","type":"image\/jpeg"}],"author":"f1000024","twitter_card":"summary_large_image","twitter_misc":{"Escrito por":"f1000024","Tiempo de lectura":"2 minutos"},"schema":{"@context":"https:\/\/schema.org","@graph":[{"@type":"Article","@id":"https:\/\/cvinoticias.com\/v3\/el-gobierno-relanzara-el-previaje-tras-un-balance-positivo\/#article","isPartOf":{"@id":"https:\/\/cvinoticias.com\/v3\/el-gobierno-relanzara-el-previaje-tras-un-balance-positivo\/"},"author":{"name":"f1000024","@id":"https:\/\/cvinoticias.com\/v3\/#\/schema\/person\/2db77e3c6bc03c538495d7b2b8be9b66"},"headline":"El Gobierno relanzar\u00e1 el PreViaje, tras un balance positivo","datePublished":"2022-03-03T04:38:21+00:00","mainEntityOfPage":{"@id":"https:\/\/cvinoticias.com\/v3\/el-gobierno-relanzara-el-previaje-tras-un-balance-positivo\/"},"wordCount":413,"commentCount":0,"publisher":{"@id":"https:\/\/cvinoticias.com\/v3\/#organization"},"image":{"@id":"https:\/\/cvinoticias.com\/v3\/el-gobierno-relanzara-el-previaje-tras-un-balance-positivo\/#primaryimage"},"thumbnailUrl":"https:\/\/cvinoticias.com\/wp-content\/uploads\/2022\/03\/previaje1.jpg_1756841869.jpg","articleSection":["Turismo"],"inLanguage":"es","potentialAction":[{"@type":"CommentAction","name":"Comment","target":["https:\/\/cvinoticias.com\/v3\/el-gobierno-relanzara-el-previaje-tras-un-balance-positivo\/#respond"]}]},{"@type":"WebPage","@id":"https:\/\/cvinoticias.com\/v3\/el-gobierno-relanzara-el-previaje-tras-un-balance-positivo\/","url":"https:\/\/cvinoticias.com\/v3\/el-gobierno-relanzara-el-previaje-tras-un-balance-positivo\/","name":"El Gobierno relanzar\u00e1 el PreViaje, tras un balance positivo | CVI NOTICIAS","isPartOf":{"@id":"https:\/\/cvinoticias.com\/v3\/#website"},"primaryImageOfPage":{"@id":"https:\/\/cvinoticias.com\/v3\/el-gobierno-relanzara-el-previaje-tras-un-balance-positivo\/#primaryimage"},"image":{"@id":"https:\/\/cvinoticias.com\/v3\/el-gobierno-relanzara-el-previaje-tras-un-balance-positivo\/#primaryimage"},"thumbnailUrl":"https:\/\/cvinoticias.com\/wp-content\/uploads\/2022\/03\/previaje1.jpg_1756841869.jpg","datePublished":"2022-03-03T04:38:21+00:00","breadcrumb":{"@id":"https:\/\/cvinoticias.com\/v3\/el-gobierno-relanzara-el-previaje-tras-un-balance-positivo\/#breadcrumb"},"inLanguage":"es","potentialAction":[{"@type":"ReadAction","target":["https:\/\/cvinoticias.com\/v3\/el-gobierno-relanzara-el-previaje-tras-un-balance-positivo\/"]}]},{"@type":"ImageObject","inLanguage":"es","@id":"https:\/\/cvinoticias.com\/v3\/el-gobierno-relanzara-el-previaje-tras-un-balance-positivo\/#primaryimage","url":"https:\/\/cvinoticias.com\/wp-content\/uploads\/2022\/03\/previaje1.jpg_1756841869.jpg","contentUrl":"https:\/\/cvinoticias.com\/wp-content\/uploads\/2022\/03\/previaje1.jpg_1756841869.jpg","width":800,"height":450},{"@type":"BreadcrumbList","@id":"https:\/\/cvinoticias.com\/v3\/el-gobierno-relanzara-el-previaje-tras-un-balance-positivo\/#breadcrumb","itemListElement":[{"@type":"ListItem","position":1,"name":"Portada","item":"https:\/\/cvinoticias.com\/v3\/"},{"@type":"ListItem","position":2,"name":"El Gobierno relanzar\u00e1 el PreViaje, tras un balance positivo"}]},{"@type":"WebSite","@id":"https:\/\/cvinoticias.com\/v3\/#website","url":"https:\/\/cvinoticias.com\/v3\/","name":"CVI NOTICIAS","description":"","publisher":{"@id":"https:\/\/cvinoticias.com\/v3\/#organization"},"alternateName":"CVI","potentialAction":[{"@type":"SearchAction","target":{"@type":"EntryPoint","urlTemplate":"https:\/\/cvinoticias.com\/v3\/?s={search_term_string}"},"query-input":{"@type":"PropertyValueSpecification","valueRequired":true,"valueName":"search_term_string"}}],"inLanguage":"es"},{"@type":"Organization","@id":"https:\/\/cvinoticias.com\/v3\/#organization","name":"CVI NOTICIAS","url":"https:\/\/cvinoticias.com\/v3\/","logo":{"@type":"ImageObject","inLanguage":"es","@id":"https:\/\/cvinoticias.com\/v3\/#\/schema\/logo\/image\/","url":"https:\/\/cvinoticias.com\/wp-content\/uploads\/2023\/04\/cropped-cropped-cropped-cropped-cropped-3-1.png","contentUrl":"https:\/\/cvinoticias.com\/wp-content\/uploads\/2023\/04\/cropped-cropped-cropped-cropped-cropped-3-1.png","width":95,"height":122,"caption":"CVI NOTICIAS"},"image":{"@id":"https:\/\/cvinoticias.com\/v3\/#\/schema\/logo\/image\/"},"sameAs":["https:\/\/www.facebook.com\/cvinoticias","https:\/\/www.instagram.com\/cvinoticias\/","https:\/\/www.youtube.com\/@CVINOTICIAS"]},{"@type":"Person","@id":"https:\/\/cvinoticias.com\/v3\/#\/schema\/person\/2db77e3c6bc03c538495d7b2b8be9b66","name":"f1000024","image":{"@type":"ImageObject","inLanguage":"es","@id":"https:\/\/secure.gravatar.com\/avatar\/d4fe7459cfc51ff5129ce1a732bbef5928568b8092d412ef95611616376bbeed?s=96&d=mm&r=g","url":"https:\/\/secure.gravatar.com\/avatar\/d4fe7459cfc51ff5129ce1a732bbef5928568b8092d412ef95611616376bbeed?s=96&d=mm&r=g","contentUrl":"https:\/\/secure.gravatar.com\/avatar\/d4fe7459cfc51ff5129ce1a732bbef5928568b8092d412ef95611616376bbeed?s=96&d=mm&r=g","caption":"f1000024"},"url":"https:\/\/cvinoticias.com\/v3\/author\/f1000024\/"}]}},"_links":{"self":[{"href":"https:\/\/cvinoticias.com\/v3\/wp-json\/wp\/v2\/posts\/13751","targetHints":{"allow":["GET"]}}],"collection":[{"href":"https:\/\/cvinoticias.com\/v3\/wp-json\/wp\/v2\/posts"}],"about":[{"href":"https:\/\/cvinoticias.com\/v3\/wp-json\/wp\/v2\/types\/post"}],"author":[{"embeddable":true,"href":"https:\/\/cvinoticias.com\/v3\/wp-json\/wp\/v2\/users\/2"}],"replies":[{"embeddable":true,"href":"https:\/\/cvinoticias.com\/v3\/wp-json\/wp\/v2\/comments?post=13751"}],"version-history":[{"count":1,"href":"https:\/\/cvinoticias.com\/v3\/wp-json\/wp\/v2\/posts\/13751\/revisions"}],"predecessor-version":[{"id":13753,"href":"https:\/\/cvinoticias.com\/v3\/wp-json\/wp\/v2\/posts\/13751\/revisions\/13753"}],"wp:featuredmedia":[{"embeddable":true,"href":"https:\/\/cvinoticias.com\/v3\/wp-json\/wp\/v2\/media\/13752"}],"wp:attachment":[{"href":"https:\/\/cvinoticias.com\/v3\/wp-json\/wp\/v2\/media?parent=13751"}],"wp:term":[{"taxonomy":"category","embeddable":true,"href":"https:\/\/cvinoticias.com\/v3\/wp-json\/wp\/v2\/categories?post=13751"},{"taxonomy":"post_tag","embeddable":true,"href":"https:\/\/cvinoticias.com\/v3\/wp-json\/wp\/v2\/tags?post=13751"}],"curies":[{"name":"wp","href":"https:\/\/api.w.org\/{rel}","templated":true}]}}