{"id":13737,"date":"2022-03-02T16:33:55","date_gmt":"2022-03-02T16:33:55","guid":{"rendered":"https:\/\/cvinoticias.com\/v3\/?p=13737"},"modified":"2022-03-02T16:33:55","modified_gmt":"2022-03-02T16:33:55","slug":"apostar-a-la-educacion-es-apostar-al-presente-y-al-futuro-dijo-el-gobernador-al-inaugurar-el-ciclo-lectivo","status":"publish","type":"post","link":"https:\/\/cvinoticias.com\/v3\/apostar-a-la-educacion-es-apostar-al-presente-y-al-futuro-dijo-el-gobernador-al-inaugurar-el-ciclo-lectivo\/","title":{"rendered":"\u00abApostar a la educaci\u00f3n es apostar al presente y al futuro\u00bb, dijo el Gobernador al inaugurar el ciclo lectivo"},"content":{"rendered":"\n<p><strong><em>Con un acto en el flamante edificio de la Escuela N\u00ba 960 del barrio Itaemb\u00e9 Guaz\u00fa de Posadas, comenz\u00f3 en Misiones el ciclo lectivo escolar 2022. El Gobernador presidi\u00f3 la apertura y ratific\u00f3 el papel de la escuela en favor de la inclusi\u00f3n y la solidaridad, Destac\u00f3 tambi\u00e9n el modelo misionero \u201cbasado en la educaci\u00f3n disruptiva y en la generaci\u00f3n de espacios para innovar y crecer\u201d.<\/em><\/strong><\/p>\n\n\n\n<p>Esta ma\u00f1ana, junto a la comunidad educativa de la Escuela N\u00ba 960, el gobernador Oscar Herrera Ahuad encabez\u00f3 la apertura del ciclo lectivo escolar 2022 y al mismo tiempo la inauguraci\u00f3n del nuevo anhelado edificio que albergar\u00e1 a 342 estudiantes de Itaemb\u00e9 Guaz\u00fa. Valor\u00f3 el papel de la escuela en Misiones en favor de la inclusi\u00f3n, como ente rector de las conductas, del futuro y en especial, de la solidaridad. \u201cAlgo que nuestra provincia lo demuestra d\u00eda a d\u00eda\u201d, enfatiz\u00f3.<\/p>\n\n\n\n<figure class=\"wp-block-image size-full\"><a href=\"https:\/\/cvinoticias.com\/wp-content\/uploads\/2022\/03\/FB_IMG_1646238069228.jpg\"><img decoding=\"async\" width=\"960\" height=\"641\" data-src=\"https:\/\/cvinoticias.com\/wp-content\/uploads\/2022\/03\/FB_IMG_1646238069228.jpg\" alt=\"\" class=\"wp-image-13739 lazyload\" data-srcset=\"https:\/\/cvinoticias.com\/wp-content\/uploads\/2022\/03\/FB_IMG_1646238069228.jpg 960w, https:\/\/cvinoticias.com\/wp-content\/uploads\/2022\/03\/FB_IMG_1646238069228-300x200.jpg 300w, https:\/\/cvinoticias.com\/wp-content\/uploads\/2022\/03\/FB_IMG_1646238069228-768x513.jpg 768w\" data-sizes=\"(max-width: 960px) 100vw, 960px\" src=\"data:image\/svg+xml;base64,PHN2ZyB3aWR0aD0iMSIgaGVpZ2h0PSIxIiB4bWxucz0iaHR0cDovL3d3dy53My5vcmcvMjAwMC9zdmciPjwvc3ZnPg==\" style=\"--smush-placeholder-width: 960px; --smush-placeholder-aspect-ratio: 960\/641;\" \/><\/a><\/figure>\n\n\n\n<p>El mandatario agradeci\u00f3 a los gremios \u201cpor la confianza en el di\u00e1logo, el equilibrio en el trabajo, en la planificaci\u00f3n y en la mirada superadora en la educaci\u00f3n\u201d y por \u201cser constructivos en las pol\u00edticas p\u00fablicas de un modelo educativo como el de Misiones\u201d. Algo que sin dudas posibilit\u00f3 la concreci\u00f3n del ciclo lectivo n\u00famero 19 ininterrumpidos en nuestra provincia.<\/p>\n\n\n\n<p>Tambi\u00e9n, el Gobernador destac\u00f3 que \u201cMisiones ha sabido llevar pol\u00edticas p\u00fablicas inclusivas en todos los niveles\u201d. Asimismo, valor\u00f3 el papel de los docentes en el trayecto formativo de los j\u00f3venes y asegur\u00f3 que durante la pandemia su arduo trabajo permiti\u00f3 la apertura de las instituciones, ya que \u201cnunca tuvimos que cerrar una escuela por casos de covid\u00bb. Igualmente, pidi\u00f3 un minuto de silencio en reconocimiento a los docentes y todas aquellas personas que fallecieron por el virus.<\/p>\n\n\n\n<p>En el marco del acto de apertura de ciclo, garantiz\u00f3 que la provincia continuar\u00e1 trabajando y apostando siempre a la construcci\u00f3n del futuro y el presente de la educaci\u00f3n misionera. Tras lo cual inform\u00f3 que se trabaj\u00f3 en el acondicionamiento de m\u00e1s de 1000 escuelas para la vuelta a las clases, \u201cuna inversi\u00f3n del pueblo de Misiones para el pueblo de Misiones y un modo de devolver recursos a los docentes, alumnos y las familias\u201d.<\/p>\n\n\n\n<figure class=\"wp-block-image size-full\"><a href=\"https:\/\/cvinoticias.com\/wp-content\/uploads\/2022\/03\/FB_IMG_1646238080345.jpg\"><img decoding=\"async\" width=\"960\" height=\"641\" data-src=\"https:\/\/cvinoticias.com\/wp-content\/uploads\/2022\/03\/FB_IMG_1646238080345.jpg\" alt=\"\" class=\"wp-image-13740 lazyload\" data-srcset=\"https:\/\/cvinoticias.com\/wp-content\/uploads\/2022\/03\/FB_IMG_1646238080345.jpg 960w, https:\/\/cvinoticias.com\/wp-content\/uploads\/2022\/03\/FB_IMG_1646238080345-300x200.jpg 300w, https:\/\/cvinoticias.com\/wp-content\/uploads\/2022\/03\/FB_IMG_1646238080345-768x513.jpg 768w\" data-sizes=\"(max-width: 960px) 100vw, 960px\" src=\"data:image\/svg+xml;base64,PHN2ZyB3aWR0aD0iMSIgaGVpZ2h0PSIxIiB4bWxucz0iaHR0cDovL3d3dy53My5vcmcvMjAwMC9zdmciPjwvc3ZnPg==\" style=\"--smush-placeholder-width: 960px; --smush-placeholder-aspect-ratio: 960\/641;\" \/><\/a><figcaption> <\/figcaption><\/figure>\n\n\n\n<p>A su turno, el ministro de Educaci\u00f3n, Miguel Sedoff, anunci\u00f3 que se inaugurar\u00e1n 24 escuelas este mes y adelant\u00f3 que con el plan Conectar Igualdad se entregar\u00e1n 78 mil computadoras; y que el ministerio distribuir\u00e1 270 mil libros. \u00abEste es el camino para construir escuelas igualitarias, democr\u00e1ticas, y generadoras de oportunidades de futuro para nuestros j\u00f3venes\u00bb, remarc\u00f3.<\/p>\n\n\n\n<p>Tambi\u00e9n, acompa\u00f1aron el acto el vicegobernador Carlos Arce; el vicepresidente de la C\u00e1mara de Representantes, Hugo Passalacqua; la presidenta del Superior Tribunal de Justicia, Rosanna P\u00eda Venchiarutti junto a miembros del poder Ejecutivo, Legislativo y Judicial de la provincia, el intendente Leonardo Stelatto entre otros funcionarios locales y jefes comunales de diversas localidades.<\/p>\n\n\n\n<p><strong>Mensaje a los ucranianos en tiempos de guerra<\/strong><\/p>\n\n\n\n<p>Tambi\u00e9n, durante el acto escolar, Herrera Ahuad se refiri\u00f3 al actual conflicto en Ucrania. Expres\u00f3 la disposici\u00f3n de Misiones a \u201cnuestros hermanos ucranianos y sobre todo en la colectividad ucraniana de mi querida provincia\u201d. As\u00ed, les trasmiti\u00f3 fortaleza y la entereza necesaria para afrontar este tiempo dif\u00edcil y asegur\u00f3 que para quienes desean venir, Misiones \u201ctiene las puertas abiertas\u201d como siempre ha demostrado la historia.<\/p>\n\n\n\n<p><strong>Un nuevo edificio para la comunidad educativa de Itaemb\u00e9 Guaz\u00fa<\/strong><\/p>\n\n\n\n<p>En el marco de la apertura del ciclo lectivo 2022 se estren\u00f3 el nuevo edificio de la Escuela N.\u00ba 960, construido por el IPRODHA. La obra cubre una superficie de 1.543,85 m\u00b2 y tiene un total de 10 aulas, laboratorio, biblioteca, taller multiprop\u00f3sito, bloque sanitario completo y play\u00f3n deportivo. Adem\u00e1s, cuenta con un \u00e1rea administrativa, secretar\u00eda, archivo, direcci\u00f3n, sanitario, office, preceptor\u00eda, sala de profesores y consultorio psicopedag\u00f3gico.<\/p>\n\n\n\n<p>Esta escuela fue creada exactamente hace 2 a\u00f1os y funcionaba en el edificio de la Escuela Especial N.\u00ba 43, a unas 10 cuadras de su nueva sede. Actualmente, cuenta con una matr\u00edcula 342 alumnos de 1\u00b0 a 7\u00b0, y vale destacar que hasta el a\u00f1o pasado ten\u00eda una poblaci\u00f3n de 230 alumnos, y que este a\u00f1o, a ra\u00edz del nuevo edificio, se incorporaron 100 estudiantes m\u00e1s.<\/p>\n\n\n\n<figure class=\"wp-block-image size-full\"><a href=\"https:\/\/cvinoticias.com\/wp-content\/uploads\/2022\/03\/FB_IMG_1646238072025.jpg\"><img decoding=\"async\" width=\"960\" height=\"641\" data-src=\"https:\/\/cvinoticias.com\/wp-content\/uploads\/2022\/03\/FB_IMG_1646238072025.jpg\" alt=\"\" class=\"wp-image-13741 lazyload\" data-srcset=\"https:\/\/cvinoticias.com\/wp-content\/uploads\/2022\/03\/FB_IMG_1646238072025.jpg 960w, https:\/\/cvinoticias.com\/wp-content\/uploads\/2022\/03\/FB_IMG_1646238072025-300x200.jpg 300w, https:\/\/cvinoticias.com\/wp-content\/uploads\/2022\/03\/FB_IMG_1646238072025-768x513.jpg 768w\" data-sizes=\"(max-width: 960px) 100vw, 960px\" src=\"data:image\/svg+xml;base64,PHN2ZyB3aWR0aD0iMSIgaGVpZ2h0PSIxIiB4bWxucz0iaHR0cDovL3d3dy53My5vcmcvMjAwMC9zdmciPjwvc3ZnPg==\" style=\"--smush-placeholder-width: 960px; --smush-placeholder-aspect-ratio: 960\/641;\" \/><\/a><\/figure>\n","protected":false},"excerpt":{"rendered":"<p>Con un acto en el flamante edificio de la Escuela N\u00ba 960 del barrio Itaemb\u00e9 Guaz\u00fa de Posadas, comenz\u00f3 en Misiones el ciclo lectivo escolar 2022. El Gobernador presidi\u00f3 la apertura y ratific\u00f3 el papel de la escuela en favor de la inclusi\u00f3n y la solidaridad, Destac\u00f3 tambi\u00e9n el modelo misionero \u201cbasado en la educaci\u00f3n [&hellip;]<\/p>\n","protected":false},"author":2,"featured_media":13738,"comment_status":"open","ping_status":"open","sticky":false,"template":"","format":"standard","meta":{"footnotes":""},"categories":[26],"tags":[],"class_list":["post-13737","post","type-post","status-publish","format-standard","has-post-thumbnail","hentry","category-educacion"],"yoast_head":"<!-- This site is optimized with the Yoast SEO plugin v27.5 - https:\/\/yoast.com\/product\/yoast-seo-wordpress\/ -->\n<title>&quot;Apostar a la educaci\u00f3n es apostar al presente y al futuro&quot;, dijo el Gobernador al inaugurar el ciclo lectivo | CVI NOTICIAS<\/title>\n<meta name=\"robots\" content=\"index, follow, max-snippet:-1, max-image-preview:large, max-video-preview:-1\" \/>\n<link rel=\"canonical\" href=\"https:\/\/cvinoticias.com\/v3\/apostar-a-la-educacion-es-apostar-al-presente-y-al-futuro-dijo-el-gobernador-al-inaugurar-el-ciclo-lectivo\/\" \/>\n<meta property=\"og:locale\" content=\"es_ES\" \/>\n<meta property=\"og:type\" content=\"article\" \/>\n<meta property=\"og:title\" content=\"&quot;Apostar a la educaci\u00f3n es apostar al presente y al futuro&quot;, dijo el Gobernador al inaugurar el ciclo lectivo | CVI NOTICIAS\" \/>\n<meta property=\"og:description\" content=\"Con un acto en el flamante edificio de la Escuela N\u00ba 960 del barrio Itaemb\u00e9 Guaz\u00fa de Posadas, comenz\u00f3 en Misiones el ciclo lectivo escolar 2022. El Gobernador presidi\u00f3 la apertura y ratific\u00f3 el papel de la escuela en favor de la inclusi\u00f3n y la solidaridad, Destac\u00f3 tambi\u00e9n el modelo misionero \u201cbasado en la educaci\u00f3n [&hellip;]\" \/>\n<meta property=\"og:url\" content=\"https:\/\/cvinoticias.com\/v3\/apostar-a-la-educacion-es-apostar-al-presente-y-al-futuro-dijo-el-gobernador-al-inaugurar-el-ciclo-lectivo\/\" \/>\n<meta property=\"og:site_name\" content=\"CVI NOTICIAS\" \/>\n<meta property=\"article:publisher\" content=\"https:\/\/www.facebook.com\/cvinoticias\" \/>\n<meta property=\"article:published_time\" content=\"2022-03-02T16:33:55+00:00\" \/>\n<meta property=\"og:image\" content=\"https:\/\/cvinoticias.com\/wp-content\/uploads\/2022\/03\/FB_IMG_1646238074715.jpg\" \/>\n\t<meta property=\"og:image:width\" content=\"960\" \/>\n\t<meta property=\"og:image:height\" content=\"641\" \/>\n\t<meta property=\"og:image:type\" content=\"image\/jpeg\" \/>\n<meta name=\"author\" content=\"f1000024\" \/>\n<meta name=\"twitter:card\" content=\"summary_large_image\" \/>\n<meta name=\"twitter:label1\" content=\"Escrito por\" \/>\n\t<meta name=\"twitter:data1\" content=\"f1000024\" \/>\n\t<meta name=\"twitter:label2\" content=\"Tiempo de lectura\" \/>\n\t<meta name=\"twitter:data2\" content=\"4 minutos\" \/>\n<script type=\"application\/ld+json\" class=\"yoast-schema-graph\">{\"@context\":\"https:\\\/\\\/schema.org\",\"@graph\":[{\"@type\":\"Article\",\"@id\":\"https:\\\/\\\/cvinoticias.com\\\/v3\\\/apostar-a-la-educacion-es-apostar-al-presente-y-al-futuro-dijo-el-gobernador-al-inaugurar-el-ciclo-lectivo\\\/#article\",\"isPartOf\":{\"@id\":\"https:\\\/\\\/cvinoticias.com\\\/v3\\\/apostar-a-la-educacion-es-apostar-al-presente-y-al-futuro-dijo-el-gobernador-al-inaugurar-el-ciclo-lectivo\\\/\"},\"author\":{\"name\":\"f1000024\",\"@id\":\"https:\\\/\\\/cvinoticias.com\\\/v3\\\/#\\\/schema\\\/person\\\/2db77e3c6bc03c538495d7b2b8be9b66\"},\"headline\":\"\u00abApostar a la educaci\u00f3n es apostar al presente y al futuro\u00bb, dijo el Gobernador al inaugurar el ciclo lectivo\",\"datePublished\":\"2022-03-02T16:33:55+00:00\",\"mainEntityOfPage\":{\"@id\":\"https:\\\/\\\/cvinoticias.com\\\/v3\\\/apostar-a-la-educacion-es-apostar-al-presente-y-al-futuro-dijo-el-gobernador-al-inaugurar-el-ciclo-lectivo\\\/\"},\"wordCount\":733,\"commentCount\":0,\"publisher\":{\"@id\":\"https:\\\/\\\/cvinoticias.com\\\/v3\\\/#organization\"},\"image\":{\"@id\":\"https:\\\/\\\/cvinoticias.com\\\/v3\\\/apostar-a-la-educacion-es-apostar-al-presente-y-al-futuro-dijo-el-gobernador-al-inaugurar-el-ciclo-lectivo\\\/#primaryimage\"},\"thumbnailUrl\":\"https:\\\/\\\/cvinoticias.com\\\/wp-content\\\/uploads\\\/2022\\\/03\\\/FB_IMG_1646238074715.jpg\",\"articleSection\":[\"Educacion\"],\"inLanguage\":\"es\",\"potentialAction\":[{\"@type\":\"CommentAction\",\"name\":\"Comment\",\"target\":[\"https:\\\/\\\/cvinoticias.com\\\/v3\\\/apostar-a-la-educacion-es-apostar-al-presente-y-al-futuro-dijo-el-gobernador-al-inaugurar-el-ciclo-lectivo\\\/#respond\"]}]},{\"@type\":\"WebPage\",\"@id\":\"https:\\\/\\\/cvinoticias.com\\\/v3\\\/apostar-a-la-educacion-es-apostar-al-presente-y-al-futuro-dijo-el-gobernador-al-inaugurar-el-ciclo-lectivo\\\/\",\"url\":\"https:\\\/\\\/cvinoticias.com\\\/v3\\\/apostar-a-la-educacion-es-apostar-al-presente-y-al-futuro-dijo-el-gobernador-al-inaugurar-el-ciclo-lectivo\\\/\",\"name\":\"\\\"Apostar a la educaci\u00f3n es apostar al presente y al futuro\\\", dijo el Gobernador al inaugurar el ciclo lectivo | CVI NOTICIAS\",\"isPartOf\":{\"@id\":\"https:\\\/\\\/cvinoticias.com\\\/v3\\\/#website\"},\"primaryImageOfPage\":{\"@id\":\"https:\\\/\\\/cvinoticias.com\\\/v3\\\/apostar-a-la-educacion-es-apostar-al-presente-y-al-futuro-dijo-el-gobernador-al-inaugurar-el-ciclo-lectivo\\\/#primaryimage\"},\"image\":{\"@id\":\"https:\\\/\\\/cvinoticias.com\\\/v3\\\/apostar-a-la-educacion-es-apostar-al-presente-y-al-futuro-dijo-el-gobernador-al-inaugurar-el-ciclo-lectivo\\\/#primaryimage\"},\"thumbnailUrl\":\"https:\\\/\\\/cvinoticias.com\\\/wp-content\\\/uploads\\\/2022\\\/03\\\/FB_IMG_1646238074715.jpg\",\"datePublished\":\"2022-03-02T16:33:55+00:00\",\"breadcrumb\":{\"@id\":\"https:\\\/\\\/cvinoticias.com\\\/v3\\\/apostar-a-la-educacion-es-apostar-al-presente-y-al-futuro-dijo-el-gobernador-al-inaugurar-el-ciclo-lectivo\\\/#breadcrumb\"},\"inLanguage\":\"es\",\"potentialAction\":[{\"@type\":\"ReadAction\",\"target\":[\"https:\\\/\\\/cvinoticias.com\\\/v3\\\/apostar-a-la-educacion-es-apostar-al-presente-y-al-futuro-dijo-el-gobernador-al-inaugurar-el-ciclo-lectivo\\\/\"]}]},{\"@type\":\"ImageObject\",\"inLanguage\":\"es\",\"@id\":\"https:\\\/\\\/cvinoticias.com\\\/v3\\\/apostar-a-la-educacion-es-apostar-al-presente-y-al-futuro-dijo-el-gobernador-al-inaugurar-el-ciclo-lectivo\\\/#primaryimage\",\"url\":\"https:\\\/\\\/cvinoticias.com\\\/wp-content\\\/uploads\\\/2022\\\/03\\\/FB_IMG_1646238074715.jpg\",\"contentUrl\":\"https:\\\/\\\/cvinoticias.com\\\/wp-content\\\/uploads\\\/2022\\\/03\\\/FB_IMG_1646238074715.jpg\",\"width\":960,\"height\":641},{\"@type\":\"BreadcrumbList\",\"@id\":\"https:\\\/\\\/cvinoticias.com\\\/v3\\\/apostar-a-la-educacion-es-apostar-al-presente-y-al-futuro-dijo-el-gobernador-al-inaugurar-el-ciclo-lectivo\\\/#breadcrumb\",\"itemListElement\":[{\"@type\":\"ListItem\",\"position\":1,\"name\":\"Portada\",\"item\":\"https:\\\/\\\/cvinoticias.com\\\/v3\\\/\"},{\"@type\":\"ListItem\",\"position\":2,\"name\":\"\u00abApostar a la educaci\u00f3n es apostar al presente y al futuro\u00bb, dijo el Gobernador al inaugurar el ciclo lectivo\"}]},{\"@type\":\"WebSite\",\"@id\":\"https:\\\/\\\/cvinoticias.com\\\/v3\\\/#website\",\"url\":\"https:\\\/\\\/cvinoticias.com\\\/v3\\\/\",\"name\":\"CVI NOTICIAS\",\"description\":\"\",\"publisher\":{\"@id\":\"https:\\\/\\\/cvinoticias.com\\\/v3\\\/#organization\"},\"alternateName\":\"CVI\",\"potentialAction\":[{\"@type\":\"SearchAction\",\"target\":{\"@type\":\"EntryPoint\",\"urlTemplate\":\"https:\\\/\\\/cvinoticias.com\\\/v3\\\/?s={search_term_string}\"},\"query-input\":{\"@type\":\"PropertyValueSpecification\",\"valueRequired\":true,\"valueName\":\"search_term_string\"}}],\"inLanguage\":\"es\"},{\"@type\":\"Organization\",\"@id\":\"https:\\\/\\\/cvinoticias.com\\\/v3\\\/#organization\",\"name\":\"CVI NOTICIAS\",\"url\":\"https:\\\/\\\/cvinoticias.com\\\/v3\\\/\",\"logo\":{\"@type\":\"ImageObject\",\"inLanguage\":\"es\",\"@id\":\"https:\\\/\\\/cvinoticias.com\\\/v3\\\/#\\\/schema\\\/logo\\\/image\\\/\",\"url\":\"https:\\\/\\\/cvinoticias.com\\\/wp-content\\\/uploads\\\/2023\\\/04\\\/cropped-cropped-cropped-cropped-cropped-3-1.png\",\"contentUrl\":\"https:\\\/\\\/cvinoticias.com\\\/wp-content\\\/uploads\\\/2023\\\/04\\\/cropped-cropped-cropped-cropped-cropped-3-1.png\",\"width\":95,\"height\":122,\"caption\":\"CVI NOTICIAS\"},\"image\":{\"@id\":\"https:\\\/\\\/cvinoticias.com\\\/v3\\\/#\\\/schema\\\/logo\\\/image\\\/\"},\"sameAs\":[\"https:\\\/\\\/www.facebook.com\\\/cvinoticias\",\"https:\\\/\\\/www.instagram.com\\\/cvinoticias\\\/\",\"https:\\\/\\\/www.youtube.com\\\/@CVINOTICIAS\"]},{\"@type\":\"Person\",\"@id\":\"https:\\\/\\\/cvinoticias.com\\\/v3\\\/#\\\/schema\\\/person\\\/2db77e3c6bc03c538495d7b2b8be9b66\",\"name\":\"f1000024\",\"image\":{\"@type\":\"ImageObject\",\"inLanguage\":\"es\",\"@id\":\"https:\\\/\\\/secure.gravatar.com\\\/avatar\\\/d4fe7459cfc51ff5129ce1a732bbef5928568b8092d412ef95611616376bbeed?s=96&d=mm&r=g\",\"url\":\"https:\\\/\\\/secure.gravatar.com\\\/avatar\\\/d4fe7459cfc51ff5129ce1a732bbef5928568b8092d412ef95611616376bbeed?s=96&d=mm&r=g\",\"contentUrl\":\"https:\\\/\\\/secure.gravatar.com\\\/avatar\\\/d4fe7459cfc51ff5129ce1a732bbef5928568b8092d412ef95611616376bbeed?s=96&d=mm&r=g\",\"caption\":\"f1000024\"},\"url\":\"https:\\\/\\\/cvinoticias.com\\\/v3\\\/author\\\/f1000024\\\/\"}]}<\/script>\n<!-- \/ Yoast SEO plugin. -->","yoast_head_json":{"title":"\"Apostar a la educaci\u00f3n es apostar al presente y al futuro\", dijo el Gobernador al inaugurar el ciclo lectivo | CVI NOTICIAS","robots":{"index":"index","follow":"follow","max-snippet":"max-snippet:-1","max-image-preview":"max-image-preview:large","max-video-preview":"max-video-preview:-1"},"canonical":"https:\/\/cvinoticias.com\/v3\/apostar-a-la-educacion-es-apostar-al-presente-y-al-futuro-dijo-el-gobernador-al-inaugurar-el-ciclo-lectivo\/","og_locale":"es_ES","og_type":"article","og_title":"\"Apostar a la educaci\u00f3n es apostar al presente y al futuro\", dijo el Gobernador al inaugurar el ciclo lectivo | CVI NOTICIAS","og_description":"Con un acto en el flamante edificio de la Escuela N\u00ba 960 del barrio Itaemb\u00e9 Guaz\u00fa de Posadas, comenz\u00f3 en Misiones el ciclo lectivo escolar 2022. El Gobernador presidi\u00f3 la apertura y ratific\u00f3 el papel de la escuela en favor de la inclusi\u00f3n y la solidaridad, Destac\u00f3 tambi\u00e9n el modelo misionero \u201cbasado en la educaci\u00f3n [&hellip;]","og_url":"https:\/\/cvinoticias.com\/v3\/apostar-a-la-educacion-es-apostar-al-presente-y-al-futuro-dijo-el-gobernador-al-inaugurar-el-ciclo-lectivo\/","og_site_name":"CVI NOTICIAS","article_publisher":"https:\/\/www.facebook.com\/cvinoticias","article_published_time":"2022-03-02T16:33:55+00:00","og_image":[{"width":960,"height":641,"url":"https:\/\/cvinoticias.com\/wp-content\/uploads\/2022\/03\/FB_IMG_1646238074715.jpg","type":"image\/jpeg"}],"author":"f1000024","twitter_card":"summary_large_image","twitter_misc":{"Escrito por":"f1000024","Tiempo de lectura":"4 minutos"},"schema":{"@context":"https:\/\/schema.org","@graph":[{"@type":"Article","@id":"https:\/\/cvinoticias.com\/v3\/apostar-a-la-educacion-es-apostar-al-presente-y-al-futuro-dijo-el-gobernador-al-inaugurar-el-ciclo-lectivo\/#article","isPartOf":{"@id":"https:\/\/cvinoticias.com\/v3\/apostar-a-la-educacion-es-apostar-al-presente-y-al-futuro-dijo-el-gobernador-al-inaugurar-el-ciclo-lectivo\/"},"author":{"name":"f1000024","@id":"https:\/\/cvinoticias.com\/v3\/#\/schema\/person\/2db77e3c6bc03c538495d7b2b8be9b66"},"headline":"\u00abApostar a la educaci\u00f3n es apostar al presente y al futuro\u00bb, dijo el Gobernador al inaugurar el ciclo lectivo","datePublished":"2022-03-02T16:33:55+00:00","mainEntityOfPage":{"@id":"https:\/\/cvinoticias.com\/v3\/apostar-a-la-educacion-es-apostar-al-presente-y-al-futuro-dijo-el-gobernador-al-inaugurar-el-ciclo-lectivo\/"},"wordCount":733,"commentCount":0,"publisher":{"@id":"https:\/\/cvinoticias.com\/v3\/#organization"},"image":{"@id":"https:\/\/cvinoticias.com\/v3\/apostar-a-la-educacion-es-apostar-al-presente-y-al-futuro-dijo-el-gobernador-al-inaugurar-el-ciclo-lectivo\/#primaryimage"},"thumbnailUrl":"https:\/\/cvinoticias.com\/wp-content\/uploads\/2022\/03\/FB_IMG_1646238074715.jpg","articleSection":["Educacion"],"inLanguage":"es","potentialAction":[{"@type":"CommentAction","name":"Comment","target":["https:\/\/cvinoticias.com\/v3\/apostar-a-la-educacion-es-apostar-al-presente-y-al-futuro-dijo-el-gobernador-al-inaugurar-el-ciclo-lectivo\/#respond"]}]},{"@type":"WebPage","@id":"https:\/\/cvinoticias.com\/v3\/apostar-a-la-educacion-es-apostar-al-presente-y-al-futuro-dijo-el-gobernador-al-inaugurar-el-ciclo-lectivo\/","url":"https:\/\/cvinoticias.com\/v3\/apostar-a-la-educacion-es-apostar-al-presente-y-al-futuro-dijo-el-gobernador-al-inaugurar-el-ciclo-lectivo\/","name":"\"Apostar a la educaci\u00f3n es apostar al presente y al futuro\", dijo el Gobernador al inaugurar el ciclo lectivo | CVI NOTICIAS","isPartOf":{"@id":"https:\/\/cvinoticias.com\/v3\/#website"},"primaryImageOfPage":{"@id":"https:\/\/cvinoticias.com\/v3\/apostar-a-la-educacion-es-apostar-al-presente-y-al-futuro-dijo-el-gobernador-al-inaugurar-el-ciclo-lectivo\/#primaryimage"},"image":{"@id":"https:\/\/cvinoticias.com\/v3\/apostar-a-la-educacion-es-apostar-al-presente-y-al-futuro-dijo-el-gobernador-al-inaugurar-el-ciclo-lectivo\/#primaryimage"},"thumbnailUrl":"https:\/\/cvinoticias.com\/wp-content\/uploads\/2022\/03\/FB_IMG_1646238074715.jpg","datePublished":"2022-03-02T16:33:55+00:00","breadcrumb":{"@id":"https:\/\/cvinoticias.com\/v3\/apostar-a-la-educacion-es-apostar-al-presente-y-al-futuro-dijo-el-gobernador-al-inaugurar-el-ciclo-lectivo\/#breadcrumb"},"inLanguage":"es","potentialAction":[{"@type":"ReadAction","target":["https:\/\/cvinoticias.com\/v3\/apostar-a-la-educacion-es-apostar-al-presente-y-al-futuro-dijo-el-gobernador-al-inaugurar-el-ciclo-lectivo\/"]}]},{"@type":"ImageObject","inLanguage":"es","@id":"https:\/\/cvinoticias.com\/v3\/apostar-a-la-educacion-es-apostar-al-presente-y-al-futuro-dijo-el-gobernador-al-inaugurar-el-ciclo-lectivo\/#primaryimage","url":"https:\/\/cvinoticias.com\/wp-content\/uploads\/2022\/03\/FB_IMG_1646238074715.jpg","contentUrl":"https:\/\/cvinoticias.com\/wp-content\/uploads\/2022\/03\/FB_IMG_1646238074715.jpg","width":960,"height":641},{"@type":"BreadcrumbList","@id":"https:\/\/cvinoticias.com\/v3\/apostar-a-la-educacion-es-apostar-al-presente-y-al-futuro-dijo-el-gobernador-al-inaugurar-el-ciclo-lectivo\/#breadcrumb","itemListElement":[{"@type":"ListItem","position":1,"name":"Portada","item":"https:\/\/cvinoticias.com\/v3\/"},{"@type":"ListItem","position":2,"name":"\u00abApostar a la educaci\u00f3n es apostar al presente y al futuro\u00bb, dijo el Gobernador al inaugurar el ciclo lectivo"}]},{"@type":"WebSite","@id":"https:\/\/cvinoticias.com\/v3\/#website","url":"https:\/\/cvinoticias.com\/v3\/","name":"CVI NOTICIAS","description":"","publisher":{"@id":"https:\/\/cvinoticias.com\/v3\/#organization"},"alternateName":"CVI","potentialAction":[{"@type":"SearchAction","target":{"@type":"EntryPoint","urlTemplate":"https:\/\/cvinoticias.com\/v3\/?s={search_term_string}"},"query-input":{"@type":"PropertyValueSpecification","valueRequired":true,"valueName":"search_term_string"}}],"inLanguage":"es"},{"@type":"Organization","@id":"https:\/\/cvinoticias.com\/v3\/#organization","name":"CVI NOTICIAS","url":"https:\/\/cvinoticias.com\/v3\/","logo":{"@type":"ImageObject","inLanguage":"es","@id":"https:\/\/cvinoticias.com\/v3\/#\/schema\/logo\/image\/","url":"https:\/\/cvinoticias.com\/wp-content\/uploads\/2023\/04\/cropped-cropped-cropped-cropped-cropped-3-1.png","contentUrl":"https:\/\/cvinoticias.com\/wp-content\/uploads\/2023\/04\/cropped-cropped-cropped-cropped-cropped-3-1.png","width":95,"height":122,"caption":"CVI NOTICIAS"},"image":{"@id":"https:\/\/cvinoticias.com\/v3\/#\/schema\/logo\/image\/"},"sameAs":["https:\/\/www.facebook.com\/cvinoticias","https:\/\/www.instagram.com\/cvinoticias\/","https:\/\/www.youtube.com\/@CVINOTICIAS"]},{"@type":"Person","@id":"https:\/\/cvinoticias.com\/v3\/#\/schema\/person\/2db77e3c6bc03c538495d7b2b8be9b66","name":"f1000024","image":{"@type":"ImageObject","inLanguage":"es","@id":"https:\/\/secure.gravatar.com\/avatar\/d4fe7459cfc51ff5129ce1a732bbef5928568b8092d412ef95611616376bbeed?s=96&d=mm&r=g","url":"https:\/\/secure.gravatar.com\/avatar\/d4fe7459cfc51ff5129ce1a732bbef5928568b8092d412ef95611616376bbeed?s=96&d=mm&r=g","contentUrl":"https:\/\/secure.gravatar.com\/avatar\/d4fe7459cfc51ff5129ce1a732bbef5928568b8092d412ef95611616376bbeed?s=96&d=mm&r=g","caption":"f1000024"},"url":"https:\/\/cvinoticias.com\/v3\/author\/f1000024\/"}]}},"_links":{"self":[{"href":"https:\/\/cvinoticias.com\/v3\/wp-json\/wp\/v2\/posts\/13737","targetHints":{"allow":["GET"]}}],"collection":[{"href":"https:\/\/cvinoticias.com\/v3\/wp-json\/wp\/v2\/posts"}],"about":[{"href":"https:\/\/cvinoticias.com\/v3\/wp-json\/wp\/v2\/types\/post"}],"author":[{"embeddable":true,"href":"https:\/\/cvinoticias.com\/v3\/wp-json\/wp\/v2\/users\/2"}],"replies":[{"embeddable":true,"href":"https:\/\/cvinoticias.com\/v3\/wp-json\/wp\/v2\/comments?post=13737"}],"version-history":[{"count":1,"href":"https:\/\/cvinoticias.com\/v3\/wp-json\/wp\/v2\/posts\/13737\/revisions"}],"predecessor-version":[{"id":13742,"href":"https:\/\/cvinoticias.com\/v3\/wp-json\/wp\/v2\/posts\/13737\/revisions\/13742"}],"wp:featuredmedia":[{"embeddable":true,"href":"https:\/\/cvinoticias.com\/v3\/wp-json\/wp\/v2\/media\/13738"}],"wp:attachment":[{"href":"https:\/\/cvinoticias.com\/v3\/wp-json\/wp\/v2\/media?parent=13737"}],"wp:term":[{"taxonomy":"category","embeddable":true,"href":"https:\/\/cvinoticias.com\/v3\/wp-json\/wp\/v2\/categories?post=13737"},{"taxonomy":"post_tag","embeddable":true,"href":"https:\/\/cvinoticias.com\/v3\/wp-json\/wp\/v2\/tags?post=13737"}],"curies":[{"name":"wp","href":"https:\/\/api.w.org\/{rel}","templated":true}]}}