{"id":13704,"date":"2022-03-01T14:26:16","date_gmt":"2022-03-01T14:26:16","guid":{"rendered":"https:\/\/cvinoticias.com\/v3\/?p=13704"},"modified":"2022-03-01T14:26:16","modified_gmt":"2022-03-01T14:26:16","slug":"el-fin-de-semana-xxl-de-carnaval-vsitaron-el-parque-nacional-iguazu-un-total-de-24-751-personas","status":"publish","type":"post","link":"https:\/\/cvinoticias.com\/v3\/el-fin-de-semana-xxl-de-carnaval-vsitaron-el-parque-nacional-iguazu-un-total-de-24-751-personas\/","title":{"rendered":"El fin de semana XXL de carnaval vsitaron el Parque Nacional Iguaz\u00fa un total de 24.751 personas"},"content":{"rendered":"\n<p><strong><em>La ocupaci\u00f3n en la ciudad de las cataratas fue del 92% en el fin de semana XXL de carnaval. Visitaron el Parque Nacional Iguaz\u00fa, durante estos d\u00edas, un total de 24.751 personas, con un fuerte pico el d\u00eda domingo de 9149 ingresantes.<\/em><\/strong><\/p>\n\n\n\n<p>El mes de febrero cerr\u00f3 con 142.116 visitantes, frente a los 140.503 que lo hab\u00edan visitado en enero, manifestando as\u00ed un leve crecimiento, pero de importante magnitud teniendo en cuenta la cantidad de d\u00edas que representa el \u00faltimo mes en curso.<\/p>\n\n\n\n<p>Seg\u00fan datos aportados por el Ministerio de Turismo de la Provincia, los arribos en puerto Iguaz\u00fa superaron los 17 mil visitantes, generando m\u00e1s de 48 mil pernoctaciones.<\/p>\n\n\n\n<p>La estad\u00eda se mantuvo en 3,3 noches durante el fin de semana largo, en concordancia con lo apreciado en las estacionalidades quincenales de los meses de temporada alta.<\/p>\n\n\n\n<p>A su vez, el movimiento econ\u00f3mico que dejaron los turistas en Iguaz\u00fa super\u00f3 los 134 millones de pesos. Si bien son datos alentadores, todav\u00eda falta. Cuesta recuperarse porque se transit\u00f3 un a\u00f1o y medio de facturaci\u00f3n cero para el destino.<\/p>\n\n\n\n<p>A todos nos sigue costando a\u00fan, porque hay que ir cubriendo pasivos que dejo la pandemia; pero, claramente, celebramos como se est\u00e1 manifestando el desarrollo de la actividad.<\/p>\n\n\n\n<figure class=\"wp-block-image size-large\"><a href=\"https:\/\/cvinoticias.com\/wp-content\/uploads\/2022\/03\/imagepng.png\"><img decoding=\"async\" width=\"1024\" height=\"573\" data-src=\"https:\/\/cvinoticias.com\/wp-content\/uploads\/2022\/03\/imagepng-1024x573.png\" alt=\"\" class=\"wp-image-13705 lazyload\" data-srcset=\"https:\/\/cvinoticias.com\/wp-content\/uploads\/2022\/03\/imagepng-1024x573.png 1024w, https:\/\/cvinoticias.com\/wp-content\/uploads\/2022\/03\/imagepng-300x168.png 300w, https:\/\/cvinoticias.com\/wp-content\/uploads\/2022\/03\/imagepng-768x430.png 768w, https:\/\/cvinoticias.com\/wp-content\/uploads\/2022\/03\/imagepng.png 1200w\" data-sizes=\"(max-width: 1024px) 100vw, 1024px\" src=\"data:image\/svg+xml;base64,PHN2ZyB3aWR0aD0iMSIgaGVpZ2h0PSIxIiB4bWxucz0iaHR0cDovL3d3dy53My5vcmcvMjAwMC9zdmciPjwvc3ZnPg==\" style=\"--smush-placeholder-width: 1024px; --smush-placeholder-aspect-ratio: 1024\/573;\" \/><\/a><\/figure>\n\n\n\n<p><strong>Fuente: Prensa Iturem <\/strong><\/p>\n","protected":false},"excerpt":{"rendered":"<p>La ocupaci\u00f3n en la ciudad de las cataratas fue del 92% en el fin de semana XXL de carnaval. Visitaron el Parque Nacional Iguaz\u00fa, durante estos d\u00edas, un total de 24.751 personas, con un fuerte pico el d\u00eda domingo de 9149 ingresantes. El mes de febrero cerr\u00f3 con 142.116 visitantes, frente a los 140.503 que [&hellip;]<\/p>\n","protected":false},"author":2,"featured_media":13706,"comment_status":"open","ping_status":"open","sticky":false,"template":"","format":"standard","meta":{"footnotes":""},"categories":[50],"tags":[],"class_list":["post-13704","post","type-post","status-publish","format-standard","has-post-thumbnail","hentry","category-turismo"],"yoast_head":"<!-- This site is optimized with the Yoast SEO plugin v27.5 - https:\/\/yoast.com\/product\/yoast-seo-wordpress\/ -->\n<title>El fin de semana XXL de carnaval vsitaron el Parque Nacional Iguaz\u00fa un total de 24.751 personas | CVI NOTICIAS<\/title>\n<meta name=\"robots\" content=\"index, follow, max-snippet:-1, max-image-preview:large, max-video-preview:-1\" \/>\n<link rel=\"canonical\" href=\"https:\/\/cvinoticias.com\/v3\/el-fin-de-semana-xxl-de-carnaval-vsitaron-el-parque-nacional-iguazu-un-total-de-24-751-personas\/\" \/>\n<meta property=\"og:locale\" content=\"es_ES\" \/>\n<meta property=\"og:type\" content=\"article\" \/>\n<meta property=\"og:title\" content=\"El fin de semana XXL de carnaval vsitaron el Parque Nacional Iguaz\u00fa un total de 24.751 personas | CVI NOTICIAS\" \/>\n<meta property=\"og:description\" content=\"La ocupaci\u00f3n en la ciudad de las cataratas fue del 92% en el fin de semana XXL de carnaval. Visitaron el Parque Nacional Iguaz\u00fa, durante estos d\u00edas, un total de 24.751 personas, con un fuerte pico el d\u00eda domingo de 9149 ingresantes. El mes de febrero cerr\u00f3 con 142.116 visitantes, frente a los 140.503 que [&hellip;]\" \/>\n<meta property=\"og:url\" content=\"https:\/\/cvinoticias.com\/v3\/el-fin-de-semana-xxl-de-carnaval-vsitaron-el-parque-nacional-iguazu-un-total-de-24-751-personas\/\" \/>\n<meta property=\"og:site_name\" content=\"CVI NOTICIAS\" \/>\n<meta property=\"article:publisher\" content=\"https:\/\/www.facebook.com\/cvinoticias\" \/>\n<meta property=\"article:published_time\" content=\"2022-03-01T14:26:16+00:00\" \/>\n<meta property=\"og:image\" content=\"https:\/\/cvinoticias.com\/wp-content\/uploads\/2022\/03\/cataratas-iguazu-4-39h72hnuo7lg-3f0grtih7j60.jpg\" \/>\n\t<meta property=\"og:image:width\" content=\"816\" \/>\n\t<meta property=\"og:image:height\" content=\"500\" \/>\n\t<meta property=\"og:image:type\" content=\"image\/jpeg\" \/>\n<meta name=\"author\" content=\"f1000024\" \/>\n<meta name=\"twitter:card\" content=\"summary_large_image\" \/>\n<meta name=\"twitter:label1\" content=\"Escrito por\" \/>\n\t<meta name=\"twitter:data1\" content=\"f1000024\" \/>\n\t<meta name=\"twitter:label2\" content=\"Tiempo de lectura\" \/>\n\t<meta name=\"twitter:data2\" content=\"1 minuto\" \/>\n<script type=\"application\/ld+json\" class=\"yoast-schema-graph\">{\"@context\":\"https:\\\/\\\/schema.org\",\"@graph\":[{\"@type\":\"Article\",\"@id\":\"https:\\\/\\\/cvinoticias.com\\\/v3\\\/el-fin-de-semana-xxl-de-carnaval-vsitaron-el-parque-nacional-iguazu-un-total-de-24-751-personas\\\/#article\",\"isPartOf\":{\"@id\":\"https:\\\/\\\/cvinoticias.com\\\/v3\\\/el-fin-de-semana-xxl-de-carnaval-vsitaron-el-parque-nacional-iguazu-un-total-de-24-751-personas\\\/\"},\"author\":{\"name\":\"f1000024\",\"@id\":\"https:\\\/\\\/cvinoticias.com\\\/v3\\\/#\\\/schema\\\/person\\\/2db77e3c6bc03c538495d7b2b8be9b66\"},\"headline\":\"El fin de semana XXL de carnaval vsitaron el Parque Nacional Iguaz\u00fa un total de 24.751 personas\",\"datePublished\":\"2022-03-01T14:26:16+00:00\",\"mainEntityOfPage\":{\"@id\":\"https:\\\/\\\/cvinoticias.com\\\/v3\\\/el-fin-de-semana-xxl-de-carnaval-vsitaron-el-parque-nacional-iguazu-un-total-de-24-751-personas\\\/\"},\"wordCount\":229,\"commentCount\":0,\"publisher\":{\"@id\":\"https:\\\/\\\/cvinoticias.com\\\/v3\\\/#organization\"},\"image\":{\"@id\":\"https:\\\/\\\/cvinoticias.com\\\/v3\\\/el-fin-de-semana-xxl-de-carnaval-vsitaron-el-parque-nacional-iguazu-un-total-de-24-751-personas\\\/#primaryimage\"},\"thumbnailUrl\":\"https:\\\/\\\/cvinoticias.com\\\/wp-content\\\/uploads\\\/2022\\\/03\\\/cataratas-iguazu-4-39h72hnuo7lg-3f0grtih7j60.jpg\",\"articleSection\":[\"Turismo\"],\"inLanguage\":\"es\",\"potentialAction\":[{\"@type\":\"CommentAction\",\"name\":\"Comment\",\"target\":[\"https:\\\/\\\/cvinoticias.com\\\/v3\\\/el-fin-de-semana-xxl-de-carnaval-vsitaron-el-parque-nacional-iguazu-un-total-de-24-751-personas\\\/#respond\"]}]},{\"@type\":\"WebPage\",\"@id\":\"https:\\\/\\\/cvinoticias.com\\\/v3\\\/el-fin-de-semana-xxl-de-carnaval-vsitaron-el-parque-nacional-iguazu-un-total-de-24-751-personas\\\/\",\"url\":\"https:\\\/\\\/cvinoticias.com\\\/v3\\\/el-fin-de-semana-xxl-de-carnaval-vsitaron-el-parque-nacional-iguazu-un-total-de-24-751-personas\\\/\",\"name\":\"El fin de semana XXL de carnaval vsitaron el Parque Nacional Iguaz\u00fa un total de 24.751 personas | CVI NOTICIAS\",\"isPartOf\":{\"@id\":\"https:\\\/\\\/cvinoticias.com\\\/v3\\\/#website\"},\"primaryImageOfPage\":{\"@id\":\"https:\\\/\\\/cvinoticias.com\\\/v3\\\/el-fin-de-semana-xxl-de-carnaval-vsitaron-el-parque-nacional-iguazu-un-total-de-24-751-personas\\\/#primaryimage\"},\"image\":{\"@id\":\"https:\\\/\\\/cvinoticias.com\\\/v3\\\/el-fin-de-semana-xxl-de-carnaval-vsitaron-el-parque-nacional-iguazu-un-total-de-24-751-personas\\\/#primaryimage\"},\"thumbnailUrl\":\"https:\\\/\\\/cvinoticias.com\\\/wp-content\\\/uploads\\\/2022\\\/03\\\/cataratas-iguazu-4-39h72hnuo7lg-3f0grtih7j60.jpg\",\"datePublished\":\"2022-03-01T14:26:16+00:00\",\"breadcrumb\":{\"@id\":\"https:\\\/\\\/cvinoticias.com\\\/v3\\\/el-fin-de-semana-xxl-de-carnaval-vsitaron-el-parque-nacional-iguazu-un-total-de-24-751-personas\\\/#breadcrumb\"},\"inLanguage\":\"es\",\"potentialAction\":[{\"@type\":\"ReadAction\",\"target\":[\"https:\\\/\\\/cvinoticias.com\\\/v3\\\/el-fin-de-semana-xxl-de-carnaval-vsitaron-el-parque-nacional-iguazu-un-total-de-24-751-personas\\\/\"]}]},{\"@type\":\"ImageObject\",\"inLanguage\":\"es\",\"@id\":\"https:\\\/\\\/cvinoticias.com\\\/v3\\\/el-fin-de-semana-xxl-de-carnaval-vsitaron-el-parque-nacional-iguazu-un-total-de-24-751-personas\\\/#primaryimage\",\"url\":\"https:\\\/\\\/cvinoticias.com\\\/wp-content\\\/uploads\\\/2022\\\/03\\\/cataratas-iguazu-4-39h72hnuo7lg-3f0grtih7j60.jpg\",\"contentUrl\":\"https:\\\/\\\/cvinoticias.com\\\/wp-content\\\/uploads\\\/2022\\\/03\\\/cataratas-iguazu-4-39h72hnuo7lg-3f0grtih7j60.jpg\",\"width\":816,\"height\":500},{\"@type\":\"BreadcrumbList\",\"@id\":\"https:\\\/\\\/cvinoticias.com\\\/v3\\\/el-fin-de-semana-xxl-de-carnaval-vsitaron-el-parque-nacional-iguazu-un-total-de-24-751-personas\\\/#breadcrumb\",\"itemListElement\":[{\"@type\":\"ListItem\",\"position\":1,\"name\":\"Portada\",\"item\":\"https:\\\/\\\/cvinoticias.com\\\/v3\\\/\"},{\"@type\":\"ListItem\",\"position\":2,\"name\":\"El fin de semana XXL de carnaval vsitaron el Parque Nacional Iguaz\u00fa un total de 24.751 personas\"}]},{\"@type\":\"WebSite\",\"@id\":\"https:\\\/\\\/cvinoticias.com\\\/v3\\\/#website\",\"url\":\"https:\\\/\\\/cvinoticias.com\\\/v3\\\/\",\"name\":\"CVI NOTICIAS\",\"description\":\"\",\"publisher\":{\"@id\":\"https:\\\/\\\/cvinoticias.com\\\/v3\\\/#organization\"},\"alternateName\":\"CVI\",\"potentialAction\":[{\"@type\":\"SearchAction\",\"target\":{\"@type\":\"EntryPoint\",\"urlTemplate\":\"https:\\\/\\\/cvinoticias.com\\\/v3\\\/?s={search_term_string}\"},\"query-input\":{\"@type\":\"PropertyValueSpecification\",\"valueRequired\":true,\"valueName\":\"search_term_string\"}}],\"inLanguage\":\"es\"},{\"@type\":\"Organization\",\"@id\":\"https:\\\/\\\/cvinoticias.com\\\/v3\\\/#organization\",\"name\":\"CVI NOTICIAS\",\"url\":\"https:\\\/\\\/cvinoticias.com\\\/v3\\\/\",\"logo\":{\"@type\":\"ImageObject\",\"inLanguage\":\"es\",\"@id\":\"https:\\\/\\\/cvinoticias.com\\\/v3\\\/#\\\/schema\\\/logo\\\/image\\\/\",\"url\":\"https:\\\/\\\/cvinoticias.com\\\/wp-content\\\/uploads\\\/2023\\\/04\\\/cropped-cropped-cropped-cropped-cropped-3-1.png\",\"contentUrl\":\"https:\\\/\\\/cvinoticias.com\\\/wp-content\\\/uploads\\\/2023\\\/04\\\/cropped-cropped-cropped-cropped-cropped-3-1.png\",\"width\":95,\"height\":122,\"caption\":\"CVI NOTICIAS\"},\"image\":{\"@id\":\"https:\\\/\\\/cvinoticias.com\\\/v3\\\/#\\\/schema\\\/logo\\\/image\\\/\"},\"sameAs\":[\"https:\\\/\\\/www.facebook.com\\\/cvinoticias\",\"https:\\\/\\\/www.instagram.com\\\/cvinoticias\\\/\",\"https:\\\/\\\/www.youtube.com\\\/@CVINOTICIAS\"]},{\"@type\":\"Person\",\"@id\":\"https:\\\/\\\/cvinoticias.com\\\/v3\\\/#\\\/schema\\\/person\\\/2db77e3c6bc03c538495d7b2b8be9b66\",\"name\":\"f1000024\",\"image\":{\"@type\":\"ImageObject\",\"inLanguage\":\"es\",\"@id\":\"https:\\\/\\\/secure.gravatar.com\\\/avatar\\\/d4fe7459cfc51ff5129ce1a732bbef5928568b8092d412ef95611616376bbeed?s=96&d=mm&r=g\",\"url\":\"https:\\\/\\\/secure.gravatar.com\\\/avatar\\\/d4fe7459cfc51ff5129ce1a732bbef5928568b8092d412ef95611616376bbeed?s=96&d=mm&r=g\",\"contentUrl\":\"https:\\\/\\\/secure.gravatar.com\\\/avatar\\\/d4fe7459cfc51ff5129ce1a732bbef5928568b8092d412ef95611616376bbeed?s=96&d=mm&r=g\",\"caption\":\"f1000024\"},\"url\":\"https:\\\/\\\/cvinoticias.com\\\/v3\\\/author\\\/f1000024\\\/\"}]}<\/script>\n<!-- \/ Yoast SEO plugin. -->","yoast_head_json":{"title":"El fin de semana XXL de carnaval vsitaron el Parque Nacional Iguaz\u00fa un total de 24.751 personas | CVI NOTICIAS","robots":{"index":"index","follow":"follow","max-snippet":"max-snippet:-1","max-image-preview":"max-image-preview:large","max-video-preview":"max-video-preview:-1"},"canonical":"https:\/\/cvinoticias.com\/v3\/el-fin-de-semana-xxl-de-carnaval-vsitaron-el-parque-nacional-iguazu-un-total-de-24-751-personas\/","og_locale":"es_ES","og_type":"article","og_title":"El fin de semana XXL de carnaval vsitaron el Parque Nacional Iguaz\u00fa un total de 24.751 personas | CVI NOTICIAS","og_description":"La ocupaci\u00f3n en la ciudad de las cataratas fue del 92% en el fin de semana XXL de carnaval. Visitaron el Parque Nacional Iguaz\u00fa, durante estos d\u00edas, un total de 24.751 personas, con un fuerte pico el d\u00eda domingo de 9149 ingresantes. El mes de febrero cerr\u00f3 con 142.116 visitantes, frente a los 140.503 que [&hellip;]","og_url":"https:\/\/cvinoticias.com\/v3\/el-fin-de-semana-xxl-de-carnaval-vsitaron-el-parque-nacional-iguazu-un-total-de-24-751-personas\/","og_site_name":"CVI NOTICIAS","article_publisher":"https:\/\/www.facebook.com\/cvinoticias","article_published_time":"2022-03-01T14:26:16+00:00","og_image":[{"width":816,"height":500,"url":"https:\/\/cvinoticias.com\/wp-content\/uploads\/2022\/03\/cataratas-iguazu-4-39h72hnuo7lg-3f0grtih7j60.jpg","type":"image\/jpeg"}],"author":"f1000024","twitter_card":"summary_large_image","twitter_misc":{"Escrito por":"f1000024","Tiempo de lectura":"1 minuto"},"schema":{"@context":"https:\/\/schema.org","@graph":[{"@type":"Article","@id":"https:\/\/cvinoticias.com\/v3\/el-fin-de-semana-xxl-de-carnaval-vsitaron-el-parque-nacional-iguazu-un-total-de-24-751-personas\/#article","isPartOf":{"@id":"https:\/\/cvinoticias.com\/v3\/el-fin-de-semana-xxl-de-carnaval-vsitaron-el-parque-nacional-iguazu-un-total-de-24-751-personas\/"},"author":{"name":"f1000024","@id":"https:\/\/cvinoticias.com\/v3\/#\/schema\/person\/2db77e3c6bc03c538495d7b2b8be9b66"},"headline":"El fin de semana XXL de carnaval vsitaron el Parque Nacional Iguaz\u00fa un total de 24.751 personas","datePublished":"2022-03-01T14:26:16+00:00","mainEntityOfPage":{"@id":"https:\/\/cvinoticias.com\/v3\/el-fin-de-semana-xxl-de-carnaval-vsitaron-el-parque-nacional-iguazu-un-total-de-24-751-personas\/"},"wordCount":229,"commentCount":0,"publisher":{"@id":"https:\/\/cvinoticias.com\/v3\/#organization"},"image":{"@id":"https:\/\/cvinoticias.com\/v3\/el-fin-de-semana-xxl-de-carnaval-vsitaron-el-parque-nacional-iguazu-un-total-de-24-751-personas\/#primaryimage"},"thumbnailUrl":"https:\/\/cvinoticias.com\/wp-content\/uploads\/2022\/03\/cataratas-iguazu-4-39h72hnuo7lg-3f0grtih7j60.jpg","articleSection":["Turismo"],"inLanguage":"es","potentialAction":[{"@type":"CommentAction","name":"Comment","target":["https:\/\/cvinoticias.com\/v3\/el-fin-de-semana-xxl-de-carnaval-vsitaron-el-parque-nacional-iguazu-un-total-de-24-751-personas\/#respond"]}]},{"@type":"WebPage","@id":"https:\/\/cvinoticias.com\/v3\/el-fin-de-semana-xxl-de-carnaval-vsitaron-el-parque-nacional-iguazu-un-total-de-24-751-personas\/","url":"https:\/\/cvinoticias.com\/v3\/el-fin-de-semana-xxl-de-carnaval-vsitaron-el-parque-nacional-iguazu-un-total-de-24-751-personas\/","name":"El fin de semana XXL de carnaval vsitaron el Parque Nacional Iguaz\u00fa un total de 24.751 personas | CVI NOTICIAS","isPartOf":{"@id":"https:\/\/cvinoticias.com\/v3\/#website"},"primaryImageOfPage":{"@id":"https:\/\/cvinoticias.com\/v3\/el-fin-de-semana-xxl-de-carnaval-vsitaron-el-parque-nacional-iguazu-un-total-de-24-751-personas\/#primaryimage"},"image":{"@id":"https:\/\/cvinoticias.com\/v3\/el-fin-de-semana-xxl-de-carnaval-vsitaron-el-parque-nacional-iguazu-un-total-de-24-751-personas\/#primaryimage"},"thumbnailUrl":"https:\/\/cvinoticias.com\/wp-content\/uploads\/2022\/03\/cataratas-iguazu-4-39h72hnuo7lg-3f0grtih7j60.jpg","datePublished":"2022-03-01T14:26:16+00:00","breadcrumb":{"@id":"https:\/\/cvinoticias.com\/v3\/el-fin-de-semana-xxl-de-carnaval-vsitaron-el-parque-nacional-iguazu-un-total-de-24-751-personas\/#breadcrumb"},"inLanguage":"es","potentialAction":[{"@type":"ReadAction","target":["https:\/\/cvinoticias.com\/v3\/el-fin-de-semana-xxl-de-carnaval-vsitaron-el-parque-nacional-iguazu-un-total-de-24-751-personas\/"]}]},{"@type":"ImageObject","inLanguage":"es","@id":"https:\/\/cvinoticias.com\/v3\/el-fin-de-semana-xxl-de-carnaval-vsitaron-el-parque-nacional-iguazu-un-total-de-24-751-personas\/#primaryimage","url":"https:\/\/cvinoticias.com\/wp-content\/uploads\/2022\/03\/cataratas-iguazu-4-39h72hnuo7lg-3f0grtih7j60.jpg","contentUrl":"https:\/\/cvinoticias.com\/wp-content\/uploads\/2022\/03\/cataratas-iguazu-4-39h72hnuo7lg-3f0grtih7j60.jpg","width":816,"height":500},{"@type":"BreadcrumbList","@id":"https:\/\/cvinoticias.com\/v3\/el-fin-de-semana-xxl-de-carnaval-vsitaron-el-parque-nacional-iguazu-un-total-de-24-751-personas\/#breadcrumb","itemListElement":[{"@type":"ListItem","position":1,"name":"Portada","item":"https:\/\/cvinoticias.com\/v3\/"},{"@type":"ListItem","position":2,"name":"El fin de semana XXL de carnaval vsitaron el Parque Nacional Iguaz\u00fa un total de 24.751 personas"}]},{"@type":"WebSite","@id":"https:\/\/cvinoticias.com\/v3\/#website","url":"https:\/\/cvinoticias.com\/v3\/","name":"CVI NOTICIAS","description":"","publisher":{"@id":"https:\/\/cvinoticias.com\/v3\/#organization"},"alternateName":"CVI","potentialAction":[{"@type":"SearchAction","target":{"@type":"EntryPoint","urlTemplate":"https:\/\/cvinoticias.com\/v3\/?s={search_term_string}"},"query-input":{"@type":"PropertyValueSpecification","valueRequired":true,"valueName":"search_term_string"}}],"inLanguage":"es"},{"@type":"Organization","@id":"https:\/\/cvinoticias.com\/v3\/#organization","name":"CVI NOTICIAS","url":"https:\/\/cvinoticias.com\/v3\/","logo":{"@type":"ImageObject","inLanguage":"es","@id":"https:\/\/cvinoticias.com\/v3\/#\/schema\/logo\/image\/","url":"https:\/\/cvinoticias.com\/wp-content\/uploads\/2023\/04\/cropped-cropped-cropped-cropped-cropped-3-1.png","contentUrl":"https:\/\/cvinoticias.com\/wp-content\/uploads\/2023\/04\/cropped-cropped-cropped-cropped-cropped-3-1.png","width":95,"height":122,"caption":"CVI NOTICIAS"},"image":{"@id":"https:\/\/cvinoticias.com\/v3\/#\/schema\/logo\/image\/"},"sameAs":["https:\/\/www.facebook.com\/cvinoticias","https:\/\/www.instagram.com\/cvinoticias\/","https:\/\/www.youtube.com\/@CVINOTICIAS"]},{"@type":"Person","@id":"https:\/\/cvinoticias.com\/v3\/#\/schema\/person\/2db77e3c6bc03c538495d7b2b8be9b66","name":"f1000024","image":{"@type":"ImageObject","inLanguage":"es","@id":"https:\/\/secure.gravatar.com\/avatar\/d4fe7459cfc51ff5129ce1a732bbef5928568b8092d412ef95611616376bbeed?s=96&d=mm&r=g","url":"https:\/\/secure.gravatar.com\/avatar\/d4fe7459cfc51ff5129ce1a732bbef5928568b8092d412ef95611616376bbeed?s=96&d=mm&r=g","contentUrl":"https:\/\/secure.gravatar.com\/avatar\/d4fe7459cfc51ff5129ce1a732bbef5928568b8092d412ef95611616376bbeed?s=96&d=mm&r=g","caption":"f1000024"},"url":"https:\/\/cvinoticias.com\/v3\/author\/f1000024\/"}]}},"_links":{"self":[{"href":"https:\/\/cvinoticias.com\/v3\/wp-json\/wp\/v2\/posts\/13704","targetHints":{"allow":["GET"]}}],"collection":[{"href":"https:\/\/cvinoticias.com\/v3\/wp-json\/wp\/v2\/posts"}],"about":[{"href":"https:\/\/cvinoticias.com\/v3\/wp-json\/wp\/v2\/types\/post"}],"author":[{"embeddable":true,"href":"https:\/\/cvinoticias.com\/v3\/wp-json\/wp\/v2\/users\/2"}],"replies":[{"embeddable":true,"href":"https:\/\/cvinoticias.com\/v3\/wp-json\/wp\/v2\/comments?post=13704"}],"version-history":[{"count":1,"href":"https:\/\/cvinoticias.com\/v3\/wp-json\/wp\/v2\/posts\/13704\/revisions"}],"predecessor-version":[{"id":13707,"href":"https:\/\/cvinoticias.com\/v3\/wp-json\/wp\/v2\/posts\/13704\/revisions\/13707"}],"wp:featuredmedia":[{"embeddable":true,"href":"https:\/\/cvinoticias.com\/v3\/wp-json\/wp\/v2\/media\/13706"}],"wp:attachment":[{"href":"https:\/\/cvinoticias.com\/v3\/wp-json\/wp\/v2\/media?parent=13704"}],"wp:term":[{"taxonomy":"category","embeddable":true,"href":"https:\/\/cvinoticias.com\/v3\/wp-json\/wp\/v2\/categories?post=13704"},{"taxonomy":"post_tag","embeddable":true,"href":"https:\/\/cvinoticias.com\/v3\/wp-json\/wp\/v2\/tags?post=13704"}],"curies":[{"name":"wp","href":"https:\/\/api.w.org\/{rel}","templated":true}]}}