{"id":13441,"date":"2022-02-21T05:20:54","date_gmt":"2022-02-21T05:20:54","guid":{"rendered":"https:\/\/cvinoticias.com\/v3\/?p=13441"},"modified":"2022-02-21T05:20:54","modified_gmt":"2022-02-21T05:20:54","slug":"hoy-inicia-el-ciclo-lectivo-2022-en-misiones","status":"publish","type":"post","link":"https:\/\/cvinoticias.com\/v3\/hoy-inicia-el-ciclo-lectivo-2022-en-misiones\/","title":{"rendered":"Hoy inicia el ciclo lectivo 2022 en Misiones"},"content":{"rendered":"\n<p><strong><em>Este lunes se inicia de manera oficial el ciclo lectivo 2022 en Misiones con la presentaci\u00f3n de los directivos, docentes y personal administrativo. En tanto, desde el martes los estudiantes rendir\u00e1n los ex\u00e1menes de materias adeudadas, mientras que a partir del pr\u00f3ximo 2 de marzo y hasta el 19 de diciembre concurrir\u00e1n los alumnos de los diferentes niveles.<\/em><\/strong><\/p>\n\n\n\n<p>As\u00ed se estableci\u00f3 el a\u00f1o pasado en la resoluci\u00f3n 5938\/2021, del Consejo General de Educaci\u00f3n (CGE). Por otra parte las mesas de previas se rendir\u00e1n desde el 25 de julio al 5 de agosto, y las vacaciones de invierno ser\u00e1n desde 11 y hasta el 22 de julio.<\/p>\n\n\n\n<h5 class=\"wp-block-heading\" id=\"regreso-a-clases-las-recomendaciones-del-comite-cientifico\">Regreso a clases: las recomendaciones del Comit\u00e9 Cient\u00edfico<\/h5>\n\n\n\n<p>&#x2714;&#xfe0f; Gracias al avance del plan estrat\u00e9gico de vacunaci\u00f3n y a la aplicaci\u00f3n de las normas de bioseguridad vigentes en las escuelas\u00a0se recomienda la eliminaci\u00f3n de las burbujas, en los recreos y en las aulas.<\/p>\n\n\n\n<p>&#x2714;&#xfe0f;Se recuerda que se mantiene la vigencia de la\u00a0obligatoriedad del uso del barbijo\u00a0(establecido por la ley XVII N 118)\u00a0en docentes y estudiantes\u00a0a partir del 1er grado, as\u00ed como las recomendaciones referidas al\u00a0distanciamiento m\u00ednimo, la ventilaci\u00f3n cruzada, el lavado de manos\u00a0y dem\u00e1s requisitos establecidos en los\u00a0protocolos escolares vigentes\u00a0para un regreso seguro a las aulas misioneras.<\/p>\n\n\n\n<p>&#x2714;&#xfe0f; Se insta a los docentes de todos los niveles a completar el esquema de vacunaci\u00f3n. Sin embargo si alguno opta por no vacunarse por cuestiones personales, debe presentar una Declaraci\u00f3n Jurada de Responsabilidad Sanitaria, donde el docente se responsabiliza por las consecuencias en su salud producto de tal decisi\u00f3n.<\/p>\n\n\n\n<p>&#x2714;&#xfe0f;Se recomienda la presentaci\u00f3n del pasaporte sanitario con esquema sanitario completo (3\u00b0 dosis) a partir de los 12 a\u00f1os (excepto instituciones educativas) en todos los lugares que presenten concurrencia masiva de personas.<\/p>\n\n\n\n<p>&#x2714;&#xfe0f;Se recomienda al CGE a emitir normativas que establezcan el\u00a0aislamiento de 7 d\u00edas corridos\u00a0para los docentes con certificaci\u00f3n de Covid (+) (Diag. Cl\u00ednico o PCR) para docentes con esquema de vacunaci\u00f3n completos y\u00a010 d\u00edas de corrido\u00a0para aquellos docentes que no posean el esquema de vacunaci\u00f3n completos.<\/p>\n\n\n\n<p>&#x2714;&#xfe0f;Para los contactos estrechos convivientes sin s\u00edntomas Covid (+) no se recomienda aislamiento, si fortalecimiento estricto del protocolo y seguimiento por la posible aparici\u00f3n de s\u00edntomas.<\/p>\n\n\n\n<p>&#x2714;&#xfe0f; Por el momento la 4ta. dosis o refuerzo es recomendada \u00fanicamente para aquellas personas inmunosuprimidas o para mayores de 50 a\u00f1os que hayan completado el esquema de vacunaci\u00f3n con la vacuna SINOPHARM.<\/p>\n\n\n\n<p>&#x2714;&#xfe0f; Se aconseja\u00a0completar el esquema de vacunaci\u00f3n anual\u00a0obligatoria a todos los estudiantes al momento del ingreso escolar.<\/p>\n\n\n\n<p>&#x2714;&#xfe0f; Se recomienda a los postulantes para el ingreso a la docencia, cumplimentar el esquema de vacunaci\u00f3n obligatoria as\u00ed como el esquema de vacunaci\u00f3n contra el Covid 19. Deber\u00e1 estar contemplado en el examen PsicoF\u00edsico Preocupacional.<\/p>\n\n\n\n<p>&#x2714;&#xfe0f; Se insta a los docentes y trabajadores de los Centros Materno Infantiles a completar el esquema de vacunaci\u00f3n Covid 19 como estrategia de protecci\u00f3n de los ni\u00f1as y ni\u00f1os que no est\u00e1n incluidos en el plan estrat\u00e9gico por ser menores de 3 a\u00f1os.<\/p>\n","protected":false},"excerpt":{"rendered":"<p>Este lunes se inicia de manera oficial el ciclo lectivo 2022 en Misiones con la presentaci\u00f3n de los directivos, docentes y personal administrativo. En tanto, desde el martes los estudiantes rendir\u00e1n los ex\u00e1menes de materias adeudadas, mientras que a partir del pr\u00f3ximo 2 de marzo y hasta el 19 de diciembre concurrir\u00e1n los alumnos de [&hellip;]<\/p>\n","protected":false},"author":2,"featured_media":13442,"comment_status":"open","ping_status":"open","sticky":false,"template":"","format":"standard","meta":{"footnotes":""},"categories":[26],"tags":[],"class_list":["post-13441","post","type-post","status-publish","format-standard","has-post-thumbnail","hentry","category-educacion"],"yoast_head":"<!-- This site is optimized with the Yoast SEO plugin v27.5 - https:\/\/yoast.com\/product\/yoast-seo-wordpress\/ -->\n<title>Hoy inicia el ciclo lectivo 2022 en Misiones | CVI NOTICIAS<\/title>\n<meta name=\"robots\" content=\"index, follow, max-snippet:-1, max-image-preview:large, max-video-preview:-1\" \/>\n<link rel=\"canonical\" href=\"https:\/\/cvinoticias.com\/v3\/hoy-inicia-el-ciclo-lectivo-2022-en-misiones\/\" \/>\n<meta property=\"og:locale\" content=\"es_ES\" \/>\n<meta property=\"og:type\" content=\"article\" \/>\n<meta property=\"og:title\" content=\"Hoy inicia el ciclo lectivo 2022 en Misiones | CVI NOTICIAS\" \/>\n<meta property=\"og:description\" content=\"Este lunes se inicia de manera oficial el ciclo lectivo 2022 en Misiones con la presentaci\u00f3n de los directivos, docentes y personal administrativo. En tanto, desde el martes los estudiantes rendir\u00e1n los ex\u00e1menes de materias adeudadas, mientras que a partir del pr\u00f3ximo 2 de marzo y hasta el 19 de diciembre concurrir\u00e1n los alumnos de [&hellip;]\" \/>\n<meta property=\"og:url\" content=\"https:\/\/cvinoticias.com\/v3\/hoy-inicia-el-ciclo-lectivo-2022-en-misiones\/\" \/>\n<meta property=\"og:site_name\" content=\"CVI NOTICIAS\" \/>\n<meta property=\"article:publisher\" content=\"https:\/\/www.facebook.com\/cvinoticias\" \/>\n<meta property=\"article:published_time\" content=\"2022-02-21T05:20:54+00:00\" \/>\n<meta property=\"og:image\" content=\"https:\/\/cvinoticias.com\/wp-content\/uploads\/2022\/02\/images-3.jpeg\" \/>\n\t<meta property=\"og:image:width\" content=\"322\" \/>\n\t<meta property=\"og:image:height\" content=\"157\" \/>\n\t<meta property=\"og:image:type\" content=\"image\/jpeg\" \/>\n<meta name=\"author\" content=\"f1000024\" \/>\n<meta name=\"twitter:card\" content=\"summary_large_image\" \/>\n<meta name=\"twitter:label1\" content=\"Escrito por\" \/>\n\t<meta name=\"twitter:data1\" content=\"f1000024\" \/>\n\t<meta name=\"twitter:label2\" content=\"Tiempo de lectura\" \/>\n\t<meta name=\"twitter:data2\" content=\"3 minutos\" \/>\n<script type=\"application\/ld+json\" class=\"yoast-schema-graph\">{\"@context\":\"https:\\\/\\\/schema.org\",\"@graph\":[{\"@type\":\"Article\",\"@id\":\"https:\\\/\\\/cvinoticias.com\\\/v3\\\/hoy-inicia-el-ciclo-lectivo-2022-en-misiones\\\/#article\",\"isPartOf\":{\"@id\":\"https:\\\/\\\/cvinoticias.com\\\/v3\\\/hoy-inicia-el-ciclo-lectivo-2022-en-misiones\\\/\"},\"author\":{\"name\":\"f1000024\",\"@id\":\"https:\\\/\\\/cvinoticias.com\\\/v3\\\/#\\\/schema\\\/person\\\/2db77e3c6bc03c538495d7b2b8be9b66\"},\"headline\":\"Hoy inicia el ciclo lectivo 2022 en Misiones\",\"datePublished\":\"2022-02-21T05:20:54+00:00\",\"mainEntityOfPage\":{\"@id\":\"https:\\\/\\\/cvinoticias.com\\\/v3\\\/hoy-inicia-el-ciclo-lectivo-2022-en-misiones\\\/\"},\"wordCount\":559,\"commentCount\":0,\"publisher\":{\"@id\":\"https:\\\/\\\/cvinoticias.com\\\/v3\\\/#organization\"},\"image\":{\"@id\":\"https:\\\/\\\/cvinoticias.com\\\/v3\\\/hoy-inicia-el-ciclo-lectivo-2022-en-misiones\\\/#primaryimage\"},\"thumbnailUrl\":\"https:\\\/\\\/cvinoticias.com\\\/wp-content\\\/uploads\\\/2022\\\/02\\\/images-3.jpeg\",\"articleSection\":[\"Educacion\"],\"inLanguage\":\"es\",\"potentialAction\":[{\"@type\":\"CommentAction\",\"name\":\"Comment\",\"target\":[\"https:\\\/\\\/cvinoticias.com\\\/v3\\\/hoy-inicia-el-ciclo-lectivo-2022-en-misiones\\\/#respond\"]}]},{\"@type\":\"WebPage\",\"@id\":\"https:\\\/\\\/cvinoticias.com\\\/v3\\\/hoy-inicia-el-ciclo-lectivo-2022-en-misiones\\\/\",\"url\":\"https:\\\/\\\/cvinoticias.com\\\/v3\\\/hoy-inicia-el-ciclo-lectivo-2022-en-misiones\\\/\",\"name\":\"Hoy inicia el ciclo lectivo 2022 en Misiones | CVI NOTICIAS\",\"isPartOf\":{\"@id\":\"https:\\\/\\\/cvinoticias.com\\\/v3\\\/#website\"},\"primaryImageOfPage\":{\"@id\":\"https:\\\/\\\/cvinoticias.com\\\/v3\\\/hoy-inicia-el-ciclo-lectivo-2022-en-misiones\\\/#primaryimage\"},\"image\":{\"@id\":\"https:\\\/\\\/cvinoticias.com\\\/v3\\\/hoy-inicia-el-ciclo-lectivo-2022-en-misiones\\\/#primaryimage\"},\"thumbnailUrl\":\"https:\\\/\\\/cvinoticias.com\\\/wp-content\\\/uploads\\\/2022\\\/02\\\/images-3.jpeg\",\"datePublished\":\"2022-02-21T05:20:54+00:00\",\"breadcrumb\":{\"@id\":\"https:\\\/\\\/cvinoticias.com\\\/v3\\\/hoy-inicia-el-ciclo-lectivo-2022-en-misiones\\\/#breadcrumb\"},\"inLanguage\":\"es\",\"potentialAction\":[{\"@type\":\"ReadAction\",\"target\":[\"https:\\\/\\\/cvinoticias.com\\\/v3\\\/hoy-inicia-el-ciclo-lectivo-2022-en-misiones\\\/\"]}]},{\"@type\":\"ImageObject\",\"inLanguage\":\"es\",\"@id\":\"https:\\\/\\\/cvinoticias.com\\\/v3\\\/hoy-inicia-el-ciclo-lectivo-2022-en-misiones\\\/#primaryimage\",\"url\":\"https:\\\/\\\/cvinoticias.com\\\/wp-content\\\/uploads\\\/2022\\\/02\\\/images-3.jpeg\",\"contentUrl\":\"https:\\\/\\\/cvinoticias.com\\\/wp-content\\\/uploads\\\/2022\\\/02\\\/images-3.jpeg\",\"width\":322,\"height\":157},{\"@type\":\"BreadcrumbList\",\"@id\":\"https:\\\/\\\/cvinoticias.com\\\/v3\\\/hoy-inicia-el-ciclo-lectivo-2022-en-misiones\\\/#breadcrumb\",\"itemListElement\":[{\"@type\":\"ListItem\",\"position\":1,\"name\":\"Portada\",\"item\":\"https:\\\/\\\/cvinoticias.com\\\/v3\\\/\"},{\"@type\":\"ListItem\",\"position\":2,\"name\":\"Hoy inicia el ciclo lectivo 2022 en Misiones\"}]},{\"@type\":\"WebSite\",\"@id\":\"https:\\\/\\\/cvinoticias.com\\\/v3\\\/#website\",\"url\":\"https:\\\/\\\/cvinoticias.com\\\/v3\\\/\",\"name\":\"CVI NOTICIAS\",\"description\":\"\",\"publisher\":{\"@id\":\"https:\\\/\\\/cvinoticias.com\\\/v3\\\/#organization\"},\"alternateName\":\"CVI\",\"potentialAction\":[{\"@type\":\"SearchAction\",\"target\":{\"@type\":\"EntryPoint\",\"urlTemplate\":\"https:\\\/\\\/cvinoticias.com\\\/v3\\\/?s={search_term_string}\"},\"query-input\":{\"@type\":\"PropertyValueSpecification\",\"valueRequired\":true,\"valueName\":\"search_term_string\"}}],\"inLanguage\":\"es\"},{\"@type\":\"Organization\",\"@id\":\"https:\\\/\\\/cvinoticias.com\\\/v3\\\/#organization\",\"name\":\"CVI NOTICIAS\",\"url\":\"https:\\\/\\\/cvinoticias.com\\\/v3\\\/\",\"logo\":{\"@type\":\"ImageObject\",\"inLanguage\":\"es\",\"@id\":\"https:\\\/\\\/cvinoticias.com\\\/v3\\\/#\\\/schema\\\/logo\\\/image\\\/\",\"url\":\"https:\\\/\\\/cvinoticias.com\\\/wp-content\\\/uploads\\\/2023\\\/04\\\/cropped-cropped-cropped-cropped-cropped-3-1.png\",\"contentUrl\":\"https:\\\/\\\/cvinoticias.com\\\/wp-content\\\/uploads\\\/2023\\\/04\\\/cropped-cropped-cropped-cropped-cropped-3-1.png\",\"width\":95,\"height\":122,\"caption\":\"CVI NOTICIAS\"},\"image\":{\"@id\":\"https:\\\/\\\/cvinoticias.com\\\/v3\\\/#\\\/schema\\\/logo\\\/image\\\/\"},\"sameAs\":[\"https:\\\/\\\/www.facebook.com\\\/cvinoticias\",\"https:\\\/\\\/www.instagram.com\\\/cvinoticias\\\/\",\"https:\\\/\\\/www.youtube.com\\\/@CVINOTICIAS\"]},{\"@type\":\"Person\",\"@id\":\"https:\\\/\\\/cvinoticias.com\\\/v3\\\/#\\\/schema\\\/person\\\/2db77e3c6bc03c538495d7b2b8be9b66\",\"name\":\"f1000024\",\"image\":{\"@type\":\"ImageObject\",\"inLanguage\":\"es\",\"@id\":\"https:\\\/\\\/secure.gravatar.com\\\/avatar\\\/d4fe7459cfc51ff5129ce1a732bbef5928568b8092d412ef95611616376bbeed?s=96&d=mm&r=g\",\"url\":\"https:\\\/\\\/secure.gravatar.com\\\/avatar\\\/d4fe7459cfc51ff5129ce1a732bbef5928568b8092d412ef95611616376bbeed?s=96&d=mm&r=g\",\"contentUrl\":\"https:\\\/\\\/secure.gravatar.com\\\/avatar\\\/d4fe7459cfc51ff5129ce1a732bbef5928568b8092d412ef95611616376bbeed?s=96&d=mm&r=g\",\"caption\":\"f1000024\"},\"url\":\"https:\\\/\\\/cvinoticias.com\\\/v3\\\/author\\\/f1000024\\\/\"}]}<\/script>\n<!-- \/ Yoast SEO plugin. -->","yoast_head_json":{"title":"Hoy inicia el ciclo lectivo 2022 en Misiones | CVI NOTICIAS","robots":{"index":"index","follow":"follow","max-snippet":"max-snippet:-1","max-image-preview":"max-image-preview:large","max-video-preview":"max-video-preview:-1"},"canonical":"https:\/\/cvinoticias.com\/v3\/hoy-inicia-el-ciclo-lectivo-2022-en-misiones\/","og_locale":"es_ES","og_type":"article","og_title":"Hoy inicia el ciclo lectivo 2022 en Misiones | CVI NOTICIAS","og_description":"Este lunes se inicia de manera oficial el ciclo lectivo 2022 en Misiones con la presentaci\u00f3n de los directivos, docentes y personal administrativo. En tanto, desde el martes los estudiantes rendir\u00e1n los ex\u00e1menes de materias adeudadas, mientras que a partir del pr\u00f3ximo 2 de marzo y hasta el 19 de diciembre concurrir\u00e1n los alumnos de [&hellip;]","og_url":"https:\/\/cvinoticias.com\/v3\/hoy-inicia-el-ciclo-lectivo-2022-en-misiones\/","og_site_name":"CVI NOTICIAS","article_publisher":"https:\/\/www.facebook.com\/cvinoticias","article_published_time":"2022-02-21T05:20:54+00:00","og_image":[{"width":322,"height":157,"url":"https:\/\/cvinoticias.com\/wp-content\/uploads\/2022\/02\/images-3.jpeg","type":"image\/jpeg"}],"author":"f1000024","twitter_card":"summary_large_image","twitter_misc":{"Escrito por":"f1000024","Tiempo de lectura":"3 minutos"},"schema":{"@context":"https:\/\/schema.org","@graph":[{"@type":"Article","@id":"https:\/\/cvinoticias.com\/v3\/hoy-inicia-el-ciclo-lectivo-2022-en-misiones\/#article","isPartOf":{"@id":"https:\/\/cvinoticias.com\/v3\/hoy-inicia-el-ciclo-lectivo-2022-en-misiones\/"},"author":{"name":"f1000024","@id":"https:\/\/cvinoticias.com\/v3\/#\/schema\/person\/2db77e3c6bc03c538495d7b2b8be9b66"},"headline":"Hoy inicia el ciclo lectivo 2022 en Misiones","datePublished":"2022-02-21T05:20:54+00:00","mainEntityOfPage":{"@id":"https:\/\/cvinoticias.com\/v3\/hoy-inicia-el-ciclo-lectivo-2022-en-misiones\/"},"wordCount":559,"commentCount":0,"publisher":{"@id":"https:\/\/cvinoticias.com\/v3\/#organization"},"image":{"@id":"https:\/\/cvinoticias.com\/v3\/hoy-inicia-el-ciclo-lectivo-2022-en-misiones\/#primaryimage"},"thumbnailUrl":"https:\/\/cvinoticias.com\/wp-content\/uploads\/2022\/02\/images-3.jpeg","articleSection":["Educacion"],"inLanguage":"es","potentialAction":[{"@type":"CommentAction","name":"Comment","target":["https:\/\/cvinoticias.com\/v3\/hoy-inicia-el-ciclo-lectivo-2022-en-misiones\/#respond"]}]},{"@type":"WebPage","@id":"https:\/\/cvinoticias.com\/v3\/hoy-inicia-el-ciclo-lectivo-2022-en-misiones\/","url":"https:\/\/cvinoticias.com\/v3\/hoy-inicia-el-ciclo-lectivo-2022-en-misiones\/","name":"Hoy inicia el ciclo lectivo 2022 en Misiones | CVI NOTICIAS","isPartOf":{"@id":"https:\/\/cvinoticias.com\/v3\/#website"},"primaryImageOfPage":{"@id":"https:\/\/cvinoticias.com\/v3\/hoy-inicia-el-ciclo-lectivo-2022-en-misiones\/#primaryimage"},"image":{"@id":"https:\/\/cvinoticias.com\/v3\/hoy-inicia-el-ciclo-lectivo-2022-en-misiones\/#primaryimage"},"thumbnailUrl":"https:\/\/cvinoticias.com\/wp-content\/uploads\/2022\/02\/images-3.jpeg","datePublished":"2022-02-21T05:20:54+00:00","breadcrumb":{"@id":"https:\/\/cvinoticias.com\/v3\/hoy-inicia-el-ciclo-lectivo-2022-en-misiones\/#breadcrumb"},"inLanguage":"es","potentialAction":[{"@type":"ReadAction","target":["https:\/\/cvinoticias.com\/v3\/hoy-inicia-el-ciclo-lectivo-2022-en-misiones\/"]}]},{"@type":"ImageObject","inLanguage":"es","@id":"https:\/\/cvinoticias.com\/v3\/hoy-inicia-el-ciclo-lectivo-2022-en-misiones\/#primaryimage","url":"https:\/\/cvinoticias.com\/wp-content\/uploads\/2022\/02\/images-3.jpeg","contentUrl":"https:\/\/cvinoticias.com\/wp-content\/uploads\/2022\/02\/images-3.jpeg","width":322,"height":157},{"@type":"BreadcrumbList","@id":"https:\/\/cvinoticias.com\/v3\/hoy-inicia-el-ciclo-lectivo-2022-en-misiones\/#breadcrumb","itemListElement":[{"@type":"ListItem","position":1,"name":"Portada","item":"https:\/\/cvinoticias.com\/v3\/"},{"@type":"ListItem","position":2,"name":"Hoy inicia el ciclo lectivo 2022 en Misiones"}]},{"@type":"WebSite","@id":"https:\/\/cvinoticias.com\/v3\/#website","url":"https:\/\/cvinoticias.com\/v3\/","name":"CVI NOTICIAS","description":"","publisher":{"@id":"https:\/\/cvinoticias.com\/v3\/#organization"},"alternateName":"CVI","potentialAction":[{"@type":"SearchAction","target":{"@type":"EntryPoint","urlTemplate":"https:\/\/cvinoticias.com\/v3\/?s={search_term_string}"},"query-input":{"@type":"PropertyValueSpecification","valueRequired":true,"valueName":"search_term_string"}}],"inLanguage":"es"},{"@type":"Organization","@id":"https:\/\/cvinoticias.com\/v3\/#organization","name":"CVI NOTICIAS","url":"https:\/\/cvinoticias.com\/v3\/","logo":{"@type":"ImageObject","inLanguage":"es","@id":"https:\/\/cvinoticias.com\/v3\/#\/schema\/logo\/image\/","url":"https:\/\/cvinoticias.com\/wp-content\/uploads\/2023\/04\/cropped-cropped-cropped-cropped-cropped-3-1.png","contentUrl":"https:\/\/cvinoticias.com\/wp-content\/uploads\/2023\/04\/cropped-cropped-cropped-cropped-cropped-3-1.png","width":95,"height":122,"caption":"CVI NOTICIAS"},"image":{"@id":"https:\/\/cvinoticias.com\/v3\/#\/schema\/logo\/image\/"},"sameAs":["https:\/\/www.facebook.com\/cvinoticias","https:\/\/www.instagram.com\/cvinoticias\/","https:\/\/www.youtube.com\/@CVINOTICIAS"]},{"@type":"Person","@id":"https:\/\/cvinoticias.com\/v3\/#\/schema\/person\/2db77e3c6bc03c538495d7b2b8be9b66","name":"f1000024","image":{"@type":"ImageObject","inLanguage":"es","@id":"https:\/\/secure.gravatar.com\/avatar\/d4fe7459cfc51ff5129ce1a732bbef5928568b8092d412ef95611616376bbeed?s=96&d=mm&r=g","url":"https:\/\/secure.gravatar.com\/avatar\/d4fe7459cfc51ff5129ce1a732bbef5928568b8092d412ef95611616376bbeed?s=96&d=mm&r=g","contentUrl":"https:\/\/secure.gravatar.com\/avatar\/d4fe7459cfc51ff5129ce1a732bbef5928568b8092d412ef95611616376bbeed?s=96&d=mm&r=g","caption":"f1000024"},"url":"https:\/\/cvinoticias.com\/v3\/author\/f1000024\/"}]}},"_links":{"self":[{"href":"https:\/\/cvinoticias.com\/v3\/wp-json\/wp\/v2\/posts\/13441","targetHints":{"allow":["GET"]}}],"collection":[{"href":"https:\/\/cvinoticias.com\/v3\/wp-json\/wp\/v2\/posts"}],"about":[{"href":"https:\/\/cvinoticias.com\/v3\/wp-json\/wp\/v2\/types\/post"}],"author":[{"embeddable":true,"href":"https:\/\/cvinoticias.com\/v3\/wp-json\/wp\/v2\/users\/2"}],"replies":[{"embeddable":true,"href":"https:\/\/cvinoticias.com\/v3\/wp-json\/wp\/v2\/comments?post=13441"}],"version-history":[{"count":1,"href":"https:\/\/cvinoticias.com\/v3\/wp-json\/wp\/v2\/posts\/13441\/revisions"}],"predecessor-version":[{"id":13443,"href":"https:\/\/cvinoticias.com\/v3\/wp-json\/wp\/v2\/posts\/13441\/revisions\/13443"}],"wp:featuredmedia":[{"embeddable":true,"href":"https:\/\/cvinoticias.com\/v3\/wp-json\/wp\/v2\/media\/13442"}],"wp:attachment":[{"href":"https:\/\/cvinoticias.com\/v3\/wp-json\/wp\/v2\/media?parent=13441"}],"wp:term":[{"taxonomy":"category","embeddable":true,"href":"https:\/\/cvinoticias.com\/v3\/wp-json\/wp\/v2\/categories?post=13441"},{"taxonomy":"post_tag","embeddable":true,"href":"https:\/\/cvinoticias.com\/v3\/wp-json\/wp\/v2\/tags?post=13441"}],"curies":[{"name":"wp","href":"https:\/\/api.w.org\/{rel}","templated":true}]}}