{"id":13424,"date":"2022-02-20T14:01:18","date_gmt":"2022-02-20T14:01:18","guid":{"rendered":"https:\/\/cvinoticias.com\/v3\/?p=13424"},"modified":"2022-02-20T14:08:25","modified_gmt":"2022-02-20T14:08:25","slug":"la-politica-como-vocacion-por-nicolas-marchiori","status":"publish","type":"post","link":"https:\/\/cvinoticias.com\/v3\/la-politica-como-vocacion-por-nicolas-marchiori\/","title":{"rendered":"La pol\u00edtica como vocaci\u00f3n por Nicol\u00e1s Marchiori"},"content":{"rendered":"\n<p><strong><em>La gesti\u00f3n activa y el compromiso del gobierno misionero para hacer frente a la crisis generada por el avance del fuego contrasta fuertemente con el escenario de cat\u00e1strofe que afecta a la vecina provincia de Corrientes debido a la desidia gubernamental.<\/em><\/strong><\/p>\n\n\n\n<p>En l\u00edneas generales, la pol\u00edtica est\u00e1 funcionando mal y no est\u00e1 cumpliendo con su rol. Muchos dirigentes pol\u00edticos no han tomado conciencia todav\u00eda de que el mundo actual atraviesa una grav\u00edsima crisis no solo econ\u00f3mica, sino incluso una a\u00fan m\u00e1s grave crisis pol\u00edtica, social, moral e ideol\u00f3gica. Por supuesto, muchos se comportan de manera honesta e infatigable, hacen much\u00edsimos esfuerzos y tratan de manejar la situaci\u00f3n de adversidad y unir a toda la sociedad en la lucha. Sin embargo, la mayor parte de la clase dirigente toma decisiones equivocadas. Reaccionan demasiado tarde. Sin la preparaci\u00f3n necesaria para poder elegir una estrategia efectiva y acertada. No existe visi\u00f3n de conjunto.<\/p>\n\n\n\n<p>Los pueblos, a su vez, comienzan a entender que aquellos encargados de llevar las riendas del futuro, aquellos que los dirigen, no hacen lo que deben, en el momento que deben. Observan que en escenarios complejos estos \u201chombres de Estado\u201d se quedan un buen tiempo paralizados ante las decisiones por tomar; son incapaces de prever y de proveerse las herramientas necesarias para elegir la pol\u00edtica m\u00e1s adecuada. Pueden notar que son demasiado d\u00e9biles e inseguros y est\u00e1n sometidos a influencias perniciosas y que todo se reduce a objetivos e intereses pol\u00edticos.<\/p>\n\n\n\n<p>Superado un nuevo a\u00f1o electoral, en donde el prop\u00f3sito de salir a escuchar para estar m\u00e1s cerca de la sociedad qued\u00f3 reducido a un slogan de campa\u00f1a para las dos fuerzas nacionales que avivan y agigantan d\u00eda a d\u00eda la grieta, la clase dirigente puede advertir que el equilibrio es cada vez m\u00e1s precario y que la sociedad ya no tolera nuevos espect\u00e1culos de ri\u00f1as en la cima del poder. Dicho esto, cada vez son m\u00e1s los analistas de opini\u00f3n p\u00fablica que advierten un enojo mayor de la sociedad con los pol\u00edticos que con la pol\u00edtica.<\/p>\n\n\n\n<p>El r\u00e9gimen bicoalicionista en el que se orden\u00f3 hace tres a\u00f1os el sistema pol\u00edtico argentino retroalimenta, estabiliza y refuerza aquella configuraci\u00f3n disfuncional del v\u00ednculo entre las elites pol\u00edticas y la sociedad.<br>&nbsp;<br>&nbsp;<\/p>\n\n\n\n<hr class=\"wp-block-separator\"\/>\n\n\n\n<p>\u00a0<br><strong>Contrastes<\/strong><br>\u00a0<br>La despiadada presencia del fuego en la zona litoral norte afecta sin distinci\u00f3n tanto a Misiones como a Corrientes, pero con fuertes contrastes.<\/p>\n\n\n\n<p>En Misiones, el gobernador Herrera Ahuad recorri\u00f3 durante toda la semana diferentes puntos de la provincia para acompa\u00f1ar y seguir de cerca la labor de los voluntarios en los lugares donde se focalizaron los incendios.<br>Asimismo, en un acto en Casa de Gobierno, el primer mandatario provincial y el Ministro de Ambiente y Desarrollo de la Naci\u00f3n, Juan Cabandi\u00e9, rubricaron un convenio para la puesta en valor, reparaci\u00f3n y equipamiento de la Brigada Base Ap\u00f3stoles que operar\u00e1 en el marco del Sistema Nacional de Manejo del Fuego y como parte del Plan Provincial de Manejo del Fuego.<\/p>\n\n\n\n<p>En el mismo acto, la Federaci\u00f3n Misionera de Bomberos Voluntarios y las asociaciones que la componen recibieron en manos del Gobernador subsidios y bonos solidarios para adquirir equipamiento para el combate del fuego.<\/p>\n\n\n\n<p>Adem\u00e1s, se anunci\u00f3 la compra de un nuevo helic\u00f3ptero hidrante (el tercero de la provincia) y la incorporaci\u00f3n, por primera vez, de dos bomberos voluntarios de comunidades mbya a la Brigada de Incendios Forestales.<br>Haciendo un r\u00e1pido repaso de atr\u00e1s hacia adelante, se puede observar la continuidad de un modelo de provincia cimentado con pol\u00edticas p\u00fablicas trazadas a largo plazo, que encuentra en m\u00e1s de una decena de leyes la firme intenci\u00f3n e inter\u00e9s por la preservaci\u00f3n del medio ambiente, la biodiversidad y desarrollo sostenible. El resultado es visible, un tercio de la provincia se encuentra en estado natural de conservaci\u00f3n. En el mismo sentido, diferentes reparticiones del Estado dan cuenta de esta ingenier\u00eda tendiente a transformar a Misiones en guardi\u00e1n de la selva: los Ministerios de Ecolog\u00eda y de Cambio Clim\u00e1tico, el Banco de Germoplasma, el Instituto Misionero de Biodiversidad (Imibio) y la Biof\u00e1brica.<\/p>\n\n\n\n<p>Al pasar la frontera de la tierra colorada, el escenario es diferente, desolador. La cat\u00e1strofe natural precedida por la negligencia, la desidia y el abandono por parte del gobernador correntino de Juntos por el Cambio Gustavo Vald\u00e9s. El primer mandatario de la vecina provincia se mostr\u00f3 reacio desde el principio al abordaje del conflicto que deriv\u00f3 en \u00e9sta gran cat\u00e1strofe ecol\u00f3gica en la zona del Iber\u00e1 y que se extiende fren\u00e9ticamente al resto del territorio provincial.<\/p>\n\n\n\n<p>El intendente de Mercedes Diego Caram, ciudad en donde se originaron los primeros focos de incendio reprendi\u00f3 al gobernador macrista al expresar que \u201cVald\u00e9s estaba de vacaciones en Punta del Este. Reci\u00e9n un mes despu\u00e9s me mando un WhatsApp un ministro suyo.\u201d El jefe comunal coment\u00f3 que los incendios comenzaron en el mes de enero, y los primeros focos se hubieran podido sofocar si se actuaba r\u00e1pidamente. Fue tan dram\u00e1tica la inacci\u00f3n provincial, que Caram tuvo que crear un \u201ccomit\u00e9 de crisis\u201d local, sin respaldo ni apoyo de gobernador que se encontraba vacacionando fuera del pa\u00eds.<\/p>\n\n\n\n<p>Reci\u00e9n una semana despu\u00e9s, cuando Vald\u00e9s volvi\u00f3 de vacaciones, decidi\u00f3 declarar la emergencia en la zona y pedir ayuda tard\u00edamente en medio de acusaciones cruzadas con autoridades del Gobierno Nacional.<\/p>\n\n\n\n<p>Seg\u00fan los \u00faltimos reportes, el fuego arras\u00f3 el 10% del territorio de Corrientes, consumiendo cerca de 800 mil hect\u00e1reas. Las llamas destruyeron los humedales de los Esteros del Iber\u00e1 y se expandieron al sur de la provincia de Misiones.<\/p>\n\n\n\n<p>La oposici\u00f3n en Corrientes sostiene que hace a\u00f1os el gobierno provincial no invierte en equipamiento, tal es as\u00ed que la autobomba que se quem\u00f3 hace una semana era del a\u00f1o 1994 y el avi\u00f3n hidrante consumido por las llamas era alquilado. Asimismo, desde la vecina localidad de Ituzaing\u00f3 lo acusaron de apagar los incendios en la zona de San Gar\u00e1, donde tendr\u00eda una casa de fin de semana, descuidando el resto de las zonas aleda\u00f1as.<\/p>\n\n\n\n<p>El panorama en Corrientes es realmente desolador. Una provincia tiene muy pocas \u00e1reas protegidas y gran parte de su territorio qued\u00f3 en manos de grandes terratenientes privados que plantaron pino y eucalipto sin seguimiento y control estatal. Asimismo, cobra bajos impuestos que favorecen la radicaci\u00f3n de empresas privadas, pero pagando las consecuencias con la falta de recursos para invertir en las cada vez m\u00e1s deterioradas rutas y en el deficiente sistema el\u00e9ctrico y de provisi\u00f3n de agua potable.<br>\u00a0<br>\u00a0<br><strong>Recomposiciones salariales a la vista<\/strong><br>\u00a0<br>El panorama econ\u00f3mico en nuestro pa\u00eds es dif\u00edcil, y el acuerdo en puerta con el Fondo Monetario Internacional se traducir\u00e1 en una fuerte reducci\u00f3n del gasto p\u00fablico, condici\u00f3n principal impuesta por parte del organismo multilateral de cr\u00e9dito que prest\u00f3 al gobierno de Mauricio Macri casi 45 mil millones de d\u00f3lares.<\/p>\n\n\n\n<p>Pese a ello, desde altas esferas del Gobierno de Misiones indicaron que los docentes y las fuerzas de seguridad tendr\u00e1n aumentos en febrero y abril, como primer tramo, mientras que el resto de la administraci\u00f3n p\u00fablica tendr\u00e1 una recomposici\u00f3n salarial en los meses de marzo y mayo.<\/p>\n\n\n\n<p>En el \u00e1mbito educativo, la firma del acuerdo de paritarias con los gremios m\u00e1s representativos (nuclean al 95% de los docentes) garantiza el comienzo de clases en la provincia normalmente. Quienes agrupan a la menor cantidad de adherentes se mantienen en su intransigencia. Por su parte, los sindicatos con mayor cantidad de afiliados hist\u00f3ricamente se han mostrado m\u00e1s propensos al di\u00e1logo y comprensivos de las diferentes vicisitudes de la econom\u00eda argentina. &nbsp;En el caso de los dem\u00e1s, el conflicto gira en torno a las altas exigencias, que si bien siempre fueron o\u00eddos por el Gobierno Provincial, en caso de acceder a los mismos se generar\u00eda un desfinanciamiento del Estado que no tendr\u00eda recursos para afrontar el pago del resto de los salarios de la administraci\u00f3n p\u00fablica o deber\u00eda recortar gastos millonarios en otra \u00e1reas sensibles, m\u00e1s a\u00fan en contextos de pandemia.<\/p>\n\n\n\n<p>La postura un\u00e1nime de los padres a favor del inicio normal de clases, algo habitual en Misiones, es una cuesti\u00f3n que pondr\u00e1 a los gremios m\u00e1s intransigentes en la mirada cr\u00edtica de la sociedad. Las familias misioneras aguardan el inicio de clases y la vuelta de la rutina escolar con total normalidad.<\/p>\n\n\n\n<p>A nivel provincial se prev\u00e9 un a\u00f1o dif\u00edcil desde el punto de vista econ\u00f3mico, en donde ser\u00e1 vital el rol del gobierno misionero que viene manteniendo a lo largo de los a\u00f1os un manejo coherente, responsable y austero de los recursos p\u00fablicos.<br>\u00a0<\/p>\n\n\n\n<p><strong>(*) NICOLAS MARCHIORI &#8211; Abogado. Diplomado en Manejo de Crisis y en An\u00e1lisis de Procesos Electorales. Posgrado de Especializaci\u00f3n en Comunicaci\u00f3n de Gobierno y Electoral. Becario de la Fundaci\u00f3n Konrad Adenauer y del Centro de An\u00e1lisis y Entrenamiento Pol\u00edtico &#8211; CAEP (Colombia).-<\/strong><\/p>\n\n\n\n<p><\/p>\n","protected":false},"excerpt":{"rendered":"<p>La gesti\u00f3n activa y el compromiso del gobierno misionero para hacer frente a la crisis generada por el avance del fuego contrasta fuertemente con el escenario de cat\u00e1strofe que afecta a la vecina provincia de Corrientes debido a la desidia gubernamental. En l\u00edneas generales, la pol\u00edtica est\u00e1 funcionando mal y no est\u00e1 cumpliendo con su [&hellip;]<\/p>\n","protected":false},"author":2,"featured_media":13425,"comment_status":"open","ping_status":"open","sticky":false,"template":"","format":"standard","meta":{"footnotes":""},"categories":[35],"tags":[],"class_list":["post-13424","post","type-post","status-publish","format-standard","has-post-thumbnail","hentry","category-informacion-general"],"yoast_head":"<!-- This site is optimized with the Yoast SEO plugin v27.5 - https:\/\/yoast.com\/product\/yoast-seo-wordpress\/ -->\n<title>La pol\u00edtica como vocaci\u00f3n por Nicol\u00e1s Marchiori | CVI NOTICIAS<\/title>\n<meta name=\"robots\" content=\"index, follow, max-snippet:-1, max-image-preview:large, max-video-preview:-1\" \/>\n<link rel=\"canonical\" href=\"https:\/\/cvinoticias.com\/v3\/la-politica-como-vocacion-por-nicolas-marchiori\/\" \/>\n<meta property=\"og:locale\" content=\"es_ES\" \/>\n<meta property=\"og:type\" content=\"article\" \/>\n<meta property=\"og:title\" content=\"La pol\u00edtica como vocaci\u00f3n por Nicol\u00e1s Marchiori | CVI NOTICIAS\" \/>\n<meta property=\"og:description\" content=\"La gesti\u00f3n activa y el compromiso del gobierno misionero para hacer frente a la crisis generada por el avance del fuego contrasta fuertemente con el escenario de cat\u00e1strofe que afecta a la vecina provincia de Corrientes debido a la desidia gubernamental. En l\u00edneas generales, la pol\u00edtica est\u00e1 funcionando mal y no est\u00e1 cumpliendo con su [&hellip;]\" \/>\n<meta property=\"og:url\" content=\"https:\/\/cvinoticias.com\/v3\/la-politica-como-vocacion-por-nicolas-marchiori\/\" \/>\n<meta property=\"og:site_name\" content=\"CVI NOTICIAS\" \/>\n<meta property=\"article:publisher\" content=\"https:\/\/www.facebook.com\/cvinoticias\" \/>\n<meta property=\"article:published_time\" content=\"2022-02-20T14:01:18+00:00\" \/>\n<meta property=\"article:modified_time\" content=\"2022-02-20T14:08:25+00:00\" \/>\n<meta property=\"og:image\" content=\"https:\/\/cvinoticias.com\/wp-content\/uploads\/2022\/02\/IMG-20220220-WA0025.jpg\" \/>\n\t<meta property=\"og:image:width\" content=\"962\" \/>\n\t<meta property=\"og:image:height\" content=\"723\" \/>\n\t<meta property=\"og:image:type\" content=\"image\/jpeg\" \/>\n<meta name=\"author\" content=\"f1000024\" \/>\n<meta name=\"twitter:card\" content=\"summary_large_image\" \/>\n<meta name=\"twitter:label1\" content=\"Escrito por\" \/>\n\t<meta name=\"twitter:data1\" content=\"f1000024\" \/>\n\t<meta name=\"twitter:label2\" content=\"Tiempo de lectura\" \/>\n\t<meta name=\"twitter:data2\" content=\"8 minutos\" \/>\n<script type=\"application\/ld+json\" class=\"yoast-schema-graph\">{\"@context\":\"https:\\\/\\\/schema.org\",\"@graph\":[{\"@type\":\"Article\",\"@id\":\"https:\\\/\\\/cvinoticias.com\\\/v3\\\/la-politica-como-vocacion-por-nicolas-marchiori\\\/#article\",\"isPartOf\":{\"@id\":\"https:\\\/\\\/cvinoticias.com\\\/v3\\\/la-politica-como-vocacion-por-nicolas-marchiori\\\/\"},\"author\":{\"name\":\"f1000024\",\"@id\":\"https:\\\/\\\/cvinoticias.com\\\/v3\\\/#\\\/schema\\\/person\\\/2db77e3c6bc03c538495d7b2b8be9b66\"},\"headline\":\"La pol\u00edtica como vocaci\u00f3n por Nicol\u00e1s Marchiori\",\"datePublished\":\"2022-02-20T14:01:18+00:00\",\"dateModified\":\"2022-02-20T14:08:25+00:00\",\"mainEntityOfPage\":{\"@id\":\"https:\\\/\\\/cvinoticias.com\\\/v3\\\/la-politica-como-vocacion-por-nicolas-marchiori\\\/\"},\"wordCount\":1580,\"commentCount\":0,\"publisher\":{\"@id\":\"https:\\\/\\\/cvinoticias.com\\\/v3\\\/#organization\"},\"image\":{\"@id\":\"https:\\\/\\\/cvinoticias.com\\\/v3\\\/la-politica-como-vocacion-por-nicolas-marchiori\\\/#primaryimage\"},\"thumbnailUrl\":\"https:\\\/\\\/cvinoticias.com\\\/wp-content\\\/uploads\\\/2022\\\/02\\\/IMG-20220220-WA0025.jpg\",\"articleSection\":[\"Informaci\u00f3n General\"],\"inLanguage\":\"es\",\"potentialAction\":[{\"@type\":\"CommentAction\",\"name\":\"Comment\",\"target\":[\"https:\\\/\\\/cvinoticias.com\\\/v3\\\/la-politica-como-vocacion-por-nicolas-marchiori\\\/#respond\"]}]},{\"@type\":\"WebPage\",\"@id\":\"https:\\\/\\\/cvinoticias.com\\\/v3\\\/la-politica-como-vocacion-por-nicolas-marchiori\\\/\",\"url\":\"https:\\\/\\\/cvinoticias.com\\\/v3\\\/la-politica-como-vocacion-por-nicolas-marchiori\\\/\",\"name\":\"La pol\u00edtica como vocaci\u00f3n por Nicol\u00e1s Marchiori | CVI NOTICIAS\",\"isPartOf\":{\"@id\":\"https:\\\/\\\/cvinoticias.com\\\/v3\\\/#website\"},\"primaryImageOfPage\":{\"@id\":\"https:\\\/\\\/cvinoticias.com\\\/v3\\\/la-politica-como-vocacion-por-nicolas-marchiori\\\/#primaryimage\"},\"image\":{\"@id\":\"https:\\\/\\\/cvinoticias.com\\\/v3\\\/la-politica-como-vocacion-por-nicolas-marchiori\\\/#primaryimage\"},\"thumbnailUrl\":\"https:\\\/\\\/cvinoticias.com\\\/wp-content\\\/uploads\\\/2022\\\/02\\\/IMG-20220220-WA0025.jpg\",\"datePublished\":\"2022-02-20T14:01:18+00:00\",\"dateModified\":\"2022-02-20T14:08:25+00:00\",\"breadcrumb\":{\"@id\":\"https:\\\/\\\/cvinoticias.com\\\/v3\\\/la-politica-como-vocacion-por-nicolas-marchiori\\\/#breadcrumb\"},\"inLanguage\":\"es\",\"potentialAction\":[{\"@type\":\"ReadAction\",\"target\":[\"https:\\\/\\\/cvinoticias.com\\\/v3\\\/la-politica-como-vocacion-por-nicolas-marchiori\\\/\"]}]},{\"@type\":\"ImageObject\",\"inLanguage\":\"es\",\"@id\":\"https:\\\/\\\/cvinoticias.com\\\/v3\\\/la-politica-como-vocacion-por-nicolas-marchiori\\\/#primaryimage\",\"url\":\"https:\\\/\\\/cvinoticias.com\\\/wp-content\\\/uploads\\\/2022\\\/02\\\/IMG-20220220-WA0025.jpg\",\"contentUrl\":\"https:\\\/\\\/cvinoticias.com\\\/wp-content\\\/uploads\\\/2022\\\/02\\\/IMG-20220220-WA0025.jpg\",\"width\":962,\"height\":723},{\"@type\":\"BreadcrumbList\",\"@id\":\"https:\\\/\\\/cvinoticias.com\\\/v3\\\/la-politica-como-vocacion-por-nicolas-marchiori\\\/#breadcrumb\",\"itemListElement\":[{\"@type\":\"ListItem\",\"position\":1,\"name\":\"Portada\",\"item\":\"https:\\\/\\\/cvinoticias.com\\\/v3\\\/\"},{\"@type\":\"ListItem\",\"position\":2,\"name\":\"La pol\u00edtica como vocaci\u00f3n por Nicol\u00e1s Marchiori\"}]},{\"@type\":\"WebSite\",\"@id\":\"https:\\\/\\\/cvinoticias.com\\\/v3\\\/#website\",\"url\":\"https:\\\/\\\/cvinoticias.com\\\/v3\\\/\",\"name\":\"CVI NOTICIAS\",\"description\":\"\",\"publisher\":{\"@id\":\"https:\\\/\\\/cvinoticias.com\\\/v3\\\/#organization\"},\"alternateName\":\"CVI\",\"potentialAction\":[{\"@type\":\"SearchAction\",\"target\":{\"@type\":\"EntryPoint\",\"urlTemplate\":\"https:\\\/\\\/cvinoticias.com\\\/v3\\\/?s={search_term_string}\"},\"query-input\":{\"@type\":\"PropertyValueSpecification\",\"valueRequired\":true,\"valueName\":\"search_term_string\"}}],\"inLanguage\":\"es\"},{\"@type\":\"Organization\",\"@id\":\"https:\\\/\\\/cvinoticias.com\\\/v3\\\/#organization\",\"name\":\"CVI NOTICIAS\",\"url\":\"https:\\\/\\\/cvinoticias.com\\\/v3\\\/\",\"logo\":{\"@type\":\"ImageObject\",\"inLanguage\":\"es\",\"@id\":\"https:\\\/\\\/cvinoticias.com\\\/v3\\\/#\\\/schema\\\/logo\\\/image\\\/\",\"url\":\"https:\\\/\\\/cvinoticias.com\\\/wp-content\\\/uploads\\\/2023\\\/04\\\/cropped-cropped-cropped-cropped-cropped-3-1.png\",\"contentUrl\":\"https:\\\/\\\/cvinoticias.com\\\/wp-content\\\/uploads\\\/2023\\\/04\\\/cropped-cropped-cropped-cropped-cropped-3-1.png\",\"width\":95,\"height\":122,\"caption\":\"CVI NOTICIAS\"},\"image\":{\"@id\":\"https:\\\/\\\/cvinoticias.com\\\/v3\\\/#\\\/schema\\\/logo\\\/image\\\/\"},\"sameAs\":[\"https:\\\/\\\/www.facebook.com\\\/cvinoticias\",\"https:\\\/\\\/www.instagram.com\\\/cvinoticias\\\/\",\"https:\\\/\\\/www.youtube.com\\\/@CVINOTICIAS\"]},{\"@type\":\"Person\",\"@id\":\"https:\\\/\\\/cvinoticias.com\\\/v3\\\/#\\\/schema\\\/person\\\/2db77e3c6bc03c538495d7b2b8be9b66\",\"name\":\"f1000024\",\"image\":{\"@type\":\"ImageObject\",\"inLanguage\":\"es\",\"@id\":\"https:\\\/\\\/secure.gravatar.com\\\/avatar\\\/d4fe7459cfc51ff5129ce1a732bbef5928568b8092d412ef95611616376bbeed?s=96&d=mm&r=g\",\"url\":\"https:\\\/\\\/secure.gravatar.com\\\/avatar\\\/d4fe7459cfc51ff5129ce1a732bbef5928568b8092d412ef95611616376bbeed?s=96&d=mm&r=g\",\"contentUrl\":\"https:\\\/\\\/secure.gravatar.com\\\/avatar\\\/d4fe7459cfc51ff5129ce1a732bbef5928568b8092d412ef95611616376bbeed?s=96&d=mm&r=g\",\"caption\":\"f1000024\"},\"url\":\"https:\\\/\\\/cvinoticias.com\\\/v3\\\/author\\\/f1000024\\\/\"}]}<\/script>\n<!-- \/ Yoast SEO plugin. -->","yoast_head_json":{"title":"La pol\u00edtica como vocaci\u00f3n por Nicol\u00e1s Marchiori | CVI NOTICIAS","robots":{"index":"index","follow":"follow","max-snippet":"max-snippet:-1","max-image-preview":"max-image-preview:large","max-video-preview":"max-video-preview:-1"},"canonical":"https:\/\/cvinoticias.com\/v3\/la-politica-como-vocacion-por-nicolas-marchiori\/","og_locale":"es_ES","og_type":"article","og_title":"La pol\u00edtica como vocaci\u00f3n por Nicol\u00e1s Marchiori | CVI NOTICIAS","og_description":"La gesti\u00f3n activa y el compromiso del gobierno misionero para hacer frente a la crisis generada por el avance del fuego contrasta fuertemente con el escenario de cat\u00e1strofe que afecta a la vecina provincia de Corrientes debido a la desidia gubernamental. En l\u00edneas generales, la pol\u00edtica est\u00e1 funcionando mal y no est\u00e1 cumpliendo con su [&hellip;]","og_url":"https:\/\/cvinoticias.com\/v3\/la-politica-como-vocacion-por-nicolas-marchiori\/","og_site_name":"CVI NOTICIAS","article_publisher":"https:\/\/www.facebook.com\/cvinoticias","article_published_time":"2022-02-20T14:01:18+00:00","article_modified_time":"2022-02-20T14:08:25+00:00","og_image":[{"width":962,"height":723,"url":"https:\/\/cvinoticias.com\/wp-content\/uploads\/2022\/02\/IMG-20220220-WA0025.jpg","type":"image\/jpeg"}],"author":"f1000024","twitter_card":"summary_large_image","twitter_misc":{"Escrito por":"f1000024","Tiempo de lectura":"8 minutos"},"schema":{"@context":"https:\/\/schema.org","@graph":[{"@type":"Article","@id":"https:\/\/cvinoticias.com\/v3\/la-politica-como-vocacion-por-nicolas-marchiori\/#article","isPartOf":{"@id":"https:\/\/cvinoticias.com\/v3\/la-politica-como-vocacion-por-nicolas-marchiori\/"},"author":{"name":"f1000024","@id":"https:\/\/cvinoticias.com\/v3\/#\/schema\/person\/2db77e3c6bc03c538495d7b2b8be9b66"},"headline":"La pol\u00edtica como vocaci\u00f3n por Nicol\u00e1s Marchiori","datePublished":"2022-02-20T14:01:18+00:00","dateModified":"2022-02-20T14:08:25+00:00","mainEntityOfPage":{"@id":"https:\/\/cvinoticias.com\/v3\/la-politica-como-vocacion-por-nicolas-marchiori\/"},"wordCount":1580,"commentCount":0,"publisher":{"@id":"https:\/\/cvinoticias.com\/v3\/#organization"},"image":{"@id":"https:\/\/cvinoticias.com\/v3\/la-politica-como-vocacion-por-nicolas-marchiori\/#primaryimage"},"thumbnailUrl":"https:\/\/cvinoticias.com\/wp-content\/uploads\/2022\/02\/IMG-20220220-WA0025.jpg","articleSection":["Informaci\u00f3n General"],"inLanguage":"es","potentialAction":[{"@type":"CommentAction","name":"Comment","target":["https:\/\/cvinoticias.com\/v3\/la-politica-como-vocacion-por-nicolas-marchiori\/#respond"]}]},{"@type":"WebPage","@id":"https:\/\/cvinoticias.com\/v3\/la-politica-como-vocacion-por-nicolas-marchiori\/","url":"https:\/\/cvinoticias.com\/v3\/la-politica-como-vocacion-por-nicolas-marchiori\/","name":"La pol\u00edtica como vocaci\u00f3n por Nicol\u00e1s Marchiori | CVI NOTICIAS","isPartOf":{"@id":"https:\/\/cvinoticias.com\/v3\/#website"},"primaryImageOfPage":{"@id":"https:\/\/cvinoticias.com\/v3\/la-politica-como-vocacion-por-nicolas-marchiori\/#primaryimage"},"image":{"@id":"https:\/\/cvinoticias.com\/v3\/la-politica-como-vocacion-por-nicolas-marchiori\/#primaryimage"},"thumbnailUrl":"https:\/\/cvinoticias.com\/wp-content\/uploads\/2022\/02\/IMG-20220220-WA0025.jpg","datePublished":"2022-02-20T14:01:18+00:00","dateModified":"2022-02-20T14:08:25+00:00","breadcrumb":{"@id":"https:\/\/cvinoticias.com\/v3\/la-politica-como-vocacion-por-nicolas-marchiori\/#breadcrumb"},"inLanguage":"es","potentialAction":[{"@type":"ReadAction","target":["https:\/\/cvinoticias.com\/v3\/la-politica-como-vocacion-por-nicolas-marchiori\/"]}]},{"@type":"ImageObject","inLanguage":"es","@id":"https:\/\/cvinoticias.com\/v3\/la-politica-como-vocacion-por-nicolas-marchiori\/#primaryimage","url":"https:\/\/cvinoticias.com\/wp-content\/uploads\/2022\/02\/IMG-20220220-WA0025.jpg","contentUrl":"https:\/\/cvinoticias.com\/wp-content\/uploads\/2022\/02\/IMG-20220220-WA0025.jpg","width":962,"height":723},{"@type":"BreadcrumbList","@id":"https:\/\/cvinoticias.com\/v3\/la-politica-como-vocacion-por-nicolas-marchiori\/#breadcrumb","itemListElement":[{"@type":"ListItem","position":1,"name":"Portada","item":"https:\/\/cvinoticias.com\/v3\/"},{"@type":"ListItem","position":2,"name":"La pol\u00edtica como vocaci\u00f3n por Nicol\u00e1s Marchiori"}]},{"@type":"WebSite","@id":"https:\/\/cvinoticias.com\/v3\/#website","url":"https:\/\/cvinoticias.com\/v3\/","name":"CVI NOTICIAS","description":"","publisher":{"@id":"https:\/\/cvinoticias.com\/v3\/#organization"},"alternateName":"CVI","potentialAction":[{"@type":"SearchAction","target":{"@type":"EntryPoint","urlTemplate":"https:\/\/cvinoticias.com\/v3\/?s={search_term_string}"},"query-input":{"@type":"PropertyValueSpecification","valueRequired":true,"valueName":"search_term_string"}}],"inLanguage":"es"},{"@type":"Organization","@id":"https:\/\/cvinoticias.com\/v3\/#organization","name":"CVI NOTICIAS","url":"https:\/\/cvinoticias.com\/v3\/","logo":{"@type":"ImageObject","inLanguage":"es","@id":"https:\/\/cvinoticias.com\/v3\/#\/schema\/logo\/image\/","url":"https:\/\/cvinoticias.com\/wp-content\/uploads\/2023\/04\/cropped-cropped-cropped-cropped-cropped-3-1.png","contentUrl":"https:\/\/cvinoticias.com\/wp-content\/uploads\/2023\/04\/cropped-cropped-cropped-cropped-cropped-3-1.png","width":95,"height":122,"caption":"CVI NOTICIAS"},"image":{"@id":"https:\/\/cvinoticias.com\/v3\/#\/schema\/logo\/image\/"},"sameAs":["https:\/\/www.facebook.com\/cvinoticias","https:\/\/www.instagram.com\/cvinoticias\/","https:\/\/www.youtube.com\/@CVINOTICIAS"]},{"@type":"Person","@id":"https:\/\/cvinoticias.com\/v3\/#\/schema\/person\/2db77e3c6bc03c538495d7b2b8be9b66","name":"f1000024","image":{"@type":"ImageObject","inLanguage":"es","@id":"https:\/\/secure.gravatar.com\/avatar\/d4fe7459cfc51ff5129ce1a732bbef5928568b8092d412ef95611616376bbeed?s=96&d=mm&r=g","url":"https:\/\/secure.gravatar.com\/avatar\/d4fe7459cfc51ff5129ce1a732bbef5928568b8092d412ef95611616376bbeed?s=96&d=mm&r=g","contentUrl":"https:\/\/secure.gravatar.com\/avatar\/d4fe7459cfc51ff5129ce1a732bbef5928568b8092d412ef95611616376bbeed?s=96&d=mm&r=g","caption":"f1000024"},"url":"https:\/\/cvinoticias.com\/v3\/author\/f1000024\/"}]}},"_links":{"self":[{"href":"https:\/\/cvinoticias.com\/v3\/wp-json\/wp\/v2\/posts\/13424","targetHints":{"allow":["GET"]}}],"collection":[{"href":"https:\/\/cvinoticias.com\/v3\/wp-json\/wp\/v2\/posts"}],"about":[{"href":"https:\/\/cvinoticias.com\/v3\/wp-json\/wp\/v2\/types\/post"}],"author":[{"embeddable":true,"href":"https:\/\/cvinoticias.com\/v3\/wp-json\/wp\/v2\/users\/2"}],"replies":[{"embeddable":true,"href":"https:\/\/cvinoticias.com\/v3\/wp-json\/wp\/v2\/comments?post=13424"}],"version-history":[{"count":2,"href":"https:\/\/cvinoticias.com\/v3\/wp-json\/wp\/v2\/posts\/13424\/revisions"}],"predecessor-version":[{"id":13428,"href":"https:\/\/cvinoticias.com\/v3\/wp-json\/wp\/v2\/posts\/13424\/revisions\/13428"}],"wp:featuredmedia":[{"embeddable":true,"href":"https:\/\/cvinoticias.com\/v3\/wp-json\/wp\/v2\/media\/13425"}],"wp:attachment":[{"href":"https:\/\/cvinoticias.com\/v3\/wp-json\/wp\/v2\/media?parent=13424"}],"wp:term":[{"taxonomy":"category","embeddable":true,"href":"https:\/\/cvinoticias.com\/v3\/wp-json\/wp\/v2\/categories?post=13424"},{"taxonomy":"post_tag","embeddable":true,"href":"https:\/\/cvinoticias.com\/v3\/wp-json\/wp\/v2\/tags?post=13424"}],"curies":[{"name":"wp","href":"https:\/\/api.w.org\/{rel}","templated":true}]}}