{"id":13402,"date":"2022-02-19T20:23:41","date_gmt":"2022-02-19T20:23:41","guid":{"rendered":"https:\/\/cvinoticias.com\/v3\/?p=13402"},"modified":"2022-02-19T20:23:41","modified_gmt":"2022-02-19T20:23:41","slug":"el-gobernador-recorrio-las-zonas-afectadas-por-incendios-en-san-javier","status":"publish","type":"post","link":"https:\/\/cvinoticias.com\/v3\/el-gobernador-recorrio-las-zonas-afectadas-por-incendios-en-san-javier\/","title":{"rendered":"El Gobernador recorri\u00f3 las zonas afectadas por incendios en San Javier"},"content":{"rendered":"\n<p><strong><em>El gobernador Oscar Herrera Ahuad visit\u00f3 esta ma\u00f1ana las zonas productoras de San Javier afectadas por los incendios. El objetivo de la recorrida fue establecer contacto directo con los colonos, obtener detalles de primera mano de bomberos y brigadistas y llevar apoyo a los agentes sanitarios. \u201cLa previsibilidad de Misiones en la contenci\u00f3n de los incendios es producto de las inversiones en el \u00e1rea y del enorme trabajo de los brigadistas\u201d resalt\u00f3.<\/em><\/strong><\/p>\n\n\n\n<p>Durante la ma\u00f1ana de hoy el gobernador Oscar Herrera Ahuad recorri\u00f3 las zonas afectadas por los focos \u00edgneos en la localidad de San Javier. Durante la recorrida, di\u00e1logo con los productores afectados por los incendios con quienes evalu\u00f3 los da\u00f1os materiales y se comprometi\u00f3 a acompa\u00f1arlos con asistencia para recuperar la productividad. Adem\u00e1s, durante la recorrida se reuni\u00f3 con bomberos y brigadista para obtener detalles de la situaci\u00f3n de este foco que actualmente ya se encuentra contenido.<\/p>\n\n\n\n<figure class=\"wp-block-image size-full\"><a href=\"https:\/\/cvinoticias.com\/wp-content\/uploads\/2022\/02\/FB_IMG_1645301588674.jpg\"><img decoding=\"async\" width=\"960\" height=\"641\" data-src=\"https:\/\/cvinoticias.com\/wp-content\/uploads\/2022\/02\/FB_IMG_1645301588674.jpg\" alt=\"\" class=\"wp-image-13403 lazyload\" data-srcset=\"https:\/\/cvinoticias.com\/wp-content\/uploads\/2022\/02\/FB_IMG_1645301588674.jpg 960w, https:\/\/cvinoticias.com\/wp-content\/uploads\/2022\/02\/FB_IMG_1645301588674-300x200.jpg 300w, https:\/\/cvinoticias.com\/wp-content\/uploads\/2022\/02\/FB_IMG_1645301588674-768x513.jpg 768w\" data-sizes=\"(max-width: 960px) 100vw, 960px\" src=\"data:image\/svg+xml;base64,PHN2ZyB3aWR0aD0iMSIgaGVpZ2h0PSIxIiB4bWxucz0iaHR0cDovL3d3dy53My5vcmcvMjAwMC9zdmciPjwvc3ZnPg==\" style=\"--smush-placeholder-width: 960px; --smush-placeholder-aspect-ratio: 960\/641;\" \/><\/a><\/figure>\n\n\n\n<p>\u201cEste fin de semana estamos mirando atentamente los tres focos activos que hay en la provincia y tratar de que no se produzcan otros\u201d, dijo el Gobernador en referencia a los incendios localizados en San Javier, Cerro Cor\u00e1 y sobre la Ruta 15 que ya se encuentran contenidos. Desde all\u00ed agradeci\u00f3 la gran tarea de los brigadistas, vecinos y productores. \u201cVenimos a estar con ellos, a asistirlos y acompa\u00f1arlos\u201d, explic\u00f3 acompa\u00f1ado por el intendente local, Mat\u00edas Vilchez, el ministro Coordinador de Gabinete, Ricardo Wellbach y el ministro de Ecolog\u00eda, V\u00edctor Kreimer.<\/p>\n\n\n\n<p>En el marco de la recorrida dialogo con los diferentes productores afectados, entre los que se encontraba Valdesir Silva, con quien recorri\u00f3 el lugar evaluando da\u00f1os y posibilidades de asistencia. Silva valor\u00f3 el apoyo y la visita del Gobernador en este dif\u00edcil momento, \u201cme siento acompa\u00f1ado\u201d indic\u00f3.<\/p>\n\n\n\n<figure class=\"wp-block-image size-full\"><a href=\"https:\/\/cvinoticias.com\/wp-content\/uploads\/2022\/02\/FB_IMG_1645301601693.jpg\"><img decoding=\"async\" width=\"960\" height=\"641\" data-src=\"https:\/\/cvinoticias.com\/wp-content\/uploads\/2022\/02\/FB_IMG_1645301601693.jpg\" alt=\"\" class=\"wp-image-13404 lazyload\" data-srcset=\"https:\/\/cvinoticias.com\/wp-content\/uploads\/2022\/02\/FB_IMG_1645301601693.jpg 960w, https:\/\/cvinoticias.com\/wp-content\/uploads\/2022\/02\/FB_IMG_1645301601693-300x200.jpg 300w, https:\/\/cvinoticias.com\/wp-content\/uploads\/2022\/02\/FB_IMG_1645301601693-768x513.jpg 768w\" data-sizes=\"(max-width: 960px) 100vw, 960px\" src=\"data:image\/svg+xml;base64,PHN2ZyB3aWR0aD0iMSIgaGVpZ2h0PSIxIiB4bWxucz0iaHR0cDovL3d3dy53My5vcmcvMjAwMC9zdmciPjwvc3ZnPg==\" style=\"--smush-placeholder-width: 960px; --smush-placeholder-aspect-ratio: 960\/641;\" \/><\/a><\/figure>\n\n\n\n<p>En tanto Herrera Ahuad explic\u00f3 que la mejor manera de salir adelante es trabajando en conjunto. \u201cEntre todos, ustedes y nosotros, tenemos que comenzar a trabajar para recuperarlos. Ya con los focos contenidos podemos empezar a evaluar los da\u00f1os en el \u00e1rea productiva y la idea es siempre poder trabajar en conjunto para que la ayuda llegue de manera r\u00e1pida a cada uno de nuestros productores\u201d expres\u00f3, ya que en este incendio se perdi\u00f3 un galp\u00f3n de tabaco, plantaciones de ca\u00f1a y de yerba mate.<\/p>\n\n\n\n<p>El primer mandatario valor\u00f3 el r\u00e1pido accionar de los brigadistas y vecinos para contener el fuego y explic\u00f3 que ahora se est\u00e1n realizando tareas para extinguirlos y enfriar la zona a trav\u00e9s de la brigada terrestre y \u00e1rea. Misiones puede llevar adelante estas acciones, en este \u00faltimo tiempo se realizaron inversiones que le permiten a la provincia tener previsibilidad para que cuando se generan estos focos en tres o cuatros d\u00edas se puedan contenerlos. Cabe destacar que la provincia puede dar respuestas r\u00e1pidas porque tiene log\u00edstica y estrategia de la mano de una gran inversi\u00f3n que se hizo en este tiempo atendiendo a que en Misiones hoy se registra el \u00edndice de humedad m\u00e1s bajo de la historia.<\/p>\n\n\n\n<figure class=\"wp-block-image size-full is-resized\"><a href=\"https:\/\/cvinoticias.com\/wp-content\/uploads\/2022\/02\/FB_IMG_1645301606786.jpg\"><img decoding=\"async\" data-src=\"https:\/\/cvinoticias.com\/wp-content\/uploads\/2022\/02\/FB_IMG_1645301606786.jpg\" alt=\"\" class=\"wp-image-13405 lazyload\" width=\"840\" height=\"560\" data-srcset=\"https:\/\/cvinoticias.com\/wp-content\/uploads\/2022\/02\/FB_IMG_1645301606786.jpg 960w, https:\/\/cvinoticias.com\/wp-content\/uploads\/2022\/02\/FB_IMG_1645301606786-300x200.jpg 300w, https:\/\/cvinoticias.com\/wp-content\/uploads\/2022\/02\/FB_IMG_1645301606786-768x513.jpg 768w\" data-sizes=\"(max-width: 840px) 100vw, 840px\" src=\"data:image\/svg+xml;base64,PHN2ZyB3aWR0aD0iMSIgaGVpZ2h0PSIxIiB4bWxucz0iaHR0cDovL3d3dy53My5vcmcvMjAwMC9zdmciPjwvc3ZnPg==\" style=\"--smush-placeholder-width: 840px; --smush-placeholder-aspect-ratio: 840\/560;\" \/><\/a><\/figure>\n\n\n\n<figure class=\"wp-block-image size-full is-resized\"><a href=\"https:\/\/cvinoticias.com\/wp-content\/uploads\/2022\/02\/FB_IMG_1645301594378.jpg\"><img decoding=\"async\" data-src=\"https:\/\/cvinoticias.com\/wp-content\/uploads\/2022\/02\/FB_IMG_1645301594378.jpg\" alt=\"\" class=\"wp-image-13406 lazyload\" width=\"1068\" height=\"712\" data-srcset=\"https:\/\/cvinoticias.com\/wp-content\/uploads\/2022\/02\/FB_IMG_1645301594378.jpg 960w, https:\/\/cvinoticias.com\/wp-content\/uploads\/2022\/02\/FB_IMG_1645301594378-300x200.jpg 300w, https:\/\/cvinoticias.com\/wp-content\/uploads\/2022\/02\/FB_IMG_1645301594378-768x513.jpg 768w\" data-sizes=\"(max-width: 1068px) 100vw, 1068px\" src=\"data:image\/svg+xml;base64,PHN2ZyB3aWR0aD0iMSIgaGVpZ2h0PSIxIiB4bWxucz0iaHR0cDovL3d3dy53My5vcmcvMjAwMC9zdmciPjwvc3ZnPg==\" style=\"--smush-placeholder-width: 1068px; --smush-placeholder-aspect-ratio: 1068\/712;\" \/><\/a><\/figure>\n","protected":false},"excerpt":{"rendered":"<p>El gobernador Oscar Herrera Ahuad visit\u00f3 esta ma\u00f1ana las zonas productoras de San Javier afectadas por los incendios. El objetivo de la recorrida fue establecer contacto directo con los colonos, obtener detalles de primera mano de bomberos y brigadistas y llevar apoyo a los agentes sanitarios. \u201cLa previsibilidad de Misiones en la contenci\u00f3n de los [&hellip;]<\/p>\n","protected":false},"author":2,"featured_media":13407,"comment_status":"open","ping_status":"open","sticky":false,"template":"","format":"standard","meta":{"footnotes":""},"categories":[43],"tags":[],"class_list":["post-13402","post","type-post","status-publish","format-standard","has-post-thumbnail","hentry","category-provinciales"],"yoast_head":"<!-- This site is optimized with the Yoast SEO plugin v27.5 - https:\/\/yoast.com\/product\/yoast-seo-wordpress\/ -->\n<title>El Gobernador recorri\u00f3 las zonas afectadas por incendios en San Javier | CVI NOTICIAS<\/title>\n<meta name=\"robots\" content=\"index, follow, max-snippet:-1, max-image-preview:large, max-video-preview:-1\" \/>\n<link rel=\"canonical\" href=\"https:\/\/cvinoticias.com\/v3\/el-gobernador-recorrio-las-zonas-afectadas-por-incendios-en-san-javier\/\" \/>\n<meta property=\"og:locale\" content=\"es_ES\" \/>\n<meta property=\"og:type\" content=\"article\" \/>\n<meta property=\"og:title\" content=\"El Gobernador recorri\u00f3 las zonas afectadas por incendios en San Javier | CVI NOTICIAS\" \/>\n<meta property=\"og:description\" content=\"El gobernador Oscar Herrera Ahuad visit\u00f3 esta ma\u00f1ana las zonas productoras de San Javier afectadas por los incendios. El objetivo de la recorrida fue establecer contacto directo con los colonos, obtener detalles de primera mano de bomberos y brigadistas y llevar apoyo a los agentes sanitarios. \u201cLa previsibilidad de Misiones en la contenci\u00f3n de los [&hellip;]\" \/>\n<meta property=\"og:url\" content=\"https:\/\/cvinoticias.com\/v3\/el-gobernador-recorrio-las-zonas-afectadas-por-incendios-en-san-javier\/\" \/>\n<meta property=\"og:site_name\" content=\"CVI NOTICIAS\" \/>\n<meta property=\"article:publisher\" content=\"https:\/\/www.facebook.com\/cvinoticias\" \/>\n<meta property=\"article:published_time\" content=\"2022-02-19T20:23:41+00:00\" \/>\n<meta property=\"og:image\" content=\"https:\/\/cvinoticias.com\/wp-content\/uploads\/2022\/02\/FB_IMG_1645301610184.jpg\" \/>\n\t<meta property=\"og:image:width\" content=\"960\" \/>\n\t<meta property=\"og:image:height\" content=\"641\" \/>\n\t<meta property=\"og:image:type\" content=\"image\/jpeg\" \/>\n<meta name=\"author\" content=\"f1000024\" \/>\n<meta name=\"twitter:card\" content=\"summary_large_image\" \/>\n<meta name=\"twitter:label1\" content=\"Escrito por\" \/>\n\t<meta name=\"twitter:data1\" content=\"f1000024\" \/>\n\t<meta name=\"twitter:label2\" content=\"Tiempo de lectura\" \/>\n\t<meta name=\"twitter:data2\" content=\"3 minutos\" \/>\n<script type=\"application\/ld+json\" class=\"yoast-schema-graph\">{\"@context\":\"https:\\\/\\\/schema.org\",\"@graph\":[{\"@type\":\"Article\",\"@id\":\"https:\\\/\\\/cvinoticias.com\\\/v3\\\/el-gobernador-recorrio-las-zonas-afectadas-por-incendios-en-san-javier\\\/#article\",\"isPartOf\":{\"@id\":\"https:\\\/\\\/cvinoticias.com\\\/v3\\\/el-gobernador-recorrio-las-zonas-afectadas-por-incendios-en-san-javier\\\/\"},\"author\":{\"name\":\"f1000024\",\"@id\":\"https:\\\/\\\/cvinoticias.com\\\/v3\\\/#\\\/schema\\\/person\\\/2db77e3c6bc03c538495d7b2b8be9b66\"},\"headline\":\"El Gobernador recorri\u00f3 las zonas afectadas por incendios en San Javier\",\"datePublished\":\"2022-02-19T20:23:41+00:00\",\"mainEntityOfPage\":{\"@id\":\"https:\\\/\\\/cvinoticias.com\\\/v3\\\/el-gobernador-recorrio-las-zonas-afectadas-por-incendios-en-san-javier\\\/\"},\"wordCount\":528,\"commentCount\":0,\"publisher\":{\"@id\":\"https:\\\/\\\/cvinoticias.com\\\/v3\\\/#organization\"},\"image\":{\"@id\":\"https:\\\/\\\/cvinoticias.com\\\/v3\\\/el-gobernador-recorrio-las-zonas-afectadas-por-incendios-en-san-javier\\\/#primaryimage\"},\"thumbnailUrl\":\"https:\\\/\\\/cvinoticias.com\\\/wp-content\\\/uploads\\\/2022\\\/02\\\/FB_IMG_1645301610184.jpg\",\"articleSection\":[\"Provinciales\"],\"inLanguage\":\"es\",\"potentialAction\":[{\"@type\":\"CommentAction\",\"name\":\"Comment\",\"target\":[\"https:\\\/\\\/cvinoticias.com\\\/v3\\\/el-gobernador-recorrio-las-zonas-afectadas-por-incendios-en-san-javier\\\/#respond\"]}]},{\"@type\":\"WebPage\",\"@id\":\"https:\\\/\\\/cvinoticias.com\\\/v3\\\/el-gobernador-recorrio-las-zonas-afectadas-por-incendios-en-san-javier\\\/\",\"url\":\"https:\\\/\\\/cvinoticias.com\\\/v3\\\/el-gobernador-recorrio-las-zonas-afectadas-por-incendios-en-san-javier\\\/\",\"name\":\"El Gobernador recorri\u00f3 las zonas afectadas por incendios en San Javier | CVI NOTICIAS\",\"isPartOf\":{\"@id\":\"https:\\\/\\\/cvinoticias.com\\\/v3\\\/#website\"},\"primaryImageOfPage\":{\"@id\":\"https:\\\/\\\/cvinoticias.com\\\/v3\\\/el-gobernador-recorrio-las-zonas-afectadas-por-incendios-en-san-javier\\\/#primaryimage\"},\"image\":{\"@id\":\"https:\\\/\\\/cvinoticias.com\\\/v3\\\/el-gobernador-recorrio-las-zonas-afectadas-por-incendios-en-san-javier\\\/#primaryimage\"},\"thumbnailUrl\":\"https:\\\/\\\/cvinoticias.com\\\/wp-content\\\/uploads\\\/2022\\\/02\\\/FB_IMG_1645301610184.jpg\",\"datePublished\":\"2022-02-19T20:23:41+00:00\",\"breadcrumb\":{\"@id\":\"https:\\\/\\\/cvinoticias.com\\\/v3\\\/el-gobernador-recorrio-las-zonas-afectadas-por-incendios-en-san-javier\\\/#breadcrumb\"},\"inLanguage\":\"es\",\"potentialAction\":[{\"@type\":\"ReadAction\",\"target\":[\"https:\\\/\\\/cvinoticias.com\\\/v3\\\/el-gobernador-recorrio-las-zonas-afectadas-por-incendios-en-san-javier\\\/\"]}]},{\"@type\":\"ImageObject\",\"inLanguage\":\"es\",\"@id\":\"https:\\\/\\\/cvinoticias.com\\\/v3\\\/el-gobernador-recorrio-las-zonas-afectadas-por-incendios-en-san-javier\\\/#primaryimage\",\"url\":\"https:\\\/\\\/cvinoticias.com\\\/wp-content\\\/uploads\\\/2022\\\/02\\\/FB_IMG_1645301610184.jpg\",\"contentUrl\":\"https:\\\/\\\/cvinoticias.com\\\/wp-content\\\/uploads\\\/2022\\\/02\\\/FB_IMG_1645301610184.jpg\",\"width\":960,\"height\":641},{\"@type\":\"BreadcrumbList\",\"@id\":\"https:\\\/\\\/cvinoticias.com\\\/v3\\\/el-gobernador-recorrio-las-zonas-afectadas-por-incendios-en-san-javier\\\/#breadcrumb\",\"itemListElement\":[{\"@type\":\"ListItem\",\"position\":1,\"name\":\"Portada\",\"item\":\"https:\\\/\\\/cvinoticias.com\\\/v3\\\/\"},{\"@type\":\"ListItem\",\"position\":2,\"name\":\"El Gobernador recorri\u00f3 las zonas afectadas por incendios en San Javier\"}]},{\"@type\":\"WebSite\",\"@id\":\"https:\\\/\\\/cvinoticias.com\\\/v3\\\/#website\",\"url\":\"https:\\\/\\\/cvinoticias.com\\\/v3\\\/\",\"name\":\"CVI NOTICIAS\",\"description\":\"\",\"publisher\":{\"@id\":\"https:\\\/\\\/cvinoticias.com\\\/v3\\\/#organization\"},\"alternateName\":\"CVI\",\"potentialAction\":[{\"@type\":\"SearchAction\",\"target\":{\"@type\":\"EntryPoint\",\"urlTemplate\":\"https:\\\/\\\/cvinoticias.com\\\/v3\\\/?s={search_term_string}\"},\"query-input\":{\"@type\":\"PropertyValueSpecification\",\"valueRequired\":true,\"valueName\":\"search_term_string\"}}],\"inLanguage\":\"es\"},{\"@type\":\"Organization\",\"@id\":\"https:\\\/\\\/cvinoticias.com\\\/v3\\\/#organization\",\"name\":\"CVI NOTICIAS\",\"url\":\"https:\\\/\\\/cvinoticias.com\\\/v3\\\/\",\"logo\":{\"@type\":\"ImageObject\",\"inLanguage\":\"es\",\"@id\":\"https:\\\/\\\/cvinoticias.com\\\/v3\\\/#\\\/schema\\\/logo\\\/image\\\/\",\"url\":\"https:\\\/\\\/cvinoticias.com\\\/wp-content\\\/uploads\\\/2023\\\/04\\\/cropped-cropped-cropped-cropped-cropped-3-1.png\",\"contentUrl\":\"https:\\\/\\\/cvinoticias.com\\\/wp-content\\\/uploads\\\/2023\\\/04\\\/cropped-cropped-cropped-cropped-cropped-3-1.png\",\"width\":95,\"height\":122,\"caption\":\"CVI NOTICIAS\"},\"image\":{\"@id\":\"https:\\\/\\\/cvinoticias.com\\\/v3\\\/#\\\/schema\\\/logo\\\/image\\\/\"},\"sameAs\":[\"https:\\\/\\\/www.facebook.com\\\/cvinoticias\",\"https:\\\/\\\/www.instagram.com\\\/cvinoticias\\\/\",\"https:\\\/\\\/www.youtube.com\\\/@CVINOTICIAS\"]},{\"@type\":\"Person\",\"@id\":\"https:\\\/\\\/cvinoticias.com\\\/v3\\\/#\\\/schema\\\/person\\\/2db77e3c6bc03c538495d7b2b8be9b66\",\"name\":\"f1000024\",\"image\":{\"@type\":\"ImageObject\",\"inLanguage\":\"es\",\"@id\":\"https:\\\/\\\/secure.gravatar.com\\\/avatar\\\/d4fe7459cfc51ff5129ce1a732bbef5928568b8092d412ef95611616376bbeed?s=96&d=mm&r=g\",\"url\":\"https:\\\/\\\/secure.gravatar.com\\\/avatar\\\/d4fe7459cfc51ff5129ce1a732bbef5928568b8092d412ef95611616376bbeed?s=96&d=mm&r=g\",\"contentUrl\":\"https:\\\/\\\/secure.gravatar.com\\\/avatar\\\/d4fe7459cfc51ff5129ce1a732bbef5928568b8092d412ef95611616376bbeed?s=96&d=mm&r=g\",\"caption\":\"f1000024\"},\"url\":\"https:\\\/\\\/cvinoticias.com\\\/v3\\\/author\\\/f1000024\\\/\"}]}<\/script>\n<!-- \/ Yoast SEO plugin. -->","yoast_head_json":{"title":"El Gobernador recorri\u00f3 las zonas afectadas por incendios en San Javier | CVI NOTICIAS","robots":{"index":"index","follow":"follow","max-snippet":"max-snippet:-1","max-image-preview":"max-image-preview:large","max-video-preview":"max-video-preview:-1"},"canonical":"https:\/\/cvinoticias.com\/v3\/el-gobernador-recorrio-las-zonas-afectadas-por-incendios-en-san-javier\/","og_locale":"es_ES","og_type":"article","og_title":"El Gobernador recorri\u00f3 las zonas afectadas por incendios en San Javier | CVI NOTICIAS","og_description":"El gobernador Oscar Herrera Ahuad visit\u00f3 esta ma\u00f1ana las zonas productoras de San Javier afectadas por los incendios. El objetivo de la recorrida fue establecer contacto directo con los colonos, obtener detalles de primera mano de bomberos y brigadistas y llevar apoyo a los agentes sanitarios. \u201cLa previsibilidad de Misiones en la contenci\u00f3n de los [&hellip;]","og_url":"https:\/\/cvinoticias.com\/v3\/el-gobernador-recorrio-las-zonas-afectadas-por-incendios-en-san-javier\/","og_site_name":"CVI NOTICIAS","article_publisher":"https:\/\/www.facebook.com\/cvinoticias","article_published_time":"2022-02-19T20:23:41+00:00","og_image":[{"width":960,"height":641,"url":"https:\/\/cvinoticias.com\/wp-content\/uploads\/2022\/02\/FB_IMG_1645301610184.jpg","type":"image\/jpeg"}],"author":"f1000024","twitter_card":"summary_large_image","twitter_misc":{"Escrito por":"f1000024","Tiempo de lectura":"3 minutos"},"schema":{"@context":"https:\/\/schema.org","@graph":[{"@type":"Article","@id":"https:\/\/cvinoticias.com\/v3\/el-gobernador-recorrio-las-zonas-afectadas-por-incendios-en-san-javier\/#article","isPartOf":{"@id":"https:\/\/cvinoticias.com\/v3\/el-gobernador-recorrio-las-zonas-afectadas-por-incendios-en-san-javier\/"},"author":{"name":"f1000024","@id":"https:\/\/cvinoticias.com\/v3\/#\/schema\/person\/2db77e3c6bc03c538495d7b2b8be9b66"},"headline":"El Gobernador recorri\u00f3 las zonas afectadas por incendios en San Javier","datePublished":"2022-02-19T20:23:41+00:00","mainEntityOfPage":{"@id":"https:\/\/cvinoticias.com\/v3\/el-gobernador-recorrio-las-zonas-afectadas-por-incendios-en-san-javier\/"},"wordCount":528,"commentCount":0,"publisher":{"@id":"https:\/\/cvinoticias.com\/v3\/#organization"},"image":{"@id":"https:\/\/cvinoticias.com\/v3\/el-gobernador-recorrio-las-zonas-afectadas-por-incendios-en-san-javier\/#primaryimage"},"thumbnailUrl":"https:\/\/cvinoticias.com\/wp-content\/uploads\/2022\/02\/FB_IMG_1645301610184.jpg","articleSection":["Provinciales"],"inLanguage":"es","potentialAction":[{"@type":"CommentAction","name":"Comment","target":["https:\/\/cvinoticias.com\/v3\/el-gobernador-recorrio-las-zonas-afectadas-por-incendios-en-san-javier\/#respond"]}]},{"@type":"WebPage","@id":"https:\/\/cvinoticias.com\/v3\/el-gobernador-recorrio-las-zonas-afectadas-por-incendios-en-san-javier\/","url":"https:\/\/cvinoticias.com\/v3\/el-gobernador-recorrio-las-zonas-afectadas-por-incendios-en-san-javier\/","name":"El Gobernador recorri\u00f3 las zonas afectadas por incendios en San Javier | CVI NOTICIAS","isPartOf":{"@id":"https:\/\/cvinoticias.com\/v3\/#website"},"primaryImageOfPage":{"@id":"https:\/\/cvinoticias.com\/v3\/el-gobernador-recorrio-las-zonas-afectadas-por-incendios-en-san-javier\/#primaryimage"},"image":{"@id":"https:\/\/cvinoticias.com\/v3\/el-gobernador-recorrio-las-zonas-afectadas-por-incendios-en-san-javier\/#primaryimage"},"thumbnailUrl":"https:\/\/cvinoticias.com\/wp-content\/uploads\/2022\/02\/FB_IMG_1645301610184.jpg","datePublished":"2022-02-19T20:23:41+00:00","breadcrumb":{"@id":"https:\/\/cvinoticias.com\/v3\/el-gobernador-recorrio-las-zonas-afectadas-por-incendios-en-san-javier\/#breadcrumb"},"inLanguage":"es","potentialAction":[{"@type":"ReadAction","target":["https:\/\/cvinoticias.com\/v3\/el-gobernador-recorrio-las-zonas-afectadas-por-incendios-en-san-javier\/"]}]},{"@type":"ImageObject","inLanguage":"es","@id":"https:\/\/cvinoticias.com\/v3\/el-gobernador-recorrio-las-zonas-afectadas-por-incendios-en-san-javier\/#primaryimage","url":"https:\/\/cvinoticias.com\/wp-content\/uploads\/2022\/02\/FB_IMG_1645301610184.jpg","contentUrl":"https:\/\/cvinoticias.com\/wp-content\/uploads\/2022\/02\/FB_IMG_1645301610184.jpg","width":960,"height":641},{"@type":"BreadcrumbList","@id":"https:\/\/cvinoticias.com\/v3\/el-gobernador-recorrio-las-zonas-afectadas-por-incendios-en-san-javier\/#breadcrumb","itemListElement":[{"@type":"ListItem","position":1,"name":"Portada","item":"https:\/\/cvinoticias.com\/v3\/"},{"@type":"ListItem","position":2,"name":"El Gobernador recorri\u00f3 las zonas afectadas por incendios en San Javier"}]},{"@type":"WebSite","@id":"https:\/\/cvinoticias.com\/v3\/#website","url":"https:\/\/cvinoticias.com\/v3\/","name":"CVI NOTICIAS","description":"","publisher":{"@id":"https:\/\/cvinoticias.com\/v3\/#organization"},"alternateName":"CVI","potentialAction":[{"@type":"SearchAction","target":{"@type":"EntryPoint","urlTemplate":"https:\/\/cvinoticias.com\/v3\/?s={search_term_string}"},"query-input":{"@type":"PropertyValueSpecification","valueRequired":true,"valueName":"search_term_string"}}],"inLanguage":"es"},{"@type":"Organization","@id":"https:\/\/cvinoticias.com\/v3\/#organization","name":"CVI NOTICIAS","url":"https:\/\/cvinoticias.com\/v3\/","logo":{"@type":"ImageObject","inLanguage":"es","@id":"https:\/\/cvinoticias.com\/v3\/#\/schema\/logo\/image\/","url":"https:\/\/cvinoticias.com\/wp-content\/uploads\/2023\/04\/cropped-cropped-cropped-cropped-cropped-3-1.png","contentUrl":"https:\/\/cvinoticias.com\/wp-content\/uploads\/2023\/04\/cropped-cropped-cropped-cropped-cropped-3-1.png","width":95,"height":122,"caption":"CVI NOTICIAS"},"image":{"@id":"https:\/\/cvinoticias.com\/v3\/#\/schema\/logo\/image\/"},"sameAs":["https:\/\/www.facebook.com\/cvinoticias","https:\/\/www.instagram.com\/cvinoticias\/","https:\/\/www.youtube.com\/@CVINOTICIAS"]},{"@type":"Person","@id":"https:\/\/cvinoticias.com\/v3\/#\/schema\/person\/2db77e3c6bc03c538495d7b2b8be9b66","name":"f1000024","image":{"@type":"ImageObject","inLanguage":"es","@id":"https:\/\/secure.gravatar.com\/avatar\/d4fe7459cfc51ff5129ce1a732bbef5928568b8092d412ef95611616376bbeed?s=96&d=mm&r=g","url":"https:\/\/secure.gravatar.com\/avatar\/d4fe7459cfc51ff5129ce1a732bbef5928568b8092d412ef95611616376bbeed?s=96&d=mm&r=g","contentUrl":"https:\/\/secure.gravatar.com\/avatar\/d4fe7459cfc51ff5129ce1a732bbef5928568b8092d412ef95611616376bbeed?s=96&d=mm&r=g","caption":"f1000024"},"url":"https:\/\/cvinoticias.com\/v3\/author\/f1000024\/"}]}},"_links":{"self":[{"href":"https:\/\/cvinoticias.com\/v3\/wp-json\/wp\/v2\/posts\/13402","targetHints":{"allow":["GET"]}}],"collection":[{"href":"https:\/\/cvinoticias.com\/v3\/wp-json\/wp\/v2\/posts"}],"about":[{"href":"https:\/\/cvinoticias.com\/v3\/wp-json\/wp\/v2\/types\/post"}],"author":[{"embeddable":true,"href":"https:\/\/cvinoticias.com\/v3\/wp-json\/wp\/v2\/users\/2"}],"replies":[{"embeddable":true,"href":"https:\/\/cvinoticias.com\/v3\/wp-json\/wp\/v2\/comments?post=13402"}],"version-history":[{"count":1,"href":"https:\/\/cvinoticias.com\/v3\/wp-json\/wp\/v2\/posts\/13402\/revisions"}],"predecessor-version":[{"id":13408,"href":"https:\/\/cvinoticias.com\/v3\/wp-json\/wp\/v2\/posts\/13402\/revisions\/13408"}],"wp:featuredmedia":[{"embeddable":true,"href":"https:\/\/cvinoticias.com\/v3\/wp-json\/wp\/v2\/media\/13407"}],"wp:attachment":[{"href":"https:\/\/cvinoticias.com\/v3\/wp-json\/wp\/v2\/media?parent=13402"}],"wp:term":[{"taxonomy":"category","embeddable":true,"href":"https:\/\/cvinoticias.com\/v3\/wp-json\/wp\/v2\/categories?post=13402"},{"taxonomy":"post_tag","embeddable":true,"href":"https:\/\/cvinoticias.com\/v3\/wp-json\/wp\/v2\/tags?post=13402"}],"curies":[{"name":"wp","href":"https:\/\/api.w.org\/{rel}","templated":true}]}}