{"id":13387,"date":"2022-02-19T01:42:51","date_gmt":"2022-02-19T01:42:51","guid":{"rendered":"https:\/\/cvinoticias.com\/v3\/?p=13387"},"modified":"2022-02-19T01:42:51","modified_gmt":"2022-02-19T01:42:51","slug":"incendio-corrientes-representa-el-9-del-territorio-provincial","status":"publish","type":"post","link":"https:\/\/cvinoticias.com\/v3\/incendio-corrientes-representa-el-9-del-territorio-provincial\/","title":{"rendered":"Incendio Corrientes: representa el 9% del territorio provincial"},"content":{"rendered":"\n<p><strong><em>As\u00ed lo confirm\u00f3 el Instituto Nacional de Tecnolog\u00eda Agropecuaria (INTA), lo cual representa m\u00e1s de 785 mil hect\u00e1reas.<\/em><\/strong><\/p>\n\n\n\n<p>Los incendios rurales arrasaron con m\u00e1s de 785 mil hect\u00e1reas en Corrientes, lo que constituye el 9% de la superficie provincial, inform\u00f3 hoy el Instituto Nacional de Tecnolog\u00eda Agropecuaria (INTA), y remarc\u00f3 que el fuego alcanza a 30 mil hect\u00e1reas por d\u00eda.<\/p>\n\n\n\n<p>El \u00faltimo informe t\u00e9cnico de la Estaci\u00f3n Experimental Corrientes del INTA sobre la evoluci\u00f3n de las \u00e1reas quemadas se\u00f1al\u00f3 que la superficie quemada al 16 de febrero de 2022, ascend\u00eda a 785.238 hect\u00e1reas.<\/p>\n\n\n\n<p>El estudio determin\u00f3 adem\u00e1s que \u201cel ritmo de progresi\u00f3n del fuego entre el 7 y el 16 de febrero, fue de casi 30 mil hect\u00e1reas diarias\u201d.<\/p>\n\n\n\n<p>\u201cEn valores absolutos, la cobertura vegetal m\u00e1s afectada son los esteros (y otros ba\u00f1ados) donde se duplic\u00f3 el \u00e1rea, pasando de 124 mil hect\u00e1reas a m\u00e1s de 245 mil\u201d, se\u00f1ala el estudio realizado por los t\u00e9cnicos: Griselda Saucedo, Ruth Perucca y Ditmar Kurtz.<\/p>\n\n\n\n<p>Y agreg\u00f3 que \u201clos bosques cultivados tambi\u00e9n fueron muy afectados, ya que el \u00e1rea quemada aument\u00f3 casi dos veces y media pasando de 12 mil a m\u00e1s de 31 mil hect\u00e1reas\u201d.<\/p>\n\n\n\n<p>De esta manera, el informe remarc\u00f3 que la evidencia satelital se\u00f1ala que los incendios consumieron 408.846 mil hect\u00e1reas de malezales, esteros y otros ba\u00f1ados; 31.265 hect\u00e1reas de bosques cultivados y m\u00e1s de 28 mil de bosques nativos.<\/p>\n\n\n\n<p>Adem\u00e1s, detall\u00f3 la cantidad de hect\u00e1reas quemadas en cada uno de los departamentos de la provincia, siendo los m\u00e1s afectados por el fuego el de Ituzaing\u00f3, con 138.100; San Miguel, con 93.713 y Santo Tom\u00e9 con 81.705 hect\u00e1reas.<\/p>\n\n\n\n<p>\u201cEn general el ritmo de incremento de la superficie afectada por quemas super\u00f3 la tendencia calculada en el informe anterior, pasando de una tendencia de 20 mil hect\u00e1reas diarias a cerca de 30 mil en los \u00faltimos d\u00edas\u201d, concluy\u00f3 el informe del INTA.<\/p>\n","protected":false},"excerpt":{"rendered":"<p>As\u00ed lo confirm\u00f3 el Instituto Nacional de Tecnolog\u00eda Agropecuaria (INTA), lo cual representa m\u00e1s de 785 mil hect\u00e1reas. Los incendios rurales arrasaron con m\u00e1s de 785 mil hect\u00e1reas en Corrientes, lo que constituye el 9% de la superficie provincial, inform\u00f3 hoy el Instituto Nacional de Tecnolog\u00eda Agropecuaria (INTA), y remarc\u00f3 que el fuego alcanza a [&hellip;]<\/p>\n","protected":false},"author":2,"featured_media":13388,"comment_status":"open","ping_status":"open","sticky":false,"template":"","format":"standard","meta":{"footnotes":""},"categories":[35],"tags":[],"class_list":["post-13387","post","type-post","status-publish","format-standard","has-post-thumbnail","hentry","category-informacion-general"],"yoast_head":"<!-- This site is optimized with the Yoast SEO plugin v27.5 - https:\/\/yoast.com\/product\/yoast-seo-wordpress\/ -->\n<title>Incendio Corrientes: representa el 9% del territorio provincial | CVI NOTICIAS<\/title>\n<meta name=\"robots\" content=\"index, follow, max-snippet:-1, max-image-preview:large, max-video-preview:-1\" \/>\n<link rel=\"canonical\" href=\"https:\/\/cvinoticias.com\/v3\/incendio-corrientes-representa-el-9-del-territorio-provincial\/\" \/>\n<meta property=\"og:locale\" content=\"es_ES\" \/>\n<meta property=\"og:type\" content=\"article\" \/>\n<meta property=\"og:title\" content=\"Incendio Corrientes: representa el 9% del territorio provincial | CVI NOTICIAS\" \/>\n<meta property=\"og:description\" content=\"As\u00ed lo confirm\u00f3 el Instituto Nacional de Tecnolog\u00eda Agropecuaria (INTA), lo cual representa m\u00e1s de 785 mil hect\u00e1reas. Los incendios rurales arrasaron con m\u00e1s de 785 mil hect\u00e1reas en Corrientes, lo que constituye el 9% de la superficie provincial, inform\u00f3 hoy el Instituto Nacional de Tecnolog\u00eda Agropecuaria (INTA), y remarc\u00f3 que el fuego alcanza a [&hellip;]\" \/>\n<meta property=\"og:url\" content=\"https:\/\/cvinoticias.com\/v3\/incendio-corrientes-representa-el-9-del-territorio-provincial\/\" \/>\n<meta property=\"og:site_name\" content=\"CVI NOTICIAS\" \/>\n<meta property=\"article:publisher\" content=\"https:\/\/www.facebook.com\/cvinoticias\" \/>\n<meta property=\"article:published_time\" content=\"2022-02-19T01:42:51+00:00\" \/>\n<meta property=\"og:image\" content=\"https:\/\/cvinoticias.com\/wp-content\/uploads\/2022\/02\/WhatsApp-Image-2022-02-18-at-18.55.45.jpeg\" \/>\n\t<meta property=\"og:image:width\" content=\"1200\" \/>\n\t<meta property=\"og:image:height\" content=\"630\" \/>\n\t<meta property=\"og:image:type\" content=\"image\/jpeg\" \/>\n<meta name=\"author\" content=\"f1000024\" \/>\n<meta name=\"twitter:card\" content=\"summary_large_image\" \/>\n<meta name=\"twitter:label1\" content=\"Escrito por\" \/>\n\t<meta name=\"twitter:data1\" content=\"f1000024\" \/>\n\t<meta name=\"twitter:label2\" content=\"Tiempo de lectura\" \/>\n\t<meta name=\"twitter:data2\" content=\"2 minutos\" \/>\n<script type=\"application\/ld+json\" class=\"yoast-schema-graph\">{\"@context\":\"https:\\\/\\\/schema.org\",\"@graph\":[{\"@type\":\"Article\",\"@id\":\"https:\\\/\\\/cvinoticias.com\\\/v3\\\/incendio-corrientes-representa-el-9-del-territorio-provincial\\\/#article\",\"isPartOf\":{\"@id\":\"https:\\\/\\\/cvinoticias.com\\\/v3\\\/incendio-corrientes-representa-el-9-del-territorio-provincial\\\/\"},\"author\":{\"name\":\"f1000024\",\"@id\":\"https:\\\/\\\/cvinoticias.com\\\/v3\\\/#\\\/schema\\\/person\\\/2db77e3c6bc03c538495d7b2b8be9b66\"},\"headline\":\"Incendio Corrientes: representa el 9% del territorio provincial\",\"datePublished\":\"2022-02-19T01:42:51+00:00\",\"mainEntityOfPage\":{\"@id\":\"https:\\\/\\\/cvinoticias.com\\\/v3\\\/incendio-corrientes-representa-el-9-del-territorio-provincial\\\/\"},\"wordCount\":333,\"commentCount\":0,\"publisher\":{\"@id\":\"https:\\\/\\\/cvinoticias.com\\\/v3\\\/#organization\"},\"image\":{\"@id\":\"https:\\\/\\\/cvinoticias.com\\\/v3\\\/incendio-corrientes-representa-el-9-del-territorio-provincial\\\/#primaryimage\"},\"thumbnailUrl\":\"https:\\\/\\\/cvinoticias.com\\\/wp-content\\\/uploads\\\/2022\\\/02\\\/WhatsApp-Image-2022-02-18-at-18.55.45.jpeg\",\"articleSection\":[\"Informaci\u00f3n General\"],\"inLanguage\":\"es\",\"potentialAction\":[{\"@type\":\"CommentAction\",\"name\":\"Comment\",\"target\":[\"https:\\\/\\\/cvinoticias.com\\\/v3\\\/incendio-corrientes-representa-el-9-del-territorio-provincial\\\/#respond\"]}]},{\"@type\":\"WebPage\",\"@id\":\"https:\\\/\\\/cvinoticias.com\\\/v3\\\/incendio-corrientes-representa-el-9-del-territorio-provincial\\\/\",\"url\":\"https:\\\/\\\/cvinoticias.com\\\/v3\\\/incendio-corrientes-representa-el-9-del-territorio-provincial\\\/\",\"name\":\"Incendio Corrientes: representa el 9% del territorio provincial | CVI NOTICIAS\",\"isPartOf\":{\"@id\":\"https:\\\/\\\/cvinoticias.com\\\/v3\\\/#website\"},\"primaryImageOfPage\":{\"@id\":\"https:\\\/\\\/cvinoticias.com\\\/v3\\\/incendio-corrientes-representa-el-9-del-territorio-provincial\\\/#primaryimage\"},\"image\":{\"@id\":\"https:\\\/\\\/cvinoticias.com\\\/v3\\\/incendio-corrientes-representa-el-9-del-territorio-provincial\\\/#primaryimage\"},\"thumbnailUrl\":\"https:\\\/\\\/cvinoticias.com\\\/wp-content\\\/uploads\\\/2022\\\/02\\\/WhatsApp-Image-2022-02-18-at-18.55.45.jpeg\",\"datePublished\":\"2022-02-19T01:42:51+00:00\",\"breadcrumb\":{\"@id\":\"https:\\\/\\\/cvinoticias.com\\\/v3\\\/incendio-corrientes-representa-el-9-del-territorio-provincial\\\/#breadcrumb\"},\"inLanguage\":\"es\",\"potentialAction\":[{\"@type\":\"ReadAction\",\"target\":[\"https:\\\/\\\/cvinoticias.com\\\/v3\\\/incendio-corrientes-representa-el-9-del-territorio-provincial\\\/\"]}]},{\"@type\":\"ImageObject\",\"inLanguage\":\"es\",\"@id\":\"https:\\\/\\\/cvinoticias.com\\\/v3\\\/incendio-corrientes-representa-el-9-del-territorio-provincial\\\/#primaryimage\",\"url\":\"https:\\\/\\\/cvinoticias.com\\\/wp-content\\\/uploads\\\/2022\\\/02\\\/WhatsApp-Image-2022-02-18-at-18.55.45.jpeg\",\"contentUrl\":\"https:\\\/\\\/cvinoticias.com\\\/wp-content\\\/uploads\\\/2022\\\/02\\\/WhatsApp-Image-2022-02-18-at-18.55.45.jpeg\",\"width\":1200,\"height\":630},{\"@type\":\"BreadcrumbList\",\"@id\":\"https:\\\/\\\/cvinoticias.com\\\/v3\\\/incendio-corrientes-representa-el-9-del-territorio-provincial\\\/#breadcrumb\",\"itemListElement\":[{\"@type\":\"ListItem\",\"position\":1,\"name\":\"Portada\",\"item\":\"https:\\\/\\\/cvinoticias.com\\\/v3\\\/\"},{\"@type\":\"ListItem\",\"position\":2,\"name\":\"Incendio Corrientes: representa el 9% del territorio provincial\"}]},{\"@type\":\"WebSite\",\"@id\":\"https:\\\/\\\/cvinoticias.com\\\/v3\\\/#website\",\"url\":\"https:\\\/\\\/cvinoticias.com\\\/v3\\\/\",\"name\":\"CVI NOTICIAS\",\"description\":\"\",\"publisher\":{\"@id\":\"https:\\\/\\\/cvinoticias.com\\\/v3\\\/#organization\"},\"alternateName\":\"CVI\",\"potentialAction\":[{\"@type\":\"SearchAction\",\"target\":{\"@type\":\"EntryPoint\",\"urlTemplate\":\"https:\\\/\\\/cvinoticias.com\\\/v3\\\/?s={search_term_string}\"},\"query-input\":{\"@type\":\"PropertyValueSpecification\",\"valueRequired\":true,\"valueName\":\"search_term_string\"}}],\"inLanguage\":\"es\"},{\"@type\":\"Organization\",\"@id\":\"https:\\\/\\\/cvinoticias.com\\\/v3\\\/#organization\",\"name\":\"CVI NOTICIAS\",\"url\":\"https:\\\/\\\/cvinoticias.com\\\/v3\\\/\",\"logo\":{\"@type\":\"ImageObject\",\"inLanguage\":\"es\",\"@id\":\"https:\\\/\\\/cvinoticias.com\\\/v3\\\/#\\\/schema\\\/logo\\\/image\\\/\",\"url\":\"https:\\\/\\\/cvinoticias.com\\\/wp-content\\\/uploads\\\/2023\\\/04\\\/cropped-cropped-cropped-cropped-cropped-3-1.png\",\"contentUrl\":\"https:\\\/\\\/cvinoticias.com\\\/wp-content\\\/uploads\\\/2023\\\/04\\\/cropped-cropped-cropped-cropped-cropped-3-1.png\",\"width\":95,\"height\":122,\"caption\":\"CVI NOTICIAS\"},\"image\":{\"@id\":\"https:\\\/\\\/cvinoticias.com\\\/v3\\\/#\\\/schema\\\/logo\\\/image\\\/\"},\"sameAs\":[\"https:\\\/\\\/www.facebook.com\\\/cvinoticias\",\"https:\\\/\\\/www.instagram.com\\\/cvinoticias\\\/\",\"https:\\\/\\\/www.youtube.com\\\/@CVINOTICIAS\"]},{\"@type\":\"Person\",\"@id\":\"https:\\\/\\\/cvinoticias.com\\\/v3\\\/#\\\/schema\\\/person\\\/2db77e3c6bc03c538495d7b2b8be9b66\",\"name\":\"f1000024\",\"image\":{\"@type\":\"ImageObject\",\"inLanguage\":\"es\",\"@id\":\"https:\\\/\\\/secure.gravatar.com\\\/avatar\\\/d4fe7459cfc51ff5129ce1a732bbef5928568b8092d412ef95611616376bbeed?s=96&d=mm&r=g\",\"url\":\"https:\\\/\\\/secure.gravatar.com\\\/avatar\\\/d4fe7459cfc51ff5129ce1a732bbef5928568b8092d412ef95611616376bbeed?s=96&d=mm&r=g\",\"contentUrl\":\"https:\\\/\\\/secure.gravatar.com\\\/avatar\\\/d4fe7459cfc51ff5129ce1a732bbef5928568b8092d412ef95611616376bbeed?s=96&d=mm&r=g\",\"caption\":\"f1000024\"},\"url\":\"https:\\\/\\\/cvinoticias.com\\\/v3\\\/author\\\/f1000024\\\/\"}]}<\/script>\n<!-- \/ Yoast SEO plugin. -->","yoast_head_json":{"title":"Incendio Corrientes: representa el 9% del territorio provincial | CVI NOTICIAS","robots":{"index":"index","follow":"follow","max-snippet":"max-snippet:-1","max-image-preview":"max-image-preview:large","max-video-preview":"max-video-preview:-1"},"canonical":"https:\/\/cvinoticias.com\/v3\/incendio-corrientes-representa-el-9-del-territorio-provincial\/","og_locale":"es_ES","og_type":"article","og_title":"Incendio Corrientes: representa el 9% del territorio provincial | CVI NOTICIAS","og_description":"As\u00ed lo confirm\u00f3 el Instituto Nacional de Tecnolog\u00eda Agropecuaria (INTA), lo cual representa m\u00e1s de 785 mil hect\u00e1reas. Los incendios rurales arrasaron con m\u00e1s de 785 mil hect\u00e1reas en Corrientes, lo que constituye el 9% de la superficie provincial, inform\u00f3 hoy el Instituto Nacional de Tecnolog\u00eda Agropecuaria (INTA), y remarc\u00f3 que el fuego alcanza a [&hellip;]","og_url":"https:\/\/cvinoticias.com\/v3\/incendio-corrientes-representa-el-9-del-territorio-provincial\/","og_site_name":"CVI NOTICIAS","article_publisher":"https:\/\/www.facebook.com\/cvinoticias","article_published_time":"2022-02-19T01:42:51+00:00","og_image":[{"width":1200,"height":630,"url":"https:\/\/cvinoticias.com\/wp-content\/uploads\/2022\/02\/WhatsApp-Image-2022-02-18-at-18.55.45.jpeg","type":"image\/jpeg"}],"author":"f1000024","twitter_card":"summary_large_image","twitter_misc":{"Escrito por":"f1000024","Tiempo de lectura":"2 minutos"},"schema":{"@context":"https:\/\/schema.org","@graph":[{"@type":"Article","@id":"https:\/\/cvinoticias.com\/v3\/incendio-corrientes-representa-el-9-del-territorio-provincial\/#article","isPartOf":{"@id":"https:\/\/cvinoticias.com\/v3\/incendio-corrientes-representa-el-9-del-territorio-provincial\/"},"author":{"name":"f1000024","@id":"https:\/\/cvinoticias.com\/v3\/#\/schema\/person\/2db77e3c6bc03c538495d7b2b8be9b66"},"headline":"Incendio Corrientes: representa el 9% del territorio provincial","datePublished":"2022-02-19T01:42:51+00:00","mainEntityOfPage":{"@id":"https:\/\/cvinoticias.com\/v3\/incendio-corrientes-representa-el-9-del-territorio-provincial\/"},"wordCount":333,"commentCount":0,"publisher":{"@id":"https:\/\/cvinoticias.com\/v3\/#organization"},"image":{"@id":"https:\/\/cvinoticias.com\/v3\/incendio-corrientes-representa-el-9-del-territorio-provincial\/#primaryimage"},"thumbnailUrl":"https:\/\/cvinoticias.com\/wp-content\/uploads\/2022\/02\/WhatsApp-Image-2022-02-18-at-18.55.45.jpeg","articleSection":["Informaci\u00f3n General"],"inLanguage":"es","potentialAction":[{"@type":"CommentAction","name":"Comment","target":["https:\/\/cvinoticias.com\/v3\/incendio-corrientes-representa-el-9-del-territorio-provincial\/#respond"]}]},{"@type":"WebPage","@id":"https:\/\/cvinoticias.com\/v3\/incendio-corrientes-representa-el-9-del-territorio-provincial\/","url":"https:\/\/cvinoticias.com\/v3\/incendio-corrientes-representa-el-9-del-territorio-provincial\/","name":"Incendio Corrientes: representa el 9% del territorio provincial | CVI NOTICIAS","isPartOf":{"@id":"https:\/\/cvinoticias.com\/v3\/#website"},"primaryImageOfPage":{"@id":"https:\/\/cvinoticias.com\/v3\/incendio-corrientes-representa-el-9-del-territorio-provincial\/#primaryimage"},"image":{"@id":"https:\/\/cvinoticias.com\/v3\/incendio-corrientes-representa-el-9-del-territorio-provincial\/#primaryimage"},"thumbnailUrl":"https:\/\/cvinoticias.com\/wp-content\/uploads\/2022\/02\/WhatsApp-Image-2022-02-18-at-18.55.45.jpeg","datePublished":"2022-02-19T01:42:51+00:00","breadcrumb":{"@id":"https:\/\/cvinoticias.com\/v3\/incendio-corrientes-representa-el-9-del-territorio-provincial\/#breadcrumb"},"inLanguage":"es","potentialAction":[{"@type":"ReadAction","target":["https:\/\/cvinoticias.com\/v3\/incendio-corrientes-representa-el-9-del-territorio-provincial\/"]}]},{"@type":"ImageObject","inLanguage":"es","@id":"https:\/\/cvinoticias.com\/v3\/incendio-corrientes-representa-el-9-del-territorio-provincial\/#primaryimage","url":"https:\/\/cvinoticias.com\/wp-content\/uploads\/2022\/02\/WhatsApp-Image-2022-02-18-at-18.55.45.jpeg","contentUrl":"https:\/\/cvinoticias.com\/wp-content\/uploads\/2022\/02\/WhatsApp-Image-2022-02-18-at-18.55.45.jpeg","width":1200,"height":630},{"@type":"BreadcrumbList","@id":"https:\/\/cvinoticias.com\/v3\/incendio-corrientes-representa-el-9-del-territorio-provincial\/#breadcrumb","itemListElement":[{"@type":"ListItem","position":1,"name":"Portada","item":"https:\/\/cvinoticias.com\/v3\/"},{"@type":"ListItem","position":2,"name":"Incendio Corrientes: representa el 9% del territorio provincial"}]},{"@type":"WebSite","@id":"https:\/\/cvinoticias.com\/v3\/#website","url":"https:\/\/cvinoticias.com\/v3\/","name":"CVI NOTICIAS","description":"","publisher":{"@id":"https:\/\/cvinoticias.com\/v3\/#organization"},"alternateName":"CVI","potentialAction":[{"@type":"SearchAction","target":{"@type":"EntryPoint","urlTemplate":"https:\/\/cvinoticias.com\/v3\/?s={search_term_string}"},"query-input":{"@type":"PropertyValueSpecification","valueRequired":true,"valueName":"search_term_string"}}],"inLanguage":"es"},{"@type":"Organization","@id":"https:\/\/cvinoticias.com\/v3\/#organization","name":"CVI NOTICIAS","url":"https:\/\/cvinoticias.com\/v3\/","logo":{"@type":"ImageObject","inLanguage":"es","@id":"https:\/\/cvinoticias.com\/v3\/#\/schema\/logo\/image\/","url":"https:\/\/cvinoticias.com\/wp-content\/uploads\/2023\/04\/cropped-cropped-cropped-cropped-cropped-3-1.png","contentUrl":"https:\/\/cvinoticias.com\/wp-content\/uploads\/2023\/04\/cropped-cropped-cropped-cropped-cropped-3-1.png","width":95,"height":122,"caption":"CVI NOTICIAS"},"image":{"@id":"https:\/\/cvinoticias.com\/v3\/#\/schema\/logo\/image\/"},"sameAs":["https:\/\/www.facebook.com\/cvinoticias","https:\/\/www.instagram.com\/cvinoticias\/","https:\/\/www.youtube.com\/@CVINOTICIAS"]},{"@type":"Person","@id":"https:\/\/cvinoticias.com\/v3\/#\/schema\/person\/2db77e3c6bc03c538495d7b2b8be9b66","name":"f1000024","image":{"@type":"ImageObject","inLanguage":"es","@id":"https:\/\/secure.gravatar.com\/avatar\/d4fe7459cfc51ff5129ce1a732bbef5928568b8092d412ef95611616376bbeed?s=96&d=mm&r=g","url":"https:\/\/secure.gravatar.com\/avatar\/d4fe7459cfc51ff5129ce1a732bbef5928568b8092d412ef95611616376bbeed?s=96&d=mm&r=g","contentUrl":"https:\/\/secure.gravatar.com\/avatar\/d4fe7459cfc51ff5129ce1a732bbef5928568b8092d412ef95611616376bbeed?s=96&d=mm&r=g","caption":"f1000024"},"url":"https:\/\/cvinoticias.com\/v3\/author\/f1000024\/"}]}},"_links":{"self":[{"href":"https:\/\/cvinoticias.com\/v3\/wp-json\/wp\/v2\/posts\/13387","targetHints":{"allow":["GET"]}}],"collection":[{"href":"https:\/\/cvinoticias.com\/v3\/wp-json\/wp\/v2\/posts"}],"about":[{"href":"https:\/\/cvinoticias.com\/v3\/wp-json\/wp\/v2\/types\/post"}],"author":[{"embeddable":true,"href":"https:\/\/cvinoticias.com\/v3\/wp-json\/wp\/v2\/users\/2"}],"replies":[{"embeddable":true,"href":"https:\/\/cvinoticias.com\/v3\/wp-json\/wp\/v2\/comments?post=13387"}],"version-history":[{"count":1,"href":"https:\/\/cvinoticias.com\/v3\/wp-json\/wp\/v2\/posts\/13387\/revisions"}],"predecessor-version":[{"id":13389,"href":"https:\/\/cvinoticias.com\/v3\/wp-json\/wp\/v2\/posts\/13387\/revisions\/13389"}],"wp:featuredmedia":[{"embeddable":true,"href":"https:\/\/cvinoticias.com\/v3\/wp-json\/wp\/v2\/media\/13388"}],"wp:attachment":[{"href":"https:\/\/cvinoticias.com\/v3\/wp-json\/wp\/v2\/media?parent=13387"}],"wp:term":[{"taxonomy":"category","embeddable":true,"href":"https:\/\/cvinoticias.com\/v3\/wp-json\/wp\/v2\/categories?post=13387"},{"taxonomy":"post_tag","embeddable":true,"href":"https:\/\/cvinoticias.com\/v3\/wp-json\/wp\/v2\/tags?post=13387"}],"curies":[{"name":"wp","href":"https:\/\/api.w.org\/{rel}","templated":true}]}}