{"id":13365,"date":"2022-02-18T18:35:02","date_gmt":"2022-02-18T18:35:02","guid":{"rendered":"https:\/\/cvinoticias.com\/v3\/?p=13365"},"modified":"2022-02-18T18:35:02","modified_gmt":"2022-02-18T18:35:02","slug":"el-gobernador-entrego-subsidios-a-bomberos-y-anuncio-la-compra-de-un-helicoptero","status":"publish","type":"post","link":"https:\/\/cvinoticias.com\/v3\/el-gobernador-entrego-subsidios-a-bomberos-y-anuncio-la-compra-de-un-helicoptero\/","title":{"rendered":"El Gobernador entreg\u00f3 subsidios a Bomberos y anunci\u00f3 la compra de un helic\u00f3ptero"},"content":{"rendered":"\n<p><em>El Gobernador encabez\u00f3 la entrega de subsidios y bonos solidarios a la Federaci\u00f3n Misionera de Bomberos Voluntarios y a 7 asociaciones que la componen para la adquisici\u00f3n de equipamiento.<\/em><\/p>\n\n\n\n<p>En la misma ocasi\u00f3n, junto al ministro de Ambiente y Desarrollo Sostenible, Juan Cabandi\u00e9, rubric\u00f3 un convenio para la puesta en valor y el equipamiento de la Brigada Base Ap\u00f3stoles que operar\u00e1 como sede regional del Sistema Nacional de Manejo del Fuego. Herrera Ahuad anunci\u00f3 tambi\u00e9n la compra de un nuevo helic\u00f3ptero hidrante y la incorporaci\u00f3n de dos miembros de la comunidad mbya guaran\u00ed a la Brigada de Incendios Forestales.<\/p>\n\n\n\n<p>Esta ma\u00f1ana el gobernador Oscar Herrera Ahuad encabez\u00f3 la entrega de subsidios y bonos solidarios a la Federaci\u00f3n Misionera de Bomberos Voluntarios y a otras 7 asociaciones que la componen. El evento se dio en el marco de la visita del ministro de Ambiente y Desarrollo Sostenible de la Naci\u00f3n, Juan Cabandie. Adem\u00e1s, para fortalecer las tareas de manejo del fuego en la provincia, el Gobierno de Misiones suscribi\u00f3 junto al Ministerio de Ambiente y Desarrollo Sostenible, un convenio para la puesta en valor, reparaci\u00f3n y equipamiento de la Brigada Base Ap\u00f3stoles que operar\u00e1 en el marco del Sistema Nacional de Manejo del Fuego y forma parte del Plan Provincial de Manejo del Fuego.<\/p>\n\n\n\n<figure class=\"wp-block-image size-full\"><a href=\"https:\/\/cvinoticias.com\/wp-content\/uploads\/2022\/02\/FB_IMG_1645204800649.jpg\"><img decoding=\"async\" width=\"960\" height=\"641\" data-src=\"https:\/\/cvinoticias.com\/wp-content\/uploads\/2022\/02\/FB_IMG_1645204800649.jpg\" alt=\"\" class=\"wp-image-13367 lazyload\" data-srcset=\"https:\/\/cvinoticias.com\/wp-content\/uploads\/2022\/02\/FB_IMG_1645204800649.jpg 960w, https:\/\/cvinoticias.com\/wp-content\/uploads\/2022\/02\/FB_IMG_1645204800649-300x200.jpg 300w, https:\/\/cvinoticias.com\/wp-content\/uploads\/2022\/02\/FB_IMG_1645204800649-768x513.jpg 768w\" data-sizes=\"(max-width: 960px) 100vw, 960px\" src=\"data:image\/svg+xml;base64,PHN2ZyB3aWR0aD0iMSIgaGVpZ2h0PSIxIiB4bWxucz0iaHR0cDovL3d3dy53My5vcmcvMjAwMC9zdmciPjwvc3ZnPg==\" style=\"--smush-placeholder-width: 960px; --smush-placeholder-aspect-ratio: 960\/641;\" \/><\/a><\/figure>\n\n\n\n<p>Durante el acto, Herrera Ahuad explic\u00f3 que la finalidad de los subsidios entregados es fortalecer las asociaciones de Bomberos Voluntarios y como acompa\u00f1amiento a la Federaci\u00f3n de Bomberos Voluntarios de Misiones, \u201cquienes son nuestros socios en el trabajo, pero tambi\u00e9n en las pol\u00edticas p\u00fablicas aplicadas en materia ambiental, sobre todo en el Plan de Manejo del Fuego\u201d.<\/p>\n\n\n\n<p>Present\u00f3 el Gobernador el bono solidario y explic\u00f3 que permitir\u00e1 a toda la ciudadan\u00eda ayudar y acompa\u00f1ar a los Bomberos Voluntarios unificando un criterio v\u00e1lido para todos y con el respaldo del Instituto Provincial de Loter\u00eda y Casinos (IPLyC). Esto va a permitir el ingreso de alrededor de 50 millones de pesos, ya que cada bono tiene el valor \u00fanico de 500 pesos y se hicieron 100 mil para distribuirlos en diferentes puntos de Misiones. Agreg\u00f3 que la totalidad de los fondos recaudados ser\u00e1n para los bomberos.<\/p>\n\n\n\n<figure class=\"wp-block-image size-full\"><a href=\"https:\/\/cvinoticias.com\/wp-content\/uploads\/2022\/02\/FB_IMG_1645204807372.jpg\"><img decoding=\"async\" width=\"960\" height=\"641\" data-src=\"https:\/\/cvinoticias.com\/wp-content\/uploads\/2022\/02\/FB_IMG_1645204807372.jpg\" alt=\"\" class=\"wp-image-13368 lazyload\" data-srcset=\"https:\/\/cvinoticias.com\/wp-content\/uploads\/2022\/02\/FB_IMG_1645204807372.jpg 960w, https:\/\/cvinoticias.com\/wp-content\/uploads\/2022\/02\/FB_IMG_1645204807372-300x200.jpg 300w, https:\/\/cvinoticias.com\/wp-content\/uploads\/2022\/02\/FB_IMG_1645204807372-768x513.jpg 768w\" data-sizes=\"(max-width: 960px) 100vw, 960px\" src=\"data:image\/svg+xml;base64,PHN2ZyB3aWR0aD0iMSIgaGVpZ2h0PSIxIiB4bWxucz0iaHR0cDovL3d3dy53My5vcmcvMjAwMC9zdmciPjwvc3ZnPg==\" style=\"--smush-placeholder-width: 960px; --smush-placeholder-aspect-ratio: 960\/641;\" \/><\/a><\/figure>\n\n\n\n<p>Al mismo tiempo, resalt\u00f3 que la provincia en los \u00faltimos meses invirti\u00f3 un monto cercano a los 120 millones de pesos, sin contar el bono, en favor de la lucha contra los incendios forestales. Algo que, se\u00f1al\u00f3, forma parte de \u201cuna decisi\u00f3n pol\u00edtica de adelantarnos a las circunstancias que ocurren en nuestro planeta, Argentina y en la provincia\u201d. En la misma l\u00ednea, anunci\u00f3 la compra de un nuevo helic\u00f3ptero hidrante que se sumar\u00e1 a las otras unidades operativas en la lucha contra incendios forestales en la provincia.<\/p>\n\n\n\n<p>El gobernador anunci\u00f3 tambi\u00e9n que en marzo, dos bomberos voluntarios de la comunidad mbya guaran\u00ed se sumar\u00e1n a la Brigada Forestal contratados por la provincia. Un hecho que calific\u00f3 de \u201chist\u00f3rico y que facilitar\u00e1 el entendimiento con las comunidades originarias para la lucha y prevenci\u00f3n contra los incendios forestales\u201d.<\/p>\n\n\n\n<p>Con relaci\u00f3n a la base de Ap\u00f3stoles, inform\u00f3 que se va a integrar como brigada del Sistema Nacional de Manejo del Fuego, agradeci\u00f3 al ministro Cabandi\u00e9 \u201cpor darnos la responsabilidad de ser una base operativa regional, en la importancia del manejo operativo de toda la regi\u00f3n del \u00e1rea de incumbencia\u201d. Es especial porque la instalaci\u00f3n unir\u00e1 y hermanar\u00e1 \u201ctoda la regi\u00f3n para tener una misma raz\u00f3n, y una misma capacidad operativa en cualquier lugar de la Argentina donde sea requerido el trabajo de las bases\u201d.<\/p>\n\n\n\n<p>Hacia al final, remarc\u00f3 el trabajo de los Bomberos Voluntarios y todos los involucrados en la lucha contra los incendios forestales y las consecuencias del cambio clim\u00e1tico a pesar de las arduas dificultades. Pidi\u00f3 conciencia a la comunidad y al sector productivo, ya que el 90% de los focos son generados por la acci\u00f3n humana.<\/p>\n\n\n\n<p>Sobre el cierre de la conferencia Herrera Ahuad agradeci\u00f3 a la comunidad misionera que \u201cnos est\u00e1 ayudando\u201d y asegur\u00f3 que \u201cel Gobierno provincial est\u00e1 acompa\u00f1ando, est\u00e1 dando todos los recursos para que nuestra provincia pueda tener controlados los focos. Si no hubi\u00e9semos tomado estas medidas, seguramente estar\u00edamos desbordados. Nos duele cada \u00e1rbol, planta, chacra que se quema, pero estamos ah\u00ed. Y vamos a ayudar y acompa\u00f1ar en todo lo que implique la reconstrucci\u00f3n de la producci\u00f3n misionera\u201d.<\/p>\n\n\n\n<p><strong>La vocaci\u00f3n de la provincia para enfrentar la problem\u00e1tica<\/strong><\/p>\n\n\n\n<p>A su turno, el ministro Cabandi\u00e9 se refiri\u00f3 a la pol\u00edtica y las acciones del Gobierno misionero para el combate de los incendios, \u201crealmente son una muestra de la vocaci\u00f3n que hay en su gobierno para enfrentar y para fortalecer el sistema\u201d. Explico que a nivel nacional s\u00f3lo hay una \u00fanica brigada en Chubut para combatir incendios forestales. Y que ante ese problema se decidi\u00f3 crear dos nuevas, una en San Luis y la otra en Misiones, en la ciudad de Ap\u00f3stoles.<\/p>\n\n\n\n<p>\u00abEs una inversi\u00f3n inicial destinada a infraestructura\u00bb, dijo y detall\u00f3 que contar\u00e1 con 32 brigadistas permanentes y un avi\u00f3n hidrante en la base. Adem\u00e1s, expres\u00f3 \u00abla buena sinton\u00eda que tenemos con el Gobernador, por esa dedicaci\u00f3n que tiene por robustecer, e incrementar los mecanismos y presupuestos para fortalecer al sistema provincial. Tambi\u00e9n, por la formaci\u00f3n de los bomberos\u00bb.<\/p>\n\n\n\n<p>Por \u00faltimo, destac\u00f3 el papel de la protecci\u00f3n de la selva misionera por su valor ecol\u00f3gico y vital para la Argentina. Finalmente, coment\u00f3 que \u201cestoy frente a un m\u00e9dico sanitarista prestigioso y \u00e9l sabe que adem\u00e1s de la salud de las personas tambi\u00e9n hay que cuidad la salud del planeta, y ese es el objetivo\u201d.<\/p>\n\n\n\n<p>En tanto, el presidente de la Federaci\u00f3n de Bomberos Voluntarios, Waldemar Laumann, se\u00f1al\u00f3 que los recursos entregados por la provincia se destinar\u00e1n a la fabricaci\u00f3n de una m\u00e1quina especialmente dise\u00f1ada para el combate de incendios forestales, que es una r\u00e9plica de un modelo finland\u00e9s adaptado para el suelo misionero. Agreg\u00f3 que se har\u00e1 con el apoyo del Gobernador por el cual agradeci\u00f3 su disposici\u00f3n con el proyecto. Finalmente, indic\u00f3 que \u201clos subsidios, los bonos, van a dar un empuj\u00f3n grande para que podamos crecer\u201d.<\/p>\n\n\n\n<p>En la misma ocasi\u00f3n estuvieron presentes en la Sala de Situaci\u00f3n, el vicegobernador, Carlos Arce; el ministro de Hacienda, Adolfo Safr\u00e1n; el ministro de Ecolog\u00eda, V\u00edctor Kreimer; el presidente del IPLyC, H\u00e9ctor Rojas Decut entre otras autoridades naciones y provinciales junto a representantes y miembros de asociaciones de Bomberos Voluntarios de diversos puntos de Misiones<br>Recursos para enfrentar una situaci\u00f3n critica.<\/p>\n\n\n\n<p>Los beneficiarios de los subsidios entregados fueron la Federaci\u00f3n Misionera de Bomberos Voluntarios, con sede en Montecarlo, junto a las asociaciones de Bomberos Voluntarios de El Alc\u00e1zar, Garuhap\u00e9, Leandro N. Alem, Montecarlo y Posadas.<\/p>\n\n\n\n<p>Los montos entregados a cada organizaci\u00f3n tienen como fin la compra de herramientas de socorrismo, ampliaciones y refacciones edilicias de las sedes, y la adquisici\u00f3n de medios de transportes equipados para la lucha contra el fuego entre otros elementos e insumos para lidiar con incendios forestales.<\/p>\n\n\n\n<p>Mientras, las asociaciones de Bomberos Voluntarios de las localidades de Candelaria y Ober\u00e1, recibieron el bono solidario que organiza el IPLyC, que aportar\u00e1 los premios y tiene una operatoria similar al Deporbono, y que ser\u00e1n distribuidos a todas las asociaciones de la provincia.<\/p>\n\n\n\n<p>Fortalecimiento de una brigada misionera del Sistema Nacional de Manejo del Fuego<br>El convenio marco firmado establece la cooperaci\u00f3n y financiamiento para la instalaci\u00f3n, reparaci\u00f3n y adquisici\u00f3n de bienes para la Brigada Base Ap\u00f3stoles entre el Ministerio de Ambiente y Desarrollo Sostenible de la Naci\u00f3n y el Ministerio de Hacienda de Misiones. Mediante la r\u00fabrica se obtendr\u00e1 asistencia financiera para la instalaci\u00f3n, reparaci\u00f3n y adquisici\u00f3n de bienes con el fin de realizar la puesta en valor de la Brigada Base Ap\u00f3stoles y efectivizar su uso en el marco de la Ley 26.815 del Fondo Nacional del Manejo del Fuego.<\/p>\n\n\n\n<p>De esta manera, la Naci\u00f3n se comprometi\u00f3 al financiamiento de la puesta en valor de la Base Ap\u00f3stoles. Con los fondos se mejorar\u00e1n instalaciones de agua, cloaca, gas, electricidad, aberturas, carpinter\u00eda, techos; as\u00ed como refacciones en la infraestructura del hangar donde est\u00e1 resguardado el avi\u00f3n vig\u00eda y el parque vial.<\/p>\n\n\n\n<p><br>Actualmente, la base cuenta con un cuerpo de brigadistas que a partir de este convenio fortalecer\u00e1 su base y tambi\u00e9n el recurso humano que est\u00e1 capacitado para las funciones de prevenci\u00f3n, monitoreo y combate de incendios forestales en Misiones, Corrientes y Chaco.<\/p>\n","protected":false},"excerpt":{"rendered":"<p>El Gobernador encabez\u00f3 la entrega de subsidios y bonos solidarios a la Federaci\u00f3n Misionera de Bomberos Voluntarios y a 7 asociaciones que la componen para la adquisici\u00f3n de equipamiento. En la misma ocasi\u00f3n, junto al ministro de Ambiente y Desarrollo Sostenible, Juan Cabandi\u00e9, rubric\u00f3 un convenio para la puesta en valor y el equipamiento de [&hellip;]<\/p>\n","protected":false},"author":2,"featured_media":13366,"comment_status":"open","ping_status":"open","sticky":false,"template":"","format":"standard","meta":{"footnotes":""},"categories":[43],"tags":[],"class_list":["post-13365","post","type-post","status-publish","format-standard","has-post-thumbnail","hentry","category-provinciales"],"yoast_head":"<!-- This site is optimized with the Yoast SEO plugin v27.5 - https:\/\/yoast.com\/product\/yoast-seo-wordpress\/ -->\n<title>El Gobernador entreg\u00f3 subsidios a Bomberos y anunci\u00f3 la compra de un helic\u00f3ptero | CVI NOTICIAS<\/title>\n<meta name=\"robots\" content=\"index, follow, max-snippet:-1, max-image-preview:large, max-video-preview:-1\" \/>\n<link rel=\"canonical\" href=\"https:\/\/cvinoticias.com\/v3\/el-gobernador-entrego-subsidios-a-bomberos-y-anuncio-la-compra-de-un-helicoptero\/\" \/>\n<meta property=\"og:locale\" content=\"es_ES\" \/>\n<meta property=\"og:type\" content=\"article\" \/>\n<meta property=\"og:title\" content=\"El Gobernador entreg\u00f3 subsidios a Bomberos y anunci\u00f3 la compra de un helic\u00f3ptero | CVI NOTICIAS\" \/>\n<meta property=\"og:description\" content=\"El Gobernador encabez\u00f3 la entrega de subsidios y bonos solidarios a la Federaci\u00f3n Misionera de Bomberos Voluntarios y a 7 asociaciones que la componen para la adquisici\u00f3n de equipamiento. En la misma ocasi\u00f3n, junto al ministro de Ambiente y Desarrollo Sostenible, Juan Cabandi\u00e9, rubric\u00f3 un convenio para la puesta en valor y el equipamiento de [&hellip;]\" \/>\n<meta property=\"og:url\" content=\"https:\/\/cvinoticias.com\/v3\/el-gobernador-entrego-subsidios-a-bomberos-y-anuncio-la-compra-de-un-helicoptero\/\" \/>\n<meta property=\"og:site_name\" content=\"CVI NOTICIAS\" \/>\n<meta property=\"article:publisher\" content=\"https:\/\/www.facebook.com\/cvinoticias\" \/>\n<meta property=\"article:published_time\" content=\"2022-02-18T18:35:02+00:00\" \/>\n<meta property=\"og:image\" content=\"https:\/\/cvinoticias.com\/wp-content\/uploads\/2022\/02\/FB_IMG_1645204803006.jpg\" \/>\n\t<meta property=\"og:image:width\" content=\"960\" \/>\n\t<meta property=\"og:image:height\" content=\"641\" \/>\n\t<meta property=\"og:image:type\" content=\"image\/jpeg\" \/>\n<meta name=\"author\" content=\"f1000024\" \/>\n<meta name=\"twitter:card\" content=\"summary_large_image\" \/>\n<meta name=\"twitter:label1\" content=\"Escrito por\" \/>\n\t<meta name=\"twitter:data1\" content=\"f1000024\" \/>\n\t<meta name=\"twitter:label2\" content=\"Tiempo de lectura\" \/>\n\t<meta name=\"twitter:data2\" content=\"7 minutos\" \/>\n<script type=\"application\/ld+json\" class=\"yoast-schema-graph\">{\"@context\":\"https:\\\/\\\/schema.org\",\"@graph\":[{\"@type\":\"Article\",\"@id\":\"https:\\\/\\\/cvinoticias.com\\\/v3\\\/el-gobernador-entrego-subsidios-a-bomberos-y-anuncio-la-compra-de-un-helicoptero\\\/#article\",\"isPartOf\":{\"@id\":\"https:\\\/\\\/cvinoticias.com\\\/v3\\\/el-gobernador-entrego-subsidios-a-bomberos-y-anuncio-la-compra-de-un-helicoptero\\\/\"},\"author\":{\"name\":\"f1000024\",\"@id\":\"https:\\\/\\\/cvinoticias.com\\\/v3\\\/#\\\/schema\\\/person\\\/2db77e3c6bc03c538495d7b2b8be9b66\"},\"headline\":\"El Gobernador entreg\u00f3 subsidios a Bomberos y anunci\u00f3 la compra de un helic\u00f3ptero\",\"datePublished\":\"2022-02-18T18:35:02+00:00\",\"mainEntityOfPage\":{\"@id\":\"https:\\\/\\\/cvinoticias.com\\\/v3\\\/el-gobernador-entrego-subsidios-a-bomberos-y-anuncio-la-compra-de-un-helicoptero\\\/\"},\"wordCount\":1481,\"commentCount\":0,\"publisher\":{\"@id\":\"https:\\\/\\\/cvinoticias.com\\\/v3\\\/#organization\"},\"image\":{\"@id\":\"https:\\\/\\\/cvinoticias.com\\\/v3\\\/el-gobernador-entrego-subsidios-a-bomberos-y-anuncio-la-compra-de-un-helicoptero\\\/#primaryimage\"},\"thumbnailUrl\":\"https:\\\/\\\/cvinoticias.com\\\/wp-content\\\/uploads\\\/2022\\\/02\\\/FB_IMG_1645204803006.jpg\",\"articleSection\":[\"Provinciales\"],\"inLanguage\":\"es\",\"potentialAction\":[{\"@type\":\"CommentAction\",\"name\":\"Comment\",\"target\":[\"https:\\\/\\\/cvinoticias.com\\\/v3\\\/el-gobernador-entrego-subsidios-a-bomberos-y-anuncio-la-compra-de-un-helicoptero\\\/#respond\"]}]},{\"@type\":\"WebPage\",\"@id\":\"https:\\\/\\\/cvinoticias.com\\\/v3\\\/el-gobernador-entrego-subsidios-a-bomberos-y-anuncio-la-compra-de-un-helicoptero\\\/\",\"url\":\"https:\\\/\\\/cvinoticias.com\\\/v3\\\/el-gobernador-entrego-subsidios-a-bomberos-y-anuncio-la-compra-de-un-helicoptero\\\/\",\"name\":\"El Gobernador entreg\u00f3 subsidios a Bomberos y anunci\u00f3 la compra de un helic\u00f3ptero | CVI NOTICIAS\",\"isPartOf\":{\"@id\":\"https:\\\/\\\/cvinoticias.com\\\/v3\\\/#website\"},\"primaryImageOfPage\":{\"@id\":\"https:\\\/\\\/cvinoticias.com\\\/v3\\\/el-gobernador-entrego-subsidios-a-bomberos-y-anuncio-la-compra-de-un-helicoptero\\\/#primaryimage\"},\"image\":{\"@id\":\"https:\\\/\\\/cvinoticias.com\\\/v3\\\/el-gobernador-entrego-subsidios-a-bomberos-y-anuncio-la-compra-de-un-helicoptero\\\/#primaryimage\"},\"thumbnailUrl\":\"https:\\\/\\\/cvinoticias.com\\\/wp-content\\\/uploads\\\/2022\\\/02\\\/FB_IMG_1645204803006.jpg\",\"datePublished\":\"2022-02-18T18:35:02+00:00\",\"breadcrumb\":{\"@id\":\"https:\\\/\\\/cvinoticias.com\\\/v3\\\/el-gobernador-entrego-subsidios-a-bomberos-y-anuncio-la-compra-de-un-helicoptero\\\/#breadcrumb\"},\"inLanguage\":\"es\",\"potentialAction\":[{\"@type\":\"ReadAction\",\"target\":[\"https:\\\/\\\/cvinoticias.com\\\/v3\\\/el-gobernador-entrego-subsidios-a-bomberos-y-anuncio-la-compra-de-un-helicoptero\\\/\"]}]},{\"@type\":\"ImageObject\",\"inLanguage\":\"es\",\"@id\":\"https:\\\/\\\/cvinoticias.com\\\/v3\\\/el-gobernador-entrego-subsidios-a-bomberos-y-anuncio-la-compra-de-un-helicoptero\\\/#primaryimage\",\"url\":\"https:\\\/\\\/cvinoticias.com\\\/wp-content\\\/uploads\\\/2022\\\/02\\\/FB_IMG_1645204803006.jpg\",\"contentUrl\":\"https:\\\/\\\/cvinoticias.com\\\/wp-content\\\/uploads\\\/2022\\\/02\\\/FB_IMG_1645204803006.jpg\",\"width\":960,\"height\":641},{\"@type\":\"BreadcrumbList\",\"@id\":\"https:\\\/\\\/cvinoticias.com\\\/v3\\\/el-gobernador-entrego-subsidios-a-bomberos-y-anuncio-la-compra-de-un-helicoptero\\\/#breadcrumb\",\"itemListElement\":[{\"@type\":\"ListItem\",\"position\":1,\"name\":\"Portada\",\"item\":\"https:\\\/\\\/cvinoticias.com\\\/v3\\\/\"},{\"@type\":\"ListItem\",\"position\":2,\"name\":\"El Gobernador entreg\u00f3 subsidios a Bomberos y anunci\u00f3 la compra de un helic\u00f3ptero\"}]},{\"@type\":\"WebSite\",\"@id\":\"https:\\\/\\\/cvinoticias.com\\\/v3\\\/#website\",\"url\":\"https:\\\/\\\/cvinoticias.com\\\/v3\\\/\",\"name\":\"CVI NOTICIAS\",\"description\":\"\",\"publisher\":{\"@id\":\"https:\\\/\\\/cvinoticias.com\\\/v3\\\/#organization\"},\"alternateName\":\"CVI\",\"potentialAction\":[{\"@type\":\"SearchAction\",\"target\":{\"@type\":\"EntryPoint\",\"urlTemplate\":\"https:\\\/\\\/cvinoticias.com\\\/v3\\\/?s={search_term_string}\"},\"query-input\":{\"@type\":\"PropertyValueSpecification\",\"valueRequired\":true,\"valueName\":\"search_term_string\"}}],\"inLanguage\":\"es\"},{\"@type\":\"Organization\",\"@id\":\"https:\\\/\\\/cvinoticias.com\\\/v3\\\/#organization\",\"name\":\"CVI NOTICIAS\",\"url\":\"https:\\\/\\\/cvinoticias.com\\\/v3\\\/\",\"logo\":{\"@type\":\"ImageObject\",\"inLanguage\":\"es\",\"@id\":\"https:\\\/\\\/cvinoticias.com\\\/v3\\\/#\\\/schema\\\/logo\\\/image\\\/\",\"url\":\"https:\\\/\\\/cvinoticias.com\\\/wp-content\\\/uploads\\\/2023\\\/04\\\/cropped-cropped-cropped-cropped-cropped-3-1.png\",\"contentUrl\":\"https:\\\/\\\/cvinoticias.com\\\/wp-content\\\/uploads\\\/2023\\\/04\\\/cropped-cropped-cropped-cropped-cropped-3-1.png\",\"width\":95,\"height\":122,\"caption\":\"CVI NOTICIAS\"},\"image\":{\"@id\":\"https:\\\/\\\/cvinoticias.com\\\/v3\\\/#\\\/schema\\\/logo\\\/image\\\/\"},\"sameAs\":[\"https:\\\/\\\/www.facebook.com\\\/cvinoticias\",\"https:\\\/\\\/www.instagram.com\\\/cvinoticias\\\/\",\"https:\\\/\\\/www.youtube.com\\\/@CVINOTICIAS\"]},{\"@type\":\"Person\",\"@id\":\"https:\\\/\\\/cvinoticias.com\\\/v3\\\/#\\\/schema\\\/person\\\/2db77e3c6bc03c538495d7b2b8be9b66\",\"name\":\"f1000024\",\"image\":{\"@type\":\"ImageObject\",\"inLanguage\":\"es\",\"@id\":\"https:\\\/\\\/secure.gravatar.com\\\/avatar\\\/d4fe7459cfc51ff5129ce1a732bbef5928568b8092d412ef95611616376bbeed?s=96&d=mm&r=g\",\"url\":\"https:\\\/\\\/secure.gravatar.com\\\/avatar\\\/d4fe7459cfc51ff5129ce1a732bbef5928568b8092d412ef95611616376bbeed?s=96&d=mm&r=g\",\"contentUrl\":\"https:\\\/\\\/secure.gravatar.com\\\/avatar\\\/d4fe7459cfc51ff5129ce1a732bbef5928568b8092d412ef95611616376bbeed?s=96&d=mm&r=g\",\"caption\":\"f1000024\"},\"url\":\"https:\\\/\\\/cvinoticias.com\\\/v3\\\/author\\\/f1000024\\\/\"}]}<\/script>\n<!-- \/ Yoast SEO plugin. -->","yoast_head_json":{"title":"El Gobernador entreg\u00f3 subsidios a Bomberos y anunci\u00f3 la compra de un helic\u00f3ptero | CVI NOTICIAS","robots":{"index":"index","follow":"follow","max-snippet":"max-snippet:-1","max-image-preview":"max-image-preview:large","max-video-preview":"max-video-preview:-1"},"canonical":"https:\/\/cvinoticias.com\/v3\/el-gobernador-entrego-subsidios-a-bomberos-y-anuncio-la-compra-de-un-helicoptero\/","og_locale":"es_ES","og_type":"article","og_title":"El Gobernador entreg\u00f3 subsidios a Bomberos y anunci\u00f3 la compra de un helic\u00f3ptero | CVI NOTICIAS","og_description":"El Gobernador encabez\u00f3 la entrega de subsidios y bonos solidarios a la Federaci\u00f3n Misionera de Bomberos Voluntarios y a 7 asociaciones que la componen para la adquisici\u00f3n de equipamiento. En la misma ocasi\u00f3n, junto al ministro de Ambiente y Desarrollo Sostenible, Juan Cabandi\u00e9, rubric\u00f3 un convenio para la puesta en valor y el equipamiento de [&hellip;]","og_url":"https:\/\/cvinoticias.com\/v3\/el-gobernador-entrego-subsidios-a-bomberos-y-anuncio-la-compra-de-un-helicoptero\/","og_site_name":"CVI NOTICIAS","article_publisher":"https:\/\/www.facebook.com\/cvinoticias","article_published_time":"2022-02-18T18:35:02+00:00","og_image":[{"width":960,"height":641,"url":"https:\/\/cvinoticias.com\/wp-content\/uploads\/2022\/02\/FB_IMG_1645204803006.jpg","type":"image\/jpeg"}],"author":"f1000024","twitter_card":"summary_large_image","twitter_misc":{"Escrito por":"f1000024","Tiempo de lectura":"7 minutos"},"schema":{"@context":"https:\/\/schema.org","@graph":[{"@type":"Article","@id":"https:\/\/cvinoticias.com\/v3\/el-gobernador-entrego-subsidios-a-bomberos-y-anuncio-la-compra-de-un-helicoptero\/#article","isPartOf":{"@id":"https:\/\/cvinoticias.com\/v3\/el-gobernador-entrego-subsidios-a-bomberos-y-anuncio-la-compra-de-un-helicoptero\/"},"author":{"name":"f1000024","@id":"https:\/\/cvinoticias.com\/v3\/#\/schema\/person\/2db77e3c6bc03c538495d7b2b8be9b66"},"headline":"El Gobernador entreg\u00f3 subsidios a Bomberos y anunci\u00f3 la compra de un helic\u00f3ptero","datePublished":"2022-02-18T18:35:02+00:00","mainEntityOfPage":{"@id":"https:\/\/cvinoticias.com\/v3\/el-gobernador-entrego-subsidios-a-bomberos-y-anuncio-la-compra-de-un-helicoptero\/"},"wordCount":1481,"commentCount":0,"publisher":{"@id":"https:\/\/cvinoticias.com\/v3\/#organization"},"image":{"@id":"https:\/\/cvinoticias.com\/v3\/el-gobernador-entrego-subsidios-a-bomberos-y-anuncio-la-compra-de-un-helicoptero\/#primaryimage"},"thumbnailUrl":"https:\/\/cvinoticias.com\/wp-content\/uploads\/2022\/02\/FB_IMG_1645204803006.jpg","articleSection":["Provinciales"],"inLanguage":"es","potentialAction":[{"@type":"CommentAction","name":"Comment","target":["https:\/\/cvinoticias.com\/v3\/el-gobernador-entrego-subsidios-a-bomberos-y-anuncio-la-compra-de-un-helicoptero\/#respond"]}]},{"@type":"WebPage","@id":"https:\/\/cvinoticias.com\/v3\/el-gobernador-entrego-subsidios-a-bomberos-y-anuncio-la-compra-de-un-helicoptero\/","url":"https:\/\/cvinoticias.com\/v3\/el-gobernador-entrego-subsidios-a-bomberos-y-anuncio-la-compra-de-un-helicoptero\/","name":"El Gobernador entreg\u00f3 subsidios a Bomberos y anunci\u00f3 la compra de un helic\u00f3ptero | CVI NOTICIAS","isPartOf":{"@id":"https:\/\/cvinoticias.com\/v3\/#website"},"primaryImageOfPage":{"@id":"https:\/\/cvinoticias.com\/v3\/el-gobernador-entrego-subsidios-a-bomberos-y-anuncio-la-compra-de-un-helicoptero\/#primaryimage"},"image":{"@id":"https:\/\/cvinoticias.com\/v3\/el-gobernador-entrego-subsidios-a-bomberos-y-anuncio-la-compra-de-un-helicoptero\/#primaryimage"},"thumbnailUrl":"https:\/\/cvinoticias.com\/wp-content\/uploads\/2022\/02\/FB_IMG_1645204803006.jpg","datePublished":"2022-02-18T18:35:02+00:00","breadcrumb":{"@id":"https:\/\/cvinoticias.com\/v3\/el-gobernador-entrego-subsidios-a-bomberos-y-anuncio-la-compra-de-un-helicoptero\/#breadcrumb"},"inLanguage":"es","potentialAction":[{"@type":"ReadAction","target":["https:\/\/cvinoticias.com\/v3\/el-gobernador-entrego-subsidios-a-bomberos-y-anuncio-la-compra-de-un-helicoptero\/"]}]},{"@type":"ImageObject","inLanguage":"es","@id":"https:\/\/cvinoticias.com\/v3\/el-gobernador-entrego-subsidios-a-bomberos-y-anuncio-la-compra-de-un-helicoptero\/#primaryimage","url":"https:\/\/cvinoticias.com\/wp-content\/uploads\/2022\/02\/FB_IMG_1645204803006.jpg","contentUrl":"https:\/\/cvinoticias.com\/wp-content\/uploads\/2022\/02\/FB_IMG_1645204803006.jpg","width":960,"height":641},{"@type":"BreadcrumbList","@id":"https:\/\/cvinoticias.com\/v3\/el-gobernador-entrego-subsidios-a-bomberos-y-anuncio-la-compra-de-un-helicoptero\/#breadcrumb","itemListElement":[{"@type":"ListItem","position":1,"name":"Portada","item":"https:\/\/cvinoticias.com\/v3\/"},{"@type":"ListItem","position":2,"name":"El Gobernador entreg\u00f3 subsidios a Bomberos y anunci\u00f3 la compra de un helic\u00f3ptero"}]},{"@type":"WebSite","@id":"https:\/\/cvinoticias.com\/v3\/#website","url":"https:\/\/cvinoticias.com\/v3\/","name":"CVI NOTICIAS","description":"","publisher":{"@id":"https:\/\/cvinoticias.com\/v3\/#organization"},"alternateName":"CVI","potentialAction":[{"@type":"SearchAction","target":{"@type":"EntryPoint","urlTemplate":"https:\/\/cvinoticias.com\/v3\/?s={search_term_string}"},"query-input":{"@type":"PropertyValueSpecification","valueRequired":true,"valueName":"search_term_string"}}],"inLanguage":"es"},{"@type":"Organization","@id":"https:\/\/cvinoticias.com\/v3\/#organization","name":"CVI NOTICIAS","url":"https:\/\/cvinoticias.com\/v3\/","logo":{"@type":"ImageObject","inLanguage":"es","@id":"https:\/\/cvinoticias.com\/v3\/#\/schema\/logo\/image\/","url":"https:\/\/cvinoticias.com\/wp-content\/uploads\/2023\/04\/cropped-cropped-cropped-cropped-cropped-3-1.png","contentUrl":"https:\/\/cvinoticias.com\/wp-content\/uploads\/2023\/04\/cropped-cropped-cropped-cropped-cropped-3-1.png","width":95,"height":122,"caption":"CVI NOTICIAS"},"image":{"@id":"https:\/\/cvinoticias.com\/v3\/#\/schema\/logo\/image\/"},"sameAs":["https:\/\/www.facebook.com\/cvinoticias","https:\/\/www.instagram.com\/cvinoticias\/","https:\/\/www.youtube.com\/@CVINOTICIAS"]},{"@type":"Person","@id":"https:\/\/cvinoticias.com\/v3\/#\/schema\/person\/2db77e3c6bc03c538495d7b2b8be9b66","name":"f1000024","image":{"@type":"ImageObject","inLanguage":"es","@id":"https:\/\/secure.gravatar.com\/avatar\/d4fe7459cfc51ff5129ce1a732bbef5928568b8092d412ef95611616376bbeed?s=96&d=mm&r=g","url":"https:\/\/secure.gravatar.com\/avatar\/d4fe7459cfc51ff5129ce1a732bbef5928568b8092d412ef95611616376bbeed?s=96&d=mm&r=g","contentUrl":"https:\/\/secure.gravatar.com\/avatar\/d4fe7459cfc51ff5129ce1a732bbef5928568b8092d412ef95611616376bbeed?s=96&d=mm&r=g","caption":"f1000024"},"url":"https:\/\/cvinoticias.com\/v3\/author\/f1000024\/"}]}},"_links":{"self":[{"href":"https:\/\/cvinoticias.com\/v3\/wp-json\/wp\/v2\/posts\/13365","targetHints":{"allow":["GET"]}}],"collection":[{"href":"https:\/\/cvinoticias.com\/v3\/wp-json\/wp\/v2\/posts"}],"about":[{"href":"https:\/\/cvinoticias.com\/v3\/wp-json\/wp\/v2\/types\/post"}],"author":[{"embeddable":true,"href":"https:\/\/cvinoticias.com\/v3\/wp-json\/wp\/v2\/users\/2"}],"replies":[{"embeddable":true,"href":"https:\/\/cvinoticias.com\/v3\/wp-json\/wp\/v2\/comments?post=13365"}],"version-history":[{"count":1,"href":"https:\/\/cvinoticias.com\/v3\/wp-json\/wp\/v2\/posts\/13365\/revisions"}],"predecessor-version":[{"id":13369,"href":"https:\/\/cvinoticias.com\/v3\/wp-json\/wp\/v2\/posts\/13365\/revisions\/13369"}],"wp:featuredmedia":[{"embeddable":true,"href":"https:\/\/cvinoticias.com\/v3\/wp-json\/wp\/v2\/media\/13366"}],"wp:attachment":[{"href":"https:\/\/cvinoticias.com\/v3\/wp-json\/wp\/v2\/media?parent=13365"}],"wp:term":[{"taxonomy":"category","embeddable":true,"href":"https:\/\/cvinoticias.com\/v3\/wp-json\/wp\/v2\/categories?post=13365"},{"taxonomy":"post_tag","embeddable":true,"href":"https:\/\/cvinoticias.com\/v3\/wp-json\/wp\/v2\/tags?post=13365"}],"curies":[{"name":"wp","href":"https:\/\/api.w.org\/{rel}","templated":true}]}}