{"id":1336,"date":"2021-01-04T14:40:15","date_gmt":"2021-01-04T14:40:15","guid":{"rendered":"https:\/\/cvinoticias.com\/v3\/?p=1336"},"modified":"2021-01-04T17:53:18","modified_gmt":"2021-01-04T17:53:18","slug":"iguazu-suma-un-nuevo-fallecimiento-en-el-dia-de-hoy-como-consecuencia-del-covid-19","status":"publish","type":"post","link":"https:\/\/cvinoticias.com\/v3\/iguazu-suma-un-nuevo-fallecimiento-en-el-dia-de-hoy-como-consecuencia-del-covid-19\/","title":{"rendered":"Iguaz\u00fa suma un nuevo fallecimiento en el d\u00eda de hoy como consecuencia del Covid 19"},"content":{"rendered":"\n<p><strong><em>Con 18 casos activos, la ciudad de las Cataratas suma un fallecimiento a las v\u00edctimas fatales por la pandemia del coronavirus.<\/em><\/strong><\/p>\n\n\n\n<p>Una mujer de 87 a\u00f1os que ten\u00eda patolog\u00edas de base muri\u00f3 por coronavirus y se convirti\u00f3 en la primera v\u00edctima fatal de la enfermedad en Iguaz\u00fa en el inicio de este a\u00f1o 2021,<\/p>\n\n\n\n<p>La paciente fue internada el d\u00eda 30 de diciembre luego fue trasladada al sector de terapia Covid el d\u00eda 02 de enero donde finalmente dej\u00f3 de existir este lunes 04 del corriente mes.<\/p>\n\n\n\n<p>La v\u00edctima fatal, conocida religiosa aut\u00e9ntica ejemplo de la caridad cristiana y la lucha para que todos tengan igualdad de oportunidades y justicia social en su querido Barrio 1\u00b0 de Mayo.<\/p>\n\n\n\n<p>Trabaj\u00f3 siempre por los m\u00e1s vulnerables con un compromiso inagotable, que fue el don que Dios le dio.<\/p>\n","protected":false},"excerpt":{"rendered":"<p>Con 18 casos activos, la ciudad de las Cataratas suma un fallecimiento a las v\u00edctimas fatales por la pandemia del coronavirus. Una mujer de 87 a\u00f1os que ten\u00eda patolog\u00edas de base muri\u00f3 por coronavirus y se convirti\u00f3 en la primera v\u00edctima fatal de la enfermedad en Iguaz\u00fa en el inicio de este a\u00f1o 2021, La [&hellip;]<\/p>\n","protected":false},"author":2,"featured_media":1041,"comment_status":"open","ping_status":"open","sticky":false,"template":"","format":"standard","meta":{"footnotes":""},"categories":[23],"tags":[63,313,171,64],"class_list":["post-1336","post","type-post","status-publish","format-standard","has-post-thumbnail","hentry","category-covid-19","tag-coronavirus","tag-iguazu","tag-muerte","tag-pandemia"],"yoast_head":"<!-- This site is optimized with the Yoast SEO plugin v27.5 - https:\/\/yoast.com\/product\/yoast-seo-wordpress\/ -->\n<title>Iguaz\u00fa suma un nuevo fallecimiento en el d\u00eda de hoy como consecuencia del Covid 19 | CVI NOTICIAS<\/title>\n<meta name=\"robots\" content=\"index, follow, max-snippet:-1, max-image-preview:large, max-video-preview:-1\" \/>\n<link rel=\"canonical\" href=\"https:\/\/cvinoticias.com\/v3\/iguazu-suma-un-nuevo-fallecimiento-en-el-dia-de-hoy-como-consecuencia-del-covid-19\/\" \/>\n<meta property=\"og:locale\" content=\"es_ES\" \/>\n<meta property=\"og:type\" content=\"article\" \/>\n<meta property=\"og:title\" content=\"Iguaz\u00fa suma un nuevo fallecimiento en el d\u00eda de hoy como consecuencia del Covid 19 | CVI NOTICIAS\" \/>\n<meta property=\"og:description\" content=\"Con 18 casos activos, la ciudad de las Cataratas suma un fallecimiento a las v\u00edctimas fatales por la pandemia del coronavirus. Una mujer de 87 a\u00f1os que ten\u00eda patolog\u00edas de base muri\u00f3 por coronavirus y se convirti\u00f3 en la primera v\u00edctima fatal de la enfermedad en Iguaz\u00fa en el inicio de este a\u00f1o 2021, La [&hellip;]\" \/>\n<meta property=\"og:url\" content=\"https:\/\/cvinoticias.com\/v3\/iguazu-suma-un-nuevo-fallecimiento-en-el-dia-de-hoy-como-consecuencia-del-covid-19\/\" \/>\n<meta property=\"og:site_name\" content=\"CVI NOTICIAS\" \/>\n<meta property=\"article:publisher\" content=\"https:\/\/www.facebook.com\/cvinoticias\" \/>\n<meta property=\"article:published_time\" content=\"2021-01-04T14:40:15+00:00\" \/>\n<meta property=\"article:modified_time\" content=\"2021-01-04T17:53:18+00:00\" \/>\n<meta property=\"og:image\" content=\"https:\/\/cvinoticias.com\/wp-content\/uploads\/2020\/12\/unnamed-6-1.jpg\" \/>\n\t<meta property=\"og:image:width\" content=\"384\" \/>\n\t<meta property=\"og:image:height\" content=\"512\" \/>\n\t<meta property=\"og:image:type\" content=\"image\/jpeg\" \/>\n<meta name=\"author\" content=\"f1000024\" \/>\n<meta name=\"twitter:card\" content=\"summary_large_image\" \/>\n<meta name=\"twitter:label1\" content=\"Escrito por\" \/>\n\t<meta name=\"twitter:data1\" content=\"f1000024\" \/>\n\t<meta name=\"twitter:label2\" content=\"Tiempo de lectura\" \/>\n\t<meta name=\"twitter:data2\" content=\"1 minuto\" \/>\n<script type=\"application\/ld+json\" class=\"yoast-schema-graph\">{\"@context\":\"https:\\\/\\\/schema.org\",\"@graph\":[{\"@type\":\"Article\",\"@id\":\"https:\\\/\\\/cvinoticias.com\\\/v3\\\/iguazu-suma-un-nuevo-fallecimiento-en-el-dia-de-hoy-como-consecuencia-del-covid-19\\\/#article\",\"isPartOf\":{\"@id\":\"https:\\\/\\\/cvinoticias.com\\\/v3\\\/iguazu-suma-un-nuevo-fallecimiento-en-el-dia-de-hoy-como-consecuencia-del-covid-19\\\/\"},\"author\":{\"name\":\"f1000024\",\"@id\":\"https:\\\/\\\/cvinoticias.com\\\/v3\\\/#\\\/schema\\\/person\\\/2db77e3c6bc03c538495d7b2b8be9b66\"},\"headline\":\"Iguaz\u00fa suma un nuevo fallecimiento en el d\u00eda de hoy como consecuencia del Covid 19\",\"datePublished\":\"2021-01-04T14:40:15+00:00\",\"dateModified\":\"2021-01-04T17:53:18+00:00\",\"mainEntityOfPage\":{\"@id\":\"https:\\\/\\\/cvinoticias.com\\\/v3\\\/iguazu-suma-un-nuevo-fallecimiento-en-el-dia-de-hoy-como-consecuencia-del-covid-19\\\/\"},\"wordCount\":155,\"commentCount\":0,\"publisher\":{\"@id\":\"https:\\\/\\\/cvinoticias.com\\\/v3\\\/#organization\"},\"image\":{\"@id\":\"https:\\\/\\\/cvinoticias.com\\\/v3\\\/iguazu-suma-un-nuevo-fallecimiento-en-el-dia-de-hoy-como-consecuencia-del-covid-19\\\/#primaryimage\"},\"thumbnailUrl\":\"https:\\\/\\\/cvinoticias.com\\\/wp-content\\\/uploads\\\/2020\\\/12\\\/unnamed-6-1.jpg\",\"keywords\":[\"Coronavirus\",\"Iguaz\u00fa\",\"muerte\",\"Pandemia\"],\"articleSection\":[\"Covid-19\"],\"inLanguage\":\"es\",\"potentialAction\":[{\"@type\":\"CommentAction\",\"name\":\"Comment\",\"target\":[\"https:\\\/\\\/cvinoticias.com\\\/v3\\\/iguazu-suma-un-nuevo-fallecimiento-en-el-dia-de-hoy-como-consecuencia-del-covid-19\\\/#respond\"]}]},{\"@type\":\"WebPage\",\"@id\":\"https:\\\/\\\/cvinoticias.com\\\/v3\\\/iguazu-suma-un-nuevo-fallecimiento-en-el-dia-de-hoy-como-consecuencia-del-covid-19\\\/\",\"url\":\"https:\\\/\\\/cvinoticias.com\\\/v3\\\/iguazu-suma-un-nuevo-fallecimiento-en-el-dia-de-hoy-como-consecuencia-del-covid-19\\\/\",\"name\":\"Iguaz\u00fa suma un nuevo fallecimiento en el d\u00eda de hoy como consecuencia del Covid 19 | CVI NOTICIAS\",\"isPartOf\":{\"@id\":\"https:\\\/\\\/cvinoticias.com\\\/v3\\\/#website\"},\"primaryImageOfPage\":{\"@id\":\"https:\\\/\\\/cvinoticias.com\\\/v3\\\/iguazu-suma-un-nuevo-fallecimiento-en-el-dia-de-hoy-como-consecuencia-del-covid-19\\\/#primaryimage\"},\"image\":{\"@id\":\"https:\\\/\\\/cvinoticias.com\\\/v3\\\/iguazu-suma-un-nuevo-fallecimiento-en-el-dia-de-hoy-como-consecuencia-del-covid-19\\\/#primaryimage\"},\"thumbnailUrl\":\"https:\\\/\\\/cvinoticias.com\\\/wp-content\\\/uploads\\\/2020\\\/12\\\/unnamed-6-1.jpg\",\"datePublished\":\"2021-01-04T14:40:15+00:00\",\"dateModified\":\"2021-01-04T17:53:18+00:00\",\"breadcrumb\":{\"@id\":\"https:\\\/\\\/cvinoticias.com\\\/v3\\\/iguazu-suma-un-nuevo-fallecimiento-en-el-dia-de-hoy-como-consecuencia-del-covid-19\\\/#breadcrumb\"},\"inLanguage\":\"es\",\"potentialAction\":[{\"@type\":\"ReadAction\",\"target\":[\"https:\\\/\\\/cvinoticias.com\\\/v3\\\/iguazu-suma-un-nuevo-fallecimiento-en-el-dia-de-hoy-como-consecuencia-del-covid-19\\\/\"]}]},{\"@type\":\"ImageObject\",\"inLanguage\":\"es\",\"@id\":\"https:\\\/\\\/cvinoticias.com\\\/v3\\\/iguazu-suma-un-nuevo-fallecimiento-en-el-dia-de-hoy-como-consecuencia-del-covid-19\\\/#primaryimage\",\"url\":\"https:\\\/\\\/cvinoticias.com\\\/wp-content\\\/uploads\\\/2020\\\/12\\\/unnamed-6-1.jpg\",\"contentUrl\":\"https:\\\/\\\/cvinoticias.com\\\/wp-content\\\/uploads\\\/2020\\\/12\\\/unnamed-6-1.jpg\",\"width\":384,\"height\":512},{\"@type\":\"BreadcrumbList\",\"@id\":\"https:\\\/\\\/cvinoticias.com\\\/v3\\\/iguazu-suma-un-nuevo-fallecimiento-en-el-dia-de-hoy-como-consecuencia-del-covid-19\\\/#breadcrumb\",\"itemListElement\":[{\"@type\":\"ListItem\",\"position\":1,\"name\":\"Portada\",\"item\":\"https:\\\/\\\/cvinoticias.com\\\/v3\\\/\"},{\"@type\":\"ListItem\",\"position\":2,\"name\":\"Iguaz\u00fa suma un nuevo fallecimiento en el d\u00eda de hoy como consecuencia del Covid 19\"}]},{\"@type\":\"WebSite\",\"@id\":\"https:\\\/\\\/cvinoticias.com\\\/v3\\\/#website\",\"url\":\"https:\\\/\\\/cvinoticias.com\\\/v3\\\/\",\"name\":\"CVI NOTICIAS\",\"description\":\"\",\"publisher\":{\"@id\":\"https:\\\/\\\/cvinoticias.com\\\/v3\\\/#organization\"},\"alternateName\":\"CVI\",\"potentialAction\":[{\"@type\":\"SearchAction\",\"target\":{\"@type\":\"EntryPoint\",\"urlTemplate\":\"https:\\\/\\\/cvinoticias.com\\\/v3\\\/?s={search_term_string}\"},\"query-input\":{\"@type\":\"PropertyValueSpecification\",\"valueRequired\":true,\"valueName\":\"search_term_string\"}}],\"inLanguage\":\"es\"},{\"@type\":\"Organization\",\"@id\":\"https:\\\/\\\/cvinoticias.com\\\/v3\\\/#organization\",\"name\":\"CVI NOTICIAS\",\"url\":\"https:\\\/\\\/cvinoticias.com\\\/v3\\\/\",\"logo\":{\"@type\":\"ImageObject\",\"inLanguage\":\"es\",\"@id\":\"https:\\\/\\\/cvinoticias.com\\\/v3\\\/#\\\/schema\\\/logo\\\/image\\\/\",\"url\":\"https:\\\/\\\/cvinoticias.com\\\/wp-content\\\/uploads\\\/2023\\\/04\\\/cropped-cropped-cropped-cropped-cropped-3-1.png\",\"contentUrl\":\"https:\\\/\\\/cvinoticias.com\\\/wp-content\\\/uploads\\\/2023\\\/04\\\/cropped-cropped-cropped-cropped-cropped-3-1.png\",\"width\":95,\"height\":122,\"caption\":\"CVI NOTICIAS\"},\"image\":{\"@id\":\"https:\\\/\\\/cvinoticias.com\\\/v3\\\/#\\\/schema\\\/logo\\\/image\\\/\"},\"sameAs\":[\"https:\\\/\\\/www.facebook.com\\\/cvinoticias\",\"https:\\\/\\\/www.instagram.com\\\/cvinoticias\\\/\",\"https:\\\/\\\/www.youtube.com\\\/@CVINOTICIAS\"]},{\"@type\":\"Person\",\"@id\":\"https:\\\/\\\/cvinoticias.com\\\/v3\\\/#\\\/schema\\\/person\\\/2db77e3c6bc03c538495d7b2b8be9b66\",\"name\":\"f1000024\",\"image\":{\"@type\":\"ImageObject\",\"inLanguage\":\"es\",\"@id\":\"https:\\\/\\\/secure.gravatar.com\\\/avatar\\\/d4fe7459cfc51ff5129ce1a732bbef5928568b8092d412ef95611616376bbeed?s=96&d=mm&r=g\",\"url\":\"https:\\\/\\\/secure.gravatar.com\\\/avatar\\\/d4fe7459cfc51ff5129ce1a732bbef5928568b8092d412ef95611616376bbeed?s=96&d=mm&r=g\",\"contentUrl\":\"https:\\\/\\\/secure.gravatar.com\\\/avatar\\\/d4fe7459cfc51ff5129ce1a732bbef5928568b8092d412ef95611616376bbeed?s=96&d=mm&r=g\",\"caption\":\"f1000024\"},\"url\":\"https:\\\/\\\/cvinoticias.com\\\/v3\\\/author\\\/f1000024\\\/\"}]}<\/script>\n<!-- \/ Yoast SEO plugin. -->","yoast_head_json":{"title":"Iguaz\u00fa suma un nuevo fallecimiento en el d\u00eda de hoy como consecuencia del Covid 19 | CVI NOTICIAS","robots":{"index":"index","follow":"follow","max-snippet":"max-snippet:-1","max-image-preview":"max-image-preview:large","max-video-preview":"max-video-preview:-1"},"canonical":"https:\/\/cvinoticias.com\/v3\/iguazu-suma-un-nuevo-fallecimiento-en-el-dia-de-hoy-como-consecuencia-del-covid-19\/","og_locale":"es_ES","og_type":"article","og_title":"Iguaz\u00fa suma un nuevo fallecimiento en el d\u00eda de hoy como consecuencia del Covid 19 | CVI NOTICIAS","og_description":"Con 18 casos activos, la ciudad de las Cataratas suma un fallecimiento a las v\u00edctimas fatales por la pandemia del coronavirus. Una mujer de 87 a\u00f1os que ten\u00eda patolog\u00edas de base muri\u00f3 por coronavirus y se convirti\u00f3 en la primera v\u00edctima fatal de la enfermedad en Iguaz\u00fa en el inicio de este a\u00f1o 2021, La [&hellip;]","og_url":"https:\/\/cvinoticias.com\/v3\/iguazu-suma-un-nuevo-fallecimiento-en-el-dia-de-hoy-como-consecuencia-del-covid-19\/","og_site_name":"CVI NOTICIAS","article_publisher":"https:\/\/www.facebook.com\/cvinoticias","article_published_time":"2021-01-04T14:40:15+00:00","article_modified_time":"2021-01-04T17:53:18+00:00","og_image":[{"width":384,"height":512,"url":"https:\/\/cvinoticias.com\/wp-content\/uploads\/2020\/12\/unnamed-6-1.jpg","type":"image\/jpeg"}],"author":"f1000024","twitter_card":"summary_large_image","twitter_misc":{"Escrito por":"f1000024","Tiempo de lectura":"1 minuto"},"schema":{"@context":"https:\/\/schema.org","@graph":[{"@type":"Article","@id":"https:\/\/cvinoticias.com\/v3\/iguazu-suma-un-nuevo-fallecimiento-en-el-dia-de-hoy-como-consecuencia-del-covid-19\/#article","isPartOf":{"@id":"https:\/\/cvinoticias.com\/v3\/iguazu-suma-un-nuevo-fallecimiento-en-el-dia-de-hoy-como-consecuencia-del-covid-19\/"},"author":{"name":"f1000024","@id":"https:\/\/cvinoticias.com\/v3\/#\/schema\/person\/2db77e3c6bc03c538495d7b2b8be9b66"},"headline":"Iguaz\u00fa suma un nuevo fallecimiento en el d\u00eda de hoy como consecuencia del Covid 19","datePublished":"2021-01-04T14:40:15+00:00","dateModified":"2021-01-04T17:53:18+00:00","mainEntityOfPage":{"@id":"https:\/\/cvinoticias.com\/v3\/iguazu-suma-un-nuevo-fallecimiento-en-el-dia-de-hoy-como-consecuencia-del-covid-19\/"},"wordCount":155,"commentCount":0,"publisher":{"@id":"https:\/\/cvinoticias.com\/v3\/#organization"},"image":{"@id":"https:\/\/cvinoticias.com\/v3\/iguazu-suma-un-nuevo-fallecimiento-en-el-dia-de-hoy-como-consecuencia-del-covid-19\/#primaryimage"},"thumbnailUrl":"https:\/\/cvinoticias.com\/wp-content\/uploads\/2020\/12\/unnamed-6-1.jpg","keywords":["Coronavirus","Iguaz\u00fa","muerte","Pandemia"],"articleSection":["Covid-19"],"inLanguage":"es","potentialAction":[{"@type":"CommentAction","name":"Comment","target":["https:\/\/cvinoticias.com\/v3\/iguazu-suma-un-nuevo-fallecimiento-en-el-dia-de-hoy-como-consecuencia-del-covid-19\/#respond"]}]},{"@type":"WebPage","@id":"https:\/\/cvinoticias.com\/v3\/iguazu-suma-un-nuevo-fallecimiento-en-el-dia-de-hoy-como-consecuencia-del-covid-19\/","url":"https:\/\/cvinoticias.com\/v3\/iguazu-suma-un-nuevo-fallecimiento-en-el-dia-de-hoy-como-consecuencia-del-covid-19\/","name":"Iguaz\u00fa suma un nuevo fallecimiento en el d\u00eda de hoy como consecuencia del Covid 19 | CVI NOTICIAS","isPartOf":{"@id":"https:\/\/cvinoticias.com\/v3\/#website"},"primaryImageOfPage":{"@id":"https:\/\/cvinoticias.com\/v3\/iguazu-suma-un-nuevo-fallecimiento-en-el-dia-de-hoy-como-consecuencia-del-covid-19\/#primaryimage"},"image":{"@id":"https:\/\/cvinoticias.com\/v3\/iguazu-suma-un-nuevo-fallecimiento-en-el-dia-de-hoy-como-consecuencia-del-covid-19\/#primaryimage"},"thumbnailUrl":"https:\/\/cvinoticias.com\/wp-content\/uploads\/2020\/12\/unnamed-6-1.jpg","datePublished":"2021-01-04T14:40:15+00:00","dateModified":"2021-01-04T17:53:18+00:00","breadcrumb":{"@id":"https:\/\/cvinoticias.com\/v3\/iguazu-suma-un-nuevo-fallecimiento-en-el-dia-de-hoy-como-consecuencia-del-covid-19\/#breadcrumb"},"inLanguage":"es","potentialAction":[{"@type":"ReadAction","target":["https:\/\/cvinoticias.com\/v3\/iguazu-suma-un-nuevo-fallecimiento-en-el-dia-de-hoy-como-consecuencia-del-covid-19\/"]}]},{"@type":"ImageObject","inLanguage":"es","@id":"https:\/\/cvinoticias.com\/v3\/iguazu-suma-un-nuevo-fallecimiento-en-el-dia-de-hoy-como-consecuencia-del-covid-19\/#primaryimage","url":"https:\/\/cvinoticias.com\/wp-content\/uploads\/2020\/12\/unnamed-6-1.jpg","contentUrl":"https:\/\/cvinoticias.com\/wp-content\/uploads\/2020\/12\/unnamed-6-1.jpg","width":384,"height":512},{"@type":"BreadcrumbList","@id":"https:\/\/cvinoticias.com\/v3\/iguazu-suma-un-nuevo-fallecimiento-en-el-dia-de-hoy-como-consecuencia-del-covid-19\/#breadcrumb","itemListElement":[{"@type":"ListItem","position":1,"name":"Portada","item":"https:\/\/cvinoticias.com\/v3\/"},{"@type":"ListItem","position":2,"name":"Iguaz\u00fa suma un nuevo fallecimiento en el d\u00eda de hoy como consecuencia del Covid 19"}]},{"@type":"WebSite","@id":"https:\/\/cvinoticias.com\/v3\/#website","url":"https:\/\/cvinoticias.com\/v3\/","name":"CVI NOTICIAS","description":"","publisher":{"@id":"https:\/\/cvinoticias.com\/v3\/#organization"},"alternateName":"CVI","potentialAction":[{"@type":"SearchAction","target":{"@type":"EntryPoint","urlTemplate":"https:\/\/cvinoticias.com\/v3\/?s={search_term_string}"},"query-input":{"@type":"PropertyValueSpecification","valueRequired":true,"valueName":"search_term_string"}}],"inLanguage":"es"},{"@type":"Organization","@id":"https:\/\/cvinoticias.com\/v3\/#organization","name":"CVI NOTICIAS","url":"https:\/\/cvinoticias.com\/v3\/","logo":{"@type":"ImageObject","inLanguage":"es","@id":"https:\/\/cvinoticias.com\/v3\/#\/schema\/logo\/image\/","url":"https:\/\/cvinoticias.com\/wp-content\/uploads\/2023\/04\/cropped-cropped-cropped-cropped-cropped-3-1.png","contentUrl":"https:\/\/cvinoticias.com\/wp-content\/uploads\/2023\/04\/cropped-cropped-cropped-cropped-cropped-3-1.png","width":95,"height":122,"caption":"CVI NOTICIAS"},"image":{"@id":"https:\/\/cvinoticias.com\/v3\/#\/schema\/logo\/image\/"},"sameAs":["https:\/\/www.facebook.com\/cvinoticias","https:\/\/www.instagram.com\/cvinoticias\/","https:\/\/www.youtube.com\/@CVINOTICIAS"]},{"@type":"Person","@id":"https:\/\/cvinoticias.com\/v3\/#\/schema\/person\/2db77e3c6bc03c538495d7b2b8be9b66","name":"f1000024","image":{"@type":"ImageObject","inLanguage":"es","@id":"https:\/\/secure.gravatar.com\/avatar\/d4fe7459cfc51ff5129ce1a732bbef5928568b8092d412ef95611616376bbeed?s=96&d=mm&r=g","url":"https:\/\/secure.gravatar.com\/avatar\/d4fe7459cfc51ff5129ce1a732bbef5928568b8092d412ef95611616376bbeed?s=96&d=mm&r=g","contentUrl":"https:\/\/secure.gravatar.com\/avatar\/d4fe7459cfc51ff5129ce1a732bbef5928568b8092d412ef95611616376bbeed?s=96&d=mm&r=g","caption":"f1000024"},"url":"https:\/\/cvinoticias.com\/v3\/author\/f1000024\/"}]}},"_links":{"self":[{"href":"https:\/\/cvinoticias.com\/v3\/wp-json\/wp\/v2\/posts\/1336","targetHints":{"allow":["GET"]}}],"collection":[{"href":"https:\/\/cvinoticias.com\/v3\/wp-json\/wp\/v2\/posts"}],"about":[{"href":"https:\/\/cvinoticias.com\/v3\/wp-json\/wp\/v2\/types\/post"}],"author":[{"embeddable":true,"href":"https:\/\/cvinoticias.com\/v3\/wp-json\/wp\/v2\/users\/2"}],"replies":[{"embeddable":true,"href":"https:\/\/cvinoticias.com\/v3\/wp-json\/wp\/v2\/comments?post=1336"}],"version-history":[{"count":4,"href":"https:\/\/cvinoticias.com\/v3\/wp-json\/wp\/v2\/posts\/1336\/revisions"}],"predecessor-version":[{"id":1346,"href":"https:\/\/cvinoticias.com\/v3\/wp-json\/wp\/v2\/posts\/1336\/revisions\/1346"}],"wp:featuredmedia":[{"embeddable":true,"href":"https:\/\/cvinoticias.com\/v3\/wp-json\/wp\/v2\/media\/1041"}],"wp:attachment":[{"href":"https:\/\/cvinoticias.com\/v3\/wp-json\/wp\/v2\/media?parent=1336"}],"wp:term":[{"taxonomy":"category","embeddable":true,"href":"https:\/\/cvinoticias.com\/v3\/wp-json\/wp\/v2\/categories?post=1336"},{"taxonomy":"post_tag","embeddable":true,"href":"https:\/\/cvinoticias.com\/v3\/wp-json\/wp\/v2\/tags?post=1336"}],"curies":[{"name":"wp","href":"https:\/\/api.w.org\/{rel}","templated":true}]}}