{"id":13352,"date":"2022-02-18T11:27:32","date_gmt":"2022-02-18T11:27:32","guid":{"rendered":"https:\/\/cvinoticias.com\/v3\/?p=13352"},"modified":"2022-02-18T11:27:32","modified_gmt":"2022-02-18T11:27:32","slug":"exploto-un-camion-con-30-000-litros-de-gas-en-medio-de-los-incendios","status":"publish","type":"post","link":"https:\/\/cvinoticias.com\/v3\/exploto-un-camion-con-30-000-litros-de-gas-en-medio-de-los-incendios\/","title":{"rendered":"Explot\u00f3 un cami\u00f3n con 30.000 litros de gas en medio de los incendios"},"content":{"rendered":"\n<p><strong><em>El incidente ocurri\u00f3 sobre la ruta 14, cerca de la localidad de Santo Tom\u00e9.<\/em><\/strong><\/p>\n\n\n\n<p>En medio de los imparables incendios en la provincia de Corrientes, un cami\u00f3n que transportaba 30.000 litros de gas fue alcanzado por las llamas y explot\u00f3, prendi\u00e9ndose fuego.<\/p>\n\n\n\n<p>El conductor del veh\u00edculo intent\u00f3 maniobrar para escapar del foco de incendio. Sin embargo, en el movimiento el camionero qued\u00f3 varado en la banquina y se vio alcanzado por el fuego a la altura del kil\u00f3metro 666 de la ruta 14.<\/p>\n\n\n\n<p>Tras el hecho, el director general de Seguridad Vial de la Polic\u00eda de la Provincia, Hern\u00e1n Dar\u00edo Garc\u00eda, realiz\u00f3 aclaraciones sobre el suceso:<\/p>\n\n\n\n<p>\u201cSufri\u00f3 quemaduras la cabina del cami\u00f3n, pero no ocurri\u00f3 una explosi\u00f3n\u201d, afirm\u00f3.<\/p>\n\n\n\n<p>El hecho ocurri\u00f3 este jueves por la tarde sobre la ruta 14, cerca de la localidad de Santo Tom\u00e9, y se difundi\u00f3 r\u00e1pidamente a trav\u00e9s de las redes sociales.<\/p>\n\n\n\n<p>La ciudad de Santo Tom\u00e9 se vio afectada durante la jornada de ayer por distintos focos de incendios. Los incendios golpean en la zona de Paraje Los Bretes, a continuaci\u00f3n de la ruta nacional 121, muy cerca del casco urbano de la localidad.<\/p>\n","protected":false},"excerpt":{"rendered":"<p>El incidente ocurri\u00f3 sobre la ruta 14, cerca de la localidad de Santo Tom\u00e9. En medio de los imparables incendios en la provincia de Corrientes, un cami\u00f3n que transportaba 30.000 litros de gas fue alcanzado por las llamas y explot\u00f3, prendi\u00e9ndose fuego. El conductor del veh\u00edculo intent\u00f3 maniobrar para escapar del foco de incendio. Sin [&hellip;]<\/p>\n","protected":false},"author":2,"featured_media":13353,"comment_status":"open","ping_status":"open","sticky":false,"template":"","format":"standard","meta":{"footnotes":""},"categories":[35],"tags":[],"class_list":["post-13352","post","type-post","status-publish","format-standard","has-post-thumbnail","hentry","category-informacion-general"],"yoast_head":"<!-- This site is optimized with the Yoast SEO plugin v27.5 - https:\/\/yoast.com\/product\/yoast-seo-wordpress\/ -->\n<title>Explot\u00f3 un cami\u00f3n con 30.000 litros de gas en medio de los incendios | CVI NOTICIAS<\/title>\n<meta name=\"robots\" content=\"index, follow, max-snippet:-1, max-image-preview:large, max-video-preview:-1\" \/>\n<link rel=\"canonical\" href=\"https:\/\/cvinoticias.com\/v3\/exploto-un-camion-con-30-000-litros-de-gas-en-medio-de-los-incendios\/\" \/>\n<meta property=\"og:locale\" content=\"es_ES\" \/>\n<meta property=\"og:type\" content=\"article\" \/>\n<meta property=\"og:title\" content=\"Explot\u00f3 un cami\u00f3n con 30.000 litros de gas en medio de los incendios | CVI NOTICIAS\" \/>\n<meta property=\"og:description\" content=\"El incidente ocurri\u00f3 sobre la ruta 14, cerca de la localidad de Santo Tom\u00e9. En medio de los imparables incendios en la provincia de Corrientes, un cami\u00f3n que transportaba 30.000 litros de gas fue alcanzado por las llamas y explot\u00f3, prendi\u00e9ndose fuego. El conductor del veh\u00edculo intent\u00f3 maniobrar para escapar del foco de incendio. Sin [&hellip;]\" \/>\n<meta property=\"og:url\" content=\"https:\/\/cvinoticias.com\/v3\/exploto-un-camion-con-30-000-litros-de-gas-en-medio-de-los-incendios\/\" \/>\n<meta property=\"og:site_name\" content=\"CVI NOTICIAS\" \/>\n<meta property=\"article:publisher\" content=\"https:\/\/www.facebook.com\/cvinoticias\" \/>\n<meta property=\"article:published_time\" content=\"2022-02-18T11:27:32+00:00\" \/>\n<meta property=\"og:image\" content=\"https:\/\/cvinoticias.com\/wp-content\/uploads\/2022\/02\/0000462128.jpg\" \/>\n\t<meta property=\"og:image:width\" content=\"1500\" \/>\n\t<meta property=\"og:image:height\" content=\"870\" \/>\n\t<meta property=\"og:image:type\" content=\"image\/jpeg\" \/>\n<meta name=\"author\" content=\"f1000024\" \/>\n<meta name=\"twitter:card\" content=\"summary_large_image\" \/>\n<meta name=\"twitter:label1\" content=\"Escrito por\" \/>\n\t<meta name=\"twitter:data1\" content=\"f1000024\" \/>\n\t<meta name=\"twitter:label2\" content=\"Tiempo de lectura\" \/>\n\t<meta name=\"twitter:data2\" content=\"1 minuto\" \/>\n<script type=\"application\/ld+json\" class=\"yoast-schema-graph\">{\"@context\":\"https:\\\/\\\/schema.org\",\"@graph\":[{\"@type\":\"Article\",\"@id\":\"https:\\\/\\\/cvinoticias.com\\\/v3\\\/exploto-un-camion-con-30-000-litros-de-gas-en-medio-de-los-incendios\\\/#article\",\"isPartOf\":{\"@id\":\"https:\\\/\\\/cvinoticias.com\\\/v3\\\/exploto-un-camion-con-30-000-litros-de-gas-en-medio-de-los-incendios\\\/\"},\"author\":{\"name\":\"f1000024\",\"@id\":\"https:\\\/\\\/cvinoticias.com\\\/v3\\\/#\\\/schema\\\/person\\\/2db77e3c6bc03c538495d7b2b8be9b66\"},\"headline\":\"Explot\u00f3 un cami\u00f3n con 30.000 litros de gas en medio de los incendios\",\"datePublished\":\"2022-02-18T11:27:32+00:00\",\"mainEntityOfPage\":{\"@id\":\"https:\\\/\\\/cvinoticias.com\\\/v3\\\/exploto-un-camion-con-30-000-litros-de-gas-en-medio-de-los-incendios\\\/\"},\"wordCount\":210,\"commentCount\":0,\"publisher\":{\"@id\":\"https:\\\/\\\/cvinoticias.com\\\/v3\\\/#organization\"},\"image\":{\"@id\":\"https:\\\/\\\/cvinoticias.com\\\/v3\\\/exploto-un-camion-con-30-000-litros-de-gas-en-medio-de-los-incendios\\\/#primaryimage\"},\"thumbnailUrl\":\"https:\\\/\\\/cvinoticias.com\\\/wp-content\\\/uploads\\\/2022\\\/02\\\/0000462128.jpg\",\"articleSection\":[\"Informaci\u00f3n General\"],\"inLanguage\":\"es\",\"potentialAction\":[{\"@type\":\"CommentAction\",\"name\":\"Comment\",\"target\":[\"https:\\\/\\\/cvinoticias.com\\\/v3\\\/exploto-un-camion-con-30-000-litros-de-gas-en-medio-de-los-incendios\\\/#respond\"]}]},{\"@type\":\"WebPage\",\"@id\":\"https:\\\/\\\/cvinoticias.com\\\/v3\\\/exploto-un-camion-con-30-000-litros-de-gas-en-medio-de-los-incendios\\\/\",\"url\":\"https:\\\/\\\/cvinoticias.com\\\/v3\\\/exploto-un-camion-con-30-000-litros-de-gas-en-medio-de-los-incendios\\\/\",\"name\":\"Explot\u00f3 un cami\u00f3n con 30.000 litros de gas en medio de los incendios | CVI NOTICIAS\",\"isPartOf\":{\"@id\":\"https:\\\/\\\/cvinoticias.com\\\/v3\\\/#website\"},\"primaryImageOfPage\":{\"@id\":\"https:\\\/\\\/cvinoticias.com\\\/v3\\\/exploto-un-camion-con-30-000-litros-de-gas-en-medio-de-los-incendios\\\/#primaryimage\"},\"image\":{\"@id\":\"https:\\\/\\\/cvinoticias.com\\\/v3\\\/exploto-un-camion-con-30-000-litros-de-gas-en-medio-de-los-incendios\\\/#primaryimage\"},\"thumbnailUrl\":\"https:\\\/\\\/cvinoticias.com\\\/wp-content\\\/uploads\\\/2022\\\/02\\\/0000462128.jpg\",\"datePublished\":\"2022-02-18T11:27:32+00:00\",\"breadcrumb\":{\"@id\":\"https:\\\/\\\/cvinoticias.com\\\/v3\\\/exploto-un-camion-con-30-000-litros-de-gas-en-medio-de-los-incendios\\\/#breadcrumb\"},\"inLanguage\":\"es\",\"potentialAction\":[{\"@type\":\"ReadAction\",\"target\":[\"https:\\\/\\\/cvinoticias.com\\\/v3\\\/exploto-un-camion-con-30-000-litros-de-gas-en-medio-de-los-incendios\\\/\"]}]},{\"@type\":\"ImageObject\",\"inLanguage\":\"es\",\"@id\":\"https:\\\/\\\/cvinoticias.com\\\/v3\\\/exploto-un-camion-con-30-000-litros-de-gas-en-medio-de-los-incendios\\\/#primaryimage\",\"url\":\"https:\\\/\\\/cvinoticias.com\\\/wp-content\\\/uploads\\\/2022\\\/02\\\/0000462128.jpg\",\"contentUrl\":\"https:\\\/\\\/cvinoticias.com\\\/wp-content\\\/uploads\\\/2022\\\/02\\\/0000462128.jpg\",\"width\":1500,\"height\":870},{\"@type\":\"BreadcrumbList\",\"@id\":\"https:\\\/\\\/cvinoticias.com\\\/v3\\\/exploto-un-camion-con-30-000-litros-de-gas-en-medio-de-los-incendios\\\/#breadcrumb\",\"itemListElement\":[{\"@type\":\"ListItem\",\"position\":1,\"name\":\"Portada\",\"item\":\"https:\\\/\\\/cvinoticias.com\\\/v3\\\/\"},{\"@type\":\"ListItem\",\"position\":2,\"name\":\"Explot\u00f3 un cami\u00f3n con 30.000 litros de gas en medio de los incendios\"}]},{\"@type\":\"WebSite\",\"@id\":\"https:\\\/\\\/cvinoticias.com\\\/v3\\\/#website\",\"url\":\"https:\\\/\\\/cvinoticias.com\\\/v3\\\/\",\"name\":\"CVI NOTICIAS\",\"description\":\"\",\"publisher\":{\"@id\":\"https:\\\/\\\/cvinoticias.com\\\/v3\\\/#organization\"},\"alternateName\":\"CVI\",\"potentialAction\":[{\"@type\":\"SearchAction\",\"target\":{\"@type\":\"EntryPoint\",\"urlTemplate\":\"https:\\\/\\\/cvinoticias.com\\\/v3\\\/?s={search_term_string}\"},\"query-input\":{\"@type\":\"PropertyValueSpecification\",\"valueRequired\":true,\"valueName\":\"search_term_string\"}}],\"inLanguage\":\"es\"},{\"@type\":\"Organization\",\"@id\":\"https:\\\/\\\/cvinoticias.com\\\/v3\\\/#organization\",\"name\":\"CVI NOTICIAS\",\"url\":\"https:\\\/\\\/cvinoticias.com\\\/v3\\\/\",\"logo\":{\"@type\":\"ImageObject\",\"inLanguage\":\"es\",\"@id\":\"https:\\\/\\\/cvinoticias.com\\\/v3\\\/#\\\/schema\\\/logo\\\/image\\\/\",\"url\":\"https:\\\/\\\/cvinoticias.com\\\/wp-content\\\/uploads\\\/2023\\\/04\\\/cropped-cropped-cropped-cropped-cropped-3-1.png\",\"contentUrl\":\"https:\\\/\\\/cvinoticias.com\\\/wp-content\\\/uploads\\\/2023\\\/04\\\/cropped-cropped-cropped-cropped-cropped-3-1.png\",\"width\":95,\"height\":122,\"caption\":\"CVI NOTICIAS\"},\"image\":{\"@id\":\"https:\\\/\\\/cvinoticias.com\\\/v3\\\/#\\\/schema\\\/logo\\\/image\\\/\"},\"sameAs\":[\"https:\\\/\\\/www.facebook.com\\\/cvinoticias\",\"https:\\\/\\\/www.instagram.com\\\/cvinoticias\\\/\",\"https:\\\/\\\/www.youtube.com\\\/@CVINOTICIAS\"]},{\"@type\":\"Person\",\"@id\":\"https:\\\/\\\/cvinoticias.com\\\/v3\\\/#\\\/schema\\\/person\\\/2db77e3c6bc03c538495d7b2b8be9b66\",\"name\":\"f1000024\",\"image\":{\"@type\":\"ImageObject\",\"inLanguage\":\"es\",\"@id\":\"https:\\\/\\\/secure.gravatar.com\\\/avatar\\\/d4fe7459cfc51ff5129ce1a732bbef5928568b8092d412ef95611616376bbeed?s=96&d=mm&r=g\",\"url\":\"https:\\\/\\\/secure.gravatar.com\\\/avatar\\\/d4fe7459cfc51ff5129ce1a732bbef5928568b8092d412ef95611616376bbeed?s=96&d=mm&r=g\",\"contentUrl\":\"https:\\\/\\\/secure.gravatar.com\\\/avatar\\\/d4fe7459cfc51ff5129ce1a732bbef5928568b8092d412ef95611616376bbeed?s=96&d=mm&r=g\",\"caption\":\"f1000024\"},\"url\":\"https:\\\/\\\/cvinoticias.com\\\/v3\\\/author\\\/f1000024\\\/\"}]}<\/script>\n<!-- \/ Yoast SEO plugin. -->","yoast_head_json":{"title":"Explot\u00f3 un cami\u00f3n con 30.000 litros de gas en medio de los incendios | CVI NOTICIAS","robots":{"index":"index","follow":"follow","max-snippet":"max-snippet:-1","max-image-preview":"max-image-preview:large","max-video-preview":"max-video-preview:-1"},"canonical":"https:\/\/cvinoticias.com\/v3\/exploto-un-camion-con-30-000-litros-de-gas-en-medio-de-los-incendios\/","og_locale":"es_ES","og_type":"article","og_title":"Explot\u00f3 un cami\u00f3n con 30.000 litros de gas en medio de los incendios | CVI NOTICIAS","og_description":"El incidente ocurri\u00f3 sobre la ruta 14, cerca de la localidad de Santo Tom\u00e9. En medio de los imparables incendios en la provincia de Corrientes, un cami\u00f3n que transportaba 30.000 litros de gas fue alcanzado por las llamas y explot\u00f3, prendi\u00e9ndose fuego. El conductor del veh\u00edculo intent\u00f3 maniobrar para escapar del foco de incendio. Sin [&hellip;]","og_url":"https:\/\/cvinoticias.com\/v3\/exploto-un-camion-con-30-000-litros-de-gas-en-medio-de-los-incendios\/","og_site_name":"CVI NOTICIAS","article_publisher":"https:\/\/www.facebook.com\/cvinoticias","article_published_time":"2022-02-18T11:27:32+00:00","og_image":[{"width":1500,"height":870,"url":"https:\/\/cvinoticias.com\/wp-content\/uploads\/2022\/02\/0000462128.jpg","type":"image\/jpeg"}],"author":"f1000024","twitter_card":"summary_large_image","twitter_misc":{"Escrito por":"f1000024","Tiempo de lectura":"1 minuto"},"schema":{"@context":"https:\/\/schema.org","@graph":[{"@type":"Article","@id":"https:\/\/cvinoticias.com\/v3\/exploto-un-camion-con-30-000-litros-de-gas-en-medio-de-los-incendios\/#article","isPartOf":{"@id":"https:\/\/cvinoticias.com\/v3\/exploto-un-camion-con-30-000-litros-de-gas-en-medio-de-los-incendios\/"},"author":{"name":"f1000024","@id":"https:\/\/cvinoticias.com\/v3\/#\/schema\/person\/2db77e3c6bc03c538495d7b2b8be9b66"},"headline":"Explot\u00f3 un cami\u00f3n con 30.000 litros de gas en medio de los incendios","datePublished":"2022-02-18T11:27:32+00:00","mainEntityOfPage":{"@id":"https:\/\/cvinoticias.com\/v3\/exploto-un-camion-con-30-000-litros-de-gas-en-medio-de-los-incendios\/"},"wordCount":210,"commentCount":0,"publisher":{"@id":"https:\/\/cvinoticias.com\/v3\/#organization"},"image":{"@id":"https:\/\/cvinoticias.com\/v3\/exploto-un-camion-con-30-000-litros-de-gas-en-medio-de-los-incendios\/#primaryimage"},"thumbnailUrl":"https:\/\/cvinoticias.com\/wp-content\/uploads\/2022\/02\/0000462128.jpg","articleSection":["Informaci\u00f3n General"],"inLanguage":"es","potentialAction":[{"@type":"CommentAction","name":"Comment","target":["https:\/\/cvinoticias.com\/v3\/exploto-un-camion-con-30-000-litros-de-gas-en-medio-de-los-incendios\/#respond"]}]},{"@type":"WebPage","@id":"https:\/\/cvinoticias.com\/v3\/exploto-un-camion-con-30-000-litros-de-gas-en-medio-de-los-incendios\/","url":"https:\/\/cvinoticias.com\/v3\/exploto-un-camion-con-30-000-litros-de-gas-en-medio-de-los-incendios\/","name":"Explot\u00f3 un cami\u00f3n con 30.000 litros de gas en medio de los incendios | CVI NOTICIAS","isPartOf":{"@id":"https:\/\/cvinoticias.com\/v3\/#website"},"primaryImageOfPage":{"@id":"https:\/\/cvinoticias.com\/v3\/exploto-un-camion-con-30-000-litros-de-gas-en-medio-de-los-incendios\/#primaryimage"},"image":{"@id":"https:\/\/cvinoticias.com\/v3\/exploto-un-camion-con-30-000-litros-de-gas-en-medio-de-los-incendios\/#primaryimage"},"thumbnailUrl":"https:\/\/cvinoticias.com\/wp-content\/uploads\/2022\/02\/0000462128.jpg","datePublished":"2022-02-18T11:27:32+00:00","breadcrumb":{"@id":"https:\/\/cvinoticias.com\/v3\/exploto-un-camion-con-30-000-litros-de-gas-en-medio-de-los-incendios\/#breadcrumb"},"inLanguage":"es","potentialAction":[{"@type":"ReadAction","target":["https:\/\/cvinoticias.com\/v3\/exploto-un-camion-con-30-000-litros-de-gas-en-medio-de-los-incendios\/"]}]},{"@type":"ImageObject","inLanguage":"es","@id":"https:\/\/cvinoticias.com\/v3\/exploto-un-camion-con-30-000-litros-de-gas-en-medio-de-los-incendios\/#primaryimage","url":"https:\/\/cvinoticias.com\/wp-content\/uploads\/2022\/02\/0000462128.jpg","contentUrl":"https:\/\/cvinoticias.com\/wp-content\/uploads\/2022\/02\/0000462128.jpg","width":1500,"height":870},{"@type":"BreadcrumbList","@id":"https:\/\/cvinoticias.com\/v3\/exploto-un-camion-con-30-000-litros-de-gas-en-medio-de-los-incendios\/#breadcrumb","itemListElement":[{"@type":"ListItem","position":1,"name":"Portada","item":"https:\/\/cvinoticias.com\/v3\/"},{"@type":"ListItem","position":2,"name":"Explot\u00f3 un cami\u00f3n con 30.000 litros de gas en medio de los incendios"}]},{"@type":"WebSite","@id":"https:\/\/cvinoticias.com\/v3\/#website","url":"https:\/\/cvinoticias.com\/v3\/","name":"CVI NOTICIAS","description":"","publisher":{"@id":"https:\/\/cvinoticias.com\/v3\/#organization"},"alternateName":"CVI","potentialAction":[{"@type":"SearchAction","target":{"@type":"EntryPoint","urlTemplate":"https:\/\/cvinoticias.com\/v3\/?s={search_term_string}"},"query-input":{"@type":"PropertyValueSpecification","valueRequired":true,"valueName":"search_term_string"}}],"inLanguage":"es"},{"@type":"Organization","@id":"https:\/\/cvinoticias.com\/v3\/#organization","name":"CVI NOTICIAS","url":"https:\/\/cvinoticias.com\/v3\/","logo":{"@type":"ImageObject","inLanguage":"es","@id":"https:\/\/cvinoticias.com\/v3\/#\/schema\/logo\/image\/","url":"https:\/\/cvinoticias.com\/wp-content\/uploads\/2023\/04\/cropped-cropped-cropped-cropped-cropped-3-1.png","contentUrl":"https:\/\/cvinoticias.com\/wp-content\/uploads\/2023\/04\/cropped-cropped-cropped-cropped-cropped-3-1.png","width":95,"height":122,"caption":"CVI NOTICIAS"},"image":{"@id":"https:\/\/cvinoticias.com\/v3\/#\/schema\/logo\/image\/"},"sameAs":["https:\/\/www.facebook.com\/cvinoticias","https:\/\/www.instagram.com\/cvinoticias\/","https:\/\/www.youtube.com\/@CVINOTICIAS"]},{"@type":"Person","@id":"https:\/\/cvinoticias.com\/v3\/#\/schema\/person\/2db77e3c6bc03c538495d7b2b8be9b66","name":"f1000024","image":{"@type":"ImageObject","inLanguage":"es","@id":"https:\/\/secure.gravatar.com\/avatar\/d4fe7459cfc51ff5129ce1a732bbef5928568b8092d412ef95611616376bbeed?s=96&d=mm&r=g","url":"https:\/\/secure.gravatar.com\/avatar\/d4fe7459cfc51ff5129ce1a732bbef5928568b8092d412ef95611616376bbeed?s=96&d=mm&r=g","contentUrl":"https:\/\/secure.gravatar.com\/avatar\/d4fe7459cfc51ff5129ce1a732bbef5928568b8092d412ef95611616376bbeed?s=96&d=mm&r=g","caption":"f1000024"},"url":"https:\/\/cvinoticias.com\/v3\/author\/f1000024\/"}]}},"_links":{"self":[{"href":"https:\/\/cvinoticias.com\/v3\/wp-json\/wp\/v2\/posts\/13352","targetHints":{"allow":["GET"]}}],"collection":[{"href":"https:\/\/cvinoticias.com\/v3\/wp-json\/wp\/v2\/posts"}],"about":[{"href":"https:\/\/cvinoticias.com\/v3\/wp-json\/wp\/v2\/types\/post"}],"author":[{"embeddable":true,"href":"https:\/\/cvinoticias.com\/v3\/wp-json\/wp\/v2\/users\/2"}],"replies":[{"embeddable":true,"href":"https:\/\/cvinoticias.com\/v3\/wp-json\/wp\/v2\/comments?post=13352"}],"version-history":[{"count":1,"href":"https:\/\/cvinoticias.com\/v3\/wp-json\/wp\/v2\/posts\/13352\/revisions"}],"predecessor-version":[{"id":13354,"href":"https:\/\/cvinoticias.com\/v3\/wp-json\/wp\/v2\/posts\/13352\/revisions\/13354"}],"wp:featuredmedia":[{"embeddable":true,"href":"https:\/\/cvinoticias.com\/v3\/wp-json\/wp\/v2\/media\/13353"}],"wp:attachment":[{"href":"https:\/\/cvinoticias.com\/v3\/wp-json\/wp\/v2\/media?parent=13352"}],"wp:term":[{"taxonomy":"category","embeddable":true,"href":"https:\/\/cvinoticias.com\/v3\/wp-json\/wp\/v2\/categories?post=13352"},{"taxonomy":"post_tag","embeddable":true,"href":"https:\/\/cvinoticias.com\/v3\/wp-json\/wp\/v2\/tags?post=13352"}],"curies":[{"name":"wp","href":"https:\/\/api.w.org\/{rel}","templated":true}]}}