{"id":13329,"date":"2022-02-17T22:34:16","date_gmt":"2022-02-17T22:34:16","guid":{"rendered":"https:\/\/cvinoticias.com\/v3\/?p=13329"},"modified":"2022-02-17T22:34:16","modified_gmt":"2022-02-17T22:34:16","slug":"mesa-paritaria-docente-misiones-acordo-un-aumento-para-el-primer-semestre-del-ano","status":"publish","type":"post","link":"https:\/\/cvinoticias.com\/v3\/mesa-paritaria-docente-misiones-acordo-un-aumento-para-el-primer-semestre-del-ano\/","title":{"rendered":"Mesa Paritaria Docente: Misiones acord\u00f3 un aumento para el primer semestre del a\u00f1o"},"content":{"rendered":"\n<p><em><strong>A poco menos de dos semanas para el inicio del ciclo lectivo 2022, el Gobierno provincial y los gremios docentes de la UDPM y la Sidepp acordaron un aumento salarial en dos tramos: el primero con el sueldo del mes de febrero y el segundo con el salario del mes de abril.<\/strong><\/em><\/p>\n\n\n\n<p>Con el acuerdo alcanzado en la jornada de hoy, \u201cel salario b\u00e1sico docente pasar\u00e1 desde febrero de $ 17.741,77 a $ 20.580,77, y desde abril a $ 21.520,77\u201d, indic\u00f3 el ministro de Educaci\u00f3n Miguel Sedoff.<\/p>\n\n\n\n<p>Con respecto a la Garant\u00eda Salarial para febrero, el titular de la cartera educativo inform\u00f3 que un docente con 0 a\u00f1os de antig\u00fcedad cobrar\u00e1 $ 54.720; de 1 a 5 a\u00f1os de antig\u00fcedad, $ 55.860; de 6 a 10 a\u00f1os de antig\u00fcedad, $ 57.000; y con 11 a\u00f1os o m\u00e1s de antig\u00fcedad, $ 58.140.<\/p>\n\n\n\n<p>Asimismo, se\u00f1al\u00f3 la Garant\u00eda Salarial para abril para un docente con 0 a\u00f1os de antig\u00fcedad, quedar\u00e1 en $ 57.120; de 1 a 5 a\u00f1os de antig\u00fcedad en $58.310; de 6 a 10 a\u00f1os de antig\u00fcedad en $ 59.500; y con 11 a\u00f1os o m\u00e1s de antig\u00fcedad en $ 60.690.<\/p>\n\n\n\n<p>Por \u00faltimo, inform\u00f3 que se estableci\u00f3 tambi\u00e9n un incremento de la Ayuda Escolar con el salario de febrero que pasar\u00e1 de $ 1.680 actuales a $ 3.000 por hijo, y de $ 4.200 actuales por hijo con capacidades diferentes a $7.500 por hijo con capacidades diferentes.<\/p>\n\n\n\n<p>Sedoff manifest\u00f3 el compromiso del Gobierno provincial de trabajar para la actualizaci\u00f3n de las Asignaciones Familiares en el mes de marzo; y aclar\u00f3 que todos los acuerdos alcanzados \u201cse refieren al primer semestre 2022, tomando el compromiso de reunirnos oportunamente para discutir las pautas del segundo semestre del a\u00f1o\u201d.<\/p>\n\n\n\n<p>La reuni\u00f3n de la Mesa Paritaria Docente encabezada por el ministro Sedoff cont\u00f3 con la presencia de los ministros Adolfo Safr\u00e1n (Hacienda) y Silvana Gim\u00e9nez (Trabajo), de la diputada provincial Sonia Rojas de Decut y de los principales referentes de los gremios de la UDPM y la Sidepp, entre otras autoridades.<\/p>\n\n\n\n<p><\/p>\n","protected":false},"excerpt":{"rendered":"<p>A poco menos de dos semanas para el inicio del ciclo lectivo 2022, el Gobierno provincial y los gremios docentes de la UDPM y la Sidepp acordaron un aumento salarial en dos tramos: el primero con el sueldo del mes de febrero y el segundo con el salario del mes de abril. Con el acuerdo [&hellip;]<\/p>\n","protected":false},"author":2,"featured_media":13330,"comment_status":"open","ping_status":"open","sticky":false,"template":"","format":"standard","meta":{"footnotes":""},"categories":[26],"tags":[],"class_list":["post-13329","post","type-post","status-publish","format-standard","has-post-thumbnail","hentry","category-educacion"],"yoast_head":"<!-- This site is optimized with the Yoast SEO plugin v27.5 - https:\/\/yoast.com\/product\/yoast-seo-wordpress\/ -->\n<title>Mesa Paritaria Docente: Misiones acord\u00f3 un aumento para el primer semestre del a\u00f1o | CVI NOTICIAS<\/title>\n<meta name=\"robots\" content=\"index, follow, max-snippet:-1, max-image-preview:large, max-video-preview:-1\" \/>\n<link rel=\"canonical\" href=\"https:\/\/cvinoticias.com\/v3\/mesa-paritaria-docente-misiones-acordo-un-aumento-para-el-primer-semestre-del-ano\/\" \/>\n<meta property=\"og:locale\" content=\"es_ES\" \/>\n<meta property=\"og:type\" content=\"article\" \/>\n<meta property=\"og:title\" content=\"Mesa Paritaria Docente: Misiones acord\u00f3 un aumento para el primer semestre del a\u00f1o | CVI NOTICIAS\" \/>\n<meta property=\"og:description\" content=\"A poco menos de dos semanas para el inicio del ciclo lectivo 2022, el Gobierno provincial y los gremios docentes de la UDPM y la Sidepp acordaron un aumento salarial en dos tramos: el primero con el sueldo del mes de febrero y el segundo con el salario del mes de abril. Con el acuerdo [&hellip;]\" \/>\n<meta property=\"og:url\" content=\"https:\/\/cvinoticias.com\/v3\/mesa-paritaria-docente-misiones-acordo-un-aumento-para-el-primer-semestre-del-ano\/\" \/>\n<meta property=\"og:site_name\" content=\"CVI NOTICIAS\" \/>\n<meta property=\"article:publisher\" content=\"https:\/\/www.facebook.com\/cvinoticias\" \/>\n<meta property=\"article:published_time\" content=\"2022-02-17T22:34:16+00:00\" \/>\n<meta property=\"og:image\" content=\"https:\/\/cvinoticias.com\/wp-content\/uploads\/2022\/02\/Paritaria-docente-Misiones-e1645134786580-750x375-1.jpg\" \/>\n\t<meta property=\"og:image:width\" content=\"750\" \/>\n\t<meta property=\"og:image:height\" content=\"375\" \/>\n\t<meta property=\"og:image:type\" content=\"image\/jpeg\" \/>\n<meta name=\"author\" content=\"f1000024\" \/>\n<meta name=\"twitter:card\" content=\"summary_large_image\" \/>\n<meta name=\"twitter:label1\" content=\"Escrito por\" \/>\n\t<meta name=\"twitter:data1\" content=\"f1000024\" \/>\n\t<meta name=\"twitter:label2\" content=\"Tiempo de lectura\" \/>\n\t<meta name=\"twitter:data2\" content=\"2 minutos\" \/>\n<script type=\"application\/ld+json\" class=\"yoast-schema-graph\">{\"@context\":\"https:\\\/\\\/schema.org\",\"@graph\":[{\"@type\":\"Article\",\"@id\":\"https:\\\/\\\/cvinoticias.com\\\/v3\\\/mesa-paritaria-docente-misiones-acordo-un-aumento-para-el-primer-semestre-del-ano\\\/#article\",\"isPartOf\":{\"@id\":\"https:\\\/\\\/cvinoticias.com\\\/v3\\\/mesa-paritaria-docente-misiones-acordo-un-aumento-para-el-primer-semestre-del-ano\\\/\"},\"author\":{\"name\":\"f1000024\",\"@id\":\"https:\\\/\\\/cvinoticias.com\\\/v3\\\/#\\\/schema\\\/person\\\/2db77e3c6bc03c538495d7b2b8be9b66\"},\"headline\":\"Mesa Paritaria Docente: Misiones acord\u00f3 un aumento para el primer semestre del a\u00f1o\",\"datePublished\":\"2022-02-17T22:34:16+00:00\",\"mainEntityOfPage\":{\"@id\":\"https:\\\/\\\/cvinoticias.com\\\/v3\\\/mesa-paritaria-docente-misiones-acordo-un-aumento-para-el-primer-semestre-del-ano\\\/\"},\"wordCount\":337,\"commentCount\":0,\"publisher\":{\"@id\":\"https:\\\/\\\/cvinoticias.com\\\/v3\\\/#organization\"},\"image\":{\"@id\":\"https:\\\/\\\/cvinoticias.com\\\/v3\\\/mesa-paritaria-docente-misiones-acordo-un-aumento-para-el-primer-semestre-del-ano\\\/#primaryimage\"},\"thumbnailUrl\":\"https:\\\/\\\/cvinoticias.com\\\/wp-content\\\/uploads\\\/2022\\\/02\\\/Paritaria-docente-Misiones-e1645134786580-750x375-1.jpg\",\"articleSection\":[\"Educacion\"],\"inLanguage\":\"es\",\"potentialAction\":[{\"@type\":\"CommentAction\",\"name\":\"Comment\",\"target\":[\"https:\\\/\\\/cvinoticias.com\\\/v3\\\/mesa-paritaria-docente-misiones-acordo-un-aumento-para-el-primer-semestre-del-ano\\\/#respond\"]}]},{\"@type\":\"WebPage\",\"@id\":\"https:\\\/\\\/cvinoticias.com\\\/v3\\\/mesa-paritaria-docente-misiones-acordo-un-aumento-para-el-primer-semestre-del-ano\\\/\",\"url\":\"https:\\\/\\\/cvinoticias.com\\\/v3\\\/mesa-paritaria-docente-misiones-acordo-un-aumento-para-el-primer-semestre-del-ano\\\/\",\"name\":\"Mesa Paritaria Docente: Misiones acord\u00f3 un aumento para el primer semestre del a\u00f1o | CVI NOTICIAS\",\"isPartOf\":{\"@id\":\"https:\\\/\\\/cvinoticias.com\\\/v3\\\/#website\"},\"primaryImageOfPage\":{\"@id\":\"https:\\\/\\\/cvinoticias.com\\\/v3\\\/mesa-paritaria-docente-misiones-acordo-un-aumento-para-el-primer-semestre-del-ano\\\/#primaryimage\"},\"image\":{\"@id\":\"https:\\\/\\\/cvinoticias.com\\\/v3\\\/mesa-paritaria-docente-misiones-acordo-un-aumento-para-el-primer-semestre-del-ano\\\/#primaryimage\"},\"thumbnailUrl\":\"https:\\\/\\\/cvinoticias.com\\\/wp-content\\\/uploads\\\/2022\\\/02\\\/Paritaria-docente-Misiones-e1645134786580-750x375-1.jpg\",\"datePublished\":\"2022-02-17T22:34:16+00:00\",\"breadcrumb\":{\"@id\":\"https:\\\/\\\/cvinoticias.com\\\/v3\\\/mesa-paritaria-docente-misiones-acordo-un-aumento-para-el-primer-semestre-del-ano\\\/#breadcrumb\"},\"inLanguage\":\"es\",\"potentialAction\":[{\"@type\":\"ReadAction\",\"target\":[\"https:\\\/\\\/cvinoticias.com\\\/v3\\\/mesa-paritaria-docente-misiones-acordo-un-aumento-para-el-primer-semestre-del-ano\\\/\"]}]},{\"@type\":\"ImageObject\",\"inLanguage\":\"es\",\"@id\":\"https:\\\/\\\/cvinoticias.com\\\/v3\\\/mesa-paritaria-docente-misiones-acordo-un-aumento-para-el-primer-semestre-del-ano\\\/#primaryimage\",\"url\":\"https:\\\/\\\/cvinoticias.com\\\/wp-content\\\/uploads\\\/2022\\\/02\\\/Paritaria-docente-Misiones-e1645134786580-750x375-1.jpg\",\"contentUrl\":\"https:\\\/\\\/cvinoticias.com\\\/wp-content\\\/uploads\\\/2022\\\/02\\\/Paritaria-docente-Misiones-e1645134786580-750x375-1.jpg\",\"width\":750,\"height\":375},{\"@type\":\"BreadcrumbList\",\"@id\":\"https:\\\/\\\/cvinoticias.com\\\/v3\\\/mesa-paritaria-docente-misiones-acordo-un-aumento-para-el-primer-semestre-del-ano\\\/#breadcrumb\",\"itemListElement\":[{\"@type\":\"ListItem\",\"position\":1,\"name\":\"Portada\",\"item\":\"https:\\\/\\\/cvinoticias.com\\\/v3\\\/\"},{\"@type\":\"ListItem\",\"position\":2,\"name\":\"Mesa Paritaria Docente: Misiones acord\u00f3 un aumento para el primer semestre del a\u00f1o\"}]},{\"@type\":\"WebSite\",\"@id\":\"https:\\\/\\\/cvinoticias.com\\\/v3\\\/#website\",\"url\":\"https:\\\/\\\/cvinoticias.com\\\/v3\\\/\",\"name\":\"CVI NOTICIAS\",\"description\":\"\",\"publisher\":{\"@id\":\"https:\\\/\\\/cvinoticias.com\\\/v3\\\/#organization\"},\"alternateName\":\"CVI\",\"potentialAction\":[{\"@type\":\"SearchAction\",\"target\":{\"@type\":\"EntryPoint\",\"urlTemplate\":\"https:\\\/\\\/cvinoticias.com\\\/v3\\\/?s={search_term_string}\"},\"query-input\":{\"@type\":\"PropertyValueSpecification\",\"valueRequired\":true,\"valueName\":\"search_term_string\"}}],\"inLanguage\":\"es\"},{\"@type\":\"Organization\",\"@id\":\"https:\\\/\\\/cvinoticias.com\\\/v3\\\/#organization\",\"name\":\"CVI NOTICIAS\",\"url\":\"https:\\\/\\\/cvinoticias.com\\\/v3\\\/\",\"logo\":{\"@type\":\"ImageObject\",\"inLanguage\":\"es\",\"@id\":\"https:\\\/\\\/cvinoticias.com\\\/v3\\\/#\\\/schema\\\/logo\\\/image\\\/\",\"url\":\"https:\\\/\\\/cvinoticias.com\\\/wp-content\\\/uploads\\\/2023\\\/04\\\/cropped-cropped-cropped-cropped-cropped-3-1.png\",\"contentUrl\":\"https:\\\/\\\/cvinoticias.com\\\/wp-content\\\/uploads\\\/2023\\\/04\\\/cropped-cropped-cropped-cropped-cropped-3-1.png\",\"width\":95,\"height\":122,\"caption\":\"CVI NOTICIAS\"},\"image\":{\"@id\":\"https:\\\/\\\/cvinoticias.com\\\/v3\\\/#\\\/schema\\\/logo\\\/image\\\/\"},\"sameAs\":[\"https:\\\/\\\/www.facebook.com\\\/cvinoticias\",\"https:\\\/\\\/www.instagram.com\\\/cvinoticias\\\/\",\"https:\\\/\\\/www.youtube.com\\\/@CVINOTICIAS\"]},{\"@type\":\"Person\",\"@id\":\"https:\\\/\\\/cvinoticias.com\\\/v3\\\/#\\\/schema\\\/person\\\/2db77e3c6bc03c538495d7b2b8be9b66\",\"name\":\"f1000024\",\"image\":{\"@type\":\"ImageObject\",\"inLanguage\":\"es\",\"@id\":\"https:\\\/\\\/secure.gravatar.com\\\/avatar\\\/d4fe7459cfc51ff5129ce1a732bbef5928568b8092d412ef95611616376bbeed?s=96&d=mm&r=g\",\"url\":\"https:\\\/\\\/secure.gravatar.com\\\/avatar\\\/d4fe7459cfc51ff5129ce1a732bbef5928568b8092d412ef95611616376bbeed?s=96&d=mm&r=g\",\"contentUrl\":\"https:\\\/\\\/secure.gravatar.com\\\/avatar\\\/d4fe7459cfc51ff5129ce1a732bbef5928568b8092d412ef95611616376bbeed?s=96&d=mm&r=g\",\"caption\":\"f1000024\"},\"url\":\"https:\\\/\\\/cvinoticias.com\\\/v3\\\/author\\\/f1000024\\\/\"}]}<\/script>\n<!-- \/ Yoast SEO plugin. -->","yoast_head_json":{"title":"Mesa Paritaria Docente: Misiones acord\u00f3 un aumento para el primer semestre del a\u00f1o | CVI NOTICIAS","robots":{"index":"index","follow":"follow","max-snippet":"max-snippet:-1","max-image-preview":"max-image-preview:large","max-video-preview":"max-video-preview:-1"},"canonical":"https:\/\/cvinoticias.com\/v3\/mesa-paritaria-docente-misiones-acordo-un-aumento-para-el-primer-semestre-del-ano\/","og_locale":"es_ES","og_type":"article","og_title":"Mesa Paritaria Docente: Misiones acord\u00f3 un aumento para el primer semestre del a\u00f1o | CVI NOTICIAS","og_description":"A poco menos de dos semanas para el inicio del ciclo lectivo 2022, el Gobierno provincial y los gremios docentes de la UDPM y la Sidepp acordaron un aumento salarial en dos tramos: el primero con el sueldo del mes de febrero y el segundo con el salario del mes de abril. Con el acuerdo [&hellip;]","og_url":"https:\/\/cvinoticias.com\/v3\/mesa-paritaria-docente-misiones-acordo-un-aumento-para-el-primer-semestre-del-ano\/","og_site_name":"CVI NOTICIAS","article_publisher":"https:\/\/www.facebook.com\/cvinoticias","article_published_time":"2022-02-17T22:34:16+00:00","og_image":[{"width":750,"height":375,"url":"https:\/\/cvinoticias.com\/wp-content\/uploads\/2022\/02\/Paritaria-docente-Misiones-e1645134786580-750x375-1.jpg","type":"image\/jpeg"}],"author":"f1000024","twitter_card":"summary_large_image","twitter_misc":{"Escrito por":"f1000024","Tiempo de lectura":"2 minutos"},"schema":{"@context":"https:\/\/schema.org","@graph":[{"@type":"Article","@id":"https:\/\/cvinoticias.com\/v3\/mesa-paritaria-docente-misiones-acordo-un-aumento-para-el-primer-semestre-del-ano\/#article","isPartOf":{"@id":"https:\/\/cvinoticias.com\/v3\/mesa-paritaria-docente-misiones-acordo-un-aumento-para-el-primer-semestre-del-ano\/"},"author":{"name":"f1000024","@id":"https:\/\/cvinoticias.com\/v3\/#\/schema\/person\/2db77e3c6bc03c538495d7b2b8be9b66"},"headline":"Mesa Paritaria Docente: Misiones acord\u00f3 un aumento para el primer semestre del a\u00f1o","datePublished":"2022-02-17T22:34:16+00:00","mainEntityOfPage":{"@id":"https:\/\/cvinoticias.com\/v3\/mesa-paritaria-docente-misiones-acordo-un-aumento-para-el-primer-semestre-del-ano\/"},"wordCount":337,"commentCount":0,"publisher":{"@id":"https:\/\/cvinoticias.com\/v3\/#organization"},"image":{"@id":"https:\/\/cvinoticias.com\/v3\/mesa-paritaria-docente-misiones-acordo-un-aumento-para-el-primer-semestre-del-ano\/#primaryimage"},"thumbnailUrl":"https:\/\/cvinoticias.com\/wp-content\/uploads\/2022\/02\/Paritaria-docente-Misiones-e1645134786580-750x375-1.jpg","articleSection":["Educacion"],"inLanguage":"es","potentialAction":[{"@type":"CommentAction","name":"Comment","target":["https:\/\/cvinoticias.com\/v3\/mesa-paritaria-docente-misiones-acordo-un-aumento-para-el-primer-semestre-del-ano\/#respond"]}]},{"@type":"WebPage","@id":"https:\/\/cvinoticias.com\/v3\/mesa-paritaria-docente-misiones-acordo-un-aumento-para-el-primer-semestre-del-ano\/","url":"https:\/\/cvinoticias.com\/v3\/mesa-paritaria-docente-misiones-acordo-un-aumento-para-el-primer-semestre-del-ano\/","name":"Mesa Paritaria Docente: Misiones acord\u00f3 un aumento para el primer semestre del a\u00f1o | CVI NOTICIAS","isPartOf":{"@id":"https:\/\/cvinoticias.com\/v3\/#website"},"primaryImageOfPage":{"@id":"https:\/\/cvinoticias.com\/v3\/mesa-paritaria-docente-misiones-acordo-un-aumento-para-el-primer-semestre-del-ano\/#primaryimage"},"image":{"@id":"https:\/\/cvinoticias.com\/v3\/mesa-paritaria-docente-misiones-acordo-un-aumento-para-el-primer-semestre-del-ano\/#primaryimage"},"thumbnailUrl":"https:\/\/cvinoticias.com\/wp-content\/uploads\/2022\/02\/Paritaria-docente-Misiones-e1645134786580-750x375-1.jpg","datePublished":"2022-02-17T22:34:16+00:00","breadcrumb":{"@id":"https:\/\/cvinoticias.com\/v3\/mesa-paritaria-docente-misiones-acordo-un-aumento-para-el-primer-semestre-del-ano\/#breadcrumb"},"inLanguage":"es","potentialAction":[{"@type":"ReadAction","target":["https:\/\/cvinoticias.com\/v3\/mesa-paritaria-docente-misiones-acordo-un-aumento-para-el-primer-semestre-del-ano\/"]}]},{"@type":"ImageObject","inLanguage":"es","@id":"https:\/\/cvinoticias.com\/v3\/mesa-paritaria-docente-misiones-acordo-un-aumento-para-el-primer-semestre-del-ano\/#primaryimage","url":"https:\/\/cvinoticias.com\/wp-content\/uploads\/2022\/02\/Paritaria-docente-Misiones-e1645134786580-750x375-1.jpg","contentUrl":"https:\/\/cvinoticias.com\/wp-content\/uploads\/2022\/02\/Paritaria-docente-Misiones-e1645134786580-750x375-1.jpg","width":750,"height":375},{"@type":"BreadcrumbList","@id":"https:\/\/cvinoticias.com\/v3\/mesa-paritaria-docente-misiones-acordo-un-aumento-para-el-primer-semestre-del-ano\/#breadcrumb","itemListElement":[{"@type":"ListItem","position":1,"name":"Portada","item":"https:\/\/cvinoticias.com\/v3\/"},{"@type":"ListItem","position":2,"name":"Mesa Paritaria Docente: Misiones acord\u00f3 un aumento para el primer semestre del a\u00f1o"}]},{"@type":"WebSite","@id":"https:\/\/cvinoticias.com\/v3\/#website","url":"https:\/\/cvinoticias.com\/v3\/","name":"CVI NOTICIAS","description":"","publisher":{"@id":"https:\/\/cvinoticias.com\/v3\/#organization"},"alternateName":"CVI","potentialAction":[{"@type":"SearchAction","target":{"@type":"EntryPoint","urlTemplate":"https:\/\/cvinoticias.com\/v3\/?s={search_term_string}"},"query-input":{"@type":"PropertyValueSpecification","valueRequired":true,"valueName":"search_term_string"}}],"inLanguage":"es"},{"@type":"Organization","@id":"https:\/\/cvinoticias.com\/v3\/#organization","name":"CVI NOTICIAS","url":"https:\/\/cvinoticias.com\/v3\/","logo":{"@type":"ImageObject","inLanguage":"es","@id":"https:\/\/cvinoticias.com\/v3\/#\/schema\/logo\/image\/","url":"https:\/\/cvinoticias.com\/wp-content\/uploads\/2023\/04\/cropped-cropped-cropped-cropped-cropped-3-1.png","contentUrl":"https:\/\/cvinoticias.com\/wp-content\/uploads\/2023\/04\/cropped-cropped-cropped-cropped-cropped-3-1.png","width":95,"height":122,"caption":"CVI NOTICIAS"},"image":{"@id":"https:\/\/cvinoticias.com\/v3\/#\/schema\/logo\/image\/"},"sameAs":["https:\/\/www.facebook.com\/cvinoticias","https:\/\/www.instagram.com\/cvinoticias\/","https:\/\/www.youtube.com\/@CVINOTICIAS"]},{"@type":"Person","@id":"https:\/\/cvinoticias.com\/v3\/#\/schema\/person\/2db77e3c6bc03c538495d7b2b8be9b66","name":"f1000024","image":{"@type":"ImageObject","inLanguage":"es","@id":"https:\/\/secure.gravatar.com\/avatar\/d4fe7459cfc51ff5129ce1a732bbef5928568b8092d412ef95611616376bbeed?s=96&d=mm&r=g","url":"https:\/\/secure.gravatar.com\/avatar\/d4fe7459cfc51ff5129ce1a732bbef5928568b8092d412ef95611616376bbeed?s=96&d=mm&r=g","contentUrl":"https:\/\/secure.gravatar.com\/avatar\/d4fe7459cfc51ff5129ce1a732bbef5928568b8092d412ef95611616376bbeed?s=96&d=mm&r=g","caption":"f1000024"},"url":"https:\/\/cvinoticias.com\/v3\/author\/f1000024\/"}]}},"_links":{"self":[{"href":"https:\/\/cvinoticias.com\/v3\/wp-json\/wp\/v2\/posts\/13329","targetHints":{"allow":["GET"]}}],"collection":[{"href":"https:\/\/cvinoticias.com\/v3\/wp-json\/wp\/v2\/posts"}],"about":[{"href":"https:\/\/cvinoticias.com\/v3\/wp-json\/wp\/v2\/types\/post"}],"author":[{"embeddable":true,"href":"https:\/\/cvinoticias.com\/v3\/wp-json\/wp\/v2\/users\/2"}],"replies":[{"embeddable":true,"href":"https:\/\/cvinoticias.com\/v3\/wp-json\/wp\/v2\/comments?post=13329"}],"version-history":[{"count":1,"href":"https:\/\/cvinoticias.com\/v3\/wp-json\/wp\/v2\/posts\/13329\/revisions"}],"predecessor-version":[{"id":13331,"href":"https:\/\/cvinoticias.com\/v3\/wp-json\/wp\/v2\/posts\/13329\/revisions\/13331"}],"wp:featuredmedia":[{"embeddable":true,"href":"https:\/\/cvinoticias.com\/v3\/wp-json\/wp\/v2\/media\/13330"}],"wp:attachment":[{"href":"https:\/\/cvinoticias.com\/v3\/wp-json\/wp\/v2\/media?parent=13329"}],"wp:term":[{"taxonomy":"category","embeddable":true,"href":"https:\/\/cvinoticias.com\/v3\/wp-json\/wp\/v2\/categories?post=13329"},{"taxonomy":"post_tag","embeddable":true,"href":"https:\/\/cvinoticias.com\/v3\/wp-json\/wp\/v2\/tags?post=13329"}],"curies":[{"name":"wp","href":"https:\/\/api.w.org\/{rel}","templated":true}]}}