{"id":13298,"date":"2022-02-17T13:02:55","date_gmt":"2022-02-17T13:02:55","guid":{"rendered":"https:\/\/cvinoticias.com\/v3\/?p=13298"},"modified":"2022-02-17T13:03:39","modified_gmt":"2022-02-17T13:03:39","slug":"corrientes-arde-hay-15-focos-igneos-activos-y-varias-familias-evacuadas","status":"publish","type":"post","link":"https:\/\/cvinoticias.com\/v3\/corrientes-arde-hay-15-focos-igneos-activos-y-varias-familias-evacuadas\/","title":{"rendered":"Corrientes arde: hay 15 focos \u00edgneos activos y varias familias evacuadas"},"content":{"rendered":"\n<p><strong><em>Al menos 3.800 personas combaten las llamas en toda la provincia. Un grupo de pobladores de Ituzaing\u00f3 debi\u00f3 sacar sus pertenencias a la calle por temor al incendio.<\/em><\/strong><\/p>\n\n\n\n<p>La provincia de Corrientes atraviesa uno de sus peores momentos en t\u00e9rminos de incendios. En total hab\u00eda 15 focos activos hasta el cierre de esta edici\u00f3n y en Ituzaing\u00f3 las familias debieron evacuar porque peligraban sus hogares. Unas 3.800 personas que luchan para frenar el fuego. Entre las postales m\u00e1s alarmantes de ayer se encuentra la de un grupo de familias en Ituzaing\u00f3 que evacu\u00f3 sus propiedades para escapar del avance de las llamas. Un incendio que se desat\u00f3 en Ituzaing\u00f3 hizo que vecinos abandonaran sus viviendas de manera preventiva por si las llamas contin\u00faan expandi\u00e9ndose, indicaron fuentes del lugar.<\/p>\n\n\n\n<p>El foco \u00edgneo se registr\u00f3 en cercan\u00edas al C\u00edrculo de Suboficiales de la Polic\u00eda, sobre calle Pago Largo.<\/p>\n\n\n\n<p>All\u00ed trabajaron los Bomberos Voluntarios junto con el \u00e1rea de Obras y Servicios P\u00fablicos y Defensa Civil del municipio de Ituzaing\u00f3 para frenar el avance del fuego. En las fotos se puede observar que algunas personas sacaron a la calle colchones, camas, roperos, heladeras, entre otras cosas.<\/p>\n\n\n\n<p><strong>Hay 15 focos activos<\/strong><\/p>\n\n\n\n<p>Al cierre de esta edici\u00f3n, el Gobierno de Corrientes inform\u00f3 de 15 focos \u00edgneos activos. Adem\u00e1s, indic\u00f3 que se duplicaron los esfuerzos para combatir las llamas.<\/p>\n\n\n\n<p>Seg\u00fan relataron, hay cien autobombas terrestres, seis aviones hidrantes, un helic\u00f3ptero, equipos de riego, extinguidores y alrededor de mil rodados entre p\u00fablicos y privados afectados a diferentes actividades. Adem\u00e1s, se suman los brigadistas de provincias como Jujuy, C\u00f3rdoba, Mendoza y ahora se vendr\u00edan m\u00e1s de Buenos Aires. \u201cDesde \u00e1reas del Gobierno provincial sostienen que la tarea es tit\u00e1nica, pero debe sostenerse la intensidad, hasta que las condiciones clim\u00e1ticas traigan alivio\u201d, dijeron.<\/p>\n","protected":false},"excerpt":{"rendered":"<p>Al menos 3.800 personas combaten las llamas en toda la provincia. Un grupo de pobladores de Ituzaing\u00f3 debi\u00f3 sacar sus pertenencias a la calle por temor al incendio. La provincia de Corrientes atraviesa uno de sus peores momentos en t\u00e9rminos de incendios. En total hab\u00eda 15 focos activos hasta el cierre de esta edici\u00f3n y [&hellip;]<\/p>\n","protected":false},"author":2,"featured_media":13299,"comment_status":"open","ping_status":"open","sticky":false,"template":"","format":"standard","meta":{"footnotes":""},"categories":[35],"tags":[],"class_list":["post-13298","post","type-post","status-publish","format-standard","has-post-thumbnail","hentry","category-informacion-general"],"yoast_head":"<!-- This site is optimized with the Yoast SEO plugin v27.5 - https:\/\/yoast.com\/product\/yoast-seo-wordpress\/ -->\n<title>Corrientes arde: hay 15 focos \u00edgneos activos y varias familias evacuadas | CVI NOTICIAS<\/title>\n<meta name=\"robots\" content=\"index, follow, max-snippet:-1, max-image-preview:large, max-video-preview:-1\" \/>\n<link rel=\"canonical\" href=\"https:\/\/cvinoticias.com\/v3\/corrientes-arde-hay-15-focos-igneos-activos-y-varias-familias-evacuadas\/\" \/>\n<meta property=\"og:locale\" content=\"es_ES\" \/>\n<meta property=\"og:type\" content=\"article\" \/>\n<meta property=\"og:title\" content=\"Corrientes arde: hay 15 focos \u00edgneos activos y varias familias evacuadas | CVI NOTICIAS\" \/>\n<meta property=\"og:description\" content=\"Al menos 3.800 personas combaten las llamas en toda la provincia. Un grupo de pobladores de Ituzaing\u00f3 debi\u00f3 sacar sus pertenencias a la calle por temor al incendio. La provincia de Corrientes atraviesa uno de sus peores momentos en t\u00e9rminos de incendios. En total hab\u00eda 15 focos activos hasta el cierre de esta edici\u00f3n y [&hellip;]\" \/>\n<meta property=\"og:url\" content=\"https:\/\/cvinoticias.com\/v3\/corrientes-arde-hay-15-focos-igneos-activos-y-varias-familias-evacuadas\/\" \/>\n<meta property=\"og:site_name\" content=\"CVI NOTICIAS\" \/>\n<meta property=\"article:publisher\" content=\"https:\/\/www.facebook.com\/cvinoticias\" \/>\n<meta property=\"article:published_time\" content=\"2022-02-17T13:02:55+00:00\" \/>\n<meta property=\"article:modified_time\" content=\"2022-02-17T13:03:39+00:00\" \/>\n<meta property=\"og:image\" content=\"https:\/\/cvinoticias.com\/wp-content\/uploads\/2022\/02\/Screenshot_20220217-100139_Chrome.jpg\" \/>\n\t<meta property=\"og:image:width\" content=\"1077\" \/>\n\t<meta property=\"og:image:height\" content=\"766\" \/>\n\t<meta property=\"og:image:type\" content=\"image\/jpeg\" \/>\n<meta name=\"author\" content=\"f1000024\" \/>\n<meta name=\"twitter:card\" content=\"summary_large_image\" \/>\n<meta name=\"twitter:label1\" content=\"Escrito por\" \/>\n\t<meta name=\"twitter:data1\" content=\"f1000024\" \/>\n\t<meta name=\"twitter:label2\" content=\"Tiempo de lectura\" \/>\n\t<meta name=\"twitter:data2\" content=\"2 minutos\" \/>\n<script type=\"application\/ld+json\" class=\"yoast-schema-graph\">{\"@context\":\"https:\\\/\\\/schema.org\",\"@graph\":[{\"@type\":\"Article\",\"@id\":\"https:\\\/\\\/cvinoticias.com\\\/v3\\\/corrientes-arde-hay-15-focos-igneos-activos-y-varias-familias-evacuadas\\\/#article\",\"isPartOf\":{\"@id\":\"https:\\\/\\\/cvinoticias.com\\\/v3\\\/corrientes-arde-hay-15-focos-igneos-activos-y-varias-familias-evacuadas\\\/\"},\"author\":{\"name\":\"f1000024\",\"@id\":\"https:\\\/\\\/cvinoticias.com\\\/v3\\\/#\\\/schema\\\/person\\\/2db77e3c6bc03c538495d7b2b8be9b66\"},\"headline\":\"Corrientes arde: hay 15 focos \u00edgneos activos y varias familias evacuadas\",\"datePublished\":\"2022-02-17T13:02:55+00:00\",\"dateModified\":\"2022-02-17T13:03:39+00:00\",\"mainEntityOfPage\":{\"@id\":\"https:\\\/\\\/cvinoticias.com\\\/v3\\\/corrientes-arde-hay-15-focos-igneos-activos-y-varias-familias-evacuadas\\\/\"},\"wordCount\":320,\"commentCount\":0,\"publisher\":{\"@id\":\"https:\\\/\\\/cvinoticias.com\\\/v3\\\/#organization\"},\"image\":{\"@id\":\"https:\\\/\\\/cvinoticias.com\\\/v3\\\/corrientes-arde-hay-15-focos-igneos-activos-y-varias-familias-evacuadas\\\/#primaryimage\"},\"thumbnailUrl\":\"https:\\\/\\\/cvinoticias.com\\\/wp-content\\\/uploads\\\/2022\\\/02\\\/Screenshot_20220217-100139_Chrome.jpg\",\"articleSection\":[\"Informaci\u00f3n General\"],\"inLanguage\":\"es\",\"potentialAction\":[{\"@type\":\"CommentAction\",\"name\":\"Comment\",\"target\":[\"https:\\\/\\\/cvinoticias.com\\\/v3\\\/corrientes-arde-hay-15-focos-igneos-activos-y-varias-familias-evacuadas\\\/#respond\"]}]},{\"@type\":\"WebPage\",\"@id\":\"https:\\\/\\\/cvinoticias.com\\\/v3\\\/corrientes-arde-hay-15-focos-igneos-activos-y-varias-familias-evacuadas\\\/\",\"url\":\"https:\\\/\\\/cvinoticias.com\\\/v3\\\/corrientes-arde-hay-15-focos-igneos-activos-y-varias-familias-evacuadas\\\/\",\"name\":\"Corrientes arde: hay 15 focos \u00edgneos activos y varias familias evacuadas | CVI NOTICIAS\",\"isPartOf\":{\"@id\":\"https:\\\/\\\/cvinoticias.com\\\/v3\\\/#website\"},\"primaryImageOfPage\":{\"@id\":\"https:\\\/\\\/cvinoticias.com\\\/v3\\\/corrientes-arde-hay-15-focos-igneos-activos-y-varias-familias-evacuadas\\\/#primaryimage\"},\"image\":{\"@id\":\"https:\\\/\\\/cvinoticias.com\\\/v3\\\/corrientes-arde-hay-15-focos-igneos-activos-y-varias-familias-evacuadas\\\/#primaryimage\"},\"thumbnailUrl\":\"https:\\\/\\\/cvinoticias.com\\\/wp-content\\\/uploads\\\/2022\\\/02\\\/Screenshot_20220217-100139_Chrome.jpg\",\"datePublished\":\"2022-02-17T13:02:55+00:00\",\"dateModified\":\"2022-02-17T13:03:39+00:00\",\"breadcrumb\":{\"@id\":\"https:\\\/\\\/cvinoticias.com\\\/v3\\\/corrientes-arde-hay-15-focos-igneos-activos-y-varias-familias-evacuadas\\\/#breadcrumb\"},\"inLanguage\":\"es\",\"potentialAction\":[{\"@type\":\"ReadAction\",\"target\":[\"https:\\\/\\\/cvinoticias.com\\\/v3\\\/corrientes-arde-hay-15-focos-igneos-activos-y-varias-familias-evacuadas\\\/\"]}]},{\"@type\":\"ImageObject\",\"inLanguage\":\"es\",\"@id\":\"https:\\\/\\\/cvinoticias.com\\\/v3\\\/corrientes-arde-hay-15-focos-igneos-activos-y-varias-familias-evacuadas\\\/#primaryimage\",\"url\":\"https:\\\/\\\/cvinoticias.com\\\/wp-content\\\/uploads\\\/2022\\\/02\\\/Screenshot_20220217-100139_Chrome.jpg\",\"contentUrl\":\"https:\\\/\\\/cvinoticias.com\\\/wp-content\\\/uploads\\\/2022\\\/02\\\/Screenshot_20220217-100139_Chrome.jpg\",\"width\":1077,\"height\":766},{\"@type\":\"BreadcrumbList\",\"@id\":\"https:\\\/\\\/cvinoticias.com\\\/v3\\\/corrientes-arde-hay-15-focos-igneos-activos-y-varias-familias-evacuadas\\\/#breadcrumb\",\"itemListElement\":[{\"@type\":\"ListItem\",\"position\":1,\"name\":\"Portada\",\"item\":\"https:\\\/\\\/cvinoticias.com\\\/v3\\\/\"},{\"@type\":\"ListItem\",\"position\":2,\"name\":\"Corrientes arde: hay 15 focos \u00edgneos activos y varias familias evacuadas\"}]},{\"@type\":\"WebSite\",\"@id\":\"https:\\\/\\\/cvinoticias.com\\\/v3\\\/#website\",\"url\":\"https:\\\/\\\/cvinoticias.com\\\/v3\\\/\",\"name\":\"CVI NOTICIAS\",\"description\":\"\",\"publisher\":{\"@id\":\"https:\\\/\\\/cvinoticias.com\\\/v3\\\/#organization\"},\"alternateName\":\"CVI\",\"potentialAction\":[{\"@type\":\"SearchAction\",\"target\":{\"@type\":\"EntryPoint\",\"urlTemplate\":\"https:\\\/\\\/cvinoticias.com\\\/v3\\\/?s={search_term_string}\"},\"query-input\":{\"@type\":\"PropertyValueSpecification\",\"valueRequired\":true,\"valueName\":\"search_term_string\"}}],\"inLanguage\":\"es\"},{\"@type\":\"Organization\",\"@id\":\"https:\\\/\\\/cvinoticias.com\\\/v3\\\/#organization\",\"name\":\"CVI NOTICIAS\",\"url\":\"https:\\\/\\\/cvinoticias.com\\\/v3\\\/\",\"logo\":{\"@type\":\"ImageObject\",\"inLanguage\":\"es\",\"@id\":\"https:\\\/\\\/cvinoticias.com\\\/v3\\\/#\\\/schema\\\/logo\\\/image\\\/\",\"url\":\"https:\\\/\\\/cvinoticias.com\\\/wp-content\\\/uploads\\\/2023\\\/04\\\/cropped-cropped-cropped-cropped-cropped-3-1.png\",\"contentUrl\":\"https:\\\/\\\/cvinoticias.com\\\/wp-content\\\/uploads\\\/2023\\\/04\\\/cropped-cropped-cropped-cropped-cropped-3-1.png\",\"width\":95,\"height\":122,\"caption\":\"CVI NOTICIAS\"},\"image\":{\"@id\":\"https:\\\/\\\/cvinoticias.com\\\/v3\\\/#\\\/schema\\\/logo\\\/image\\\/\"},\"sameAs\":[\"https:\\\/\\\/www.facebook.com\\\/cvinoticias\",\"https:\\\/\\\/www.instagram.com\\\/cvinoticias\\\/\",\"https:\\\/\\\/www.youtube.com\\\/@CVINOTICIAS\"]},{\"@type\":\"Person\",\"@id\":\"https:\\\/\\\/cvinoticias.com\\\/v3\\\/#\\\/schema\\\/person\\\/2db77e3c6bc03c538495d7b2b8be9b66\",\"name\":\"f1000024\",\"image\":{\"@type\":\"ImageObject\",\"inLanguage\":\"es\",\"@id\":\"https:\\\/\\\/secure.gravatar.com\\\/avatar\\\/d4fe7459cfc51ff5129ce1a732bbef5928568b8092d412ef95611616376bbeed?s=96&d=mm&r=g\",\"url\":\"https:\\\/\\\/secure.gravatar.com\\\/avatar\\\/d4fe7459cfc51ff5129ce1a732bbef5928568b8092d412ef95611616376bbeed?s=96&d=mm&r=g\",\"contentUrl\":\"https:\\\/\\\/secure.gravatar.com\\\/avatar\\\/d4fe7459cfc51ff5129ce1a732bbef5928568b8092d412ef95611616376bbeed?s=96&d=mm&r=g\",\"caption\":\"f1000024\"},\"url\":\"https:\\\/\\\/cvinoticias.com\\\/v3\\\/author\\\/f1000024\\\/\"}]}<\/script>\n<!-- \/ Yoast SEO plugin. -->","yoast_head_json":{"title":"Corrientes arde: hay 15 focos \u00edgneos activos y varias familias evacuadas | CVI NOTICIAS","robots":{"index":"index","follow":"follow","max-snippet":"max-snippet:-1","max-image-preview":"max-image-preview:large","max-video-preview":"max-video-preview:-1"},"canonical":"https:\/\/cvinoticias.com\/v3\/corrientes-arde-hay-15-focos-igneos-activos-y-varias-familias-evacuadas\/","og_locale":"es_ES","og_type":"article","og_title":"Corrientes arde: hay 15 focos \u00edgneos activos y varias familias evacuadas | CVI NOTICIAS","og_description":"Al menos 3.800 personas combaten las llamas en toda la provincia. Un grupo de pobladores de Ituzaing\u00f3 debi\u00f3 sacar sus pertenencias a la calle por temor al incendio. La provincia de Corrientes atraviesa uno de sus peores momentos en t\u00e9rminos de incendios. En total hab\u00eda 15 focos activos hasta el cierre de esta edici\u00f3n y [&hellip;]","og_url":"https:\/\/cvinoticias.com\/v3\/corrientes-arde-hay-15-focos-igneos-activos-y-varias-familias-evacuadas\/","og_site_name":"CVI NOTICIAS","article_publisher":"https:\/\/www.facebook.com\/cvinoticias","article_published_time":"2022-02-17T13:02:55+00:00","article_modified_time":"2022-02-17T13:03:39+00:00","og_image":[{"width":1077,"height":766,"url":"https:\/\/cvinoticias.com\/wp-content\/uploads\/2022\/02\/Screenshot_20220217-100139_Chrome.jpg","type":"image\/jpeg"}],"author":"f1000024","twitter_card":"summary_large_image","twitter_misc":{"Escrito por":"f1000024","Tiempo de lectura":"2 minutos"},"schema":{"@context":"https:\/\/schema.org","@graph":[{"@type":"Article","@id":"https:\/\/cvinoticias.com\/v3\/corrientes-arde-hay-15-focos-igneos-activos-y-varias-familias-evacuadas\/#article","isPartOf":{"@id":"https:\/\/cvinoticias.com\/v3\/corrientes-arde-hay-15-focos-igneos-activos-y-varias-familias-evacuadas\/"},"author":{"name":"f1000024","@id":"https:\/\/cvinoticias.com\/v3\/#\/schema\/person\/2db77e3c6bc03c538495d7b2b8be9b66"},"headline":"Corrientes arde: hay 15 focos \u00edgneos activos y varias familias evacuadas","datePublished":"2022-02-17T13:02:55+00:00","dateModified":"2022-02-17T13:03:39+00:00","mainEntityOfPage":{"@id":"https:\/\/cvinoticias.com\/v3\/corrientes-arde-hay-15-focos-igneos-activos-y-varias-familias-evacuadas\/"},"wordCount":320,"commentCount":0,"publisher":{"@id":"https:\/\/cvinoticias.com\/v3\/#organization"},"image":{"@id":"https:\/\/cvinoticias.com\/v3\/corrientes-arde-hay-15-focos-igneos-activos-y-varias-familias-evacuadas\/#primaryimage"},"thumbnailUrl":"https:\/\/cvinoticias.com\/wp-content\/uploads\/2022\/02\/Screenshot_20220217-100139_Chrome.jpg","articleSection":["Informaci\u00f3n General"],"inLanguage":"es","potentialAction":[{"@type":"CommentAction","name":"Comment","target":["https:\/\/cvinoticias.com\/v3\/corrientes-arde-hay-15-focos-igneos-activos-y-varias-familias-evacuadas\/#respond"]}]},{"@type":"WebPage","@id":"https:\/\/cvinoticias.com\/v3\/corrientes-arde-hay-15-focos-igneos-activos-y-varias-familias-evacuadas\/","url":"https:\/\/cvinoticias.com\/v3\/corrientes-arde-hay-15-focos-igneos-activos-y-varias-familias-evacuadas\/","name":"Corrientes arde: hay 15 focos \u00edgneos activos y varias familias evacuadas | CVI NOTICIAS","isPartOf":{"@id":"https:\/\/cvinoticias.com\/v3\/#website"},"primaryImageOfPage":{"@id":"https:\/\/cvinoticias.com\/v3\/corrientes-arde-hay-15-focos-igneos-activos-y-varias-familias-evacuadas\/#primaryimage"},"image":{"@id":"https:\/\/cvinoticias.com\/v3\/corrientes-arde-hay-15-focos-igneos-activos-y-varias-familias-evacuadas\/#primaryimage"},"thumbnailUrl":"https:\/\/cvinoticias.com\/wp-content\/uploads\/2022\/02\/Screenshot_20220217-100139_Chrome.jpg","datePublished":"2022-02-17T13:02:55+00:00","dateModified":"2022-02-17T13:03:39+00:00","breadcrumb":{"@id":"https:\/\/cvinoticias.com\/v3\/corrientes-arde-hay-15-focos-igneos-activos-y-varias-familias-evacuadas\/#breadcrumb"},"inLanguage":"es","potentialAction":[{"@type":"ReadAction","target":["https:\/\/cvinoticias.com\/v3\/corrientes-arde-hay-15-focos-igneos-activos-y-varias-familias-evacuadas\/"]}]},{"@type":"ImageObject","inLanguage":"es","@id":"https:\/\/cvinoticias.com\/v3\/corrientes-arde-hay-15-focos-igneos-activos-y-varias-familias-evacuadas\/#primaryimage","url":"https:\/\/cvinoticias.com\/wp-content\/uploads\/2022\/02\/Screenshot_20220217-100139_Chrome.jpg","contentUrl":"https:\/\/cvinoticias.com\/wp-content\/uploads\/2022\/02\/Screenshot_20220217-100139_Chrome.jpg","width":1077,"height":766},{"@type":"BreadcrumbList","@id":"https:\/\/cvinoticias.com\/v3\/corrientes-arde-hay-15-focos-igneos-activos-y-varias-familias-evacuadas\/#breadcrumb","itemListElement":[{"@type":"ListItem","position":1,"name":"Portada","item":"https:\/\/cvinoticias.com\/v3\/"},{"@type":"ListItem","position":2,"name":"Corrientes arde: hay 15 focos \u00edgneos activos y varias familias evacuadas"}]},{"@type":"WebSite","@id":"https:\/\/cvinoticias.com\/v3\/#website","url":"https:\/\/cvinoticias.com\/v3\/","name":"CVI NOTICIAS","description":"","publisher":{"@id":"https:\/\/cvinoticias.com\/v3\/#organization"},"alternateName":"CVI","potentialAction":[{"@type":"SearchAction","target":{"@type":"EntryPoint","urlTemplate":"https:\/\/cvinoticias.com\/v3\/?s={search_term_string}"},"query-input":{"@type":"PropertyValueSpecification","valueRequired":true,"valueName":"search_term_string"}}],"inLanguage":"es"},{"@type":"Organization","@id":"https:\/\/cvinoticias.com\/v3\/#organization","name":"CVI NOTICIAS","url":"https:\/\/cvinoticias.com\/v3\/","logo":{"@type":"ImageObject","inLanguage":"es","@id":"https:\/\/cvinoticias.com\/v3\/#\/schema\/logo\/image\/","url":"https:\/\/cvinoticias.com\/wp-content\/uploads\/2023\/04\/cropped-cropped-cropped-cropped-cropped-3-1.png","contentUrl":"https:\/\/cvinoticias.com\/wp-content\/uploads\/2023\/04\/cropped-cropped-cropped-cropped-cropped-3-1.png","width":95,"height":122,"caption":"CVI NOTICIAS"},"image":{"@id":"https:\/\/cvinoticias.com\/v3\/#\/schema\/logo\/image\/"},"sameAs":["https:\/\/www.facebook.com\/cvinoticias","https:\/\/www.instagram.com\/cvinoticias\/","https:\/\/www.youtube.com\/@CVINOTICIAS"]},{"@type":"Person","@id":"https:\/\/cvinoticias.com\/v3\/#\/schema\/person\/2db77e3c6bc03c538495d7b2b8be9b66","name":"f1000024","image":{"@type":"ImageObject","inLanguage":"es","@id":"https:\/\/secure.gravatar.com\/avatar\/d4fe7459cfc51ff5129ce1a732bbef5928568b8092d412ef95611616376bbeed?s=96&d=mm&r=g","url":"https:\/\/secure.gravatar.com\/avatar\/d4fe7459cfc51ff5129ce1a732bbef5928568b8092d412ef95611616376bbeed?s=96&d=mm&r=g","contentUrl":"https:\/\/secure.gravatar.com\/avatar\/d4fe7459cfc51ff5129ce1a732bbef5928568b8092d412ef95611616376bbeed?s=96&d=mm&r=g","caption":"f1000024"},"url":"https:\/\/cvinoticias.com\/v3\/author\/f1000024\/"}]}},"_links":{"self":[{"href":"https:\/\/cvinoticias.com\/v3\/wp-json\/wp\/v2\/posts\/13298","targetHints":{"allow":["GET"]}}],"collection":[{"href":"https:\/\/cvinoticias.com\/v3\/wp-json\/wp\/v2\/posts"}],"about":[{"href":"https:\/\/cvinoticias.com\/v3\/wp-json\/wp\/v2\/types\/post"}],"author":[{"embeddable":true,"href":"https:\/\/cvinoticias.com\/v3\/wp-json\/wp\/v2\/users\/2"}],"replies":[{"embeddable":true,"href":"https:\/\/cvinoticias.com\/v3\/wp-json\/wp\/v2\/comments?post=13298"}],"version-history":[{"count":2,"href":"https:\/\/cvinoticias.com\/v3\/wp-json\/wp\/v2\/posts\/13298\/revisions"}],"predecessor-version":[{"id":13301,"href":"https:\/\/cvinoticias.com\/v3\/wp-json\/wp\/v2\/posts\/13298\/revisions\/13301"}],"wp:featuredmedia":[{"embeddable":true,"href":"https:\/\/cvinoticias.com\/v3\/wp-json\/wp\/v2\/media\/13299"}],"wp:attachment":[{"href":"https:\/\/cvinoticias.com\/v3\/wp-json\/wp\/v2\/media?parent=13298"}],"wp:term":[{"taxonomy":"category","embeddable":true,"href":"https:\/\/cvinoticias.com\/v3\/wp-json\/wp\/v2\/categories?post=13298"},{"taxonomy":"post_tag","embeddable":true,"href":"https:\/\/cvinoticias.com\/v3\/wp-json\/wp\/v2\/tags?post=13298"}],"curies":[{"name":"wp","href":"https:\/\/api.w.org\/{rel}","templated":true}]}}